{"id":118267,"date":"2025-06-24T15:21:46","date_gmt":"2025-06-24T20:21:46","guid":{"rendered":"https:\/\/www.ucatolica.edu.co\/portal\/?p=118267"},"modified":"2025-06-24T15:21:47","modified_gmt":"2025-06-24T20:21:47","slug":"orgullo-universitario-reconocimientos-culturales-que-nos-inspiran","status":"publish","type":"post","link":"https:\/\/www.ucatolica.edu.co\/portal\/orgullo-universitario-reconocimientos-culturales-que-nos-inspiran\/","title":{"rendered":"Orgullo Universitario: Reconocimientos culturales que nos inspiran"},"content":{"rendered":"\n<p>La Universidad Cat\u00f3lica de Colombia celebra con entusiasmo una serie de logros que reflejan el talento, la creatividad y el compromiso social de su comunidad universitaria.<\/p>\n\n\n\n<p>Desde noviembre de 2024, nuestra coordinadora cultural, Liliam Yaneth Santamar\u00eda Chavarro, fue nombrada oficialmente como <strong>consejera local en el \u00e1rea de m\u00fasica del Sistema Distrital de Arte, Cultura y Patrimonio<\/strong>, mediante la <strong>Resoluci\u00f3n No. 551 del 28 de julio de 2023<\/strong>. Este nombramiento reconoce su liderazgo y fortalece la participaci\u00f3n activa de la Universidad en los procesos culturales de la ciudad.<\/p>\n\n\n\n<p>Adem\u00e1s, estudiantes de nuestros grupos art\u00edsticos brillaron en el programa <strong>Barrios Vivos<\/strong>, una iniciativa de la <strong>Secretar\u00eda de Cultura, Recreaci\u00f3n y Deporte<\/strong> que promueve la transformaci\u00f3n social a trav\u00e9s del arte y la co-creaci\u00f3n comunitaria.<\/p>\n\n\n\n<p>En este espacio, <strong>la <em>Orquesta Sabor Latino<\/em> y el grupo de rock universitario<\/strong> fueron seleccionados por su destacada participaci\u00f3n musical, llevando el nombre de la Universidad a escenarios comunitarios donde el arte se convierte en motor de cambio.<\/p>\n\n\n\n<p>Como reconocimiento al trabajo constante con la comunidad, la <strong>Secretar\u00eda de Cultura<\/strong> otorg\u00f3 un <strong>reconocimiento especial a la Universidad Cat\u00f3lica de Colombia <\/strong>por su compromiso con la cultura ciudadana, la inclusi\u00f3n y el fortalecimiento del tejido social durante los \u00faltimos diez a\u00f1os.<\/p>\n\n\n\n<p>Estos logros reafirman nuestro compromiso con una educaci\u00f3n que trasciende las aulas, que conecta con la ciudad y que entiende el arte como una herramienta poderosa para la transformaci\u00f3n social.<\/p>\n","protected":false},"excerpt":{"rendered":"<p>La Universidad Cat\u00f3lica de Colombia celebra con entusiasmo una serie de logros que reflejan el talento, la creatividad y el compromiso social de su comunidad universitaria. Desde noviembre de 2024, nuestra coordinadora cultural, Liliam Yaneth Santamar\u00eda Chavarro, fue nombrada oficialmente como consejera local en el \u00e1rea de m\u00fasica del Sistema Distrital de Arte, Cultura y [&hellip;]<\/p>\n","protected":false},"author":64,"featured_media":118274,"comment_status":"open","ping_status":"open","sticky":false,"template":"","format":"standard","meta":{"_acf_changed":false,"advgb_blocks_editor_width":"","advgb_blocks_columns_visual_guide":"","footnotes":""},"categories":[93],"tags":[1696,113,763,265],"class_list":["post-118267","post","type-post","status-publish","format-standard","has-post-thumbnail","hentry","category-noticias-principales","tag-cultura-y-sociedad","tag-orgulloucatolica","tag-reconocimiento","tag-universidad-catolica-de-colombia"],"acf":[],"yoast_head":"<!-- This site is optimized with the Yoast SEO plugin v26.7 - https:\/\/yoast.com\/wordpress\/plugins\/seo\/ -->\n<title>Orgullo Universitario: Reconocimientos culturales que nos inspiran - Universidad Cat\u00f3lica De Colombia<\/title>\n<meta name=\"robots\" content=\"index, follow, max-snippet:-1, max-image-preview:large, max-video-preview:-1\" \/>\n<link rel=\"canonical\" href=\"https:\/\/www.ucatolica.edu.co\/portal\/orgullo-universitario-reconocimientos-culturales-que-nos-inspiran\/\" \/>\n<meta property=\"og:locale\" content=\"es_ES\" \/>\n<meta property=\"og:type\" content=\"article\" \/>\n<meta property=\"og:title\" content=\"Orgullo Universitario: Reconocimientos culturales que nos inspiran - Universidad Cat\u00f3lica De Colombia\" \/>\n<meta property=\"og:description\" content=\"La Universidad Cat\u00f3lica de Colombia celebra con entusiasmo una serie de logros que reflejan el talento, la creatividad y el compromiso social de su comunidad universitaria. Desde noviembre de 2024, nuestra coordinadora cultural, Liliam Yaneth Santamar\u00eda Chavarro, fue nombrada oficialmente como consejera local en el \u00e1rea de m\u00fasica del Sistema Distrital de Arte, Cultura y [&hellip;]\" \/>\n<meta property=\"og:url\" content=\"https:\/\/www.ucatolica.edu.co\/portal\/orgullo-universitario-reconocimientos-culturales-que-nos-inspiran\/\" \/>\n<meta property=\"og:site_name\" content=\"Universidad Cat\u00f3lica De Colombia\" \/>\n<meta property=\"article:publisher\" content=\"https:\/\/www.facebook.com\/ucatolicacolombia\" \/>\n<meta property=\"article:published_time\" content=\"2025-06-24T20:21:46+00:00\" \/>\n<meta property=\"article:modified_time\" content=\"2025-06-24T20:21:47+00:00\" \/>\n<meta property=\"og:image\" content=\"https:\/\/www.ucatolica.edu.co\/portal\/wp-content\/uploads\/2025\/06\/Noticia_1.jpg\" \/>\n\t<meta property=\"og:image:width\" content=\"870\" \/>\n\t<meta property=\"og:image:height\" content=\"522\" \/>\n\t<meta property=\"og:image:type\" content=\"image\/jpeg\" \/>\n<meta name=\"author\" content=\"Daniela Junco\" \/>\n<meta name=\"twitter:card\" content=\"summary_large_image\" \/>\n<meta name=\"twitter:creator\" content=\"@UCatolicaCol\" \/>\n<meta name=\"twitter:site\" content=\"@UCatolicaCol\" \/>\n<meta name=\"twitter:label1\" content=\"Escrito por\" \/>\n\t<meta name=\"twitter:data1\" content=\"Daniela Junco\" \/>\n\t<meta name=\"twitter:label2\" content=\"Tiempo de lectura\" \/>\n\t<meta name=\"twitter:data2\" content=\"1 minuto\" \/>\n<script type=\"application\/ld+json\" class=\"yoast-schema-graph\">{\"@context\":\"https:\/\/schema.org\",\"@graph\":[{\"@type\":\"Article\",\"@id\":\"https:\/\/www.ucatolica.edu.co\/portal\/orgullo-universitario-reconocimientos-culturales-que-nos-inspiran\/#article\",\"isPartOf\":{\"@id\":\"https:\/\/www.ucatolica.edu.co\/portal\/orgullo-universitario-reconocimientos-culturales-que-nos-inspiran\/\"},\"author\":{\"name\":\"Daniela Junco\",\"@id\":\"https:\/\/www.ucatolica.edu.co\/portal\/#\/schema\/person\/46b982b9085fee761b48b0bd54f8b9f8\"},\"headline\":\"Orgullo Universitario: Reconocimientos culturales que nos inspiran\",\"datePublished\":\"2025-06-24T20:21:46+00:00\",\"dateModified\":\"2025-06-24T20:21:47+00:00\",\"mainEntityOfPage\":{\"@id\":\"https:\/\/www.ucatolica.edu.co\/portal\/orgullo-universitario-reconocimientos-culturales-que-nos-inspiran\/\"},\"wordCount\":254,\"commentCount\":0,\"publisher\":{\"@id\":\"https:\/\/www.ucatolica.edu.co\/portal\/#organization\"},\"image\":{\"@id\":\"https:\/\/www.ucatolica.edu.co\/portal\/orgullo-universitario-reconocimientos-culturales-que-nos-inspiran\/#primaryimage\"},\"thumbnailUrl\":\"https:\/\/www.ucatolica.edu.co\/portal\/wp-content\/uploads\/2025\/06\/Noticia_1.jpg\",\"keywords\":[\"Cultura y sociedad\",\"OrgulloUcat\u00f3lica\",\"Reconocimiento\",\"Universidad Cat\u00f3lica de Colombia\"],\"articleSection\":[\"Noticias Principales\"],\"inLanguage\":\"es-CO\"},{\"@type\":\"WebPage\",\"@id\":\"https:\/\/www.ucatolica.edu.co\/portal\/orgullo-universitario-reconocimientos-culturales-que-nos-inspiran\/\",\"url\":\"https:\/\/www.ucatolica.edu.co\/portal\/orgullo-universitario-reconocimientos-culturales-que-nos-inspiran\/\",\"name\":\"Orgullo Universitario: Reconocimientos culturales que nos inspiran - Universidad Cat\u00f3lica De Colombia\",\"isPartOf\":{\"@id\":\"https:\/\/www.ucatolica.edu.co\/portal\/#website\"},\"primaryImageOfPage\":{\"@id\":\"https:\/\/www.ucatolica.edu.co\/portal\/orgullo-universitario-reconocimientos-culturales-que-nos-inspiran\/#primaryimage\"},\"image\":{\"@id\":\"https:\/\/www.ucatolica.edu.co\/portal\/orgullo-universitario-reconocimientos-culturales-que-nos-inspiran\/#primaryimage\"},\"thumbnailUrl\":\"https:\/\/www.ucatolica.edu.co\/portal\/wp-content\/uploads\/2025\/06\/Noticia_1.jpg\",\"datePublished\":\"2025-06-24T20:21:46+00:00\",\"dateModified\":\"2025-06-24T20:21:47+00:00\",\"breadcrumb\":{\"@id\":\"https:\/\/www.ucatolica.edu.co\/portal\/orgullo-universitario-reconocimientos-culturales-que-nos-inspiran\/#breadcrumb\"},\"inLanguage\":\"es-CO\",\"potentialAction\":[{\"@type\":\"ReadAction\",\"target\":[\"https:\/\/www.ucatolica.edu.co\/portal\/orgullo-universitario-reconocimientos-culturales-que-nos-inspiran\/\"]}]},{\"@type\":\"ImageObject\",\"inLanguage\":\"es-CO\",\"@id\":\"https:\/\/www.ucatolica.edu.co\/portal\/orgullo-universitario-reconocimientos-culturales-que-nos-inspiran\/#primaryimage\",\"url\":\"https:\/\/www.ucatolica.edu.co\/portal\/wp-content\/uploads\/2025\/06\/Noticia_1.jpg\",\"contentUrl\":\"https:\/\/www.ucatolica.edu.co\/portal\/wp-content\/uploads\/2025\/06\/Noticia_1.jpg\",\"width\":870,\"height\":522},{\"@type\":\"BreadcrumbList\",\"@id\":\"https:\/\/www.ucatolica.edu.co\/portal\/orgullo-universitario-reconocimientos-culturales-que-nos-inspiran\/#breadcrumb\",\"itemListElement\":[{\"@type\":\"ListItem\",\"position\":1,\"name\":\"Inicio\",\"item\":\"https:\/\/www.ucatolica.edu.co\/portal\/\"},{\"@type\":\"ListItem\",\"position\":2,\"name\":\"Orgullo Universitario: Reconocimientos culturales que nos inspiran\"}]},{\"@type\":\"WebSite\",\"@id\":\"https:\/\/www.ucatolica.edu.co\/portal\/#website\",\"url\":\"https:\/\/www.ucatolica.edu.co\/portal\/\",\"name\":\"Universidad Cat\u00f3lica De Colombia\",\"description\":\"Universidad Cat\u00f3lica De Colombia\",\"publisher\":{\"@id\":\"https:\/\/www.ucatolica.edu.co\/portal\/#organization\"},\"potentialAction\":[{\"@type\":\"SearchAction\",\"target\":{\"@type\":\"EntryPoint\",\"urlTemplate\":\"https:\/\/www.ucatolica.edu.co\/portal\/?s={search_term_string}\"},\"query-input\":{\"@type\":\"PropertyValueSpecification\",\"valueRequired\":true,\"valueName\":\"search_term_string\"}}],\"inLanguage\":\"es-CO\"},{\"@type\":\"Organization\",\"@id\":\"https:\/\/www.ucatolica.edu.co\/portal\/#organization\",\"name\":\"Universidad Cat\u00f3lica de Colombia\",\"url\":\"https:\/\/www.ucatolica.edu.co\/portal\/\",\"logo\":{\"@type\":\"ImageObject\",\"inLanguage\":\"es-CO\",\"@id\":\"https:\/\/www.ucatolica.edu.co\/portal\/#\/schema\/logo\/image\/\",\"url\":\"https:\/\/www.ucatolica.edu.co\/portal\/wp-content\/uploads\/2021\/06\/logo-header-ho-1.svg\",\"contentUrl\":\"https:\/\/www.ucatolica.edu.co\/portal\/wp-content\/uploads\/2021\/06\/logo-header-ho-1.svg\",\"width\":1,\"height\":1,\"caption\":\"Universidad Cat\u00f3lica de Colombia\"},\"image\":{\"@id\":\"https:\/\/www.ucatolica.edu.co\/portal\/#\/schema\/logo\/image\/\"},\"sameAs\":[\"https:\/\/www.facebook.com\/ucatolicacolombia\",\"https:\/\/x.com\/UCatolicaCol\",\"https:\/\/www.instagram.com\/universidadcatolicadecolombia\/\",\"https:\/\/www.linkedin.com\/company\/universidadcatolicadecolombia\/\",\"https:\/\/www.youtube.com\/user\/UCatolicaCo\"]},{\"@type\":\"Person\",\"@id\":\"https:\/\/www.ucatolica.edu.co\/portal\/#\/schema\/person\/46b982b9085fee761b48b0bd54f8b9f8\",\"name\":\"Daniela Junco\",\"url\":\"https:\/\/www.ucatolica.edu.co\/portal\/author\/daniela\/\"}]}<\/script>\n<!-- \/ Yoast SEO plugin. -->","yoast_head_json":{"title":"Orgullo Universitario: Reconocimientos culturales que nos inspiran - Universidad Cat\u00f3lica De Colombia","robots":{"index":"index","follow":"follow","max-snippet":"max-snippet:-1","max-image-preview":"max-image-preview:large","max-video-preview":"max-video-preview:-1"},"canonical":"https:\/\/www.ucatolica.edu.co\/portal\/orgullo-universitario-reconocimientos-culturales-que-nos-inspiran\/","og_locale":"es_ES","og_type":"article","og_title":"Orgullo Universitario: Reconocimientos culturales que nos inspiran - Universidad Cat\u00f3lica De Colombia","og_description":"La Universidad Cat\u00f3lica de Colombia celebra con entusiasmo una serie de logros que reflejan el talento, la creatividad y el compromiso social de su comunidad universitaria. Desde noviembre de 2024, nuestra coordinadora cultural, Liliam Yaneth Santamar\u00eda Chavarro, fue nombrada oficialmente como consejera local en el \u00e1rea de m\u00fasica del Sistema Distrital de Arte, Cultura y [&hellip;]","og_url":"https:\/\/www.ucatolica.edu.co\/portal\/orgullo-universitario-reconocimientos-culturales-que-nos-inspiran\/","og_site_name":"Universidad Cat\u00f3lica De Colombia","article_publisher":"https:\/\/www.facebook.com\/ucatolicacolombia","article_published_time":"2025-06-24T20:21:46+00:00","article_modified_time":"2025-06-24T20:21:47+00:00","og_image":[{"width":870,"height":522,"url":"https:\/\/www.ucatolica.edu.co\/portal\/wp-content\/uploads\/2025\/06\/Noticia_1.jpg","type":"image\/jpeg"}],"author":"Daniela Junco","twitter_card":"summary_large_image","twitter_creator":"@UCatolicaCol","twitter_site":"@UCatolicaCol","twitter_misc":{"Escrito por":"Daniela Junco","Tiempo de lectura":"1 minuto"},"schema":{"@context":"https:\/\/schema.org","@graph":[{"@type":"Article","@id":"https:\/\/www.ucatolica.edu.co\/portal\/orgullo-universitario-reconocimientos-culturales-que-nos-inspiran\/#article","isPartOf":{"@id":"https:\/\/www.ucatolica.edu.co\/portal\/orgullo-universitario-reconocimientos-culturales-que-nos-inspiran\/"},"author":{"name":"Daniela Junco","@id":"https:\/\/www.ucatolica.edu.co\/portal\/#\/schema\/person\/46b982b9085fee761b48b0bd54f8b9f8"},"headline":"Orgullo Universitario: Reconocimientos culturales que nos inspiran","datePublished":"2025-06-24T20:21:46+00:00","dateModified":"2025-06-24T20:21:47+00:00","mainEntityOfPage":{"@id":"https:\/\/www.ucatolica.edu.co\/portal\/orgullo-universitario-reconocimientos-culturales-que-nos-inspiran\/"},"wordCount":254,"commentCount":0,"publisher":{"@id":"https:\/\/www.ucatolica.edu.co\/portal\/#organization"},"image":{"@id":"https:\/\/www.ucatolica.edu.co\/portal\/orgullo-universitario-reconocimientos-culturales-que-nos-inspiran\/#primaryimage"},"thumbnailUrl":"https:\/\/www.ucatolica.edu.co\/portal\/wp-content\/uploads\/2025\/06\/Noticia_1.jpg","keywords":["Cultura y sociedad","OrgulloUcat\u00f3lica","Reconocimiento","Universidad Cat\u00f3lica de Colombia"],"articleSection":["Noticias Principales"],"inLanguage":"es-CO"},{"@type":"WebPage","@id":"https:\/\/www.ucatolica.edu.co\/portal\/orgullo-universitario-reconocimientos-culturales-que-nos-inspiran\/","url":"https:\/\/www.ucatolica.edu.co\/portal\/orgullo-universitario-reconocimientos-culturales-que-nos-inspiran\/","name":"Orgullo Universitario: Reconocimientos culturales que nos inspiran - Universidad Cat\u00f3lica De Colombia","isPartOf":{"@id":"https:\/\/www.ucatolica.edu.co\/portal\/#website"},"primaryImageOfPage":{"@id":"https:\/\/www.ucatolica.edu.co\/portal\/orgullo-universitario-reconocimientos-culturales-que-nos-inspiran\/#primaryimage"},"image":{"@id":"https:\/\/www.ucatolica.edu.co\/portal\/orgullo-universitario-reconocimientos-culturales-que-nos-inspiran\/#primaryimage"},"thumbnailUrl":"https:\/\/www.ucatolica.edu.co\/portal\/wp-content\/uploads\/2025\/06\/Noticia_1.jpg","datePublished":"2025-06-24T20:21:46+00:00","dateModified":"2025-06-24T20:21:47+00:00","breadcrumb":{"@id":"https:\/\/www.ucatolica.edu.co\/portal\/orgullo-universitario-reconocimientos-culturales-que-nos-inspiran\/#breadcrumb"},"inLanguage":"es-CO","potentialAction":[{"@type":"ReadAction","target":["https:\/\/www.ucatolica.edu.co\/portal\/orgullo-universitario-reconocimientos-culturales-que-nos-inspiran\/"]}]},{"@type":"ImageObject","inLanguage":"es-CO","@id":"https:\/\/www.ucatolica.edu.co\/portal\/orgullo-universitario-reconocimientos-culturales-que-nos-inspiran\/#primaryimage","url":"https:\/\/www.ucatolica.edu.co\/portal\/wp-content\/uploads\/2025\/06\/Noticia_1.jpg","contentUrl":"https:\/\/www.ucatolica.edu.co\/portal\/wp-content\/uploads\/2025\/06\/Noticia_1.jpg","width":870,"height":522},{"@type":"BreadcrumbList","@id":"https:\/\/www.ucatolica.edu.co\/portal\/orgullo-universitario-reconocimientos-culturales-que-nos-inspiran\/#breadcrumb","itemListElement":[{"@type":"ListItem","position":1,"name":"Inicio","item":"https:\/\/www.ucatolica.edu.co\/portal\/"},{"@type":"ListItem","position":2,"name":"Orgullo Universitario: Reconocimientos culturales que nos inspiran"}]},{"@type":"WebSite","@id":"https:\/\/www.ucatolica.edu.co\/portal\/#website","url":"https:\/\/www.ucatolica.edu.co\/portal\/","name":"Universidad Cat\u00f3lica De Colombia","description":"Universidad Cat\u00f3lica De Colombia","publisher":{"@id":"https:\/\/www.ucatolica.edu.co\/portal\/#organization"},"potentialAction":[{"@type":"SearchAction","target":{"@type":"EntryPoint","urlTemplate":"https:\/\/www.ucatolica.edu.co\/portal\/?s={search_term_string}"},"query-input":{"@type":"PropertyValueSpecification","valueRequired":true,"valueName":"search_term_string"}}],"inLanguage":"es-CO"},{"@type":"Organization","@id":"https:\/\/www.ucatolica.edu.co\/portal\/#organization","name":"Universidad Cat\u00f3lica de Colombia","url":"https:\/\/www.ucatolica.edu.co\/portal\/","logo":{"@type":"ImageObject","inLanguage":"es-CO","@id":"https:\/\/www.ucatolica.edu.co\/portal\/#\/schema\/logo\/image\/","url":"https:\/\/www.ucatolica.edu.co\/portal\/wp-content\/uploads\/2021\/06\/logo-header-ho-1.svg","contentUrl":"https:\/\/www.ucatolica.edu.co\/portal\/wp-content\/uploads\/2021\/06\/logo-header-ho-1.svg","width":1,"height":1,"caption":"Universidad Cat\u00f3lica de Colombia"},"image":{"@id":"https:\/\/www.ucatolica.edu.co\/portal\/#\/schema\/logo\/image\/"},"sameAs":["https:\/\/www.facebook.com\/ucatolicacolombia","https:\/\/x.com\/UCatolicaCol","https:\/\/www.instagram.com\/universidadcatolicadecolombia\/","https:\/\/www.linkedin.com\/company\/universidadcatolicadecolombia\/","https:\/\/www.youtube.com\/user\/UCatolicaCo"]},{"@type":"Person","@id":"https:\/\/www.ucatolica.edu.co\/portal\/#\/schema\/person\/46b982b9085fee761b48b0bd54f8b9f8","name":"Daniela Junco","url":"https:\/\/www.ucatolica.edu.co\/portal\/author\/daniela\/"}]}},"author_meta":{"display_name":"Daniela Junco","author_link":"https:\/\/www.ucatolica.edu.co\/portal\/author\/daniela\/"},"featured_img":"https:\/\/www.ucatolica.edu.co\/portal\/wp-content\/uploads\/2025\/06\/Noticia_1.jpg","coauthors":[],"tax_additional":{"categories":{"linked":["<a href=\"https:\/\/www.ucatolica.edu.co\/portal\/category\/noticias-principales\/\" class=\"advgb-post-tax-term\">Noticias Principales<\/a>"],"unlinked":["<span class=\"advgb-post-tax-term\">Noticias Principales<\/span>"]},"tags":{"linked":["<a href=\"https:\/\/www.ucatolica.edu.co\/portal\/category\/noticias-principales\/\" class=\"advgb-post-tax-term\">Cultura y sociedad<\/a>","<a href=\"https:\/\/www.ucatolica.edu.co\/portal\/category\/noticias-principales\/\" class=\"advgb-post-tax-term\">OrgulloUcat\u00f3lica<\/a>","<a href=\"https:\/\/www.ucatolica.edu.co\/portal\/category\/noticias-principales\/\" class=\"advgb-post-tax-term\">Reconocimiento<\/a>","<a href=\"https:\/\/www.ucatolica.edu.co\/portal\/category\/noticias-principales\/\" class=\"advgb-post-tax-term\">Universidad Cat\u00f3lica de Colombia<\/a>"],"unlinked":["<span class=\"advgb-post-tax-term\">Cultura y sociedad<\/span>","<span class=\"advgb-post-tax-term\">OrgulloUcat\u00f3lica<\/span>","<span class=\"advgb-post-tax-term\">Reconocimiento<\/span>","<span class=\"advgb-post-tax-term\">Universidad Cat\u00f3lica de Colombia<\/span>"]}},"comment_count":"0","relative_dates":{"created":"Posted 10 meses ago","modified":"Updated 10 meses ago"},"absolute_dates":{"created":"Posted on 24 junio, 2025","modified":"Updated on 24 junio, 2025"},"absolute_dates_time":{"created":"Posted on 24 junio, 2025 3:21 pm","modified":"Updated on 24 junio, 2025 3:21 pm"},"featured_img_caption":"","series_order":"","_links":{"self":[{"href":"https:\/\/www.ucatolica.edu.co\/portal\/wp-json\/wp\/v2\/posts\/118267","targetHints":{"allow":["GET"]}}],"collection":[{"href":"https:\/\/www.ucatolica.edu.co\/portal\/wp-json\/wp\/v2\/posts"}],"about":[{"href":"https:\/\/www.ucatolica.edu.co\/portal\/wp-json\/wp\/v2\/types\/post"}],"author":[{"embeddable":true,"href":"https:\/\/www.ucatolica.edu.co\/portal\/wp-json\/wp\/v2\/users\/64"}],"replies":[{"embeddable":true,"href":"https:\/\/www.ucatolica.edu.co\/portal\/wp-json\/wp\/v2\/comments?post=118267"}],"version-history":[{"count":1,"href":"https:\/\/www.ucatolica.edu.co\/portal\/wp-json\/wp\/v2\/posts\/118267\/revisions"}],"predecessor-version":[{"id":118268,"href":"https:\/\/www.ucatolica.edu.co\/portal\/wp-json\/wp\/v2\/posts\/118267\/revisions\/118268"}],"wp:featuredmedia":[{"embeddable":true,"href":"https:\/\/www.ucatolica.edu.co\/portal\/wp-json\/wp\/v2\/media\/118274"}],"wp:attachment":[{"href":"https:\/\/www.ucatolica.edu.co\/portal\/wp-json\/wp\/v2\/media?parent=118267"}],"wp:term":[{"taxonomy":"category","embeddable":true,"href":"https:\/\/www.ucatolica.edu.co\/portal\/wp-json\/wp\/v2\/categories?post=118267"},{"taxonomy":"post_tag","embeddable":true,"href":"https:\/\/www.ucatolica.edu.co\/portal\/wp-json\/wp\/v2\/tags?post=118267"}],"curies":[{"name":"wp","href":"https:\/\/api.w.org\/{rel}","templated":true}]}}