{"id":118341,"date":"2025-06-27T09:43:54","date_gmt":"2025-06-27T14:43:54","guid":{"rendered":"https:\/\/www.ucatolica.edu.co\/portal\/?p=118341"},"modified":"2025-06-27T09:43:55","modified_gmt":"2025-06-27T14:43:55","slug":"la-universidad-catolica-de-colombia-recibe-reconocimiento-internacional-por-su-gestion-en-responsabilidad-social-universitaria","status":"publish","type":"post","link":"https:\/\/www.ucatolica.edu.co\/portal\/la-universidad-catolica-de-colombia-recibe-reconocimiento-internacional-por-su-gestion-en-responsabilidad-social-universitaria\/","title":{"rendered":"La Universidad Cat\u00f3lica de Colombia recibe reconocimiento internacional por su gesti\u00f3n en responsabilidad social universitaria"},"content":{"rendered":"\n<p>La Universidad Cat\u00f3lica de Colombia ha sido reconocida internacionalmente por su destacada gesti\u00f3n en responsabilidad social universitaria, tras la evaluaci\u00f3n realizada bajo el <strong>Marco Newman<\/strong>, liderado por la <strong>Federaci\u00f3n Internacional de Universidades Cat\u00f3licas (FIUC)<\/strong>.<\/p>\n\n\n\n<p>En esta medici\u00f3n, la Universidad obtuvo una calificaci\u00f3n general del <strong>64%<\/strong>, lo que clasifica su gesti\u00f3n en responsabilidad social como <strong>buena<\/strong>, posicion\u00e1ndola entre las instituciones l\u00edderes en este \u00e1mbito a nivel nacional y regional. Este reconocimiento resalta el compromiso de la instituci\u00f3n con los valores humanistas y su impacto positivo en la sociedad, el medio ambiente y la formaci\u00f3n integral de sus estudiantes.<\/p>\n\n\n\n<p>Al respecto, el <strong>Dr. Francisco G\u00f3mez Ortiz<\/strong>, rector de la Universidad, destac\u00f3:<\/p>\n\n\n\n<p><em>\u201cEste reconocimiento internacional es el resultado del trabajo comprometido de toda nuestra comunidad universitaria. La evaluaci\u00f3n del Marco Newman valida que nuestros esfuerzos por formar ciudadanos responsables y comprometidos con el bien com\u00fan est\u00e1n dando frutos. Nos motiva a seguir promoviendo la excelencia y la responsabilidad social en cada una de nuestras acciones\u201d.<\/em><\/p>\n\n\n\n<p><strong>Principales resultados de la evaluaci\u00f3n<\/strong><\/p>\n\n\n\n<p>Los resultados reflejan una s\u00f3lida coherencia entre el proyecto educativo de la Universidad y su identidad institucional, evidenciando avances significativos en los siguientes aspectos:<\/p>\n\n\n\n<ul class=\"wp-block-list\">\n<li><strong>Identidad cat\u00f3lica:<\/strong> \u00c1rea con mayor desempe\u00f1o, alcanzando un sobresaliente <strong>86,2%<\/strong> en la construcci\u00f3n de la dimensi\u00f3n espiritual de los estudiantes, especialmente a trav\u00e9s de actividades no sacramentales.<\/li>\n\n\n\n<li><strong>Pr\u00e1cticas sociales:<\/strong> Se destaca el esfuerzo por garantizar el acceso a la educaci\u00f3n superior para estudiantes de bajos recursos, logrando un <strong>86%<\/strong> en apoyos econ\u00f3micos y un <strong>99,7%<\/strong> en la promoci\u00f3n del acceso abierto a los datos de investigaci\u00f3n.<\/li>\n\n\n\n<li><strong>Impacto social:<\/strong> Los mayores resultados se reflejan en el apoyo a estudiantes en situaci\u00f3n de vulnerabilidad (<strong>99,5%<\/strong>) y en las acciones de sensibilizaci\u00f3n de la comunidad sobre temas medioambientales (<strong>99%<\/strong>).<\/li>\n\n\n\n<li><strong>Gobernanza institucional:<\/strong> La Universidad obtuvo una calificaci\u00f3n de <strong>70,6%<\/strong>, destac\u00e1ndose por su transparencia y gesti\u00f3n responsable.<\/li>\n\n\n\n<li><strong>Respeto al medio ambiente:<\/strong> Se han implementado medidas para garantizar la sostenibilidad ambiental, contribuyendo activamente al bienestar social y ecol\u00f3gico.<\/li>\n<\/ul>\n\n\n\n<p><strong>Un reconocimiento que impulsa nuevas metas<\/strong><\/p>\n\n\n\n<p><strong>Tania Charris Quiroz<\/strong>, directora de Extensi\u00f3n de la Universidad, afirm\u00f3:<\/p>\n\n\n\n<p><em>\u201cEste resultado es un reflejo del compromiso de la Universidad Cat\u00f3lica de Colombia con la sociedad, mediante la articulaci\u00f3n de la docencia, la investigaci\u00f3n y la extensi\u00f3n. Desde la Direcci\u00f3n de Extensi\u00f3n, celebramos que la evaluaci\u00f3n internacional reconozca la pertinencia y el impacto de nuestras acciones en el entorno, fortaleciendo la relaci\u00f3n con los estudiantes y egresados, el sector productivo y el territorio\u201d.<\/em><\/p>\n\n\n\n<p>Es importante destacar que la Universidad recibi\u00f3 <strong>sellos de calidad en todas las \u00e1reas evaluadas<\/strong>, lo que refuerza su reputaci\u00f3n institucional y la posiciona como referente en responsabilidad social universitaria. Seg\u00fan el Marco Newman, la mayor\u00eda de los criterios evaluados se ubican cerca del <strong>70%<\/strong>, un resultado considerado alto y poco frecuente a nivel internacional, dada la rigurosidad del proceso y el n\u00famero de pol\u00edticas responsables implementadas.<\/p>\n\n\n\n<p>En este sentido, esta evaluaci\u00f3n permite a la Universidad compararse con las mejores universidades cat\u00f3licas del mundo y reafirma su compromiso con los <strong>Objetivos de Desarrollo Sostenible (ODS)<\/strong>. Sobre esto, <strong>Patricia Serrano Esguerra<\/strong>, directora de Relaciones Internacionales, se\u00f1al\u00f3:<\/p>\n\n\n\n<p><em>\u201cEsta medici\u00f3n fortalece nuestra reputaci\u00f3n y nos impulsa a seguir construyendo alianzas estrat\u00e9gicas que generen un mayor impacto social y ambiental\u201d.<\/em><\/p>\n\n\n\n<p><strong>\u00a1Este reconocimiento nos inspira a seguir aportando a la transformaci\u00f3n social, ambiental y educativa de nuestro pa\u00eds!<\/strong><\/p>\n","protected":false},"excerpt":{"rendered":"<p>La Universidad Cat\u00f3lica de Colombia ha sido reconocida internacionalmente por su destacada gesti\u00f3n en responsabilidad social universitaria, tras la evaluaci\u00f3n realizada bajo el Marco Newman, liderado por la Federaci\u00f3n Internacional de Universidades Cat\u00f3licas (FIUC). En esta medici\u00f3n, la Universidad obtuvo una calificaci\u00f3n general del 64%, lo que clasifica su gesti\u00f3n en responsabilidad social como buena, [&hellip;]<\/p>\n","protected":false},"author":64,"featured_media":118342,"comment_status":"open","ping_status":"open","sticky":false,"template":"","format":"standard","meta":{"_acf_changed":false,"advgb_blocks_editor_width":"","advgb_blocks_columns_visual_guide":"","footnotes":""},"categories":[93],"tags":[1134,3114,763,2727,265],"class_list":["post-118341","post","type-post","status-publish","format-standard","has-post-thumbnail","hentry","category-noticias-principales","tag-bienestar","tag-impacto-social-y-ambiental","tag-reconocimiento","tag-responsabiliad-social","tag-universidad-catolica-de-colombia"],"acf":[],"yoast_head":"<!-- This site is optimized with the Yoast SEO plugin v26.7 - https:\/\/yoast.com\/wordpress\/plugins\/seo\/ -->\n<title>La Universidad Cat\u00f3lica de Colombia recibe reconocimiento internacional por su gesti\u00f3n en responsabilidad social universitaria - Universidad Cat\u00f3lica De Colombia<\/title>\n<meta name=\"robots\" content=\"index, follow, max-snippet:-1, max-image-preview:large, max-video-preview:-1\" \/>\n<link rel=\"canonical\" href=\"https:\/\/www.ucatolica.edu.co\/portal\/la-universidad-catolica-de-colombia-recibe-reconocimiento-internacional-por-su-gestion-en-responsabilidad-social-universitaria\/\" \/>\n<meta property=\"og:locale\" content=\"es_ES\" \/>\n<meta property=\"og:type\" content=\"article\" \/>\n<meta property=\"og:title\" content=\"La Universidad Cat\u00f3lica de Colombia recibe reconocimiento internacional por su gesti\u00f3n en responsabilidad social universitaria - Universidad Cat\u00f3lica De Colombia\" \/>\n<meta property=\"og:description\" content=\"La Universidad Cat\u00f3lica de Colombia ha sido reconocida internacionalmente por su destacada gesti\u00f3n en responsabilidad social universitaria, tras la evaluaci\u00f3n realizada bajo el Marco Newman, liderado por la Federaci\u00f3n Internacional de Universidades Cat\u00f3licas (FIUC). En esta medici\u00f3n, la Universidad obtuvo una calificaci\u00f3n general del 64%, lo que clasifica su gesti\u00f3n en responsabilidad social como buena, [&hellip;]\" \/>\n<meta property=\"og:url\" content=\"https:\/\/www.ucatolica.edu.co\/portal\/la-universidad-catolica-de-colombia-recibe-reconocimiento-internacional-por-su-gestion-en-responsabilidad-social-universitaria\/\" \/>\n<meta property=\"og:site_name\" content=\"Universidad Cat\u00f3lica De Colombia\" \/>\n<meta property=\"article:publisher\" content=\"https:\/\/www.facebook.com\/ucatolicacolombia\" \/>\n<meta property=\"article:published_time\" content=\"2025-06-27T14:43:54+00:00\" \/>\n<meta property=\"article:modified_time\" content=\"2025-06-27T14:43:55+00:00\" \/>\n<meta property=\"og:image\" content=\"https:\/\/www.ucatolica.edu.co\/portal\/wp-content\/uploads\/2025\/06\/Noticia-5.02.18-p.m.jpg\" \/>\n\t<meta property=\"og:image:width\" content=\"870\" \/>\n\t<meta property=\"og:image:height\" content=\"522\" \/>\n\t<meta property=\"og:image:type\" content=\"image\/jpeg\" \/>\n<meta name=\"author\" content=\"Daniela Junco\" \/>\n<meta name=\"twitter:card\" content=\"summary_large_image\" \/>\n<meta name=\"twitter:creator\" content=\"@UCatolicaCol\" \/>\n<meta name=\"twitter:site\" content=\"@UCatolicaCol\" \/>\n<meta name=\"twitter:label1\" content=\"Escrito por\" \/>\n\t<meta name=\"twitter:data1\" content=\"Daniela Junco\" \/>\n\t<meta name=\"twitter:label2\" content=\"Tiempo de lectura\" \/>\n\t<meta name=\"twitter:data2\" content=\"3 minutos\" \/>\n<script type=\"application\/ld+json\" class=\"yoast-schema-graph\">{\"@context\":\"https:\/\/schema.org\",\"@graph\":[{\"@type\":\"Article\",\"@id\":\"https:\/\/www.ucatolica.edu.co\/portal\/la-universidad-catolica-de-colombia-recibe-reconocimiento-internacional-por-su-gestion-en-responsabilidad-social-universitaria\/#article\",\"isPartOf\":{\"@id\":\"https:\/\/www.ucatolica.edu.co\/portal\/la-universidad-catolica-de-colombia-recibe-reconocimiento-internacional-por-su-gestion-en-responsabilidad-social-universitaria\/\"},\"author\":{\"name\":\"Daniela Junco\",\"@id\":\"https:\/\/www.ucatolica.edu.co\/portal\/#\/schema\/person\/46b982b9085fee761b48b0bd54f8b9f8\"},\"headline\":\"La Universidad Cat\u00f3lica de Colombia recibe reconocimiento internacional por su gesti\u00f3n en responsabilidad social universitaria\",\"datePublished\":\"2025-06-27T14:43:54+00:00\",\"dateModified\":\"2025-06-27T14:43:55+00:00\",\"mainEntityOfPage\":{\"@id\":\"https:\/\/www.ucatolica.edu.co\/portal\/la-universidad-catolica-de-colombia-recibe-reconocimiento-internacional-por-su-gestion-en-responsabilidad-social-universitaria\/\"},\"wordCount\":610,\"commentCount\":0,\"publisher\":{\"@id\":\"https:\/\/www.ucatolica.edu.co\/portal\/#organization\"},\"image\":{\"@id\":\"https:\/\/www.ucatolica.edu.co\/portal\/la-universidad-catolica-de-colombia-recibe-reconocimiento-internacional-por-su-gestion-en-responsabilidad-social-universitaria\/#primaryimage\"},\"thumbnailUrl\":\"https:\/\/www.ucatolica.edu.co\/portal\/wp-content\/uploads\/2025\/06\/Noticia-5.02.18-p.m.jpg\",\"keywords\":[\"Bienestar\",\"Impacto social y ambiental\",\"Reconocimiento\",\"Responsabiliad Social\",\"Universidad Cat\u00f3lica de Colombia\"],\"articleSection\":[\"Noticias Principales\"],\"inLanguage\":\"es-CO\"},{\"@type\":\"WebPage\",\"@id\":\"https:\/\/www.ucatolica.edu.co\/portal\/la-universidad-catolica-de-colombia-recibe-reconocimiento-internacional-por-su-gestion-en-responsabilidad-social-universitaria\/\",\"url\":\"https:\/\/www.ucatolica.edu.co\/portal\/la-universidad-catolica-de-colombia-recibe-reconocimiento-internacional-por-su-gestion-en-responsabilidad-social-universitaria\/\",\"name\":\"La Universidad Cat\u00f3lica de Colombia recibe reconocimiento internacional por su gesti\u00f3n en responsabilidad social universitaria - Universidad Cat\u00f3lica De Colombia\",\"isPartOf\":{\"@id\":\"https:\/\/www.ucatolica.edu.co\/portal\/#website\"},\"primaryImageOfPage\":{\"@id\":\"https:\/\/www.ucatolica.edu.co\/portal\/la-universidad-catolica-de-colombia-recibe-reconocimiento-internacional-por-su-gestion-en-responsabilidad-social-universitaria\/#primaryimage\"},\"image\":{\"@id\":\"https:\/\/www.ucatolica.edu.co\/portal\/la-universidad-catolica-de-colombia-recibe-reconocimiento-internacional-por-su-gestion-en-responsabilidad-social-universitaria\/#primaryimage\"},\"thumbnailUrl\":\"https:\/\/www.ucatolica.edu.co\/portal\/wp-content\/uploads\/2025\/06\/Noticia-5.02.18-p.m.jpg\",\"datePublished\":\"2025-06-27T14:43:54+00:00\",\"dateModified\":\"2025-06-27T14:43:55+00:00\",\"breadcrumb\":{\"@id\":\"https:\/\/www.ucatolica.edu.co\/portal\/la-universidad-catolica-de-colombia-recibe-reconocimiento-internacional-por-su-gestion-en-responsabilidad-social-universitaria\/#breadcrumb\"},\"inLanguage\":\"es-CO\",\"potentialAction\":[{\"@type\":\"ReadAction\",\"target\":[\"https:\/\/www.ucatolica.edu.co\/portal\/la-universidad-catolica-de-colombia-recibe-reconocimiento-internacional-por-su-gestion-en-responsabilidad-social-universitaria\/\"]}]},{\"@type\":\"ImageObject\",\"inLanguage\":\"es-CO\",\"@id\":\"https:\/\/www.ucatolica.edu.co\/portal\/la-universidad-catolica-de-colombia-recibe-reconocimiento-internacional-por-su-gestion-en-responsabilidad-social-universitaria\/#primaryimage\",\"url\":\"https:\/\/www.ucatolica.edu.co\/portal\/wp-content\/uploads\/2025\/06\/Noticia-5.02.18-p.m.jpg\",\"contentUrl\":\"https:\/\/www.ucatolica.edu.co\/portal\/wp-content\/uploads\/2025\/06\/Noticia-5.02.18-p.m.jpg\",\"width\":870,\"height\":522},{\"@type\":\"BreadcrumbList\",\"@id\":\"https:\/\/www.ucatolica.edu.co\/portal\/la-universidad-catolica-de-colombia-recibe-reconocimiento-internacional-por-su-gestion-en-responsabilidad-social-universitaria\/#breadcrumb\",\"itemListElement\":[{\"@type\":\"ListItem\",\"position\":1,\"name\":\"Inicio\",\"item\":\"https:\/\/www.ucatolica.edu.co\/portal\/\"},{\"@type\":\"ListItem\",\"position\":2,\"name\":\"La Universidad Cat\u00f3lica de Colombia recibe reconocimiento internacional por su gesti\u00f3n en responsabilidad social universitaria\"}]},{\"@type\":\"WebSite\",\"@id\":\"https:\/\/www.ucatolica.edu.co\/portal\/#website\",\"url\":\"https:\/\/www.ucatolica.edu.co\/portal\/\",\"name\":\"Universidad Cat\u00f3lica De Colombia\",\"description\":\"Universidad Cat\u00f3lica De Colombia\",\"publisher\":{\"@id\":\"https:\/\/www.ucatolica.edu.co\/portal\/#organization\"},\"potentialAction\":[{\"@type\":\"SearchAction\",\"target\":{\"@type\":\"EntryPoint\",\"urlTemplate\":\"https:\/\/www.ucatolica.edu.co\/portal\/?s={search_term_string}\"},\"query-input\":{\"@type\":\"PropertyValueSpecification\",\"valueRequired\":true,\"valueName\":\"search_term_string\"}}],\"inLanguage\":\"es-CO\"},{\"@type\":\"Organization\",\"@id\":\"https:\/\/www.ucatolica.edu.co\/portal\/#organization\",\"name\":\"Universidad Cat\u00f3lica de Colombia\",\"url\":\"https:\/\/www.ucatolica.edu.co\/portal\/\",\"logo\":{\"@type\":\"ImageObject\",\"inLanguage\":\"es-CO\",\"@id\":\"https:\/\/www.ucatolica.edu.co\/portal\/#\/schema\/logo\/image\/\",\"url\":\"https:\/\/www.ucatolica.edu.co\/portal\/wp-content\/uploads\/2021\/06\/logo-header-ho-1.svg\",\"contentUrl\":\"https:\/\/www.ucatolica.edu.co\/portal\/wp-content\/uploads\/2021\/06\/logo-header-ho-1.svg\",\"width\":1,\"height\":1,\"caption\":\"Universidad Cat\u00f3lica de Colombia\"},\"image\":{\"@id\":\"https:\/\/www.ucatolica.edu.co\/portal\/#\/schema\/logo\/image\/\"},\"sameAs\":[\"https:\/\/www.facebook.com\/ucatolicacolombia\",\"https:\/\/x.com\/UCatolicaCol\",\"https:\/\/www.instagram.com\/universidadcatolicadecolombia\/\",\"https:\/\/www.linkedin.com\/company\/universidadcatolicadecolombia\/\",\"https:\/\/www.youtube.com\/user\/UCatolicaCo\"]},{\"@type\":\"Person\",\"@id\":\"https:\/\/www.ucatolica.edu.co\/portal\/#\/schema\/person\/46b982b9085fee761b48b0bd54f8b9f8\",\"name\":\"Daniela Junco\",\"url\":\"https:\/\/www.ucatolica.edu.co\/portal\/author\/daniela\/\"}]}<\/script>\n<!-- \/ Yoast SEO plugin. -->","yoast_head_json":{"title":"La Universidad Cat\u00f3lica de Colombia recibe reconocimiento internacional por su gesti\u00f3n en responsabilidad social universitaria - Universidad Cat\u00f3lica De Colombia","robots":{"index":"index","follow":"follow","max-snippet":"max-snippet:-1","max-image-preview":"max-image-preview:large","max-video-preview":"max-video-preview:-1"},"canonical":"https:\/\/www.ucatolica.edu.co\/portal\/la-universidad-catolica-de-colombia-recibe-reconocimiento-internacional-por-su-gestion-en-responsabilidad-social-universitaria\/","og_locale":"es_ES","og_type":"article","og_title":"La Universidad Cat\u00f3lica de Colombia recibe reconocimiento internacional por su gesti\u00f3n en responsabilidad social universitaria - Universidad Cat\u00f3lica De Colombia","og_description":"La Universidad Cat\u00f3lica de Colombia ha sido reconocida internacionalmente por su destacada gesti\u00f3n en responsabilidad social universitaria, tras la evaluaci\u00f3n realizada bajo el Marco Newman, liderado por la Federaci\u00f3n Internacional de Universidades Cat\u00f3licas (FIUC). En esta medici\u00f3n, la Universidad obtuvo una calificaci\u00f3n general del 64%, lo que clasifica su gesti\u00f3n en responsabilidad social como buena, [&hellip;]","og_url":"https:\/\/www.ucatolica.edu.co\/portal\/la-universidad-catolica-de-colombia-recibe-reconocimiento-internacional-por-su-gestion-en-responsabilidad-social-universitaria\/","og_site_name":"Universidad Cat\u00f3lica De Colombia","article_publisher":"https:\/\/www.facebook.com\/ucatolicacolombia","article_published_time":"2025-06-27T14:43:54+00:00","article_modified_time":"2025-06-27T14:43:55+00:00","og_image":[{"width":870,"height":522,"url":"https:\/\/www.ucatolica.edu.co\/portal\/wp-content\/uploads\/2025\/06\/Noticia-5.02.18-p.m.jpg","type":"image\/jpeg"}],"author":"Daniela Junco","twitter_card":"summary_large_image","twitter_creator":"@UCatolicaCol","twitter_site":"@UCatolicaCol","twitter_misc":{"Escrito por":"Daniela Junco","Tiempo de lectura":"3 minutos"},"schema":{"@context":"https:\/\/schema.org","@graph":[{"@type":"Article","@id":"https:\/\/www.ucatolica.edu.co\/portal\/la-universidad-catolica-de-colombia-recibe-reconocimiento-internacional-por-su-gestion-en-responsabilidad-social-universitaria\/#article","isPartOf":{"@id":"https:\/\/www.ucatolica.edu.co\/portal\/la-universidad-catolica-de-colombia-recibe-reconocimiento-internacional-por-su-gestion-en-responsabilidad-social-universitaria\/"},"author":{"name":"Daniela Junco","@id":"https:\/\/www.ucatolica.edu.co\/portal\/#\/schema\/person\/46b982b9085fee761b48b0bd54f8b9f8"},"headline":"La Universidad Cat\u00f3lica de Colombia recibe reconocimiento internacional por su gesti\u00f3n en responsabilidad social universitaria","datePublished":"2025-06-27T14:43:54+00:00","dateModified":"2025-06-27T14:43:55+00:00","mainEntityOfPage":{"@id":"https:\/\/www.ucatolica.edu.co\/portal\/la-universidad-catolica-de-colombia-recibe-reconocimiento-internacional-por-su-gestion-en-responsabilidad-social-universitaria\/"},"wordCount":610,"commentCount":0,"publisher":{"@id":"https:\/\/www.ucatolica.edu.co\/portal\/#organization"},"image":{"@id":"https:\/\/www.ucatolica.edu.co\/portal\/la-universidad-catolica-de-colombia-recibe-reconocimiento-internacional-por-su-gestion-en-responsabilidad-social-universitaria\/#primaryimage"},"thumbnailUrl":"https:\/\/www.ucatolica.edu.co\/portal\/wp-content\/uploads\/2025\/06\/Noticia-5.02.18-p.m.jpg","keywords":["Bienestar","Impacto social y ambiental","Reconocimiento","Responsabiliad Social","Universidad Cat\u00f3lica de Colombia"],"articleSection":["Noticias Principales"],"inLanguage":"es-CO"},{"@type":"WebPage","@id":"https:\/\/www.ucatolica.edu.co\/portal\/la-universidad-catolica-de-colombia-recibe-reconocimiento-internacional-por-su-gestion-en-responsabilidad-social-universitaria\/","url":"https:\/\/www.ucatolica.edu.co\/portal\/la-universidad-catolica-de-colombia-recibe-reconocimiento-internacional-por-su-gestion-en-responsabilidad-social-universitaria\/","name":"La Universidad Cat\u00f3lica de Colombia recibe reconocimiento internacional por su gesti\u00f3n en responsabilidad social universitaria - Universidad Cat\u00f3lica De Colombia","isPartOf":{"@id":"https:\/\/www.ucatolica.edu.co\/portal\/#website"},"primaryImageOfPage":{"@id":"https:\/\/www.ucatolica.edu.co\/portal\/la-universidad-catolica-de-colombia-recibe-reconocimiento-internacional-por-su-gestion-en-responsabilidad-social-universitaria\/#primaryimage"},"image":{"@id":"https:\/\/www.ucatolica.edu.co\/portal\/la-universidad-catolica-de-colombia-recibe-reconocimiento-internacional-por-su-gestion-en-responsabilidad-social-universitaria\/#primaryimage"},"thumbnailUrl":"https:\/\/www.ucatolica.edu.co\/portal\/wp-content\/uploads\/2025\/06\/Noticia-5.02.18-p.m.jpg","datePublished":"2025-06-27T14:43:54+00:00","dateModified":"2025-06-27T14:43:55+00:00","breadcrumb":{"@id":"https:\/\/www.ucatolica.edu.co\/portal\/la-universidad-catolica-de-colombia-recibe-reconocimiento-internacional-por-su-gestion-en-responsabilidad-social-universitaria\/#breadcrumb"},"inLanguage":"es-CO","potentialAction":[{"@type":"ReadAction","target":["https:\/\/www.ucatolica.edu.co\/portal\/la-universidad-catolica-de-colombia-recibe-reconocimiento-internacional-por-su-gestion-en-responsabilidad-social-universitaria\/"]}]},{"@type":"ImageObject","inLanguage":"es-CO","@id":"https:\/\/www.ucatolica.edu.co\/portal\/la-universidad-catolica-de-colombia-recibe-reconocimiento-internacional-por-su-gestion-en-responsabilidad-social-universitaria\/#primaryimage","url":"https:\/\/www.ucatolica.edu.co\/portal\/wp-content\/uploads\/2025\/06\/Noticia-5.02.18-p.m.jpg","contentUrl":"https:\/\/www.ucatolica.edu.co\/portal\/wp-content\/uploads\/2025\/06\/Noticia-5.02.18-p.m.jpg","width":870,"height":522},{"@type":"BreadcrumbList","@id":"https:\/\/www.ucatolica.edu.co\/portal\/la-universidad-catolica-de-colombia-recibe-reconocimiento-internacional-por-su-gestion-en-responsabilidad-social-universitaria\/#breadcrumb","itemListElement":[{"@type":"ListItem","position":1,"name":"Inicio","item":"https:\/\/www.ucatolica.edu.co\/portal\/"},{"@type":"ListItem","position":2,"name":"La Universidad Cat\u00f3lica de Colombia recibe reconocimiento internacional por su gesti\u00f3n en responsabilidad social universitaria"}]},{"@type":"WebSite","@id":"https:\/\/www.ucatolica.edu.co\/portal\/#website","url":"https:\/\/www.ucatolica.edu.co\/portal\/","name":"Universidad Cat\u00f3lica De Colombia","description":"Universidad Cat\u00f3lica De Colombia","publisher":{"@id":"https:\/\/www.ucatolica.edu.co\/portal\/#organization"},"potentialAction":[{"@type":"SearchAction","target":{"@type":"EntryPoint","urlTemplate":"https:\/\/www.ucatolica.edu.co\/portal\/?s={search_term_string}"},"query-input":{"@type":"PropertyValueSpecification","valueRequired":true,"valueName":"search_term_string"}}],"inLanguage":"es-CO"},{"@type":"Organization","@id":"https:\/\/www.ucatolica.edu.co\/portal\/#organization","name":"Universidad Cat\u00f3lica de Colombia","url":"https:\/\/www.ucatolica.edu.co\/portal\/","logo":{"@type":"ImageObject","inLanguage":"es-CO","@id":"https:\/\/www.ucatolica.edu.co\/portal\/#\/schema\/logo\/image\/","url":"https:\/\/www.ucatolica.edu.co\/portal\/wp-content\/uploads\/2021\/06\/logo-header-ho-1.svg","contentUrl":"https:\/\/www.ucatolica.edu.co\/portal\/wp-content\/uploads\/2021\/06\/logo-header-ho-1.svg","width":1,"height":1,"caption":"Universidad Cat\u00f3lica de Colombia"},"image":{"@id":"https:\/\/www.ucatolica.edu.co\/portal\/#\/schema\/logo\/image\/"},"sameAs":["https:\/\/www.facebook.com\/ucatolicacolombia","https:\/\/x.com\/UCatolicaCol","https:\/\/www.instagram.com\/universidadcatolicadecolombia\/","https:\/\/www.linkedin.com\/company\/universidadcatolicadecolombia\/","https:\/\/www.youtube.com\/user\/UCatolicaCo"]},{"@type":"Person","@id":"https:\/\/www.ucatolica.edu.co\/portal\/#\/schema\/person\/46b982b9085fee761b48b0bd54f8b9f8","name":"Daniela Junco","url":"https:\/\/www.ucatolica.edu.co\/portal\/author\/daniela\/"}]}},"author_meta":{"display_name":"Daniela Junco","author_link":"https:\/\/www.ucatolica.edu.co\/portal\/author\/daniela\/"},"featured_img":"https:\/\/www.ucatolica.edu.co\/portal\/wp-content\/uploads\/2025\/06\/Noticia-5.02.18-p.m.jpg","coauthors":[],"tax_additional":{"categories":{"linked":["<a href=\"https:\/\/www.ucatolica.edu.co\/portal\/category\/noticias-principales\/\" class=\"advgb-post-tax-term\">Noticias Principales<\/a>"],"unlinked":["<span class=\"advgb-post-tax-term\">Noticias Principales<\/span>"]},"tags":{"linked":["<a href=\"https:\/\/www.ucatolica.edu.co\/portal\/category\/noticias-principales\/\" class=\"advgb-post-tax-term\">Bienestar<\/a>","<a href=\"https:\/\/www.ucatolica.edu.co\/portal\/category\/noticias-principales\/\" class=\"advgb-post-tax-term\">Impacto social y ambiental<\/a>","<a href=\"https:\/\/www.ucatolica.edu.co\/portal\/category\/noticias-principales\/\" class=\"advgb-post-tax-term\">Reconocimiento<\/a>","<a href=\"https:\/\/www.ucatolica.edu.co\/portal\/category\/noticias-principales\/\" class=\"advgb-post-tax-term\">Responsabiliad Social<\/a>","<a href=\"https:\/\/www.ucatolica.edu.co\/portal\/category\/noticias-principales\/\" class=\"advgb-post-tax-term\">Universidad Cat\u00f3lica de Colombia<\/a>"],"unlinked":["<span class=\"advgb-post-tax-term\">Bienestar<\/span>","<span class=\"advgb-post-tax-term\">Impacto social y ambiental<\/span>","<span class=\"advgb-post-tax-term\">Reconocimiento<\/span>","<span class=\"advgb-post-tax-term\">Responsabiliad Social<\/span>","<span class=\"advgb-post-tax-term\">Universidad Cat\u00f3lica de Colombia<\/span>"]}},"comment_count":"0","relative_dates":{"created":"Posted 10 meses ago","modified":"Updated 10 meses ago"},"absolute_dates":{"created":"Posted on 27 junio, 2025","modified":"Updated on 27 junio, 2025"},"absolute_dates_time":{"created":"Posted on 27 junio, 2025 9:43 am","modified":"Updated on 27 junio, 2025 9:43 am"},"featured_img_caption":"","series_order":"","_links":{"self":[{"href":"https:\/\/www.ucatolica.edu.co\/portal\/wp-json\/wp\/v2\/posts\/118341","targetHints":{"allow":["GET"]}}],"collection":[{"href":"https:\/\/www.ucatolica.edu.co\/portal\/wp-json\/wp\/v2\/posts"}],"about":[{"href":"https:\/\/www.ucatolica.edu.co\/portal\/wp-json\/wp\/v2\/types\/post"}],"author":[{"embeddable":true,"href":"https:\/\/www.ucatolica.edu.co\/portal\/wp-json\/wp\/v2\/users\/64"}],"replies":[{"embeddable":true,"href":"https:\/\/www.ucatolica.edu.co\/portal\/wp-json\/wp\/v2\/comments?post=118341"}],"version-history":[{"count":1,"href":"https:\/\/www.ucatolica.edu.co\/portal\/wp-json\/wp\/v2\/posts\/118341\/revisions"}],"predecessor-version":[{"id":118343,"href":"https:\/\/www.ucatolica.edu.co\/portal\/wp-json\/wp\/v2\/posts\/118341\/revisions\/118343"}],"wp:featuredmedia":[{"embeddable":true,"href":"https:\/\/www.ucatolica.edu.co\/portal\/wp-json\/wp\/v2\/media\/118342"}],"wp:attachment":[{"href":"https:\/\/www.ucatolica.edu.co\/portal\/wp-json\/wp\/v2\/media?parent=118341"}],"wp:term":[{"taxonomy":"category","embeddable":true,"href":"https:\/\/www.ucatolica.edu.co\/portal\/wp-json\/wp\/v2\/categories?post=118341"},{"taxonomy":"post_tag","embeddable":true,"href":"https:\/\/www.ucatolica.edu.co\/portal\/wp-json\/wp\/v2\/tags?post=118341"}],"curies":[{"name":"wp","href":"https:\/\/api.w.org\/{rel}","templated":true}]}}