{"id":118488,"date":"2025-07-04T15:03:59","date_gmt":"2025-07-04T20:03:59","guid":{"rendered":"https:\/\/www.ucatolica.edu.co\/portal\/?p=118488"},"modified":"2025-07-07T12:04:27","modified_gmt":"2025-07-07T17:04:27","slug":"ya-sabes-que-estudiar-vive-nuestro-dia-de-puertas-abiertas","status":"publish","type":"post","link":"https:\/\/www.ucatolica.edu.co\/portal\/ya-sabes-que-estudiar-vive-nuestro-dia-de-puertas-abiertas\/","title":{"rendered":"\u00bfYa sabes qu\u00e9 estudiar? Vive nuestro D\u00eda de Puertas Abiertas"},"content":{"rendered":"\n<p>En la Universidad Cat\u00f3lica de Colombia sabemos que elegir una carrera no es solo una decisi\u00f3n acad\u00e9mica, es dar el primer paso hacia tu proyecto de vida. Por eso, te invitamos a participar en nuestro <strong>D\u00eda de Puertas Abiertas<\/strong>, una jornada dise\u00f1ada especialmente para que descubras tu vocaci\u00f3n, explores nuestras carreras y te conectes con el futuro que sue\u00f1as.<\/p>\n\n\n\n<p><strong>Ag\u00e9ndate:<\/strong><br><strong>Fecha:<\/strong> S\u00e1bado, 12 de julio de 2025<br><strong>Hora:<\/strong> 9:00 a.m. a 1:00 p.m.<br><strong>Lugar:<\/strong> Universidad Cat\u00f3lica de Colombia<br>Carrera 13 # 47-30 \u2013 Sede 4, Sal\u00f3n 813<\/p>\n\n\n\n<p>Entrada libre<\/p>\n\n\n\n<p><strong>\u00bfQu\u00e9 podr\u00e1s hacer durante el evento?<\/strong><br><br>\ud83d\udd0d Recorrer nuestro campus y conocer los espacios donde se forman nuestros profesionales.<\/p>\n\n\n\n<p>\ud83c\udf93 Explorar nuestra oferta acad\u00e9mica y descubrir las carreras que mejor se alinean con tus intereses.<\/p>\n\n\n\n<p>\ud83d\udee0\ufe0f Vivir talleres inmersivos, dise\u00f1ados para ayudarte a identificar tus habilidades y tomar una decisi\u00f3n informada.<\/p>\n\n\n\n<p>\ud83d\udcb0 Conocer nuestras opciones de financiaci\u00f3n para que hacer realidad tu sue\u00f1o de estudiar sea m\u00e1s f\u00e1cil.<\/p>\n\n\n\n<p><strong>Talleres destacados por Facultad:<\/strong><\/p>\n\n\n\n<p><strong>Ciencias Econ\u00f3micas y Administrativas<\/strong><br>&#8211; \u00bfC\u00f3mo funciona el sistema financiero?<\/p>\n\n\n\n<p><strong>Ingenier\u00eda<\/strong> <strong>de Sistemas y Computaci\u00f3n<\/strong><br>-Rob\u00f3tica e internet de las cosas<br>&#8211; Dise\u00f1o 3D, animaci\u00f3n y desarrollo de videojuegos<br><br><strong>Ingenier\u00eda Industrial<\/strong><br>-Industria 4.0: retos y oportunidades<br><br><strong>Ingenier\u00eda Civil<\/strong><br>&#8211; Tu primer d\u00eda en el manejo de recursos h\u00eddricos<br><br><strong>Derecho<\/strong><br>&#8211; Simula tu primer caso jur\u00eddico<br><br><strong>Dise\u00f1o<\/strong><br>&#8211; El poder del dise\u00f1o en la arquitectura<br><br><strong>Psicolog\u00eda<\/strong><br>&#8211; Aborda casos reales desde el rol del psic\u00f3logo<br><br><strong>\u00bfPor qu\u00e9 asistir?<\/strong><br>Porque este es el momento para tomar decisiones con informaci\u00f3n, experiencias reales y acompa\u00f1amiento. En la Universidad Cat\u00f3lica de Colombia formamos profesionales \u00edntegros, comprometidos y con una s\u00f3lida formaci\u00f3n humana.<\/p>\n\n\n\n<p><strong>\u00bfQuieres asistir?<\/strong><br><strong><a href=\"https:\/\/forms.office.com\/pages\/responsepage.aspx?id=SHEi1DBJBk-LqghF_1flQUrJbboyG5BJmF7gbNQVayNUNDY3Qk1HUEY3WDVFRDZOMTFZVjZYS1RJQi4u&amp;origin=lprLink&amp;route=shorturl\" target=\"_blank\" rel=\"noreferrer noopener\">Inscr\u00edbete aqu\u00ed.<\/a><\/strong><\/p>\n\n\n\n<p>Para m\u00e1s informaci\u00f3n, escr\u00edbenos por WhatsApp al 316 024 4066<\/p>\n","protected":false},"excerpt":{"rendered":"<p>En la Universidad Cat\u00f3lica de Colombia sabemos que elegir una carrera no es solo una decisi\u00f3n acad\u00e9mica, es dar el primer paso hacia tu proyecto de vida. Por eso, te invitamos a participar en nuestro D\u00eda de Puertas Abiertas, una jornada dise\u00f1ada especialmente para que descubras tu vocaci\u00f3n, explores nuestras carreras y te conectes con [&hellip;]<\/p>\n","protected":false},"author":4,"featured_media":118500,"comment_status":"open","ping_status":"open","sticky":false,"template":"","format":"standard","meta":{"_acf_changed":false,"advgb_blocks_editor_width":"","advgb_blocks_columns_visual_guide":"","footnotes":""},"categories":[1816],"tags":[3136,3219,3221,3220],"class_list":["post-118488","post","type-post","status-publish","format-standard","has-post-thumbnail","hentry","category-noticias-destacadas","tag-dia-de-puertas-abiertas","tag-haz-match-con-tu-carrera","tag-impulsar-historias","tag-proyecto-de-vida"],"acf":[],"yoast_head":"<!-- This site is optimized with the Yoast SEO plugin v26.7 - https:\/\/yoast.com\/wordpress\/plugins\/seo\/ -->\n<title>\u00bfYa sabes qu\u00e9 estudiar? Vive nuestro D\u00eda de Puertas Abiertas - Universidad Cat\u00f3lica De Colombia<\/title>\n<meta name=\"robots\" content=\"index, follow, max-snippet:-1, max-image-preview:large, max-video-preview:-1\" \/>\n<link rel=\"canonical\" href=\"https:\/\/www.ucatolica.edu.co\/portal\/ya-sabes-que-estudiar-vive-nuestro-dia-de-puertas-abiertas\/\" \/>\n<meta property=\"og:locale\" content=\"es_ES\" \/>\n<meta property=\"og:type\" content=\"article\" \/>\n<meta property=\"og:title\" content=\"\u00bfYa sabes qu\u00e9 estudiar? Vive nuestro D\u00eda de Puertas Abiertas - Universidad Cat\u00f3lica De Colombia\" \/>\n<meta property=\"og:description\" content=\"En la Universidad Cat\u00f3lica de Colombia sabemos que elegir una carrera no es solo una decisi\u00f3n acad\u00e9mica, es dar el primer paso hacia tu proyecto de vida. Por eso, te invitamos a participar en nuestro D\u00eda de Puertas Abiertas, una jornada dise\u00f1ada especialmente para que descubras tu vocaci\u00f3n, explores nuestras carreras y te conectes con [&hellip;]\" \/>\n<meta property=\"og:url\" content=\"https:\/\/www.ucatolica.edu.co\/portal\/ya-sabes-que-estudiar-vive-nuestro-dia-de-puertas-abiertas\/\" \/>\n<meta property=\"og:site_name\" content=\"Universidad Cat\u00f3lica De Colombia\" \/>\n<meta property=\"article:publisher\" content=\"https:\/\/www.facebook.com\/ucatolicacolombia\" \/>\n<meta property=\"article:published_time\" content=\"2025-07-04T20:03:59+00:00\" \/>\n<meta property=\"article:modified_time\" content=\"2025-07-07T17:04:27+00:00\" \/>\n<meta property=\"og:image\" content=\"https:\/\/www.ucatolica.edu.co\/portal\/wp-content\/uploads\/2025\/07\/Estudiantefelizconlapizenmanos.jpg\" \/>\n\t<meta property=\"og:image:width\" content=\"870\" \/>\n\t<meta property=\"og:image:height\" content=\"522\" \/>\n\t<meta property=\"og:image:type\" content=\"image\/jpeg\" \/>\n<meta name=\"author\" content=\"Cindy Lugo\" \/>\n<meta name=\"twitter:card\" content=\"summary_large_image\" \/>\n<meta name=\"twitter:creator\" content=\"@UCatolicaCol\" \/>\n<meta name=\"twitter:site\" content=\"@UCatolicaCol\" \/>\n<meta name=\"twitter:label1\" content=\"Escrito por\" \/>\n\t<meta name=\"twitter:data1\" content=\"Cindy Lugo\" \/>\n\t<meta name=\"twitter:label2\" content=\"Tiempo de lectura\" \/>\n\t<meta name=\"twitter:data2\" content=\"1 minuto\" \/>\n<script type=\"application\/ld+json\" class=\"yoast-schema-graph\">{\"@context\":\"https:\/\/schema.org\",\"@graph\":[{\"@type\":\"Article\",\"@id\":\"https:\/\/www.ucatolica.edu.co\/portal\/ya-sabes-que-estudiar-vive-nuestro-dia-de-puertas-abiertas\/#article\",\"isPartOf\":{\"@id\":\"https:\/\/www.ucatolica.edu.co\/portal\/ya-sabes-que-estudiar-vive-nuestro-dia-de-puertas-abiertas\/\"},\"author\":{\"name\":\"Cindy Lugo\",\"@id\":\"https:\/\/www.ucatolica.edu.co\/portal\/#\/schema\/person\/a7469afff252fba81c6cdc40c80f00b6\"},\"headline\":\"\u00bfYa sabes qu\u00e9 estudiar? Vive nuestro D\u00eda de Puertas Abiertas\",\"datePublished\":\"2025-07-04T20:03:59+00:00\",\"dateModified\":\"2025-07-07T17:04:27+00:00\",\"mainEntityOfPage\":{\"@id\":\"https:\/\/www.ucatolica.edu.co\/portal\/ya-sabes-que-estudiar-vive-nuestro-dia-de-puertas-abiertas\/\"},\"wordCount\":320,\"commentCount\":0,\"publisher\":{\"@id\":\"https:\/\/www.ucatolica.edu.co\/portal\/#organization\"},\"image\":{\"@id\":\"https:\/\/www.ucatolica.edu.co\/portal\/ya-sabes-que-estudiar-vive-nuestro-dia-de-puertas-abiertas\/#primaryimage\"},\"thumbnailUrl\":\"https:\/\/www.ucatolica.edu.co\/portal\/wp-content\/uploads\/2025\/07\/Estudiantefelizconlapizenmanos.jpg\",\"keywords\":[\"D\u00eda de puertas abiertas\",\"Haz match con tu carrera\",\"Impulsar historias\",\"Proyecto de vida\"],\"articleSection\":[\"Noticias Destacadas\"],\"inLanguage\":\"es-CO\"},{\"@type\":\"WebPage\",\"@id\":\"https:\/\/www.ucatolica.edu.co\/portal\/ya-sabes-que-estudiar-vive-nuestro-dia-de-puertas-abiertas\/\",\"url\":\"https:\/\/www.ucatolica.edu.co\/portal\/ya-sabes-que-estudiar-vive-nuestro-dia-de-puertas-abiertas\/\",\"name\":\"\u00bfYa sabes qu\u00e9 estudiar? Vive nuestro D\u00eda de Puertas Abiertas - Universidad Cat\u00f3lica De Colombia\",\"isPartOf\":{\"@id\":\"https:\/\/www.ucatolica.edu.co\/portal\/#website\"},\"primaryImageOfPage\":{\"@id\":\"https:\/\/www.ucatolica.edu.co\/portal\/ya-sabes-que-estudiar-vive-nuestro-dia-de-puertas-abiertas\/#primaryimage\"},\"image\":{\"@id\":\"https:\/\/www.ucatolica.edu.co\/portal\/ya-sabes-que-estudiar-vive-nuestro-dia-de-puertas-abiertas\/#primaryimage\"},\"thumbnailUrl\":\"https:\/\/www.ucatolica.edu.co\/portal\/wp-content\/uploads\/2025\/07\/Estudiantefelizconlapizenmanos.jpg\",\"datePublished\":\"2025-07-04T20:03:59+00:00\",\"dateModified\":\"2025-07-07T17:04:27+00:00\",\"breadcrumb\":{\"@id\":\"https:\/\/www.ucatolica.edu.co\/portal\/ya-sabes-que-estudiar-vive-nuestro-dia-de-puertas-abiertas\/#breadcrumb\"},\"inLanguage\":\"es-CO\",\"potentialAction\":[{\"@type\":\"ReadAction\",\"target\":[\"https:\/\/www.ucatolica.edu.co\/portal\/ya-sabes-que-estudiar-vive-nuestro-dia-de-puertas-abiertas\/\"]}]},{\"@type\":\"ImageObject\",\"inLanguage\":\"es-CO\",\"@id\":\"https:\/\/www.ucatolica.edu.co\/portal\/ya-sabes-que-estudiar-vive-nuestro-dia-de-puertas-abiertas\/#primaryimage\",\"url\":\"https:\/\/www.ucatolica.edu.co\/portal\/wp-content\/uploads\/2025\/07\/Estudiantefelizconlapizenmanos.jpg\",\"contentUrl\":\"https:\/\/www.ucatolica.edu.co\/portal\/wp-content\/uploads\/2025\/07\/Estudiantefelizconlapizenmanos.jpg\",\"width\":870,\"height\":522,\"caption\":\"Estudiantefelizconlapizenmanos\"},{\"@type\":\"BreadcrumbList\",\"@id\":\"https:\/\/www.ucatolica.edu.co\/portal\/ya-sabes-que-estudiar-vive-nuestro-dia-de-puertas-abiertas\/#breadcrumb\",\"itemListElement\":[{\"@type\":\"ListItem\",\"position\":1,\"name\":\"Inicio\",\"item\":\"https:\/\/www.ucatolica.edu.co\/portal\/\"},{\"@type\":\"ListItem\",\"position\":2,\"name\":\"\u00bfYa sabes qu\u00e9 estudiar? Vive nuestro D\u00eda de Puertas Abiertas\"}]},{\"@type\":\"WebSite\",\"@id\":\"https:\/\/www.ucatolica.edu.co\/portal\/#website\",\"url\":\"https:\/\/www.ucatolica.edu.co\/portal\/\",\"name\":\"Universidad Cat\u00f3lica De Colombia\",\"description\":\"Universidad Cat\u00f3lica De Colombia\",\"publisher\":{\"@id\":\"https:\/\/www.ucatolica.edu.co\/portal\/#organization\"},\"potentialAction\":[{\"@type\":\"SearchAction\",\"target\":{\"@type\":\"EntryPoint\",\"urlTemplate\":\"https:\/\/www.ucatolica.edu.co\/portal\/?s={search_term_string}\"},\"query-input\":{\"@type\":\"PropertyValueSpecification\",\"valueRequired\":true,\"valueName\":\"search_term_string\"}}],\"inLanguage\":\"es-CO\"},{\"@type\":\"Organization\",\"@id\":\"https:\/\/www.ucatolica.edu.co\/portal\/#organization\",\"name\":\"Universidad Cat\u00f3lica de Colombia\",\"url\":\"https:\/\/www.ucatolica.edu.co\/portal\/\",\"logo\":{\"@type\":\"ImageObject\",\"inLanguage\":\"es-CO\",\"@id\":\"https:\/\/www.ucatolica.edu.co\/portal\/#\/schema\/logo\/image\/\",\"url\":\"https:\/\/www.ucatolica.edu.co\/portal\/wp-content\/uploads\/2021\/06\/logo-header-ho-1.svg\",\"contentUrl\":\"https:\/\/www.ucatolica.edu.co\/portal\/wp-content\/uploads\/2021\/06\/logo-header-ho-1.svg\",\"width\":1,\"height\":1,\"caption\":\"Universidad Cat\u00f3lica de Colombia\"},\"image\":{\"@id\":\"https:\/\/www.ucatolica.edu.co\/portal\/#\/schema\/logo\/image\/\"},\"sameAs\":[\"https:\/\/www.facebook.com\/ucatolicacolombia\",\"https:\/\/x.com\/UCatolicaCol\",\"https:\/\/www.instagram.com\/universidadcatolicadecolombia\/\",\"https:\/\/www.linkedin.com\/company\/universidadcatolicadecolombia\/\",\"https:\/\/www.youtube.com\/user\/UCatolicaCo\"]},{\"@type\":\"Person\",\"@id\":\"https:\/\/www.ucatolica.edu.co\/portal\/#\/schema\/person\/a7469afff252fba81c6cdc40c80f00b6\",\"name\":\"Cindy Lugo\",\"url\":\"https:\/\/www.ucatolica.edu.co\/portal\/author\/cindy\/\"}]}<\/script>\n<!-- \/ Yoast SEO plugin. -->","yoast_head_json":{"title":"\u00bfYa sabes qu\u00e9 estudiar? Vive nuestro D\u00eda de Puertas Abiertas - Universidad Cat\u00f3lica De Colombia","robots":{"index":"index","follow":"follow","max-snippet":"max-snippet:-1","max-image-preview":"max-image-preview:large","max-video-preview":"max-video-preview:-1"},"canonical":"https:\/\/www.ucatolica.edu.co\/portal\/ya-sabes-que-estudiar-vive-nuestro-dia-de-puertas-abiertas\/","og_locale":"es_ES","og_type":"article","og_title":"\u00bfYa sabes qu\u00e9 estudiar? Vive nuestro D\u00eda de Puertas Abiertas - Universidad Cat\u00f3lica De Colombia","og_description":"En la Universidad Cat\u00f3lica de Colombia sabemos que elegir una carrera no es solo una decisi\u00f3n acad\u00e9mica, es dar el primer paso hacia tu proyecto de vida. Por eso, te invitamos a participar en nuestro D\u00eda de Puertas Abiertas, una jornada dise\u00f1ada especialmente para que descubras tu vocaci\u00f3n, explores nuestras carreras y te conectes con [&hellip;]","og_url":"https:\/\/www.ucatolica.edu.co\/portal\/ya-sabes-que-estudiar-vive-nuestro-dia-de-puertas-abiertas\/","og_site_name":"Universidad Cat\u00f3lica De Colombia","article_publisher":"https:\/\/www.facebook.com\/ucatolicacolombia","article_published_time":"2025-07-04T20:03:59+00:00","article_modified_time":"2025-07-07T17:04:27+00:00","og_image":[{"width":870,"height":522,"url":"https:\/\/www.ucatolica.edu.co\/portal\/wp-content\/uploads\/2025\/07\/Estudiantefelizconlapizenmanos.jpg","type":"image\/jpeg"}],"author":"Cindy Lugo","twitter_card":"summary_large_image","twitter_creator":"@UCatolicaCol","twitter_site":"@UCatolicaCol","twitter_misc":{"Escrito por":"Cindy Lugo","Tiempo de lectura":"1 minuto"},"schema":{"@context":"https:\/\/schema.org","@graph":[{"@type":"Article","@id":"https:\/\/www.ucatolica.edu.co\/portal\/ya-sabes-que-estudiar-vive-nuestro-dia-de-puertas-abiertas\/#article","isPartOf":{"@id":"https:\/\/www.ucatolica.edu.co\/portal\/ya-sabes-que-estudiar-vive-nuestro-dia-de-puertas-abiertas\/"},"author":{"name":"Cindy Lugo","@id":"https:\/\/www.ucatolica.edu.co\/portal\/#\/schema\/person\/a7469afff252fba81c6cdc40c80f00b6"},"headline":"\u00bfYa sabes qu\u00e9 estudiar? Vive nuestro D\u00eda de Puertas Abiertas","datePublished":"2025-07-04T20:03:59+00:00","dateModified":"2025-07-07T17:04:27+00:00","mainEntityOfPage":{"@id":"https:\/\/www.ucatolica.edu.co\/portal\/ya-sabes-que-estudiar-vive-nuestro-dia-de-puertas-abiertas\/"},"wordCount":320,"commentCount":0,"publisher":{"@id":"https:\/\/www.ucatolica.edu.co\/portal\/#organization"},"image":{"@id":"https:\/\/www.ucatolica.edu.co\/portal\/ya-sabes-que-estudiar-vive-nuestro-dia-de-puertas-abiertas\/#primaryimage"},"thumbnailUrl":"https:\/\/www.ucatolica.edu.co\/portal\/wp-content\/uploads\/2025\/07\/Estudiantefelizconlapizenmanos.jpg","keywords":["D\u00eda de puertas abiertas","Haz match con tu carrera","Impulsar historias","Proyecto de vida"],"articleSection":["Noticias Destacadas"],"inLanguage":"es-CO"},{"@type":"WebPage","@id":"https:\/\/www.ucatolica.edu.co\/portal\/ya-sabes-que-estudiar-vive-nuestro-dia-de-puertas-abiertas\/","url":"https:\/\/www.ucatolica.edu.co\/portal\/ya-sabes-que-estudiar-vive-nuestro-dia-de-puertas-abiertas\/","name":"\u00bfYa sabes qu\u00e9 estudiar? Vive nuestro D\u00eda de Puertas Abiertas - Universidad Cat\u00f3lica De Colombia","isPartOf":{"@id":"https:\/\/www.ucatolica.edu.co\/portal\/#website"},"primaryImageOfPage":{"@id":"https:\/\/www.ucatolica.edu.co\/portal\/ya-sabes-que-estudiar-vive-nuestro-dia-de-puertas-abiertas\/#primaryimage"},"image":{"@id":"https:\/\/www.ucatolica.edu.co\/portal\/ya-sabes-que-estudiar-vive-nuestro-dia-de-puertas-abiertas\/#primaryimage"},"thumbnailUrl":"https:\/\/www.ucatolica.edu.co\/portal\/wp-content\/uploads\/2025\/07\/Estudiantefelizconlapizenmanos.jpg","datePublished":"2025-07-04T20:03:59+00:00","dateModified":"2025-07-07T17:04:27+00:00","breadcrumb":{"@id":"https:\/\/www.ucatolica.edu.co\/portal\/ya-sabes-que-estudiar-vive-nuestro-dia-de-puertas-abiertas\/#breadcrumb"},"inLanguage":"es-CO","potentialAction":[{"@type":"ReadAction","target":["https:\/\/www.ucatolica.edu.co\/portal\/ya-sabes-que-estudiar-vive-nuestro-dia-de-puertas-abiertas\/"]}]},{"@type":"ImageObject","inLanguage":"es-CO","@id":"https:\/\/www.ucatolica.edu.co\/portal\/ya-sabes-que-estudiar-vive-nuestro-dia-de-puertas-abiertas\/#primaryimage","url":"https:\/\/www.ucatolica.edu.co\/portal\/wp-content\/uploads\/2025\/07\/Estudiantefelizconlapizenmanos.jpg","contentUrl":"https:\/\/www.ucatolica.edu.co\/portal\/wp-content\/uploads\/2025\/07\/Estudiantefelizconlapizenmanos.jpg","width":870,"height":522,"caption":"Estudiantefelizconlapizenmanos"},{"@type":"BreadcrumbList","@id":"https:\/\/www.ucatolica.edu.co\/portal\/ya-sabes-que-estudiar-vive-nuestro-dia-de-puertas-abiertas\/#breadcrumb","itemListElement":[{"@type":"ListItem","position":1,"name":"Inicio","item":"https:\/\/www.ucatolica.edu.co\/portal\/"},{"@type":"ListItem","position":2,"name":"\u00bfYa sabes qu\u00e9 estudiar? Vive nuestro D\u00eda de Puertas Abiertas"}]},{"@type":"WebSite","@id":"https:\/\/www.ucatolica.edu.co\/portal\/#website","url":"https:\/\/www.ucatolica.edu.co\/portal\/","name":"Universidad Cat\u00f3lica De Colombia","description":"Universidad Cat\u00f3lica De Colombia","publisher":{"@id":"https:\/\/www.ucatolica.edu.co\/portal\/#organization"},"potentialAction":[{"@type":"SearchAction","target":{"@type":"EntryPoint","urlTemplate":"https:\/\/www.ucatolica.edu.co\/portal\/?s={search_term_string}"},"query-input":{"@type":"PropertyValueSpecification","valueRequired":true,"valueName":"search_term_string"}}],"inLanguage":"es-CO"},{"@type":"Organization","@id":"https:\/\/www.ucatolica.edu.co\/portal\/#organization","name":"Universidad Cat\u00f3lica de Colombia","url":"https:\/\/www.ucatolica.edu.co\/portal\/","logo":{"@type":"ImageObject","inLanguage":"es-CO","@id":"https:\/\/www.ucatolica.edu.co\/portal\/#\/schema\/logo\/image\/","url":"https:\/\/www.ucatolica.edu.co\/portal\/wp-content\/uploads\/2021\/06\/logo-header-ho-1.svg","contentUrl":"https:\/\/www.ucatolica.edu.co\/portal\/wp-content\/uploads\/2021\/06\/logo-header-ho-1.svg","width":1,"height":1,"caption":"Universidad Cat\u00f3lica de Colombia"},"image":{"@id":"https:\/\/www.ucatolica.edu.co\/portal\/#\/schema\/logo\/image\/"},"sameAs":["https:\/\/www.facebook.com\/ucatolicacolombia","https:\/\/x.com\/UCatolicaCol","https:\/\/www.instagram.com\/universidadcatolicadecolombia\/","https:\/\/www.linkedin.com\/company\/universidadcatolicadecolombia\/","https:\/\/www.youtube.com\/user\/UCatolicaCo"]},{"@type":"Person","@id":"https:\/\/www.ucatolica.edu.co\/portal\/#\/schema\/person\/a7469afff252fba81c6cdc40c80f00b6","name":"Cindy Lugo","url":"https:\/\/www.ucatolica.edu.co\/portal\/author\/cindy\/"}]}},"author_meta":{"display_name":"Cindy Lugo","author_link":"https:\/\/www.ucatolica.edu.co\/portal\/author\/cindy\/"},"featured_img":"https:\/\/www.ucatolica.edu.co\/portal\/wp-content\/uploads\/2025\/07\/Estudiantefelizconlapizenmanos.jpg","coauthors":[],"tax_additional":{"categories":{"linked":["<a href=\"https:\/\/www.ucatolica.edu.co\/portal\/category\/noticias-destacadas\/\" class=\"advgb-post-tax-term\">Noticias Destacadas<\/a>"],"unlinked":["<span class=\"advgb-post-tax-term\">Noticias Destacadas<\/span>"]},"tags":{"linked":["<a href=\"https:\/\/www.ucatolica.edu.co\/portal\/category\/noticias-destacadas\/\" class=\"advgb-post-tax-term\">D\u00eda de puertas abiertas<\/a>","<a href=\"https:\/\/www.ucatolica.edu.co\/portal\/category\/noticias-destacadas\/\" class=\"advgb-post-tax-term\">Haz match con tu carrera<\/a>","<a href=\"https:\/\/www.ucatolica.edu.co\/portal\/category\/noticias-destacadas\/\" class=\"advgb-post-tax-term\">Impulsar historias<\/a>","<a href=\"https:\/\/www.ucatolica.edu.co\/portal\/category\/noticias-destacadas\/\" class=\"advgb-post-tax-term\">Proyecto de vida<\/a>"],"unlinked":["<span class=\"advgb-post-tax-term\">D\u00eda de puertas abiertas<\/span>","<span class=\"advgb-post-tax-term\">Haz match con tu carrera<\/span>","<span class=\"advgb-post-tax-term\">Impulsar historias<\/span>","<span class=\"advgb-post-tax-term\">Proyecto de vida<\/span>"]}},"comment_count":"0","relative_dates":{"created":"Posted 10 meses ago","modified":"Updated 10 meses ago"},"absolute_dates":{"created":"Posted on 4 julio, 2025","modified":"Updated on 7 julio, 2025"},"absolute_dates_time":{"created":"Posted on 4 julio, 2025 3:03 pm","modified":"Updated on 7 julio, 2025 12:04 pm"},"featured_img_caption":"","series_order":"","_links":{"self":[{"href":"https:\/\/www.ucatolica.edu.co\/portal\/wp-json\/wp\/v2\/posts\/118488","targetHints":{"allow":["GET"]}}],"collection":[{"href":"https:\/\/www.ucatolica.edu.co\/portal\/wp-json\/wp\/v2\/posts"}],"about":[{"href":"https:\/\/www.ucatolica.edu.co\/portal\/wp-json\/wp\/v2\/types\/post"}],"author":[{"embeddable":true,"href":"https:\/\/www.ucatolica.edu.co\/portal\/wp-json\/wp\/v2\/users\/4"}],"replies":[{"embeddable":true,"href":"https:\/\/www.ucatolica.edu.co\/portal\/wp-json\/wp\/v2\/comments?post=118488"}],"version-history":[{"count":4,"href":"https:\/\/www.ucatolica.edu.co\/portal\/wp-json\/wp\/v2\/posts\/118488\/revisions"}],"predecessor-version":[{"id":118517,"href":"https:\/\/www.ucatolica.edu.co\/portal\/wp-json\/wp\/v2\/posts\/118488\/revisions\/118517"}],"wp:featuredmedia":[{"embeddable":true,"href":"https:\/\/www.ucatolica.edu.co\/portal\/wp-json\/wp\/v2\/media\/118500"}],"wp:attachment":[{"href":"https:\/\/www.ucatolica.edu.co\/portal\/wp-json\/wp\/v2\/media?parent=118488"}],"wp:term":[{"taxonomy":"category","embeddable":true,"href":"https:\/\/www.ucatolica.edu.co\/portal\/wp-json\/wp\/v2\/categories?post=118488"},{"taxonomy":"post_tag","embeddable":true,"href":"https:\/\/www.ucatolica.edu.co\/portal\/wp-json\/wp\/v2\/tags?post=118488"}],"curies":[{"name":"wp","href":"https:\/\/api.w.org\/{rel}","templated":true}]}}