{"id":118493,"date":"2025-08-26T17:10:08","date_gmt":"2025-08-26T22:10:08","guid":{"rendered":"https:\/\/www.ucatolica.edu.co\/portal\/?p=118493"},"modified":"2025-08-26T17:10:09","modified_gmt":"2025-08-26T22:10:09","slug":"la-universidad-catolica-de-colombia-obtiene-acreditacion-internacional-sello-sofia","status":"publish","type":"post","link":"https:\/\/www.ucatolica.edu.co\/portal\/la-universidad-catolica-de-colombia-obtiene-acreditacion-internacional-sello-sofia\/","title":{"rendered":"La Universidad Cat\u00f3lica de Colombia obtiene Acreditaci\u00f3n Internacional Sello Sof\u00eda"},"content":{"rendered":"\n<p>Con gran orgullo, la Universidad Cat\u00f3lica de Colombia comparte con su comunidad acad\u00e9mica, administrativa y p\u00fablico en general, que ha sido distinguida con el <strong>Sello SOF\u00cdA<\/strong>; una acreditaci\u00f3n internacional otorgada por la <strong>Fundaci\u00f3n para el Conocimiento madri+d<\/strong>, organismo evaluador reconocido por la <strong>Asociaci\u00f3n Europea para la Calidad de la Educaci\u00f3n Superior (ENQA)<\/strong> e inscrito en el <strong>Registro Europeo de Garant\u00eda de la Calidad de la Educaci\u00f3n Superior (EQAR)<\/strong>.<\/p>\n\n\n\n<p>Esta acreditaci\u00f3n, basada en los <strong>Est\u00e1ndares y Directrices para el Aseguramiento de la Calidad en el Espacio Europeo de Educaci\u00f3n Superior (ESG)<\/strong>, representa un hito institucional de alto impacto, ya que reconoce la solidez y el compromiso de nuestra Universidad con la calidad acad\u00e9mica, la mejora continua y la internacionalizaci\u00f3n de sus procesos.<\/p>\n\n\n\n<p><em>\u201cOptamos por el Sello SOFIA porque no se trata de una acreditaci\u00f3n parcial o de programa, sino de un modelo <strong>institucional e integral<\/strong> que eval\u00faa todos los aspectos fundamentales de la vida universitaria. Esto nos permite validar la calidad de nuestra instituci\u00f3n frente a est\u00e1ndares europeos, fortalecer la movilidad acad\u00e9mica y abrir nuevas puertas a la cooperaci\u00f3n internacional\u201d Se\u00f1al\u00f3 el presidente de la Universidad, el Dr. Francisco G\u00f3mez Ortiz.<\/em><\/p>\n\n\n\n<p><strong>\u00bfQu\u00e9 implica este logro?<\/strong><\/p>\n\n\n\n<p>Obtener el Sello SOFIA beneficia directamente a <strong>estudiantes de pregrado y posgrado, docentes, investigadores, administrativos y egresados<\/strong>, al fortalecer la reputaci\u00f3n internacional de nuestra Universidad, facilitar convenios de doble titulaci\u00f3n, incrementar las oportunidades de movilidad y participaci\u00f3n en redes acad\u00e9micas y cient\u00edficas, y consolidar alianzas con instituciones de educaci\u00f3n superior en Europa.<\/p>\n\n\n\n<p><strong>Un proceso riguroso<\/strong><\/p>\n\n\n\n<p>La evaluaci\u00f3n de la Universidad se realiz\u00f3 bajo los criterios del modelo SOFIA, que analiza \u00e1reas clave como:<br><br>1. Pol\u00edtica y estrategia<br>2. Organizaci\u00f3n, financiaci\u00f3n y alianzas<br>3. Personal docente e investigador y de administraci\u00f3n y servicios<br>4. Recursos materiales y servicios<br>5. Formaci\u00f3n<br>6. Investigaci\u00f3n y transferencia del conocimiento<br>7. Vinculaci\u00f3n con el entorno<br>8. Sistema de aseguramiento de la calidad<br>9. Gesti\u00f3n de la informaci\u00f3n e informaci\u00f3n p\u00fablica<br>10.  Programas de mejora<\/p>\n\n\n\n<p>Durante el proceso, se valoraron nuestras capacidades institucionales, resultados concretos y el compromiso sostenido con la excelencia acad\u00e9mica.<\/p>\n\n\n\n<p><strong>Una acreditaci\u00f3n que nos proyecta hacia el futuro<\/strong><\/p>\n\n\n\n<p>El Sello SOFIA tiene una vigencia de <strong>cinco a\u00f1os<\/strong> y permite a nuestra Universidad figurar en las bases de datos europeas de aseguramiento de calidad. No obstante, m\u00e1s all\u00e1 de ser un reconocimiento, representa tambi\u00e9n un compromiso con el futuro.<\/p>\n\n\n\n<p><em>\u201cRecibir esta acreditaci\u00f3n internacional es un logro que celebramos con orgullo, pero tambi\u00e9n implica una gran responsabilidad. Debemos asegurar que el sello no se convierta en un reconocimiento simb\u00f3lico, sino en una gu\u00eda que impulse una transformaci\u00f3n real<\/em>\u201d. Destac\u00f3 la rector\u00eda de la Universidad.<\/p>\n\n\n\n<p>Este reconocimiento internacional reafirma nuestra misi\u00f3n como instituci\u00f3n educativa: formar profesionales \u00edntegros, cr\u00edticos y comprometidos con el desarrollo del pa\u00eds, bajo criterios de calidad educativa reconocidos globalmente.<\/p>\n\n\n\n<p>La Universidad Cat\u00f3lica de Colombia agradece a cada uno de los miembros de su comunidad universitaria por hacer posible este logro. Seguiremos trabajando unidos por una educaci\u00f3n superior con excelencia, calidad, impacto y proyecci\u00f3n internacional.<\/p>\n","protected":false},"excerpt":{"rendered":"<p>Con gran orgullo, la Universidad Cat\u00f3lica de Colombia comparte con su comunidad acad\u00e9mica, administrativa y p\u00fablico en general, que ha sido distinguida con el Sello SOF\u00cdA; una acreditaci\u00f3n internacional otorgada por la Fundaci\u00f3n para el Conocimiento madri+d, organismo evaluador reconocido por la Asociaci\u00f3n Europea para la Calidad de la Educaci\u00f3n Superior (ENQA) e inscrito en [&hellip;]<\/p>\n","protected":false},"author":4,"featured_media":118495,"comment_status":"open","ping_status":"open","sticky":false,"template":"","format":"standard","meta":{"_acf_changed":false,"advgb_blocks_editor_width":"","advgb_blocks_columns_visual_guide":"","footnotes":""},"categories":[1816],"tags":[3222,3223,3224,3055],"class_list":["post-118493","post","type-post","status-publish","format-standard","has-post-thumbnail","hentry","category-noticias-destacadas","tag-acreditacion-internacional-sello-sofia","tag-enqa","tag-eqar","tag-fundacion-para-el-conocimiento-madrid"],"acf":[],"yoast_head":"<!-- This site is optimized with the Yoast SEO plugin v26.7 - https:\/\/yoast.com\/wordpress\/plugins\/seo\/ -->\n<title>La Universidad Cat\u00f3lica de Colombia obtiene Acreditaci\u00f3n Internacional Sello Sof\u00eda - Universidad Cat\u00f3lica De Colombia<\/title>\n<meta name=\"robots\" content=\"index, follow, max-snippet:-1, max-image-preview:large, max-video-preview:-1\" \/>\n<link rel=\"canonical\" href=\"https:\/\/www.ucatolica.edu.co\/portal\/la-universidad-catolica-de-colombia-obtiene-acreditacion-internacional-sello-sofia\/\" \/>\n<meta property=\"og:locale\" content=\"es_ES\" \/>\n<meta property=\"og:type\" content=\"article\" \/>\n<meta property=\"og:title\" content=\"La Universidad Cat\u00f3lica de Colombia obtiene Acreditaci\u00f3n Internacional Sello Sof\u00eda - Universidad Cat\u00f3lica De Colombia\" \/>\n<meta property=\"og:description\" content=\"Con gran orgullo, la Universidad Cat\u00f3lica de Colombia comparte con su comunidad acad\u00e9mica, administrativa y p\u00fablico en general, que ha sido distinguida con el Sello SOF\u00cdA; una acreditaci\u00f3n internacional otorgada por la Fundaci\u00f3n para el Conocimiento madri+d, organismo evaluador reconocido por la Asociaci\u00f3n Europea para la Calidad de la Educaci\u00f3n Superior (ENQA) e inscrito en [&hellip;]\" \/>\n<meta property=\"og:url\" content=\"https:\/\/www.ucatolica.edu.co\/portal\/la-universidad-catolica-de-colombia-obtiene-acreditacion-internacional-sello-sofia\/\" \/>\n<meta property=\"og:site_name\" content=\"Universidad Cat\u00f3lica De Colombia\" \/>\n<meta property=\"article:publisher\" content=\"https:\/\/www.facebook.com\/ucatolicacolombia\" \/>\n<meta property=\"article:published_time\" content=\"2025-08-26T22:10:08+00:00\" \/>\n<meta property=\"article:modified_time\" content=\"2025-08-26T22:10:09+00:00\" \/>\n<meta property=\"og:image\" content=\"https:\/\/www.ucatolica.edu.co\/portal\/wp-content\/uploads\/2025\/07\/Sello-Sofia-Noticia2.jpg\" \/>\n\t<meta property=\"og:image:width\" content=\"870\" \/>\n\t<meta property=\"og:image:height\" content=\"522\" \/>\n\t<meta property=\"og:image:type\" content=\"image\/jpeg\" \/>\n<meta name=\"author\" content=\"Cindy Lugo\" \/>\n<meta name=\"twitter:card\" content=\"summary_large_image\" \/>\n<meta name=\"twitter:creator\" content=\"@UCatolicaCol\" \/>\n<meta name=\"twitter:site\" content=\"@UCatolicaCol\" \/>\n<meta name=\"twitter:label1\" content=\"Escrito por\" \/>\n\t<meta name=\"twitter:data1\" content=\"Cindy Lugo\" \/>\n\t<meta name=\"twitter:label2\" content=\"Tiempo de lectura\" \/>\n\t<meta name=\"twitter:data2\" content=\"3 minutos\" \/>\n<script type=\"application\/ld+json\" class=\"yoast-schema-graph\">{\"@context\":\"https:\/\/schema.org\",\"@graph\":[{\"@type\":\"Article\",\"@id\":\"https:\/\/www.ucatolica.edu.co\/portal\/la-universidad-catolica-de-colombia-obtiene-acreditacion-internacional-sello-sofia\/#article\",\"isPartOf\":{\"@id\":\"https:\/\/www.ucatolica.edu.co\/portal\/la-universidad-catolica-de-colombia-obtiene-acreditacion-internacional-sello-sofia\/\"},\"author\":{\"name\":\"Cindy Lugo\",\"@id\":\"https:\/\/www.ucatolica.edu.co\/portal\/#\/schema\/person\/a7469afff252fba81c6cdc40c80f00b6\"},\"headline\":\"La Universidad Cat\u00f3lica de Colombia obtiene Acreditaci\u00f3n Internacional Sello Sof\u00eda\",\"datePublished\":\"2025-08-26T22:10:08+00:00\",\"dateModified\":\"2025-08-26T22:10:09+00:00\",\"mainEntityOfPage\":{\"@id\":\"https:\/\/www.ucatolica.edu.co\/portal\/la-universidad-catolica-de-colombia-obtiene-acreditacion-internacional-sello-sofia\/\"},\"wordCount\":558,\"commentCount\":0,\"publisher\":{\"@id\":\"https:\/\/www.ucatolica.edu.co\/portal\/#organization\"},\"image\":{\"@id\":\"https:\/\/www.ucatolica.edu.co\/portal\/la-universidad-catolica-de-colombia-obtiene-acreditacion-internacional-sello-sofia\/#primaryimage\"},\"thumbnailUrl\":\"https:\/\/www.ucatolica.edu.co\/portal\/wp-content\/uploads\/2025\/07\/Sello-Sofia-Noticia2.jpg\",\"keywords\":[\"Acreditaci\u00f3n internacional Sello Sofia\",\"ENQA\",\"EQAR\",\"Fundaci\u00f3n para el Conocimiento Madri+d\"],\"articleSection\":[\"Noticias Destacadas\"],\"inLanguage\":\"es-CO\"},{\"@type\":\"WebPage\",\"@id\":\"https:\/\/www.ucatolica.edu.co\/portal\/la-universidad-catolica-de-colombia-obtiene-acreditacion-internacional-sello-sofia\/\",\"url\":\"https:\/\/www.ucatolica.edu.co\/portal\/la-universidad-catolica-de-colombia-obtiene-acreditacion-internacional-sello-sofia\/\",\"name\":\"La Universidad Cat\u00f3lica de Colombia obtiene Acreditaci\u00f3n Internacional Sello Sof\u00eda - Universidad Cat\u00f3lica De Colombia\",\"isPartOf\":{\"@id\":\"https:\/\/www.ucatolica.edu.co\/portal\/#website\"},\"primaryImageOfPage\":{\"@id\":\"https:\/\/www.ucatolica.edu.co\/portal\/la-universidad-catolica-de-colombia-obtiene-acreditacion-internacional-sello-sofia\/#primaryimage\"},\"image\":{\"@id\":\"https:\/\/www.ucatolica.edu.co\/portal\/la-universidad-catolica-de-colombia-obtiene-acreditacion-internacional-sello-sofia\/#primaryimage\"},\"thumbnailUrl\":\"https:\/\/www.ucatolica.edu.co\/portal\/wp-content\/uploads\/2025\/07\/Sello-Sofia-Noticia2.jpg\",\"datePublished\":\"2025-08-26T22:10:08+00:00\",\"dateModified\":\"2025-08-26T22:10:09+00:00\",\"breadcrumb\":{\"@id\":\"https:\/\/www.ucatolica.edu.co\/portal\/la-universidad-catolica-de-colombia-obtiene-acreditacion-internacional-sello-sofia\/#breadcrumb\"},\"inLanguage\":\"es-CO\",\"potentialAction\":[{\"@type\":\"ReadAction\",\"target\":[\"https:\/\/www.ucatolica.edu.co\/portal\/la-universidad-catolica-de-colombia-obtiene-acreditacion-internacional-sello-sofia\/\"]}]},{\"@type\":\"ImageObject\",\"inLanguage\":\"es-CO\",\"@id\":\"https:\/\/www.ucatolica.edu.co\/portal\/la-universidad-catolica-de-colombia-obtiene-acreditacion-internacional-sello-sofia\/#primaryimage\",\"url\":\"https:\/\/www.ucatolica.edu.co\/portal\/wp-content\/uploads\/2025\/07\/Sello-Sofia-Noticia2.jpg\",\"contentUrl\":\"https:\/\/www.ucatolica.edu.co\/portal\/wp-content\/uploads\/2025\/07\/Sello-Sofia-Noticia2.jpg\",\"width\":870,\"height\":522,\"caption\":\"Edificio de la Carrera 13\"},{\"@type\":\"BreadcrumbList\",\"@id\":\"https:\/\/www.ucatolica.edu.co\/portal\/la-universidad-catolica-de-colombia-obtiene-acreditacion-internacional-sello-sofia\/#breadcrumb\",\"itemListElement\":[{\"@type\":\"ListItem\",\"position\":1,\"name\":\"Inicio\",\"item\":\"https:\/\/www.ucatolica.edu.co\/portal\/\"},{\"@type\":\"ListItem\",\"position\":2,\"name\":\"La Universidad Cat\u00f3lica de Colombia obtiene Acreditaci\u00f3n Internacional Sello Sof\u00eda\"}]},{\"@type\":\"WebSite\",\"@id\":\"https:\/\/www.ucatolica.edu.co\/portal\/#website\",\"url\":\"https:\/\/www.ucatolica.edu.co\/portal\/\",\"name\":\"Universidad Cat\u00f3lica De Colombia\",\"description\":\"Universidad Cat\u00f3lica De Colombia\",\"publisher\":{\"@id\":\"https:\/\/www.ucatolica.edu.co\/portal\/#organization\"},\"potentialAction\":[{\"@type\":\"SearchAction\",\"target\":{\"@type\":\"EntryPoint\",\"urlTemplate\":\"https:\/\/www.ucatolica.edu.co\/portal\/?s={search_term_string}\"},\"query-input\":{\"@type\":\"PropertyValueSpecification\",\"valueRequired\":true,\"valueName\":\"search_term_string\"}}],\"inLanguage\":\"es-CO\"},{\"@type\":\"Organization\",\"@id\":\"https:\/\/www.ucatolica.edu.co\/portal\/#organization\",\"name\":\"Universidad Cat\u00f3lica de Colombia\",\"url\":\"https:\/\/www.ucatolica.edu.co\/portal\/\",\"logo\":{\"@type\":\"ImageObject\",\"inLanguage\":\"es-CO\",\"@id\":\"https:\/\/www.ucatolica.edu.co\/portal\/#\/schema\/logo\/image\/\",\"url\":\"https:\/\/www.ucatolica.edu.co\/portal\/wp-content\/uploads\/2021\/06\/logo-header-ho-1.svg\",\"contentUrl\":\"https:\/\/www.ucatolica.edu.co\/portal\/wp-content\/uploads\/2021\/06\/logo-header-ho-1.svg\",\"width\":1,\"height\":1,\"caption\":\"Universidad Cat\u00f3lica de Colombia\"},\"image\":{\"@id\":\"https:\/\/www.ucatolica.edu.co\/portal\/#\/schema\/logo\/image\/\"},\"sameAs\":[\"https:\/\/www.facebook.com\/ucatolicacolombia\",\"https:\/\/x.com\/UCatolicaCol\",\"https:\/\/www.instagram.com\/universidadcatolicadecolombia\/\",\"https:\/\/www.linkedin.com\/company\/universidadcatolicadecolombia\/\",\"https:\/\/www.youtube.com\/user\/UCatolicaCo\"]},{\"@type\":\"Person\",\"@id\":\"https:\/\/www.ucatolica.edu.co\/portal\/#\/schema\/person\/a7469afff252fba81c6cdc40c80f00b6\",\"name\":\"Cindy Lugo\",\"url\":\"https:\/\/www.ucatolica.edu.co\/portal\/author\/cindy\/\"}]}<\/script>\n<!-- \/ Yoast SEO plugin. -->","yoast_head_json":{"title":"La Universidad Cat\u00f3lica de Colombia obtiene Acreditaci\u00f3n Internacional Sello Sof\u00eda - Universidad Cat\u00f3lica De Colombia","robots":{"index":"index","follow":"follow","max-snippet":"max-snippet:-1","max-image-preview":"max-image-preview:large","max-video-preview":"max-video-preview:-1"},"canonical":"https:\/\/www.ucatolica.edu.co\/portal\/la-universidad-catolica-de-colombia-obtiene-acreditacion-internacional-sello-sofia\/","og_locale":"es_ES","og_type":"article","og_title":"La Universidad Cat\u00f3lica de Colombia obtiene Acreditaci\u00f3n Internacional Sello Sof\u00eda - Universidad Cat\u00f3lica De Colombia","og_description":"Con gran orgullo, la Universidad Cat\u00f3lica de Colombia comparte con su comunidad acad\u00e9mica, administrativa y p\u00fablico en general, que ha sido distinguida con el Sello SOF\u00cdA; una acreditaci\u00f3n internacional otorgada por la Fundaci\u00f3n para el Conocimiento madri+d, organismo evaluador reconocido por la Asociaci\u00f3n Europea para la Calidad de la Educaci\u00f3n Superior (ENQA) e inscrito en [&hellip;]","og_url":"https:\/\/www.ucatolica.edu.co\/portal\/la-universidad-catolica-de-colombia-obtiene-acreditacion-internacional-sello-sofia\/","og_site_name":"Universidad Cat\u00f3lica De Colombia","article_publisher":"https:\/\/www.facebook.com\/ucatolicacolombia","article_published_time":"2025-08-26T22:10:08+00:00","article_modified_time":"2025-08-26T22:10:09+00:00","og_image":[{"width":870,"height":522,"url":"https:\/\/www.ucatolica.edu.co\/portal\/wp-content\/uploads\/2025\/07\/Sello-Sofia-Noticia2.jpg","type":"image\/jpeg"}],"author":"Cindy Lugo","twitter_card":"summary_large_image","twitter_creator":"@UCatolicaCol","twitter_site":"@UCatolicaCol","twitter_misc":{"Escrito por":"Cindy Lugo","Tiempo de lectura":"3 minutos"},"schema":{"@context":"https:\/\/schema.org","@graph":[{"@type":"Article","@id":"https:\/\/www.ucatolica.edu.co\/portal\/la-universidad-catolica-de-colombia-obtiene-acreditacion-internacional-sello-sofia\/#article","isPartOf":{"@id":"https:\/\/www.ucatolica.edu.co\/portal\/la-universidad-catolica-de-colombia-obtiene-acreditacion-internacional-sello-sofia\/"},"author":{"name":"Cindy Lugo","@id":"https:\/\/www.ucatolica.edu.co\/portal\/#\/schema\/person\/a7469afff252fba81c6cdc40c80f00b6"},"headline":"La Universidad Cat\u00f3lica de Colombia obtiene Acreditaci\u00f3n Internacional Sello Sof\u00eda","datePublished":"2025-08-26T22:10:08+00:00","dateModified":"2025-08-26T22:10:09+00:00","mainEntityOfPage":{"@id":"https:\/\/www.ucatolica.edu.co\/portal\/la-universidad-catolica-de-colombia-obtiene-acreditacion-internacional-sello-sofia\/"},"wordCount":558,"commentCount":0,"publisher":{"@id":"https:\/\/www.ucatolica.edu.co\/portal\/#organization"},"image":{"@id":"https:\/\/www.ucatolica.edu.co\/portal\/la-universidad-catolica-de-colombia-obtiene-acreditacion-internacional-sello-sofia\/#primaryimage"},"thumbnailUrl":"https:\/\/www.ucatolica.edu.co\/portal\/wp-content\/uploads\/2025\/07\/Sello-Sofia-Noticia2.jpg","keywords":["Acreditaci\u00f3n internacional Sello Sofia","ENQA","EQAR","Fundaci\u00f3n para el Conocimiento Madri+d"],"articleSection":["Noticias Destacadas"],"inLanguage":"es-CO"},{"@type":"WebPage","@id":"https:\/\/www.ucatolica.edu.co\/portal\/la-universidad-catolica-de-colombia-obtiene-acreditacion-internacional-sello-sofia\/","url":"https:\/\/www.ucatolica.edu.co\/portal\/la-universidad-catolica-de-colombia-obtiene-acreditacion-internacional-sello-sofia\/","name":"La Universidad Cat\u00f3lica de Colombia obtiene Acreditaci\u00f3n Internacional Sello Sof\u00eda - Universidad Cat\u00f3lica De Colombia","isPartOf":{"@id":"https:\/\/www.ucatolica.edu.co\/portal\/#website"},"primaryImageOfPage":{"@id":"https:\/\/www.ucatolica.edu.co\/portal\/la-universidad-catolica-de-colombia-obtiene-acreditacion-internacional-sello-sofia\/#primaryimage"},"image":{"@id":"https:\/\/www.ucatolica.edu.co\/portal\/la-universidad-catolica-de-colombia-obtiene-acreditacion-internacional-sello-sofia\/#primaryimage"},"thumbnailUrl":"https:\/\/www.ucatolica.edu.co\/portal\/wp-content\/uploads\/2025\/07\/Sello-Sofia-Noticia2.jpg","datePublished":"2025-08-26T22:10:08+00:00","dateModified":"2025-08-26T22:10:09+00:00","breadcrumb":{"@id":"https:\/\/www.ucatolica.edu.co\/portal\/la-universidad-catolica-de-colombia-obtiene-acreditacion-internacional-sello-sofia\/#breadcrumb"},"inLanguage":"es-CO","potentialAction":[{"@type":"ReadAction","target":["https:\/\/www.ucatolica.edu.co\/portal\/la-universidad-catolica-de-colombia-obtiene-acreditacion-internacional-sello-sofia\/"]}]},{"@type":"ImageObject","inLanguage":"es-CO","@id":"https:\/\/www.ucatolica.edu.co\/portal\/la-universidad-catolica-de-colombia-obtiene-acreditacion-internacional-sello-sofia\/#primaryimage","url":"https:\/\/www.ucatolica.edu.co\/portal\/wp-content\/uploads\/2025\/07\/Sello-Sofia-Noticia2.jpg","contentUrl":"https:\/\/www.ucatolica.edu.co\/portal\/wp-content\/uploads\/2025\/07\/Sello-Sofia-Noticia2.jpg","width":870,"height":522,"caption":"Edificio de la Carrera 13"},{"@type":"BreadcrumbList","@id":"https:\/\/www.ucatolica.edu.co\/portal\/la-universidad-catolica-de-colombia-obtiene-acreditacion-internacional-sello-sofia\/#breadcrumb","itemListElement":[{"@type":"ListItem","position":1,"name":"Inicio","item":"https:\/\/www.ucatolica.edu.co\/portal\/"},{"@type":"ListItem","position":2,"name":"La Universidad Cat\u00f3lica de Colombia obtiene Acreditaci\u00f3n Internacional Sello Sof\u00eda"}]},{"@type":"WebSite","@id":"https:\/\/www.ucatolica.edu.co\/portal\/#website","url":"https:\/\/www.ucatolica.edu.co\/portal\/","name":"Universidad Cat\u00f3lica De Colombia","description":"Universidad Cat\u00f3lica De Colombia","publisher":{"@id":"https:\/\/www.ucatolica.edu.co\/portal\/#organization"},"potentialAction":[{"@type":"SearchAction","target":{"@type":"EntryPoint","urlTemplate":"https:\/\/www.ucatolica.edu.co\/portal\/?s={search_term_string}"},"query-input":{"@type":"PropertyValueSpecification","valueRequired":true,"valueName":"search_term_string"}}],"inLanguage":"es-CO"},{"@type":"Organization","@id":"https:\/\/www.ucatolica.edu.co\/portal\/#organization","name":"Universidad Cat\u00f3lica de Colombia","url":"https:\/\/www.ucatolica.edu.co\/portal\/","logo":{"@type":"ImageObject","inLanguage":"es-CO","@id":"https:\/\/www.ucatolica.edu.co\/portal\/#\/schema\/logo\/image\/","url":"https:\/\/www.ucatolica.edu.co\/portal\/wp-content\/uploads\/2021\/06\/logo-header-ho-1.svg","contentUrl":"https:\/\/www.ucatolica.edu.co\/portal\/wp-content\/uploads\/2021\/06\/logo-header-ho-1.svg","width":1,"height":1,"caption":"Universidad Cat\u00f3lica de Colombia"},"image":{"@id":"https:\/\/www.ucatolica.edu.co\/portal\/#\/schema\/logo\/image\/"},"sameAs":["https:\/\/www.facebook.com\/ucatolicacolombia","https:\/\/x.com\/UCatolicaCol","https:\/\/www.instagram.com\/universidadcatolicadecolombia\/","https:\/\/www.linkedin.com\/company\/universidadcatolicadecolombia\/","https:\/\/www.youtube.com\/user\/UCatolicaCo"]},{"@type":"Person","@id":"https:\/\/www.ucatolica.edu.co\/portal\/#\/schema\/person\/a7469afff252fba81c6cdc40c80f00b6","name":"Cindy Lugo","url":"https:\/\/www.ucatolica.edu.co\/portal\/author\/cindy\/"}]}},"author_meta":{"display_name":"Cindy Lugo","author_link":"https:\/\/www.ucatolica.edu.co\/portal\/author\/cindy\/"},"featured_img":"https:\/\/www.ucatolica.edu.co\/portal\/wp-content\/uploads\/2025\/07\/Sello-Sofia-Noticia2.jpg","coauthors":[],"tax_additional":{"categories":{"linked":["<a href=\"https:\/\/www.ucatolica.edu.co\/portal\/category\/noticias-destacadas\/\" class=\"advgb-post-tax-term\">Noticias Destacadas<\/a>"],"unlinked":["<span class=\"advgb-post-tax-term\">Noticias Destacadas<\/span>"]},"tags":{"linked":["<a href=\"https:\/\/www.ucatolica.edu.co\/portal\/category\/noticias-destacadas\/\" class=\"advgb-post-tax-term\">Acreditaci\u00f3n internacional Sello Sofia<\/a>","<a href=\"https:\/\/www.ucatolica.edu.co\/portal\/category\/noticias-destacadas\/\" class=\"advgb-post-tax-term\">ENQA<\/a>","<a href=\"https:\/\/www.ucatolica.edu.co\/portal\/category\/noticias-destacadas\/\" class=\"advgb-post-tax-term\">EQAR<\/a>","<a href=\"https:\/\/www.ucatolica.edu.co\/portal\/category\/noticias-destacadas\/\" class=\"advgb-post-tax-term\">Fundaci\u00f3n para el Conocimiento Madri+d<\/a>"],"unlinked":["<span class=\"advgb-post-tax-term\">Acreditaci\u00f3n internacional Sello Sofia<\/span>","<span class=\"advgb-post-tax-term\">ENQA<\/span>","<span class=\"advgb-post-tax-term\">EQAR<\/span>","<span class=\"advgb-post-tax-term\">Fundaci\u00f3n para el Conocimiento Madri+d<\/span>"]}},"comment_count":"0","relative_dates":{"created":"Posted 8 meses ago","modified":"Updated 8 meses ago"},"absolute_dates":{"created":"Posted on 26 agosto, 2025","modified":"Updated on 26 agosto, 2025"},"absolute_dates_time":{"created":"Posted on 26 agosto, 2025 5:10 pm","modified":"Updated on 26 agosto, 2025 5:10 pm"},"featured_img_caption":"","series_order":"","_links":{"self":[{"href":"https:\/\/www.ucatolica.edu.co\/portal\/wp-json\/wp\/v2\/posts\/118493","targetHints":{"allow":["GET"]}}],"collection":[{"href":"https:\/\/www.ucatolica.edu.co\/portal\/wp-json\/wp\/v2\/posts"}],"about":[{"href":"https:\/\/www.ucatolica.edu.co\/portal\/wp-json\/wp\/v2\/types\/post"}],"author":[{"embeddable":true,"href":"https:\/\/www.ucatolica.edu.co\/portal\/wp-json\/wp\/v2\/users\/4"}],"replies":[{"embeddable":true,"href":"https:\/\/www.ucatolica.edu.co\/portal\/wp-json\/wp\/v2\/comments?post=118493"}],"version-history":[{"count":6,"href":"https:\/\/www.ucatolica.edu.co\/portal\/wp-json\/wp\/v2\/posts\/118493\/revisions"}],"predecessor-version":[{"id":118604,"href":"https:\/\/www.ucatolica.edu.co\/portal\/wp-json\/wp\/v2\/posts\/118493\/revisions\/118604"}],"wp:featuredmedia":[{"embeddable":true,"href":"https:\/\/www.ucatolica.edu.co\/portal\/wp-json\/wp\/v2\/media\/118495"}],"wp:attachment":[{"href":"https:\/\/www.ucatolica.edu.co\/portal\/wp-json\/wp\/v2\/media?parent=118493"}],"wp:term":[{"taxonomy":"category","embeddable":true,"href":"https:\/\/www.ucatolica.edu.co\/portal\/wp-json\/wp\/v2\/categories?post=118493"},{"taxonomy":"post_tag","embeddable":true,"href":"https:\/\/www.ucatolica.edu.co\/portal\/wp-json\/wp\/v2\/tags?post=118493"}],"curies":[{"name":"wp","href":"https:\/\/api.w.org\/{rel}","templated":true}]}}