{"id":118550,"date":"2025-07-17T12:26:31","date_gmt":"2025-07-17T17:26:31","guid":{"rendered":"https:\/\/www.ucatolica.edu.co\/portal\/?p=118550"},"modified":"2025-07-17T12:26:32","modified_gmt":"2025-07-17T17:26:32","slug":"vive-el-idioma-vive-brasil-aprende-portugues-desde-la-experiencia","status":"publish","type":"post","link":"https:\/\/www.ucatolica.edu.co\/portal\/vive-el-idioma-vive-brasil-aprende-portugues-desde-la-experiencia\/","title":{"rendered":"Vive el idioma, vive Brasil: aprende portugu\u00e9s desde la experiencia"},"content":{"rendered":"\n<p>La Oficina de Relaciones Internacionales e Interinstitucionales (ORII) y el Instituto de Lenguas de la Universidad Cat\u00f3lica de Colombia anuncian la apertura de la convocatoria interna para la <strong>Movilidad Acad\u00e9mica en Brasil<\/strong>, dirigida a <strong>profesores de planta de tiempo completo<\/strong> interesados en aprender <strong>portugu\u00e9s como lengua extranjera<\/strong>.<\/p>\n\n\n\n<p>El programa se desarrollar\u00e1 durante <strong>tres semanas entre enero y febrero de 2026<\/strong> y ser\u00e1 presentado a la convocatoria \u201cEnse\u00f1anza y Protecci\u00f3n de Lenguas\u201d del programa <strong>Expertos Internacionales de ICETEX 2025<\/strong>, entidad encargada de la selecci\u00f3n final.<\/p>\n\n\n\n<p><strong>\u00bfQu\u00e9 incluye la beca?<\/strong><\/p>\n\n\n\n<ul class=\"wp-block-list\">\n<li><strong>ICETEX cubre:<\/strong>\n<ul class=\"wp-block-list\">\n<li>Tiquetes a\u00e9reos ida y regreso en clase econ\u00f3mica.<\/li>\n\n\n\n<li>Apoyo econ\u00f3mico para alimentaci\u00f3n, alojamiento y transporte local.<\/li>\n\n\n\n<li>Costos del curso de formaci\u00f3n en Brasil (niveles A1 y A2).<\/li>\n<\/ul>\n<\/li>\n\n\n\n<li><strong>La Universidad Cat\u00f3lica de Colombia otorga:<\/strong>\n<ul class=\"wp-block-list\">\n<li>Descarga de actividades durante la estancia.<\/li>\n\n\n\n<li>Pago de salario con prestaciones sociales.<\/li>\n\n\n\n<li>Seguro m\u00e9dico internacional activado por la ARL.<\/li>\n<\/ul>\n<\/li>\n<\/ul>\n\n\n\n<p><strong>Requisitos principales:<\/strong><\/p>\n\n\n\n<ul class=\"wp-block-list\">\n<li>Tener al menos un a\u00f1o de vinculaci\u00f3n como profesor de planta.<\/li>\n\n\n\n<li>Aval del Consejo de Facultad sobre desempe\u00f1o, compromisos y m\u00e9ritos.<\/li>\n\n\n\n<li>Plan de trabajo firmado que cubra las actividades durante la ausencia.<\/li>\n\n\n\n<li>Compromiso de retornar al pa\u00eds y cumplir con actividades de retorno como:\n<ul class=\"wp-block-list\">\n<li>Informe y socializaci\u00f3n de la experiencia.<\/li>\n\n\n\n<li>Desarrollo de un curso COIL en portugu\u00e9s.<\/li>\n\n\n\n<li>Apoyo a la promoci\u00f3n institucional de la lusofon\u00eda.<\/li>\n<\/ul>\n<\/li>\n<\/ul>\n\n\n\n<p><strong>Fechas clave:<\/strong><\/p>\n\n\n\n<ul class=\"wp-block-list\">\n<li><strong>Apertura de la convocatoria:<\/strong> 16 de julio de 2025<\/li>\n\n\n\n<li><strong>Cierre de postulaciones:<\/strong> 28 de julio de 2025 a las 2:00 p.m.<\/li>\n\n\n\n<li><strong>Publicaci\u00f3n de resultados de ICETEX:<\/strong> entre el 29 de agosto y el 10 de septiembre de 2025<\/li>\n<\/ul>\n\n\n\n<p><strong>Postulaci\u00f3n:<\/strong><\/p>\n\n\n\n<p>Los interesados deber\u00e1n enviar su documentaci\u00f3n a trav\u00e9s del <strong>Coordinador de Internacionalizaci\u00f3n<\/strong> de su unidad acad\u00e9mica a los correos:<br><a href=\"mailto:cooperacioninternacional@ucatolica.edu.co\">cooperacioninternacional@ucatolica.edu.co<\/a> y <a href=\"mailto:globalcampus@ucatolica.edu.co\">globalcampus@ucatolica.edu.co<\/a><\/p>\n\n\n\n<p>Conoce m\u00e1s acerca de los t\u00e9rminos y referencias <a href=\"\/Users\/User\/Downloads\/Convocatoria%20interna%20lengua_.pdf\">aqu\u00ed<\/a><\/p>\n\n\n\n<p><strong>M\u00e1s informaci\u00f3n<\/strong>:<\/p>\n\n\n\n<p>Heidy Johana Quintero Pati\u00f1o<\/p>\n\n\n\n<p>Coordinadora de Cooperaci\u00f3n Internacional<\/p>\n\n\n\n<p>Oficina de Relaciones Internacionales e Interinstitucionales<\/p>\n\n\n\n<p>Tel\u00e9fono: 433700 Ext. 3287<\/p>\n\n\n\n<p>cooperacioninternacional@ucatolica.edu.co<\/p>\n\n\n\n<p>Tania Alejandra Sarmiento Ramos<\/p>\n\n\n\n<p>Coordinadora de Asuntos Globales para el Campus<\/p>\n\n\n\n<p>Oficina de Relaciones Internacionales e Interinstitucionales<\/p>\n\n\n\n<p>Tel\u00e9fono: 433700 Ext. 3285<\/p>\n\n\n\n<p>globalcampus@ucatolica.edu.co<\/p>\n\n\n\n<p><\/p>\n","protected":false},"excerpt":{"rendered":"<p>La Oficina de Relaciones Internacionales e Interinstitucionales (ORII) y el Instituto de Lenguas de la Universidad Cat\u00f3lica de Colombia anuncian la apertura de la convocatoria interna para la Movilidad Acad\u00e9mica en Brasil, dirigida a profesores de planta de tiempo completo interesados en aprender portugu\u00e9s como lengua extranjera. El programa se desarrollar\u00e1 durante tres semanas entre [&hellip;]<\/p>\n","protected":false},"author":64,"featured_media":118909,"comment_status":"open","ping_status":"open","sticky":false,"template":"","format":"standard","meta":{"_acf_changed":false,"advgb_blocks_editor_width":"","advgb_blocks_columns_visual_guide":"","footnotes":""},"categories":[93],"tags":[1063,1528,591,479,265],"class_list":["post-118550","post","type-post","status-publish","format-standard","has-post-thumbnail","hentry","category-noticias-principales","tag-experiencia-internacional","tag-icetex","tag-instituto-de-lenguas","tag-orii","tag-universidad-catolica-de-colombia"],"acf":[],"yoast_head":"<!-- This site is optimized with the Yoast SEO plugin v26.7 - https:\/\/yoast.com\/wordpress\/plugins\/seo\/ -->\n<title>Vive el idioma, vive Brasil: aprende portugu\u00e9s desde la experiencia - Universidad Cat\u00f3lica De Colombia<\/title>\n<meta name=\"robots\" content=\"index, follow, max-snippet:-1, max-image-preview:large, max-video-preview:-1\" \/>\n<link rel=\"canonical\" href=\"https:\/\/www.ucatolica.edu.co\/portal\/vive-el-idioma-vive-brasil-aprende-portugues-desde-la-experiencia\/\" \/>\n<meta property=\"og:locale\" content=\"es_ES\" \/>\n<meta property=\"og:type\" content=\"article\" \/>\n<meta property=\"og:title\" content=\"Vive el idioma, vive Brasil: aprende portugu\u00e9s desde la experiencia - Universidad Cat\u00f3lica De Colombia\" \/>\n<meta property=\"og:description\" content=\"La Oficina de Relaciones Internacionales e Interinstitucionales (ORII) y el Instituto de Lenguas de la Universidad Cat\u00f3lica de Colombia anuncian la apertura de la convocatoria interna para la Movilidad Acad\u00e9mica en Brasil, dirigida a profesores de planta de tiempo completo interesados en aprender portugu\u00e9s como lengua extranjera. El programa se desarrollar\u00e1 durante tres semanas entre [&hellip;]\" \/>\n<meta property=\"og:url\" content=\"https:\/\/www.ucatolica.edu.co\/portal\/vive-el-idioma-vive-brasil-aprende-portugues-desde-la-experiencia\/\" \/>\n<meta property=\"og:site_name\" content=\"Universidad Cat\u00f3lica De Colombia\" \/>\n<meta property=\"article:publisher\" content=\"https:\/\/www.facebook.com\/ucatolicacolombia\" \/>\n<meta property=\"article:published_time\" content=\"2025-07-17T17:26:31+00:00\" \/>\n<meta property=\"article:modified_time\" content=\"2025-07-17T17:26:32+00:00\" \/>\n<meta property=\"og:image\" content=\"https:\/\/www.ucatolica.edu.co\/portal\/wp-content\/uploads\/2025\/07\/OP5046-Portugues-Noticia.jpg\" \/>\n\t<meta property=\"og:image:width\" content=\"870\" \/>\n\t<meta property=\"og:image:height\" content=\"522\" \/>\n\t<meta property=\"og:image:type\" content=\"image\/jpeg\" \/>\n<meta name=\"author\" content=\"Daniela Junco\" \/>\n<meta name=\"twitter:card\" content=\"summary_large_image\" \/>\n<meta name=\"twitter:creator\" content=\"@UCatolicaCol\" \/>\n<meta name=\"twitter:site\" content=\"@UCatolicaCol\" \/>\n<meta name=\"twitter:label1\" content=\"Escrito por\" \/>\n\t<meta name=\"twitter:data1\" content=\"Daniela Junco\" \/>\n\t<meta name=\"twitter:label2\" content=\"Tiempo de lectura\" \/>\n\t<meta name=\"twitter:data2\" content=\"2 minutos\" \/>\n<script type=\"application\/ld+json\" class=\"yoast-schema-graph\">{\"@context\":\"https:\/\/schema.org\",\"@graph\":[{\"@type\":\"Article\",\"@id\":\"https:\/\/www.ucatolica.edu.co\/portal\/vive-el-idioma-vive-brasil-aprende-portugues-desde-la-experiencia\/#article\",\"isPartOf\":{\"@id\":\"https:\/\/www.ucatolica.edu.co\/portal\/vive-el-idioma-vive-brasil-aprende-portugues-desde-la-experiencia\/\"},\"author\":{\"name\":\"Daniela Junco\",\"@id\":\"https:\/\/www.ucatolica.edu.co\/portal\/#\/schema\/person\/46b982b9085fee761b48b0bd54f8b9f8\"},\"headline\":\"Vive el idioma, vive Brasil: aprende portugu\u00e9s desde la experiencia\",\"datePublished\":\"2025-07-17T17:26:31+00:00\",\"dateModified\":\"2025-07-17T17:26:32+00:00\",\"mainEntityOfPage\":{\"@id\":\"https:\/\/www.ucatolica.edu.co\/portal\/vive-el-idioma-vive-brasil-aprende-portugues-desde-la-experiencia\/\"},\"wordCount\":371,\"commentCount\":0,\"publisher\":{\"@id\":\"https:\/\/www.ucatolica.edu.co\/portal\/#organization\"},\"image\":{\"@id\":\"https:\/\/www.ucatolica.edu.co\/portal\/vive-el-idioma-vive-brasil-aprende-portugues-desde-la-experiencia\/#primaryimage\"},\"thumbnailUrl\":\"https:\/\/www.ucatolica.edu.co\/portal\/wp-content\/uploads\/2025\/07\/OP5046-Portugues-Noticia.jpg\",\"keywords\":[\"Experiencia Internacional\",\"Icetex\",\"Instituto de Lenguas\",\"ORII\",\"Universidad Cat\u00f3lica de Colombia\"],\"articleSection\":[\"Noticias Principales\"],\"inLanguage\":\"es-CO\"},{\"@type\":\"WebPage\",\"@id\":\"https:\/\/www.ucatolica.edu.co\/portal\/vive-el-idioma-vive-brasil-aprende-portugues-desde-la-experiencia\/\",\"url\":\"https:\/\/www.ucatolica.edu.co\/portal\/vive-el-idioma-vive-brasil-aprende-portugues-desde-la-experiencia\/\",\"name\":\"Vive el idioma, vive Brasil: aprende portugu\u00e9s desde la experiencia - Universidad Cat\u00f3lica De Colombia\",\"isPartOf\":{\"@id\":\"https:\/\/www.ucatolica.edu.co\/portal\/#website\"},\"primaryImageOfPage\":{\"@id\":\"https:\/\/www.ucatolica.edu.co\/portal\/vive-el-idioma-vive-brasil-aprende-portugues-desde-la-experiencia\/#primaryimage\"},\"image\":{\"@id\":\"https:\/\/www.ucatolica.edu.co\/portal\/vive-el-idioma-vive-brasil-aprende-portugues-desde-la-experiencia\/#primaryimage\"},\"thumbnailUrl\":\"https:\/\/www.ucatolica.edu.co\/portal\/wp-content\/uploads\/2025\/07\/OP5046-Portugues-Noticia.jpg\",\"datePublished\":\"2025-07-17T17:26:31+00:00\",\"dateModified\":\"2025-07-17T17:26:32+00:00\",\"breadcrumb\":{\"@id\":\"https:\/\/www.ucatolica.edu.co\/portal\/vive-el-idioma-vive-brasil-aprende-portugues-desde-la-experiencia\/#breadcrumb\"},\"inLanguage\":\"es-CO\",\"potentialAction\":[{\"@type\":\"ReadAction\",\"target\":[\"https:\/\/www.ucatolica.edu.co\/portal\/vive-el-idioma-vive-brasil-aprende-portugues-desde-la-experiencia\/\"]}]},{\"@type\":\"ImageObject\",\"inLanguage\":\"es-CO\",\"@id\":\"https:\/\/www.ucatolica.edu.co\/portal\/vive-el-idioma-vive-brasil-aprende-portugues-desde-la-experiencia\/#primaryimage\",\"url\":\"https:\/\/www.ucatolica.edu.co\/portal\/wp-content\/uploads\/2025\/07\/OP5046-Portugues-Noticia.jpg\",\"contentUrl\":\"https:\/\/www.ucatolica.edu.co\/portal\/wp-content\/uploads\/2025\/07\/OP5046-Portugues-Noticia.jpg\",\"width\":870,\"height\":522},{\"@type\":\"BreadcrumbList\",\"@id\":\"https:\/\/www.ucatolica.edu.co\/portal\/vive-el-idioma-vive-brasil-aprende-portugues-desde-la-experiencia\/#breadcrumb\",\"itemListElement\":[{\"@type\":\"ListItem\",\"position\":1,\"name\":\"Inicio\",\"item\":\"https:\/\/www.ucatolica.edu.co\/portal\/\"},{\"@type\":\"ListItem\",\"position\":2,\"name\":\"Vive el idioma, vive Brasil: aprende portugu\u00e9s desde la experiencia\"}]},{\"@type\":\"WebSite\",\"@id\":\"https:\/\/www.ucatolica.edu.co\/portal\/#website\",\"url\":\"https:\/\/www.ucatolica.edu.co\/portal\/\",\"name\":\"Universidad Cat\u00f3lica De Colombia\",\"description\":\"Universidad Cat\u00f3lica De Colombia\",\"publisher\":{\"@id\":\"https:\/\/www.ucatolica.edu.co\/portal\/#organization\"},\"potentialAction\":[{\"@type\":\"SearchAction\",\"target\":{\"@type\":\"EntryPoint\",\"urlTemplate\":\"https:\/\/www.ucatolica.edu.co\/portal\/?s={search_term_string}\"},\"query-input\":{\"@type\":\"PropertyValueSpecification\",\"valueRequired\":true,\"valueName\":\"search_term_string\"}}],\"inLanguage\":\"es-CO\"},{\"@type\":\"Organization\",\"@id\":\"https:\/\/www.ucatolica.edu.co\/portal\/#organization\",\"name\":\"Universidad Cat\u00f3lica de Colombia\",\"url\":\"https:\/\/www.ucatolica.edu.co\/portal\/\",\"logo\":{\"@type\":\"ImageObject\",\"inLanguage\":\"es-CO\",\"@id\":\"https:\/\/www.ucatolica.edu.co\/portal\/#\/schema\/logo\/image\/\",\"url\":\"https:\/\/www.ucatolica.edu.co\/portal\/wp-content\/uploads\/2021\/06\/logo-header-ho-1.svg\",\"contentUrl\":\"https:\/\/www.ucatolica.edu.co\/portal\/wp-content\/uploads\/2021\/06\/logo-header-ho-1.svg\",\"width\":1,\"height\":1,\"caption\":\"Universidad Cat\u00f3lica de Colombia\"},\"image\":{\"@id\":\"https:\/\/www.ucatolica.edu.co\/portal\/#\/schema\/logo\/image\/\"},\"sameAs\":[\"https:\/\/www.facebook.com\/ucatolicacolombia\",\"https:\/\/x.com\/UCatolicaCol\",\"https:\/\/www.instagram.com\/universidadcatolicadecolombia\/\",\"https:\/\/www.linkedin.com\/company\/universidadcatolicadecolombia\/\",\"https:\/\/www.youtube.com\/user\/UCatolicaCo\"]},{\"@type\":\"Person\",\"@id\":\"https:\/\/www.ucatolica.edu.co\/portal\/#\/schema\/person\/46b982b9085fee761b48b0bd54f8b9f8\",\"name\":\"Daniela Junco\",\"url\":\"https:\/\/www.ucatolica.edu.co\/portal\/author\/daniela\/\"}]}<\/script>\n<!-- \/ Yoast SEO plugin. -->","yoast_head_json":{"title":"Vive el idioma, vive Brasil: aprende portugu\u00e9s desde la experiencia - Universidad Cat\u00f3lica De Colombia","robots":{"index":"index","follow":"follow","max-snippet":"max-snippet:-1","max-image-preview":"max-image-preview:large","max-video-preview":"max-video-preview:-1"},"canonical":"https:\/\/www.ucatolica.edu.co\/portal\/vive-el-idioma-vive-brasil-aprende-portugues-desde-la-experiencia\/","og_locale":"es_ES","og_type":"article","og_title":"Vive el idioma, vive Brasil: aprende portugu\u00e9s desde la experiencia - Universidad Cat\u00f3lica De Colombia","og_description":"La Oficina de Relaciones Internacionales e Interinstitucionales (ORII) y el Instituto de Lenguas de la Universidad Cat\u00f3lica de Colombia anuncian la apertura de la convocatoria interna para la Movilidad Acad\u00e9mica en Brasil, dirigida a profesores de planta de tiempo completo interesados en aprender portugu\u00e9s como lengua extranjera. El programa se desarrollar\u00e1 durante tres semanas entre [&hellip;]","og_url":"https:\/\/www.ucatolica.edu.co\/portal\/vive-el-idioma-vive-brasil-aprende-portugues-desde-la-experiencia\/","og_site_name":"Universidad Cat\u00f3lica De Colombia","article_publisher":"https:\/\/www.facebook.com\/ucatolicacolombia","article_published_time":"2025-07-17T17:26:31+00:00","article_modified_time":"2025-07-17T17:26:32+00:00","og_image":[{"width":870,"height":522,"url":"https:\/\/www.ucatolica.edu.co\/portal\/wp-content\/uploads\/2025\/07\/OP5046-Portugues-Noticia.jpg","type":"image\/jpeg"}],"author":"Daniela Junco","twitter_card":"summary_large_image","twitter_creator":"@UCatolicaCol","twitter_site":"@UCatolicaCol","twitter_misc":{"Escrito por":"Daniela Junco","Tiempo de lectura":"2 minutos"},"schema":{"@context":"https:\/\/schema.org","@graph":[{"@type":"Article","@id":"https:\/\/www.ucatolica.edu.co\/portal\/vive-el-idioma-vive-brasil-aprende-portugues-desde-la-experiencia\/#article","isPartOf":{"@id":"https:\/\/www.ucatolica.edu.co\/portal\/vive-el-idioma-vive-brasil-aprende-portugues-desde-la-experiencia\/"},"author":{"name":"Daniela Junco","@id":"https:\/\/www.ucatolica.edu.co\/portal\/#\/schema\/person\/46b982b9085fee761b48b0bd54f8b9f8"},"headline":"Vive el idioma, vive Brasil: aprende portugu\u00e9s desde la experiencia","datePublished":"2025-07-17T17:26:31+00:00","dateModified":"2025-07-17T17:26:32+00:00","mainEntityOfPage":{"@id":"https:\/\/www.ucatolica.edu.co\/portal\/vive-el-idioma-vive-brasil-aprende-portugues-desde-la-experiencia\/"},"wordCount":371,"commentCount":0,"publisher":{"@id":"https:\/\/www.ucatolica.edu.co\/portal\/#organization"},"image":{"@id":"https:\/\/www.ucatolica.edu.co\/portal\/vive-el-idioma-vive-brasil-aprende-portugues-desde-la-experiencia\/#primaryimage"},"thumbnailUrl":"https:\/\/www.ucatolica.edu.co\/portal\/wp-content\/uploads\/2025\/07\/OP5046-Portugues-Noticia.jpg","keywords":["Experiencia Internacional","Icetex","Instituto de Lenguas","ORII","Universidad Cat\u00f3lica de Colombia"],"articleSection":["Noticias Principales"],"inLanguage":"es-CO"},{"@type":"WebPage","@id":"https:\/\/www.ucatolica.edu.co\/portal\/vive-el-idioma-vive-brasil-aprende-portugues-desde-la-experiencia\/","url":"https:\/\/www.ucatolica.edu.co\/portal\/vive-el-idioma-vive-brasil-aprende-portugues-desde-la-experiencia\/","name":"Vive el idioma, vive Brasil: aprende portugu\u00e9s desde la experiencia - Universidad Cat\u00f3lica De Colombia","isPartOf":{"@id":"https:\/\/www.ucatolica.edu.co\/portal\/#website"},"primaryImageOfPage":{"@id":"https:\/\/www.ucatolica.edu.co\/portal\/vive-el-idioma-vive-brasil-aprende-portugues-desde-la-experiencia\/#primaryimage"},"image":{"@id":"https:\/\/www.ucatolica.edu.co\/portal\/vive-el-idioma-vive-brasil-aprende-portugues-desde-la-experiencia\/#primaryimage"},"thumbnailUrl":"https:\/\/www.ucatolica.edu.co\/portal\/wp-content\/uploads\/2025\/07\/OP5046-Portugues-Noticia.jpg","datePublished":"2025-07-17T17:26:31+00:00","dateModified":"2025-07-17T17:26:32+00:00","breadcrumb":{"@id":"https:\/\/www.ucatolica.edu.co\/portal\/vive-el-idioma-vive-brasil-aprende-portugues-desde-la-experiencia\/#breadcrumb"},"inLanguage":"es-CO","potentialAction":[{"@type":"ReadAction","target":["https:\/\/www.ucatolica.edu.co\/portal\/vive-el-idioma-vive-brasil-aprende-portugues-desde-la-experiencia\/"]}]},{"@type":"ImageObject","inLanguage":"es-CO","@id":"https:\/\/www.ucatolica.edu.co\/portal\/vive-el-idioma-vive-brasil-aprende-portugues-desde-la-experiencia\/#primaryimage","url":"https:\/\/www.ucatolica.edu.co\/portal\/wp-content\/uploads\/2025\/07\/OP5046-Portugues-Noticia.jpg","contentUrl":"https:\/\/www.ucatolica.edu.co\/portal\/wp-content\/uploads\/2025\/07\/OP5046-Portugues-Noticia.jpg","width":870,"height":522},{"@type":"BreadcrumbList","@id":"https:\/\/www.ucatolica.edu.co\/portal\/vive-el-idioma-vive-brasil-aprende-portugues-desde-la-experiencia\/#breadcrumb","itemListElement":[{"@type":"ListItem","position":1,"name":"Inicio","item":"https:\/\/www.ucatolica.edu.co\/portal\/"},{"@type":"ListItem","position":2,"name":"Vive el idioma, vive Brasil: aprende portugu\u00e9s desde la experiencia"}]},{"@type":"WebSite","@id":"https:\/\/www.ucatolica.edu.co\/portal\/#website","url":"https:\/\/www.ucatolica.edu.co\/portal\/","name":"Universidad Cat\u00f3lica De Colombia","description":"Universidad Cat\u00f3lica De Colombia","publisher":{"@id":"https:\/\/www.ucatolica.edu.co\/portal\/#organization"},"potentialAction":[{"@type":"SearchAction","target":{"@type":"EntryPoint","urlTemplate":"https:\/\/www.ucatolica.edu.co\/portal\/?s={search_term_string}"},"query-input":{"@type":"PropertyValueSpecification","valueRequired":true,"valueName":"search_term_string"}}],"inLanguage":"es-CO"},{"@type":"Organization","@id":"https:\/\/www.ucatolica.edu.co\/portal\/#organization","name":"Universidad Cat\u00f3lica de Colombia","url":"https:\/\/www.ucatolica.edu.co\/portal\/","logo":{"@type":"ImageObject","inLanguage":"es-CO","@id":"https:\/\/www.ucatolica.edu.co\/portal\/#\/schema\/logo\/image\/","url":"https:\/\/www.ucatolica.edu.co\/portal\/wp-content\/uploads\/2021\/06\/logo-header-ho-1.svg","contentUrl":"https:\/\/www.ucatolica.edu.co\/portal\/wp-content\/uploads\/2021\/06\/logo-header-ho-1.svg","width":1,"height":1,"caption":"Universidad Cat\u00f3lica de Colombia"},"image":{"@id":"https:\/\/www.ucatolica.edu.co\/portal\/#\/schema\/logo\/image\/"},"sameAs":["https:\/\/www.facebook.com\/ucatolicacolombia","https:\/\/x.com\/UCatolicaCol","https:\/\/www.instagram.com\/universidadcatolicadecolombia\/","https:\/\/www.linkedin.com\/company\/universidadcatolicadecolombia\/","https:\/\/www.youtube.com\/user\/UCatolicaCo"]},{"@type":"Person","@id":"https:\/\/www.ucatolica.edu.co\/portal\/#\/schema\/person\/46b982b9085fee761b48b0bd54f8b9f8","name":"Daniela Junco","url":"https:\/\/www.ucatolica.edu.co\/portal\/author\/daniela\/"}]}},"author_meta":{"display_name":"Daniela Junco","author_link":"https:\/\/www.ucatolica.edu.co\/portal\/author\/daniela\/"},"featured_img":"https:\/\/www.ucatolica.edu.co\/portal\/wp-content\/uploads\/2025\/07\/OP5046-Portugues-Noticia.jpg","coauthors":[],"tax_additional":{"categories":{"linked":["<a href=\"https:\/\/www.ucatolica.edu.co\/portal\/category\/noticias-principales\/\" class=\"advgb-post-tax-term\">Noticias Principales<\/a>"],"unlinked":["<span class=\"advgb-post-tax-term\">Noticias Principales<\/span>"]},"tags":{"linked":["<a href=\"https:\/\/www.ucatolica.edu.co\/portal\/category\/noticias-principales\/\" class=\"advgb-post-tax-term\">Experiencia Internacional<\/a>","<a href=\"https:\/\/www.ucatolica.edu.co\/portal\/category\/noticias-principales\/\" class=\"advgb-post-tax-term\">Icetex<\/a>","<a href=\"https:\/\/www.ucatolica.edu.co\/portal\/category\/noticias-principales\/\" class=\"advgb-post-tax-term\">Instituto de Lenguas<\/a>","<a href=\"https:\/\/www.ucatolica.edu.co\/portal\/category\/noticias-principales\/\" class=\"advgb-post-tax-term\">ORII<\/a>","<a href=\"https:\/\/www.ucatolica.edu.co\/portal\/category\/noticias-principales\/\" class=\"advgb-post-tax-term\">Universidad Cat\u00f3lica de Colombia<\/a>"],"unlinked":["<span class=\"advgb-post-tax-term\">Experiencia Internacional<\/span>","<span class=\"advgb-post-tax-term\">Icetex<\/span>","<span class=\"advgb-post-tax-term\">Instituto de Lenguas<\/span>","<span class=\"advgb-post-tax-term\">ORII<\/span>","<span class=\"advgb-post-tax-term\">Universidad Cat\u00f3lica de Colombia<\/span>"]}},"comment_count":"0","relative_dates":{"created":"Posted 10 meses ago","modified":"Updated 10 meses ago"},"absolute_dates":{"created":"Posted on 17 julio, 2025","modified":"Updated on 17 julio, 2025"},"absolute_dates_time":{"created":"Posted on 17 julio, 2025 12:26 pm","modified":"Updated on 17 julio, 2025 12:26 pm"},"featured_img_caption":"","series_order":"","_links":{"self":[{"href":"https:\/\/www.ucatolica.edu.co\/portal\/wp-json\/wp\/v2\/posts\/118550","targetHints":{"allow":["GET"]}}],"collection":[{"href":"https:\/\/www.ucatolica.edu.co\/portal\/wp-json\/wp\/v2\/posts"}],"about":[{"href":"https:\/\/www.ucatolica.edu.co\/portal\/wp-json\/wp\/v2\/types\/post"}],"author":[{"embeddable":true,"href":"https:\/\/www.ucatolica.edu.co\/portal\/wp-json\/wp\/v2\/users\/64"}],"replies":[{"embeddable":true,"href":"https:\/\/www.ucatolica.edu.co\/portal\/wp-json\/wp\/v2\/comments?post=118550"}],"version-history":[{"count":2,"href":"https:\/\/www.ucatolica.edu.co\/portal\/wp-json\/wp\/v2\/posts\/118550\/revisions"}],"predecessor-version":[{"id":118910,"href":"https:\/\/www.ucatolica.edu.co\/portal\/wp-json\/wp\/v2\/posts\/118550\/revisions\/118910"}],"wp:featuredmedia":[{"embeddable":true,"href":"https:\/\/www.ucatolica.edu.co\/portal\/wp-json\/wp\/v2\/media\/118909"}],"wp:attachment":[{"href":"https:\/\/www.ucatolica.edu.co\/portal\/wp-json\/wp\/v2\/media?parent=118550"}],"wp:term":[{"taxonomy":"category","embeddable":true,"href":"https:\/\/www.ucatolica.edu.co\/portal\/wp-json\/wp\/v2\/categories?post=118550"},{"taxonomy":"post_tag","embeddable":true,"href":"https:\/\/www.ucatolica.edu.co\/portal\/wp-json\/wp\/v2\/tags?post=118550"}],"curies":[{"name":"wp","href":"https:\/\/api.w.org\/{rel}","templated":true}]}}