{"id":118559,"date":"2025-07-10T10:04:17","date_gmt":"2025-07-10T15:04:17","guid":{"rendered":"https:\/\/www.ucatolica.edu.co\/portal\/?p=118559"},"modified":"2025-07-10T10:04:18","modified_gmt":"2025-07-10T15:04:18","slug":"dale-un-impulso-economico-a-tu-sueno-profesional","status":"publish","type":"post","link":"https:\/\/www.ucatolica.edu.co\/portal\/dale-un-impulso-economico-a-tu-sueno-profesional\/","title":{"rendered":"\u00a1Dale un impulso econ\u00f3mico a tu sue\u00f1o profesional!"},"content":{"rendered":"\n<p>Si estabas pensando en c\u00f3mo obtener un cr\u00e9dito accesible para cubrir tu proceso formativo en el 2025- 3, y buscas que sea \u00e1gil y sobre todo sencillo, esta es tu oportunidad. Aqu\u00ed te contamos los beneficios y los requisitos que necesitas conocer para acceder al Cr\u00e9dito E.V.A.<\/p>\n\n\n\n<p><strong>Beneficios<\/strong>:<\/p>\n\n\n\n<ul class=\"wp-block-list\">\n<li><strong>Financiamiento hasta el 100%<\/strong> del valor de la matr\u00edcula.<\/li>\n\n\n\n<li><strong>Tasa de inter\u00e9s preferencial<\/strong> para estudiantes de la UCat\u00f3lica de Colombia.<\/li>\n\n\n\n<li><strong>Respuesta m\u00ednima en 48 horas<\/strong>.<\/li>\n\n\n\n<li><strong>Cr\u00e9dito semestral<\/strong>, puedes solicitarlo en cualquier semestre que lo necesites.<\/li>\n<\/ul>\n\n\n\n<p><strong>Requisitos para el codeudor o titular del cr\u00e9dito:<\/strong><\/p>\n\n\n\n<ul class=\"wp-block-list\">\n<li>No tener reportes negativos en centrales de riesgo.<\/li>\n\n\n\n<li>Contar con <strong>capacidad de endeudamiento<\/strong> y <strong>vida crediticia<\/strong> activa.<\/li>\n\n\n\n<li>Estar <strong>activo financieramente<\/strong> en los \u00faltimos seis meses.<\/li>\n\n\n\n<li>El estudiante puede respaldar el cr\u00e9dito <strong>si cumple con los requisitos<\/strong> exigidos para el codeudor.<\/li>\n<\/ul>\n\n\n\n<p><strong>\u00bfC\u00f3mo solicitarlo?<\/strong><\/p>\n\n\n\n<p>Para acceder a esta opci\u00f3n financiera solo debes conocer los siguientes 3 pasos:<\/p>\n\n\n\n<ol start=\"1\" class=\"wp-block-list\">\n<li>Ingresa a nuestra p\u00e1gina web: <a href=\"http:\/\/www.ucatolica.edu.co\">www.ucatolica.edu.co<\/a><\/li>\n\n\n\n<li>Haz clic en <strong>Apoyo Financiero<\/strong>.<\/li>\n\n\n\n<li>Ingresa a la plataforma y <strong>diligencia tu solicitud<\/strong>.<\/li>\n<\/ol>\n\n\n\n<p>Recuerda, en la <strong>Oficina de Cr\u00e9ditos de la Universidad Cat\u00f3lica de Colombia<\/strong> tambi\u00e9n puedes recibir asesoramiento en las diferentes alternativas que existen para el pago de la matr\u00edcula y\/o de cualquier concepto acad\u00e9mico.<\/p>\n\n\n\n<p>\u00a1No dejes pasar la oportunidad de financiar tu futuro universitario! <strong>Solicita tu cr\u00e9dito E.V.A. para el periodo 2025-3<\/strong> y asegura tu formaci\u00f3n profesional.<\/p>\n\n\n\n<p><\/p>\n","protected":false},"excerpt":{"rendered":"<p>Si estabas pensando en c\u00f3mo obtener un cr\u00e9dito accesible para cubrir tu proceso formativo en el 2025- 3, y buscas que sea \u00e1gil y sobre todo sencillo, esta es tu oportunidad. Aqu\u00ed te contamos los beneficios y los requisitos que necesitas conocer para acceder al Cr\u00e9dito E.V.A. Beneficios: Requisitos para el codeudor o titular del [&hellip;]<\/p>\n","protected":false},"author":65,"featured_media":118560,"comment_status":"open","ping_status":"open","sticky":false,"template":"","format":"standard","meta":{"_acf_changed":false,"advgb_blocks_editor_width":"","advgb_blocks_columns_visual_guide":"","footnotes":""},"categories":[93],"tags":[205,930,265],"class_list":["post-118559","post","type-post","status-publish","format-standard","has-post-thumbnail","hentry","category-noticias-principales","tag-beneficios","tag-credito","tag-universidad-catolica-de-colombia"],"acf":[],"yoast_head":"<!-- This site is optimized with the Yoast SEO plugin v26.7 - https:\/\/yoast.com\/wordpress\/plugins\/seo\/ -->\n<title>\u00a1Dale un impulso econ\u00f3mico a tu sue\u00f1o profesional! - Universidad Cat\u00f3lica De Colombia<\/title>\n<meta name=\"robots\" content=\"index, follow, max-snippet:-1, max-image-preview:large, max-video-preview:-1\" \/>\n<link rel=\"canonical\" href=\"https:\/\/www.ucatolica.edu.co\/portal\/dale-un-impulso-economico-a-tu-sueno-profesional\/\" \/>\n<meta property=\"og:locale\" content=\"es_ES\" \/>\n<meta property=\"og:type\" content=\"article\" \/>\n<meta property=\"og:title\" content=\"\u00a1Dale un impulso econ\u00f3mico a tu sue\u00f1o profesional! - Universidad Cat\u00f3lica De Colombia\" \/>\n<meta property=\"og:description\" content=\"Si estabas pensando en c\u00f3mo obtener un cr\u00e9dito accesible para cubrir tu proceso formativo en el 2025- 3, y buscas que sea \u00e1gil y sobre todo sencillo, esta es tu oportunidad. Aqu\u00ed te contamos los beneficios y los requisitos que necesitas conocer para acceder al Cr\u00e9dito E.V.A. Beneficios: Requisitos para el codeudor o titular del [&hellip;]\" \/>\n<meta property=\"og:url\" content=\"https:\/\/www.ucatolica.edu.co\/portal\/dale-un-impulso-economico-a-tu-sueno-profesional\/\" \/>\n<meta property=\"og:site_name\" content=\"Universidad Cat\u00f3lica De Colombia\" \/>\n<meta property=\"article:publisher\" content=\"https:\/\/www.facebook.com\/ucatolicacolombia\" \/>\n<meta property=\"article:published_time\" content=\"2025-07-10T15:04:17+00:00\" \/>\n<meta property=\"article:modified_time\" content=\"2025-07-10T15:04:18+00:00\" \/>\n<meta property=\"og:image\" content=\"https:\/\/www.ucatolica.edu.co\/portal\/wp-content\/uploads\/2025\/07\/Beneficio-economico.jpg\" \/>\n\t<meta property=\"og:image:width\" content=\"870\" \/>\n\t<meta property=\"og:image:height\" content=\"522\" \/>\n\t<meta property=\"og:image:type\" content=\"image\/jpeg\" \/>\n<meta name=\"author\" content=\"Juan Jos\u00e9 Franco\" \/>\n<meta name=\"twitter:card\" content=\"summary_large_image\" \/>\n<meta name=\"twitter:creator\" content=\"@UCatolicaCol\" \/>\n<meta name=\"twitter:site\" content=\"@UCatolicaCol\" \/>\n<meta name=\"twitter:label1\" content=\"Escrito por\" \/>\n\t<meta name=\"twitter:data1\" content=\"Juan Jos\u00e9 Franco\" \/>\n\t<meta name=\"twitter:label2\" content=\"Tiempo de lectura\" \/>\n\t<meta name=\"twitter:data2\" content=\"1 minuto\" \/>\n<script type=\"application\/ld+json\" class=\"yoast-schema-graph\">{\"@context\":\"https:\/\/schema.org\",\"@graph\":[{\"@type\":\"Article\",\"@id\":\"https:\/\/www.ucatolica.edu.co\/portal\/dale-un-impulso-economico-a-tu-sueno-profesional\/#article\",\"isPartOf\":{\"@id\":\"https:\/\/www.ucatolica.edu.co\/portal\/dale-un-impulso-economico-a-tu-sueno-profesional\/\"},\"author\":{\"name\":\"Juan Jos\u00e9 Franco\",\"@id\":\"https:\/\/www.ucatolica.edu.co\/portal\/#\/schema\/person\/2fe10d3836c8b18a520cbf458d96a728\"},\"headline\":\"\u00a1Dale un impulso econ\u00f3mico a tu sue\u00f1o profesional!\",\"datePublished\":\"2025-07-10T15:04:17+00:00\",\"dateModified\":\"2025-07-10T15:04:18+00:00\",\"mainEntityOfPage\":{\"@id\":\"https:\/\/www.ucatolica.edu.co\/portal\/dale-un-impulso-economico-a-tu-sueno-profesional\/\"},\"wordCount\":255,\"commentCount\":0,\"publisher\":{\"@id\":\"https:\/\/www.ucatolica.edu.co\/portal\/#organization\"},\"image\":{\"@id\":\"https:\/\/www.ucatolica.edu.co\/portal\/dale-un-impulso-economico-a-tu-sueno-profesional\/#primaryimage\"},\"thumbnailUrl\":\"https:\/\/www.ucatolica.edu.co\/portal\/wp-content\/uploads\/2025\/07\/Beneficio-economico.jpg\",\"keywords\":[\"Beneficios\",\"Cr\u00e9dito\",\"Universidad Cat\u00f3lica de Colombia\"],\"articleSection\":[\"Noticias Principales\"],\"inLanguage\":\"es-CO\"},{\"@type\":\"WebPage\",\"@id\":\"https:\/\/www.ucatolica.edu.co\/portal\/dale-un-impulso-economico-a-tu-sueno-profesional\/\",\"url\":\"https:\/\/www.ucatolica.edu.co\/portal\/dale-un-impulso-economico-a-tu-sueno-profesional\/\",\"name\":\"\u00a1Dale un impulso econ\u00f3mico a tu sue\u00f1o profesional! - Universidad Cat\u00f3lica De Colombia\",\"isPartOf\":{\"@id\":\"https:\/\/www.ucatolica.edu.co\/portal\/#website\"},\"primaryImageOfPage\":{\"@id\":\"https:\/\/www.ucatolica.edu.co\/portal\/dale-un-impulso-economico-a-tu-sueno-profesional\/#primaryimage\"},\"image\":{\"@id\":\"https:\/\/www.ucatolica.edu.co\/portal\/dale-un-impulso-economico-a-tu-sueno-profesional\/#primaryimage\"},\"thumbnailUrl\":\"https:\/\/www.ucatolica.edu.co\/portal\/wp-content\/uploads\/2025\/07\/Beneficio-economico.jpg\",\"datePublished\":\"2025-07-10T15:04:17+00:00\",\"dateModified\":\"2025-07-10T15:04:18+00:00\",\"breadcrumb\":{\"@id\":\"https:\/\/www.ucatolica.edu.co\/portal\/dale-un-impulso-economico-a-tu-sueno-profesional\/#breadcrumb\"},\"inLanguage\":\"es-CO\",\"potentialAction\":[{\"@type\":\"ReadAction\",\"target\":[\"https:\/\/www.ucatolica.edu.co\/portal\/dale-un-impulso-economico-a-tu-sueno-profesional\/\"]}]},{\"@type\":\"ImageObject\",\"inLanguage\":\"es-CO\",\"@id\":\"https:\/\/www.ucatolica.edu.co\/portal\/dale-un-impulso-economico-a-tu-sueno-profesional\/#primaryimage\",\"url\":\"https:\/\/www.ucatolica.edu.co\/portal\/wp-content\/uploads\/2025\/07\/Beneficio-economico.jpg\",\"contentUrl\":\"https:\/\/www.ucatolica.edu.co\/portal\/wp-content\/uploads\/2025\/07\/Beneficio-economico.jpg\",\"width\":870,\"height\":522,\"caption\":\"Crecimiento econ\u00f3mico\"},{\"@type\":\"BreadcrumbList\",\"@id\":\"https:\/\/www.ucatolica.edu.co\/portal\/dale-un-impulso-economico-a-tu-sueno-profesional\/#breadcrumb\",\"itemListElement\":[{\"@type\":\"ListItem\",\"position\":1,\"name\":\"Inicio\",\"item\":\"https:\/\/www.ucatolica.edu.co\/portal\/\"},{\"@type\":\"ListItem\",\"position\":2,\"name\":\"\u00a1Dale un impulso econ\u00f3mico a tu sue\u00f1o profesional!\"}]},{\"@type\":\"WebSite\",\"@id\":\"https:\/\/www.ucatolica.edu.co\/portal\/#website\",\"url\":\"https:\/\/www.ucatolica.edu.co\/portal\/\",\"name\":\"Universidad Cat\u00f3lica De Colombia\",\"description\":\"Universidad Cat\u00f3lica De Colombia\",\"publisher\":{\"@id\":\"https:\/\/www.ucatolica.edu.co\/portal\/#organization\"},\"potentialAction\":[{\"@type\":\"SearchAction\",\"target\":{\"@type\":\"EntryPoint\",\"urlTemplate\":\"https:\/\/www.ucatolica.edu.co\/portal\/?s={search_term_string}\"},\"query-input\":{\"@type\":\"PropertyValueSpecification\",\"valueRequired\":true,\"valueName\":\"search_term_string\"}}],\"inLanguage\":\"es-CO\"},{\"@type\":\"Organization\",\"@id\":\"https:\/\/www.ucatolica.edu.co\/portal\/#organization\",\"name\":\"Universidad Cat\u00f3lica de Colombia\",\"url\":\"https:\/\/www.ucatolica.edu.co\/portal\/\",\"logo\":{\"@type\":\"ImageObject\",\"inLanguage\":\"es-CO\",\"@id\":\"https:\/\/www.ucatolica.edu.co\/portal\/#\/schema\/logo\/image\/\",\"url\":\"https:\/\/www.ucatolica.edu.co\/portal\/wp-content\/uploads\/2021\/06\/logo-header-ho-1.svg\",\"contentUrl\":\"https:\/\/www.ucatolica.edu.co\/portal\/wp-content\/uploads\/2021\/06\/logo-header-ho-1.svg\",\"width\":1,\"height\":1,\"caption\":\"Universidad Cat\u00f3lica de Colombia\"},\"image\":{\"@id\":\"https:\/\/www.ucatolica.edu.co\/portal\/#\/schema\/logo\/image\/\"},\"sameAs\":[\"https:\/\/www.facebook.com\/ucatolicacolombia\",\"https:\/\/x.com\/UCatolicaCol\",\"https:\/\/www.instagram.com\/universidadcatolicadecolombia\/\",\"https:\/\/www.linkedin.com\/company\/universidadcatolicadecolombia\/\",\"https:\/\/www.youtube.com\/user\/UCatolicaCo\"]},{\"@type\":\"Person\",\"@id\":\"https:\/\/www.ucatolica.edu.co\/portal\/#\/schema\/person\/2fe10d3836c8b18a520cbf458d96a728\",\"name\":\"Juan Jos\u00e9 Franco\",\"url\":\"https:\/\/www.ucatolica.edu.co\/portal\/author\/juan\/\"}]}<\/script>\n<!-- \/ Yoast SEO plugin. -->","yoast_head_json":{"title":"\u00a1Dale un impulso econ\u00f3mico a tu sue\u00f1o profesional! - Universidad Cat\u00f3lica De Colombia","robots":{"index":"index","follow":"follow","max-snippet":"max-snippet:-1","max-image-preview":"max-image-preview:large","max-video-preview":"max-video-preview:-1"},"canonical":"https:\/\/www.ucatolica.edu.co\/portal\/dale-un-impulso-economico-a-tu-sueno-profesional\/","og_locale":"es_ES","og_type":"article","og_title":"\u00a1Dale un impulso econ\u00f3mico a tu sue\u00f1o profesional! - Universidad Cat\u00f3lica De Colombia","og_description":"Si estabas pensando en c\u00f3mo obtener un cr\u00e9dito accesible para cubrir tu proceso formativo en el 2025- 3, y buscas que sea \u00e1gil y sobre todo sencillo, esta es tu oportunidad. Aqu\u00ed te contamos los beneficios y los requisitos que necesitas conocer para acceder al Cr\u00e9dito E.V.A. Beneficios: Requisitos para el codeudor o titular del [&hellip;]","og_url":"https:\/\/www.ucatolica.edu.co\/portal\/dale-un-impulso-economico-a-tu-sueno-profesional\/","og_site_name":"Universidad Cat\u00f3lica De Colombia","article_publisher":"https:\/\/www.facebook.com\/ucatolicacolombia","article_published_time":"2025-07-10T15:04:17+00:00","article_modified_time":"2025-07-10T15:04:18+00:00","og_image":[{"width":870,"height":522,"url":"https:\/\/www.ucatolica.edu.co\/portal\/wp-content\/uploads\/2025\/07\/Beneficio-economico.jpg","type":"image\/jpeg"}],"author":"Juan Jos\u00e9 Franco","twitter_card":"summary_large_image","twitter_creator":"@UCatolicaCol","twitter_site":"@UCatolicaCol","twitter_misc":{"Escrito por":"Juan Jos\u00e9 Franco","Tiempo de lectura":"1 minuto"},"schema":{"@context":"https:\/\/schema.org","@graph":[{"@type":"Article","@id":"https:\/\/www.ucatolica.edu.co\/portal\/dale-un-impulso-economico-a-tu-sueno-profesional\/#article","isPartOf":{"@id":"https:\/\/www.ucatolica.edu.co\/portal\/dale-un-impulso-economico-a-tu-sueno-profesional\/"},"author":{"name":"Juan Jos\u00e9 Franco","@id":"https:\/\/www.ucatolica.edu.co\/portal\/#\/schema\/person\/2fe10d3836c8b18a520cbf458d96a728"},"headline":"\u00a1Dale un impulso econ\u00f3mico a tu sue\u00f1o profesional!","datePublished":"2025-07-10T15:04:17+00:00","dateModified":"2025-07-10T15:04:18+00:00","mainEntityOfPage":{"@id":"https:\/\/www.ucatolica.edu.co\/portal\/dale-un-impulso-economico-a-tu-sueno-profesional\/"},"wordCount":255,"commentCount":0,"publisher":{"@id":"https:\/\/www.ucatolica.edu.co\/portal\/#organization"},"image":{"@id":"https:\/\/www.ucatolica.edu.co\/portal\/dale-un-impulso-economico-a-tu-sueno-profesional\/#primaryimage"},"thumbnailUrl":"https:\/\/www.ucatolica.edu.co\/portal\/wp-content\/uploads\/2025\/07\/Beneficio-economico.jpg","keywords":["Beneficios","Cr\u00e9dito","Universidad Cat\u00f3lica de Colombia"],"articleSection":["Noticias Principales"],"inLanguage":"es-CO"},{"@type":"WebPage","@id":"https:\/\/www.ucatolica.edu.co\/portal\/dale-un-impulso-economico-a-tu-sueno-profesional\/","url":"https:\/\/www.ucatolica.edu.co\/portal\/dale-un-impulso-economico-a-tu-sueno-profesional\/","name":"\u00a1Dale un impulso econ\u00f3mico a tu sue\u00f1o profesional! - Universidad Cat\u00f3lica De Colombia","isPartOf":{"@id":"https:\/\/www.ucatolica.edu.co\/portal\/#website"},"primaryImageOfPage":{"@id":"https:\/\/www.ucatolica.edu.co\/portal\/dale-un-impulso-economico-a-tu-sueno-profesional\/#primaryimage"},"image":{"@id":"https:\/\/www.ucatolica.edu.co\/portal\/dale-un-impulso-economico-a-tu-sueno-profesional\/#primaryimage"},"thumbnailUrl":"https:\/\/www.ucatolica.edu.co\/portal\/wp-content\/uploads\/2025\/07\/Beneficio-economico.jpg","datePublished":"2025-07-10T15:04:17+00:00","dateModified":"2025-07-10T15:04:18+00:00","breadcrumb":{"@id":"https:\/\/www.ucatolica.edu.co\/portal\/dale-un-impulso-economico-a-tu-sueno-profesional\/#breadcrumb"},"inLanguage":"es-CO","potentialAction":[{"@type":"ReadAction","target":["https:\/\/www.ucatolica.edu.co\/portal\/dale-un-impulso-economico-a-tu-sueno-profesional\/"]}]},{"@type":"ImageObject","inLanguage":"es-CO","@id":"https:\/\/www.ucatolica.edu.co\/portal\/dale-un-impulso-economico-a-tu-sueno-profesional\/#primaryimage","url":"https:\/\/www.ucatolica.edu.co\/portal\/wp-content\/uploads\/2025\/07\/Beneficio-economico.jpg","contentUrl":"https:\/\/www.ucatolica.edu.co\/portal\/wp-content\/uploads\/2025\/07\/Beneficio-economico.jpg","width":870,"height":522,"caption":"Crecimiento econ\u00f3mico"},{"@type":"BreadcrumbList","@id":"https:\/\/www.ucatolica.edu.co\/portal\/dale-un-impulso-economico-a-tu-sueno-profesional\/#breadcrumb","itemListElement":[{"@type":"ListItem","position":1,"name":"Inicio","item":"https:\/\/www.ucatolica.edu.co\/portal\/"},{"@type":"ListItem","position":2,"name":"\u00a1Dale un impulso econ\u00f3mico a tu sue\u00f1o profesional!"}]},{"@type":"WebSite","@id":"https:\/\/www.ucatolica.edu.co\/portal\/#website","url":"https:\/\/www.ucatolica.edu.co\/portal\/","name":"Universidad Cat\u00f3lica De Colombia","description":"Universidad Cat\u00f3lica De Colombia","publisher":{"@id":"https:\/\/www.ucatolica.edu.co\/portal\/#organization"},"potentialAction":[{"@type":"SearchAction","target":{"@type":"EntryPoint","urlTemplate":"https:\/\/www.ucatolica.edu.co\/portal\/?s={search_term_string}"},"query-input":{"@type":"PropertyValueSpecification","valueRequired":true,"valueName":"search_term_string"}}],"inLanguage":"es-CO"},{"@type":"Organization","@id":"https:\/\/www.ucatolica.edu.co\/portal\/#organization","name":"Universidad Cat\u00f3lica de Colombia","url":"https:\/\/www.ucatolica.edu.co\/portal\/","logo":{"@type":"ImageObject","inLanguage":"es-CO","@id":"https:\/\/www.ucatolica.edu.co\/portal\/#\/schema\/logo\/image\/","url":"https:\/\/www.ucatolica.edu.co\/portal\/wp-content\/uploads\/2021\/06\/logo-header-ho-1.svg","contentUrl":"https:\/\/www.ucatolica.edu.co\/portal\/wp-content\/uploads\/2021\/06\/logo-header-ho-1.svg","width":1,"height":1,"caption":"Universidad Cat\u00f3lica de Colombia"},"image":{"@id":"https:\/\/www.ucatolica.edu.co\/portal\/#\/schema\/logo\/image\/"},"sameAs":["https:\/\/www.facebook.com\/ucatolicacolombia","https:\/\/x.com\/UCatolicaCol","https:\/\/www.instagram.com\/universidadcatolicadecolombia\/","https:\/\/www.linkedin.com\/company\/universidadcatolicadecolombia\/","https:\/\/www.youtube.com\/user\/UCatolicaCo"]},{"@type":"Person","@id":"https:\/\/www.ucatolica.edu.co\/portal\/#\/schema\/person\/2fe10d3836c8b18a520cbf458d96a728","name":"Juan Jos\u00e9 Franco","url":"https:\/\/www.ucatolica.edu.co\/portal\/author\/juan\/"}]}},"author_meta":{"display_name":"Juan Jos\u00e9 Franco","author_link":"https:\/\/www.ucatolica.edu.co\/portal\/author\/juan\/"},"featured_img":"https:\/\/www.ucatolica.edu.co\/portal\/wp-content\/uploads\/2025\/07\/Beneficio-economico.jpg","coauthors":[],"tax_additional":{"categories":{"linked":["<a href=\"https:\/\/www.ucatolica.edu.co\/portal\/category\/noticias-principales\/\" class=\"advgb-post-tax-term\">Noticias Principales<\/a>"],"unlinked":["<span class=\"advgb-post-tax-term\">Noticias Principales<\/span>"]},"tags":{"linked":["<a href=\"https:\/\/www.ucatolica.edu.co\/portal\/category\/noticias-principales\/\" class=\"advgb-post-tax-term\">Beneficios<\/a>","<a href=\"https:\/\/www.ucatolica.edu.co\/portal\/category\/noticias-principales\/\" class=\"advgb-post-tax-term\">Cr\u00e9dito<\/a>","<a href=\"https:\/\/www.ucatolica.edu.co\/portal\/category\/noticias-principales\/\" class=\"advgb-post-tax-term\">Universidad Cat\u00f3lica de Colombia<\/a>"],"unlinked":["<span class=\"advgb-post-tax-term\">Beneficios<\/span>","<span class=\"advgb-post-tax-term\">Cr\u00e9dito<\/span>","<span class=\"advgb-post-tax-term\">Universidad Cat\u00f3lica de Colombia<\/span>"]}},"comment_count":"0","relative_dates":{"created":"Posted 10 meses ago","modified":"Updated 10 meses ago"},"absolute_dates":{"created":"Posted on 10 julio, 2025","modified":"Updated on 10 julio, 2025"},"absolute_dates_time":{"created":"Posted on 10 julio, 2025 10:04 am","modified":"Updated on 10 julio, 2025 10:04 am"},"featured_img_caption":"","series_order":"","_links":{"self":[{"href":"https:\/\/www.ucatolica.edu.co\/portal\/wp-json\/wp\/v2\/posts\/118559","targetHints":{"allow":["GET"]}}],"collection":[{"href":"https:\/\/www.ucatolica.edu.co\/portal\/wp-json\/wp\/v2\/posts"}],"about":[{"href":"https:\/\/www.ucatolica.edu.co\/portal\/wp-json\/wp\/v2\/types\/post"}],"author":[{"embeddable":true,"href":"https:\/\/www.ucatolica.edu.co\/portal\/wp-json\/wp\/v2\/users\/65"}],"replies":[{"embeddable":true,"href":"https:\/\/www.ucatolica.edu.co\/portal\/wp-json\/wp\/v2\/comments?post=118559"}],"version-history":[{"count":2,"href":"https:\/\/www.ucatolica.edu.co\/portal\/wp-json\/wp\/v2\/posts\/118559\/revisions"}],"predecessor-version":[{"id":118562,"href":"https:\/\/www.ucatolica.edu.co\/portal\/wp-json\/wp\/v2\/posts\/118559\/revisions\/118562"}],"wp:featuredmedia":[{"embeddable":true,"href":"https:\/\/www.ucatolica.edu.co\/portal\/wp-json\/wp\/v2\/media\/118560"}],"wp:attachment":[{"href":"https:\/\/www.ucatolica.edu.co\/portal\/wp-json\/wp\/v2\/media?parent=118559"}],"wp:term":[{"taxonomy":"category","embeddable":true,"href":"https:\/\/www.ucatolica.edu.co\/portal\/wp-json\/wp\/v2\/categories?post=118559"},{"taxonomy":"post_tag","embeddable":true,"href":"https:\/\/www.ucatolica.edu.co\/portal\/wp-json\/wp\/v2\/tags?post=118559"}],"curies":[{"name":"wp","href":"https:\/\/api.w.org\/{rel}","templated":true}]}}