{"id":118571,"date":"2025-07-10T10:01:00","date_gmt":"2025-07-10T15:01:00","guid":{"rendered":"https:\/\/www.ucatolica.edu.co\/portal\/?p=118571"},"modified":"2025-09-19T12:49:23","modified_gmt":"2025-09-19T17:49:23","slug":"la-universidad-catolica-de-colombia-fue-sede-del-encuentro-caies-un-espacio-para-la-cooperacion-academica-entre-colombia-y-sudafrica","status":"publish","type":"post","link":"https:\/\/www.ucatolica.edu.co\/portal\/la-universidad-catolica-de-colombia-fue-sede-del-encuentro-caies-un-espacio-para-la-cooperacion-academica-entre-colombia-y-sudafrica\/","title":{"rendered":"La Universidad Cat\u00f3lica de Colombia fue sede del encuentro CAIES: un espacio para la cooperaci\u00f3n acad\u00e9mica entre Colombia y Sud\u00e1frica\u00a0"},"content":{"rendered":"\n<p>La Universidad Cat\u00f3lica de Colombia fue anfitriona del encuentro <strong>CAIES<\/strong> <strong>(Comunidad de Aprendizaje en Internacionalizaci\u00f3n de la Educaci\u00f3n Superior)<\/strong>, realizado en el marco del proyecto de cooperaci\u00f3n internacional Fortalecimiento de la cooperaci\u00f3n para la internacionalizaci\u00f3n de la educaci\u00f3n superior entre <strong>Colombia y Sud\u00e1frica &#8211; GLOSOUTH.<\/strong> Esta iniciativa es liderada por la Universidad Tecnol\u00f3gica de Pereira y co-liderada por la <strong>Red Colombiana para la Internacionalizaci\u00f3n (RCI)<\/strong>, en alianza con la <strong>International Education Association of South Africa (IEASA).<\/strong>&nbsp;<\/p>\n\n\n\n<p>El encuentro se consolid\u00f3 como un espacio acad\u00e9mico que promovi\u00f3 el intercambio de experiencias, la construcci\u00f3n colectiva de conocimiento y el fortalecimiento interinstitucional de los procesos de internacionalizaci\u00f3n en la educaci\u00f3n superior.&nbsp;<\/p>\n\n\n\n<p>El evento, que tuvo lugar en el Centro de Convenciones de la Universidad y fue organizado por la Oficina de Relaciones Internacionales e Interinstitucionales, marc\u00f3 el inicio de la fase presencial del proyecto GLOSOUTH. Cofinanciado por <strong>ICETEX<\/strong>, este proyecto busca consolidar alianzas estrat\u00e9gicas y fomentar la movilidad acad\u00e9mica entre instituciones de ambos pa\u00edses.&nbsp;<\/p>\n\n\n\n<p>Durante la jornada, la Universidad recibi\u00f3 con orgullo a representantes de destacadas instituciones sudafricanas como:&nbsp;<\/p>\n\n\n\n<ul class=\"wp-block-list\">\n<li>University of Johannesburg&nbsp;<\/li>\n\n\n\n<li>University of the Witwatersrand&nbsp;<\/li>\n\n\n\n<li>Sefako Makgatho Health Sciences University&nbsp;<\/li>\n\n\n\n<li>Central University of Technology, Free State&nbsp;<\/li>\n\n\n\n<li>University of Venda&nbsp;<\/li>\n\n\n\n<li>Stellenbosch University International&nbsp;<\/li>\n<\/ul>\n\n\n\n<figure class=\"wp-block-gallery has-nested-images columns-default is-cropped wp-block-gallery-1 is-layout-flex wp-block-gallery-is-layout-flex\">\n<figure class=\"wp-block-image size-large\"><img fetchpriority=\"high\" decoding=\"async\" width=\"870\" height=\"522\" data-id=\"118579\" src=\"https:\/\/www.ucatolica.edu.co\/portal\/wp-content\/uploads\/2025\/07\/Directivos-en-el-CAIES.png\" alt=\"\" class=\"wp-image-118579\" \/><\/figure>\n\n\n\n<figure class=\"wp-block-image size-large\"><img decoding=\"async\" width=\"870\" height=\"522\" data-id=\"118581\" src=\"https:\/\/www.ucatolica.edu.co\/portal\/wp-content\/uploads\/2025\/07\/Expositores-CAIES.png\" alt=\"\" class=\"wp-image-118581\" \/><\/figure>\n<\/figure>\n\n\n\n<p>En la apertura del CAIES contamos con la participaci\u00f3n especial del <strong>Dr. Ricardo Moreno Pati\u00f1o<\/strong>, viceministro de Educaci\u00f3n de Colombia; <strong>Mr. Buti Manamela<\/strong>, viceministro de Educaci\u00f3n Superior y Formaci\u00f3n de Sud\u00e1frica.; la <strong>Dra. Vanessa Caicedo S\u00e1nchez<\/strong>, jefe de Relaciones Internacionales de ICETEX; y el <strong>Dr. Francisco G\u00f3mez Ortiz<\/strong>, rector de la Universidad Cat\u00f3lica de Colombia.<\/p>\n\n\n\n<p>Este encuentro se enmarca en un proyecto que se ha venido desarrollando desde septiembre de 2024, a trav\u00e9s de una serie de webinarios en los que han participado docentes y gestores de internacionalizaci\u00f3n de ambos pa\u00edses. De igual manera, como parte de este proyecto, se adelantaron sesiones B2B para articular y concretar oportunidades de colaboraci\u00f3n entre Colombia y Sud\u00e1frica. <\/p>\n\n\n\n<p>Particularmente en nuestra instituci\u00f3n, participamos en estos <strong>B2B con la Facultad de Psicolog\u00eda con la University of Zululand y la Facultad de Ingenier\u00eda con la University of Johannesburg<\/strong>, en ambos caso se identificaron y concretaron oportunidades de colaboraci\u00f3n, las cuales se adelantar\u00e1n a partir de los pr\u00f3ximos meses.<\/p>\n\n\n\n<p>El programa acad\u00e9mico se desarroll\u00f3 completamente en ingl\u00e9s y abord\u00f3 temas clave sobre la cooperaci\u00f3n internacional, los Objetivos de Desarrollo Sostenible (ODS), y el potencial de los destinos del Sur Global como espacios de intercambio acad\u00e9mico.<\/p>\n\n\n\n<p>Con este tipo de iniciativas, la <strong><a href=\"https:\/\/www.ucatolica.edu.co\/portal\/\">Universidad Cat\u00f3lica de Colombi<\/a><\/strong>a ratifica su compromiso con el fortalecimiento de redes de cooperaci\u00f3n internacional y con la proyecci\u00f3n de su comunidad universitaria hacia escenarios acad\u00e9micos globales.<\/p>\n\n\n\n<figure class=\"wp-block-image size-full is-resized\"><img decoding=\"async\" width=\"651\" height=\"152\" src=\"https:\/\/www.ucatolica.edu.co\/portal\/wp-content\/uploads\/2025\/07\/Logo-ICETEX-TRANSPARENTE.png\" alt=\"\" class=\"wp-image-122651\" style=\"width:338px;height:auto\" \/><\/figure>\n","protected":false},"excerpt":{"rendered":"<p>La Universidad Cat\u00f3lica de Colombia fue anfitriona del encuentro CAIES (Comunidad de Aprendizaje en Internacionalizaci\u00f3n de la Educaci\u00f3n Superior), realizado en el marco del proyecto de cooperaci\u00f3n internacional Fortalecimiento de la cooperaci\u00f3n para la internacionalizaci\u00f3n de la educaci\u00f3n superior entre Colombia y Sud\u00e1frica &#8211; GLOSOUTH. Esta iniciativa es liderada por la Universidad Tecnol\u00f3gica de Pereira [&hellip;]<\/p>\n","protected":false},"author":65,"featured_media":118580,"comment_status":"open","ping_status":"open","sticky":false,"template":"","format":"standard","meta":{"_acf_changed":false,"advgb_blocks_editor_width":"","advgb_blocks_columns_visual_guide":"","footnotes":""},"categories":[93,531],"tags":[847,1528,152,479,848,265],"class_list":["post-118571","post","type-post","status-publish","format-standard","has-post-thumbnail","hentry","category-noticias-principales","category-orii","tag-caies","tag-icetex","tag-internacionalizacion","tag-orii","tag-rci","tag-universidad-catolica-de-colombia"],"acf":[],"yoast_head":"<!-- This site is optimized with the Yoast SEO plugin v26.7 - https:\/\/yoast.com\/wordpress\/plugins\/seo\/ -->\n<title>La Universidad Cat\u00f3lica de Colombia fue sede del encuentro CAIES: un espacio para la cooperaci\u00f3n acad\u00e9mica entre Colombia y Sud\u00e1frica\u00a0 - Universidad Cat\u00f3lica De Colombia<\/title>\n<meta name=\"robots\" content=\"index, follow, max-snippet:-1, max-image-preview:large, max-video-preview:-1\" \/>\n<link rel=\"canonical\" href=\"https:\/\/www.ucatolica.edu.co\/portal\/la-universidad-catolica-de-colombia-fue-sede-del-encuentro-caies-un-espacio-para-la-cooperacion-academica-entre-colombia-y-sudafrica\/\" \/>\n<meta property=\"og:locale\" content=\"es_ES\" \/>\n<meta property=\"og:type\" content=\"article\" \/>\n<meta property=\"og:title\" content=\"La Universidad Cat\u00f3lica de Colombia fue sede del encuentro CAIES: un espacio para la cooperaci\u00f3n acad\u00e9mica entre Colombia y Sud\u00e1frica\u00a0 - Universidad Cat\u00f3lica De Colombia\" \/>\n<meta property=\"og:description\" content=\"La Universidad Cat\u00f3lica de Colombia fue anfitriona del encuentro CAIES (Comunidad de Aprendizaje en Internacionalizaci\u00f3n de la Educaci\u00f3n Superior), realizado en el marco del proyecto de cooperaci\u00f3n internacional Fortalecimiento de la cooperaci\u00f3n para la internacionalizaci\u00f3n de la educaci\u00f3n superior entre Colombia y Sud\u00e1frica &#8211; GLOSOUTH. Esta iniciativa es liderada por la Universidad Tecnol\u00f3gica de Pereira [&hellip;]\" \/>\n<meta property=\"og:url\" content=\"https:\/\/www.ucatolica.edu.co\/portal\/la-universidad-catolica-de-colombia-fue-sede-del-encuentro-caies-un-espacio-para-la-cooperacion-academica-entre-colombia-y-sudafrica\/\" \/>\n<meta property=\"og:site_name\" content=\"Universidad Cat\u00f3lica De Colombia\" \/>\n<meta property=\"article:publisher\" content=\"https:\/\/www.facebook.com\/ucatolicacolombia\" \/>\n<meta property=\"article:published_time\" content=\"2025-07-10T15:01:00+00:00\" \/>\n<meta property=\"article:modified_time\" content=\"2025-09-19T17:49:23+00:00\" \/>\n<meta property=\"og:image\" content=\"https:\/\/www.ucatolica.edu.co\/portal\/wp-content\/uploads\/2025\/07\/Evento-CAIES.png\" \/>\n\t<meta property=\"og:image:width\" content=\"870\" \/>\n\t<meta property=\"og:image:height\" content=\"522\" \/>\n\t<meta property=\"og:image:type\" content=\"image\/png\" \/>\n<meta name=\"author\" content=\"Juan Jos\u00e9 Franco\" \/>\n<meta name=\"twitter:card\" content=\"summary_large_image\" \/>\n<meta name=\"twitter:creator\" content=\"@UCatolicaCol\" \/>\n<meta name=\"twitter:site\" content=\"@UCatolicaCol\" \/>\n<meta name=\"twitter:label1\" content=\"Escrito por\" \/>\n\t<meta name=\"twitter:data1\" content=\"Juan Jos\u00e9 Franco\" \/>\n\t<meta name=\"twitter:label2\" content=\"Tiempo de lectura\" \/>\n\t<meta name=\"twitter:data2\" content=\"2 minutos\" \/>\n<script type=\"application\/ld+json\" class=\"yoast-schema-graph\">{\"@context\":\"https:\/\/schema.org\",\"@graph\":[{\"@type\":\"Article\",\"@id\":\"https:\/\/www.ucatolica.edu.co\/portal\/la-universidad-catolica-de-colombia-fue-sede-del-encuentro-caies-un-espacio-para-la-cooperacion-academica-entre-colombia-y-sudafrica\/#article\",\"isPartOf\":{\"@id\":\"https:\/\/www.ucatolica.edu.co\/portal\/la-universidad-catolica-de-colombia-fue-sede-del-encuentro-caies-un-espacio-para-la-cooperacion-academica-entre-colombia-y-sudafrica\/\"},\"author\":{\"name\":\"Juan Jos\u00e9 Franco\",\"@id\":\"https:\/\/www.ucatolica.edu.co\/portal\/#\/schema\/person\/2fe10d3836c8b18a520cbf458d96a728\"},\"headline\":\"La Universidad Cat\u00f3lica de Colombia fue sede del encuentro CAIES: un espacio para la cooperaci\u00f3n acad\u00e9mica entre Colombia y Sud\u00e1frica\u00a0\",\"datePublished\":\"2025-07-10T15:01:00+00:00\",\"dateModified\":\"2025-09-19T17:49:23+00:00\",\"mainEntityOfPage\":{\"@id\":\"https:\/\/www.ucatolica.edu.co\/portal\/la-universidad-catolica-de-colombia-fue-sede-del-encuentro-caies-un-espacio-para-la-cooperacion-academica-entre-colombia-y-sudafrica\/\"},\"wordCount\":512,\"commentCount\":0,\"publisher\":{\"@id\":\"https:\/\/www.ucatolica.edu.co\/portal\/#organization\"},\"image\":{\"@id\":\"https:\/\/www.ucatolica.edu.co\/portal\/la-universidad-catolica-de-colombia-fue-sede-del-encuentro-caies-un-espacio-para-la-cooperacion-academica-entre-colombia-y-sudafrica\/#primaryimage\"},\"thumbnailUrl\":\"https:\/\/www.ucatolica.edu.co\/portal\/wp-content\/uploads\/2025\/07\/Evento-CAIES.png\",\"keywords\":[\"CAIES\",\"Icetex\",\"Internacionalizaci\u00f3n\",\"ORII\",\"RCI\",\"Universidad Cat\u00f3lica de Colombia\"],\"articleSection\":[\"Noticias Principales\",\"ORII\"],\"inLanguage\":\"es-CO\"},{\"@type\":\"WebPage\",\"@id\":\"https:\/\/www.ucatolica.edu.co\/portal\/la-universidad-catolica-de-colombia-fue-sede-del-encuentro-caies-un-espacio-para-la-cooperacion-academica-entre-colombia-y-sudafrica\/\",\"url\":\"https:\/\/www.ucatolica.edu.co\/portal\/la-universidad-catolica-de-colombia-fue-sede-del-encuentro-caies-un-espacio-para-la-cooperacion-academica-entre-colombia-y-sudafrica\/\",\"name\":\"La Universidad Cat\u00f3lica de Colombia fue sede del encuentro CAIES: un espacio para la cooperaci\u00f3n acad\u00e9mica entre Colombia y Sud\u00e1frica\u00a0 - Universidad Cat\u00f3lica De Colombia\",\"isPartOf\":{\"@id\":\"https:\/\/www.ucatolica.edu.co\/portal\/#website\"},\"primaryImageOfPage\":{\"@id\":\"https:\/\/www.ucatolica.edu.co\/portal\/la-universidad-catolica-de-colombia-fue-sede-del-encuentro-caies-un-espacio-para-la-cooperacion-academica-entre-colombia-y-sudafrica\/#primaryimage\"},\"image\":{\"@id\":\"https:\/\/www.ucatolica.edu.co\/portal\/la-universidad-catolica-de-colombia-fue-sede-del-encuentro-caies-un-espacio-para-la-cooperacion-academica-entre-colombia-y-sudafrica\/#primaryimage\"},\"thumbnailUrl\":\"https:\/\/www.ucatolica.edu.co\/portal\/wp-content\/uploads\/2025\/07\/Evento-CAIES.png\",\"datePublished\":\"2025-07-10T15:01:00+00:00\",\"dateModified\":\"2025-09-19T17:49:23+00:00\",\"breadcrumb\":{\"@id\":\"https:\/\/www.ucatolica.edu.co\/portal\/la-universidad-catolica-de-colombia-fue-sede-del-encuentro-caies-un-espacio-para-la-cooperacion-academica-entre-colombia-y-sudafrica\/#breadcrumb\"},\"inLanguage\":\"es-CO\",\"potentialAction\":[{\"@type\":\"ReadAction\",\"target\":[\"https:\/\/www.ucatolica.edu.co\/portal\/la-universidad-catolica-de-colombia-fue-sede-del-encuentro-caies-un-espacio-para-la-cooperacion-academica-entre-colombia-y-sudafrica\/\"]}]},{\"@type\":\"ImageObject\",\"inLanguage\":\"es-CO\",\"@id\":\"https:\/\/www.ucatolica.edu.co\/portal\/la-universidad-catolica-de-colombia-fue-sede-del-encuentro-caies-un-espacio-para-la-cooperacion-academica-entre-colombia-y-sudafrica\/#primaryimage\",\"url\":\"https:\/\/www.ucatolica.edu.co\/portal\/wp-content\/uploads\/2025\/07\/Evento-CAIES.png\",\"contentUrl\":\"https:\/\/www.ucatolica.edu.co\/portal\/wp-content\/uploads\/2025\/07\/Evento-CAIES.png\",\"width\":870,\"height\":522},{\"@type\":\"BreadcrumbList\",\"@id\":\"https:\/\/www.ucatolica.edu.co\/portal\/la-universidad-catolica-de-colombia-fue-sede-del-encuentro-caies-un-espacio-para-la-cooperacion-academica-entre-colombia-y-sudafrica\/#breadcrumb\",\"itemListElement\":[{\"@type\":\"ListItem\",\"position\":1,\"name\":\"Inicio\",\"item\":\"https:\/\/www.ucatolica.edu.co\/portal\/\"},{\"@type\":\"ListItem\",\"position\":2,\"name\":\"La Universidad Cat\u00f3lica de Colombia fue sede del encuentro CAIES: un espacio para la cooperaci\u00f3n acad\u00e9mica entre Colombia y Sud\u00e1frica\u00a0\"}]},{\"@type\":\"WebSite\",\"@id\":\"https:\/\/www.ucatolica.edu.co\/portal\/#website\",\"url\":\"https:\/\/www.ucatolica.edu.co\/portal\/\",\"name\":\"Universidad Cat\u00f3lica De Colombia\",\"description\":\"Universidad Cat\u00f3lica De Colombia\",\"publisher\":{\"@id\":\"https:\/\/www.ucatolica.edu.co\/portal\/#organization\"},\"potentialAction\":[{\"@type\":\"SearchAction\",\"target\":{\"@type\":\"EntryPoint\",\"urlTemplate\":\"https:\/\/www.ucatolica.edu.co\/portal\/?s={search_term_string}\"},\"query-input\":{\"@type\":\"PropertyValueSpecification\",\"valueRequired\":true,\"valueName\":\"search_term_string\"}}],\"inLanguage\":\"es-CO\"},{\"@type\":\"Organization\",\"@id\":\"https:\/\/www.ucatolica.edu.co\/portal\/#organization\",\"name\":\"Universidad Cat\u00f3lica de Colombia\",\"url\":\"https:\/\/www.ucatolica.edu.co\/portal\/\",\"logo\":{\"@type\":\"ImageObject\",\"inLanguage\":\"es-CO\",\"@id\":\"https:\/\/www.ucatolica.edu.co\/portal\/#\/schema\/logo\/image\/\",\"url\":\"https:\/\/www.ucatolica.edu.co\/portal\/wp-content\/uploads\/2021\/06\/logo-header-ho-1.svg\",\"contentUrl\":\"https:\/\/www.ucatolica.edu.co\/portal\/wp-content\/uploads\/2021\/06\/logo-header-ho-1.svg\",\"width\":1,\"height\":1,\"caption\":\"Universidad Cat\u00f3lica de Colombia\"},\"image\":{\"@id\":\"https:\/\/www.ucatolica.edu.co\/portal\/#\/schema\/logo\/image\/\"},\"sameAs\":[\"https:\/\/www.facebook.com\/ucatolicacolombia\",\"https:\/\/x.com\/UCatolicaCol\",\"https:\/\/www.instagram.com\/universidadcatolicadecolombia\/\",\"https:\/\/www.linkedin.com\/company\/universidadcatolicadecolombia\/\",\"https:\/\/www.youtube.com\/user\/UCatolicaCo\"]},{\"@type\":\"Person\",\"@id\":\"https:\/\/www.ucatolica.edu.co\/portal\/#\/schema\/person\/2fe10d3836c8b18a520cbf458d96a728\",\"name\":\"Juan Jos\u00e9 Franco\",\"url\":\"https:\/\/www.ucatolica.edu.co\/portal\/author\/juan\/\"}]}<\/script>\n<!-- \/ Yoast SEO plugin. -->","yoast_head_json":{"title":"La Universidad Cat\u00f3lica de Colombia fue sede del encuentro CAIES: un espacio para la cooperaci\u00f3n acad\u00e9mica entre Colombia y Sud\u00e1frica\u00a0 - Universidad Cat\u00f3lica De Colombia","robots":{"index":"index","follow":"follow","max-snippet":"max-snippet:-1","max-image-preview":"max-image-preview:large","max-video-preview":"max-video-preview:-1"},"canonical":"https:\/\/www.ucatolica.edu.co\/portal\/la-universidad-catolica-de-colombia-fue-sede-del-encuentro-caies-un-espacio-para-la-cooperacion-academica-entre-colombia-y-sudafrica\/","og_locale":"es_ES","og_type":"article","og_title":"La Universidad Cat\u00f3lica de Colombia fue sede del encuentro CAIES: un espacio para la cooperaci\u00f3n acad\u00e9mica entre Colombia y Sud\u00e1frica\u00a0 - Universidad Cat\u00f3lica De Colombia","og_description":"La Universidad Cat\u00f3lica de Colombia fue anfitriona del encuentro CAIES (Comunidad de Aprendizaje en Internacionalizaci\u00f3n de la Educaci\u00f3n Superior), realizado en el marco del proyecto de cooperaci\u00f3n internacional Fortalecimiento de la cooperaci\u00f3n para la internacionalizaci\u00f3n de la educaci\u00f3n superior entre Colombia y Sud\u00e1frica &#8211; GLOSOUTH. Esta iniciativa es liderada por la Universidad Tecnol\u00f3gica de Pereira [&hellip;]","og_url":"https:\/\/www.ucatolica.edu.co\/portal\/la-universidad-catolica-de-colombia-fue-sede-del-encuentro-caies-un-espacio-para-la-cooperacion-academica-entre-colombia-y-sudafrica\/","og_site_name":"Universidad Cat\u00f3lica De Colombia","article_publisher":"https:\/\/www.facebook.com\/ucatolicacolombia","article_published_time":"2025-07-10T15:01:00+00:00","article_modified_time":"2025-09-19T17:49:23+00:00","og_image":[{"width":870,"height":522,"url":"https:\/\/www.ucatolica.edu.co\/portal\/wp-content\/uploads\/2025\/07\/Evento-CAIES.png","type":"image\/png"}],"author":"Juan Jos\u00e9 Franco","twitter_card":"summary_large_image","twitter_creator":"@UCatolicaCol","twitter_site":"@UCatolicaCol","twitter_misc":{"Escrito por":"Juan Jos\u00e9 Franco","Tiempo de lectura":"2 minutos"},"schema":{"@context":"https:\/\/schema.org","@graph":[{"@type":"Article","@id":"https:\/\/www.ucatolica.edu.co\/portal\/la-universidad-catolica-de-colombia-fue-sede-del-encuentro-caies-un-espacio-para-la-cooperacion-academica-entre-colombia-y-sudafrica\/#article","isPartOf":{"@id":"https:\/\/www.ucatolica.edu.co\/portal\/la-universidad-catolica-de-colombia-fue-sede-del-encuentro-caies-un-espacio-para-la-cooperacion-academica-entre-colombia-y-sudafrica\/"},"author":{"name":"Juan Jos\u00e9 Franco","@id":"https:\/\/www.ucatolica.edu.co\/portal\/#\/schema\/person\/2fe10d3836c8b18a520cbf458d96a728"},"headline":"La Universidad Cat\u00f3lica de Colombia fue sede del encuentro CAIES: un espacio para la cooperaci\u00f3n acad\u00e9mica entre Colombia y Sud\u00e1frica\u00a0","datePublished":"2025-07-10T15:01:00+00:00","dateModified":"2025-09-19T17:49:23+00:00","mainEntityOfPage":{"@id":"https:\/\/www.ucatolica.edu.co\/portal\/la-universidad-catolica-de-colombia-fue-sede-del-encuentro-caies-un-espacio-para-la-cooperacion-academica-entre-colombia-y-sudafrica\/"},"wordCount":512,"commentCount":0,"publisher":{"@id":"https:\/\/www.ucatolica.edu.co\/portal\/#organization"},"image":{"@id":"https:\/\/www.ucatolica.edu.co\/portal\/la-universidad-catolica-de-colombia-fue-sede-del-encuentro-caies-un-espacio-para-la-cooperacion-academica-entre-colombia-y-sudafrica\/#primaryimage"},"thumbnailUrl":"https:\/\/www.ucatolica.edu.co\/portal\/wp-content\/uploads\/2025\/07\/Evento-CAIES.png","keywords":["CAIES","Icetex","Internacionalizaci\u00f3n","ORII","RCI","Universidad Cat\u00f3lica de Colombia"],"articleSection":["Noticias Principales","ORII"],"inLanguage":"es-CO"},{"@type":"WebPage","@id":"https:\/\/www.ucatolica.edu.co\/portal\/la-universidad-catolica-de-colombia-fue-sede-del-encuentro-caies-un-espacio-para-la-cooperacion-academica-entre-colombia-y-sudafrica\/","url":"https:\/\/www.ucatolica.edu.co\/portal\/la-universidad-catolica-de-colombia-fue-sede-del-encuentro-caies-un-espacio-para-la-cooperacion-academica-entre-colombia-y-sudafrica\/","name":"La Universidad Cat\u00f3lica de Colombia fue sede del encuentro CAIES: un espacio para la cooperaci\u00f3n acad\u00e9mica entre Colombia y Sud\u00e1frica\u00a0 - Universidad Cat\u00f3lica De Colombia","isPartOf":{"@id":"https:\/\/www.ucatolica.edu.co\/portal\/#website"},"primaryImageOfPage":{"@id":"https:\/\/www.ucatolica.edu.co\/portal\/la-universidad-catolica-de-colombia-fue-sede-del-encuentro-caies-un-espacio-para-la-cooperacion-academica-entre-colombia-y-sudafrica\/#primaryimage"},"image":{"@id":"https:\/\/www.ucatolica.edu.co\/portal\/la-universidad-catolica-de-colombia-fue-sede-del-encuentro-caies-un-espacio-para-la-cooperacion-academica-entre-colombia-y-sudafrica\/#primaryimage"},"thumbnailUrl":"https:\/\/www.ucatolica.edu.co\/portal\/wp-content\/uploads\/2025\/07\/Evento-CAIES.png","datePublished":"2025-07-10T15:01:00+00:00","dateModified":"2025-09-19T17:49:23+00:00","breadcrumb":{"@id":"https:\/\/www.ucatolica.edu.co\/portal\/la-universidad-catolica-de-colombia-fue-sede-del-encuentro-caies-un-espacio-para-la-cooperacion-academica-entre-colombia-y-sudafrica\/#breadcrumb"},"inLanguage":"es-CO","potentialAction":[{"@type":"ReadAction","target":["https:\/\/www.ucatolica.edu.co\/portal\/la-universidad-catolica-de-colombia-fue-sede-del-encuentro-caies-un-espacio-para-la-cooperacion-academica-entre-colombia-y-sudafrica\/"]}]},{"@type":"ImageObject","inLanguage":"es-CO","@id":"https:\/\/www.ucatolica.edu.co\/portal\/la-universidad-catolica-de-colombia-fue-sede-del-encuentro-caies-un-espacio-para-la-cooperacion-academica-entre-colombia-y-sudafrica\/#primaryimage","url":"https:\/\/www.ucatolica.edu.co\/portal\/wp-content\/uploads\/2025\/07\/Evento-CAIES.png","contentUrl":"https:\/\/www.ucatolica.edu.co\/portal\/wp-content\/uploads\/2025\/07\/Evento-CAIES.png","width":870,"height":522},{"@type":"BreadcrumbList","@id":"https:\/\/www.ucatolica.edu.co\/portal\/la-universidad-catolica-de-colombia-fue-sede-del-encuentro-caies-un-espacio-para-la-cooperacion-academica-entre-colombia-y-sudafrica\/#breadcrumb","itemListElement":[{"@type":"ListItem","position":1,"name":"Inicio","item":"https:\/\/www.ucatolica.edu.co\/portal\/"},{"@type":"ListItem","position":2,"name":"La Universidad Cat\u00f3lica de Colombia fue sede del encuentro CAIES: un espacio para la cooperaci\u00f3n acad\u00e9mica entre Colombia y Sud\u00e1frica\u00a0"}]},{"@type":"WebSite","@id":"https:\/\/www.ucatolica.edu.co\/portal\/#website","url":"https:\/\/www.ucatolica.edu.co\/portal\/","name":"Universidad Cat\u00f3lica De Colombia","description":"Universidad Cat\u00f3lica De Colombia","publisher":{"@id":"https:\/\/www.ucatolica.edu.co\/portal\/#organization"},"potentialAction":[{"@type":"SearchAction","target":{"@type":"EntryPoint","urlTemplate":"https:\/\/www.ucatolica.edu.co\/portal\/?s={search_term_string}"},"query-input":{"@type":"PropertyValueSpecification","valueRequired":true,"valueName":"search_term_string"}}],"inLanguage":"es-CO"},{"@type":"Organization","@id":"https:\/\/www.ucatolica.edu.co\/portal\/#organization","name":"Universidad Cat\u00f3lica de Colombia","url":"https:\/\/www.ucatolica.edu.co\/portal\/","logo":{"@type":"ImageObject","inLanguage":"es-CO","@id":"https:\/\/www.ucatolica.edu.co\/portal\/#\/schema\/logo\/image\/","url":"https:\/\/www.ucatolica.edu.co\/portal\/wp-content\/uploads\/2021\/06\/logo-header-ho-1.svg","contentUrl":"https:\/\/www.ucatolica.edu.co\/portal\/wp-content\/uploads\/2021\/06\/logo-header-ho-1.svg","width":1,"height":1,"caption":"Universidad Cat\u00f3lica de Colombia"},"image":{"@id":"https:\/\/www.ucatolica.edu.co\/portal\/#\/schema\/logo\/image\/"},"sameAs":["https:\/\/www.facebook.com\/ucatolicacolombia","https:\/\/x.com\/UCatolicaCol","https:\/\/www.instagram.com\/universidadcatolicadecolombia\/","https:\/\/www.linkedin.com\/company\/universidadcatolicadecolombia\/","https:\/\/www.youtube.com\/user\/UCatolicaCo"]},{"@type":"Person","@id":"https:\/\/www.ucatolica.edu.co\/portal\/#\/schema\/person\/2fe10d3836c8b18a520cbf458d96a728","name":"Juan Jos\u00e9 Franco","url":"https:\/\/www.ucatolica.edu.co\/portal\/author\/juan\/"}]}},"author_meta":{"display_name":"Juan Jos\u00e9 Franco","author_link":"https:\/\/www.ucatolica.edu.co\/portal\/author\/juan\/"},"featured_img":"https:\/\/www.ucatolica.edu.co\/portal\/wp-content\/uploads\/2025\/07\/Evento-CAIES.png","coauthors":[],"tax_additional":{"categories":{"linked":["<a href=\"https:\/\/www.ucatolica.edu.co\/portal\/category\/noticias-principales\/\" class=\"advgb-post-tax-term\">Noticias Principales<\/a>","<a href=\"https:\/\/www.ucatolica.edu.co\/portal\/category\/orii\/\" class=\"advgb-post-tax-term\">ORII<\/a>"],"unlinked":["<span class=\"advgb-post-tax-term\">Noticias Principales<\/span>","<span class=\"advgb-post-tax-term\">ORII<\/span>"]},"tags":{"linked":["<a href=\"https:\/\/www.ucatolica.edu.co\/portal\/category\/orii\/\" class=\"advgb-post-tax-term\">CAIES<\/a>","<a href=\"https:\/\/www.ucatolica.edu.co\/portal\/category\/orii\/\" class=\"advgb-post-tax-term\">Icetex<\/a>","<a href=\"https:\/\/www.ucatolica.edu.co\/portal\/category\/orii\/\" class=\"advgb-post-tax-term\">Internacionalizaci\u00f3n<\/a>","<a href=\"https:\/\/www.ucatolica.edu.co\/portal\/category\/orii\/\" class=\"advgb-post-tax-term\">ORII<\/a>","<a href=\"https:\/\/www.ucatolica.edu.co\/portal\/category\/orii\/\" class=\"advgb-post-tax-term\">RCI<\/a>","<a href=\"https:\/\/www.ucatolica.edu.co\/portal\/category\/orii\/\" class=\"advgb-post-tax-term\">Universidad Cat\u00f3lica de Colombia<\/a>"],"unlinked":["<span class=\"advgb-post-tax-term\">CAIES<\/span>","<span class=\"advgb-post-tax-term\">Icetex<\/span>","<span class=\"advgb-post-tax-term\">Internacionalizaci\u00f3n<\/span>","<span class=\"advgb-post-tax-term\">ORII<\/span>","<span class=\"advgb-post-tax-term\">RCI<\/span>","<span class=\"advgb-post-tax-term\">Universidad Cat\u00f3lica de Colombia<\/span>"]}},"comment_count":"0","relative_dates":{"created":"Posted 10 meses ago","modified":"Updated 7 meses ago"},"absolute_dates":{"created":"Posted on 10 julio, 2025","modified":"Updated on 19 septiembre, 2025"},"absolute_dates_time":{"created":"Posted on 10 julio, 2025 10:01 am","modified":"Updated on 19 septiembre, 2025 12:49 pm"},"featured_img_caption":"","series_order":"","_links":{"self":[{"href":"https:\/\/www.ucatolica.edu.co\/portal\/wp-json\/wp\/v2\/posts\/118571","targetHints":{"allow":["GET"]}}],"collection":[{"href":"https:\/\/www.ucatolica.edu.co\/portal\/wp-json\/wp\/v2\/posts"}],"about":[{"href":"https:\/\/www.ucatolica.edu.co\/portal\/wp-json\/wp\/v2\/types\/post"}],"author":[{"embeddable":true,"href":"https:\/\/www.ucatolica.edu.co\/portal\/wp-json\/wp\/v2\/users\/65"}],"replies":[{"embeddable":true,"href":"https:\/\/www.ucatolica.edu.co\/portal\/wp-json\/wp\/v2\/comments?post=118571"}],"version-history":[{"count":7,"href":"https:\/\/www.ucatolica.edu.co\/portal\/wp-json\/wp\/v2\/posts\/118571\/revisions"}],"predecessor-version":[{"id":122653,"href":"https:\/\/www.ucatolica.edu.co\/portal\/wp-json\/wp\/v2\/posts\/118571\/revisions\/122653"}],"wp:featuredmedia":[{"embeddable":true,"href":"https:\/\/www.ucatolica.edu.co\/portal\/wp-json\/wp\/v2\/media\/118580"}],"wp:attachment":[{"href":"https:\/\/www.ucatolica.edu.co\/portal\/wp-json\/wp\/v2\/media?parent=118571"}],"wp:term":[{"taxonomy":"category","embeddable":true,"href":"https:\/\/www.ucatolica.edu.co\/portal\/wp-json\/wp\/v2\/categories?post=118571"},{"taxonomy":"post_tag","embeddable":true,"href":"https:\/\/www.ucatolica.edu.co\/portal\/wp-json\/wp\/v2\/tags?post=118571"}],"curies":[{"name":"wp","href":"https:\/\/api.w.org\/{rel}","templated":true}]}}