{"id":119102,"date":"2025-07-24T17:50:39","date_gmt":"2025-07-24T22:50:39","guid":{"rendered":"https:\/\/www.ucatolica.edu.co\/portal\/?p=119102"},"modified":"2025-07-24T17:50:40","modified_gmt":"2025-07-24T22:50:40","slug":"profesora-de-la-facultad-de-psicologia-fortalece-la-internacionalizacion-con-investigacion-sobre-paz-genero-y-soberania-alimentaria-en-irlanda","status":"publish","type":"post","link":"https:\/\/www.ucatolica.edu.co\/portal\/profesora-de-la-facultad-de-psicologia-fortalece-la-internacionalizacion-con-investigacion-sobre-paz-genero-y-soberania-alimentaria-en-irlanda\/","title":{"rendered":"Profesora de la Facultad de Psicolog\u00eda fortalece la internacionalizaci\u00f3n con investigaci\u00f3n sobre paz, g\u00e9nero y soberan\u00eda alimentaria en Irlanda"},"content":{"rendered":"\n<p>La profesora <strong>Diana Camila Garz\u00f3n Velandia, de la Facultad de Psicolog\u00eda<\/strong> de la Universidad Cat\u00f3lica de Colombia, llev\u00f3 su conocimiento, vocaci\u00f3n investigativa y compromiso con la construcci\u00f3n de paz a la <strong>University College Dublin (UCD), en Irlanda<\/strong>, en el marco de una estancia internacional de investigaci\u00f3n.<\/p>\n\n\n\n<p>Esta experiencia se desarroll\u00f3 gracias a su participaci\u00f3n en el proyecto internacional<strong> \u201cThe gendered dimensions of food insecurity and hunger in peacebuilding\u201d<\/strong>, liderado por Caitriona Dowd, profesora adjunta en la Escuela de Pol\u00edtica y Relaciones Internacionales de la UCD, y centrado en el an\u00e1lisis de los acuerdos de paz en contextos africanos, tomando como caso de estudio el proceso de paz colombiano con un enfoque en la soberan\u00eda alimentaria y el rol de las mujeres en la consolidaci\u00f3n de la paz.<\/p>\n\n\n\n<p>Durante su estancia, la profesora Garz\u00f3n y el equipo de investigadores fueron<strong> invitados por la Embajada de Colombia en Irlanda<\/strong> a un evento acad\u00e9mico y cultural para la presentaci\u00f3n del documental <strong>\u201cCuando las aguas se juntan\u201d<\/strong>, una producci\u00f3n que tambi\u00e9n destaca la participaci\u00f3n de las mujeres en los procesos de construcci\u00f3n de paz en Colombia.<\/p>\n\n\n\n<p>Con gran entusiasmo y alegr\u00eda por lo vivido en este colorido pa\u00eds, la profesora <strong>Diana Garz\u00f3n<\/strong> precis\u00f3: &#8220;<em>Mi estancia en la UCD fue una experiencia enriquecedora en distintos aspectos. La posibilidad de colaborar con el equipo de investigaci\u00f3n y de compartir perspectivas sobre los procesos de paz me permiti\u00f3 ampliar mis horizontes acad\u00e9micos. Me sent\u00ed bienvenida, motivada y parte activa de un entorno de investigaci\u00f3n estimulante y, como es usual, interactuar con otras culturas me resulta una de las mejores formas de aprender e investigar el mundo<\/em>&#8220;.<\/p>\n\n\n\n<figure class=\"wp-block-image size-full\"><img fetchpriority=\"high\" decoding=\"async\" width=\"870\" height=\"522\" src=\"https:\/\/www.ucatolica.edu.co\/portal\/wp-content\/uploads\/2025\/07\/Prosora-Investigadora-en-Irlanda.png\" alt=\"\" class=\"wp-image-119181\" \/><\/figure>\n\n\n\n<p>Esta actividad permiti\u00f3 fortalecer lazos internacionales, promover el di\u00e1logo acad\u00e9mico y visibilizar los aportes de la investigaci\u00f3n colombiana en escenarios globales.<\/p>\n\n\n\n<p>La participaci\u00f3n de la profesora Garz\u00f3n reafirma el compromiso de la Universidad Cat\u00f3lica de Colombia con la internacionalizaci\u00f3n y con el rol protag\u00f3nico del psic\u00f3logo en la actualidad. Estos logros nos permiten seguir <strong>impulsando nuevas historias<\/strong> para la construcci\u00f3n del conocimiento.<\/p>\n","protected":false},"excerpt":{"rendered":"<p>La profesora Diana Camila Garz\u00f3n Velandia, de la Facultad de Psicolog\u00eda de la Universidad Cat\u00f3lica de Colombia, llev\u00f3 su conocimiento, vocaci\u00f3n investigativa y compromiso con la construcci\u00f3n de paz a la University College Dublin (UCD), en Irlanda, en el marco de una estancia internacional de investigaci\u00f3n. Esta experiencia se desarroll\u00f3 gracias a su participaci\u00f3n en [&hellip;]<\/p>\n","protected":false},"author":65,"featured_media":119182,"comment_status":"open","ping_status":"open","sticky":false,"template":"","format":"standard","meta":{"_acf_changed":false,"advgb_blocks_editor_width":"","advgb_blocks_columns_visual_guide":"","footnotes":""},"categories":[93],"tags":[1409,171,265],"class_list":["post-119102","post","type-post","status-publish","format-standard","has-post-thumbnail","hentry","category-noticias-principales","tag-internacinalizacion","tag-profesores-investigadores","tag-universidad-catolica-de-colombia"],"acf":[],"yoast_head":"<!-- This site is optimized with the Yoast SEO plugin v26.7 - https:\/\/yoast.com\/wordpress\/plugins\/seo\/ -->\n<title>Profesora de la Facultad de Psicolog\u00eda fortalece la internacionalizaci\u00f3n con investigaci\u00f3n sobre paz, g\u00e9nero y soberan\u00eda alimentaria en Irlanda - Universidad Cat\u00f3lica De Colombia<\/title>\n<meta name=\"robots\" content=\"index, follow, max-snippet:-1, max-image-preview:large, max-video-preview:-1\" \/>\n<link rel=\"canonical\" href=\"https:\/\/www.ucatolica.edu.co\/portal\/profesora-de-la-facultad-de-psicologia-fortalece-la-internacionalizacion-con-investigacion-sobre-paz-genero-y-soberania-alimentaria-en-irlanda\/\" \/>\n<meta property=\"og:locale\" content=\"es_ES\" \/>\n<meta property=\"og:type\" content=\"article\" \/>\n<meta property=\"og:title\" content=\"Profesora de la Facultad de Psicolog\u00eda fortalece la internacionalizaci\u00f3n con investigaci\u00f3n sobre paz, g\u00e9nero y soberan\u00eda alimentaria en Irlanda - Universidad Cat\u00f3lica De Colombia\" \/>\n<meta property=\"og:description\" content=\"La profesora Diana Camila Garz\u00f3n Velandia, de la Facultad de Psicolog\u00eda de la Universidad Cat\u00f3lica de Colombia, llev\u00f3 su conocimiento, vocaci\u00f3n investigativa y compromiso con la construcci\u00f3n de paz a la University College Dublin (UCD), en Irlanda, en el marco de una estancia internacional de investigaci\u00f3n. Esta experiencia se desarroll\u00f3 gracias a su participaci\u00f3n en [&hellip;]\" \/>\n<meta property=\"og:url\" content=\"https:\/\/www.ucatolica.edu.co\/portal\/profesora-de-la-facultad-de-psicologia-fortalece-la-internacionalizacion-con-investigacion-sobre-paz-genero-y-soberania-alimentaria-en-irlanda\/\" \/>\n<meta property=\"og:site_name\" content=\"Universidad Cat\u00f3lica De Colombia\" \/>\n<meta property=\"article:publisher\" content=\"https:\/\/www.facebook.com\/ucatolicacolombia\" \/>\n<meta property=\"article:published_time\" content=\"2025-07-24T22:50:39+00:00\" \/>\n<meta property=\"article:modified_time\" content=\"2025-07-24T22:50:40+00:00\" \/>\n<meta property=\"og:image\" content=\"https:\/\/www.ucatolica.edu.co\/portal\/wp-content\/uploads\/2025\/07\/University-College-Dublin.png\" \/>\n\t<meta property=\"og:image:width\" content=\"870\" \/>\n\t<meta property=\"og:image:height\" content=\"522\" \/>\n\t<meta property=\"og:image:type\" content=\"image\/png\" \/>\n<meta name=\"author\" content=\"Juan Jos\u00e9 Franco\" \/>\n<meta name=\"twitter:card\" content=\"summary_large_image\" \/>\n<meta name=\"twitter:creator\" content=\"@UCatolicaCol\" \/>\n<meta name=\"twitter:site\" content=\"@UCatolicaCol\" \/>\n<meta name=\"twitter:label1\" content=\"Escrito por\" \/>\n\t<meta name=\"twitter:data1\" content=\"Juan Jos\u00e9 Franco\" \/>\n\t<meta name=\"twitter:label2\" content=\"Tiempo de lectura\" \/>\n\t<meta name=\"twitter:data2\" content=\"2 minutos\" \/>\n<script type=\"application\/ld+json\" class=\"yoast-schema-graph\">{\"@context\":\"https:\/\/schema.org\",\"@graph\":[{\"@type\":\"Article\",\"@id\":\"https:\/\/www.ucatolica.edu.co\/portal\/profesora-de-la-facultad-de-psicologia-fortalece-la-internacionalizacion-con-investigacion-sobre-paz-genero-y-soberania-alimentaria-en-irlanda\/#article\",\"isPartOf\":{\"@id\":\"https:\/\/www.ucatolica.edu.co\/portal\/profesora-de-la-facultad-de-psicologia-fortalece-la-internacionalizacion-con-investigacion-sobre-paz-genero-y-soberania-alimentaria-en-irlanda\/\"},\"author\":{\"name\":\"Juan Jos\u00e9 Franco\",\"@id\":\"https:\/\/www.ucatolica.edu.co\/portal\/#\/schema\/person\/2fe10d3836c8b18a520cbf458d96a728\"},\"headline\":\"Profesora de la Facultad de Psicolog\u00eda fortalece la internacionalizaci\u00f3n con investigaci\u00f3n sobre paz, g\u00e9nero y soberan\u00eda alimentaria en Irlanda\",\"datePublished\":\"2025-07-24T22:50:39+00:00\",\"dateModified\":\"2025-07-24T22:50:40+00:00\",\"mainEntityOfPage\":{\"@id\":\"https:\/\/www.ucatolica.edu.co\/portal\/profesora-de-la-facultad-de-psicologia-fortalece-la-internacionalizacion-con-investigacion-sobre-paz-genero-y-soberania-alimentaria-en-irlanda\/\"},\"wordCount\":389,\"commentCount\":0,\"publisher\":{\"@id\":\"https:\/\/www.ucatolica.edu.co\/portal\/#organization\"},\"image\":{\"@id\":\"https:\/\/www.ucatolica.edu.co\/portal\/profesora-de-la-facultad-de-psicologia-fortalece-la-internacionalizacion-con-investigacion-sobre-paz-genero-y-soberania-alimentaria-en-irlanda\/#primaryimage\"},\"thumbnailUrl\":\"https:\/\/www.ucatolica.edu.co\/portal\/wp-content\/uploads\/2025\/07\/University-College-Dublin.png\",\"keywords\":[\"Internacinalizaci\u00f3n\",\"profesores investigadores\",\"Universidad Cat\u00f3lica de Colombia\"],\"articleSection\":[\"Noticias Principales\"],\"inLanguage\":\"es-CO\"},{\"@type\":\"WebPage\",\"@id\":\"https:\/\/www.ucatolica.edu.co\/portal\/profesora-de-la-facultad-de-psicologia-fortalece-la-internacionalizacion-con-investigacion-sobre-paz-genero-y-soberania-alimentaria-en-irlanda\/\",\"url\":\"https:\/\/www.ucatolica.edu.co\/portal\/profesora-de-la-facultad-de-psicologia-fortalece-la-internacionalizacion-con-investigacion-sobre-paz-genero-y-soberania-alimentaria-en-irlanda\/\",\"name\":\"Profesora de la Facultad de Psicolog\u00eda fortalece la internacionalizaci\u00f3n con investigaci\u00f3n sobre paz, g\u00e9nero y soberan\u00eda alimentaria en Irlanda - Universidad Cat\u00f3lica De Colombia\",\"isPartOf\":{\"@id\":\"https:\/\/www.ucatolica.edu.co\/portal\/#website\"},\"primaryImageOfPage\":{\"@id\":\"https:\/\/www.ucatolica.edu.co\/portal\/profesora-de-la-facultad-de-psicologia-fortalece-la-internacionalizacion-con-investigacion-sobre-paz-genero-y-soberania-alimentaria-en-irlanda\/#primaryimage\"},\"image\":{\"@id\":\"https:\/\/www.ucatolica.edu.co\/portal\/profesora-de-la-facultad-de-psicologia-fortalece-la-internacionalizacion-con-investigacion-sobre-paz-genero-y-soberania-alimentaria-en-irlanda\/#primaryimage\"},\"thumbnailUrl\":\"https:\/\/www.ucatolica.edu.co\/portal\/wp-content\/uploads\/2025\/07\/University-College-Dublin.png\",\"datePublished\":\"2025-07-24T22:50:39+00:00\",\"dateModified\":\"2025-07-24T22:50:40+00:00\",\"breadcrumb\":{\"@id\":\"https:\/\/www.ucatolica.edu.co\/portal\/profesora-de-la-facultad-de-psicologia-fortalece-la-internacionalizacion-con-investigacion-sobre-paz-genero-y-soberania-alimentaria-en-irlanda\/#breadcrumb\"},\"inLanguage\":\"es-CO\",\"potentialAction\":[{\"@type\":\"ReadAction\",\"target\":[\"https:\/\/www.ucatolica.edu.co\/portal\/profesora-de-la-facultad-de-psicologia-fortalece-la-internacionalizacion-con-investigacion-sobre-paz-genero-y-soberania-alimentaria-en-irlanda\/\"]}]},{\"@type\":\"ImageObject\",\"inLanguage\":\"es-CO\",\"@id\":\"https:\/\/www.ucatolica.edu.co\/portal\/profesora-de-la-facultad-de-psicologia-fortalece-la-internacionalizacion-con-investigacion-sobre-paz-genero-y-soberania-alimentaria-en-irlanda\/#primaryimage\",\"url\":\"https:\/\/www.ucatolica.edu.co\/portal\/wp-content\/uploads\/2025\/07\/University-College-Dublin.png\",\"contentUrl\":\"https:\/\/www.ucatolica.edu.co\/portal\/wp-content\/uploads\/2025\/07\/University-College-Dublin.png\",\"width\":870,\"height\":522},{\"@type\":\"BreadcrumbList\",\"@id\":\"https:\/\/www.ucatolica.edu.co\/portal\/profesora-de-la-facultad-de-psicologia-fortalece-la-internacionalizacion-con-investigacion-sobre-paz-genero-y-soberania-alimentaria-en-irlanda\/#breadcrumb\",\"itemListElement\":[{\"@type\":\"ListItem\",\"position\":1,\"name\":\"Inicio\",\"item\":\"https:\/\/www.ucatolica.edu.co\/portal\/\"},{\"@type\":\"ListItem\",\"position\":2,\"name\":\"Profesora de la Facultad de Psicolog\u00eda fortalece la internacionalizaci\u00f3n con investigaci\u00f3n sobre paz, g\u00e9nero y soberan\u00eda alimentaria en Irlanda\"}]},{\"@type\":\"WebSite\",\"@id\":\"https:\/\/www.ucatolica.edu.co\/portal\/#website\",\"url\":\"https:\/\/www.ucatolica.edu.co\/portal\/\",\"name\":\"Universidad Cat\u00f3lica De Colombia\",\"description\":\"Universidad Cat\u00f3lica De Colombia\",\"publisher\":{\"@id\":\"https:\/\/www.ucatolica.edu.co\/portal\/#organization\"},\"potentialAction\":[{\"@type\":\"SearchAction\",\"target\":{\"@type\":\"EntryPoint\",\"urlTemplate\":\"https:\/\/www.ucatolica.edu.co\/portal\/?s={search_term_string}\"},\"query-input\":{\"@type\":\"PropertyValueSpecification\",\"valueRequired\":true,\"valueName\":\"search_term_string\"}}],\"inLanguage\":\"es-CO\"},{\"@type\":\"Organization\",\"@id\":\"https:\/\/www.ucatolica.edu.co\/portal\/#organization\",\"name\":\"Universidad Cat\u00f3lica de Colombia\",\"url\":\"https:\/\/www.ucatolica.edu.co\/portal\/\",\"logo\":{\"@type\":\"ImageObject\",\"inLanguage\":\"es-CO\",\"@id\":\"https:\/\/www.ucatolica.edu.co\/portal\/#\/schema\/logo\/image\/\",\"url\":\"https:\/\/www.ucatolica.edu.co\/portal\/wp-content\/uploads\/2021\/06\/logo-header-ho-1.svg\",\"contentUrl\":\"https:\/\/www.ucatolica.edu.co\/portal\/wp-content\/uploads\/2021\/06\/logo-header-ho-1.svg\",\"width\":1,\"height\":1,\"caption\":\"Universidad Cat\u00f3lica de Colombia\"},\"image\":{\"@id\":\"https:\/\/www.ucatolica.edu.co\/portal\/#\/schema\/logo\/image\/\"},\"sameAs\":[\"https:\/\/www.facebook.com\/ucatolicacolombia\",\"https:\/\/x.com\/UCatolicaCol\",\"https:\/\/www.instagram.com\/universidadcatolicadecolombia\/\",\"https:\/\/www.linkedin.com\/company\/universidadcatolicadecolombia\/\",\"https:\/\/www.youtube.com\/user\/UCatolicaCo\"]},{\"@type\":\"Person\",\"@id\":\"https:\/\/www.ucatolica.edu.co\/portal\/#\/schema\/person\/2fe10d3836c8b18a520cbf458d96a728\",\"name\":\"Juan Jos\u00e9 Franco\",\"url\":\"https:\/\/www.ucatolica.edu.co\/portal\/author\/juan\/\"}]}<\/script>\n<!-- \/ Yoast SEO plugin. -->","yoast_head_json":{"title":"Profesora de la Facultad de Psicolog\u00eda fortalece la internacionalizaci\u00f3n con investigaci\u00f3n sobre paz, g\u00e9nero y soberan\u00eda alimentaria en Irlanda - Universidad Cat\u00f3lica De Colombia","robots":{"index":"index","follow":"follow","max-snippet":"max-snippet:-1","max-image-preview":"max-image-preview:large","max-video-preview":"max-video-preview:-1"},"canonical":"https:\/\/www.ucatolica.edu.co\/portal\/profesora-de-la-facultad-de-psicologia-fortalece-la-internacionalizacion-con-investigacion-sobre-paz-genero-y-soberania-alimentaria-en-irlanda\/","og_locale":"es_ES","og_type":"article","og_title":"Profesora de la Facultad de Psicolog\u00eda fortalece la internacionalizaci\u00f3n con investigaci\u00f3n sobre paz, g\u00e9nero y soberan\u00eda alimentaria en Irlanda - Universidad Cat\u00f3lica De Colombia","og_description":"La profesora Diana Camila Garz\u00f3n Velandia, de la Facultad de Psicolog\u00eda de la Universidad Cat\u00f3lica de Colombia, llev\u00f3 su conocimiento, vocaci\u00f3n investigativa y compromiso con la construcci\u00f3n de paz a la University College Dublin (UCD), en Irlanda, en el marco de una estancia internacional de investigaci\u00f3n. Esta experiencia se desarroll\u00f3 gracias a su participaci\u00f3n en [&hellip;]","og_url":"https:\/\/www.ucatolica.edu.co\/portal\/profesora-de-la-facultad-de-psicologia-fortalece-la-internacionalizacion-con-investigacion-sobre-paz-genero-y-soberania-alimentaria-en-irlanda\/","og_site_name":"Universidad Cat\u00f3lica De Colombia","article_publisher":"https:\/\/www.facebook.com\/ucatolicacolombia","article_published_time":"2025-07-24T22:50:39+00:00","article_modified_time":"2025-07-24T22:50:40+00:00","og_image":[{"width":870,"height":522,"url":"https:\/\/www.ucatolica.edu.co\/portal\/wp-content\/uploads\/2025\/07\/University-College-Dublin.png","type":"image\/png"}],"author":"Juan Jos\u00e9 Franco","twitter_card":"summary_large_image","twitter_creator":"@UCatolicaCol","twitter_site":"@UCatolicaCol","twitter_misc":{"Escrito por":"Juan Jos\u00e9 Franco","Tiempo de lectura":"2 minutos"},"schema":{"@context":"https:\/\/schema.org","@graph":[{"@type":"Article","@id":"https:\/\/www.ucatolica.edu.co\/portal\/profesora-de-la-facultad-de-psicologia-fortalece-la-internacionalizacion-con-investigacion-sobre-paz-genero-y-soberania-alimentaria-en-irlanda\/#article","isPartOf":{"@id":"https:\/\/www.ucatolica.edu.co\/portal\/profesora-de-la-facultad-de-psicologia-fortalece-la-internacionalizacion-con-investigacion-sobre-paz-genero-y-soberania-alimentaria-en-irlanda\/"},"author":{"name":"Juan Jos\u00e9 Franco","@id":"https:\/\/www.ucatolica.edu.co\/portal\/#\/schema\/person\/2fe10d3836c8b18a520cbf458d96a728"},"headline":"Profesora de la Facultad de Psicolog\u00eda fortalece la internacionalizaci\u00f3n con investigaci\u00f3n sobre paz, g\u00e9nero y soberan\u00eda alimentaria en Irlanda","datePublished":"2025-07-24T22:50:39+00:00","dateModified":"2025-07-24T22:50:40+00:00","mainEntityOfPage":{"@id":"https:\/\/www.ucatolica.edu.co\/portal\/profesora-de-la-facultad-de-psicologia-fortalece-la-internacionalizacion-con-investigacion-sobre-paz-genero-y-soberania-alimentaria-en-irlanda\/"},"wordCount":389,"commentCount":0,"publisher":{"@id":"https:\/\/www.ucatolica.edu.co\/portal\/#organization"},"image":{"@id":"https:\/\/www.ucatolica.edu.co\/portal\/profesora-de-la-facultad-de-psicologia-fortalece-la-internacionalizacion-con-investigacion-sobre-paz-genero-y-soberania-alimentaria-en-irlanda\/#primaryimage"},"thumbnailUrl":"https:\/\/www.ucatolica.edu.co\/portal\/wp-content\/uploads\/2025\/07\/University-College-Dublin.png","keywords":["Internacinalizaci\u00f3n","profesores investigadores","Universidad Cat\u00f3lica de Colombia"],"articleSection":["Noticias Principales"],"inLanguage":"es-CO"},{"@type":"WebPage","@id":"https:\/\/www.ucatolica.edu.co\/portal\/profesora-de-la-facultad-de-psicologia-fortalece-la-internacionalizacion-con-investigacion-sobre-paz-genero-y-soberania-alimentaria-en-irlanda\/","url":"https:\/\/www.ucatolica.edu.co\/portal\/profesora-de-la-facultad-de-psicologia-fortalece-la-internacionalizacion-con-investigacion-sobre-paz-genero-y-soberania-alimentaria-en-irlanda\/","name":"Profesora de la Facultad de Psicolog\u00eda fortalece la internacionalizaci\u00f3n con investigaci\u00f3n sobre paz, g\u00e9nero y soberan\u00eda alimentaria en Irlanda - Universidad Cat\u00f3lica De Colombia","isPartOf":{"@id":"https:\/\/www.ucatolica.edu.co\/portal\/#website"},"primaryImageOfPage":{"@id":"https:\/\/www.ucatolica.edu.co\/portal\/profesora-de-la-facultad-de-psicologia-fortalece-la-internacionalizacion-con-investigacion-sobre-paz-genero-y-soberania-alimentaria-en-irlanda\/#primaryimage"},"image":{"@id":"https:\/\/www.ucatolica.edu.co\/portal\/profesora-de-la-facultad-de-psicologia-fortalece-la-internacionalizacion-con-investigacion-sobre-paz-genero-y-soberania-alimentaria-en-irlanda\/#primaryimage"},"thumbnailUrl":"https:\/\/www.ucatolica.edu.co\/portal\/wp-content\/uploads\/2025\/07\/University-College-Dublin.png","datePublished":"2025-07-24T22:50:39+00:00","dateModified":"2025-07-24T22:50:40+00:00","breadcrumb":{"@id":"https:\/\/www.ucatolica.edu.co\/portal\/profesora-de-la-facultad-de-psicologia-fortalece-la-internacionalizacion-con-investigacion-sobre-paz-genero-y-soberania-alimentaria-en-irlanda\/#breadcrumb"},"inLanguage":"es-CO","potentialAction":[{"@type":"ReadAction","target":["https:\/\/www.ucatolica.edu.co\/portal\/profesora-de-la-facultad-de-psicologia-fortalece-la-internacionalizacion-con-investigacion-sobre-paz-genero-y-soberania-alimentaria-en-irlanda\/"]}]},{"@type":"ImageObject","inLanguage":"es-CO","@id":"https:\/\/www.ucatolica.edu.co\/portal\/profesora-de-la-facultad-de-psicologia-fortalece-la-internacionalizacion-con-investigacion-sobre-paz-genero-y-soberania-alimentaria-en-irlanda\/#primaryimage","url":"https:\/\/www.ucatolica.edu.co\/portal\/wp-content\/uploads\/2025\/07\/University-College-Dublin.png","contentUrl":"https:\/\/www.ucatolica.edu.co\/portal\/wp-content\/uploads\/2025\/07\/University-College-Dublin.png","width":870,"height":522},{"@type":"BreadcrumbList","@id":"https:\/\/www.ucatolica.edu.co\/portal\/profesora-de-la-facultad-de-psicologia-fortalece-la-internacionalizacion-con-investigacion-sobre-paz-genero-y-soberania-alimentaria-en-irlanda\/#breadcrumb","itemListElement":[{"@type":"ListItem","position":1,"name":"Inicio","item":"https:\/\/www.ucatolica.edu.co\/portal\/"},{"@type":"ListItem","position":2,"name":"Profesora de la Facultad de Psicolog\u00eda fortalece la internacionalizaci\u00f3n con investigaci\u00f3n sobre paz, g\u00e9nero y soberan\u00eda alimentaria en Irlanda"}]},{"@type":"WebSite","@id":"https:\/\/www.ucatolica.edu.co\/portal\/#website","url":"https:\/\/www.ucatolica.edu.co\/portal\/","name":"Universidad Cat\u00f3lica De Colombia","description":"Universidad Cat\u00f3lica De Colombia","publisher":{"@id":"https:\/\/www.ucatolica.edu.co\/portal\/#organization"},"potentialAction":[{"@type":"SearchAction","target":{"@type":"EntryPoint","urlTemplate":"https:\/\/www.ucatolica.edu.co\/portal\/?s={search_term_string}"},"query-input":{"@type":"PropertyValueSpecification","valueRequired":true,"valueName":"search_term_string"}}],"inLanguage":"es-CO"},{"@type":"Organization","@id":"https:\/\/www.ucatolica.edu.co\/portal\/#organization","name":"Universidad Cat\u00f3lica de Colombia","url":"https:\/\/www.ucatolica.edu.co\/portal\/","logo":{"@type":"ImageObject","inLanguage":"es-CO","@id":"https:\/\/www.ucatolica.edu.co\/portal\/#\/schema\/logo\/image\/","url":"https:\/\/www.ucatolica.edu.co\/portal\/wp-content\/uploads\/2021\/06\/logo-header-ho-1.svg","contentUrl":"https:\/\/www.ucatolica.edu.co\/portal\/wp-content\/uploads\/2021\/06\/logo-header-ho-1.svg","width":1,"height":1,"caption":"Universidad Cat\u00f3lica de Colombia"},"image":{"@id":"https:\/\/www.ucatolica.edu.co\/portal\/#\/schema\/logo\/image\/"},"sameAs":["https:\/\/www.facebook.com\/ucatolicacolombia","https:\/\/x.com\/UCatolicaCol","https:\/\/www.instagram.com\/universidadcatolicadecolombia\/","https:\/\/www.linkedin.com\/company\/universidadcatolicadecolombia\/","https:\/\/www.youtube.com\/user\/UCatolicaCo"]},{"@type":"Person","@id":"https:\/\/www.ucatolica.edu.co\/portal\/#\/schema\/person\/2fe10d3836c8b18a520cbf458d96a728","name":"Juan Jos\u00e9 Franco","url":"https:\/\/www.ucatolica.edu.co\/portal\/author\/juan\/"}]}},"author_meta":{"display_name":"Juan Jos\u00e9 Franco","author_link":"https:\/\/www.ucatolica.edu.co\/portal\/author\/juan\/"},"featured_img":"https:\/\/www.ucatolica.edu.co\/portal\/wp-content\/uploads\/2025\/07\/University-College-Dublin.png","coauthors":[],"tax_additional":{"categories":{"linked":["<a href=\"https:\/\/www.ucatolica.edu.co\/portal\/category\/noticias-principales\/\" class=\"advgb-post-tax-term\">Noticias Principales<\/a>"],"unlinked":["<span class=\"advgb-post-tax-term\">Noticias Principales<\/span>"]},"tags":{"linked":["<a href=\"https:\/\/www.ucatolica.edu.co\/portal\/category\/noticias-principales\/\" class=\"advgb-post-tax-term\">Internacinalizaci\u00f3n<\/a>","<a href=\"https:\/\/www.ucatolica.edu.co\/portal\/category\/noticias-principales\/\" class=\"advgb-post-tax-term\">profesores investigadores<\/a>","<a href=\"https:\/\/www.ucatolica.edu.co\/portal\/category\/noticias-principales\/\" class=\"advgb-post-tax-term\">Universidad Cat\u00f3lica de Colombia<\/a>"],"unlinked":["<span class=\"advgb-post-tax-term\">Internacinalizaci\u00f3n<\/span>","<span class=\"advgb-post-tax-term\">profesores investigadores<\/span>","<span class=\"advgb-post-tax-term\">Universidad Cat\u00f3lica de Colombia<\/span>"]}},"comment_count":"0","relative_dates":{"created":"Posted 9 meses ago","modified":"Updated 9 meses ago"},"absolute_dates":{"created":"Posted on 24 julio, 2025","modified":"Updated on 24 julio, 2025"},"absolute_dates_time":{"created":"Posted on 24 julio, 2025 5:50 pm","modified":"Updated on 24 julio, 2025 5:50 pm"},"featured_img_caption":"","series_order":"","_links":{"self":[{"href":"https:\/\/www.ucatolica.edu.co\/portal\/wp-json\/wp\/v2\/posts\/119102","targetHints":{"allow":["GET"]}}],"collection":[{"href":"https:\/\/www.ucatolica.edu.co\/portal\/wp-json\/wp\/v2\/posts"}],"about":[{"href":"https:\/\/www.ucatolica.edu.co\/portal\/wp-json\/wp\/v2\/types\/post"}],"author":[{"embeddable":true,"href":"https:\/\/www.ucatolica.edu.co\/portal\/wp-json\/wp\/v2\/users\/65"}],"replies":[{"embeddable":true,"href":"https:\/\/www.ucatolica.edu.co\/portal\/wp-json\/wp\/v2\/comments?post=119102"}],"version-history":[{"count":8,"href":"https:\/\/www.ucatolica.edu.co\/portal\/wp-json\/wp\/v2\/posts\/119102\/revisions"}],"predecessor-version":[{"id":119186,"href":"https:\/\/www.ucatolica.edu.co\/portal\/wp-json\/wp\/v2\/posts\/119102\/revisions\/119186"}],"wp:featuredmedia":[{"embeddable":true,"href":"https:\/\/www.ucatolica.edu.co\/portal\/wp-json\/wp\/v2\/media\/119182"}],"wp:attachment":[{"href":"https:\/\/www.ucatolica.edu.co\/portal\/wp-json\/wp\/v2\/media?parent=119102"}],"wp:term":[{"taxonomy":"category","embeddable":true,"href":"https:\/\/www.ucatolica.edu.co\/portal\/wp-json\/wp\/v2\/categories?post=119102"},{"taxonomy":"post_tag","embeddable":true,"href":"https:\/\/www.ucatolica.edu.co\/portal\/wp-json\/wp\/v2\/tags?post=119102"}],"curies":[{"name":"wp","href":"https:\/\/api.w.org\/{rel}","templated":true}]}}