{"id":119980,"date":"2025-08-01T12:10:38","date_gmt":"2025-08-01T17:10:38","guid":{"rendered":"https:\/\/www.ucatolica.edu.co\/portal\/?p=119980"},"modified":"2025-08-01T12:10:39","modified_gmt":"2025-08-01T17:10:39","slug":"haz-parte-de-la-u-catolica-moda-eco-y-promueve-la-economia-circular","status":"publish","type":"post","link":"https:\/\/www.ucatolica.edu.co\/portal\/haz-parte-de-la-u-catolica-moda-eco-y-promueve-la-economia-circular\/","title":{"rendered":"Haz parte de la U. Cat\u00f3lica Moda-Eco y promueve la econom\u00eda circular"},"content":{"rendered":"\n<p>Bienestar Universitario ha preparado un espacio muy interesante para ti. <strong>U. Cat\u00f3lica Moda-Eco <\/strong>invita a la comunidad universitaria a repensar sus h\u00e1bitos de consumo y contribuir activamente a la construcci\u00f3n de un entorno m\u00e1s consciente y respetuoso con el planeta.<\/p>\n\n\n\n<p>Esta iniciativa promueve la <strong>econom\u00eda circular<\/strong> a trav\u00e9s de la venta, el intercambio y el trueque de art\u00edculos en buen estado como ropa, libros, accesorios, calzado y objetos decorativos. Se trata de una oportunidad para liberar espacio, encontrar nuevos tesoros y dar una segunda vida a esos elementos que ya no utilizamos, al tiempo que fortalecemos los lazos comunitarios y el compromiso con la sostenibilidad.<\/p>\n\n\n\n<p><strong>\u00bfC\u00f3mo participar?<\/strong><\/p>\n\n\n\n<ol class=\"wp-block-list\">\n<li>Revisa en casa todo aquello que ya no usas y que podr\u00eda ser \u00fatil para alguien m\u00e1s.<\/li>\n\n\n\n<li>Inscr\u00edbete del <strong>1 al 15 de agosto<\/strong> <a href=\"https:\/\/forms.office.com\/Pages\/ResponsePage.aspx?id=SHEi1DBJBk-LqghF_1flQY7memXUDd9EispkSjmLFqJUN1A3U0lXRTJDWVlXOExQTlROWVNCSk9QTS4u\">aqu\u00ed<\/a>.<\/li>\n\n\n\n<li>Asiste a la <strong>reuni\u00f3n t\u00e9cnica el 19 de agosto<\/strong>, donde se brindar\u00e1n indicaciones para organizar tu participaci\u00f3n.<\/li>\n\n\n\n<li>Disfruta de la feria el pr\u00f3ximo <strong>28 de agosto<\/strong>, de <strong>11:00 a.m. a 5:30 p.m.<\/strong>, en la <strong>Sede El Claustro<\/strong>.<\/li>\n<\/ol>\n\n\n\n<p>Con <strong>U. Cat\u00f3lica Moda-Eco<\/strong>, no solo compartimos objetos, sino tambi\u00e9n valores: reutilizaci\u00f3n, conciencia ambiental y solidaridad.<br><strong>\u00a1S\u00famate a esta feria y viste tu compromiso con el planeta!<\/strong><\/p>\n","protected":false},"excerpt":{"rendered":"<p>Bienestar Universitario ha preparado un espacio muy interesante para ti. U. Cat\u00f3lica Moda-Eco invita a la comunidad universitaria a repensar sus h\u00e1bitos de consumo y contribuir activamente a la construcci\u00f3n de un entorno m\u00e1s consciente y respetuoso con el planeta. Esta iniciativa promueve la econom\u00eda circular a trav\u00e9s de la venta, el intercambio y el [&hellip;]<\/p>\n","protected":false},"author":64,"featured_media":119983,"comment_status":"open","ping_status":"open","sticky":false,"template":"","format":"standard","meta":{"_acf_changed":false,"advgb_blocks_editor_width":"","advgb_blocks_columns_visual_guide":"","footnotes":""},"categories":[93],"tags":[148,2704,1535,165],"class_list":["post-119980","post","type-post","status-publish","format-standard","has-post-thumbnail","hentry","category-noticias-principales","tag-bienestar-universitario","tag-comunidades-sostenibles","tag-feria","tag-intercambios"],"acf":[],"yoast_head":"<!-- This site is optimized with the Yoast SEO plugin v26.7 - https:\/\/yoast.com\/wordpress\/plugins\/seo\/ -->\n<title>Haz parte de la U. Cat\u00f3lica Moda-Eco y promueve la econom\u00eda circular - Universidad Cat\u00f3lica De Colombia<\/title>\n<meta name=\"robots\" content=\"index, follow, max-snippet:-1, max-image-preview:large, max-video-preview:-1\" \/>\n<link rel=\"canonical\" href=\"https:\/\/www.ucatolica.edu.co\/portal\/haz-parte-de-la-u-catolica-moda-eco-y-promueve-la-economia-circular\/\" \/>\n<meta property=\"og:locale\" content=\"es_ES\" \/>\n<meta property=\"og:type\" content=\"article\" \/>\n<meta property=\"og:title\" content=\"Haz parte de la U. Cat\u00f3lica Moda-Eco y promueve la econom\u00eda circular - Universidad Cat\u00f3lica De Colombia\" \/>\n<meta property=\"og:description\" content=\"Bienestar Universitario ha preparado un espacio muy interesante para ti. U. Cat\u00f3lica Moda-Eco invita a la comunidad universitaria a repensar sus h\u00e1bitos de consumo y contribuir activamente a la construcci\u00f3n de un entorno m\u00e1s consciente y respetuoso con el planeta. Esta iniciativa promueve la econom\u00eda circular a trav\u00e9s de la venta, el intercambio y el [&hellip;]\" \/>\n<meta property=\"og:url\" content=\"https:\/\/www.ucatolica.edu.co\/portal\/haz-parte-de-la-u-catolica-moda-eco-y-promueve-la-economia-circular\/\" \/>\n<meta property=\"og:site_name\" content=\"Universidad Cat\u00f3lica De Colombia\" \/>\n<meta property=\"article:publisher\" content=\"https:\/\/www.facebook.com\/ucatolicacolombia\" \/>\n<meta property=\"article:published_time\" content=\"2025-08-01T17:10:38+00:00\" \/>\n<meta property=\"article:modified_time\" content=\"2025-08-01T17:10:39+00:00\" \/>\n<meta property=\"og:image\" content=\"https:\/\/www.ucatolica.edu.co\/portal\/wp-content\/uploads\/2025\/08\/Noticia-10.jpg\" \/>\n\t<meta property=\"og:image:width\" content=\"870\" \/>\n\t<meta property=\"og:image:height\" content=\"522\" \/>\n\t<meta property=\"og:image:type\" content=\"image\/jpeg\" \/>\n<meta name=\"author\" content=\"Daniela Junco\" \/>\n<meta name=\"twitter:card\" content=\"summary_large_image\" \/>\n<meta name=\"twitter:creator\" content=\"@UCatolicaCol\" \/>\n<meta name=\"twitter:site\" content=\"@UCatolicaCol\" \/>\n<meta name=\"twitter:label1\" content=\"Escrito por\" \/>\n\t<meta name=\"twitter:data1\" content=\"Daniela Junco\" \/>\n\t<meta name=\"twitter:label2\" content=\"Tiempo de lectura\" \/>\n\t<meta name=\"twitter:data2\" content=\"1 minuto\" \/>\n<script type=\"application\/ld+json\" class=\"yoast-schema-graph\">{\"@context\":\"https:\/\/schema.org\",\"@graph\":[{\"@type\":\"Article\",\"@id\":\"https:\/\/www.ucatolica.edu.co\/portal\/haz-parte-de-la-u-catolica-moda-eco-y-promueve-la-economia-circular\/#article\",\"isPartOf\":{\"@id\":\"https:\/\/www.ucatolica.edu.co\/portal\/haz-parte-de-la-u-catolica-moda-eco-y-promueve-la-economia-circular\/\"},\"author\":{\"name\":\"Daniela Junco\",\"@id\":\"https:\/\/www.ucatolica.edu.co\/portal\/#\/schema\/person\/46b982b9085fee761b48b0bd54f8b9f8\"},\"headline\":\"Haz parte de la U. Cat\u00f3lica Moda-Eco y promueve la econom\u00eda circular\",\"datePublished\":\"2025-08-01T17:10:38+00:00\",\"dateModified\":\"2025-08-01T17:10:39+00:00\",\"mainEntityOfPage\":{\"@id\":\"https:\/\/www.ucatolica.edu.co\/portal\/haz-parte-de-la-u-catolica-moda-eco-y-promueve-la-economia-circular\/\"},\"wordCount\":226,\"commentCount\":0,\"publisher\":{\"@id\":\"https:\/\/www.ucatolica.edu.co\/portal\/#organization\"},\"image\":{\"@id\":\"https:\/\/www.ucatolica.edu.co\/portal\/haz-parte-de-la-u-catolica-moda-eco-y-promueve-la-economia-circular\/#primaryimage\"},\"thumbnailUrl\":\"https:\/\/www.ucatolica.edu.co\/portal\/wp-content\/uploads\/2025\/08\/Noticia-10.jpg\",\"keywords\":[\"Bienestar Universitario\",\"Comunidades sostenibles\",\"feria\",\"Intercambios\"],\"articleSection\":[\"Noticias Principales\"],\"inLanguage\":\"es-CO\"},{\"@type\":\"WebPage\",\"@id\":\"https:\/\/www.ucatolica.edu.co\/portal\/haz-parte-de-la-u-catolica-moda-eco-y-promueve-la-economia-circular\/\",\"url\":\"https:\/\/www.ucatolica.edu.co\/portal\/haz-parte-de-la-u-catolica-moda-eco-y-promueve-la-economia-circular\/\",\"name\":\"Haz parte de la U. Cat\u00f3lica Moda-Eco y promueve la econom\u00eda circular - Universidad Cat\u00f3lica De Colombia\",\"isPartOf\":{\"@id\":\"https:\/\/www.ucatolica.edu.co\/portal\/#website\"},\"primaryImageOfPage\":{\"@id\":\"https:\/\/www.ucatolica.edu.co\/portal\/haz-parte-de-la-u-catolica-moda-eco-y-promueve-la-economia-circular\/#primaryimage\"},\"image\":{\"@id\":\"https:\/\/www.ucatolica.edu.co\/portal\/haz-parte-de-la-u-catolica-moda-eco-y-promueve-la-economia-circular\/#primaryimage\"},\"thumbnailUrl\":\"https:\/\/www.ucatolica.edu.co\/portal\/wp-content\/uploads\/2025\/08\/Noticia-10.jpg\",\"datePublished\":\"2025-08-01T17:10:38+00:00\",\"dateModified\":\"2025-08-01T17:10:39+00:00\",\"breadcrumb\":{\"@id\":\"https:\/\/www.ucatolica.edu.co\/portal\/haz-parte-de-la-u-catolica-moda-eco-y-promueve-la-economia-circular\/#breadcrumb\"},\"inLanguage\":\"es-CO\",\"potentialAction\":[{\"@type\":\"ReadAction\",\"target\":[\"https:\/\/www.ucatolica.edu.co\/portal\/haz-parte-de-la-u-catolica-moda-eco-y-promueve-la-economia-circular\/\"]}]},{\"@type\":\"ImageObject\",\"inLanguage\":\"es-CO\",\"@id\":\"https:\/\/www.ucatolica.edu.co\/portal\/haz-parte-de-la-u-catolica-moda-eco-y-promueve-la-economia-circular\/#primaryimage\",\"url\":\"https:\/\/www.ucatolica.edu.co\/portal\/wp-content\/uploads\/2025\/08\/Noticia-10.jpg\",\"contentUrl\":\"https:\/\/www.ucatolica.edu.co\/portal\/wp-content\/uploads\/2025\/08\/Noticia-10.jpg\",\"width\":870,\"height\":522},{\"@type\":\"BreadcrumbList\",\"@id\":\"https:\/\/www.ucatolica.edu.co\/portal\/haz-parte-de-la-u-catolica-moda-eco-y-promueve-la-economia-circular\/#breadcrumb\",\"itemListElement\":[{\"@type\":\"ListItem\",\"position\":1,\"name\":\"Inicio\",\"item\":\"https:\/\/www.ucatolica.edu.co\/portal\/\"},{\"@type\":\"ListItem\",\"position\":2,\"name\":\"Haz parte de la U. Cat\u00f3lica Moda-Eco y promueve la econom\u00eda circular\"}]},{\"@type\":\"WebSite\",\"@id\":\"https:\/\/www.ucatolica.edu.co\/portal\/#website\",\"url\":\"https:\/\/www.ucatolica.edu.co\/portal\/\",\"name\":\"Universidad Cat\u00f3lica De Colombia\",\"description\":\"Universidad Cat\u00f3lica De Colombia\",\"publisher\":{\"@id\":\"https:\/\/www.ucatolica.edu.co\/portal\/#organization\"},\"potentialAction\":[{\"@type\":\"SearchAction\",\"target\":{\"@type\":\"EntryPoint\",\"urlTemplate\":\"https:\/\/www.ucatolica.edu.co\/portal\/?s={search_term_string}\"},\"query-input\":{\"@type\":\"PropertyValueSpecification\",\"valueRequired\":true,\"valueName\":\"search_term_string\"}}],\"inLanguage\":\"es-CO\"},{\"@type\":\"Organization\",\"@id\":\"https:\/\/www.ucatolica.edu.co\/portal\/#organization\",\"name\":\"Universidad Cat\u00f3lica de Colombia\",\"url\":\"https:\/\/www.ucatolica.edu.co\/portal\/\",\"logo\":{\"@type\":\"ImageObject\",\"inLanguage\":\"es-CO\",\"@id\":\"https:\/\/www.ucatolica.edu.co\/portal\/#\/schema\/logo\/image\/\",\"url\":\"https:\/\/www.ucatolica.edu.co\/portal\/wp-content\/uploads\/2021\/06\/logo-header-ho-1.svg\",\"contentUrl\":\"https:\/\/www.ucatolica.edu.co\/portal\/wp-content\/uploads\/2021\/06\/logo-header-ho-1.svg\",\"width\":1,\"height\":1,\"caption\":\"Universidad Cat\u00f3lica de Colombia\"},\"image\":{\"@id\":\"https:\/\/www.ucatolica.edu.co\/portal\/#\/schema\/logo\/image\/\"},\"sameAs\":[\"https:\/\/www.facebook.com\/ucatolicacolombia\",\"https:\/\/x.com\/UCatolicaCol\",\"https:\/\/www.instagram.com\/universidadcatolicadecolombia\/\",\"https:\/\/www.linkedin.com\/company\/universidadcatolicadecolombia\/\",\"https:\/\/www.youtube.com\/user\/UCatolicaCo\"]},{\"@type\":\"Person\",\"@id\":\"https:\/\/www.ucatolica.edu.co\/portal\/#\/schema\/person\/46b982b9085fee761b48b0bd54f8b9f8\",\"name\":\"Daniela Junco\",\"url\":\"https:\/\/www.ucatolica.edu.co\/portal\/author\/daniela\/\"}]}<\/script>\n<!-- \/ Yoast SEO plugin. -->","yoast_head_json":{"title":"Haz parte de la U. Cat\u00f3lica Moda-Eco y promueve la econom\u00eda circular - Universidad Cat\u00f3lica De Colombia","robots":{"index":"index","follow":"follow","max-snippet":"max-snippet:-1","max-image-preview":"max-image-preview:large","max-video-preview":"max-video-preview:-1"},"canonical":"https:\/\/www.ucatolica.edu.co\/portal\/haz-parte-de-la-u-catolica-moda-eco-y-promueve-la-economia-circular\/","og_locale":"es_ES","og_type":"article","og_title":"Haz parte de la U. Cat\u00f3lica Moda-Eco y promueve la econom\u00eda circular - Universidad Cat\u00f3lica De Colombia","og_description":"Bienestar Universitario ha preparado un espacio muy interesante para ti. U. Cat\u00f3lica Moda-Eco invita a la comunidad universitaria a repensar sus h\u00e1bitos de consumo y contribuir activamente a la construcci\u00f3n de un entorno m\u00e1s consciente y respetuoso con el planeta. Esta iniciativa promueve la econom\u00eda circular a trav\u00e9s de la venta, el intercambio y el [&hellip;]","og_url":"https:\/\/www.ucatolica.edu.co\/portal\/haz-parte-de-la-u-catolica-moda-eco-y-promueve-la-economia-circular\/","og_site_name":"Universidad Cat\u00f3lica De Colombia","article_publisher":"https:\/\/www.facebook.com\/ucatolicacolombia","article_published_time":"2025-08-01T17:10:38+00:00","article_modified_time":"2025-08-01T17:10:39+00:00","og_image":[{"width":870,"height":522,"url":"https:\/\/www.ucatolica.edu.co\/portal\/wp-content\/uploads\/2025\/08\/Noticia-10.jpg","type":"image\/jpeg"}],"author":"Daniela Junco","twitter_card":"summary_large_image","twitter_creator":"@UCatolicaCol","twitter_site":"@UCatolicaCol","twitter_misc":{"Escrito por":"Daniela Junco","Tiempo de lectura":"1 minuto"},"schema":{"@context":"https:\/\/schema.org","@graph":[{"@type":"Article","@id":"https:\/\/www.ucatolica.edu.co\/portal\/haz-parte-de-la-u-catolica-moda-eco-y-promueve-la-economia-circular\/#article","isPartOf":{"@id":"https:\/\/www.ucatolica.edu.co\/portal\/haz-parte-de-la-u-catolica-moda-eco-y-promueve-la-economia-circular\/"},"author":{"name":"Daniela Junco","@id":"https:\/\/www.ucatolica.edu.co\/portal\/#\/schema\/person\/46b982b9085fee761b48b0bd54f8b9f8"},"headline":"Haz parte de la U. Cat\u00f3lica Moda-Eco y promueve la econom\u00eda circular","datePublished":"2025-08-01T17:10:38+00:00","dateModified":"2025-08-01T17:10:39+00:00","mainEntityOfPage":{"@id":"https:\/\/www.ucatolica.edu.co\/portal\/haz-parte-de-la-u-catolica-moda-eco-y-promueve-la-economia-circular\/"},"wordCount":226,"commentCount":0,"publisher":{"@id":"https:\/\/www.ucatolica.edu.co\/portal\/#organization"},"image":{"@id":"https:\/\/www.ucatolica.edu.co\/portal\/haz-parte-de-la-u-catolica-moda-eco-y-promueve-la-economia-circular\/#primaryimage"},"thumbnailUrl":"https:\/\/www.ucatolica.edu.co\/portal\/wp-content\/uploads\/2025\/08\/Noticia-10.jpg","keywords":["Bienestar Universitario","Comunidades sostenibles","feria","Intercambios"],"articleSection":["Noticias Principales"],"inLanguage":"es-CO"},{"@type":"WebPage","@id":"https:\/\/www.ucatolica.edu.co\/portal\/haz-parte-de-la-u-catolica-moda-eco-y-promueve-la-economia-circular\/","url":"https:\/\/www.ucatolica.edu.co\/portal\/haz-parte-de-la-u-catolica-moda-eco-y-promueve-la-economia-circular\/","name":"Haz parte de la U. Cat\u00f3lica Moda-Eco y promueve la econom\u00eda circular - Universidad Cat\u00f3lica De Colombia","isPartOf":{"@id":"https:\/\/www.ucatolica.edu.co\/portal\/#website"},"primaryImageOfPage":{"@id":"https:\/\/www.ucatolica.edu.co\/portal\/haz-parte-de-la-u-catolica-moda-eco-y-promueve-la-economia-circular\/#primaryimage"},"image":{"@id":"https:\/\/www.ucatolica.edu.co\/portal\/haz-parte-de-la-u-catolica-moda-eco-y-promueve-la-economia-circular\/#primaryimage"},"thumbnailUrl":"https:\/\/www.ucatolica.edu.co\/portal\/wp-content\/uploads\/2025\/08\/Noticia-10.jpg","datePublished":"2025-08-01T17:10:38+00:00","dateModified":"2025-08-01T17:10:39+00:00","breadcrumb":{"@id":"https:\/\/www.ucatolica.edu.co\/portal\/haz-parte-de-la-u-catolica-moda-eco-y-promueve-la-economia-circular\/#breadcrumb"},"inLanguage":"es-CO","potentialAction":[{"@type":"ReadAction","target":["https:\/\/www.ucatolica.edu.co\/portal\/haz-parte-de-la-u-catolica-moda-eco-y-promueve-la-economia-circular\/"]}]},{"@type":"ImageObject","inLanguage":"es-CO","@id":"https:\/\/www.ucatolica.edu.co\/portal\/haz-parte-de-la-u-catolica-moda-eco-y-promueve-la-economia-circular\/#primaryimage","url":"https:\/\/www.ucatolica.edu.co\/portal\/wp-content\/uploads\/2025\/08\/Noticia-10.jpg","contentUrl":"https:\/\/www.ucatolica.edu.co\/portal\/wp-content\/uploads\/2025\/08\/Noticia-10.jpg","width":870,"height":522},{"@type":"BreadcrumbList","@id":"https:\/\/www.ucatolica.edu.co\/portal\/haz-parte-de-la-u-catolica-moda-eco-y-promueve-la-economia-circular\/#breadcrumb","itemListElement":[{"@type":"ListItem","position":1,"name":"Inicio","item":"https:\/\/www.ucatolica.edu.co\/portal\/"},{"@type":"ListItem","position":2,"name":"Haz parte de la U. Cat\u00f3lica Moda-Eco y promueve la econom\u00eda circular"}]},{"@type":"WebSite","@id":"https:\/\/www.ucatolica.edu.co\/portal\/#website","url":"https:\/\/www.ucatolica.edu.co\/portal\/","name":"Universidad Cat\u00f3lica De Colombia","description":"Universidad Cat\u00f3lica De Colombia","publisher":{"@id":"https:\/\/www.ucatolica.edu.co\/portal\/#organization"},"potentialAction":[{"@type":"SearchAction","target":{"@type":"EntryPoint","urlTemplate":"https:\/\/www.ucatolica.edu.co\/portal\/?s={search_term_string}"},"query-input":{"@type":"PropertyValueSpecification","valueRequired":true,"valueName":"search_term_string"}}],"inLanguage":"es-CO"},{"@type":"Organization","@id":"https:\/\/www.ucatolica.edu.co\/portal\/#organization","name":"Universidad Cat\u00f3lica de Colombia","url":"https:\/\/www.ucatolica.edu.co\/portal\/","logo":{"@type":"ImageObject","inLanguage":"es-CO","@id":"https:\/\/www.ucatolica.edu.co\/portal\/#\/schema\/logo\/image\/","url":"https:\/\/www.ucatolica.edu.co\/portal\/wp-content\/uploads\/2021\/06\/logo-header-ho-1.svg","contentUrl":"https:\/\/www.ucatolica.edu.co\/portal\/wp-content\/uploads\/2021\/06\/logo-header-ho-1.svg","width":1,"height":1,"caption":"Universidad Cat\u00f3lica de Colombia"},"image":{"@id":"https:\/\/www.ucatolica.edu.co\/portal\/#\/schema\/logo\/image\/"},"sameAs":["https:\/\/www.facebook.com\/ucatolicacolombia","https:\/\/x.com\/UCatolicaCol","https:\/\/www.instagram.com\/universidadcatolicadecolombia\/","https:\/\/www.linkedin.com\/company\/universidadcatolicadecolombia\/","https:\/\/www.youtube.com\/user\/UCatolicaCo"]},{"@type":"Person","@id":"https:\/\/www.ucatolica.edu.co\/portal\/#\/schema\/person\/46b982b9085fee761b48b0bd54f8b9f8","name":"Daniela Junco","url":"https:\/\/www.ucatolica.edu.co\/portal\/author\/daniela\/"}]}},"author_meta":{"display_name":"Daniela Junco","author_link":"https:\/\/www.ucatolica.edu.co\/portal\/author\/daniela\/"},"featured_img":"https:\/\/www.ucatolica.edu.co\/portal\/wp-content\/uploads\/2025\/08\/Noticia-10.jpg","coauthors":[],"tax_additional":{"categories":{"linked":["<a href=\"https:\/\/www.ucatolica.edu.co\/portal\/category\/noticias-principales\/\" class=\"advgb-post-tax-term\">Noticias Principales<\/a>"],"unlinked":["<span class=\"advgb-post-tax-term\">Noticias Principales<\/span>"]},"tags":{"linked":["<a href=\"https:\/\/www.ucatolica.edu.co\/portal\/category\/noticias-principales\/\" class=\"advgb-post-tax-term\">Bienestar Universitario<\/a>","<a href=\"https:\/\/www.ucatolica.edu.co\/portal\/category\/noticias-principales\/\" class=\"advgb-post-tax-term\">Comunidades sostenibles<\/a>","<a href=\"https:\/\/www.ucatolica.edu.co\/portal\/category\/noticias-principales\/\" class=\"advgb-post-tax-term\">feria<\/a>","<a href=\"https:\/\/www.ucatolica.edu.co\/portal\/category\/noticias-principales\/\" class=\"advgb-post-tax-term\">Intercambios<\/a>"],"unlinked":["<span class=\"advgb-post-tax-term\">Bienestar Universitario<\/span>","<span class=\"advgb-post-tax-term\">Comunidades sostenibles<\/span>","<span class=\"advgb-post-tax-term\">feria<\/span>","<span class=\"advgb-post-tax-term\">Intercambios<\/span>"]}},"comment_count":"0","relative_dates":{"created":"Posted 9 meses ago","modified":"Updated 9 meses ago"},"absolute_dates":{"created":"Posted on 1 agosto, 2025","modified":"Updated on 1 agosto, 2025"},"absolute_dates_time":{"created":"Posted on 1 agosto, 2025 12:10 pm","modified":"Updated on 1 agosto, 2025 12:10 pm"},"featured_img_caption":"","series_order":"","_links":{"self":[{"href":"https:\/\/www.ucatolica.edu.co\/portal\/wp-json\/wp\/v2\/posts\/119980","targetHints":{"allow":["GET"]}}],"collection":[{"href":"https:\/\/www.ucatolica.edu.co\/portal\/wp-json\/wp\/v2\/posts"}],"about":[{"href":"https:\/\/www.ucatolica.edu.co\/portal\/wp-json\/wp\/v2\/types\/post"}],"author":[{"embeddable":true,"href":"https:\/\/www.ucatolica.edu.co\/portal\/wp-json\/wp\/v2\/users\/64"}],"replies":[{"embeddable":true,"href":"https:\/\/www.ucatolica.edu.co\/portal\/wp-json\/wp\/v2\/comments?post=119980"}],"version-history":[{"count":1,"href":"https:\/\/www.ucatolica.edu.co\/portal\/wp-json\/wp\/v2\/posts\/119980\/revisions"}],"predecessor-version":[{"id":119987,"href":"https:\/\/www.ucatolica.edu.co\/portal\/wp-json\/wp\/v2\/posts\/119980\/revisions\/119987"}],"wp:featuredmedia":[{"embeddable":true,"href":"https:\/\/www.ucatolica.edu.co\/portal\/wp-json\/wp\/v2\/media\/119983"}],"wp:attachment":[{"href":"https:\/\/www.ucatolica.edu.co\/portal\/wp-json\/wp\/v2\/media?parent=119980"}],"wp:term":[{"taxonomy":"category","embeddable":true,"href":"https:\/\/www.ucatolica.edu.co\/portal\/wp-json\/wp\/v2\/categories?post=119980"},{"taxonomy":"post_tag","embeddable":true,"href":"https:\/\/www.ucatolica.edu.co\/portal\/wp-json\/wp\/v2\/tags?post=119980"}],"curies":[{"name":"wp","href":"https:\/\/api.w.org\/{rel}","templated":true}]}}