{"id":120119,"date":"2025-08-12T15:30:41","date_gmt":"2025-08-12T20:30:41","guid":{"rendered":"https:\/\/www.ucatolica.edu.co\/portal\/?p=120119"},"modified":"2025-08-12T15:30:43","modified_gmt":"2025-08-12T20:30:43","slug":"arquitectura-del-paisaje-mas-que-grandes-edificaciones","status":"publish","type":"post","link":"https:\/\/www.ucatolica.edu.co\/portal\/arquitectura-del-paisaje-mas-que-grandes-edificaciones\/","title":{"rendered":"Arquitectura del paisaje: m\u00e1s que grandes edificaciones"},"content":{"rendered":"\n<p>Cuando se habla de arquitectura del paisaje, es com\u00fan imaginar grandes edificaciones o ciudades modernas. Sin embargo, para Carolina D\u00edaz, arquitecta y docente de dise\u00f1o de interacciones en la Facultad de Dise\u00f1o, de la Universidad Cat\u00f3lica de Colombia, esta visi\u00f3n es limitada. Seg\u00fan explica, \u201cestas grandiosas construcciones son el resultado de un proceso hist\u00f3rico que ha venido evolucionando desde el dise\u00f1o de las civilizaciones de Roma y Grecia, as\u00ed como con el despertar de dise\u00f1os m\u00e1s geom\u00e9tricos y puramente est\u00e9ticos durante la \u00e9poca del Renacimiento en Europa\u201d.<\/p>\n\n\n\n<p><strong>De la Revoluci\u00f3n Industrial a la conciencia ecol\u00f3gica<\/strong><\/p>\n\n\n\n<p>Con la Revoluci\u00f3n Industrial surgieron numerosos conflictos ecol\u00f3gicos y sociales, lo que fortaleci\u00f3 la necesidad de comprender el paisaje como un sistema vivo, din\u00e1mico e integrador. En el siglo XX, la arquitectura del paisaje evolucion\u00f3 hacia enfoques m\u00e1s ecol\u00f3gicos, sociales y territoriales.<\/p>\n\n\n\n<p>Para la arquitecta D\u00edaz, hoy en d\u00eda el paisajismo es mucho m\u00e1s que una t\u00e9cnica decorativa:<\/p>\n\n\n\n<p>\u201cEs una disciplina que se basa en el an\u00e1lisis proyectual del espacio, en la exploraci\u00f3n de la conciencia ecol\u00f3gica y en la integraci\u00f3n de todas las ra\u00edces culturales que dialogan con la arquitectura, el urbanismo, la bot\u00e1nica y la antropolog\u00eda\u201d.<\/p>\n\n\n\n<p><strong>Dise\u00f1ar para habitar: el paisaje como principio<\/strong><\/p>\n\n\n\n<p>Actualmente, dise\u00f1ar el paisaje implica repensar la forma en la que habitamos el entorno, considerando la relaci\u00f3n entre el ser humano y la naturaleza. En Colombia, esta tarea se ve desafiada por la tensi\u00f3n entre la riqueza ecol\u00f3gica del pa\u00eds y los procesos de urbanizaci\u00f3n acelerada y desordenada.<\/p>\n\n\n\n<p>Seg\u00fan la docente Carolina D\u00edaz, \u201cBogot\u00e1, Medell\u00edn, Cali y Barranquilla fueron epicentro de proyectos emblem\u00e1ticos que articulan el paisaje con el espacio p\u00fablico y la arquitectura\u201d.<\/p>\n\n\n\n<figure class=\"wp-block-image size-full\"><img fetchpriority=\"high\" decoding=\"async\" width=\"870\" height=\"522\" src=\"https:\/\/www.ucatolica.edu.co\/portal\/wp-content\/uploads\/2025\/08\/Portada_1.jpg\" alt=\"\" class=\"wp-image-121205\" \/><\/figure>\n\n\n\n<p><strong>Referentes paisaj\u00edsticos en Colombia<\/strong><\/p>\n\n\n\n<p><strong>Bogot\u00e1<\/strong>: proyectos como la recuperaci\u00f3n de la ronda del r\u00edo Bogot\u00e1, la renovaci\u00f3n del Parque Lineal de la carrera 11 o el Eje Ambiental de la Avenida Jim\u00e9nez evidencian c\u00f3mo el paisaje ha comenzado a integrarse en la planificaci\u00f3n urbana.<\/p>\n\n\n\n<p><strong>Medell\u00edn<\/strong>: iniciativas como los Jardines del R\u00edo y los Parques del R\u00edo demuestran c\u00f3mo el paisajismo puede ser eje central en procesos de regeneraci\u00f3n urbana.<\/p>\n\n\n\n<p><strong>La Regi\u00f3n Caribe<\/strong>: proyectos como el Ecoparque Ci\u00e9naga de Mallorqu\u00edn transforman la geograf\u00eda costera adapt\u00e1ndose a las necesidades colectivas de sus habitantes.<\/p>\n\n\n\n<p><strong>Paisajismo y arquitectura: una relaci\u00f3n indispensable<\/strong><\/p>\n\n\n\n<p>La arquitectura y el paisajismo comparten un principio esencial: dise\u00f1ar para habitar. Mientras la arquitectura trabaja con el espacio edificado, el paisajismo se ocupa del espacio abierto, considerando elementos como el suelo, el agua, la vegetaci\u00f3n, la topograf\u00eda, el tiempo y la experiencia sensorial.<\/p>\n\n\n\n<figure class=\"wp-block-image size-full\"><img decoding=\"async\" width=\"870\" height=\"522\" src=\"https:\/\/www.ucatolica.edu.co\/portal\/wp-content\/uploads\/2025\/08\/Portada-1.jpg\" alt=\"\" class=\"wp-image-121206\" \/><\/figure>\n\n\n\n<p>Como lo afirma la docente D\u00edaz, \u201cpara los futuros arquitectos, entender el paisaje como sistema y como lenguaje proyectual es fundamental en un contexto marcado por el cambio clim\u00e1tico, la necesidad de adaptaci\u00f3n urbana y la exigencia de construir ciudades m\u00e1s resilientes y saludables\u201d.<\/p>\n\n\n\n<p><strong>Formaci\u00f3n en paisajismo en la Universidad Cat\u00f3lica de Colombia<\/strong><\/p>\n\n\n\n<p>Consciente de estos desaf\u00edos, la Facultad de Dise\u00f1o de la Universidad Cat\u00f3lica de Colombia ha incorporado progresivamente el estudio del paisaje como parte de la formaci\u00f3n integral del arquitecto. Los estudiantes exploran la dimensi\u00f3n ecol\u00f3gica, social y biof\u00edsica de los espacios en distintas escalas.<\/p>\n\n\n\n<p>Desde su experiencia docente, Carolina D\u00edaz resalta que \u201cha procurado que el aprendizaje del paisaje sea tambi\u00e9n una experiencia de observaci\u00f3n, de escucha, de conexi\u00f3n y de comprensi\u00f3n profunda del entorno y as\u00ed los estudiantes puedan desarrollar criterios para intervenir el paisaje con sensibilidad y responsabilidad ambiental\u201d.<\/p>\n\n\n\n<p>Conoce m\u00e1s sobre el programa de Arquitectura de la Universidad Cat\u00f3lica de Colombia y c\u00f3mo puedes ser parte de una nueva generaci\u00f3n de arquitectos comprometidos con el entorno <a href=\"https:\/\/www.ucatolica.edu.co\/portal\/Pregrado\/arquitectura\/\">aqu\u00ed<\/a>.<\/p>\n\n\n\n<p><strong>La Universidad Cat\u00f3lica de Colombia impulsa tu historia.<\/strong><\/p>\n","protected":false},"excerpt":{"rendered":"<p>Cuando se habla de arquitectura del paisaje, es com\u00fan imaginar grandes edificaciones o ciudades modernas. Sin embargo, para Carolina D\u00edaz, arquitecta y docente de dise\u00f1o de interacciones en la Facultad de Dise\u00f1o, de la Universidad Cat\u00f3lica de Colombia, esta visi\u00f3n es limitada. Seg\u00fan explica, \u201cestas grandiosas construcciones son el resultado de un proceso hist\u00f3rico que [&hellip;]<\/p>\n","protected":false},"author":64,"featured_media":121204,"comment_status":"open","ping_status":"open","sticky":false,"template":"","format":"standard","meta":{"_acf_changed":false,"advgb_blocks_editor_width":"","advgb_blocks_columns_visual_guide":"","footnotes":""},"categories":[93],"tags":[105,1226,2516,1155,265],"class_list":["post-120119","post","type-post","status-publish","format-standard","has-post-thumbnail","hentry","category-noticias-principales","tag-arquitectura","tag-construccion","tag-diseno-2","tag-naturaleza","tag-universidad-catolica-de-colombia"],"acf":[],"yoast_head":"<!-- This site is optimized with the Yoast SEO plugin v26.7 - https:\/\/yoast.com\/wordpress\/plugins\/seo\/ -->\n<title>Arquitectura del paisaje: m\u00e1s que grandes edificaciones - Universidad Cat\u00f3lica De Colombia<\/title>\n<meta name=\"robots\" content=\"index, follow, max-snippet:-1, max-image-preview:large, max-video-preview:-1\" \/>\n<link rel=\"canonical\" href=\"https:\/\/www.ucatolica.edu.co\/portal\/arquitectura-del-paisaje-mas-que-grandes-edificaciones\/\" \/>\n<meta property=\"og:locale\" content=\"es_ES\" \/>\n<meta property=\"og:type\" content=\"article\" \/>\n<meta property=\"og:title\" content=\"Arquitectura del paisaje: m\u00e1s que grandes edificaciones - Universidad Cat\u00f3lica De Colombia\" \/>\n<meta property=\"og:description\" content=\"Cuando se habla de arquitectura del paisaje, es com\u00fan imaginar grandes edificaciones o ciudades modernas. Sin embargo, para Carolina D\u00edaz, arquitecta y docente de dise\u00f1o de interacciones en la Facultad de Dise\u00f1o, de la Universidad Cat\u00f3lica de Colombia, esta visi\u00f3n es limitada. Seg\u00fan explica, \u201cestas grandiosas construcciones son el resultado de un proceso hist\u00f3rico que [&hellip;]\" \/>\n<meta property=\"og:url\" content=\"https:\/\/www.ucatolica.edu.co\/portal\/arquitectura-del-paisaje-mas-que-grandes-edificaciones\/\" \/>\n<meta property=\"og:site_name\" content=\"Universidad Cat\u00f3lica De Colombia\" \/>\n<meta property=\"article:publisher\" content=\"https:\/\/www.facebook.com\/ucatolicacolombia\" \/>\n<meta property=\"article:published_time\" content=\"2025-08-12T20:30:41+00:00\" \/>\n<meta property=\"article:modified_time\" content=\"2025-08-12T20:30:43+00:00\" \/>\n<meta property=\"og:image\" content=\"https:\/\/www.ucatolica.edu.co\/portal\/wp-content\/uploads\/2025\/08\/Noticia-12.jpg\" \/>\n\t<meta property=\"og:image:width\" content=\"870\" \/>\n\t<meta property=\"og:image:height\" content=\"522\" \/>\n\t<meta property=\"og:image:type\" content=\"image\/jpeg\" \/>\n<meta name=\"author\" content=\"Daniela Junco\" \/>\n<meta name=\"twitter:card\" content=\"summary_large_image\" \/>\n<meta name=\"twitter:creator\" content=\"@UCatolicaCol\" \/>\n<meta name=\"twitter:site\" content=\"@UCatolicaCol\" \/>\n<meta name=\"twitter:label1\" content=\"Escrito por\" \/>\n\t<meta name=\"twitter:data1\" content=\"Daniela Junco\" \/>\n\t<meta name=\"twitter:label2\" content=\"Tiempo de lectura\" \/>\n\t<meta name=\"twitter:data2\" content=\"3 minutos\" \/>\n<script type=\"application\/ld+json\" class=\"yoast-schema-graph\">{\"@context\":\"https:\/\/schema.org\",\"@graph\":[{\"@type\":\"Article\",\"@id\":\"https:\/\/www.ucatolica.edu.co\/portal\/arquitectura-del-paisaje-mas-que-grandes-edificaciones\/#article\",\"isPartOf\":{\"@id\":\"https:\/\/www.ucatolica.edu.co\/portal\/arquitectura-del-paisaje-mas-que-grandes-edificaciones\/\"},\"author\":{\"name\":\"Daniela Junco\",\"@id\":\"https:\/\/www.ucatolica.edu.co\/portal\/#\/schema\/person\/46b982b9085fee761b48b0bd54f8b9f8\"},\"headline\":\"Arquitectura del paisaje: m\u00e1s que grandes edificaciones\",\"datePublished\":\"2025-08-12T20:30:41+00:00\",\"dateModified\":\"2025-08-12T20:30:43+00:00\",\"mainEntityOfPage\":{\"@id\":\"https:\/\/www.ucatolica.edu.co\/portal\/arquitectura-del-paisaje-mas-que-grandes-edificaciones\/\"},\"wordCount\":690,\"commentCount\":0,\"publisher\":{\"@id\":\"https:\/\/www.ucatolica.edu.co\/portal\/#organization\"},\"image\":{\"@id\":\"https:\/\/www.ucatolica.edu.co\/portal\/arquitectura-del-paisaje-mas-que-grandes-edificaciones\/#primaryimage\"},\"thumbnailUrl\":\"https:\/\/www.ucatolica.edu.co\/portal\/wp-content\/uploads\/2025\/08\/Noticia-12.jpg\",\"keywords\":[\"Arquitectura\",\"Construcci\u00f3n\",\"dISE\u00d1O\",\"Naturaleza\",\"Universidad Cat\u00f3lica de Colombia\"],\"articleSection\":[\"Noticias Principales\"],\"inLanguage\":\"es-CO\"},{\"@type\":\"WebPage\",\"@id\":\"https:\/\/www.ucatolica.edu.co\/portal\/arquitectura-del-paisaje-mas-que-grandes-edificaciones\/\",\"url\":\"https:\/\/www.ucatolica.edu.co\/portal\/arquitectura-del-paisaje-mas-que-grandes-edificaciones\/\",\"name\":\"Arquitectura del paisaje: m\u00e1s que grandes edificaciones - Universidad Cat\u00f3lica De Colombia\",\"isPartOf\":{\"@id\":\"https:\/\/www.ucatolica.edu.co\/portal\/#website\"},\"primaryImageOfPage\":{\"@id\":\"https:\/\/www.ucatolica.edu.co\/portal\/arquitectura-del-paisaje-mas-que-grandes-edificaciones\/#primaryimage\"},\"image\":{\"@id\":\"https:\/\/www.ucatolica.edu.co\/portal\/arquitectura-del-paisaje-mas-que-grandes-edificaciones\/#primaryimage\"},\"thumbnailUrl\":\"https:\/\/www.ucatolica.edu.co\/portal\/wp-content\/uploads\/2025\/08\/Noticia-12.jpg\",\"datePublished\":\"2025-08-12T20:30:41+00:00\",\"dateModified\":\"2025-08-12T20:30:43+00:00\",\"breadcrumb\":{\"@id\":\"https:\/\/www.ucatolica.edu.co\/portal\/arquitectura-del-paisaje-mas-que-grandes-edificaciones\/#breadcrumb\"},\"inLanguage\":\"es-CO\",\"potentialAction\":[{\"@type\":\"ReadAction\",\"target\":[\"https:\/\/www.ucatolica.edu.co\/portal\/arquitectura-del-paisaje-mas-que-grandes-edificaciones\/\"]}]},{\"@type\":\"ImageObject\",\"inLanguage\":\"es-CO\",\"@id\":\"https:\/\/www.ucatolica.edu.co\/portal\/arquitectura-del-paisaje-mas-que-grandes-edificaciones\/#primaryimage\",\"url\":\"https:\/\/www.ucatolica.edu.co\/portal\/wp-content\/uploads\/2025\/08\/Noticia-12.jpg\",\"contentUrl\":\"https:\/\/www.ucatolica.edu.co\/portal\/wp-content\/uploads\/2025\/08\/Noticia-12.jpg\",\"width\":870,\"height\":522},{\"@type\":\"BreadcrumbList\",\"@id\":\"https:\/\/www.ucatolica.edu.co\/portal\/arquitectura-del-paisaje-mas-que-grandes-edificaciones\/#breadcrumb\",\"itemListElement\":[{\"@type\":\"ListItem\",\"position\":1,\"name\":\"Inicio\",\"item\":\"https:\/\/www.ucatolica.edu.co\/portal\/\"},{\"@type\":\"ListItem\",\"position\":2,\"name\":\"Arquitectura del paisaje: m\u00e1s que grandes edificaciones\"}]},{\"@type\":\"WebSite\",\"@id\":\"https:\/\/www.ucatolica.edu.co\/portal\/#website\",\"url\":\"https:\/\/www.ucatolica.edu.co\/portal\/\",\"name\":\"Universidad Cat\u00f3lica De Colombia\",\"description\":\"Universidad Cat\u00f3lica De Colombia\",\"publisher\":{\"@id\":\"https:\/\/www.ucatolica.edu.co\/portal\/#organization\"},\"potentialAction\":[{\"@type\":\"SearchAction\",\"target\":{\"@type\":\"EntryPoint\",\"urlTemplate\":\"https:\/\/www.ucatolica.edu.co\/portal\/?s={search_term_string}\"},\"query-input\":{\"@type\":\"PropertyValueSpecification\",\"valueRequired\":true,\"valueName\":\"search_term_string\"}}],\"inLanguage\":\"es-CO\"},{\"@type\":\"Organization\",\"@id\":\"https:\/\/www.ucatolica.edu.co\/portal\/#organization\",\"name\":\"Universidad Cat\u00f3lica de Colombia\",\"url\":\"https:\/\/www.ucatolica.edu.co\/portal\/\",\"logo\":{\"@type\":\"ImageObject\",\"inLanguage\":\"es-CO\",\"@id\":\"https:\/\/www.ucatolica.edu.co\/portal\/#\/schema\/logo\/image\/\",\"url\":\"https:\/\/www.ucatolica.edu.co\/portal\/wp-content\/uploads\/2021\/06\/logo-header-ho-1.svg\",\"contentUrl\":\"https:\/\/www.ucatolica.edu.co\/portal\/wp-content\/uploads\/2021\/06\/logo-header-ho-1.svg\",\"width\":1,\"height\":1,\"caption\":\"Universidad Cat\u00f3lica de Colombia\"},\"image\":{\"@id\":\"https:\/\/www.ucatolica.edu.co\/portal\/#\/schema\/logo\/image\/\"},\"sameAs\":[\"https:\/\/www.facebook.com\/ucatolicacolombia\",\"https:\/\/x.com\/UCatolicaCol\",\"https:\/\/www.instagram.com\/universidadcatolicadecolombia\/\",\"https:\/\/www.linkedin.com\/company\/universidadcatolicadecolombia\/\",\"https:\/\/www.youtube.com\/user\/UCatolicaCo\"]},{\"@type\":\"Person\",\"@id\":\"https:\/\/www.ucatolica.edu.co\/portal\/#\/schema\/person\/46b982b9085fee761b48b0bd54f8b9f8\",\"name\":\"Daniela Junco\",\"url\":\"https:\/\/www.ucatolica.edu.co\/portal\/author\/daniela\/\"}]}<\/script>\n<!-- \/ Yoast SEO plugin. -->","yoast_head_json":{"title":"Arquitectura del paisaje: m\u00e1s que grandes edificaciones - Universidad Cat\u00f3lica De Colombia","robots":{"index":"index","follow":"follow","max-snippet":"max-snippet:-1","max-image-preview":"max-image-preview:large","max-video-preview":"max-video-preview:-1"},"canonical":"https:\/\/www.ucatolica.edu.co\/portal\/arquitectura-del-paisaje-mas-que-grandes-edificaciones\/","og_locale":"es_ES","og_type":"article","og_title":"Arquitectura del paisaje: m\u00e1s que grandes edificaciones - Universidad Cat\u00f3lica De Colombia","og_description":"Cuando se habla de arquitectura del paisaje, es com\u00fan imaginar grandes edificaciones o ciudades modernas. Sin embargo, para Carolina D\u00edaz, arquitecta y docente de dise\u00f1o de interacciones en la Facultad de Dise\u00f1o, de la Universidad Cat\u00f3lica de Colombia, esta visi\u00f3n es limitada. Seg\u00fan explica, \u201cestas grandiosas construcciones son el resultado de un proceso hist\u00f3rico que [&hellip;]","og_url":"https:\/\/www.ucatolica.edu.co\/portal\/arquitectura-del-paisaje-mas-que-grandes-edificaciones\/","og_site_name":"Universidad Cat\u00f3lica De Colombia","article_publisher":"https:\/\/www.facebook.com\/ucatolicacolombia","article_published_time":"2025-08-12T20:30:41+00:00","article_modified_time":"2025-08-12T20:30:43+00:00","og_image":[{"width":870,"height":522,"url":"https:\/\/www.ucatolica.edu.co\/portal\/wp-content\/uploads\/2025\/08\/Noticia-12.jpg","type":"image\/jpeg"}],"author":"Daniela Junco","twitter_card":"summary_large_image","twitter_creator":"@UCatolicaCol","twitter_site":"@UCatolicaCol","twitter_misc":{"Escrito por":"Daniela Junco","Tiempo de lectura":"3 minutos"},"schema":{"@context":"https:\/\/schema.org","@graph":[{"@type":"Article","@id":"https:\/\/www.ucatolica.edu.co\/portal\/arquitectura-del-paisaje-mas-que-grandes-edificaciones\/#article","isPartOf":{"@id":"https:\/\/www.ucatolica.edu.co\/portal\/arquitectura-del-paisaje-mas-que-grandes-edificaciones\/"},"author":{"name":"Daniela Junco","@id":"https:\/\/www.ucatolica.edu.co\/portal\/#\/schema\/person\/46b982b9085fee761b48b0bd54f8b9f8"},"headline":"Arquitectura del paisaje: m\u00e1s que grandes edificaciones","datePublished":"2025-08-12T20:30:41+00:00","dateModified":"2025-08-12T20:30:43+00:00","mainEntityOfPage":{"@id":"https:\/\/www.ucatolica.edu.co\/portal\/arquitectura-del-paisaje-mas-que-grandes-edificaciones\/"},"wordCount":690,"commentCount":0,"publisher":{"@id":"https:\/\/www.ucatolica.edu.co\/portal\/#organization"},"image":{"@id":"https:\/\/www.ucatolica.edu.co\/portal\/arquitectura-del-paisaje-mas-que-grandes-edificaciones\/#primaryimage"},"thumbnailUrl":"https:\/\/www.ucatolica.edu.co\/portal\/wp-content\/uploads\/2025\/08\/Noticia-12.jpg","keywords":["Arquitectura","Construcci\u00f3n","dISE\u00d1O","Naturaleza","Universidad Cat\u00f3lica de Colombia"],"articleSection":["Noticias Principales"],"inLanguage":"es-CO"},{"@type":"WebPage","@id":"https:\/\/www.ucatolica.edu.co\/portal\/arquitectura-del-paisaje-mas-que-grandes-edificaciones\/","url":"https:\/\/www.ucatolica.edu.co\/portal\/arquitectura-del-paisaje-mas-que-grandes-edificaciones\/","name":"Arquitectura del paisaje: m\u00e1s que grandes edificaciones - Universidad Cat\u00f3lica De Colombia","isPartOf":{"@id":"https:\/\/www.ucatolica.edu.co\/portal\/#website"},"primaryImageOfPage":{"@id":"https:\/\/www.ucatolica.edu.co\/portal\/arquitectura-del-paisaje-mas-que-grandes-edificaciones\/#primaryimage"},"image":{"@id":"https:\/\/www.ucatolica.edu.co\/portal\/arquitectura-del-paisaje-mas-que-grandes-edificaciones\/#primaryimage"},"thumbnailUrl":"https:\/\/www.ucatolica.edu.co\/portal\/wp-content\/uploads\/2025\/08\/Noticia-12.jpg","datePublished":"2025-08-12T20:30:41+00:00","dateModified":"2025-08-12T20:30:43+00:00","breadcrumb":{"@id":"https:\/\/www.ucatolica.edu.co\/portal\/arquitectura-del-paisaje-mas-que-grandes-edificaciones\/#breadcrumb"},"inLanguage":"es-CO","potentialAction":[{"@type":"ReadAction","target":["https:\/\/www.ucatolica.edu.co\/portal\/arquitectura-del-paisaje-mas-que-grandes-edificaciones\/"]}]},{"@type":"ImageObject","inLanguage":"es-CO","@id":"https:\/\/www.ucatolica.edu.co\/portal\/arquitectura-del-paisaje-mas-que-grandes-edificaciones\/#primaryimage","url":"https:\/\/www.ucatolica.edu.co\/portal\/wp-content\/uploads\/2025\/08\/Noticia-12.jpg","contentUrl":"https:\/\/www.ucatolica.edu.co\/portal\/wp-content\/uploads\/2025\/08\/Noticia-12.jpg","width":870,"height":522},{"@type":"BreadcrumbList","@id":"https:\/\/www.ucatolica.edu.co\/portal\/arquitectura-del-paisaje-mas-que-grandes-edificaciones\/#breadcrumb","itemListElement":[{"@type":"ListItem","position":1,"name":"Inicio","item":"https:\/\/www.ucatolica.edu.co\/portal\/"},{"@type":"ListItem","position":2,"name":"Arquitectura del paisaje: m\u00e1s que grandes edificaciones"}]},{"@type":"WebSite","@id":"https:\/\/www.ucatolica.edu.co\/portal\/#website","url":"https:\/\/www.ucatolica.edu.co\/portal\/","name":"Universidad Cat\u00f3lica De Colombia","description":"Universidad Cat\u00f3lica De Colombia","publisher":{"@id":"https:\/\/www.ucatolica.edu.co\/portal\/#organization"},"potentialAction":[{"@type":"SearchAction","target":{"@type":"EntryPoint","urlTemplate":"https:\/\/www.ucatolica.edu.co\/portal\/?s={search_term_string}"},"query-input":{"@type":"PropertyValueSpecification","valueRequired":true,"valueName":"search_term_string"}}],"inLanguage":"es-CO"},{"@type":"Organization","@id":"https:\/\/www.ucatolica.edu.co\/portal\/#organization","name":"Universidad Cat\u00f3lica de Colombia","url":"https:\/\/www.ucatolica.edu.co\/portal\/","logo":{"@type":"ImageObject","inLanguage":"es-CO","@id":"https:\/\/www.ucatolica.edu.co\/portal\/#\/schema\/logo\/image\/","url":"https:\/\/www.ucatolica.edu.co\/portal\/wp-content\/uploads\/2021\/06\/logo-header-ho-1.svg","contentUrl":"https:\/\/www.ucatolica.edu.co\/portal\/wp-content\/uploads\/2021\/06\/logo-header-ho-1.svg","width":1,"height":1,"caption":"Universidad Cat\u00f3lica de Colombia"},"image":{"@id":"https:\/\/www.ucatolica.edu.co\/portal\/#\/schema\/logo\/image\/"},"sameAs":["https:\/\/www.facebook.com\/ucatolicacolombia","https:\/\/x.com\/UCatolicaCol","https:\/\/www.instagram.com\/universidadcatolicadecolombia\/","https:\/\/www.linkedin.com\/company\/universidadcatolicadecolombia\/","https:\/\/www.youtube.com\/user\/UCatolicaCo"]},{"@type":"Person","@id":"https:\/\/www.ucatolica.edu.co\/portal\/#\/schema\/person\/46b982b9085fee761b48b0bd54f8b9f8","name":"Daniela Junco","url":"https:\/\/www.ucatolica.edu.co\/portal\/author\/daniela\/"}]}},"author_meta":{"display_name":"Daniela Junco","author_link":"https:\/\/www.ucatolica.edu.co\/portal\/author\/daniela\/"},"featured_img":"https:\/\/www.ucatolica.edu.co\/portal\/wp-content\/uploads\/2025\/08\/Noticia-12.jpg","coauthors":[],"tax_additional":{"categories":{"linked":["<a href=\"https:\/\/www.ucatolica.edu.co\/portal\/category\/noticias-principales\/\" class=\"advgb-post-tax-term\">Noticias Principales<\/a>"],"unlinked":["<span class=\"advgb-post-tax-term\">Noticias Principales<\/span>"]},"tags":{"linked":["<a href=\"https:\/\/www.ucatolica.edu.co\/portal\/category\/noticias-principales\/\" class=\"advgb-post-tax-term\">Arquitectura<\/a>","<a href=\"https:\/\/www.ucatolica.edu.co\/portal\/category\/noticias-principales\/\" class=\"advgb-post-tax-term\">Construcci\u00f3n<\/a>","<a href=\"https:\/\/www.ucatolica.edu.co\/portal\/category\/noticias-principales\/\" class=\"advgb-post-tax-term\">dISE\u00d1O<\/a>","<a href=\"https:\/\/www.ucatolica.edu.co\/portal\/category\/noticias-principales\/\" class=\"advgb-post-tax-term\">Naturaleza<\/a>","<a href=\"https:\/\/www.ucatolica.edu.co\/portal\/category\/noticias-principales\/\" class=\"advgb-post-tax-term\">Universidad Cat\u00f3lica de Colombia<\/a>"],"unlinked":["<span class=\"advgb-post-tax-term\">Arquitectura<\/span>","<span class=\"advgb-post-tax-term\">Construcci\u00f3n<\/span>","<span class=\"advgb-post-tax-term\">dISE\u00d1O<\/span>","<span class=\"advgb-post-tax-term\">Naturaleza<\/span>","<span class=\"advgb-post-tax-term\">Universidad Cat\u00f3lica de Colombia<\/span>"]}},"comment_count":"0","relative_dates":{"created":"Posted 9 meses ago","modified":"Updated 9 meses ago"},"absolute_dates":{"created":"Posted on 12 agosto, 2025","modified":"Updated on 12 agosto, 2025"},"absolute_dates_time":{"created":"Posted on 12 agosto, 2025 3:30 pm","modified":"Updated on 12 agosto, 2025 3:30 pm"},"featured_img_caption":"","series_order":"","_links":{"self":[{"href":"https:\/\/www.ucatolica.edu.co\/portal\/wp-json\/wp\/v2\/posts\/120119","targetHints":{"allow":["GET"]}}],"collection":[{"href":"https:\/\/www.ucatolica.edu.co\/portal\/wp-json\/wp\/v2\/posts"}],"about":[{"href":"https:\/\/www.ucatolica.edu.co\/portal\/wp-json\/wp\/v2\/types\/post"}],"author":[{"embeddable":true,"href":"https:\/\/www.ucatolica.edu.co\/portal\/wp-json\/wp\/v2\/users\/64"}],"replies":[{"embeddable":true,"href":"https:\/\/www.ucatolica.edu.co\/portal\/wp-json\/wp\/v2\/comments?post=120119"}],"version-history":[{"count":3,"href":"https:\/\/www.ucatolica.edu.co\/portal\/wp-json\/wp\/v2\/posts\/120119\/revisions"}],"predecessor-version":[{"id":121207,"href":"https:\/\/www.ucatolica.edu.co\/portal\/wp-json\/wp\/v2\/posts\/120119\/revisions\/121207"}],"wp:featuredmedia":[{"embeddable":true,"href":"https:\/\/www.ucatolica.edu.co\/portal\/wp-json\/wp\/v2\/media\/121204"}],"wp:attachment":[{"href":"https:\/\/www.ucatolica.edu.co\/portal\/wp-json\/wp\/v2\/media?parent=120119"}],"wp:term":[{"taxonomy":"category","embeddable":true,"href":"https:\/\/www.ucatolica.edu.co\/portal\/wp-json\/wp\/v2\/categories?post=120119"},{"taxonomy":"post_tag","embeddable":true,"href":"https:\/\/www.ucatolica.edu.co\/portal\/wp-json\/wp\/v2\/tags?post=120119"}],"curies":[{"name":"wp","href":"https:\/\/api.w.org\/{rel}","templated":true}]}}