{"id":121165,"date":"2025-09-24T10:09:41","date_gmt":"2025-09-24T15:09:41","guid":{"rendered":"https:\/\/www.ucatolica.edu.co\/portal\/?p=121165"},"modified":"2025-09-26T14:40:13","modified_gmt":"2025-09-26T19:40:13","slug":"informate-sobre-todo-lo-que-necesitas-saber-para-los-grados-universitarios","status":"publish","type":"post","link":"https:\/\/www.ucatolica.edu.co\/portal\/informate-sobre-todo-lo-que-necesitas-saber-para-los-grados-universitarios\/","title":{"rendered":"Inf\u00f3rmate sobre todo lo que necesitas saber para los grados universitarios"},"content":{"rendered":"\n<p>Celebramos el esfuerzo y dedicaci\u00f3n de nuestros estudiantes que obtendr\u00e1n su t\u00edtulo acad\u00e9mico en nuestra Universidad. Es por esto que, la <strong>Universidad Cat\u00f3lica de Colombia <\/strong>en nombre del <strong>Rector, Dr. Francisco Jos\u00e9 G\u00f3mez Ortiz<\/strong>, realizar\u00e1 de manera presencial, las ceremonias de grado del 24 al 26 de septiembre de 2025 en el <strong>Centro de Convenciones de la Sede 4 (Carrera. 13 # 47-30). <\/strong><\/p>\n\n\n\n<p><strong>A. <u>Programaci\u00f3n de las ceremonias:<\/u><\/strong><\/p>\n\n\n\n<figure class=\"wp-block-table\"><table class=\"has-fixed-layout\"><tbody><tr><td class=\"has-text-align-center\" data-align=\"center\" colspan=\"2\"><strong>CEREMONIAS DE GRADO MI\u00c9RCOLES 24 DE SEPTIEMBRE DE 2025<\/strong><strong><\/strong><\/td><\/tr><tr><td class=\"has-text-align-center\" data-align=\"center\"><mark class=\"has-inline-color has-vivid-cyan-blue-color\"><strong><u>Hora<\/u><\/strong><br><strong><u>9:00 a.m.<\/u><\/strong> <br><strong><u>(Ceremonia 01)<\/u><\/strong><br><br><em><u><strong>Graduandos<\/strong><\/u>: deber\u00e1n llegar a las 7:30 a.m. para participar en el Ensayo previo.<\/em><br><br><em><u><strong>Invitados<\/strong><\/u>: se recomienda llegar a las 8:00 a.m. para poder participar plenamente en la ceremonia.<\/em><\/mark><\/td><td><strong><u>Facultad de Ciencias Econ\u00f3micas y Administrativas<\/u><\/strong><br><br>&#8211; Administraci\u00f3n de Empresas.<br>&#8211; Pregrado Econom\u00eda.<br>-Especializaci\u00f3n en Administraci\u00f3n Financiera.<\/td><\/tr><tr><td class=\"has-text-align-center\" data-align=\"center\"><mark class=\"has-inline-color has-vivid-cyan-blue-color\"><strong><u>Hora<\/u><\/strong> <br><strong><u>12:00 m.<\/u><\/strong> <br><strong><u>(Ceremonia 02)<\/u><\/strong> <strong>&nbsp;<\/strong> <br><br><em><u><strong>Graduandos<\/strong><\/u>: deber\u00e1n llegar a las 10:30 a.m. para participar en el Ensayo previo.<\/em> &nbsp; <br><br><em><u><strong>Invitados<\/strong><\/u>: se recomienda llegar a las 11:00 a.m. para poder participar plenamente en la ceremonia.<\/em><\/mark><\/td><td><strong><u>Facultad de Ciencias Econ\u00f3micas y Administrativas<\/u><\/strong><br><br>&#8211; Especializaci\u00f3n en Formulaci\u00f3n y Evaluaci\u00f3n Social y Econ\u00f3mica de Proyectos.<br><br><strong><u>Facultad de Ingenier\u00eda<\/u><\/strong><br><br>&#8211; Especializaci\u00f3n en Gerencia de Obras. &nbsp; &nbsp; <\/td><\/tr><tr><td class=\"has-text-align-center\" data-align=\"center\"><mark class=\"has-inline-color has-vivid-cyan-blue-color\"><strong><u>Hora<\/u><\/strong> <br><strong><u>3:00 pm.<\/u><\/strong> <br><strong><u>(Ceremonia 03)<\/u><\/strong> <strong>&nbsp;<\/strong> <br><br><em><u><strong>Graduandos<\/strong><\/u>: deber\u00e1n llegar a las 1:30 p.m. para participar en el Ensayo previo.<\/em> &nbsp; <br><br><em><u><strong>Invitados<\/strong><\/u>: se recomienda llegar a las 2:00 p.m. para poder participar plenamente en la ceremonia.<\/em><\/mark><\/td><td><strong><u>Facultad de Ingenier\u00eda<\/u><\/strong> <br><br>&#8211; Ingenier\u00eda Civil<br>&#8211; Ingenier\u00eda Industrial<br>&#8211; Ingenier\u00eda de Sistemas<br>&#8211; Ingenier\u00eda de Sistemas y Computaci\u00f3n<br>&#8211; Ingenier\u00eda Electr\u00f3nica y Telecomunicaciones<br>&#8211; Especializaci\u00f3n en Recursos H\u00eddricos<br>&#8211; Especializaci\u00f3n en Seguridad de la Informaci\u00f3n<br>&#8211; Especializaci\u00f3n en Ingenier\u00eda de Pavimentos<br>&#8211; Maestr\u00eda en Ingenier\u00eda y Gesti\u00f3n de la Innovaci\u00f3n<\/td><\/tr><\/tbody><\/table><\/figure>\n\n\n\n<figure class=\"wp-block-table\"><table class=\"has-fixed-layout\"><tbody><tr><td class=\"has-text-align-center\" data-align=\"center\" colspan=\"2\"><strong>CEREMONIAS DE GRADO JUEVES 25 DE SEPTIEMBRE DE 2025<\/strong><strong><\/strong><\/td><\/tr><tr><td class=\"has-text-align-center\" data-align=\"center\"><mark class=\"has-inline-color has-vivid-cyan-blue-color\"><strong>Hora<\/strong> <br><strong>9:00 a.m.<\/strong> <br><strong>(Ceremonia 04)<\/strong> <strong>&nbsp;<\/strong> <br><br><em><strong>Graduandos<\/strong>: deber\u00e1n llegar a las 7:30 a.m. para participar en el Ensayo previo.<\/em> &nbsp; <br><br><em><strong>Invitados<\/strong>: se recomienda llegar a las 8:00 a.m. para poder participar plenamente en la ceremonia.<\/em><\/mark><\/td><td><strong><u>Facultad de Derecho<\/u><\/strong> <br><br>&#8211; Especializaci\u00f3n en Derecho Tributario y Aduanero<br>&#8211; Especializaci\u00f3n en Gobierno y Gesti\u00f3n del Desarrollo Regional y Municipal<br>&#8211; Especializaci\u00f3n en Sistema Penal Acusatorio<\/td><\/tr><tr><td class=\"has-text-align-center\" data-align=\"center\"><mark class=\"has-inline-color has-vivid-cyan-blue-color\"><strong><u>Hora<\/u><\/strong> <br><strong><u>12:00 m.<\/u><\/strong> <br><strong><u>(Ceremonia 05)<\/u><\/strong> <strong>&nbsp;<\/strong> <br><br><em><u><strong>Graduandos<\/strong><\/u>: deber\u00e1n llegar a las 10:30 a.m. para participar en el Ensayo previo.<\/em> &nbsp; <br><br><em><u><strong>Invitados<\/strong><\/u>: se recomienda llegar a las 11:00 a.m. para poder participar plenamente en la ceremonia.<\/em><\/mark><\/td><td><strong><u>Facultad de Psicolog\u00eda<\/u><\/strong> <br><br>&#8211; Pregrado en Psicolog\u00eda.<br>&#8211; Doctorado en Psicolog\u00eda.<br>&#8211; Especializaci\u00f3n en Psicolog\u00eda Cl\u00ednica.<br>&#8211; Especializaci\u00f3n en Psicolog\u00eda Educativa. &nbsp; <\/td><\/tr><tr><td class=\"has-text-align-center\" data-align=\"center\"><mark class=\"has-inline-color has-vivid-cyan-blue-color\"><strong><u>Hora<\/u><\/strong> <br><strong><u>3:00 pm.<\/u><\/strong> <br><strong><u>(Ceremonia 06)<\/u><\/strong> <strong>&nbsp;<\/strong> <br><br><em><u>Graduandos<\/u>: deber\u00e1n llegar a las 1:30 p.m. para participar en el Ensayo previo.<\/em><br><br><em><u><strong>Invitados<\/strong><\/u>: se recomienda llegar a las 2:00 p.m. para poder participar plenamente en la ceremonia.<\/em><\/mark><\/td><td><strong><u>Facultad de Dise\u00f1o<\/u><\/strong> <br><br>&#8211; Pregrado en Arquitectura<br>&#8211; Maestr\u00eda en Dise\u00f1o Sostenible<br><br><strong><u>Facultad de Psicolog\u00eda<\/u><\/strong><br><br>&#8211; Especializaci\u00f3n en Psicolog\u00eda de las Organizaciones.<br>&#8211; Especializaci\u00f3n en Psicolog\u00eda Jur\u00eddica y Criminol\u00f3gica<\/td><\/tr><\/tbody><\/table><\/figure>\n\n\n\n<figure class=\"wp-block-table\"><table class=\"has-fixed-layout\"><tbody><tr><td class=\"has-text-align-center\" data-align=\"center\" colspan=\"2\"><strong>CEREMONIAS DE GRADO VIERNES 26 DE SEPTIEMBRE DE 2025<\/strong><strong><\/strong><\/td><\/tr><tr><td class=\"has-text-align-center\" data-align=\"center\"><mark class=\"has-inline-color has-vivid-cyan-blue-color\"><strong><u>Hora<\/u><\/strong> <br><strong><u>9:00 a.m.<\/u><\/strong> <br><strong><u>(Ceremonia 07)<\/u><\/strong><br><br><em><u>Graduandos<\/u>: deber\u00e1n llegar a las 7:30 a.m. para participar en el Ensayo previo.<\/em> &nbsp; <br><br><em><u>Invitados<\/u>: se recomienda llegar a las 8:00 a.m. para poder participar plenamente en la ceremonia.<\/em><\/mark><\/td><td><strong><u>Facultad de Derecho<\/u><\/strong> <br><br>&#8211; Pregrado en Derecho<br>&#8211; Especializaci\u00f3n en Derecho Procesal y Litigio Estrat\u00e9gico&nbsp;<\/td><\/tr><tr><td class=\"has-text-align-center\" data-align=\"center\"><mark class=\"has-inline-color has-vivid-cyan-blue-color\"><strong><u>Hora<\/u><\/strong> <br><strong><u>12:00 m.<\/u><\/strong> <br><strong><u>(Ceremonia 08)<\/u><\/strong><br><br><em><u>Graduandos<\/u>: deber\u00e1n llegar a las 10:30 a.m. para participar en el Ensayo previo.<\/em> &nbsp;<br><br><em><u><strong>Invitados<\/strong><\/u>: se recomienda llegar a las 11:00 a.m. para poder participar plenamente en la ceremonia.<\/em><\/mark><\/td><td>&nbsp; <strong><u>Facultad de Derecho<\/u><\/strong> <br><br>-Especializaci\u00f3n en Derecho del Trabajo y Seguridad Social.<br>-Especializaci\u00f3n en Derecho Penal y Ciencias Forenses.<br>-Maestr\u00eda en Derechos Humanos y D. I. H.<br>&#8211; Doctorado en Derecho<\/td><\/tr><tr><td class=\"has-text-align-center\" data-align=\"center\"><mark class=\"has-inline-color has-vivid-cyan-blue-color\"><strong><u>Hora<\/u><\/strong> <br><strong><u>3:00 pm.<\/u><\/strong> <br><strong><u>(Ceremonia 09)<\/u><\/strong> <strong>&nbsp;<\/strong> <br><br><em><u><strong>Graduandos<\/strong><\/u>: deber\u00e1n llegar a las 1:30 p.m. para participar en el Ensayo previo.<\/em> &nbsp; <br><br><em><u><strong>Invitados<\/strong><\/u>: se recomienda llegar a las 2:00 p.m. para poder participar plenamente en la ceremonia.<\/em><\/mark><\/td><td><strong><u>Facultad de Derecho<\/u><\/strong> <strong><u>&nbsp;<\/u><\/strong> <br><br>&#8211; Especializaci\u00f3n en Derecho Constitucional y Administrativo<br>&#8211; Especializaci\u00f3n en Derecho Probatorio.<\/td><\/tr><\/tbody><\/table><\/figure>\n\n\n\n<p><strong>B. <u>Informaci\u00f3n Protocolo:<\/u><\/strong><\/p>\n\n\n\n<figure class=\"wp-block-image size-full is-resized\"><img fetchpriority=\"high\" decoding=\"async\" width=\"589\" height=\"354\" src=\"https:\/\/www.ucatolica.edu.co\/portal\/wp-content\/uploads\/2025\/08\/Informacion-Protocolo.jpg\" alt=\"Informaci\u00f3n Protocolo para Grados 2025\" class=\"wp-image-121167\" style=\"width:632px;height:auto\" \/><figcaption class=\"wp-element-caption\"><a href=\"https:\/\/www.youtube.com\/watch?v=UjLFIptzoPY\">Informaci\u00f3n Protocolo.<\/a><\/figcaption><\/figure>\n\n\n\n<p><strong>C. Informaci\u00f3n Invitaciones Digitales<\/strong> (Encuentra todos los detalles en el siguiente <strong><a href=\"https:\/\/www.ucatolica.edu.co\/portal\/wp-content\/uploads\/2025\/09\/1.-Recomendaciones-Graduandos-invitaciones.pdf\">enlace<\/a><\/strong>)<\/p>\n\n\n\n<p>La informaci\u00f3n de las invitaciones digitales se dar\u00e1 a conocer a trav\u00e9s del correo institucional de cada graduando el<strong> mi\u00e9rcoles 17 de septiembre de 2025.<\/strong><\/p>\n\n\n\n<p><strong>D. Toma de fotograf\u00eda y traje acad\u00e9mico<\/strong> (Encuentra todos los detalles en el siguiente<strong> <a href=\"https:\/\/www.ucatolica.edu.co\/portal\/wp-content\/uploads\/2025\/08\/Anexo-3.-Toma-de-fotografia-y-Traje-Academico.docx\">enlace<\/a><\/strong>)<\/p>\n\n\n\n<p><strong><u>E. Celebraci\u00f3n Eucarist\u00eda: <\/u><\/strong><\/p>\n\n\n\n<p>El \u00e1rea de Pastoral y Capellan\u00eda de Bienestar Universitario invita a los graduandos, a la Eucarist\u00eda en acci\u00f3n de gracias por la culminaci\u00f3n de sus estudios y para encomendar al Se\u00f1or su vida profesional.<\/p>\n\n\n\n<p><strong>Fecha:&nbsp;<\/strong>22 de septiembre<\/p>\n\n\n\n<p><strong>Hora:&nbsp;<\/strong>6: 00 p.m.<\/p>\n\n\n\n<p><strong>Lugar:<\/strong>&nbsp;Sede 4 \u2013 Capilla (Carrera 13 # 47 \u2013 30).<\/p>\n\n\n\n<p>Pueden asistir con sus amigos y familiares.<\/p>\n\n\n\n<p><strong>Ten en cuenta:<\/strong>&nbsp;Para el ingreso, solicitamos diligenciar el<a href=\"https:\/\/forms.office.com\/r\/RHxALKCWPL\">&nbsp;formulario<\/a>&nbsp;por cada uno de los asistentes.&nbsp;<\/p>\n\n\n\n<p><strong>Mi\u00e9rcoles 24 de septiembre<\/strong><\/p>\n\n\n\n<p>Transmisi\u00f3n en vivo 9:00 a.m. <a href=\"https:\/\/youtube.com\/live\/5_uBumRRHh0?feature=share\">Clic aqu\u00ed<\/a><\/p>\n\n\n\n<p>Transmisi\u00f3n en vivo 12:00 m. <a href=\"https:\/\/youtube.com\/live\/KTzl4uEkzEE?feature=share\">Clic aqu\u00ed<\/a><\/p>\n\n\n\n<p>Transmisi\u00f3n en vivo 3:00 p.m. <a href=\"https:\/\/youtube.com\/live\/fd29zvmLQIQ?feature=share\">Clic aqu\u00ed<\/a><\/p>\n\n\n\n<p><strong>Jueves <strong>25 de septiembre<\/strong><\/strong><\/p>\n\n\n\n<p>Transmisi\u00f3n en vivo 9:00 a.m. <a href=\"https:\/\/www.youtube.com\/live\/21XKAaAEzfQ\">Clic aqu\u00ed<\/a><\/p>\n\n\n\n<p>Transmisi\u00f3n en vivo 12:00 m. <a href=\"https:\/\/www.youtube.com\/live\/pMTMaUX87iI\">Clic aqu\u00ed<\/a><\/p>\n\n\n\n<p>Transmisi\u00f3n en vivo 3:00 p.m. <a href=\"https:\/\/youtube.com\/live\/86r18ORAq-Q?feature=share\">Clic aqu\u00ed<\/a><\/p>\n\n\n\n<p><strong>Viernes <strong>26 de septiembre<\/strong><\/strong><\/p>\n\n\n\n<p>Transmisi\u00f3n en vivo 9:00 a.m. <a href=\"https:\/\/www.youtube.com\/live\/Z45MazszipQ\">Clic aqu\u00ed<\/a><\/p>\n\n\n\n<p>Transmisi\u00f3n en vivo 12:00 p.m. <a href=\"https:\/\/www.youtube.com\/live\/zt3oP3kmNeM\">Clic aqu\u00ed<\/a><\/p>\n\n\n\n<p>Transmisi\u00f3n en vivo 3:00 p.m. <a href=\"https:\/\/www.youtube.com\/live\/MFN0zaA1rHg\">Clic aqu\u00ed<\/a><\/p>\n\n\n\n<p><strong>Importante:<\/strong><\/p>\n\n\n\n<p><em>Conforme con el plan de Prevenci\u00f3n de Desastres<\/em><strong><em>&nbsp;NO<\/em><\/strong><em>&nbsp;se permite la asistencia de ni\u00f1os menores de 10 a\u00f1os con el fin de evitar situaciones de riesgo al permitir su participaci\u00f3n en eventos masivos.<\/em><\/p>\n\n\n\n<p><em>Es por esta raz\u00f3n que los ni\u00f1os mayores de 10 a\u00f1os deber\u00e1n presentar su documento de identificaci\u00f3n.<\/em><em><\/em><\/p>\n\n\n\n<p><\/p>\n\n\n\n<p><strong>\u00a1Felicitamos a nuestros futuros profesionales por este logro alcanzado con esfuerzo y dedicaci\u00f3n!<\/strong><\/p>\n\n\n\n<p>Mayor Informaci\u00f3n:<\/p>\n\n\n\n<p><strong>Secretar\u00eda General<\/strong><strong><br><\/strong>secregeneral@ucatolica.edu.co<br>Universidad Cat\u00f3lica de Colombia<\/p>\n","protected":false},"excerpt":{"rendered":"<p>Celebramos el esfuerzo y dedicaci\u00f3n de nuestros estudiantes que obtendr\u00e1n su t\u00edtulo acad\u00e9mico en nuestra Universidad. Es por esto que, la Universidad Cat\u00f3lica de Colombia en nombre del Rector, Dr. Francisco Jos\u00e9 G\u00f3mez Ortiz, realizar\u00e1 de manera presencial, las ceremonias de grado del 24 al 26 de septiembre de 2025 en el Centro de Convenciones [&hellip;]<\/p>\n","protected":false},"author":65,"featured_media":121179,"comment_status":"open","ping_status":"open","sticky":false,"template":"","format":"standard","meta":{"_acf_changed":false,"advgb_blocks_editor_width":"","advgb_blocks_columns_visual_guide":"","footnotes":""},"categories":[93],"tags":[2027,679,265],"class_list":["post-121165","post","type-post","status-publish","format-standard","has-post-thumbnail","hentry","category-noticias-principales","tag-ceremonia-de-grados","tag-grados","tag-universidad-catolica-de-colombia"],"acf":[],"yoast_head":"<!-- This site is optimized with the Yoast SEO plugin v26.7 - https:\/\/yoast.com\/wordpress\/plugins\/seo\/ -->\n<title>Inf\u00f3rmate sobre todo lo que necesitas saber para los grados universitarios - Universidad Cat\u00f3lica De Colombia<\/title>\n<meta name=\"robots\" content=\"index, follow, max-snippet:-1, max-image-preview:large, max-video-preview:-1\" \/>\n<link rel=\"canonical\" href=\"https:\/\/www.ucatolica.edu.co\/portal\/informate-sobre-todo-lo-que-necesitas-saber-para-los-grados-universitarios\/\" \/>\n<meta property=\"og:locale\" content=\"es_ES\" \/>\n<meta property=\"og:type\" content=\"article\" \/>\n<meta property=\"og:title\" content=\"Inf\u00f3rmate sobre todo lo que necesitas saber para los grados universitarios - Universidad Cat\u00f3lica De Colombia\" \/>\n<meta property=\"og:description\" content=\"Celebramos el esfuerzo y dedicaci\u00f3n de nuestros estudiantes que obtendr\u00e1n su t\u00edtulo acad\u00e9mico en nuestra Universidad. Es por esto que, la Universidad Cat\u00f3lica de Colombia en nombre del Rector, Dr. Francisco Jos\u00e9 G\u00f3mez Ortiz, realizar\u00e1 de manera presencial, las ceremonias de grado del 24 al 26 de septiembre de 2025 en el Centro de Convenciones [&hellip;]\" \/>\n<meta property=\"og:url\" content=\"https:\/\/www.ucatolica.edu.co\/portal\/informate-sobre-todo-lo-que-necesitas-saber-para-los-grados-universitarios\/\" \/>\n<meta property=\"og:site_name\" content=\"Universidad Cat\u00f3lica De Colombia\" \/>\n<meta property=\"article:publisher\" content=\"https:\/\/www.facebook.com\/ucatolicacolombia\" \/>\n<meta property=\"article:published_time\" content=\"2025-09-24T15:09:41+00:00\" \/>\n<meta property=\"article:modified_time\" content=\"2025-09-26T19:40:13+00:00\" \/>\n<meta property=\"og:image\" content=\"https:\/\/www.ucatolica.edu.co\/portal\/wp-content\/uploads\/2025\/08\/Graduandos-de-la-UCatolicaCo.png\" \/>\n\t<meta property=\"og:image:width\" content=\"870\" \/>\n\t<meta property=\"og:image:height\" content=\"522\" \/>\n\t<meta property=\"og:image:type\" content=\"image\/png\" \/>\n<meta name=\"author\" content=\"Juan Jos\u00e9 Franco\" \/>\n<meta name=\"twitter:card\" content=\"summary_large_image\" \/>\n<meta name=\"twitter:creator\" content=\"@UCatolicaCol\" \/>\n<meta name=\"twitter:site\" content=\"@UCatolicaCol\" \/>\n<meta name=\"twitter:label1\" content=\"Escrito por\" \/>\n\t<meta name=\"twitter:data1\" content=\"Juan Jos\u00e9 Franco\" \/>\n\t<meta name=\"twitter:label2\" content=\"Tiempo de lectura\" \/>\n\t<meta name=\"twitter:data2\" content=\"5 minutos\" \/>\n<script type=\"application\/ld+json\" class=\"yoast-schema-graph\">{\"@context\":\"https:\/\/schema.org\",\"@graph\":[{\"@type\":\"Article\",\"@id\":\"https:\/\/www.ucatolica.edu.co\/portal\/informate-sobre-todo-lo-que-necesitas-saber-para-los-grados-universitarios\/#article\",\"isPartOf\":{\"@id\":\"https:\/\/www.ucatolica.edu.co\/portal\/informate-sobre-todo-lo-que-necesitas-saber-para-los-grados-universitarios\/\"},\"author\":{\"name\":\"Juan Jos\u00e9 Franco\",\"@id\":\"https:\/\/www.ucatolica.edu.co\/portal\/#\/schema\/person\/2fe10d3836c8b18a520cbf458d96a728\"},\"headline\":\"Inf\u00f3rmate sobre todo lo que necesitas saber para los grados universitarios\",\"datePublished\":\"2025-09-24T15:09:41+00:00\",\"dateModified\":\"2025-09-26T19:40:13+00:00\",\"mainEntityOfPage\":{\"@id\":\"https:\/\/www.ucatolica.edu.co\/portal\/informate-sobre-todo-lo-que-necesitas-saber-para-los-grados-universitarios\/\"},\"wordCount\":1006,\"commentCount\":0,\"publisher\":{\"@id\":\"https:\/\/www.ucatolica.edu.co\/portal\/#organization\"},\"image\":{\"@id\":\"https:\/\/www.ucatolica.edu.co\/portal\/informate-sobre-todo-lo-que-necesitas-saber-para-los-grados-universitarios\/#primaryimage\"},\"thumbnailUrl\":\"https:\/\/www.ucatolica.edu.co\/portal\/wp-content\/uploads\/2025\/08\/Graduandos-de-la-UCatolicaCo.png\",\"keywords\":[\"Ceremonia de grados\",\"Grados\",\"Universidad Cat\u00f3lica de Colombia\"],\"articleSection\":[\"Noticias Principales\"],\"inLanguage\":\"es-CO\"},{\"@type\":\"WebPage\",\"@id\":\"https:\/\/www.ucatolica.edu.co\/portal\/informate-sobre-todo-lo-que-necesitas-saber-para-los-grados-universitarios\/\",\"url\":\"https:\/\/www.ucatolica.edu.co\/portal\/informate-sobre-todo-lo-que-necesitas-saber-para-los-grados-universitarios\/\",\"name\":\"Inf\u00f3rmate sobre todo lo que necesitas saber para los grados universitarios - Universidad Cat\u00f3lica De Colombia\",\"isPartOf\":{\"@id\":\"https:\/\/www.ucatolica.edu.co\/portal\/#website\"},\"primaryImageOfPage\":{\"@id\":\"https:\/\/www.ucatolica.edu.co\/portal\/informate-sobre-todo-lo-que-necesitas-saber-para-los-grados-universitarios\/#primaryimage\"},\"image\":{\"@id\":\"https:\/\/www.ucatolica.edu.co\/portal\/informate-sobre-todo-lo-que-necesitas-saber-para-los-grados-universitarios\/#primaryimage\"},\"thumbnailUrl\":\"https:\/\/www.ucatolica.edu.co\/portal\/wp-content\/uploads\/2025\/08\/Graduandos-de-la-UCatolicaCo.png\",\"datePublished\":\"2025-09-24T15:09:41+00:00\",\"dateModified\":\"2025-09-26T19:40:13+00:00\",\"breadcrumb\":{\"@id\":\"https:\/\/www.ucatolica.edu.co\/portal\/informate-sobre-todo-lo-que-necesitas-saber-para-los-grados-universitarios\/#breadcrumb\"},\"inLanguage\":\"es-CO\",\"potentialAction\":[{\"@type\":\"ReadAction\",\"target\":[\"https:\/\/www.ucatolica.edu.co\/portal\/informate-sobre-todo-lo-que-necesitas-saber-para-los-grados-universitarios\/\"]}]},{\"@type\":\"ImageObject\",\"inLanguage\":\"es-CO\",\"@id\":\"https:\/\/www.ucatolica.edu.co\/portal\/informate-sobre-todo-lo-que-necesitas-saber-para-los-grados-universitarios\/#primaryimage\",\"url\":\"https:\/\/www.ucatolica.edu.co\/portal\/wp-content\/uploads\/2025\/08\/Graduandos-de-la-UCatolicaCo.png\",\"contentUrl\":\"https:\/\/www.ucatolica.edu.co\/portal\/wp-content\/uploads\/2025\/08\/Graduandos-de-la-UCatolicaCo.png\",\"width\":870,\"height\":522},{\"@type\":\"BreadcrumbList\",\"@id\":\"https:\/\/www.ucatolica.edu.co\/portal\/informate-sobre-todo-lo-que-necesitas-saber-para-los-grados-universitarios\/#breadcrumb\",\"itemListElement\":[{\"@type\":\"ListItem\",\"position\":1,\"name\":\"Inicio\",\"item\":\"https:\/\/www.ucatolica.edu.co\/portal\/\"},{\"@type\":\"ListItem\",\"position\":2,\"name\":\"Inf\u00f3rmate sobre todo lo que necesitas saber para los grados universitarios\"}]},{\"@type\":\"WebSite\",\"@id\":\"https:\/\/www.ucatolica.edu.co\/portal\/#website\",\"url\":\"https:\/\/www.ucatolica.edu.co\/portal\/\",\"name\":\"Universidad Cat\u00f3lica De Colombia\",\"description\":\"Universidad Cat\u00f3lica De Colombia\",\"publisher\":{\"@id\":\"https:\/\/www.ucatolica.edu.co\/portal\/#organization\"},\"potentialAction\":[{\"@type\":\"SearchAction\",\"target\":{\"@type\":\"EntryPoint\",\"urlTemplate\":\"https:\/\/www.ucatolica.edu.co\/portal\/?s={search_term_string}\"},\"query-input\":{\"@type\":\"PropertyValueSpecification\",\"valueRequired\":true,\"valueName\":\"search_term_string\"}}],\"inLanguage\":\"es-CO\"},{\"@type\":\"Organization\",\"@id\":\"https:\/\/www.ucatolica.edu.co\/portal\/#organization\",\"name\":\"Universidad Cat\u00f3lica de Colombia\",\"url\":\"https:\/\/www.ucatolica.edu.co\/portal\/\",\"logo\":{\"@type\":\"ImageObject\",\"inLanguage\":\"es-CO\",\"@id\":\"https:\/\/www.ucatolica.edu.co\/portal\/#\/schema\/logo\/image\/\",\"url\":\"https:\/\/www.ucatolica.edu.co\/portal\/wp-content\/uploads\/2021\/06\/logo-header-ho-1.svg\",\"contentUrl\":\"https:\/\/www.ucatolica.edu.co\/portal\/wp-content\/uploads\/2021\/06\/logo-header-ho-1.svg\",\"width\":1,\"height\":1,\"caption\":\"Universidad Cat\u00f3lica de Colombia\"},\"image\":{\"@id\":\"https:\/\/www.ucatolica.edu.co\/portal\/#\/schema\/logo\/image\/\"},\"sameAs\":[\"https:\/\/www.facebook.com\/ucatolicacolombia\",\"https:\/\/x.com\/UCatolicaCol\",\"https:\/\/www.instagram.com\/universidadcatolicadecolombia\/\",\"https:\/\/www.linkedin.com\/company\/universidadcatolicadecolombia\/\",\"https:\/\/www.youtube.com\/user\/UCatolicaCo\"]},{\"@type\":\"Person\",\"@id\":\"https:\/\/www.ucatolica.edu.co\/portal\/#\/schema\/person\/2fe10d3836c8b18a520cbf458d96a728\",\"name\":\"Juan Jos\u00e9 Franco\",\"url\":\"https:\/\/www.ucatolica.edu.co\/portal\/author\/juan\/\"}]}<\/script>\n<!-- \/ Yoast SEO plugin. -->","yoast_head_json":{"title":"Inf\u00f3rmate sobre todo lo que necesitas saber para los grados universitarios - Universidad Cat\u00f3lica De Colombia","robots":{"index":"index","follow":"follow","max-snippet":"max-snippet:-1","max-image-preview":"max-image-preview:large","max-video-preview":"max-video-preview:-1"},"canonical":"https:\/\/www.ucatolica.edu.co\/portal\/informate-sobre-todo-lo-que-necesitas-saber-para-los-grados-universitarios\/","og_locale":"es_ES","og_type":"article","og_title":"Inf\u00f3rmate sobre todo lo que necesitas saber para los grados universitarios - Universidad Cat\u00f3lica De Colombia","og_description":"Celebramos el esfuerzo y dedicaci\u00f3n de nuestros estudiantes que obtendr\u00e1n su t\u00edtulo acad\u00e9mico en nuestra Universidad. Es por esto que, la Universidad Cat\u00f3lica de Colombia en nombre del Rector, Dr. Francisco Jos\u00e9 G\u00f3mez Ortiz, realizar\u00e1 de manera presencial, las ceremonias de grado del 24 al 26 de septiembre de 2025 en el Centro de Convenciones [&hellip;]","og_url":"https:\/\/www.ucatolica.edu.co\/portal\/informate-sobre-todo-lo-que-necesitas-saber-para-los-grados-universitarios\/","og_site_name":"Universidad Cat\u00f3lica De Colombia","article_publisher":"https:\/\/www.facebook.com\/ucatolicacolombia","article_published_time":"2025-09-24T15:09:41+00:00","article_modified_time":"2025-09-26T19:40:13+00:00","og_image":[{"width":870,"height":522,"url":"https:\/\/www.ucatolica.edu.co\/portal\/wp-content\/uploads\/2025\/08\/Graduandos-de-la-UCatolicaCo.png","type":"image\/png"}],"author":"Juan Jos\u00e9 Franco","twitter_card":"summary_large_image","twitter_creator":"@UCatolicaCol","twitter_site":"@UCatolicaCol","twitter_misc":{"Escrito por":"Juan Jos\u00e9 Franco","Tiempo de lectura":"5 minutos"},"schema":{"@context":"https:\/\/schema.org","@graph":[{"@type":"Article","@id":"https:\/\/www.ucatolica.edu.co\/portal\/informate-sobre-todo-lo-que-necesitas-saber-para-los-grados-universitarios\/#article","isPartOf":{"@id":"https:\/\/www.ucatolica.edu.co\/portal\/informate-sobre-todo-lo-que-necesitas-saber-para-los-grados-universitarios\/"},"author":{"name":"Juan Jos\u00e9 Franco","@id":"https:\/\/www.ucatolica.edu.co\/portal\/#\/schema\/person\/2fe10d3836c8b18a520cbf458d96a728"},"headline":"Inf\u00f3rmate sobre todo lo que necesitas saber para los grados universitarios","datePublished":"2025-09-24T15:09:41+00:00","dateModified":"2025-09-26T19:40:13+00:00","mainEntityOfPage":{"@id":"https:\/\/www.ucatolica.edu.co\/portal\/informate-sobre-todo-lo-que-necesitas-saber-para-los-grados-universitarios\/"},"wordCount":1006,"commentCount":0,"publisher":{"@id":"https:\/\/www.ucatolica.edu.co\/portal\/#organization"},"image":{"@id":"https:\/\/www.ucatolica.edu.co\/portal\/informate-sobre-todo-lo-que-necesitas-saber-para-los-grados-universitarios\/#primaryimage"},"thumbnailUrl":"https:\/\/www.ucatolica.edu.co\/portal\/wp-content\/uploads\/2025\/08\/Graduandos-de-la-UCatolicaCo.png","keywords":["Ceremonia de grados","Grados","Universidad Cat\u00f3lica de Colombia"],"articleSection":["Noticias Principales"],"inLanguage":"es-CO"},{"@type":"WebPage","@id":"https:\/\/www.ucatolica.edu.co\/portal\/informate-sobre-todo-lo-que-necesitas-saber-para-los-grados-universitarios\/","url":"https:\/\/www.ucatolica.edu.co\/portal\/informate-sobre-todo-lo-que-necesitas-saber-para-los-grados-universitarios\/","name":"Inf\u00f3rmate sobre todo lo que necesitas saber para los grados universitarios - Universidad Cat\u00f3lica De Colombia","isPartOf":{"@id":"https:\/\/www.ucatolica.edu.co\/portal\/#website"},"primaryImageOfPage":{"@id":"https:\/\/www.ucatolica.edu.co\/portal\/informate-sobre-todo-lo-que-necesitas-saber-para-los-grados-universitarios\/#primaryimage"},"image":{"@id":"https:\/\/www.ucatolica.edu.co\/portal\/informate-sobre-todo-lo-que-necesitas-saber-para-los-grados-universitarios\/#primaryimage"},"thumbnailUrl":"https:\/\/www.ucatolica.edu.co\/portal\/wp-content\/uploads\/2025\/08\/Graduandos-de-la-UCatolicaCo.png","datePublished":"2025-09-24T15:09:41+00:00","dateModified":"2025-09-26T19:40:13+00:00","breadcrumb":{"@id":"https:\/\/www.ucatolica.edu.co\/portal\/informate-sobre-todo-lo-que-necesitas-saber-para-los-grados-universitarios\/#breadcrumb"},"inLanguage":"es-CO","potentialAction":[{"@type":"ReadAction","target":["https:\/\/www.ucatolica.edu.co\/portal\/informate-sobre-todo-lo-que-necesitas-saber-para-los-grados-universitarios\/"]}]},{"@type":"ImageObject","inLanguage":"es-CO","@id":"https:\/\/www.ucatolica.edu.co\/portal\/informate-sobre-todo-lo-que-necesitas-saber-para-los-grados-universitarios\/#primaryimage","url":"https:\/\/www.ucatolica.edu.co\/portal\/wp-content\/uploads\/2025\/08\/Graduandos-de-la-UCatolicaCo.png","contentUrl":"https:\/\/www.ucatolica.edu.co\/portal\/wp-content\/uploads\/2025\/08\/Graduandos-de-la-UCatolicaCo.png","width":870,"height":522},{"@type":"BreadcrumbList","@id":"https:\/\/www.ucatolica.edu.co\/portal\/informate-sobre-todo-lo-que-necesitas-saber-para-los-grados-universitarios\/#breadcrumb","itemListElement":[{"@type":"ListItem","position":1,"name":"Inicio","item":"https:\/\/www.ucatolica.edu.co\/portal\/"},{"@type":"ListItem","position":2,"name":"Inf\u00f3rmate sobre todo lo que necesitas saber para los grados universitarios"}]},{"@type":"WebSite","@id":"https:\/\/www.ucatolica.edu.co\/portal\/#website","url":"https:\/\/www.ucatolica.edu.co\/portal\/","name":"Universidad Cat\u00f3lica De Colombia","description":"Universidad Cat\u00f3lica De Colombia","publisher":{"@id":"https:\/\/www.ucatolica.edu.co\/portal\/#organization"},"potentialAction":[{"@type":"SearchAction","target":{"@type":"EntryPoint","urlTemplate":"https:\/\/www.ucatolica.edu.co\/portal\/?s={search_term_string}"},"query-input":{"@type":"PropertyValueSpecification","valueRequired":true,"valueName":"search_term_string"}}],"inLanguage":"es-CO"},{"@type":"Organization","@id":"https:\/\/www.ucatolica.edu.co\/portal\/#organization","name":"Universidad Cat\u00f3lica de Colombia","url":"https:\/\/www.ucatolica.edu.co\/portal\/","logo":{"@type":"ImageObject","inLanguage":"es-CO","@id":"https:\/\/www.ucatolica.edu.co\/portal\/#\/schema\/logo\/image\/","url":"https:\/\/www.ucatolica.edu.co\/portal\/wp-content\/uploads\/2021\/06\/logo-header-ho-1.svg","contentUrl":"https:\/\/www.ucatolica.edu.co\/portal\/wp-content\/uploads\/2021\/06\/logo-header-ho-1.svg","width":1,"height":1,"caption":"Universidad Cat\u00f3lica de Colombia"},"image":{"@id":"https:\/\/www.ucatolica.edu.co\/portal\/#\/schema\/logo\/image\/"},"sameAs":["https:\/\/www.facebook.com\/ucatolicacolombia","https:\/\/x.com\/UCatolicaCol","https:\/\/www.instagram.com\/universidadcatolicadecolombia\/","https:\/\/www.linkedin.com\/company\/universidadcatolicadecolombia\/","https:\/\/www.youtube.com\/user\/UCatolicaCo"]},{"@type":"Person","@id":"https:\/\/www.ucatolica.edu.co\/portal\/#\/schema\/person\/2fe10d3836c8b18a520cbf458d96a728","name":"Juan Jos\u00e9 Franco","url":"https:\/\/www.ucatolica.edu.co\/portal\/author\/juan\/"}]}},"author_meta":{"display_name":"Juan Jos\u00e9 Franco","author_link":"https:\/\/www.ucatolica.edu.co\/portal\/author\/juan\/"},"featured_img":"https:\/\/www.ucatolica.edu.co\/portal\/wp-content\/uploads\/2025\/08\/Graduandos-de-la-UCatolicaCo.png","coauthors":[],"tax_additional":{"categories":{"linked":["<a href=\"https:\/\/www.ucatolica.edu.co\/portal\/category\/noticias-principales\/\" class=\"advgb-post-tax-term\">Noticias Principales<\/a>"],"unlinked":["<span class=\"advgb-post-tax-term\">Noticias Principales<\/span>"]},"tags":{"linked":["<a href=\"https:\/\/www.ucatolica.edu.co\/portal\/category\/noticias-principales\/\" class=\"advgb-post-tax-term\">Ceremonia de grados<\/a>","<a href=\"https:\/\/www.ucatolica.edu.co\/portal\/category\/noticias-principales\/\" class=\"advgb-post-tax-term\">Grados<\/a>","<a href=\"https:\/\/www.ucatolica.edu.co\/portal\/category\/noticias-principales\/\" class=\"advgb-post-tax-term\">Universidad Cat\u00f3lica de Colombia<\/a>"],"unlinked":["<span class=\"advgb-post-tax-term\">Ceremonia de grados<\/span>","<span class=\"advgb-post-tax-term\">Grados<\/span>","<span class=\"advgb-post-tax-term\">Universidad Cat\u00f3lica de Colombia<\/span>"]}},"comment_count":"0","relative_dates":{"created":"Posted 7 meses ago","modified":"Updated 7 meses ago"},"absolute_dates":{"created":"Posted on 24 septiembre, 2025","modified":"Updated on 26 septiembre, 2025"},"absolute_dates_time":{"created":"Posted on 24 septiembre, 2025 10:09 am","modified":"Updated on 26 septiembre, 2025 2:40 pm"},"featured_img_caption":"","series_order":"","_links":{"self":[{"href":"https:\/\/www.ucatolica.edu.co\/portal\/wp-json\/wp\/v2\/posts\/121165","targetHints":{"allow":["GET"]}}],"collection":[{"href":"https:\/\/www.ucatolica.edu.co\/portal\/wp-json\/wp\/v2\/posts"}],"about":[{"href":"https:\/\/www.ucatolica.edu.co\/portal\/wp-json\/wp\/v2\/types\/post"}],"author":[{"embeddable":true,"href":"https:\/\/www.ucatolica.edu.co\/portal\/wp-json\/wp\/v2\/users\/65"}],"replies":[{"embeddable":true,"href":"https:\/\/www.ucatolica.edu.co\/portal\/wp-json\/wp\/v2\/comments?post=121165"}],"version-history":[{"count":25,"href":"https:\/\/www.ucatolica.edu.co\/portal\/wp-json\/wp\/v2\/posts\/121165\/revisions"}],"predecessor-version":[{"id":122746,"href":"https:\/\/www.ucatolica.edu.co\/portal\/wp-json\/wp\/v2\/posts\/121165\/revisions\/122746"}],"wp:featuredmedia":[{"embeddable":true,"href":"https:\/\/www.ucatolica.edu.co\/portal\/wp-json\/wp\/v2\/media\/121179"}],"wp:attachment":[{"href":"https:\/\/www.ucatolica.edu.co\/portal\/wp-json\/wp\/v2\/media?parent=121165"}],"wp:term":[{"taxonomy":"category","embeddable":true,"href":"https:\/\/www.ucatolica.edu.co\/portal\/wp-json\/wp\/v2\/categories?post=121165"},{"taxonomy":"post_tag","embeddable":true,"href":"https:\/\/www.ucatolica.edu.co\/portal\/wp-json\/wp\/v2\/tags?post=121165"}],"curies":[{"name":"wp","href":"https:\/\/api.w.org\/{rel}","templated":true}]}}