{"id":121218,"date":"2025-08-12T17:14:30","date_gmt":"2025-08-12T22:14:30","guid":{"rendered":"https:\/\/www.ucatolica.edu.co\/portal\/?p=121218"},"modified":"2025-08-22T10:33:16","modified_gmt":"2025-08-22T15:33:16","slug":"explora-transforma-y-conecta-vive-la-jornada-de-inmersion-en-ia-en-la-universidad-catolica-de-colombia","status":"publish","type":"post","link":"https:\/\/www.ucatolica.edu.co\/portal\/explora-transforma-y-conecta-vive-la-jornada-de-inmersion-en-ia-en-la-universidad-catolica-de-colombia\/","title":{"rendered":"Explora, transforma y conecta: vive la Jornada de Inmersi\u00f3n en Inteligencia Artificial (IA)"},"content":{"rendered":"\n<p>La Universidad Cat\u00f3lica de Colombia invita a la comunidad interna y externa a participar en la <strong>Jornada de Inmersi\u00f3n en Inteligencia Artificial<\/strong>, un evento acad\u00e9mico, pr\u00e1ctico y transformador que se desarrollar\u00e1 del <strong>25 al 29 de agosto de 2025<\/strong> en el Centro de Convenciones de la Instituci\u00f3n.<\/p>\n\n\n\n<p>Este encuentro, dirigido a estudiantes, docentes, administrativos, egresados y p\u00fablico externo, busca generar apropiaci\u00f3n cr\u00edtica, \u00e9tica y creativa de la <strong>Inteligencia Artificial (IA)<\/strong> como herramienta clave en la evoluci\u00f3n del conocimiento, la gesti\u00f3n institucional y el bienestar colectivo.<\/p>\n\n\n\n<p><strong>Una experiencia transformadora al servicio de la comunidad universitaria y del pa\u00eds<\/strong><\/p>\n\n\n\n<p>El evento se articula con los objetivos institucionales de innovaci\u00f3n educativa, mejora de procesos y fortalecimiento del bienestar. A trav\u00e9s de conferencias magistrales, talleres pr\u00e1cticos, espacios de reflexi\u00f3n y el lanzamiento de la <strong>Pol\u00edtica de Inteligencia Artificial UCdeC<\/strong>, se buscar\u00e1 impulsar una cultura de uso responsable, \u00e9tico y humano de esta tecnolog\u00eda en todos los \u00e1mbitos de la vida universitaria.<\/p>\n\n\n\n<p><em>\u201cLa IA no sustituye al ser humano: lo complementa. Esta semana busca sembrar una semilla de conciencia cr\u00edtica, para que podamos avanzar como universidad en su aplicaci\u00f3n \u00e9tica, eficaz y transformadora<\/em>\u201d, afirma <strong>Jairo Becerra<\/strong>, director del Centro de Investigaciones Socio Jur\u00eddicas (CISJUC) de la Universidad Cat\u00f3lica de Colombia.<\/p>\n\n\n\n<p><strong>Objetivos del evento<\/strong><\/p>\n\n\n\n<ul class=\"wp-block-list\">\n<li><strong>Dinamizar procesos acad\u00e9micos y administrativos<\/strong> a trav\u00e9s del uso estrat\u00e9gico de la IA.<\/li>\n\n\n\n<li><strong>Actualizar competencias profesionales y pedag\u00f3gicas<\/strong> en torno al uso \u00e9tico de estas herramientas.<\/li>\n\n\n\n<li><strong>Conectar a los egresados<\/strong> con el desarrollo tecnol\u00f3gico de su alma mater, generando un reencuentro emocional y profesional.<\/li>\n\n\n\n<li><strong>Inspirar a estudiantes y p\u00fablico externo<\/strong> a comprender el impacto de la IA en sus carreras y en la sociedad.<\/li>\n<\/ul>\n\n\n\n<p><strong>Conferencistas internacionales y nacionales de primer nivel<\/strong><\/p>\n\n\n\n<p>El evento contar\u00e1 con expertos reconocidos en inteligencia artificial, derecho digital, educaci\u00f3n, periodismo y an\u00e1lisis de datos, entre ellos:<br><\/p>\n\n\n\n<ul class=\"wp-block-list\">\n<li><strong>Dr. Lorenzo Cotino Hueso<\/strong> \u2013 Presidente de la Agencia Espa\u00f1ola de Protecci\u00f3n de Datos (AEPD)<\/li>\n\n\n\n<li><strong>Dra. Paula Ram\u00edrez<\/strong> \u2013 Doctora en Derecho Penal y consultora internacional en IA<\/li>\n\n\n\n<li><strong>Dr. Jairo Andr\u00e9s Becerra<\/strong> \u2013 director del Centro de Investigaciones Socio Jur\u00eddicas (CISJUC) de la Universidad Cat\u00f3lica de Colombia.<\/li>\n\n\n\n<li><strong>Holman Bol\u00edvar<\/strong> y <strong>John Velandia<\/strong> \u2013 Expertos en tecnolog\u00edas aplicadas a la educaci\u00f3n<\/li>\n\n\n\n<li><strong>Camilo Rojas<\/strong> \u2013 director Global de Ventas de IBM Watsonx<\/li>\n\n\n\n<li><strong>Juli\u00e1n Marcelo Rodr\u00edguez<\/strong> \u2013 Investigador en medios hispanos y tecnolog\u00edas en UTA (EE.UU.)<\/li>\n<\/ul>\n\n\n\n<p><strong>Agenda general<\/strong><\/p>\n\n\n\n<ul class=\"wp-block-list\">\n<li><strong>D\u00eda 1 \u2013 25 de agosto<\/strong><br><em>Jornada acad\u00e9mica<\/em> \u2013 Auditorio Sede 4 | Transmisi\u00f3n en vivo por YouTube<br><strong><a href=\"https:\/\/ucatolica.zohobackstage.com\/SemanadelainmersinenlaIA#\/?lang=es\" target=\"_blank\" rel=\"noreferrer noopener\"><br>Inscr\u00edbete a las conferencias aqu\u00ed<\/a><\/strong><br><\/li>\n<\/ul>\n\n\n\n<figure class=\"wp-block-table\"><table class=\"has-fixed-layout\"><thead><tr><td><strong>Hora<\/strong><\/td><td><strong>Tema<\/strong><\/td><td><strong>Conferencista<\/strong><\/td><\/tr><\/thead><tbody><tr><td>9:20 a.m.<\/td><td>Inteligencia Artificial, tendencias y porvenir<\/td><td>Dr. Lorenzo Cotino<\/td><\/tr><tr><td>10:00 a.m.<\/td><td>Uso \u00e9tico y responsable de la IA<\/td><td>Dr. Jairo Becerra<\/td><\/tr><tr><td>11:00 a.m.<\/td><td>Herramientas IA en educaci\u00f3n<\/td><td>Ing. Holman Bol\u00edvar &#8211; Ing. John Velandia<\/td><\/tr><tr><td>2:30 p.m.<\/td><td>Agentes IA y su impacto en las organizaciones<\/td><td>Dr. Camilo Rojas<\/td><\/tr><tr><td>3:20 p.m.<\/td><td>IA y Derechos Humanos<\/td><td>Dra. Paula Ram\u00edrez<\/td><\/tr><\/tbody><\/table><\/figure>\n\n\n\n<ul class=\"wp-block-list\">\n<li><strong>D\u00edas 2 y 3 \u2013 26 y 27 de agosto<\/strong><br><em>Workshops personalizados<\/em> con unidades acad\u00e9micas y administrativas<br><\/li>\n\n\n\n<li><strong>D\u00eda 4 \u2013 28 de agosto<\/strong><br><em>Elaboraci\u00f3n del informe acad\u00e9mico<br><\/em><\/li>\n\n\n\n<li><strong>D\u00eda 5 \u2013 29 de agosto<\/strong><br><em>Cierre estrat\u00e9gico con el equipo directivo de la Universidad Cat\u00f3lica de Colombia<\/em><\/li>\n<\/ul>\n\n\n\n<p><\/p>\n\n\n\n<p><strong>Sobre la Pol\u00edtica Institucional de Inteligencia Artificial UCdeC<\/strong><\/p>\n\n\n\n<p>Durante el evento se lanzar\u00e1 oficialmente la <strong>Pol\u00edtica de Inteligencia Artificial<\/strong> de la universidad, basada en el <strong>respeto por los derechos fundamentales, la protecci\u00f3n de datos, la propiedad intelectual y la gobernanza institucional<\/strong>, alineada con el marco jur\u00eddico colombiano e internacional.<\/p>\n\n\n\n<p><strong>\u00a1<a href=\"https:\/\/forms.zohopublic.com\/Ucatolica\/form\/EventRegistration\/formperma\/f_n7QbxA0G-UoaBh3eySfe1Q0DZLLzj0Al2z61K9EJI\" target=\"_blank\" rel=\"noreferrer noopener\">Inscr\u00edbete<\/a> y activa tu futuro!<\/strong><\/p>\n\n\n\n<p>La IA ya es parte del presente. Esta es la oportunidad de descubrir c\u00f3mo potenciar tu rol desde la gesti\u00f3n, la docencia, el aprendizaje o la pr\u00e1ctica profesional con herramientas que transforman la manera de crear, conectar y decidir.<\/p>\n\n\n\n<p>\u00a1Te esperamos!<br><br>#IAconprop\u00f3sito<\/p>\n","protected":false},"excerpt":{"rendered":"<p>La Universidad Cat\u00f3lica de Colombia invita a la comunidad interna y externa a participar en la Jornada de Inmersi\u00f3n en Inteligencia Artificial, un evento acad\u00e9mico, pr\u00e1ctico y transformador que se desarrollar\u00e1 del 25 al 29 de agosto de 2025 en el Centro de Convenciones de la Instituci\u00f3n. Este encuentro, dirigido a estudiantes, docentes, administrativos, egresados [&hellip;]<\/p>\n","protected":false},"author":4,"featured_media":121219,"comment_status":"open","ping_status":"open","sticky":false,"template":"","format":"standard","meta":{"_acf_changed":false,"advgb_blocks_editor_width":"","advgb_blocks_columns_visual_guide":"","footnotes":""},"categories":[93],"tags":[3234,3271,143,1451,3270],"class_list":["post-121218","post","type-post","status-publish","format-standard","has-post-thumbnail","hentry","category-noticias-principales","tag-analisis-de-datos","tag-derecho-digital","tag-educacion","tag-inteligencia-artificial","tag-jornada-de-inmersion-en-ia"],"acf":[],"yoast_head":"<!-- This site is optimized with the Yoast SEO plugin v26.7 - https:\/\/yoast.com\/wordpress\/plugins\/seo\/ -->\n<title>Explora, transforma y conecta: vive la Jornada de Inmersi\u00f3n en Inteligencia Artificial (IA) - Universidad Cat\u00f3lica De Colombia<\/title>\n<meta name=\"robots\" content=\"index, follow, max-snippet:-1, max-image-preview:large, max-video-preview:-1\" \/>\n<link rel=\"canonical\" href=\"https:\/\/www.ucatolica.edu.co\/portal\/explora-transforma-y-conecta-vive-la-jornada-de-inmersion-en-ia-en-la-universidad-catolica-de-colombia\/\" \/>\n<meta property=\"og:locale\" content=\"es_ES\" \/>\n<meta property=\"og:type\" content=\"article\" \/>\n<meta property=\"og:title\" content=\"Explora, transforma y conecta: vive la Jornada de Inmersi\u00f3n en Inteligencia Artificial (IA) - Universidad Cat\u00f3lica De Colombia\" \/>\n<meta property=\"og:description\" content=\"La Universidad Cat\u00f3lica de Colombia invita a la comunidad interna y externa a participar en la Jornada de Inmersi\u00f3n en Inteligencia Artificial, un evento acad\u00e9mico, pr\u00e1ctico y transformador que se desarrollar\u00e1 del 25 al 29 de agosto de 2025 en el Centro de Convenciones de la Instituci\u00f3n. Este encuentro, dirigido a estudiantes, docentes, administrativos, egresados [&hellip;]\" \/>\n<meta property=\"og:url\" content=\"https:\/\/www.ucatolica.edu.co\/portal\/explora-transforma-y-conecta-vive-la-jornada-de-inmersion-en-ia-en-la-universidad-catolica-de-colombia\/\" \/>\n<meta property=\"og:site_name\" content=\"Universidad Cat\u00f3lica De Colombia\" \/>\n<meta property=\"article:publisher\" content=\"https:\/\/www.facebook.com\/ucatolicacolombia\" \/>\n<meta property=\"article:published_time\" content=\"2025-08-12T22:14:30+00:00\" \/>\n<meta property=\"article:modified_time\" content=\"2025-08-22T15:33:16+00:00\" \/>\n<meta property=\"og:image\" content=\"https:\/\/www.ucatolica.edu.co\/portal\/wp-content\/uploads\/2025\/08\/Semana-de-la-IA.jpg\" \/>\n\t<meta property=\"og:image:width\" content=\"870\" \/>\n\t<meta property=\"og:image:height\" content=\"522\" \/>\n\t<meta property=\"og:image:type\" content=\"image\/jpeg\" \/>\n<meta name=\"author\" content=\"Cindy Lugo\" \/>\n<meta name=\"twitter:card\" content=\"summary_large_image\" \/>\n<meta name=\"twitter:creator\" content=\"@UCatolicaCol\" \/>\n<meta name=\"twitter:site\" content=\"@UCatolicaCol\" \/>\n<meta name=\"twitter:label1\" content=\"Escrito por\" \/>\n\t<meta name=\"twitter:data1\" content=\"Cindy Lugo\" \/>\n\t<meta name=\"twitter:label2\" content=\"Tiempo de lectura\" \/>\n\t<meta name=\"twitter:data2\" content=\"3 minutos\" \/>\n<script type=\"application\/ld+json\" class=\"yoast-schema-graph\">{\"@context\":\"https:\/\/schema.org\",\"@graph\":[{\"@type\":\"Article\",\"@id\":\"https:\/\/www.ucatolica.edu.co\/portal\/explora-transforma-y-conecta-vive-la-jornada-de-inmersion-en-ia-en-la-universidad-catolica-de-colombia\/#article\",\"isPartOf\":{\"@id\":\"https:\/\/www.ucatolica.edu.co\/portal\/explora-transforma-y-conecta-vive-la-jornada-de-inmersion-en-ia-en-la-universidad-catolica-de-colombia\/\"},\"author\":{\"name\":\"Cindy Lugo\",\"@id\":\"https:\/\/www.ucatolica.edu.co\/portal\/#\/schema\/person\/a7469afff252fba81c6cdc40c80f00b6\"},\"headline\":\"Explora, transforma y conecta: vive la Jornada de Inmersi\u00f3n en Inteligencia Artificial (IA)\",\"datePublished\":\"2025-08-12T22:14:30+00:00\",\"dateModified\":\"2025-08-22T15:33:16+00:00\",\"mainEntityOfPage\":{\"@id\":\"https:\/\/www.ucatolica.edu.co\/portal\/explora-transforma-y-conecta-vive-la-jornada-de-inmersion-en-ia-en-la-universidad-catolica-de-colombia\/\"},\"wordCount\":661,\"commentCount\":0,\"publisher\":{\"@id\":\"https:\/\/www.ucatolica.edu.co\/portal\/#organization\"},\"image\":{\"@id\":\"https:\/\/www.ucatolica.edu.co\/portal\/explora-transforma-y-conecta-vive-la-jornada-de-inmersion-en-ia-en-la-universidad-catolica-de-colombia\/#primaryimage\"},\"thumbnailUrl\":\"https:\/\/www.ucatolica.edu.co\/portal\/wp-content\/uploads\/2025\/08\/Semana-de-la-IA.jpg\",\"keywords\":[\"An\u00e1lisis de datos\",\"Derecho digital\",\"Educaci\u00f3n\",\"Inteligencia Artificial\",\"Jornada de Inmersi\u00f3n en IA\"],\"articleSection\":[\"Noticias Principales\"],\"inLanguage\":\"es-CO\"},{\"@type\":\"WebPage\",\"@id\":\"https:\/\/www.ucatolica.edu.co\/portal\/explora-transforma-y-conecta-vive-la-jornada-de-inmersion-en-ia-en-la-universidad-catolica-de-colombia\/\",\"url\":\"https:\/\/www.ucatolica.edu.co\/portal\/explora-transforma-y-conecta-vive-la-jornada-de-inmersion-en-ia-en-la-universidad-catolica-de-colombia\/\",\"name\":\"Explora, transforma y conecta: vive la Jornada de Inmersi\u00f3n en Inteligencia Artificial (IA) - Universidad Cat\u00f3lica De Colombia\",\"isPartOf\":{\"@id\":\"https:\/\/www.ucatolica.edu.co\/portal\/#website\"},\"primaryImageOfPage\":{\"@id\":\"https:\/\/www.ucatolica.edu.co\/portal\/explora-transforma-y-conecta-vive-la-jornada-de-inmersion-en-ia-en-la-universidad-catolica-de-colombia\/#primaryimage\"},\"image\":{\"@id\":\"https:\/\/www.ucatolica.edu.co\/portal\/explora-transforma-y-conecta-vive-la-jornada-de-inmersion-en-ia-en-la-universidad-catolica-de-colombia\/#primaryimage\"},\"thumbnailUrl\":\"https:\/\/www.ucatolica.edu.co\/portal\/wp-content\/uploads\/2025\/08\/Semana-de-la-IA.jpg\",\"datePublished\":\"2025-08-12T22:14:30+00:00\",\"dateModified\":\"2025-08-22T15:33:16+00:00\",\"breadcrumb\":{\"@id\":\"https:\/\/www.ucatolica.edu.co\/portal\/explora-transforma-y-conecta-vive-la-jornada-de-inmersion-en-ia-en-la-universidad-catolica-de-colombia\/#breadcrumb\"},\"inLanguage\":\"es-CO\",\"potentialAction\":[{\"@type\":\"ReadAction\",\"target\":[\"https:\/\/www.ucatolica.edu.co\/portal\/explora-transforma-y-conecta-vive-la-jornada-de-inmersion-en-ia-en-la-universidad-catolica-de-colombia\/\"]}]},{\"@type\":\"ImageObject\",\"inLanguage\":\"es-CO\",\"@id\":\"https:\/\/www.ucatolica.edu.co\/portal\/explora-transforma-y-conecta-vive-la-jornada-de-inmersion-en-ia-en-la-universidad-catolica-de-colombia\/#primaryimage\",\"url\":\"https:\/\/www.ucatolica.edu.co\/portal\/wp-content\/uploads\/2025\/08\/Semana-de-la-IA.jpg\",\"contentUrl\":\"https:\/\/www.ucatolica.edu.co\/portal\/wp-content\/uploads\/2025\/08\/Semana-de-la-IA.jpg\",\"width\":870,\"height\":522,\"caption\":\"Jornada de la IA\"},{\"@type\":\"BreadcrumbList\",\"@id\":\"https:\/\/www.ucatolica.edu.co\/portal\/explora-transforma-y-conecta-vive-la-jornada-de-inmersion-en-ia-en-la-universidad-catolica-de-colombia\/#breadcrumb\",\"itemListElement\":[{\"@type\":\"ListItem\",\"position\":1,\"name\":\"Inicio\",\"item\":\"https:\/\/www.ucatolica.edu.co\/portal\/\"},{\"@type\":\"ListItem\",\"position\":2,\"name\":\"Explora, transforma y conecta: vive la Jornada de Inmersi\u00f3n en Inteligencia Artificial (IA)\"}]},{\"@type\":\"WebSite\",\"@id\":\"https:\/\/www.ucatolica.edu.co\/portal\/#website\",\"url\":\"https:\/\/www.ucatolica.edu.co\/portal\/\",\"name\":\"Universidad Cat\u00f3lica De Colombia\",\"description\":\"Universidad Cat\u00f3lica De Colombia\",\"publisher\":{\"@id\":\"https:\/\/www.ucatolica.edu.co\/portal\/#organization\"},\"potentialAction\":[{\"@type\":\"SearchAction\",\"target\":{\"@type\":\"EntryPoint\",\"urlTemplate\":\"https:\/\/www.ucatolica.edu.co\/portal\/?s={search_term_string}\"},\"query-input\":{\"@type\":\"PropertyValueSpecification\",\"valueRequired\":true,\"valueName\":\"search_term_string\"}}],\"inLanguage\":\"es-CO\"},{\"@type\":\"Organization\",\"@id\":\"https:\/\/www.ucatolica.edu.co\/portal\/#organization\",\"name\":\"Universidad Cat\u00f3lica de Colombia\",\"url\":\"https:\/\/www.ucatolica.edu.co\/portal\/\",\"logo\":{\"@type\":\"ImageObject\",\"inLanguage\":\"es-CO\",\"@id\":\"https:\/\/www.ucatolica.edu.co\/portal\/#\/schema\/logo\/image\/\",\"url\":\"https:\/\/www.ucatolica.edu.co\/portal\/wp-content\/uploads\/2021\/06\/logo-header-ho-1.svg\",\"contentUrl\":\"https:\/\/www.ucatolica.edu.co\/portal\/wp-content\/uploads\/2021\/06\/logo-header-ho-1.svg\",\"width\":1,\"height\":1,\"caption\":\"Universidad Cat\u00f3lica de Colombia\"},\"image\":{\"@id\":\"https:\/\/www.ucatolica.edu.co\/portal\/#\/schema\/logo\/image\/\"},\"sameAs\":[\"https:\/\/www.facebook.com\/ucatolicacolombia\",\"https:\/\/x.com\/UCatolicaCol\",\"https:\/\/www.instagram.com\/universidadcatolicadecolombia\/\",\"https:\/\/www.linkedin.com\/company\/universidadcatolicadecolombia\/\",\"https:\/\/www.youtube.com\/user\/UCatolicaCo\"]},{\"@type\":\"Person\",\"@id\":\"https:\/\/www.ucatolica.edu.co\/portal\/#\/schema\/person\/a7469afff252fba81c6cdc40c80f00b6\",\"name\":\"Cindy Lugo\",\"url\":\"https:\/\/www.ucatolica.edu.co\/portal\/author\/cindy\/\"}]}<\/script>\n<!-- \/ Yoast SEO plugin. -->","yoast_head_json":{"title":"Explora, transforma y conecta: vive la Jornada de Inmersi\u00f3n en Inteligencia Artificial (IA) - Universidad Cat\u00f3lica De Colombia","robots":{"index":"index","follow":"follow","max-snippet":"max-snippet:-1","max-image-preview":"max-image-preview:large","max-video-preview":"max-video-preview:-1"},"canonical":"https:\/\/www.ucatolica.edu.co\/portal\/explora-transforma-y-conecta-vive-la-jornada-de-inmersion-en-ia-en-la-universidad-catolica-de-colombia\/","og_locale":"es_ES","og_type":"article","og_title":"Explora, transforma y conecta: vive la Jornada de Inmersi\u00f3n en Inteligencia Artificial (IA) - Universidad Cat\u00f3lica De Colombia","og_description":"La Universidad Cat\u00f3lica de Colombia invita a la comunidad interna y externa a participar en la Jornada de Inmersi\u00f3n en Inteligencia Artificial, un evento acad\u00e9mico, pr\u00e1ctico y transformador que se desarrollar\u00e1 del 25 al 29 de agosto de 2025 en el Centro de Convenciones de la Instituci\u00f3n. Este encuentro, dirigido a estudiantes, docentes, administrativos, egresados [&hellip;]","og_url":"https:\/\/www.ucatolica.edu.co\/portal\/explora-transforma-y-conecta-vive-la-jornada-de-inmersion-en-ia-en-la-universidad-catolica-de-colombia\/","og_site_name":"Universidad Cat\u00f3lica De Colombia","article_publisher":"https:\/\/www.facebook.com\/ucatolicacolombia","article_published_time":"2025-08-12T22:14:30+00:00","article_modified_time":"2025-08-22T15:33:16+00:00","og_image":[{"width":870,"height":522,"url":"https:\/\/www.ucatolica.edu.co\/portal\/wp-content\/uploads\/2025\/08\/Semana-de-la-IA.jpg","type":"image\/jpeg"}],"author":"Cindy Lugo","twitter_card":"summary_large_image","twitter_creator":"@UCatolicaCol","twitter_site":"@UCatolicaCol","twitter_misc":{"Escrito por":"Cindy Lugo","Tiempo de lectura":"3 minutos"},"schema":{"@context":"https:\/\/schema.org","@graph":[{"@type":"Article","@id":"https:\/\/www.ucatolica.edu.co\/portal\/explora-transforma-y-conecta-vive-la-jornada-de-inmersion-en-ia-en-la-universidad-catolica-de-colombia\/#article","isPartOf":{"@id":"https:\/\/www.ucatolica.edu.co\/portal\/explora-transforma-y-conecta-vive-la-jornada-de-inmersion-en-ia-en-la-universidad-catolica-de-colombia\/"},"author":{"name":"Cindy Lugo","@id":"https:\/\/www.ucatolica.edu.co\/portal\/#\/schema\/person\/a7469afff252fba81c6cdc40c80f00b6"},"headline":"Explora, transforma y conecta: vive la Jornada de Inmersi\u00f3n en Inteligencia Artificial (IA)","datePublished":"2025-08-12T22:14:30+00:00","dateModified":"2025-08-22T15:33:16+00:00","mainEntityOfPage":{"@id":"https:\/\/www.ucatolica.edu.co\/portal\/explora-transforma-y-conecta-vive-la-jornada-de-inmersion-en-ia-en-la-universidad-catolica-de-colombia\/"},"wordCount":661,"commentCount":0,"publisher":{"@id":"https:\/\/www.ucatolica.edu.co\/portal\/#organization"},"image":{"@id":"https:\/\/www.ucatolica.edu.co\/portal\/explora-transforma-y-conecta-vive-la-jornada-de-inmersion-en-ia-en-la-universidad-catolica-de-colombia\/#primaryimage"},"thumbnailUrl":"https:\/\/www.ucatolica.edu.co\/portal\/wp-content\/uploads\/2025\/08\/Semana-de-la-IA.jpg","keywords":["An\u00e1lisis de datos","Derecho digital","Educaci\u00f3n","Inteligencia Artificial","Jornada de Inmersi\u00f3n en IA"],"articleSection":["Noticias Principales"],"inLanguage":"es-CO"},{"@type":"WebPage","@id":"https:\/\/www.ucatolica.edu.co\/portal\/explora-transforma-y-conecta-vive-la-jornada-de-inmersion-en-ia-en-la-universidad-catolica-de-colombia\/","url":"https:\/\/www.ucatolica.edu.co\/portal\/explora-transforma-y-conecta-vive-la-jornada-de-inmersion-en-ia-en-la-universidad-catolica-de-colombia\/","name":"Explora, transforma y conecta: vive la Jornada de Inmersi\u00f3n en Inteligencia Artificial (IA) - Universidad Cat\u00f3lica De Colombia","isPartOf":{"@id":"https:\/\/www.ucatolica.edu.co\/portal\/#website"},"primaryImageOfPage":{"@id":"https:\/\/www.ucatolica.edu.co\/portal\/explora-transforma-y-conecta-vive-la-jornada-de-inmersion-en-ia-en-la-universidad-catolica-de-colombia\/#primaryimage"},"image":{"@id":"https:\/\/www.ucatolica.edu.co\/portal\/explora-transforma-y-conecta-vive-la-jornada-de-inmersion-en-ia-en-la-universidad-catolica-de-colombia\/#primaryimage"},"thumbnailUrl":"https:\/\/www.ucatolica.edu.co\/portal\/wp-content\/uploads\/2025\/08\/Semana-de-la-IA.jpg","datePublished":"2025-08-12T22:14:30+00:00","dateModified":"2025-08-22T15:33:16+00:00","breadcrumb":{"@id":"https:\/\/www.ucatolica.edu.co\/portal\/explora-transforma-y-conecta-vive-la-jornada-de-inmersion-en-ia-en-la-universidad-catolica-de-colombia\/#breadcrumb"},"inLanguage":"es-CO","potentialAction":[{"@type":"ReadAction","target":["https:\/\/www.ucatolica.edu.co\/portal\/explora-transforma-y-conecta-vive-la-jornada-de-inmersion-en-ia-en-la-universidad-catolica-de-colombia\/"]}]},{"@type":"ImageObject","inLanguage":"es-CO","@id":"https:\/\/www.ucatolica.edu.co\/portal\/explora-transforma-y-conecta-vive-la-jornada-de-inmersion-en-ia-en-la-universidad-catolica-de-colombia\/#primaryimage","url":"https:\/\/www.ucatolica.edu.co\/portal\/wp-content\/uploads\/2025\/08\/Semana-de-la-IA.jpg","contentUrl":"https:\/\/www.ucatolica.edu.co\/portal\/wp-content\/uploads\/2025\/08\/Semana-de-la-IA.jpg","width":870,"height":522,"caption":"Jornada de la IA"},{"@type":"BreadcrumbList","@id":"https:\/\/www.ucatolica.edu.co\/portal\/explora-transforma-y-conecta-vive-la-jornada-de-inmersion-en-ia-en-la-universidad-catolica-de-colombia\/#breadcrumb","itemListElement":[{"@type":"ListItem","position":1,"name":"Inicio","item":"https:\/\/www.ucatolica.edu.co\/portal\/"},{"@type":"ListItem","position":2,"name":"Explora, transforma y conecta: vive la Jornada de Inmersi\u00f3n en Inteligencia Artificial (IA)"}]},{"@type":"WebSite","@id":"https:\/\/www.ucatolica.edu.co\/portal\/#website","url":"https:\/\/www.ucatolica.edu.co\/portal\/","name":"Universidad Cat\u00f3lica De Colombia","description":"Universidad Cat\u00f3lica De Colombia","publisher":{"@id":"https:\/\/www.ucatolica.edu.co\/portal\/#organization"},"potentialAction":[{"@type":"SearchAction","target":{"@type":"EntryPoint","urlTemplate":"https:\/\/www.ucatolica.edu.co\/portal\/?s={search_term_string}"},"query-input":{"@type":"PropertyValueSpecification","valueRequired":true,"valueName":"search_term_string"}}],"inLanguage":"es-CO"},{"@type":"Organization","@id":"https:\/\/www.ucatolica.edu.co\/portal\/#organization","name":"Universidad Cat\u00f3lica de Colombia","url":"https:\/\/www.ucatolica.edu.co\/portal\/","logo":{"@type":"ImageObject","inLanguage":"es-CO","@id":"https:\/\/www.ucatolica.edu.co\/portal\/#\/schema\/logo\/image\/","url":"https:\/\/www.ucatolica.edu.co\/portal\/wp-content\/uploads\/2021\/06\/logo-header-ho-1.svg","contentUrl":"https:\/\/www.ucatolica.edu.co\/portal\/wp-content\/uploads\/2021\/06\/logo-header-ho-1.svg","width":1,"height":1,"caption":"Universidad Cat\u00f3lica de Colombia"},"image":{"@id":"https:\/\/www.ucatolica.edu.co\/portal\/#\/schema\/logo\/image\/"},"sameAs":["https:\/\/www.facebook.com\/ucatolicacolombia","https:\/\/x.com\/UCatolicaCol","https:\/\/www.instagram.com\/universidadcatolicadecolombia\/","https:\/\/www.linkedin.com\/company\/universidadcatolicadecolombia\/","https:\/\/www.youtube.com\/user\/UCatolicaCo"]},{"@type":"Person","@id":"https:\/\/www.ucatolica.edu.co\/portal\/#\/schema\/person\/a7469afff252fba81c6cdc40c80f00b6","name":"Cindy Lugo","url":"https:\/\/www.ucatolica.edu.co\/portal\/author\/cindy\/"}]}},"author_meta":{"display_name":"Cindy Lugo","author_link":"https:\/\/www.ucatolica.edu.co\/portal\/author\/cindy\/"},"featured_img":"https:\/\/www.ucatolica.edu.co\/portal\/wp-content\/uploads\/2025\/08\/Semana-de-la-IA.jpg","coauthors":[],"tax_additional":{"categories":{"linked":["<a href=\"https:\/\/www.ucatolica.edu.co\/portal\/category\/noticias-principales\/\" class=\"advgb-post-tax-term\">Noticias Principales<\/a>"],"unlinked":["<span class=\"advgb-post-tax-term\">Noticias Principales<\/span>"]},"tags":{"linked":["<a href=\"https:\/\/www.ucatolica.edu.co\/portal\/category\/noticias-principales\/\" class=\"advgb-post-tax-term\">An\u00e1lisis de datos<\/a>","<a href=\"https:\/\/www.ucatolica.edu.co\/portal\/category\/noticias-principales\/\" class=\"advgb-post-tax-term\">Derecho digital<\/a>","<a href=\"https:\/\/www.ucatolica.edu.co\/portal\/category\/noticias-principales\/\" class=\"advgb-post-tax-term\">Educaci\u00f3n<\/a>","<a href=\"https:\/\/www.ucatolica.edu.co\/portal\/category\/noticias-principales\/\" class=\"advgb-post-tax-term\">Inteligencia Artificial<\/a>","<a href=\"https:\/\/www.ucatolica.edu.co\/portal\/category\/noticias-principales\/\" class=\"advgb-post-tax-term\">Jornada de Inmersi\u00f3n en IA<\/a>"],"unlinked":["<span class=\"advgb-post-tax-term\">An\u00e1lisis de datos<\/span>","<span class=\"advgb-post-tax-term\">Derecho digital<\/span>","<span class=\"advgb-post-tax-term\">Educaci\u00f3n<\/span>","<span class=\"advgb-post-tax-term\">Inteligencia Artificial<\/span>","<span class=\"advgb-post-tax-term\">Jornada de Inmersi\u00f3n en IA<\/span>"]}},"comment_count":"0","relative_dates":{"created":"Posted 9 meses ago","modified":"Updated 8 meses ago"},"absolute_dates":{"created":"Posted on 12 agosto, 2025","modified":"Updated on 22 agosto, 2025"},"absolute_dates_time":{"created":"Posted on 12 agosto, 2025 5:14 pm","modified":"Updated on 22 agosto, 2025 10:33 am"},"featured_img_caption":"","series_order":"","_links":{"self":[{"href":"https:\/\/www.ucatolica.edu.co\/portal\/wp-json\/wp\/v2\/posts\/121218","targetHints":{"allow":["GET"]}}],"collection":[{"href":"https:\/\/www.ucatolica.edu.co\/portal\/wp-json\/wp\/v2\/posts"}],"about":[{"href":"https:\/\/www.ucatolica.edu.co\/portal\/wp-json\/wp\/v2\/types\/post"}],"author":[{"embeddable":true,"href":"https:\/\/www.ucatolica.edu.co\/portal\/wp-json\/wp\/v2\/users\/4"}],"replies":[{"embeddable":true,"href":"https:\/\/www.ucatolica.edu.co\/portal\/wp-json\/wp\/v2\/comments?post=121218"}],"version-history":[{"count":7,"href":"https:\/\/www.ucatolica.edu.co\/portal\/wp-json\/wp\/v2\/posts\/121218\/revisions"}],"predecessor-version":[{"id":121769,"href":"https:\/\/www.ucatolica.edu.co\/portal\/wp-json\/wp\/v2\/posts\/121218\/revisions\/121769"}],"wp:featuredmedia":[{"embeddable":true,"href":"https:\/\/www.ucatolica.edu.co\/portal\/wp-json\/wp\/v2\/media\/121219"}],"wp:attachment":[{"href":"https:\/\/www.ucatolica.edu.co\/portal\/wp-json\/wp\/v2\/media?parent=121218"}],"wp:term":[{"taxonomy":"category","embeddable":true,"href":"https:\/\/www.ucatolica.edu.co\/portal\/wp-json\/wp\/v2\/categories?post=121218"},{"taxonomy":"post_tag","embeddable":true,"href":"https:\/\/www.ucatolica.edu.co\/portal\/wp-json\/wp\/v2\/tags?post=121218"}],"curies":[{"name":"wp","href":"https:\/\/api.w.org\/{rel}","templated":true}]}}