{"id":121222,"date":"2025-08-14T17:27:31","date_gmt":"2025-08-14T22:27:31","guid":{"rendered":"https:\/\/www.ucatolica.edu.co\/portal\/?p=121222"},"modified":"2025-08-21T17:16:58","modified_gmt":"2025-08-21T22:16:58","slug":"universidad-catolica-de-colombia-fue-sede-del-segundo-encuentro-de-la-mesa-de-investigaciones-del-nodo-centro-rucc","status":"publish","type":"post","link":"https:\/\/www.ucatolica.edu.co\/portal\/universidad-catolica-de-colombia-fue-sede-del-segundo-encuentro-de-la-mesa-de-investigaciones-del-nodo-centro-rucc\/","title":{"rendered":"Universidad Cat\u00f3lica de Colombia fue sede del Encuentro de Rectores del Nodo Centro \u2013 RUCC"},"content":{"rendered":"\n<p>La Universidad Cat\u00f3lica de Colombia fue anfitriona del Encuentro de Rectores del Nodo Centro de la Red de Universidades Cat\u00f3licas \u2013 RUCC, realizado el pasado 11 de agosto, en el cual participaron rectores y delegados de diferentes instituciones que conforman el nodo, con el prop\u00f3sito de presentar los avances del plan de trabajo 2025 y socializar las propuestas de actividades que se desarrollar\u00e1n dentro del segundo semestre del a\u00f1o.<\/p>\n\n\n\n<p>En el encuentro, participaron los representantes de la Universidad de La Salle, Universidad La Gran Colombia, Universidad Monserrate, Pontificia Universidad Javeriana, Universidad de La Sabana, Universidad Santo Tom\u00e1s, Universidad San Buenaventura, Universitaria Uniagustiniana, Fundaci\u00f3n Universitaria San Mart\u00edn, Fundaci\u00f3n Universitaria San Alfonso, Fundaci\u00f3n Universitaria Cervantes San Agust\u00edn \u2013 Unicervantes y la Universidad Cat\u00f3lica de Colombia, instituci\u00f3n que actualmente, coordina el Nodo Centro.<\/p>\n\n\n\n<p>Durante la jornada, se revisaron los avances de las diferentes mesas: Responsabilidad Social Universitaria, Investigaciones, Pastoral y Comunicaci\u00f3n, destacando el compromiso del nodo de fortalecer impacto social, investigativo, acad\u00e9mico y espiritual de las universidades cat\u00f3licas.<\/p>\n\n\n\n<p>Dentro de los puntos clave, se encuentra la propuesta de la Mesa de Responsabilidad Social, coordinada por Daniel Garc\u00eda, Jefe de la Oficina de Fomento de la Responsabilidad Social de la Pontifica Universidad Javeriana, quienes tienen proyectado el evento \u201cHorizonte impacto: construyendo universidades cat\u00f3licas socialmente comprometidas\u201d, el cual busca fomentar el trabajo colaborativo, el impacto en territorio y fortalecer la metodolog\u00eda aprendizaje \u2013 servicio.<\/p>\n\n\n\n<figure class=\"wp-block-image size-full\"><img fetchpriority=\"high\" decoding=\"async\" width=\"870\" height=\"522\" src=\"https:\/\/www.ucatolica.edu.co\/portal\/wp-content\/uploads\/2025\/08\/Mesa-de-trabajo-1_1-2.png\" alt=\"\" class=\"wp-image-121487\" \/><\/figure>\n\n\n\n<p>Asimismo, desde la Mesa de Investigaciones, coordinada por Elyn Solano, Directora General de Investigaci\u00f3n de la Universidad de La Sabana, se present\u00f3 el primer avance del proceso de levantamiento de informaci\u00f3n y an\u00e1lisis interno sobre las investigaciones desarrolladas por las instituciones del Nodo Centro. Este ejercicio busca identificar fortalezas y \u00e1reas comunes que puedan proyectarse hacia oportunidades de financiamiento internacional, con el objetivo de presentar propuestas conjuntas como Red.<\/p>\n\n\n\n<p>La Mesa de Pastoral, coordinada por el Padre Andr\u00e9s Hern\u00e1ndez Caro, Director de Pastoral de la Pontificia Universidad Javeriana, nos comparti\u00f3 los resultados del evento realizado durante el primer semestre.<\/p>\n\n\n\n<p>Finalmente, la Mesa de Comunicaciones, coordinada por Claudia Garz\u00f3n, Directora de Teleamiga y Chistian Ferres, Asesor de Rector\u00eda de la Universidad La Gran Colombia, realizaron la invitaci\u00f3n al encuentro \u201cComunicaci\u00f3n con sentido\u201d, dirigido a decanos, directores de programa, l\u00edderes y funcionarios de comunicaciones de las Instituciones de Educaci\u00f3n Superior (IES) pertenecientes a la RUCC.<\/p>\n\n\n\n<p>Este encuentro reafirm\u00f3 el compromiso de las Universidades Cat\u00f3licas que integran el Nodo Centro, en la construcci\u00f3n de una red s\u00f3lida que trabaja para el desarrollo integral de la comunidad tanto acad\u00e9mica como externa. El rector de la Universidad Cat\u00f3lica de Colombia, Dr. Francisco G\u00f3mez Ortiz, agradeci\u00f3 la participaci\u00f3n de cada instituci\u00f3n y destac\u00f3 la importancia de estos espacios para articular la presencia de manera nacional e internacional.<\/p>\n\n\n\n<p><strong>Conozca los puntos claves del encuentro<\/strong><\/p>\n\n\n\n<figure class=\"wp-block-embed is-type-video is-provider-youtube wp-block-embed-youtube wp-embed-aspect-4-3 wp-has-aspect-ratio\"><div class=\"wp-block-embed__wrapper\">\n<div class=\"video-container\"><iframe title=\"RUCC entrevistas v2\" width=\"500\" height=\"281\" src=\"https:\/\/www.youtube.com\/embed\/DUc4D6lAfyU?feature=oembed\" frameborder=\"0\" allow=\"accelerometer; autoplay; clipboard-write; encrypted-media; gyroscope; picture-in-picture; web-share\" referrerpolicy=\"strict-origin-when-cross-origin\" allowfullscreen><\/iframe><\/div>\n<\/div><\/figure>\n","protected":false},"excerpt":{"rendered":"<p>La Universidad Cat\u00f3lica de Colombia fue anfitriona del Encuentro de Rectores del Nodo Centro de la Red de Universidades Cat\u00f3licas \u2013 RUCC, realizado el pasado 11 de agosto, en el cual participaron rectores y delegados de diferentes instituciones que conforman el nodo, con el prop\u00f3sito de presentar los avances del plan de trabajo 2025 y [&hellip;]<\/p>\n","protected":false},"author":64,"featured_media":121485,"comment_status":"open","ping_status":"open","sticky":false,"template":"","format":"standard","meta":{"_acf_changed":false,"advgb_blocks_editor_width":"","advgb_blocks_columns_visual_guide":"","footnotes":""},"categories":[93],"tags":[2332,2855,2185,3007,265],"class_list":["post-121222","post","type-post","status-publish","format-standard","has-post-thumbnail","hentry","category-noticias-principales","tag-comunicacion","tag-encuentro-de-la-red-de-universidades-catolicas-de-colombia-rucc","tag-encuentro-universitario","tag-mesa-de-investigaciones-del-nodo-centro-rucc","tag-universidad-catolica-de-colombia"],"acf":[],"yoast_head":"<!-- This site is optimized with the Yoast SEO plugin v26.7 - https:\/\/yoast.com\/wordpress\/plugins\/seo\/ -->\n<title>Universidad Cat\u00f3lica de Colombia fue sede del Encuentro de Rectores del Nodo Centro \u2013 RUCC - Universidad Cat\u00f3lica De Colombia<\/title>\n<meta name=\"robots\" content=\"index, follow, max-snippet:-1, max-image-preview:large, max-video-preview:-1\" \/>\n<link rel=\"canonical\" href=\"https:\/\/www.ucatolica.edu.co\/portal\/universidad-catolica-de-colombia-fue-sede-del-segundo-encuentro-de-la-mesa-de-investigaciones-del-nodo-centro-rucc\/\" \/>\n<meta property=\"og:locale\" content=\"es_ES\" \/>\n<meta property=\"og:type\" content=\"article\" \/>\n<meta property=\"og:title\" content=\"Universidad Cat\u00f3lica de Colombia fue sede del Encuentro de Rectores del Nodo Centro \u2013 RUCC - Universidad Cat\u00f3lica De Colombia\" \/>\n<meta property=\"og:description\" content=\"La Universidad Cat\u00f3lica de Colombia fue anfitriona del Encuentro de Rectores del Nodo Centro de la Red de Universidades Cat\u00f3licas \u2013 RUCC, realizado el pasado 11 de agosto, en el cual participaron rectores y delegados de diferentes instituciones que conforman el nodo, con el prop\u00f3sito de presentar los avances del plan de trabajo 2025 y [&hellip;]\" \/>\n<meta property=\"og:url\" content=\"https:\/\/www.ucatolica.edu.co\/portal\/universidad-catolica-de-colombia-fue-sede-del-segundo-encuentro-de-la-mesa-de-investigaciones-del-nodo-centro-rucc\/\" \/>\n<meta property=\"og:site_name\" content=\"Universidad Cat\u00f3lica De Colombia\" \/>\n<meta property=\"article:publisher\" content=\"https:\/\/www.facebook.com\/ucatolicacolombia\" \/>\n<meta property=\"article:published_time\" content=\"2025-08-14T22:27:31+00:00\" \/>\n<meta property=\"article:modified_time\" content=\"2025-08-21T22:16:58+00:00\" \/>\n<meta property=\"og:image\" content=\"https:\/\/www.ucatolica.edu.co\/portal\/wp-content\/uploads\/2025\/08\/Mesa-de-trabajo-1-1.png\" \/>\n\t<meta property=\"og:image:width\" content=\"870\" \/>\n\t<meta property=\"og:image:height\" content=\"522\" \/>\n\t<meta property=\"og:image:type\" content=\"image\/png\" \/>\n<meta name=\"author\" content=\"Daniela Junco\" \/>\n<meta name=\"twitter:card\" content=\"summary_large_image\" \/>\n<meta name=\"twitter:creator\" content=\"@UCatolicaCol\" \/>\n<meta name=\"twitter:site\" content=\"@UCatolicaCol\" \/>\n<meta name=\"twitter:label1\" content=\"Escrito por\" \/>\n\t<meta name=\"twitter:data1\" content=\"Daniela Junco\" \/>\n\t<meta name=\"twitter:label2\" content=\"Tiempo de lectura\" \/>\n\t<meta name=\"twitter:data2\" content=\"2 minutos\" \/>\n<script type=\"application\/ld+json\" class=\"yoast-schema-graph\">{\"@context\":\"https:\/\/schema.org\",\"@graph\":[{\"@type\":\"Article\",\"@id\":\"https:\/\/www.ucatolica.edu.co\/portal\/universidad-catolica-de-colombia-fue-sede-del-segundo-encuentro-de-la-mesa-de-investigaciones-del-nodo-centro-rucc\/#article\",\"isPartOf\":{\"@id\":\"https:\/\/www.ucatolica.edu.co\/portal\/universidad-catolica-de-colombia-fue-sede-del-segundo-encuentro-de-la-mesa-de-investigaciones-del-nodo-centro-rucc\/\"},\"author\":{\"name\":\"Daniela Junco\",\"@id\":\"https:\/\/www.ucatolica.edu.co\/portal\/#\/schema\/person\/46b982b9085fee761b48b0bd54f8b9f8\"},\"headline\":\"Universidad Cat\u00f3lica de Colombia fue sede del Encuentro de Rectores del Nodo Centro \u2013 RUCC\",\"datePublished\":\"2025-08-14T22:27:31+00:00\",\"dateModified\":\"2025-08-21T22:16:58+00:00\",\"mainEntityOfPage\":{\"@id\":\"https:\/\/www.ucatolica.edu.co\/portal\/universidad-catolica-de-colombia-fue-sede-del-segundo-encuentro-de-la-mesa-de-investigaciones-del-nodo-centro-rucc\/\"},\"wordCount\":513,\"commentCount\":0,\"publisher\":{\"@id\":\"https:\/\/www.ucatolica.edu.co\/portal\/#organization\"},\"image\":{\"@id\":\"https:\/\/www.ucatolica.edu.co\/portal\/universidad-catolica-de-colombia-fue-sede-del-segundo-encuentro-de-la-mesa-de-investigaciones-del-nodo-centro-rucc\/#primaryimage\"},\"thumbnailUrl\":\"https:\/\/www.ucatolica.edu.co\/portal\/wp-content\/uploads\/2025\/08\/Mesa-de-trabajo-1-1.png\",\"keywords\":[\"Comunicaci\u00f3n\",\"Encuentro de la Red de Universidades Cat\u00f3licas de Colombia RUCC\",\"Encuentro Universitario\",\"Mesa de investigaciones del Nodo Centro RUCC\",\"Universidad Cat\u00f3lica de Colombia\"],\"articleSection\":[\"Noticias Principales\"],\"inLanguage\":\"es-CO\"},{\"@type\":\"WebPage\",\"@id\":\"https:\/\/www.ucatolica.edu.co\/portal\/universidad-catolica-de-colombia-fue-sede-del-segundo-encuentro-de-la-mesa-de-investigaciones-del-nodo-centro-rucc\/\",\"url\":\"https:\/\/www.ucatolica.edu.co\/portal\/universidad-catolica-de-colombia-fue-sede-del-segundo-encuentro-de-la-mesa-de-investigaciones-del-nodo-centro-rucc\/\",\"name\":\"Universidad Cat\u00f3lica de Colombia fue sede del Encuentro de Rectores del Nodo Centro \u2013 RUCC - Universidad Cat\u00f3lica De Colombia\",\"isPartOf\":{\"@id\":\"https:\/\/www.ucatolica.edu.co\/portal\/#website\"},\"primaryImageOfPage\":{\"@id\":\"https:\/\/www.ucatolica.edu.co\/portal\/universidad-catolica-de-colombia-fue-sede-del-segundo-encuentro-de-la-mesa-de-investigaciones-del-nodo-centro-rucc\/#primaryimage\"},\"image\":{\"@id\":\"https:\/\/www.ucatolica.edu.co\/portal\/universidad-catolica-de-colombia-fue-sede-del-segundo-encuentro-de-la-mesa-de-investigaciones-del-nodo-centro-rucc\/#primaryimage\"},\"thumbnailUrl\":\"https:\/\/www.ucatolica.edu.co\/portal\/wp-content\/uploads\/2025\/08\/Mesa-de-trabajo-1-1.png\",\"datePublished\":\"2025-08-14T22:27:31+00:00\",\"dateModified\":\"2025-08-21T22:16:58+00:00\",\"breadcrumb\":{\"@id\":\"https:\/\/www.ucatolica.edu.co\/portal\/universidad-catolica-de-colombia-fue-sede-del-segundo-encuentro-de-la-mesa-de-investigaciones-del-nodo-centro-rucc\/#breadcrumb\"},\"inLanguage\":\"es-CO\",\"potentialAction\":[{\"@type\":\"ReadAction\",\"target\":[\"https:\/\/www.ucatolica.edu.co\/portal\/universidad-catolica-de-colombia-fue-sede-del-segundo-encuentro-de-la-mesa-de-investigaciones-del-nodo-centro-rucc\/\"]}]},{\"@type\":\"ImageObject\",\"inLanguage\":\"es-CO\",\"@id\":\"https:\/\/www.ucatolica.edu.co\/portal\/universidad-catolica-de-colombia-fue-sede-del-segundo-encuentro-de-la-mesa-de-investigaciones-del-nodo-centro-rucc\/#primaryimage\",\"url\":\"https:\/\/www.ucatolica.edu.co\/portal\/wp-content\/uploads\/2025\/08\/Mesa-de-trabajo-1-1.png\",\"contentUrl\":\"https:\/\/www.ucatolica.edu.co\/portal\/wp-content\/uploads\/2025\/08\/Mesa-de-trabajo-1-1.png\",\"width\":870,\"height\":522},{\"@type\":\"BreadcrumbList\",\"@id\":\"https:\/\/www.ucatolica.edu.co\/portal\/universidad-catolica-de-colombia-fue-sede-del-segundo-encuentro-de-la-mesa-de-investigaciones-del-nodo-centro-rucc\/#breadcrumb\",\"itemListElement\":[{\"@type\":\"ListItem\",\"position\":1,\"name\":\"Inicio\",\"item\":\"https:\/\/www.ucatolica.edu.co\/portal\/\"},{\"@type\":\"ListItem\",\"position\":2,\"name\":\"Universidad Cat\u00f3lica de Colombia fue sede del Encuentro de Rectores del Nodo Centro \u2013 RUCC\"}]},{\"@type\":\"WebSite\",\"@id\":\"https:\/\/www.ucatolica.edu.co\/portal\/#website\",\"url\":\"https:\/\/www.ucatolica.edu.co\/portal\/\",\"name\":\"Universidad Cat\u00f3lica De Colombia\",\"description\":\"Universidad Cat\u00f3lica De Colombia\",\"publisher\":{\"@id\":\"https:\/\/www.ucatolica.edu.co\/portal\/#organization\"},\"potentialAction\":[{\"@type\":\"SearchAction\",\"target\":{\"@type\":\"EntryPoint\",\"urlTemplate\":\"https:\/\/www.ucatolica.edu.co\/portal\/?s={search_term_string}\"},\"query-input\":{\"@type\":\"PropertyValueSpecification\",\"valueRequired\":true,\"valueName\":\"search_term_string\"}}],\"inLanguage\":\"es-CO\"},{\"@type\":\"Organization\",\"@id\":\"https:\/\/www.ucatolica.edu.co\/portal\/#organization\",\"name\":\"Universidad Cat\u00f3lica de Colombia\",\"url\":\"https:\/\/www.ucatolica.edu.co\/portal\/\",\"logo\":{\"@type\":\"ImageObject\",\"inLanguage\":\"es-CO\",\"@id\":\"https:\/\/www.ucatolica.edu.co\/portal\/#\/schema\/logo\/image\/\",\"url\":\"https:\/\/www.ucatolica.edu.co\/portal\/wp-content\/uploads\/2021\/06\/logo-header-ho-1.svg\",\"contentUrl\":\"https:\/\/www.ucatolica.edu.co\/portal\/wp-content\/uploads\/2021\/06\/logo-header-ho-1.svg\",\"width\":1,\"height\":1,\"caption\":\"Universidad Cat\u00f3lica de Colombia\"},\"image\":{\"@id\":\"https:\/\/www.ucatolica.edu.co\/portal\/#\/schema\/logo\/image\/\"},\"sameAs\":[\"https:\/\/www.facebook.com\/ucatolicacolombia\",\"https:\/\/x.com\/UCatolicaCol\",\"https:\/\/www.instagram.com\/universidadcatolicadecolombia\/\",\"https:\/\/www.linkedin.com\/company\/universidadcatolicadecolombia\/\",\"https:\/\/www.youtube.com\/user\/UCatolicaCo\"]},{\"@type\":\"Person\",\"@id\":\"https:\/\/www.ucatolica.edu.co\/portal\/#\/schema\/person\/46b982b9085fee761b48b0bd54f8b9f8\",\"name\":\"Daniela Junco\",\"url\":\"https:\/\/www.ucatolica.edu.co\/portal\/author\/daniela\/\"}]}<\/script>\n<!-- \/ Yoast SEO plugin. -->","yoast_head_json":{"title":"Universidad Cat\u00f3lica de Colombia fue sede del Encuentro de Rectores del Nodo Centro \u2013 RUCC - Universidad Cat\u00f3lica De Colombia","robots":{"index":"index","follow":"follow","max-snippet":"max-snippet:-1","max-image-preview":"max-image-preview:large","max-video-preview":"max-video-preview:-1"},"canonical":"https:\/\/www.ucatolica.edu.co\/portal\/universidad-catolica-de-colombia-fue-sede-del-segundo-encuentro-de-la-mesa-de-investigaciones-del-nodo-centro-rucc\/","og_locale":"es_ES","og_type":"article","og_title":"Universidad Cat\u00f3lica de Colombia fue sede del Encuentro de Rectores del Nodo Centro \u2013 RUCC - Universidad Cat\u00f3lica De Colombia","og_description":"La Universidad Cat\u00f3lica de Colombia fue anfitriona del Encuentro de Rectores del Nodo Centro de la Red de Universidades Cat\u00f3licas \u2013 RUCC, realizado el pasado 11 de agosto, en el cual participaron rectores y delegados de diferentes instituciones que conforman el nodo, con el prop\u00f3sito de presentar los avances del plan de trabajo 2025 y [&hellip;]","og_url":"https:\/\/www.ucatolica.edu.co\/portal\/universidad-catolica-de-colombia-fue-sede-del-segundo-encuentro-de-la-mesa-de-investigaciones-del-nodo-centro-rucc\/","og_site_name":"Universidad Cat\u00f3lica De Colombia","article_publisher":"https:\/\/www.facebook.com\/ucatolicacolombia","article_published_time":"2025-08-14T22:27:31+00:00","article_modified_time":"2025-08-21T22:16:58+00:00","og_image":[{"width":870,"height":522,"url":"https:\/\/www.ucatolica.edu.co\/portal\/wp-content\/uploads\/2025\/08\/Mesa-de-trabajo-1-1.png","type":"image\/png"}],"author":"Daniela Junco","twitter_card":"summary_large_image","twitter_creator":"@UCatolicaCol","twitter_site":"@UCatolicaCol","twitter_misc":{"Escrito por":"Daniela Junco","Tiempo de lectura":"2 minutos"},"schema":{"@context":"https:\/\/schema.org","@graph":[{"@type":"Article","@id":"https:\/\/www.ucatolica.edu.co\/portal\/universidad-catolica-de-colombia-fue-sede-del-segundo-encuentro-de-la-mesa-de-investigaciones-del-nodo-centro-rucc\/#article","isPartOf":{"@id":"https:\/\/www.ucatolica.edu.co\/portal\/universidad-catolica-de-colombia-fue-sede-del-segundo-encuentro-de-la-mesa-de-investigaciones-del-nodo-centro-rucc\/"},"author":{"name":"Daniela Junco","@id":"https:\/\/www.ucatolica.edu.co\/portal\/#\/schema\/person\/46b982b9085fee761b48b0bd54f8b9f8"},"headline":"Universidad Cat\u00f3lica de Colombia fue sede del Encuentro de Rectores del Nodo Centro \u2013 RUCC","datePublished":"2025-08-14T22:27:31+00:00","dateModified":"2025-08-21T22:16:58+00:00","mainEntityOfPage":{"@id":"https:\/\/www.ucatolica.edu.co\/portal\/universidad-catolica-de-colombia-fue-sede-del-segundo-encuentro-de-la-mesa-de-investigaciones-del-nodo-centro-rucc\/"},"wordCount":513,"commentCount":0,"publisher":{"@id":"https:\/\/www.ucatolica.edu.co\/portal\/#organization"},"image":{"@id":"https:\/\/www.ucatolica.edu.co\/portal\/universidad-catolica-de-colombia-fue-sede-del-segundo-encuentro-de-la-mesa-de-investigaciones-del-nodo-centro-rucc\/#primaryimage"},"thumbnailUrl":"https:\/\/www.ucatolica.edu.co\/portal\/wp-content\/uploads\/2025\/08\/Mesa-de-trabajo-1-1.png","keywords":["Comunicaci\u00f3n","Encuentro de la Red de Universidades Cat\u00f3licas de Colombia RUCC","Encuentro Universitario","Mesa de investigaciones del Nodo Centro RUCC","Universidad Cat\u00f3lica de Colombia"],"articleSection":["Noticias Principales"],"inLanguage":"es-CO"},{"@type":"WebPage","@id":"https:\/\/www.ucatolica.edu.co\/portal\/universidad-catolica-de-colombia-fue-sede-del-segundo-encuentro-de-la-mesa-de-investigaciones-del-nodo-centro-rucc\/","url":"https:\/\/www.ucatolica.edu.co\/portal\/universidad-catolica-de-colombia-fue-sede-del-segundo-encuentro-de-la-mesa-de-investigaciones-del-nodo-centro-rucc\/","name":"Universidad Cat\u00f3lica de Colombia fue sede del Encuentro de Rectores del Nodo Centro \u2013 RUCC - Universidad Cat\u00f3lica De Colombia","isPartOf":{"@id":"https:\/\/www.ucatolica.edu.co\/portal\/#website"},"primaryImageOfPage":{"@id":"https:\/\/www.ucatolica.edu.co\/portal\/universidad-catolica-de-colombia-fue-sede-del-segundo-encuentro-de-la-mesa-de-investigaciones-del-nodo-centro-rucc\/#primaryimage"},"image":{"@id":"https:\/\/www.ucatolica.edu.co\/portal\/universidad-catolica-de-colombia-fue-sede-del-segundo-encuentro-de-la-mesa-de-investigaciones-del-nodo-centro-rucc\/#primaryimage"},"thumbnailUrl":"https:\/\/www.ucatolica.edu.co\/portal\/wp-content\/uploads\/2025\/08\/Mesa-de-trabajo-1-1.png","datePublished":"2025-08-14T22:27:31+00:00","dateModified":"2025-08-21T22:16:58+00:00","breadcrumb":{"@id":"https:\/\/www.ucatolica.edu.co\/portal\/universidad-catolica-de-colombia-fue-sede-del-segundo-encuentro-de-la-mesa-de-investigaciones-del-nodo-centro-rucc\/#breadcrumb"},"inLanguage":"es-CO","potentialAction":[{"@type":"ReadAction","target":["https:\/\/www.ucatolica.edu.co\/portal\/universidad-catolica-de-colombia-fue-sede-del-segundo-encuentro-de-la-mesa-de-investigaciones-del-nodo-centro-rucc\/"]}]},{"@type":"ImageObject","inLanguage":"es-CO","@id":"https:\/\/www.ucatolica.edu.co\/portal\/universidad-catolica-de-colombia-fue-sede-del-segundo-encuentro-de-la-mesa-de-investigaciones-del-nodo-centro-rucc\/#primaryimage","url":"https:\/\/www.ucatolica.edu.co\/portal\/wp-content\/uploads\/2025\/08\/Mesa-de-trabajo-1-1.png","contentUrl":"https:\/\/www.ucatolica.edu.co\/portal\/wp-content\/uploads\/2025\/08\/Mesa-de-trabajo-1-1.png","width":870,"height":522},{"@type":"BreadcrumbList","@id":"https:\/\/www.ucatolica.edu.co\/portal\/universidad-catolica-de-colombia-fue-sede-del-segundo-encuentro-de-la-mesa-de-investigaciones-del-nodo-centro-rucc\/#breadcrumb","itemListElement":[{"@type":"ListItem","position":1,"name":"Inicio","item":"https:\/\/www.ucatolica.edu.co\/portal\/"},{"@type":"ListItem","position":2,"name":"Universidad Cat\u00f3lica de Colombia fue sede del Encuentro de Rectores del Nodo Centro \u2013 RUCC"}]},{"@type":"WebSite","@id":"https:\/\/www.ucatolica.edu.co\/portal\/#website","url":"https:\/\/www.ucatolica.edu.co\/portal\/","name":"Universidad Cat\u00f3lica De Colombia","description":"Universidad Cat\u00f3lica De Colombia","publisher":{"@id":"https:\/\/www.ucatolica.edu.co\/portal\/#organization"},"potentialAction":[{"@type":"SearchAction","target":{"@type":"EntryPoint","urlTemplate":"https:\/\/www.ucatolica.edu.co\/portal\/?s={search_term_string}"},"query-input":{"@type":"PropertyValueSpecification","valueRequired":true,"valueName":"search_term_string"}}],"inLanguage":"es-CO"},{"@type":"Organization","@id":"https:\/\/www.ucatolica.edu.co\/portal\/#organization","name":"Universidad Cat\u00f3lica de Colombia","url":"https:\/\/www.ucatolica.edu.co\/portal\/","logo":{"@type":"ImageObject","inLanguage":"es-CO","@id":"https:\/\/www.ucatolica.edu.co\/portal\/#\/schema\/logo\/image\/","url":"https:\/\/www.ucatolica.edu.co\/portal\/wp-content\/uploads\/2021\/06\/logo-header-ho-1.svg","contentUrl":"https:\/\/www.ucatolica.edu.co\/portal\/wp-content\/uploads\/2021\/06\/logo-header-ho-1.svg","width":1,"height":1,"caption":"Universidad Cat\u00f3lica de Colombia"},"image":{"@id":"https:\/\/www.ucatolica.edu.co\/portal\/#\/schema\/logo\/image\/"},"sameAs":["https:\/\/www.facebook.com\/ucatolicacolombia","https:\/\/x.com\/UCatolicaCol","https:\/\/www.instagram.com\/universidadcatolicadecolombia\/","https:\/\/www.linkedin.com\/company\/universidadcatolicadecolombia\/","https:\/\/www.youtube.com\/user\/UCatolicaCo"]},{"@type":"Person","@id":"https:\/\/www.ucatolica.edu.co\/portal\/#\/schema\/person\/46b982b9085fee761b48b0bd54f8b9f8","name":"Daniela Junco","url":"https:\/\/www.ucatolica.edu.co\/portal\/author\/daniela\/"}]}},"author_meta":{"display_name":"Daniela Junco","author_link":"https:\/\/www.ucatolica.edu.co\/portal\/author\/daniela\/"},"featured_img":"https:\/\/www.ucatolica.edu.co\/portal\/wp-content\/uploads\/2025\/08\/Mesa-de-trabajo-1-1.png","coauthors":[],"tax_additional":{"categories":{"linked":["<a href=\"https:\/\/www.ucatolica.edu.co\/portal\/category\/noticias-principales\/\" class=\"advgb-post-tax-term\">Noticias Principales<\/a>"],"unlinked":["<span class=\"advgb-post-tax-term\">Noticias Principales<\/span>"]},"tags":{"linked":["<a href=\"https:\/\/www.ucatolica.edu.co\/portal\/category\/noticias-principales\/\" class=\"advgb-post-tax-term\">Comunicaci\u00f3n<\/a>","<a href=\"https:\/\/www.ucatolica.edu.co\/portal\/category\/noticias-principales\/\" class=\"advgb-post-tax-term\">Encuentro de la Red de Universidades Cat\u00f3licas de Colombia RUCC<\/a>","<a href=\"https:\/\/www.ucatolica.edu.co\/portal\/category\/noticias-principales\/\" class=\"advgb-post-tax-term\">Encuentro Universitario<\/a>","<a href=\"https:\/\/www.ucatolica.edu.co\/portal\/category\/noticias-principales\/\" class=\"advgb-post-tax-term\">Mesa de investigaciones del Nodo Centro RUCC<\/a>","<a href=\"https:\/\/www.ucatolica.edu.co\/portal\/category\/noticias-principales\/\" class=\"advgb-post-tax-term\">Universidad Cat\u00f3lica de Colombia<\/a>"],"unlinked":["<span class=\"advgb-post-tax-term\">Comunicaci\u00f3n<\/span>","<span class=\"advgb-post-tax-term\">Encuentro de la Red de Universidades Cat\u00f3licas de Colombia RUCC<\/span>","<span class=\"advgb-post-tax-term\">Encuentro Universitario<\/span>","<span class=\"advgb-post-tax-term\">Mesa de investigaciones del Nodo Centro RUCC<\/span>","<span class=\"advgb-post-tax-term\">Universidad Cat\u00f3lica de Colombia<\/span>"]}},"comment_count":"0","relative_dates":{"created":"Posted 9 meses ago","modified":"Updated 8 meses ago"},"absolute_dates":{"created":"Posted on 14 agosto, 2025","modified":"Updated on 21 agosto, 2025"},"absolute_dates_time":{"created":"Posted on 14 agosto, 2025 5:27 pm","modified":"Updated on 21 agosto, 2025 5:16 pm"},"featured_img_caption":"","series_order":"","_links":{"self":[{"href":"https:\/\/www.ucatolica.edu.co\/portal\/wp-json\/wp\/v2\/posts\/121222","targetHints":{"allow":["GET"]}}],"collection":[{"href":"https:\/\/www.ucatolica.edu.co\/portal\/wp-json\/wp\/v2\/posts"}],"about":[{"href":"https:\/\/www.ucatolica.edu.co\/portal\/wp-json\/wp\/v2\/types\/post"}],"author":[{"embeddable":true,"href":"https:\/\/www.ucatolica.edu.co\/portal\/wp-json\/wp\/v2\/users\/64"}],"replies":[{"embeddable":true,"href":"https:\/\/www.ucatolica.edu.co\/portal\/wp-json\/wp\/v2\/comments?post=121222"}],"version-history":[{"count":6,"href":"https:\/\/www.ucatolica.edu.co\/portal\/wp-json\/wp\/v2\/posts\/121222\/revisions"}],"predecessor-version":[{"id":121745,"href":"https:\/\/www.ucatolica.edu.co\/portal\/wp-json\/wp\/v2\/posts\/121222\/revisions\/121745"}],"wp:featuredmedia":[{"embeddable":true,"href":"https:\/\/www.ucatolica.edu.co\/portal\/wp-json\/wp\/v2\/media\/121485"}],"wp:attachment":[{"href":"https:\/\/www.ucatolica.edu.co\/portal\/wp-json\/wp\/v2\/media?parent=121222"}],"wp:term":[{"taxonomy":"category","embeddable":true,"href":"https:\/\/www.ucatolica.edu.co\/portal\/wp-json\/wp\/v2\/categories?post=121222"},{"taxonomy":"post_tag","embeddable":true,"href":"https:\/\/www.ucatolica.edu.co\/portal\/wp-json\/wp\/v2\/tags?post=121222"}],"curies":[{"name":"wp","href":"https:\/\/api.w.org\/{rel}","templated":true}]}}