{"id":121747,"date":"2025-08-22T16:32:09","date_gmt":"2025-08-22T21:32:09","guid":{"rendered":"https:\/\/www.ucatolica.edu.co\/portal\/?p=121747"},"modified":"2025-08-22T18:23:55","modified_gmt":"2025-08-22T23:23:55","slug":"unete-al-club-de-conversacion-en-portugues","status":"publish","type":"post","link":"https:\/\/www.ucatolica.edu.co\/portal\/unete-al-club-de-conversacion-en-portugues\/","title":{"rendered":"\u00a1\u00danete Al Club De Conversaci\u00f3n en Portugu\u00e9s!"},"content":{"rendered":"\n<p>El <strong>Instituto de Lenguas<\/strong> y la <strong>Oficina de Relaciones Internacionales<\/strong> de la <strong>Universidad Cat\u00f3lica de Colombia<\/strong> invitan a todos los estudiantes, personal administrativo y docente a formar parte del <strong>Club de Conversaci\u00f3n en portugu\u00e9s<\/strong>. Esta es una oportunidad \u00fanica para sumergirse en la cultura y el idioma de Brasil.<\/p>\n\n\n\n<p>El club est\u00e1 dise\u00f1ado tanto para quienes son principiantes como para quienes ya tienen conocimientos previos de portugu\u00e9s. \u00a1Es el espacio ideal para mejorar tus habilidades ling\u00fc\u00edsticas y disfrutar de la fascinante cultura brasile\u00f1a!<\/p>\n\n\n\n<p><strong>Detalles del Club de Conversaci\u00f3n:<\/strong><\/p>\n\n\n\n<ul class=\"wp-block-list\">\n<li><strong>Horario:<\/strong> Lunes, 11:00 a.m.<\/li>\n\n\n\n<li><strong>Lugar:<\/strong> Instituto de Lenguas, <strong>Sal\u00f3n 202<\/strong><\/li>\n\n\n\n<li><strong>Gu\u00eda:<\/strong> <strong>Luciano Henrique Gama Pires<\/strong>, estudiante de intercambio de Brasil y hablante nativo de portugu\u00e9s. Luciano ser\u00e1 el encargado de guiarte en esta emocionante experiencia, creando un ambiente relajado y amigable para que practiques de manera efectiva.<\/li>\n<\/ul>\n\n\n\n<p><strong>\u00bfC\u00f3mo participar?<\/strong><br>\u00a1Es muy f\u00e1cil! Solo necesitas asistir directamente al <strong>Instituto de Lenguas<\/strong>, en el <strong>Sal\u00f3n 202<\/strong>, a la hora indicada (lunes, 11:00 a.m.). No se requiere inscripci\u00f3n previa, solo tu inter\u00e9s en aprender y compartir.<\/p>\n\n\n\n<p>Consulta el cronograma del club <strong>aqu\u00ed.<\/strong><\/p>\n\n\n\n<p><strong>\u00bfPor qu\u00e9 unirte?<\/strong><\/p>\n\n\n\n<ol start=\"1\" class=\"wp-block-list\">\n<li><strong>Pr\u00e1ctica real:<\/strong> Mejora tu portugu\u00e9s a trav\u00e9s de conversaciones aut\u00e9nticas.<\/li>\n\n\n\n<li><strong>Cultura brasile\u00f1a:<\/strong> Conoce m\u00e1s sobre la rica y diversa cultura de Brasil.<\/li>\n\n\n\n<li><strong>Ambiente ameno:<\/strong> Un espacio relajado para aprender sin importar tu nivel.<\/li>\n\n\n\n<li><strong>Networking:<\/strong> Conecta con estudiantes, docentes y personal administrativo interesados en el idioma y la cultura.<\/li>\n\n\n\n<li><strong>Preparaci\u00f3n para intercambios:<\/strong> Prep\u00e1rate para futuras oportunidades de intercambio con universidades de Brasil.<\/li>\n<\/ol>\n\n\n\n<p><strong>No dejes pasar esta oportunidad de aprender portugu\u00e9s y explorar una cultura fascinante.<\/strong><\/p>\n\n\n\n<p>\u00a1Nos vemos en el <strong>Club de Conversaci\u00f3n en portugu\u00e9s<\/strong>! <strong>An\u00edmate a participar y descubre el portugu\u00e9s de una manera divertida y educativa.<\/strong><\/p>\n\n\n\n<p><strong>M\u00e1s informaci\u00f3n:<\/strong><br>Instituto de Lenguas<br>Correo: <strong>institutodelenguas@ucatolica.edu.co<\/strong><br>Tel\u00e9fono: <strong>(601) 4433700<\/strong><br>Extensiones: 5100 \u2013 5104 \u2013 5105<\/p>\n\n\n\n<p><\/p>\n","protected":false},"excerpt":{"rendered":"<p>El Instituto de Lenguas y la Oficina de Relaciones Internacionales de la Universidad Cat\u00f3lica de Colombia invitan a todos los estudiantes, personal administrativo y docente a formar parte del Club de Conversaci\u00f3n en portugu\u00e9s. Esta es una oportunidad \u00fanica para sumergirse en la cultura y el idioma de Brasil. El club est\u00e1 dise\u00f1ado tanto para [&hellip;]<\/p>\n","protected":false},"author":65,"featured_media":118909,"comment_status":"open","ping_status":"open","sticky":false,"template":"","format":"standard","meta":{"_acf_changed":false,"advgb_blocks_editor_width":"","advgb_blocks_columns_visual_guide":"","footnotes":""},"categories":[93],"tags":[3034,1130,3106],"class_list":["post-121747","post","type-post","status-publish","format-standard","has-post-thumbnail","hentry","category-noticias-principales","tag-club-de-conversacion-en-portugues","tag-idioma","tag-portugues"],"acf":[],"yoast_head":"<!-- This site is optimized with the Yoast SEO plugin v26.7 - https:\/\/yoast.com\/wordpress\/plugins\/seo\/ -->\n<title>\u00a1\u00danete Al Club De Conversaci\u00f3n en Portugu\u00e9s! - Universidad Cat\u00f3lica De Colombia<\/title>\n<meta name=\"robots\" content=\"index, follow, max-snippet:-1, max-image-preview:large, max-video-preview:-1\" \/>\n<link rel=\"canonical\" href=\"https:\/\/www.ucatolica.edu.co\/portal\/unete-al-club-de-conversacion-en-portugues\/\" \/>\n<meta property=\"og:locale\" content=\"es_ES\" \/>\n<meta property=\"og:type\" content=\"article\" \/>\n<meta property=\"og:title\" content=\"\u00a1\u00danete Al Club De Conversaci\u00f3n en Portugu\u00e9s! - Universidad Cat\u00f3lica De Colombia\" \/>\n<meta property=\"og:description\" content=\"El Instituto de Lenguas y la Oficina de Relaciones Internacionales de la Universidad Cat\u00f3lica de Colombia invitan a todos los estudiantes, personal administrativo y docente a formar parte del Club de Conversaci\u00f3n en portugu\u00e9s. Esta es una oportunidad \u00fanica para sumergirse en la cultura y el idioma de Brasil. El club est\u00e1 dise\u00f1ado tanto para [&hellip;]\" \/>\n<meta property=\"og:url\" content=\"https:\/\/www.ucatolica.edu.co\/portal\/unete-al-club-de-conversacion-en-portugues\/\" \/>\n<meta property=\"og:site_name\" content=\"Universidad Cat\u00f3lica De Colombia\" \/>\n<meta property=\"article:publisher\" content=\"https:\/\/www.facebook.com\/ucatolicacolombia\" \/>\n<meta property=\"article:published_time\" content=\"2025-08-22T21:32:09+00:00\" \/>\n<meta property=\"article:modified_time\" content=\"2025-08-22T23:23:55+00:00\" \/>\n<meta property=\"og:image\" content=\"https:\/\/www.ucatolica.edu.co\/portal\/wp-content\/uploads\/2025\/07\/OP5046-Portugues-Noticia.jpg\" \/>\n\t<meta property=\"og:image:width\" content=\"870\" \/>\n\t<meta property=\"og:image:height\" content=\"522\" \/>\n\t<meta property=\"og:image:type\" content=\"image\/jpeg\" \/>\n<meta name=\"author\" content=\"Juan Jos\u00e9 Franco\" \/>\n<meta name=\"twitter:card\" content=\"summary_large_image\" \/>\n<meta name=\"twitter:creator\" content=\"@UCatolicaCol\" \/>\n<meta name=\"twitter:site\" content=\"@UCatolicaCol\" \/>\n<meta name=\"twitter:label1\" content=\"Escrito por\" \/>\n\t<meta name=\"twitter:data1\" content=\"Juan Jos\u00e9 Franco\" \/>\n\t<meta name=\"twitter:label2\" content=\"Tiempo de lectura\" \/>\n\t<meta name=\"twitter:data2\" content=\"2 minutos\" \/>\n<script type=\"application\/ld+json\" class=\"yoast-schema-graph\">{\"@context\":\"https:\/\/schema.org\",\"@graph\":[{\"@type\":\"Article\",\"@id\":\"https:\/\/www.ucatolica.edu.co\/portal\/unete-al-club-de-conversacion-en-portugues\/#article\",\"isPartOf\":{\"@id\":\"https:\/\/www.ucatolica.edu.co\/portal\/unete-al-club-de-conversacion-en-portugues\/\"},\"author\":{\"name\":\"Juan Jos\u00e9 Franco\",\"@id\":\"https:\/\/www.ucatolica.edu.co\/portal\/#\/schema\/person\/2fe10d3836c8b18a520cbf458d96a728\"},\"headline\":\"\u00a1\u00danete Al Club De Conversaci\u00f3n en Portugu\u00e9s!\",\"datePublished\":\"2025-08-22T21:32:09+00:00\",\"dateModified\":\"2025-08-22T23:23:55+00:00\",\"mainEntityOfPage\":{\"@id\":\"https:\/\/www.ucatolica.edu.co\/portal\/unete-al-club-de-conversacion-en-portugues\/\"},\"wordCount\":326,\"commentCount\":0,\"publisher\":{\"@id\":\"https:\/\/www.ucatolica.edu.co\/portal\/#organization\"},\"image\":{\"@id\":\"https:\/\/www.ucatolica.edu.co\/portal\/unete-al-club-de-conversacion-en-portugues\/#primaryimage\"},\"thumbnailUrl\":\"https:\/\/www.ucatolica.edu.co\/portal\/wp-content\/uploads\/2025\/07\/OP5046-Portugues-Noticia.jpg\",\"keywords\":[\"Club de Conversaci\u00f3n en Portugu\u00e9s\",\"Idioma\",\"Portugu\u00e9s\"],\"articleSection\":[\"Noticias Principales\"],\"inLanguage\":\"es-CO\"},{\"@type\":\"WebPage\",\"@id\":\"https:\/\/www.ucatolica.edu.co\/portal\/unete-al-club-de-conversacion-en-portugues\/\",\"url\":\"https:\/\/www.ucatolica.edu.co\/portal\/unete-al-club-de-conversacion-en-portugues\/\",\"name\":\"\u00a1\u00danete Al Club De Conversaci\u00f3n en Portugu\u00e9s! - Universidad Cat\u00f3lica De Colombia\",\"isPartOf\":{\"@id\":\"https:\/\/www.ucatolica.edu.co\/portal\/#website\"},\"primaryImageOfPage\":{\"@id\":\"https:\/\/www.ucatolica.edu.co\/portal\/unete-al-club-de-conversacion-en-portugues\/#primaryimage\"},\"image\":{\"@id\":\"https:\/\/www.ucatolica.edu.co\/portal\/unete-al-club-de-conversacion-en-portugues\/#primaryimage\"},\"thumbnailUrl\":\"https:\/\/www.ucatolica.edu.co\/portal\/wp-content\/uploads\/2025\/07\/OP5046-Portugues-Noticia.jpg\",\"datePublished\":\"2025-08-22T21:32:09+00:00\",\"dateModified\":\"2025-08-22T23:23:55+00:00\",\"breadcrumb\":{\"@id\":\"https:\/\/www.ucatolica.edu.co\/portal\/unete-al-club-de-conversacion-en-portugues\/#breadcrumb\"},\"inLanguage\":\"es-CO\",\"potentialAction\":[{\"@type\":\"ReadAction\",\"target\":[\"https:\/\/www.ucatolica.edu.co\/portal\/unete-al-club-de-conversacion-en-portugues\/\"]}]},{\"@type\":\"ImageObject\",\"inLanguage\":\"es-CO\",\"@id\":\"https:\/\/www.ucatolica.edu.co\/portal\/unete-al-club-de-conversacion-en-portugues\/#primaryimage\",\"url\":\"https:\/\/www.ucatolica.edu.co\/portal\/wp-content\/uploads\/2025\/07\/OP5046-Portugues-Noticia.jpg\",\"contentUrl\":\"https:\/\/www.ucatolica.edu.co\/portal\/wp-content\/uploads\/2025\/07\/OP5046-Portugues-Noticia.jpg\",\"width\":870,\"height\":522},{\"@type\":\"BreadcrumbList\",\"@id\":\"https:\/\/www.ucatolica.edu.co\/portal\/unete-al-club-de-conversacion-en-portugues\/#breadcrumb\",\"itemListElement\":[{\"@type\":\"ListItem\",\"position\":1,\"name\":\"Inicio\",\"item\":\"https:\/\/www.ucatolica.edu.co\/portal\/\"},{\"@type\":\"ListItem\",\"position\":2,\"name\":\"\u00a1\u00danete Al Club De Conversaci\u00f3n en Portugu\u00e9s!\"}]},{\"@type\":\"WebSite\",\"@id\":\"https:\/\/www.ucatolica.edu.co\/portal\/#website\",\"url\":\"https:\/\/www.ucatolica.edu.co\/portal\/\",\"name\":\"Universidad Cat\u00f3lica De Colombia\",\"description\":\"Universidad Cat\u00f3lica De Colombia\",\"publisher\":{\"@id\":\"https:\/\/www.ucatolica.edu.co\/portal\/#organization\"},\"potentialAction\":[{\"@type\":\"SearchAction\",\"target\":{\"@type\":\"EntryPoint\",\"urlTemplate\":\"https:\/\/www.ucatolica.edu.co\/portal\/?s={search_term_string}\"},\"query-input\":{\"@type\":\"PropertyValueSpecification\",\"valueRequired\":true,\"valueName\":\"search_term_string\"}}],\"inLanguage\":\"es-CO\"},{\"@type\":\"Organization\",\"@id\":\"https:\/\/www.ucatolica.edu.co\/portal\/#organization\",\"name\":\"Universidad Cat\u00f3lica de Colombia\",\"url\":\"https:\/\/www.ucatolica.edu.co\/portal\/\",\"logo\":{\"@type\":\"ImageObject\",\"inLanguage\":\"es-CO\",\"@id\":\"https:\/\/www.ucatolica.edu.co\/portal\/#\/schema\/logo\/image\/\",\"url\":\"https:\/\/www.ucatolica.edu.co\/portal\/wp-content\/uploads\/2021\/06\/logo-header-ho-1.svg\",\"contentUrl\":\"https:\/\/www.ucatolica.edu.co\/portal\/wp-content\/uploads\/2021\/06\/logo-header-ho-1.svg\",\"width\":1,\"height\":1,\"caption\":\"Universidad Cat\u00f3lica de Colombia\"},\"image\":{\"@id\":\"https:\/\/www.ucatolica.edu.co\/portal\/#\/schema\/logo\/image\/\"},\"sameAs\":[\"https:\/\/www.facebook.com\/ucatolicacolombia\",\"https:\/\/x.com\/UCatolicaCol\",\"https:\/\/www.instagram.com\/universidadcatolicadecolombia\/\",\"https:\/\/www.linkedin.com\/company\/universidadcatolicadecolombia\/\",\"https:\/\/www.youtube.com\/user\/UCatolicaCo\"]},{\"@type\":\"Person\",\"@id\":\"https:\/\/www.ucatolica.edu.co\/portal\/#\/schema\/person\/2fe10d3836c8b18a520cbf458d96a728\",\"name\":\"Juan Jos\u00e9 Franco\",\"url\":\"https:\/\/www.ucatolica.edu.co\/portal\/author\/juan\/\"}]}<\/script>\n<!-- \/ Yoast SEO plugin. -->","yoast_head_json":{"title":"\u00a1\u00danete Al Club De Conversaci\u00f3n en Portugu\u00e9s! - Universidad Cat\u00f3lica De Colombia","robots":{"index":"index","follow":"follow","max-snippet":"max-snippet:-1","max-image-preview":"max-image-preview:large","max-video-preview":"max-video-preview:-1"},"canonical":"https:\/\/www.ucatolica.edu.co\/portal\/unete-al-club-de-conversacion-en-portugues\/","og_locale":"es_ES","og_type":"article","og_title":"\u00a1\u00danete Al Club De Conversaci\u00f3n en Portugu\u00e9s! - Universidad Cat\u00f3lica De Colombia","og_description":"El Instituto de Lenguas y la Oficina de Relaciones Internacionales de la Universidad Cat\u00f3lica de Colombia invitan a todos los estudiantes, personal administrativo y docente a formar parte del Club de Conversaci\u00f3n en portugu\u00e9s. Esta es una oportunidad \u00fanica para sumergirse en la cultura y el idioma de Brasil. El club est\u00e1 dise\u00f1ado tanto para [&hellip;]","og_url":"https:\/\/www.ucatolica.edu.co\/portal\/unete-al-club-de-conversacion-en-portugues\/","og_site_name":"Universidad Cat\u00f3lica De Colombia","article_publisher":"https:\/\/www.facebook.com\/ucatolicacolombia","article_published_time":"2025-08-22T21:32:09+00:00","article_modified_time":"2025-08-22T23:23:55+00:00","og_image":[{"width":870,"height":522,"url":"https:\/\/www.ucatolica.edu.co\/portal\/wp-content\/uploads\/2025\/07\/OP5046-Portugues-Noticia.jpg","type":"image\/jpeg"}],"author":"Juan Jos\u00e9 Franco","twitter_card":"summary_large_image","twitter_creator":"@UCatolicaCol","twitter_site":"@UCatolicaCol","twitter_misc":{"Escrito por":"Juan Jos\u00e9 Franco","Tiempo de lectura":"2 minutos"},"schema":{"@context":"https:\/\/schema.org","@graph":[{"@type":"Article","@id":"https:\/\/www.ucatolica.edu.co\/portal\/unete-al-club-de-conversacion-en-portugues\/#article","isPartOf":{"@id":"https:\/\/www.ucatolica.edu.co\/portal\/unete-al-club-de-conversacion-en-portugues\/"},"author":{"name":"Juan Jos\u00e9 Franco","@id":"https:\/\/www.ucatolica.edu.co\/portal\/#\/schema\/person\/2fe10d3836c8b18a520cbf458d96a728"},"headline":"\u00a1\u00danete Al Club De Conversaci\u00f3n en Portugu\u00e9s!","datePublished":"2025-08-22T21:32:09+00:00","dateModified":"2025-08-22T23:23:55+00:00","mainEntityOfPage":{"@id":"https:\/\/www.ucatolica.edu.co\/portal\/unete-al-club-de-conversacion-en-portugues\/"},"wordCount":326,"commentCount":0,"publisher":{"@id":"https:\/\/www.ucatolica.edu.co\/portal\/#organization"},"image":{"@id":"https:\/\/www.ucatolica.edu.co\/portal\/unete-al-club-de-conversacion-en-portugues\/#primaryimage"},"thumbnailUrl":"https:\/\/www.ucatolica.edu.co\/portal\/wp-content\/uploads\/2025\/07\/OP5046-Portugues-Noticia.jpg","keywords":["Club de Conversaci\u00f3n en Portugu\u00e9s","Idioma","Portugu\u00e9s"],"articleSection":["Noticias Principales"],"inLanguage":"es-CO"},{"@type":"WebPage","@id":"https:\/\/www.ucatolica.edu.co\/portal\/unete-al-club-de-conversacion-en-portugues\/","url":"https:\/\/www.ucatolica.edu.co\/portal\/unete-al-club-de-conversacion-en-portugues\/","name":"\u00a1\u00danete Al Club De Conversaci\u00f3n en Portugu\u00e9s! - Universidad Cat\u00f3lica De Colombia","isPartOf":{"@id":"https:\/\/www.ucatolica.edu.co\/portal\/#website"},"primaryImageOfPage":{"@id":"https:\/\/www.ucatolica.edu.co\/portal\/unete-al-club-de-conversacion-en-portugues\/#primaryimage"},"image":{"@id":"https:\/\/www.ucatolica.edu.co\/portal\/unete-al-club-de-conversacion-en-portugues\/#primaryimage"},"thumbnailUrl":"https:\/\/www.ucatolica.edu.co\/portal\/wp-content\/uploads\/2025\/07\/OP5046-Portugues-Noticia.jpg","datePublished":"2025-08-22T21:32:09+00:00","dateModified":"2025-08-22T23:23:55+00:00","breadcrumb":{"@id":"https:\/\/www.ucatolica.edu.co\/portal\/unete-al-club-de-conversacion-en-portugues\/#breadcrumb"},"inLanguage":"es-CO","potentialAction":[{"@type":"ReadAction","target":["https:\/\/www.ucatolica.edu.co\/portal\/unete-al-club-de-conversacion-en-portugues\/"]}]},{"@type":"ImageObject","inLanguage":"es-CO","@id":"https:\/\/www.ucatolica.edu.co\/portal\/unete-al-club-de-conversacion-en-portugues\/#primaryimage","url":"https:\/\/www.ucatolica.edu.co\/portal\/wp-content\/uploads\/2025\/07\/OP5046-Portugues-Noticia.jpg","contentUrl":"https:\/\/www.ucatolica.edu.co\/portal\/wp-content\/uploads\/2025\/07\/OP5046-Portugues-Noticia.jpg","width":870,"height":522},{"@type":"BreadcrumbList","@id":"https:\/\/www.ucatolica.edu.co\/portal\/unete-al-club-de-conversacion-en-portugues\/#breadcrumb","itemListElement":[{"@type":"ListItem","position":1,"name":"Inicio","item":"https:\/\/www.ucatolica.edu.co\/portal\/"},{"@type":"ListItem","position":2,"name":"\u00a1\u00danete Al Club De Conversaci\u00f3n en Portugu\u00e9s!"}]},{"@type":"WebSite","@id":"https:\/\/www.ucatolica.edu.co\/portal\/#website","url":"https:\/\/www.ucatolica.edu.co\/portal\/","name":"Universidad Cat\u00f3lica De Colombia","description":"Universidad Cat\u00f3lica De Colombia","publisher":{"@id":"https:\/\/www.ucatolica.edu.co\/portal\/#organization"},"potentialAction":[{"@type":"SearchAction","target":{"@type":"EntryPoint","urlTemplate":"https:\/\/www.ucatolica.edu.co\/portal\/?s={search_term_string}"},"query-input":{"@type":"PropertyValueSpecification","valueRequired":true,"valueName":"search_term_string"}}],"inLanguage":"es-CO"},{"@type":"Organization","@id":"https:\/\/www.ucatolica.edu.co\/portal\/#organization","name":"Universidad Cat\u00f3lica de Colombia","url":"https:\/\/www.ucatolica.edu.co\/portal\/","logo":{"@type":"ImageObject","inLanguage":"es-CO","@id":"https:\/\/www.ucatolica.edu.co\/portal\/#\/schema\/logo\/image\/","url":"https:\/\/www.ucatolica.edu.co\/portal\/wp-content\/uploads\/2021\/06\/logo-header-ho-1.svg","contentUrl":"https:\/\/www.ucatolica.edu.co\/portal\/wp-content\/uploads\/2021\/06\/logo-header-ho-1.svg","width":1,"height":1,"caption":"Universidad Cat\u00f3lica de Colombia"},"image":{"@id":"https:\/\/www.ucatolica.edu.co\/portal\/#\/schema\/logo\/image\/"},"sameAs":["https:\/\/www.facebook.com\/ucatolicacolombia","https:\/\/x.com\/UCatolicaCol","https:\/\/www.instagram.com\/universidadcatolicadecolombia\/","https:\/\/www.linkedin.com\/company\/universidadcatolicadecolombia\/","https:\/\/www.youtube.com\/user\/UCatolicaCo"]},{"@type":"Person","@id":"https:\/\/www.ucatolica.edu.co\/portal\/#\/schema\/person\/2fe10d3836c8b18a520cbf458d96a728","name":"Juan Jos\u00e9 Franco","url":"https:\/\/www.ucatolica.edu.co\/portal\/author\/juan\/"}]}},"author_meta":{"display_name":"Juan Jos\u00e9 Franco","author_link":"https:\/\/www.ucatolica.edu.co\/portal\/author\/juan\/"},"featured_img":"https:\/\/www.ucatolica.edu.co\/portal\/wp-content\/uploads\/2025\/07\/OP5046-Portugues-Noticia.jpg","coauthors":[],"tax_additional":{"categories":{"linked":["<a href=\"https:\/\/www.ucatolica.edu.co\/portal\/category\/noticias-principales\/\" class=\"advgb-post-tax-term\">Noticias Principales<\/a>"],"unlinked":["<span class=\"advgb-post-tax-term\">Noticias Principales<\/span>"]},"tags":{"linked":["<a href=\"https:\/\/www.ucatolica.edu.co\/portal\/category\/noticias-principales\/\" class=\"advgb-post-tax-term\">Club de Conversaci\u00f3n en Portugu\u00e9s<\/a>","<a href=\"https:\/\/www.ucatolica.edu.co\/portal\/category\/noticias-principales\/\" class=\"advgb-post-tax-term\">Idioma<\/a>","<a href=\"https:\/\/www.ucatolica.edu.co\/portal\/category\/noticias-principales\/\" class=\"advgb-post-tax-term\">Portugu\u00e9s<\/a>"],"unlinked":["<span class=\"advgb-post-tax-term\">Club de Conversaci\u00f3n en Portugu\u00e9s<\/span>","<span class=\"advgb-post-tax-term\">Idioma<\/span>","<span class=\"advgb-post-tax-term\">Portugu\u00e9s<\/span>"]}},"comment_count":"0","relative_dates":{"created":"Posted 8 meses ago","modified":"Updated 8 meses ago"},"absolute_dates":{"created":"Posted on 22 agosto, 2025","modified":"Updated on 22 agosto, 2025"},"absolute_dates_time":{"created":"Posted on 22 agosto, 2025 4:32 pm","modified":"Updated on 22 agosto, 2025 6:23 pm"},"featured_img_caption":"","series_order":"","_links":{"self":[{"href":"https:\/\/www.ucatolica.edu.co\/portal\/wp-json\/wp\/v2\/posts\/121747","targetHints":{"allow":["GET"]}}],"collection":[{"href":"https:\/\/www.ucatolica.edu.co\/portal\/wp-json\/wp\/v2\/posts"}],"about":[{"href":"https:\/\/www.ucatolica.edu.co\/portal\/wp-json\/wp\/v2\/types\/post"}],"author":[{"embeddable":true,"href":"https:\/\/www.ucatolica.edu.co\/portal\/wp-json\/wp\/v2\/users\/65"}],"replies":[{"embeddable":true,"href":"https:\/\/www.ucatolica.edu.co\/portal\/wp-json\/wp\/v2\/comments?post=121747"}],"version-history":[{"count":3,"href":"https:\/\/www.ucatolica.edu.co\/portal\/wp-json\/wp\/v2\/posts\/121747\/revisions"}],"predecessor-version":[{"id":121779,"href":"https:\/\/www.ucatolica.edu.co\/portal\/wp-json\/wp\/v2\/posts\/121747\/revisions\/121779"}],"wp:featuredmedia":[{"embeddable":true,"href":"https:\/\/www.ucatolica.edu.co\/portal\/wp-json\/wp\/v2\/media\/118909"}],"wp:attachment":[{"href":"https:\/\/www.ucatolica.edu.co\/portal\/wp-json\/wp\/v2\/media?parent=121747"}],"wp:term":[{"taxonomy":"category","embeddable":true,"href":"https:\/\/www.ucatolica.edu.co\/portal\/wp-json\/wp\/v2\/categories?post=121747"},{"taxonomy":"post_tag","embeddable":true,"href":"https:\/\/www.ucatolica.edu.co\/portal\/wp-json\/wp\/v2\/tags?post=121747"}],"curies":[{"name":"wp","href":"https:\/\/api.w.org\/{rel}","templated":true}]}}