{"id":121792,"date":"2025-08-26T17:29:42","date_gmt":"2025-08-26T22:29:42","guid":{"rendered":"https:\/\/www.ucatolica.edu.co\/portal\/?p=121792"},"modified":"2025-08-26T17:29:43","modified_gmt":"2025-08-26T22:29:43","slug":"tu-proximo-salon-de-clases-puede-estar-en-el-extranjero","status":"publish","type":"post","link":"https:\/\/www.ucatolica.edu.co\/portal\/tu-proximo-salon-de-clases-puede-estar-en-el-extranjero\/","title":{"rendered":"\u00a1Tu pr\u00f3ximo sal\u00f3n de clases puede estar en el extranjero!"},"content":{"rendered":"\n<p>La Universidad Cat\u00f3lica de Colombia a trav\u00e9s de la Oficina de Relaciones Internacionales e<br>Interinstitucionales te brinda la oportunidad de sumergirte en una nueva cultura y entorno,<br>mientras avanzas con tu formaci\u00f3n acad\u00e9mica. \u00a1Iniciamos nuestra <strong>Convocatoria de Movilidad<br>Saliente 2026-1! \ud83c\udf0d<\/strong><\/p>\n\n\n\n<p>Realizar un <strong>intercambio acad\u00e9mico<\/strong> es una experiencia enriquecedora y emocionante que te<br>permitir\u00e1 hacer nuevos amigos y establecer conexiones duraderas, ampliando tus horizontes<br>educativos y personales. En el intercambio podr\u00e1s cursar y homologar uno o dos semestres en<br>cualquiera de las universidades nacionales e internacionales con las que tenemos un convenio<br>vigente en la modalidad presencial o virtual.<\/p>\n\n\n\n<p>\ud83d\udce5 <strong>Fecha de postulaci\u00f3n: <\/strong>A partir del 19 de agosto del 2025<br>\u23f3 <strong>Cierre de postulaci\u00f3n:<\/strong> 14 de noviembre del 2025*<\/p>\n\n\n\n<p>*El cierre de postulaci\u00f3n estar\u00e1 sujeto a las fechas establecidas por las instituciones de destino.<br>Requisitos:<\/p>\n\n\n\n<ul class=\"wp-block-list\">\n<li>Ser estudiante matriculado en programa de <strong>pregrado <\/strong>de la Universidad Cat\u00f3lica de Colombia.<\/li>\n\n\n\n<li>Ser mayor de <strong>18 a\u00f1os.<\/strong><\/li>\n\n\n\n<li>Tener un promedio de carrera de m\u00ednimo <strong>7,5.<\/strong><\/li>\n\n\n\n<li>Estar cursando entre<strong> 3er y 10mo semestre<\/strong> del plan de estudios.<\/li>\n\n\n\n<li>Certificado vigente del <strong>idioma extranjero<\/strong> en el que se van a realizar los estudios.<\/li>\n\n\n\n<li>No tener sanciones acad\u00e9micas y\/o disciplinarias.<\/li>\n<\/ul>\n\n\n\n<p><strong>Nota<\/strong>: No podr\u00e1 cursar \u201cconsultorio jur\u00eddico\u201d en modalidad de intercambio.<br>\u00a1Ha llegado el momento de vivir una experiencia <strong>enriquecedora e inolvidable<\/strong>! \ud83c\udf1f Conoce todos<br>los detalles <a href=\"https:\/\/www.ucatolica.edu.co\/portal\/wp-content\/uploads\/2025\/08\/OP5185-IntercambioSaliente-BrochureOK-2.pdf\">aqu\u00ed<\/a>.<\/p>\n\n\n\n<p>Recuerda que, si est\u00e1s interesado en aplicar a uno de los <strong>cupos para alojamiento y alimentaci\u00f3n,<\/strong><br>debes cumplir los requisitos y tener un promedio de carrera m\u00ednimo de 8,0. La fecha l\u00edmite de<br>postulaci\u00f3n es el <strong>19 de septiembre del 2025<\/strong><a href=\"https:\/\/forms.office.com\/pages\/responsepage.aspx?id=SHEi1DBJBk-LqghF_1flQZZ1EwDGg_dIrgnSHpqINxdUMTBQS1BXNFFPUzVGNjkwMk9ITjdaWVU3VS4u&amp;origin=lprLink&amp;route=shorturl\"> \u00a1Inscr\u00edbete aqu\u00ed!<\/a><\/p>\n\n\n\n<p>\u00bfTienes dudas? \ud83e\udd14<\/p>\n\n\n\n<p>Ac\u00e9rcate a la <strong>Oficina de Relaciones Internacionales e Interinstitucionales <\/strong>para recibir toda la<br>informaci\u00f3n:<br>\ud83d\udce7 movilidad@ucatolica.edu.co<br>\ud83d\udcde <strong>Tel\u00e9fono<\/strong>: (601) 443 37 00 Ext: 3283<\/p>\n\n\n\n<p><\/p>\n","protected":false},"excerpt":{"rendered":"<p>La Universidad Cat\u00f3lica de Colombia a trav\u00e9s de la Oficina de Relaciones Internacionales eInterinstitucionales te brinda la oportunidad de sumergirte en una nueva cultura y entorno,mientras avanzas con tu formaci\u00f3n acad\u00e9mica. \u00a1Iniciamos nuestra Convocatoria de MovilidadSaliente 2026-1! \ud83c\udf0d Realizar un intercambio acad\u00e9mico es una experiencia enriquecedora y emocionante que tepermitir\u00e1 hacer nuevos amigos y establecer [&hellip;]<\/p>\n","protected":false},"author":65,"featured_media":121822,"comment_status":"open","ping_status":"open","sticky":false,"template":"","format":"standard","meta":{"_acf_changed":false,"advgb_blocks_editor_width":"","advgb_blocks_columns_visual_guide":"","footnotes":""},"categories":[93,531],"tags":[543,152,468,479],"class_list":["post-121792","post","type-post","status-publish","format-standard","has-post-thumbnail","hentry","category-noticias-principales","category-orii","tag-intercambio-academico","tag-internacionalizacion","tag-movilidad-academica","tag-orii"],"acf":[],"yoast_head":"<!-- This site is optimized with the Yoast SEO plugin v26.7 - https:\/\/yoast.com\/wordpress\/plugins\/seo\/ -->\n<title>\u00a1Tu pr\u00f3ximo sal\u00f3n de clases puede estar en el extranjero! - Universidad Cat\u00f3lica De Colombia<\/title>\n<meta name=\"robots\" content=\"index, follow, max-snippet:-1, max-image-preview:large, max-video-preview:-1\" \/>\n<link rel=\"canonical\" href=\"https:\/\/www.ucatolica.edu.co\/portal\/tu-proximo-salon-de-clases-puede-estar-en-el-extranjero\/\" \/>\n<meta property=\"og:locale\" content=\"es_ES\" \/>\n<meta property=\"og:type\" content=\"article\" \/>\n<meta property=\"og:title\" content=\"\u00a1Tu pr\u00f3ximo sal\u00f3n de clases puede estar en el extranjero! - Universidad Cat\u00f3lica De Colombia\" \/>\n<meta property=\"og:description\" content=\"La Universidad Cat\u00f3lica de Colombia a trav\u00e9s de la Oficina de Relaciones Internacionales eInterinstitucionales te brinda la oportunidad de sumergirte en una nueva cultura y entorno,mientras avanzas con tu formaci\u00f3n acad\u00e9mica. \u00a1Iniciamos nuestra Convocatoria de MovilidadSaliente 2026-1! \ud83c\udf0d Realizar un intercambio acad\u00e9mico es una experiencia enriquecedora y emocionante que tepermitir\u00e1 hacer nuevos amigos y establecer [&hellip;]\" \/>\n<meta property=\"og:url\" content=\"https:\/\/www.ucatolica.edu.co\/portal\/tu-proximo-salon-de-clases-puede-estar-en-el-extranjero\/\" \/>\n<meta property=\"og:site_name\" content=\"Universidad Cat\u00f3lica De Colombia\" \/>\n<meta property=\"article:publisher\" content=\"https:\/\/www.facebook.com\/ucatolicacolombia\" \/>\n<meta property=\"article:published_time\" content=\"2025-08-26T22:29:42+00:00\" \/>\n<meta property=\"article:modified_time\" content=\"2025-08-26T22:29:43+00:00\" \/>\n<meta property=\"og:image\" content=\"https:\/\/www.ucatolica.edu.co\/portal\/wp-content\/uploads\/2025\/08\/Estudiantes-de-la-Universida-Catolica-de-Colombia.jpg\" \/>\n\t<meta property=\"og:image:width\" content=\"870\" \/>\n\t<meta property=\"og:image:height\" content=\"522\" \/>\n\t<meta property=\"og:image:type\" content=\"image\/jpeg\" \/>\n<meta name=\"author\" content=\"Juan Jos\u00e9 Franco\" \/>\n<meta name=\"twitter:card\" content=\"summary_large_image\" \/>\n<meta name=\"twitter:creator\" content=\"@UCatolicaCol\" \/>\n<meta name=\"twitter:site\" content=\"@UCatolicaCol\" \/>\n<meta name=\"twitter:label1\" content=\"Escrito por\" \/>\n\t<meta name=\"twitter:data1\" content=\"Juan Jos\u00e9 Franco\" \/>\n\t<meta name=\"twitter:label2\" content=\"Tiempo de lectura\" \/>\n\t<meta name=\"twitter:data2\" content=\"1 minuto\" \/>\n<script type=\"application\/ld+json\" class=\"yoast-schema-graph\">{\"@context\":\"https:\/\/schema.org\",\"@graph\":[{\"@type\":\"Article\",\"@id\":\"https:\/\/www.ucatolica.edu.co\/portal\/tu-proximo-salon-de-clases-puede-estar-en-el-extranjero\/#article\",\"isPartOf\":{\"@id\":\"https:\/\/www.ucatolica.edu.co\/portal\/tu-proximo-salon-de-clases-puede-estar-en-el-extranjero\/\"},\"author\":{\"name\":\"Juan Jos\u00e9 Franco\",\"@id\":\"https:\/\/www.ucatolica.edu.co\/portal\/#\/schema\/person\/2fe10d3836c8b18a520cbf458d96a728\"},\"headline\":\"\u00a1Tu pr\u00f3ximo sal\u00f3n de clases puede estar en el extranjero!\",\"datePublished\":\"2025-08-26T22:29:42+00:00\",\"dateModified\":\"2025-08-26T22:29:43+00:00\",\"mainEntityOfPage\":{\"@id\":\"https:\/\/www.ucatolica.edu.co\/portal\/tu-proximo-salon-de-clases-puede-estar-en-el-extranjero\/\"},\"wordCount\":299,\"commentCount\":0,\"publisher\":{\"@id\":\"https:\/\/www.ucatolica.edu.co\/portal\/#organization\"},\"image\":{\"@id\":\"https:\/\/www.ucatolica.edu.co\/portal\/tu-proximo-salon-de-clases-puede-estar-en-el-extranjero\/#primaryimage\"},\"thumbnailUrl\":\"https:\/\/www.ucatolica.edu.co\/portal\/wp-content\/uploads\/2025\/08\/Estudiantes-de-la-Universida-Catolica-de-Colombia.jpg\",\"keywords\":[\"Intercambio Acad\u00e9mico\",\"Internacionalizaci\u00f3n\",\"movilidad acad\u00e9mica\",\"ORII\"],\"articleSection\":[\"Noticias Principales\",\"ORII\"],\"inLanguage\":\"es-CO\"},{\"@type\":\"WebPage\",\"@id\":\"https:\/\/www.ucatolica.edu.co\/portal\/tu-proximo-salon-de-clases-puede-estar-en-el-extranjero\/\",\"url\":\"https:\/\/www.ucatolica.edu.co\/portal\/tu-proximo-salon-de-clases-puede-estar-en-el-extranjero\/\",\"name\":\"\u00a1Tu pr\u00f3ximo sal\u00f3n de clases puede estar en el extranjero! - Universidad Cat\u00f3lica De Colombia\",\"isPartOf\":{\"@id\":\"https:\/\/www.ucatolica.edu.co\/portal\/#website\"},\"primaryImageOfPage\":{\"@id\":\"https:\/\/www.ucatolica.edu.co\/portal\/tu-proximo-salon-de-clases-puede-estar-en-el-extranjero\/#primaryimage\"},\"image\":{\"@id\":\"https:\/\/www.ucatolica.edu.co\/portal\/tu-proximo-salon-de-clases-puede-estar-en-el-extranjero\/#primaryimage\"},\"thumbnailUrl\":\"https:\/\/www.ucatolica.edu.co\/portal\/wp-content\/uploads\/2025\/08\/Estudiantes-de-la-Universida-Catolica-de-Colombia.jpg\",\"datePublished\":\"2025-08-26T22:29:42+00:00\",\"dateModified\":\"2025-08-26T22:29:43+00:00\",\"breadcrumb\":{\"@id\":\"https:\/\/www.ucatolica.edu.co\/portal\/tu-proximo-salon-de-clases-puede-estar-en-el-extranjero\/#breadcrumb\"},\"inLanguage\":\"es-CO\",\"potentialAction\":[{\"@type\":\"ReadAction\",\"target\":[\"https:\/\/www.ucatolica.edu.co\/portal\/tu-proximo-salon-de-clases-puede-estar-en-el-extranjero\/\"]}]},{\"@type\":\"ImageObject\",\"inLanguage\":\"es-CO\",\"@id\":\"https:\/\/www.ucatolica.edu.co\/portal\/tu-proximo-salon-de-clases-puede-estar-en-el-extranjero\/#primaryimage\",\"url\":\"https:\/\/www.ucatolica.edu.co\/portal\/wp-content\/uploads\/2025\/08\/Estudiantes-de-la-Universida-Catolica-de-Colombia.jpg\",\"contentUrl\":\"https:\/\/www.ucatolica.edu.co\/portal\/wp-content\/uploads\/2025\/08\/Estudiantes-de-la-Universida-Catolica-de-Colombia.jpg\",\"width\":870,\"height\":522},{\"@type\":\"BreadcrumbList\",\"@id\":\"https:\/\/www.ucatolica.edu.co\/portal\/tu-proximo-salon-de-clases-puede-estar-en-el-extranjero\/#breadcrumb\",\"itemListElement\":[{\"@type\":\"ListItem\",\"position\":1,\"name\":\"Inicio\",\"item\":\"https:\/\/www.ucatolica.edu.co\/portal\/\"},{\"@type\":\"ListItem\",\"position\":2,\"name\":\"\u00a1Tu pr\u00f3ximo sal\u00f3n de clases puede estar en el extranjero!\"}]},{\"@type\":\"WebSite\",\"@id\":\"https:\/\/www.ucatolica.edu.co\/portal\/#website\",\"url\":\"https:\/\/www.ucatolica.edu.co\/portal\/\",\"name\":\"Universidad Cat\u00f3lica De Colombia\",\"description\":\"Universidad Cat\u00f3lica De Colombia\",\"publisher\":{\"@id\":\"https:\/\/www.ucatolica.edu.co\/portal\/#organization\"},\"potentialAction\":[{\"@type\":\"SearchAction\",\"target\":{\"@type\":\"EntryPoint\",\"urlTemplate\":\"https:\/\/www.ucatolica.edu.co\/portal\/?s={search_term_string}\"},\"query-input\":{\"@type\":\"PropertyValueSpecification\",\"valueRequired\":true,\"valueName\":\"search_term_string\"}}],\"inLanguage\":\"es-CO\"},{\"@type\":\"Organization\",\"@id\":\"https:\/\/www.ucatolica.edu.co\/portal\/#organization\",\"name\":\"Universidad Cat\u00f3lica de Colombia\",\"url\":\"https:\/\/www.ucatolica.edu.co\/portal\/\",\"logo\":{\"@type\":\"ImageObject\",\"inLanguage\":\"es-CO\",\"@id\":\"https:\/\/www.ucatolica.edu.co\/portal\/#\/schema\/logo\/image\/\",\"url\":\"https:\/\/www.ucatolica.edu.co\/portal\/wp-content\/uploads\/2021\/06\/logo-header-ho-1.svg\",\"contentUrl\":\"https:\/\/www.ucatolica.edu.co\/portal\/wp-content\/uploads\/2021\/06\/logo-header-ho-1.svg\",\"width\":1,\"height\":1,\"caption\":\"Universidad Cat\u00f3lica de Colombia\"},\"image\":{\"@id\":\"https:\/\/www.ucatolica.edu.co\/portal\/#\/schema\/logo\/image\/\"},\"sameAs\":[\"https:\/\/www.facebook.com\/ucatolicacolombia\",\"https:\/\/x.com\/UCatolicaCol\",\"https:\/\/www.instagram.com\/universidadcatolicadecolombia\/\",\"https:\/\/www.linkedin.com\/company\/universidadcatolicadecolombia\/\",\"https:\/\/www.youtube.com\/user\/UCatolicaCo\"]},{\"@type\":\"Person\",\"@id\":\"https:\/\/www.ucatolica.edu.co\/portal\/#\/schema\/person\/2fe10d3836c8b18a520cbf458d96a728\",\"name\":\"Juan Jos\u00e9 Franco\",\"url\":\"https:\/\/www.ucatolica.edu.co\/portal\/author\/juan\/\"}]}<\/script>\n<!-- \/ Yoast SEO plugin. -->","yoast_head_json":{"title":"\u00a1Tu pr\u00f3ximo sal\u00f3n de clases puede estar en el extranjero! - Universidad Cat\u00f3lica De Colombia","robots":{"index":"index","follow":"follow","max-snippet":"max-snippet:-1","max-image-preview":"max-image-preview:large","max-video-preview":"max-video-preview:-1"},"canonical":"https:\/\/www.ucatolica.edu.co\/portal\/tu-proximo-salon-de-clases-puede-estar-en-el-extranjero\/","og_locale":"es_ES","og_type":"article","og_title":"\u00a1Tu pr\u00f3ximo sal\u00f3n de clases puede estar en el extranjero! - Universidad Cat\u00f3lica De Colombia","og_description":"La Universidad Cat\u00f3lica de Colombia a trav\u00e9s de la Oficina de Relaciones Internacionales eInterinstitucionales te brinda la oportunidad de sumergirte en una nueva cultura y entorno,mientras avanzas con tu formaci\u00f3n acad\u00e9mica. \u00a1Iniciamos nuestra Convocatoria de MovilidadSaliente 2026-1! \ud83c\udf0d Realizar un intercambio acad\u00e9mico es una experiencia enriquecedora y emocionante que tepermitir\u00e1 hacer nuevos amigos y establecer [&hellip;]","og_url":"https:\/\/www.ucatolica.edu.co\/portal\/tu-proximo-salon-de-clases-puede-estar-en-el-extranjero\/","og_site_name":"Universidad Cat\u00f3lica De Colombia","article_publisher":"https:\/\/www.facebook.com\/ucatolicacolombia","article_published_time":"2025-08-26T22:29:42+00:00","article_modified_time":"2025-08-26T22:29:43+00:00","og_image":[{"width":870,"height":522,"url":"https:\/\/www.ucatolica.edu.co\/portal\/wp-content\/uploads\/2025\/08\/Estudiantes-de-la-Universida-Catolica-de-Colombia.jpg","type":"image\/jpeg"}],"author":"Juan Jos\u00e9 Franco","twitter_card":"summary_large_image","twitter_creator":"@UCatolicaCol","twitter_site":"@UCatolicaCol","twitter_misc":{"Escrito por":"Juan Jos\u00e9 Franco","Tiempo de lectura":"1 minuto"},"schema":{"@context":"https:\/\/schema.org","@graph":[{"@type":"Article","@id":"https:\/\/www.ucatolica.edu.co\/portal\/tu-proximo-salon-de-clases-puede-estar-en-el-extranjero\/#article","isPartOf":{"@id":"https:\/\/www.ucatolica.edu.co\/portal\/tu-proximo-salon-de-clases-puede-estar-en-el-extranjero\/"},"author":{"name":"Juan Jos\u00e9 Franco","@id":"https:\/\/www.ucatolica.edu.co\/portal\/#\/schema\/person\/2fe10d3836c8b18a520cbf458d96a728"},"headline":"\u00a1Tu pr\u00f3ximo sal\u00f3n de clases puede estar en el extranjero!","datePublished":"2025-08-26T22:29:42+00:00","dateModified":"2025-08-26T22:29:43+00:00","mainEntityOfPage":{"@id":"https:\/\/www.ucatolica.edu.co\/portal\/tu-proximo-salon-de-clases-puede-estar-en-el-extranjero\/"},"wordCount":299,"commentCount":0,"publisher":{"@id":"https:\/\/www.ucatolica.edu.co\/portal\/#organization"},"image":{"@id":"https:\/\/www.ucatolica.edu.co\/portal\/tu-proximo-salon-de-clases-puede-estar-en-el-extranjero\/#primaryimage"},"thumbnailUrl":"https:\/\/www.ucatolica.edu.co\/portal\/wp-content\/uploads\/2025\/08\/Estudiantes-de-la-Universida-Catolica-de-Colombia.jpg","keywords":["Intercambio Acad\u00e9mico","Internacionalizaci\u00f3n","movilidad acad\u00e9mica","ORII"],"articleSection":["Noticias Principales","ORII"],"inLanguage":"es-CO"},{"@type":"WebPage","@id":"https:\/\/www.ucatolica.edu.co\/portal\/tu-proximo-salon-de-clases-puede-estar-en-el-extranjero\/","url":"https:\/\/www.ucatolica.edu.co\/portal\/tu-proximo-salon-de-clases-puede-estar-en-el-extranjero\/","name":"\u00a1Tu pr\u00f3ximo sal\u00f3n de clases puede estar en el extranjero! - Universidad Cat\u00f3lica De Colombia","isPartOf":{"@id":"https:\/\/www.ucatolica.edu.co\/portal\/#website"},"primaryImageOfPage":{"@id":"https:\/\/www.ucatolica.edu.co\/portal\/tu-proximo-salon-de-clases-puede-estar-en-el-extranjero\/#primaryimage"},"image":{"@id":"https:\/\/www.ucatolica.edu.co\/portal\/tu-proximo-salon-de-clases-puede-estar-en-el-extranjero\/#primaryimage"},"thumbnailUrl":"https:\/\/www.ucatolica.edu.co\/portal\/wp-content\/uploads\/2025\/08\/Estudiantes-de-la-Universida-Catolica-de-Colombia.jpg","datePublished":"2025-08-26T22:29:42+00:00","dateModified":"2025-08-26T22:29:43+00:00","breadcrumb":{"@id":"https:\/\/www.ucatolica.edu.co\/portal\/tu-proximo-salon-de-clases-puede-estar-en-el-extranjero\/#breadcrumb"},"inLanguage":"es-CO","potentialAction":[{"@type":"ReadAction","target":["https:\/\/www.ucatolica.edu.co\/portal\/tu-proximo-salon-de-clases-puede-estar-en-el-extranjero\/"]}]},{"@type":"ImageObject","inLanguage":"es-CO","@id":"https:\/\/www.ucatolica.edu.co\/portal\/tu-proximo-salon-de-clases-puede-estar-en-el-extranjero\/#primaryimage","url":"https:\/\/www.ucatolica.edu.co\/portal\/wp-content\/uploads\/2025\/08\/Estudiantes-de-la-Universida-Catolica-de-Colombia.jpg","contentUrl":"https:\/\/www.ucatolica.edu.co\/portal\/wp-content\/uploads\/2025\/08\/Estudiantes-de-la-Universida-Catolica-de-Colombia.jpg","width":870,"height":522},{"@type":"BreadcrumbList","@id":"https:\/\/www.ucatolica.edu.co\/portal\/tu-proximo-salon-de-clases-puede-estar-en-el-extranjero\/#breadcrumb","itemListElement":[{"@type":"ListItem","position":1,"name":"Inicio","item":"https:\/\/www.ucatolica.edu.co\/portal\/"},{"@type":"ListItem","position":2,"name":"\u00a1Tu pr\u00f3ximo sal\u00f3n de clases puede estar en el extranjero!"}]},{"@type":"WebSite","@id":"https:\/\/www.ucatolica.edu.co\/portal\/#website","url":"https:\/\/www.ucatolica.edu.co\/portal\/","name":"Universidad Cat\u00f3lica De Colombia","description":"Universidad Cat\u00f3lica De Colombia","publisher":{"@id":"https:\/\/www.ucatolica.edu.co\/portal\/#organization"},"potentialAction":[{"@type":"SearchAction","target":{"@type":"EntryPoint","urlTemplate":"https:\/\/www.ucatolica.edu.co\/portal\/?s={search_term_string}"},"query-input":{"@type":"PropertyValueSpecification","valueRequired":true,"valueName":"search_term_string"}}],"inLanguage":"es-CO"},{"@type":"Organization","@id":"https:\/\/www.ucatolica.edu.co\/portal\/#organization","name":"Universidad Cat\u00f3lica de Colombia","url":"https:\/\/www.ucatolica.edu.co\/portal\/","logo":{"@type":"ImageObject","inLanguage":"es-CO","@id":"https:\/\/www.ucatolica.edu.co\/portal\/#\/schema\/logo\/image\/","url":"https:\/\/www.ucatolica.edu.co\/portal\/wp-content\/uploads\/2021\/06\/logo-header-ho-1.svg","contentUrl":"https:\/\/www.ucatolica.edu.co\/portal\/wp-content\/uploads\/2021\/06\/logo-header-ho-1.svg","width":1,"height":1,"caption":"Universidad Cat\u00f3lica de Colombia"},"image":{"@id":"https:\/\/www.ucatolica.edu.co\/portal\/#\/schema\/logo\/image\/"},"sameAs":["https:\/\/www.facebook.com\/ucatolicacolombia","https:\/\/x.com\/UCatolicaCol","https:\/\/www.instagram.com\/universidadcatolicadecolombia\/","https:\/\/www.linkedin.com\/company\/universidadcatolicadecolombia\/","https:\/\/www.youtube.com\/user\/UCatolicaCo"]},{"@type":"Person","@id":"https:\/\/www.ucatolica.edu.co\/portal\/#\/schema\/person\/2fe10d3836c8b18a520cbf458d96a728","name":"Juan Jos\u00e9 Franco","url":"https:\/\/www.ucatolica.edu.co\/portal\/author\/juan\/"}]}},"author_meta":{"display_name":"Juan Jos\u00e9 Franco","author_link":"https:\/\/www.ucatolica.edu.co\/portal\/author\/juan\/"},"featured_img":"https:\/\/www.ucatolica.edu.co\/portal\/wp-content\/uploads\/2025\/08\/Estudiantes-de-la-Universida-Catolica-de-Colombia.jpg","coauthors":[],"tax_additional":{"categories":{"linked":["<a href=\"https:\/\/www.ucatolica.edu.co\/portal\/category\/noticias-principales\/\" class=\"advgb-post-tax-term\">Noticias Principales<\/a>","<a href=\"https:\/\/www.ucatolica.edu.co\/portal\/category\/orii\/\" class=\"advgb-post-tax-term\">ORII<\/a>"],"unlinked":["<span class=\"advgb-post-tax-term\">Noticias Principales<\/span>","<span class=\"advgb-post-tax-term\">ORII<\/span>"]},"tags":{"linked":["<a href=\"https:\/\/www.ucatolica.edu.co\/portal\/category\/orii\/\" class=\"advgb-post-tax-term\">Intercambio Acad\u00e9mico<\/a>","<a href=\"https:\/\/www.ucatolica.edu.co\/portal\/category\/orii\/\" class=\"advgb-post-tax-term\">Internacionalizaci\u00f3n<\/a>","<a href=\"https:\/\/www.ucatolica.edu.co\/portal\/category\/orii\/\" class=\"advgb-post-tax-term\">movilidad acad\u00e9mica<\/a>","<a href=\"https:\/\/www.ucatolica.edu.co\/portal\/category\/orii\/\" class=\"advgb-post-tax-term\">ORII<\/a>"],"unlinked":["<span class=\"advgb-post-tax-term\">Intercambio Acad\u00e9mico<\/span>","<span class=\"advgb-post-tax-term\">Internacionalizaci\u00f3n<\/span>","<span class=\"advgb-post-tax-term\">movilidad acad\u00e9mica<\/span>","<span class=\"advgb-post-tax-term\">ORII<\/span>"]}},"comment_count":"0","relative_dates":{"created":"Posted 8 meses ago","modified":"Updated 8 meses ago"},"absolute_dates":{"created":"Posted on 26 agosto, 2025","modified":"Updated on 26 agosto, 2025"},"absolute_dates_time":{"created":"Posted on 26 agosto, 2025 5:29 pm","modified":"Updated on 26 agosto, 2025 5:29 pm"},"featured_img_caption":"","series_order":"","_links":{"self":[{"href":"https:\/\/www.ucatolica.edu.co\/portal\/wp-json\/wp\/v2\/posts\/121792","targetHints":{"allow":["GET"]}}],"collection":[{"href":"https:\/\/www.ucatolica.edu.co\/portal\/wp-json\/wp\/v2\/posts"}],"about":[{"href":"https:\/\/www.ucatolica.edu.co\/portal\/wp-json\/wp\/v2\/types\/post"}],"author":[{"embeddable":true,"href":"https:\/\/www.ucatolica.edu.co\/portal\/wp-json\/wp\/v2\/users\/65"}],"replies":[{"embeddable":true,"href":"https:\/\/www.ucatolica.edu.co\/portal\/wp-json\/wp\/v2\/comments?post=121792"}],"version-history":[{"count":5,"href":"https:\/\/www.ucatolica.edu.co\/portal\/wp-json\/wp\/v2\/posts\/121792\/revisions"}],"predecessor-version":[{"id":121797,"href":"https:\/\/www.ucatolica.edu.co\/portal\/wp-json\/wp\/v2\/posts\/121792\/revisions\/121797"}],"wp:featuredmedia":[{"embeddable":true,"href":"https:\/\/www.ucatolica.edu.co\/portal\/wp-json\/wp\/v2\/media\/121822"}],"wp:attachment":[{"href":"https:\/\/www.ucatolica.edu.co\/portal\/wp-json\/wp\/v2\/media?parent=121792"}],"wp:term":[{"taxonomy":"category","embeddable":true,"href":"https:\/\/www.ucatolica.edu.co\/portal\/wp-json\/wp\/v2\/categories?post=121792"},{"taxonomy":"post_tag","embeddable":true,"href":"https:\/\/www.ucatolica.edu.co\/portal\/wp-json\/wp\/v2\/tags?post=121792"}],"curies":[{"name":"wp","href":"https:\/\/api.w.org\/{rel}","templated":true}]}}