{"id":121827,"date":"2025-08-27T11:12:10","date_gmt":"2025-08-27T16:12:10","guid":{"rendered":"https:\/\/www.ucatolica.edu.co\/portal\/?p=121827"},"modified":"2025-08-27T11:12:11","modified_gmt":"2025-08-27T16:12:11","slug":"conectate-con-la-naturaleza-en-nuestra-caminata-ecologica","status":"publish","type":"post","link":"https:\/\/www.ucatolica.edu.co\/portal\/conectate-con-la-naturaleza-en-nuestra-caminata-ecologica\/","title":{"rendered":"Con\u00e9ctate con la naturaleza en nuestra Caminata Ecol\u00f3gica"},"content":{"rendered":"\n<p>Bienestar Universitario y la Coordinaci\u00f3n de Deportes, Recreaci\u00f3n y Actividad F\u00edsica invitan a toda la comunidad universitaria \u2014estudiantes, docentes, administrativos y egresados\u2014 a disfrutar de una jornada \u00fanica en contacto con la naturaleza en el Parque Entrenubes \u2013 Mirador Juan Rey.<\/p>\n\n\n\n<p>Fecha: s\u00e1bado 6 de septiembre<\/p>\n\n\n\n<p>Hora de salida: 6:30 a.m.<\/p>\n\n\n\n<p>Punto de encuentro: Entrada Principal \u2013 Sede El Claustro<\/p>\n\n\n\n<p>Transporte cubierto por la Universidad<\/p>\n\n\n\n<p><strong>Requisitos de inscripci\u00f3n<\/strong><\/p>\n\n\n\n<ul class=\"wp-block-list\">\n<li>Fotocopia del carn\u00e9 estudiantil<\/li>\n<\/ul>\n\n\n\n<ul class=\"wp-block-list\">\n<li>Fotocopia del certificado de salud\/EPS vigente<\/li>\n<\/ul>\n\n\n\n<ul class=\"wp-block-list\">\n<li>Carta de exenci\u00f3n de responsabilidad y Habeas Data (disponible en ventanilla de Bienestar Universitario)<\/li>\n<\/ul>\n\n\n\n<ul class=\"wp-block-list\">\n<li>Carta de autorizaci\u00f3n de los padres para menores de edad (disponible en ventanilla de Bienestar Universitario)<\/li>\n<\/ul>\n\n\n\n<p><strong>Entrega de documentos:<\/strong><\/p>\n\n\n\n<p>En ventanillas de Bienestar Universitario (Sede El Claustro o Carrera 13) o enviarlos escaneados al correo: operdomoc@ucatolica.edu.co<\/p>\n\n\n\n<p><strong><a href=\"https:\/\/forms.office.com\/r\/RTRhaUu2Rr\">Inscr\u00edbete aqu\u00ed<\/a><\/strong><\/p>\n\n\n\n<p><strong>Cupos limitados<\/strong><\/p>\n\n\n\n<p><strong>Recomendaciones:<\/strong><\/p>\n\n\n\n<p>Ropa c\u00f3moda, calzado adecuado, maleta doble tiranta, medicamentos personales, refrigerio, gorra, bloqueador solar, hidrataci\u00f3n y bolsa para residuos.<\/p>\n\n\n\n<p>\u00a1No te pierdas esta oportunidad de disfrutar la naturaleza, hacer ejercicio y compartir con la comunidad universitaria!<\/p>\n\n\n\n<p><strong>Mayor informaci\u00f3n:<\/strong><\/p>\n\n\n\n<p><strong>Bienestar Universitario<\/strong><\/p>\n\n\n\n<p><strong>Tel: (601) 443 3700 Ext. 3086<\/strong><\/p>\n","protected":false},"excerpt":{"rendered":"<p>Bienestar Universitario y la Coordinaci\u00f3n de Deportes, Recreaci\u00f3n y Actividad F\u00edsica invitan a toda la comunidad universitaria \u2014estudiantes, docentes, administrativos y egresados\u2014 a disfrutar de una jornada \u00fanica en contacto con la naturaleza en el Parque Entrenubes \u2013 Mirador Juan Rey. Fecha: s\u00e1bado 6 de septiembre Hora de salida: 6:30 a.m. Punto de encuentro: Entrada [&hellip;]<\/p>\n","protected":false},"author":64,"featured_media":0,"comment_status":"open","ping_status":"open","sticky":false,"template":"","format":"standard","meta":{"_acf_changed":false,"advgb_blocks_editor_width":"","advgb_blocks_columns_visual_guide":"","footnotes":""},"categories":[738],"tags":[148,1790,2361,710,1155],"class_list":["post-121827","post","type-post","status-publish","format-standard","hentry","category-actividades","tag-bienestar-universitario","tag-caminata-ecologica","tag-comunidad","tag-coordinacion-de-deportes","tag-naturaleza"],"acf":[],"yoast_head":"<!-- This site is optimized with the Yoast SEO plugin v26.7 - https:\/\/yoast.com\/wordpress\/plugins\/seo\/ -->\n<title>Con\u00e9ctate con la naturaleza en nuestra Caminata Ecol\u00f3gica - Universidad Cat\u00f3lica De Colombia<\/title>\n<meta name=\"robots\" content=\"index, follow, max-snippet:-1, max-image-preview:large, max-video-preview:-1\" \/>\n<link rel=\"canonical\" href=\"https:\/\/www.ucatolica.edu.co\/portal\/conectate-con-la-naturaleza-en-nuestra-caminata-ecologica\/\" \/>\n<meta property=\"og:locale\" content=\"es_ES\" \/>\n<meta property=\"og:type\" content=\"article\" \/>\n<meta property=\"og:title\" content=\"Con\u00e9ctate con la naturaleza en nuestra Caminata Ecol\u00f3gica - Universidad Cat\u00f3lica De Colombia\" \/>\n<meta property=\"og:description\" content=\"Bienestar Universitario y la Coordinaci\u00f3n de Deportes, Recreaci\u00f3n y Actividad F\u00edsica invitan a toda la comunidad universitaria \u2014estudiantes, docentes, administrativos y egresados\u2014 a disfrutar de una jornada \u00fanica en contacto con la naturaleza en el Parque Entrenubes \u2013 Mirador Juan Rey. Fecha: s\u00e1bado 6 de septiembre Hora de salida: 6:30 a.m. Punto de encuentro: Entrada [&hellip;]\" \/>\n<meta property=\"og:url\" content=\"https:\/\/www.ucatolica.edu.co\/portal\/conectate-con-la-naturaleza-en-nuestra-caminata-ecologica\/\" \/>\n<meta property=\"og:site_name\" content=\"Universidad Cat\u00f3lica De Colombia\" \/>\n<meta property=\"article:publisher\" content=\"https:\/\/www.facebook.com\/ucatolicacolombia\" \/>\n<meta property=\"article:published_time\" content=\"2025-08-27T16:12:10+00:00\" \/>\n<meta property=\"article:modified_time\" content=\"2025-08-27T16:12:11+00:00\" \/>\n<meta name=\"author\" content=\"Daniela Junco\" \/>\n<meta name=\"twitter:card\" content=\"summary_large_image\" \/>\n<meta name=\"twitter:creator\" content=\"@UCatolicaCol\" \/>\n<meta name=\"twitter:site\" content=\"@UCatolicaCol\" \/>\n<meta name=\"twitter:label1\" content=\"Escrito por\" \/>\n\t<meta name=\"twitter:data1\" content=\"Daniela Junco\" \/>\n\t<meta name=\"twitter:label2\" content=\"Tiempo de lectura\" \/>\n\t<meta name=\"twitter:data2\" content=\"1 minuto\" \/>\n<script type=\"application\/ld+json\" class=\"yoast-schema-graph\">{\"@context\":\"https:\/\/schema.org\",\"@graph\":[{\"@type\":\"Article\",\"@id\":\"https:\/\/www.ucatolica.edu.co\/portal\/conectate-con-la-naturaleza-en-nuestra-caminata-ecologica\/#article\",\"isPartOf\":{\"@id\":\"https:\/\/www.ucatolica.edu.co\/portal\/conectate-con-la-naturaleza-en-nuestra-caminata-ecologica\/\"},\"author\":{\"name\":\"Daniela Junco\",\"@id\":\"https:\/\/www.ucatolica.edu.co\/portal\/#\/schema\/person\/46b982b9085fee761b48b0bd54f8b9f8\"},\"headline\":\"Con\u00e9ctate con la naturaleza en nuestra Caminata Ecol\u00f3gica\",\"datePublished\":\"2025-08-27T16:12:10+00:00\",\"dateModified\":\"2025-08-27T16:12:11+00:00\",\"mainEntityOfPage\":{\"@id\":\"https:\/\/www.ucatolica.edu.co\/portal\/conectate-con-la-naturaleza-en-nuestra-caminata-ecologica\/\"},\"wordCount\":195,\"commentCount\":0,\"publisher\":{\"@id\":\"https:\/\/www.ucatolica.edu.co\/portal\/#organization\"},\"keywords\":[\"Bienestar Universitario\",\"Caminata Ecol\u00f3gica\",\"Comunidad\",\"Coordinaci\u00f3n de Deportes\",\"Naturaleza\"],\"articleSection\":[\"Actividades\"],\"inLanguage\":\"es-CO\"},{\"@type\":\"WebPage\",\"@id\":\"https:\/\/www.ucatolica.edu.co\/portal\/conectate-con-la-naturaleza-en-nuestra-caminata-ecologica\/\",\"url\":\"https:\/\/www.ucatolica.edu.co\/portal\/conectate-con-la-naturaleza-en-nuestra-caminata-ecologica\/\",\"name\":\"Con\u00e9ctate con la naturaleza en nuestra Caminata Ecol\u00f3gica - Universidad Cat\u00f3lica De Colombia\",\"isPartOf\":{\"@id\":\"https:\/\/www.ucatolica.edu.co\/portal\/#website\"},\"datePublished\":\"2025-08-27T16:12:10+00:00\",\"dateModified\":\"2025-08-27T16:12:11+00:00\",\"breadcrumb\":{\"@id\":\"https:\/\/www.ucatolica.edu.co\/portal\/conectate-con-la-naturaleza-en-nuestra-caminata-ecologica\/#breadcrumb\"},\"inLanguage\":\"es-CO\",\"potentialAction\":[{\"@type\":\"ReadAction\",\"target\":[\"https:\/\/www.ucatolica.edu.co\/portal\/conectate-con-la-naturaleza-en-nuestra-caminata-ecologica\/\"]}]},{\"@type\":\"BreadcrumbList\",\"@id\":\"https:\/\/www.ucatolica.edu.co\/portal\/conectate-con-la-naturaleza-en-nuestra-caminata-ecologica\/#breadcrumb\",\"itemListElement\":[{\"@type\":\"ListItem\",\"position\":1,\"name\":\"Inicio\",\"item\":\"https:\/\/www.ucatolica.edu.co\/portal\/\"},{\"@type\":\"ListItem\",\"position\":2,\"name\":\"Con\u00e9ctate con la naturaleza en nuestra Caminata Ecol\u00f3gica\"}]},{\"@type\":\"WebSite\",\"@id\":\"https:\/\/www.ucatolica.edu.co\/portal\/#website\",\"url\":\"https:\/\/www.ucatolica.edu.co\/portal\/\",\"name\":\"Universidad Cat\u00f3lica De Colombia\",\"description\":\"Universidad Cat\u00f3lica De Colombia\",\"publisher\":{\"@id\":\"https:\/\/www.ucatolica.edu.co\/portal\/#organization\"},\"potentialAction\":[{\"@type\":\"SearchAction\",\"target\":{\"@type\":\"EntryPoint\",\"urlTemplate\":\"https:\/\/www.ucatolica.edu.co\/portal\/?s={search_term_string}\"},\"query-input\":{\"@type\":\"PropertyValueSpecification\",\"valueRequired\":true,\"valueName\":\"search_term_string\"}}],\"inLanguage\":\"es-CO\"},{\"@type\":\"Organization\",\"@id\":\"https:\/\/www.ucatolica.edu.co\/portal\/#organization\",\"name\":\"Universidad Cat\u00f3lica de Colombia\",\"url\":\"https:\/\/www.ucatolica.edu.co\/portal\/\",\"logo\":{\"@type\":\"ImageObject\",\"inLanguage\":\"es-CO\",\"@id\":\"https:\/\/www.ucatolica.edu.co\/portal\/#\/schema\/logo\/image\/\",\"url\":\"https:\/\/www.ucatolica.edu.co\/portal\/wp-content\/uploads\/2021\/06\/logo-header-ho-1.svg\",\"contentUrl\":\"https:\/\/www.ucatolica.edu.co\/portal\/wp-content\/uploads\/2021\/06\/logo-header-ho-1.svg\",\"width\":1,\"height\":1,\"caption\":\"Universidad Cat\u00f3lica de Colombia\"},\"image\":{\"@id\":\"https:\/\/www.ucatolica.edu.co\/portal\/#\/schema\/logo\/image\/\"},\"sameAs\":[\"https:\/\/www.facebook.com\/ucatolicacolombia\",\"https:\/\/x.com\/UCatolicaCol\",\"https:\/\/www.instagram.com\/universidadcatolicadecolombia\/\",\"https:\/\/www.linkedin.com\/company\/universidadcatolicadecolombia\/\",\"https:\/\/www.youtube.com\/user\/UCatolicaCo\"]},{\"@type\":\"Person\",\"@id\":\"https:\/\/www.ucatolica.edu.co\/portal\/#\/schema\/person\/46b982b9085fee761b48b0bd54f8b9f8\",\"name\":\"Daniela Junco\",\"url\":\"https:\/\/www.ucatolica.edu.co\/portal\/author\/daniela\/\"}]}<\/script>\n<!-- \/ Yoast SEO plugin. -->","yoast_head_json":{"title":"Con\u00e9ctate con la naturaleza en nuestra Caminata Ecol\u00f3gica - Universidad Cat\u00f3lica De Colombia","robots":{"index":"index","follow":"follow","max-snippet":"max-snippet:-1","max-image-preview":"max-image-preview:large","max-video-preview":"max-video-preview:-1"},"canonical":"https:\/\/www.ucatolica.edu.co\/portal\/conectate-con-la-naturaleza-en-nuestra-caminata-ecologica\/","og_locale":"es_ES","og_type":"article","og_title":"Con\u00e9ctate con la naturaleza en nuestra Caminata Ecol\u00f3gica - Universidad Cat\u00f3lica De Colombia","og_description":"Bienestar Universitario y la Coordinaci\u00f3n de Deportes, Recreaci\u00f3n y Actividad F\u00edsica invitan a toda la comunidad universitaria \u2014estudiantes, docentes, administrativos y egresados\u2014 a disfrutar de una jornada \u00fanica en contacto con la naturaleza en el Parque Entrenubes \u2013 Mirador Juan Rey. Fecha: s\u00e1bado 6 de septiembre Hora de salida: 6:30 a.m. Punto de encuentro: Entrada [&hellip;]","og_url":"https:\/\/www.ucatolica.edu.co\/portal\/conectate-con-la-naturaleza-en-nuestra-caminata-ecologica\/","og_site_name":"Universidad Cat\u00f3lica De Colombia","article_publisher":"https:\/\/www.facebook.com\/ucatolicacolombia","article_published_time":"2025-08-27T16:12:10+00:00","article_modified_time":"2025-08-27T16:12:11+00:00","author":"Daniela Junco","twitter_card":"summary_large_image","twitter_creator":"@UCatolicaCol","twitter_site":"@UCatolicaCol","twitter_misc":{"Escrito por":"Daniela Junco","Tiempo de lectura":"1 minuto"},"schema":{"@context":"https:\/\/schema.org","@graph":[{"@type":"Article","@id":"https:\/\/www.ucatolica.edu.co\/portal\/conectate-con-la-naturaleza-en-nuestra-caminata-ecologica\/#article","isPartOf":{"@id":"https:\/\/www.ucatolica.edu.co\/portal\/conectate-con-la-naturaleza-en-nuestra-caminata-ecologica\/"},"author":{"name":"Daniela Junco","@id":"https:\/\/www.ucatolica.edu.co\/portal\/#\/schema\/person\/46b982b9085fee761b48b0bd54f8b9f8"},"headline":"Con\u00e9ctate con la naturaleza en nuestra Caminata Ecol\u00f3gica","datePublished":"2025-08-27T16:12:10+00:00","dateModified":"2025-08-27T16:12:11+00:00","mainEntityOfPage":{"@id":"https:\/\/www.ucatolica.edu.co\/portal\/conectate-con-la-naturaleza-en-nuestra-caminata-ecologica\/"},"wordCount":195,"commentCount":0,"publisher":{"@id":"https:\/\/www.ucatolica.edu.co\/portal\/#organization"},"keywords":["Bienestar Universitario","Caminata Ecol\u00f3gica","Comunidad","Coordinaci\u00f3n de Deportes","Naturaleza"],"articleSection":["Actividades"],"inLanguage":"es-CO"},{"@type":"WebPage","@id":"https:\/\/www.ucatolica.edu.co\/portal\/conectate-con-la-naturaleza-en-nuestra-caminata-ecologica\/","url":"https:\/\/www.ucatolica.edu.co\/portal\/conectate-con-la-naturaleza-en-nuestra-caminata-ecologica\/","name":"Con\u00e9ctate con la naturaleza en nuestra Caminata Ecol\u00f3gica - Universidad Cat\u00f3lica De Colombia","isPartOf":{"@id":"https:\/\/www.ucatolica.edu.co\/portal\/#website"},"datePublished":"2025-08-27T16:12:10+00:00","dateModified":"2025-08-27T16:12:11+00:00","breadcrumb":{"@id":"https:\/\/www.ucatolica.edu.co\/portal\/conectate-con-la-naturaleza-en-nuestra-caminata-ecologica\/#breadcrumb"},"inLanguage":"es-CO","potentialAction":[{"@type":"ReadAction","target":["https:\/\/www.ucatolica.edu.co\/portal\/conectate-con-la-naturaleza-en-nuestra-caminata-ecologica\/"]}]},{"@type":"BreadcrumbList","@id":"https:\/\/www.ucatolica.edu.co\/portal\/conectate-con-la-naturaleza-en-nuestra-caminata-ecologica\/#breadcrumb","itemListElement":[{"@type":"ListItem","position":1,"name":"Inicio","item":"https:\/\/www.ucatolica.edu.co\/portal\/"},{"@type":"ListItem","position":2,"name":"Con\u00e9ctate con la naturaleza en nuestra Caminata Ecol\u00f3gica"}]},{"@type":"WebSite","@id":"https:\/\/www.ucatolica.edu.co\/portal\/#website","url":"https:\/\/www.ucatolica.edu.co\/portal\/","name":"Universidad Cat\u00f3lica De Colombia","description":"Universidad Cat\u00f3lica De Colombia","publisher":{"@id":"https:\/\/www.ucatolica.edu.co\/portal\/#organization"},"potentialAction":[{"@type":"SearchAction","target":{"@type":"EntryPoint","urlTemplate":"https:\/\/www.ucatolica.edu.co\/portal\/?s={search_term_string}"},"query-input":{"@type":"PropertyValueSpecification","valueRequired":true,"valueName":"search_term_string"}}],"inLanguage":"es-CO"},{"@type":"Organization","@id":"https:\/\/www.ucatolica.edu.co\/portal\/#organization","name":"Universidad Cat\u00f3lica de Colombia","url":"https:\/\/www.ucatolica.edu.co\/portal\/","logo":{"@type":"ImageObject","inLanguage":"es-CO","@id":"https:\/\/www.ucatolica.edu.co\/portal\/#\/schema\/logo\/image\/","url":"https:\/\/www.ucatolica.edu.co\/portal\/wp-content\/uploads\/2021\/06\/logo-header-ho-1.svg","contentUrl":"https:\/\/www.ucatolica.edu.co\/portal\/wp-content\/uploads\/2021\/06\/logo-header-ho-1.svg","width":1,"height":1,"caption":"Universidad Cat\u00f3lica de Colombia"},"image":{"@id":"https:\/\/www.ucatolica.edu.co\/portal\/#\/schema\/logo\/image\/"},"sameAs":["https:\/\/www.facebook.com\/ucatolicacolombia","https:\/\/x.com\/UCatolicaCol","https:\/\/www.instagram.com\/universidadcatolicadecolombia\/","https:\/\/www.linkedin.com\/company\/universidadcatolicadecolombia\/","https:\/\/www.youtube.com\/user\/UCatolicaCo"]},{"@type":"Person","@id":"https:\/\/www.ucatolica.edu.co\/portal\/#\/schema\/person\/46b982b9085fee761b48b0bd54f8b9f8","name":"Daniela Junco","url":"https:\/\/www.ucatolica.edu.co\/portal\/author\/daniela\/"}]}},"author_meta":{"display_name":"Daniela Junco","author_link":"https:\/\/www.ucatolica.edu.co\/portal\/author\/daniela\/"},"featured_img":null,"coauthors":[],"tax_additional":{"categories":{"linked":["<a href=\"https:\/\/www.ucatolica.edu.co\/portal\/category\/actividades\/\" class=\"advgb-post-tax-term\">Actividades<\/a>"],"unlinked":["<span class=\"advgb-post-tax-term\">Actividades<\/span>"]},"tags":{"linked":["<a href=\"https:\/\/www.ucatolica.edu.co\/portal\/category\/actividades\/\" class=\"advgb-post-tax-term\">Bienestar Universitario<\/a>","<a href=\"https:\/\/www.ucatolica.edu.co\/portal\/category\/actividades\/\" class=\"advgb-post-tax-term\">Caminata Ecol\u00f3gica<\/a>","<a href=\"https:\/\/www.ucatolica.edu.co\/portal\/category\/actividades\/\" class=\"advgb-post-tax-term\">Comunidad<\/a>","<a href=\"https:\/\/www.ucatolica.edu.co\/portal\/category\/actividades\/\" class=\"advgb-post-tax-term\">Coordinaci\u00f3n de Deportes<\/a>","<a href=\"https:\/\/www.ucatolica.edu.co\/portal\/category\/actividades\/\" class=\"advgb-post-tax-term\">Naturaleza<\/a>"],"unlinked":["<span class=\"advgb-post-tax-term\">Bienestar Universitario<\/span>","<span class=\"advgb-post-tax-term\">Caminata Ecol\u00f3gica<\/span>","<span class=\"advgb-post-tax-term\">Comunidad<\/span>","<span class=\"advgb-post-tax-term\">Coordinaci\u00f3n de Deportes<\/span>","<span class=\"advgb-post-tax-term\">Naturaleza<\/span>"]}},"comment_count":"0","relative_dates":{"created":"Posted 8 meses ago","modified":"Updated 8 meses ago"},"absolute_dates":{"created":"Posted on 27 agosto, 2025","modified":"Updated on 27 agosto, 2025"},"absolute_dates_time":{"created":"Posted on 27 agosto, 2025 11:12 am","modified":"Updated on 27 agosto, 2025 11:12 am"},"featured_img_caption":"","series_order":"","_links":{"self":[{"href":"https:\/\/www.ucatolica.edu.co\/portal\/wp-json\/wp\/v2\/posts\/121827","targetHints":{"allow":["GET"]}}],"collection":[{"href":"https:\/\/www.ucatolica.edu.co\/portal\/wp-json\/wp\/v2\/posts"}],"about":[{"href":"https:\/\/www.ucatolica.edu.co\/portal\/wp-json\/wp\/v2\/types\/post"}],"author":[{"embeddable":true,"href":"https:\/\/www.ucatolica.edu.co\/portal\/wp-json\/wp\/v2\/users\/64"}],"replies":[{"embeddable":true,"href":"https:\/\/www.ucatolica.edu.co\/portal\/wp-json\/wp\/v2\/comments?post=121827"}],"version-history":[{"count":1,"href":"https:\/\/www.ucatolica.edu.co\/portal\/wp-json\/wp\/v2\/posts\/121827\/revisions"}],"predecessor-version":[{"id":121828,"href":"https:\/\/www.ucatolica.edu.co\/portal\/wp-json\/wp\/v2\/posts\/121827\/revisions\/121828"}],"wp:attachment":[{"href":"https:\/\/www.ucatolica.edu.co\/portal\/wp-json\/wp\/v2\/media?parent=121827"}],"wp:term":[{"taxonomy":"category","embeddable":true,"href":"https:\/\/www.ucatolica.edu.co\/portal\/wp-json\/wp\/v2\/categories?post=121827"},{"taxonomy":"post_tag","embeddable":true,"href":"https:\/\/www.ucatolica.edu.co\/portal\/wp-json\/wp\/v2\/tags?post=121827"}],"curies":[{"name":"wp","href":"https:\/\/api.w.org\/{rel}","templated":true}]}}