{"id":121883,"date":"2025-09-11T11:04:39","date_gmt":"2025-09-11T16:04:39","guid":{"rendered":"https:\/\/www.ucatolica.edu.co\/portal\/?p=121883"},"modified":"2025-09-11T11:04:39","modified_gmt":"2025-09-11T16:04:39","slug":"la-universidad-catolica-de-colombia-recibe-oficialmente-el-reconocimiento-de-la-acreditacion-internacional-sello-sofia","status":"publish","type":"post","link":"https:\/\/www.ucatolica.edu.co\/portal\/la-universidad-catolica-de-colombia-recibe-oficialmente-el-reconocimiento-de-la-acreditacion-internacional-sello-sofia\/","title":{"rendered":"La Universidad Cat\u00f3lica de Colombia recibe el reconocimiento de la acreditaci\u00f3n internacional Sello SOF\u00cdA"},"content":{"rendered":"\n<p>La Universidad Cat\u00f3lica de Colombia recibe el <strong>Sello SOF\u00cdA<\/strong>, reconocimiento internacional otorgado por la <strong>Fundaci\u00f3n para el Conocimiento madri+d<\/strong> de Espa\u00f1a, que certifica la excelencia de la Instituci\u00f3n bajo est\u00e1ndares de calidad europeos. Este logro sit\u00faa a la Universidad en un escenario global, fortaleciendo su prestigio acad\u00e9mico y proyectando mayores oportunidades de movilidad e intercambio para toda la comunidad.<\/p>\n\n\n\n<h2 class=\"wp-block-heading\"><strong>\u00bfQu\u00e9 significa el Sello SOF\u00cdA?<\/strong><\/h2>\n\n\n\n<p>El <strong>Sello SOF\u00cdA<\/strong> se fundamenta en los principios del <strong>Espacio Europeo de Educaci\u00f3n Superior (EEES)<\/strong> y en los criterios de calidad definidos por la <strong>European Association for Quality Assurance in Higher Education (ENQA)<\/strong> y el <strong>European Quality Assurance Register for Higher Education (EQAR)<\/strong>, lo que garantiza el reconocimiento de esta acreditaci\u00f3n en el \u00e1mbito internacional.<\/p>\n\n\n\n<p>Se trata de una acreditaci\u00f3n internacional de calidad universitaria que eval\u00faa de manera integral la gesti\u00f3n de las instituciones de educaci\u00f3n superior. Su alcance comprende aspectos como la pol\u00edtica y estrategia institucional, la docencia, la investigaci\u00f3n, la internacionalizaci\u00f3n, la vinculaci\u00f3n con el entorno y la responsabilidad social.<\/p>\n\n\n\n<h2 class=\"wp-block-heading\"><strong>Una ceremonia que reafirma el compromiso institucional<\/strong><\/h2>\n\n\n\n<p>El evento cont\u00f3 con la presencia de directivos, docentes y representantes de la comunidad universitaria. En nombre del rector, doctor <strong>Francisco G\u00f3mez Ortiz<\/strong>, el doctor <strong>Ricardo L\u00f3pez Blum<\/strong>, vicerrector de Talento Humano, ofreci\u00f3 unas palabras de apertura en las que resalt\u00f3 el esfuerzo colectivo que hizo posible alcanzar este reconocimiento:<\/p>\n\n\n\n<p>\u201cEl obtener el Sello SOF\u00cdA representa mucho m\u00e1s que un reconocimiento institucional: es testimonio de nuestro compromiso permanente con la excelencia, la mejora continua y la internacionalizaci\u00f3n. Este d\u00eda tiene un significado a\u00fan m\u00e1s profundo: es la oportunidad de mirarnos, de reencontrarnos y de celebrar un esfuerzo colectivo que ha sido posible gracias a cada persona que ha aportado su talento, su tiempo y su dedicaci\u00f3n\u201d.<\/p>\n\n\n\n<p><\/p>\n\n\n\n<figure class=\"wp-block-image size-full\"><img fetchpriority=\"high\" decoding=\"async\" width=\"870\" height=\"522\" src=\"https:\/\/www.ucatolica.edu.co\/portal\/wp-content\/uploads\/2025\/08\/Mesa-de-trabajo-1_1-6.png\" alt=\"\" class=\"wp-image-121903\"\/><\/figure>\n\n\n\n<h2 class=\"wp-block-heading\"><strong>Voces internacionales y nacionales<\/strong><\/h2>\n\n\n\n<p>En representaci\u00f3n de la <strong>Fundaci\u00f3n para el Conocimiento madri+d<\/strong>, intervino su director, <strong>Federico Mor\u00e1n Abad<\/strong>, quien destac\u00f3 el car\u00e1cter \u00fanico de este sello y su aporte al fortalecimiento de la educaci\u00f3n superior en Iberoam\u00e9rica:<\/p>\n\n\n\n<p>\u201cEl Sello SOF\u00cdA reconoce a la Universidad Cat\u00f3lica de Colombia como una instituci\u00f3n de educaci\u00f3n superior que cumple con los m\u00e1s altos criterios de calidad, innovaci\u00f3n y compromiso social, alineada con el Espacio Europeo de Educaci\u00f3n Superior\u201d.<\/p>\n\n\n\n<p>As\u00ed mismo enfatiz\u00f3 en que \u201ceste reconocimiento sit\u00faa a la Universidad en una posici\u00f3n destacada para fomentar la movilidad internacional de estudiantes y docentes, establecer alianzas globales y contribuir activamente a los grandes desaf\u00edos del mundo actual. No obstante, este logro no marca un final, sino un nuevo comienzo; estaremos a su lado acompa\u00f1\u00e1ndolos en este camino de consolidaci\u00f3n de excelencia en la innovaci\u00f3n y la responsabilidad institucional\u201d.<\/p>\n\n\n\n<figure class=\"wp-block-image size-full\"><img decoding=\"async\" width=\"870\" height=\"522\" src=\"https:\/\/www.ucatolica.edu.co\/portal\/wp-content\/uploads\/2025\/08\/Mesa-de-trabajo-1_4.png\" alt=\"\" class=\"wp-image-121906\"\/><\/figure>\n\n\n\n<p>Posteriormente, el doctor <strong>Gabriel Jos\u00e9 Angulo<\/strong>, Decano Acad\u00e9mico, realiz\u00f3 una exposici\u00f3n detallada sobre las \u00e1reas evaluadas durante el proceso, evidenciando los logros de la Universidad en los campos de docencia, investigaci\u00f3n, internacionalizaci\u00f3n, proyecci\u00f3n social y sostenibilidad. Durante su intervenci\u00f3n, hizo un especial reconocimiento a la doctora <strong>Cecilia Garz\u00f3n<\/strong>, Vicerrectora de Calidad, por su liderazgo en la coordinaci\u00f3n del proceso:<\/p>\n\n\n\n<p>\u201cEste logro ha sido posible gracias a un trabajo colectivo, pero no puedo dejar de mencionar a la doctora Cecilia Garz\u00f3n, quien orquest\u00f3 este proceso con dedicaci\u00f3n y visi\u00f3n\u201d.<\/p>\n\n\n\n<p>Seguidamente, la doctora <strong>Patricia Serrano<\/strong>, directora de la Oficina de Relaciones Internacionales e Interinstitucionales (ORII), resalt\u00f3 que este reconocimiento es fruto del trabajo articulado de toda la comunidad acad\u00e9mica y administrativa, y se alinea con las metas trazadas en el Plan de Desarrollo Institucional (PDI), que orienta los esfuerzos hacia la excelencia, la innovaci\u00f3n y la sostenibilidad en el largo plazo. <\/p>\n\n\n\n<figure class=\"wp-block-image size-full\"><img decoding=\"async\" width=\"870\" height=\"522\" src=\"https:\/\/www.ucatolica.edu.co\/portal\/wp-content\/uploads\/2025\/08\/Mesa-de-trabajo-1_2-4.png\" alt=\"\" class=\"wp-image-121904\"\/><\/figure>\n\n\n\n<p>Por otro lado, la Acreditaci\u00f3n Internacional Sello Sof\u00eda se suma a los reconocimientos en procesos de alta calidad que ha obtenido la Universidad en los \u00faltimos 5 a\u00f1os, a continuaci\u00f3n, se presentan de manera cronol\u00f3gica:   <\/p>\n\n\n\n<figure class=\"wp-block-image size-full\"><img loading=\"lazy\" decoding=\"async\" width=\"4400\" height=\"2479\" src=\"https:\/\/www.ucatolica.edu.co\/portal\/wp-content\/uploads\/2025\/08\/Imagen3.png\" alt=\"\" class=\"wp-image-121889\"\/><\/figure>\n\n\n\n<h2 class=\"wp-block-heading\"><strong>Un reconocimiento que impulsa el futuro<\/strong><\/h2>\n\n\n\n<p>La ceremonia no solo marc\u00f3 la entrega formal de un sello de prestigio internacional, sino que tambi\u00e9n reafirm\u00f3 la proyecci\u00f3n internacional y el papel como instituci\u00f3n referente de educaci\u00f3n superior del pa\u00eds.<\/p>\n\n\n\n<figure class=\"wp-block-image size-full\"><img loading=\"lazy\" decoding=\"async\" width=\"870\" height=\"522\" src=\"https:\/\/www.ucatolica.edu.co\/portal\/wp-content\/uploads\/2025\/08\/Mesa-de-trabajo-1_3-3.png\" alt=\"\" class=\"wp-image-121905\"\/><\/figure>\n\n\n\n<p>La obtenci\u00f3n del Sello Sof\u00eda es el resultado de una trayectoria de calidad que se refleja en el reconocimiento a la docencia, la investigaci\u00f3n, la extensi\u00f3n y la internacionalizaci\u00f3n. Actualmente, nuestra instituci\u00f3n cuenta con m\u00e1s de 180 convenios vigentes, 52 de ellos con universidades europeas, 34 l\u00edneas, 5 centros y 19 grupos de investigaci\u00f3n reconocidos por Minciencias, de los cuales el 88% est\u00e1n clasificadas en las categor\u00edas m\u00e1s altas, A y A1.<\/p>\n\n\n\n<p>Por \u00faltimo, el Dr. Francisco G\u00f3mez Ortiz, rector de nuestra instituci\u00f3n, nos invita a &#8220;mantener el rumbo de la excelencia y la mejora permanente, como parte esencial de nuestro proyecto educativo y visi\u00f3n de  futuro&#8221;.<\/p>\n","protected":false},"excerpt":{"rendered":"<p>La Universidad Cat\u00f3lica de Colombia recibe el Sello SOF\u00cdA, reconocimiento internacional otorgado por la Fundaci\u00f3n para el Conocimiento madri+d de Espa\u00f1a, que certifica la excelencia de la Instituci\u00f3n bajo est\u00e1ndares de calidad europeos. Este logro sit\u00faa a la Universidad en un escenario global, fortaleciendo su prestigio acad\u00e9mico y proyectando mayores oportunidades de movilidad e intercambio [&hellip;]<\/p>\n","protected":false},"author":64,"featured_media":121902,"comment_status":"open","ping_status":"open","sticky":false,"template":"","format":"standard","meta":{"_acf_changed":false,"advgb_blocks_editor_width":"","advgb_blocks_columns_visual_guide":"","footnotes":""},"categories":[93],"tags":[3222,3131,2882,567,265],"class_list":["post-121883","post","type-post","status-publish","format-standard","has-post-thumbnail","hentry","category-noticias-principales","tag-acreditacion-internacional-sello-sofia","tag-calidad-academica","tag-excelencia","tag-reconocimiento-a-la-excelencia-academica","tag-universidad-catolica-de-colombia"],"acf":[],"yoast_head":"<!-- This site is optimized with the Yoast SEO plugin v26.7 - https:\/\/yoast.com\/wordpress\/plugins\/seo\/ -->\n<title>La Universidad Cat\u00f3lica de Colombia recibe el reconocimiento de la acreditaci\u00f3n internacional Sello SOF\u00cdA - Universidad Cat\u00f3lica De Colombia<\/title>\n<meta name=\"robots\" content=\"index, follow, max-snippet:-1, max-image-preview:large, max-video-preview:-1\" \/>\n<link rel=\"canonical\" href=\"https:\/\/www.ucatolica.edu.co\/portal\/la-universidad-catolica-de-colombia-recibe-oficialmente-el-reconocimiento-de-la-acreditacion-internacional-sello-sofia\/\" \/>\n<meta property=\"og:locale\" content=\"es_ES\" \/>\n<meta property=\"og:type\" content=\"article\" \/>\n<meta property=\"og:title\" content=\"La Universidad Cat\u00f3lica de Colombia recibe el reconocimiento de la acreditaci\u00f3n internacional Sello SOF\u00cdA - Universidad Cat\u00f3lica De Colombia\" \/>\n<meta property=\"og:description\" content=\"La Universidad Cat\u00f3lica de Colombia recibe el Sello SOF\u00cdA, reconocimiento internacional otorgado por la Fundaci\u00f3n para el Conocimiento madri+d de Espa\u00f1a, que certifica la excelencia de la Instituci\u00f3n bajo est\u00e1ndares de calidad europeos. Este logro sit\u00faa a la Universidad en un escenario global, fortaleciendo su prestigio acad\u00e9mico y proyectando mayores oportunidades de movilidad e intercambio [&hellip;]\" \/>\n<meta property=\"og:url\" content=\"https:\/\/www.ucatolica.edu.co\/portal\/la-universidad-catolica-de-colombia-recibe-oficialmente-el-reconocimiento-de-la-acreditacion-internacional-sello-sofia\/\" \/>\n<meta property=\"og:site_name\" content=\"Universidad Cat\u00f3lica De Colombia\" \/>\n<meta property=\"article:publisher\" content=\"https:\/\/www.facebook.com\/ucatolicacolombia\" \/>\n<meta property=\"article:published_time\" content=\"2025-09-11T16:04:39+00:00\" \/>\n<meta property=\"og:image\" content=\"https:\/\/www.ucatolica.edu.co\/portal\/wp-content\/uploads\/2025\/08\/Mesa-de-trabajo-1-5.png\" \/>\n\t<meta property=\"og:image:width\" content=\"870\" \/>\n\t<meta property=\"og:image:height\" content=\"522\" \/>\n\t<meta property=\"og:image:type\" content=\"image\/png\" \/>\n<meta name=\"author\" content=\"Daniela Junco\" \/>\n<meta name=\"twitter:card\" content=\"summary_large_image\" \/>\n<meta name=\"twitter:creator\" content=\"@UCatolicaCol\" \/>\n<meta name=\"twitter:site\" content=\"@UCatolicaCol\" \/>\n<meta name=\"twitter:label1\" content=\"Escrito por\" \/>\n\t<meta name=\"twitter:data1\" content=\"Daniela Junco\" \/>\n\t<meta name=\"twitter:label2\" content=\"Tiempo de lectura\" \/>\n\t<meta name=\"twitter:data2\" content=\"4 minutos\" \/>\n<script type=\"application\/ld+json\" class=\"yoast-schema-graph\">{\"@context\":\"https:\/\/schema.org\",\"@graph\":[{\"@type\":\"Article\",\"@id\":\"https:\/\/www.ucatolica.edu.co\/portal\/la-universidad-catolica-de-colombia-recibe-oficialmente-el-reconocimiento-de-la-acreditacion-internacional-sello-sofia\/#article\",\"isPartOf\":{\"@id\":\"https:\/\/www.ucatolica.edu.co\/portal\/la-universidad-catolica-de-colombia-recibe-oficialmente-el-reconocimiento-de-la-acreditacion-internacional-sello-sofia\/\"},\"author\":{\"name\":\"Daniela Junco\",\"@id\":\"https:\/\/www.ucatolica.edu.co\/portal\/#\/schema\/person\/46b982b9085fee761b48b0bd54f8b9f8\"},\"headline\":\"La Universidad Cat\u00f3lica de Colombia recibe el reconocimiento de la acreditaci\u00f3n internacional Sello SOF\u00cdA\",\"datePublished\":\"2025-09-11T16:04:39+00:00\",\"mainEntityOfPage\":{\"@id\":\"https:\/\/www.ucatolica.edu.co\/portal\/la-universidad-catolica-de-colombia-recibe-oficialmente-el-reconocimiento-de-la-acreditacion-internacional-sello-sofia\/\"},\"wordCount\":859,\"commentCount\":0,\"publisher\":{\"@id\":\"https:\/\/www.ucatolica.edu.co\/portal\/#organization\"},\"image\":{\"@id\":\"https:\/\/www.ucatolica.edu.co\/portal\/la-universidad-catolica-de-colombia-recibe-oficialmente-el-reconocimiento-de-la-acreditacion-internacional-sello-sofia\/#primaryimage\"},\"thumbnailUrl\":\"https:\/\/www.ucatolica.edu.co\/portal\/wp-content\/uploads\/2025\/08\/Mesa-de-trabajo-1-5.png\",\"keywords\":[\"Acreditaci\u00f3n internacional Sello Sofia\",\"Calidad acad\u00e9mica\",\"Excelencia\",\"Reconocimiento a la Excelencia Acad\u00e9mica\",\"Universidad Cat\u00f3lica de Colombia\"],\"articleSection\":[\"Noticias Principales\"],\"inLanguage\":\"es-CO\"},{\"@type\":\"WebPage\",\"@id\":\"https:\/\/www.ucatolica.edu.co\/portal\/la-universidad-catolica-de-colombia-recibe-oficialmente-el-reconocimiento-de-la-acreditacion-internacional-sello-sofia\/\",\"url\":\"https:\/\/www.ucatolica.edu.co\/portal\/la-universidad-catolica-de-colombia-recibe-oficialmente-el-reconocimiento-de-la-acreditacion-internacional-sello-sofia\/\",\"name\":\"La Universidad Cat\u00f3lica de Colombia recibe el reconocimiento de la acreditaci\u00f3n internacional Sello SOF\u00cdA - Universidad Cat\u00f3lica De Colombia\",\"isPartOf\":{\"@id\":\"https:\/\/www.ucatolica.edu.co\/portal\/#website\"},\"primaryImageOfPage\":{\"@id\":\"https:\/\/www.ucatolica.edu.co\/portal\/la-universidad-catolica-de-colombia-recibe-oficialmente-el-reconocimiento-de-la-acreditacion-internacional-sello-sofia\/#primaryimage\"},\"image\":{\"@id\":\"https:\/\/www.ucatolica.edu.co\/portal\/la-universidad-catolica-de-colombia-recibe-oficialmente-el-reconocimiento-de-la-acreditacion-internacional-sello-sofia\/#primaryimage\"},\"thumbnailUrl\":\"https:\/\/www.ucatolica.edu.co\/portal\/wp-content\/uploads\/2025\/08\/Mesa-de-trabajo-1-5.png\",\"datePublished\":\"2025-09-11T16:04:39+00:00\",\"breadcrumb\":{\"@id\":\"https:\/\/www.ucatolica.edu.co\/portal\/la-universidad-catolica-de-colombia-recibe-oficialmente-el-reconocimiento-de-la-acreditacion-internacional-sello-sofia\/#breadcrumb\"},\"inLanguage\":\"es-CO\",\"potentialAction\":[{\"@type\":\"ReadAction\",\"target\":[\"https:\/\/www.ucatolica.edu.co\/portal\/la-universidad-catolica-de-colombia-recibe-oficialmente-el-reconocimiento-de-la-acreditacion-internacional-sello-sofia\/\"]}]},{\"@type\":\"ImageObject\",\"inLanguage\":\"es-CO\",\"@id\":\"https:\/\/www.ucatolica.edu.co\/portal\/la-universidad-catolica-de-colombia-recibe-oficialmente-el-reconocimiento-de-la-acreditacion-internacional-sello-sofia\/#primaryimage\",\"url\":\"https:\/\/www.ucatolica.edu.co\/portal\/wp-content\/uploads\/2025\/08\/Mesa-de-trabajo-1-5.png\",\"contentUrl\":\"https:\/\/www.ucatolica.edu.co\/portal\/wp-content\/uploads\/2025\/08\/Mesa-de-trabajo-1-5.png\",\"width\":870,\"height\":522},{\"@type\":\"BreadcrumbList\",\"@id\":\"https:\/\/www.ucatolica.edu.co\/portal\/la-universidad-catolica-de-colombia-recibe-oficialmente-el-reconocimiento-de-la-acreditacion-internacional-sello-sofia\/#breadcrumb\",\"itemListElement\":[{\"@type\":\"ListItem\",\"position\":1,\"name\":\"Inicio\",\"item\":\"https:\/\/www.ucatolica.edu.co\/portal\/\"},{\"@type\":\"ListItem\",\"position\":2,\"name\":\"La Universidad Cat\u00f3lica de Colombia recibe el reconocimiento de la acreditaci\u00f3n internacional Sello SOF\u00cdA\"}]},{\"@type\":\"WebSite\",\"@id\":\"https:\/\/www.ucatolica.edu.co\/portal\/#website\",\"url\":\"https:\/\/www.ucatolica.edu.co\/portal\/\",\"name\":\"Universidad Cat\u00f3lica De Colombia\",\"description\":\"Universidad Cat\u00f3lica De Colombia\",\"publisher\":{\"@id\":\"https:\/\/www.ucatolica.edu.co\/portal\/#organization\"},\"potentialAction\":[{\"@type\":\"SearchAction\",\"target\":{\"@type\":\"EntryPoint\",\"urlTemplate\":\"https:\/\/www.ucatolica.edu.co\/portal\/?s={search_term_string}\"},\"query-input\":{\"@type\":\"PropertyValueSpecification\",\"valueRequired\":true,\"valueName\":\"search_term_string\"}}],\"inLanguage\":\"es-CO\"},{\"@type\":\"Organization\",\"@id\":\"https:\/\/www.ucatolica.edu.co\/portal\/#organization\",\"name\":\"Universidad Cat\u00f3lica de Colombia\",\"url\":\"https:\/\/www.ucatolica.edu.co\/portal\/\",\"logo\":{\"@type\":\"ImageObject\",\"inLanguage\":\"es-CO\",\"@id\":\"https:\/\/www.ucatolica.edu.co\/portal\/#\/schema\/logo\/image\/\",\"url\":\"https:\/\/www.ucatolica.edu.co\/portal\/wp-content\/uploads\/2021\/06\/logo-header-ho-1.svg\",\"contentUrl\":\"https:\/\/www.ucatolica.edu.co\/portal\/wp-content\/uploads\/2021\/06\/logo-header-ho-1.svg\",\"width\":1,\"height\":1,\"caption\":\"Universidad Cat\u00f3lica de Colombia\"},\"image\":{\"@id\":\"https:\/\/www.ucatolica.edu.co\/portal\/#\/schema\/logo\/image\/\"},\"sameAs\":[\"https:\/\/www.facebook.com\/ucatolicacolombia\",\"https:\/\/x.com\/UCatolicaCol\",\"https:\/\/www.instagram.com\/universidadcatolicadecolombia\/\",\"https:\/\/www.linkedin.com\/company\/universidadcatolicadecolombia\/\",\"https:\/\/www.youtube.com\/user\/UCatolicaCo\"]},{\"@type\":\"Person\",\"@id\":\"https:\/\/www.ucatolica.edu.co\/portal\/#\/schema\/person\/46b982b9085fee761b48b0bd54f8b9f8\",\"name\":\"Daniela Junco\",\"url\":\"https:\/\/www.ucatolica.edu.co\/portal\/author\/daniela\/\"}]}<\/script>\n<!-- \/ Yoast SEO plugin. -->","yoast_head_json":{"title":"La Universidad Cat\u00f3lica de Colombia recibe el reconocimiento de la acreditaci\u00f3n internacional Sello SOF\u00cdA - Universidad Cat\u00f3lica De Colombia","robots":{"index":"index","follow":"follow","max-snippet":"max-snippet:-1","max-image-preview":"max-image-preview:large","max-video-preview":"max-video-preview:-1"},"canonical":"https:\/\/www.ucatolica.edu.co\/portal\/la-universidad-catolica-de-colombia-recibe-oficialmente-el-reconocimiento-de-la-acreditacion-internacional-sello-sofia\/","og_locale":"es_ES","og_type":"article","og_title":"La Universidad Cat\u00f3lica de Colombia recibe el reconocimiento de la acreditaci\u00f3n internacional Sello SOF\u00cdA - Universidad Cat\u00f3lica De Colombia","og_description":"La Universidad Cat\u00f3lica de Colombia recibe el Sello SOF\u00cdA, reconocimiento internacional otorgado por la Fundaci\u00f3n para el Conocimiento madri+d de Espa\u00f1a, que certifica la excelencia de la Instituci\u00f3n bajo est\u00e1ndares de calidad europeos. Este logro sit\u00faa a la Universidad en un escenario global, fortaleciendo su prestigio acad\u00e9mico y proyectando mayores oportunidades de movilidad e intercambio [&hellip;]","og_url":"https:\/\/www.ucatolica.edu.co\/portal\/la-universidad-catolica-de-colombia-recibe-oficialmente-el-reconocimiento-de-la-acreditacion-internacional-sello-sofia\/","og_site_name":"Universidad Cat\u00f3lica De Colombia","article_publisher":"https:\/\/www.facebook.com\/ucatolicacolombia","article_published_time":"2025-09-11T16:04:39+00:00","og_image":[{"width":870,"height":522,"url":"https:\/\/www.ucatolica.edu.co\/portal\/wp-content\/uploads\/2025\/08\/Mesa-de-trabajo-1-5.png","type":"image\/png"}],"author":"Daniela Junco","twitter_card":"summary_large_image","twitter_creator":"@UCatolicaCol","twitter_site":"@UCatolicaCol","twitter_misc":{"Escrito por":"Daniela Junco","Tiempo de lectura":"4 minutos"},"schema":{"@context":"https:\/\/schema.org","@graph":[{"@type":"Article","@id":"https:\/\/www.ucatolica.edu.co\/portal\/la-universidad-catolica-de-colombia-recibe-oficialmente-el-reconocimiento-de-la-acreditacion-internacional-sello-sofia\/#article","isPartOf":{"@id":"https:\/\/www.ucatolica.edu.co\/portal\/la-universidad-catolica-de-colombia-recibe-oficialmente-el-reconocimiento-de-la-acreditacion-internacional-sello-sofia\/"},"author":{"name":"Daniela Junco","@id":"https:\/\/www.ucatolica.edu.co\/portal\/#\/schema\/person\/46b982b9085fee761b48b0bd54f8b9f8"},"headline":"La Universidad Cat\u00f3lica de Colombia recibe el reconocimiento de la acreditaci\u00f3n internacional Sello SOF\u00cdA","datePublished":"2025-09-11T16:04:39+00:00","mainEntityOfPage":{"@id":"https:\/\/www.ucatolica.edu.co\/portal\/la-universidad-catolica-de-colombia-recibe-oficialmente-el-reconocimiento-de-la-acreditacion-internacional-sello-sofia\/"},"wordCount":859,"commentCount":0,"publisher":{"@id":"https:\/\/www.ucatolica.edu.co\/portal\/#organization"},"image":{"@id":"https:\/\/www.ucatolica.edu.co\/portal\/la-universidad-catolica-de-colombia-recibe-oficialmente-el-reconocimiento-de-la-acreditacion-internacional-sello-sofia\/#primaryimage"},"thumbnailUrl":"https:\/\/www.ucatolica.edu.co\/portal\/wp-content\/uploads\/2025\/08\/Mesa-de-trabajo-1-5.png","keywords":["Acreditaci\u00f3n internacional Sello Sofia","Calidad acad\u00e9mica","Excelencia","Reconocimiento a la Excelencia Acad\u00e9mica","Universidad Cat\u00f3lica de Colombia"],"articleSection":["Noticias Principales"],"inLanguage":"es-CO"},{"@type":"WebPage","@id":"https:\/\/www.ucatolica.edu.co\/portal\/la-universidad-catolica-de-colombia-recibe-oficialmente-el-reconocimiento-de-la-acreditacion-internacional-sello-sofia\/","url":"https:\/\/www.ucatolica.edu.co\/portal\/la-universidad-catolica-de-colombia-recibe-oficialmente-el-reconocimiento-de-la-acreditacion-internacional-sello-sofia\/","name":"La Universidad Cat\u00f3lica de Colombia recibe el reconocimiento de la acreditaci\u00f3n internacional Sello SOF\u00cdA - Universidad Cat\u00f3lica De Colombia","isPartOf":{"@id":"https:\/\/www.ucatolica.edu.co\/portal\/#website"},"primaryImageOfPage":{"@id":"https:\/\/www.ucatolica.edu.co\/portal\/la-universidad-catolica-de-colombia-recibe-oficialmente-el-reconocimiento-de-la-acreditacion-internacional-sello-sofia\/#primaryimage"},"image":{"@id":"https:\/\/www.ucatolica.edu.co\/portal\/la-universidad-catolica-de-colombia-recibe-oficialmente-el-reconocimiento-de-la-acreditacion-internacional-sello-sofia\/#primaryimage"},"thumbnailUrl":"https:\/\/www.ucatolica.edu.co\/portal\/wp-content\/uploads\/2025\/08\/Mesa-de-trabajo-1-5.png","datePublished":"2025-09-11T16:04:39+00:00","breadcrumb":{"@id":"https:\/\/www.ucatolica.edu.co\/portal\/la-universidad-catolica-de-colombia-recibe-oficialmente-el-reconocimiento-de-la-acreditacion-internacional-sello-sofia\/#breadcrumb"},"inLanguage":"es-CO","potentialAction":[{"@type":"ReadAction","target":["https:\/\/www.ucatolica.edu.co\/portal\/la-universidad-catolica-de-colombia-recibe-oficialmente-el-reconocimiento-de-la-acreditacion-internacional-sello-sofia\/"]}]},{"@type":"ImageObject","inLanguage":"es-CO","@id":"https:\/\/www.ucatolica.edu.co\/portal\/la-universidad-catolica-de-colombia-recibe-oficialmente-el-reconocimiento-de-la-acreditacion-internacional-sello-sofia\/#primaryimage","url":"https:\/\/www.ucatolica.edu.co\/portal\/wp-content\/uploads\/2025\/08\/Mesa-de-trabajo-1-5.png","contentUrl":"https:\/\/www.ucatolica.edu.co\/portal\/wp-content\/uploads\/2025\/08\/Mesa-de-trabajo-1-5.png","width":870,"height":522},{"@type":"BreadcrumbList","@id":"https:\/\/www.ucatolica.edu.co\/portal\/la-universidad-catolica-de-colombia-recibe-oficialmente-el-reconocimiento-de-la-acreditacion-internacional-sello-sofia\/#breadcrumb","itemListElement":[{"@type":"ListItem","position":1,"name":"Inicio","item":"https:\/\/www.ucatolica.edu.co\/portal\/"},{"@type":"ListItem","position":2,"name":"La Universidad Cat\u00f3lica de Colombia recibe el reconocimiento de la acreditaci\u00f3n internacional Sello SOF\u00cdA"}]},{"@type":"WebSite","@id":"https:\/\/www.ucatolica.edu.co\/portal\/#website","url":"https:\/\/www.ucatolica.edu.co\/portal\/","name":"Universidad Cat\u00f3lica De Colombia","description":"Universidad Cat\u00f3lica De Colombia","publisher":{"@id":"https:\/\/www.ucatolica.edu.co\/portal\/#organization"},"potentialAction":[{"@type":"SearchAction","target":{"@type":"EntryPoint","urlTemplate":"https:\/\/www.ucatolica.edu.co\/portal\/?s={search_term_string}"},"query-input":{"@type":"PropertyValueSpecification","valueRequired":true,"valueName":"search_term_string"}}],"inLanguage":"es-CO"},{"@type":"Organization","@id":"https:\/\/www.ucatolica.edu.co\/portal\/#organization","name":"Universidad Cat\u00f3lica de Colombia","url":"https:\/\/www.ucatolica.edu.co\/portal\/","logo":{"@type":"ImageObject","inLanguage":"es-CO","@id":"https:\/\/www.ucatolica.edu.co\/portal\/#\/schema\/logo\/image\/","url":"https:\/\/www.ucatolica.edu.co\/portal\/wp-content\/uploads\/2021\/06\/logo-header-ho-1.svg","contentUrl":"https:\/\/www.ucatolica.edu.co\/portal\/wp-content\/uploads\/2021\/06\/logo-header-ho-1.svg","width":1,"height":1,"caption":"Universidad Cat\u00f3lica de Colombia"},"image":{"@id":"https:\/\/www.ucatolica.edu.co\/portal\/#\/schema\/logo\/image\/"},"sameAs":["https:\/\/www.facebook.com\/ucatolicacolombia","https:\/\/x.com\/UCatolicaCol","https:\/\/www.instagram.com\/universidadcatolicadecolombia\/","https:\/\/www.linkedin.com\/company\/universidadcatolicadecolombia\/","https:\/\/www.youtube.com\/user\/UCatolicaCo"]},{"@type":"Person","@id":"https:\/\/www.ucatolica.edu.co\/portal\/#\/schema\/person\/46b982b9085fee761b48b0bd54f8b9f8","name":"Daniela Junco","url":"https:\/\/www.ucatolica.edu.co\/portal\/author\/daniela\/"}]}},"author_meta":{"display_name":"Daniela Junco","author_link":"https:\/\/www.ucatolica.edu.co\/portal\/author\/daniela\/"},"featured_img":"https:\/\/www.ucatolica.edu.co\/portal\/wp-content\/uploads\/2025\/08\/Mesa-de-trabajo-1-5.png","coauthors":[],"tax_additional":{"categories":{"linked":["<a href=\"https:\/\/www.ucatolica.edu.co\/portal\/category\/noticias-principales\/\" class=\"advgb-post-tax-term\">Noticias Principales<\/a>"],"unlinked":["<span class=\"advgb-post-tax-term\">Noticias Principales<\/span>"]},"tags":{"linked":["<a href=\"https:\/\/www.ucatolica.edu.co\/portal\/category\/noticias-principales\/\" class=\"advgb-post-tax-term\">Acreditaci\u00f3n internacional Sello Sofia<\/a>","<a href=\"https:\/\/www.ucatolica.edu.co\/portal\/category\/noticias-principales\/\" class=\"advgb-post-tax-term\">Calidad acad\u00e9mica<\/a>","<a href=\"https:\/\/www.ucatolica.edu.co\/portal\/category\/noticias-principales\/\" class=\"advgb-post-tax-term\">Excelencia<\/a>","<a href=\"https:\/\/www.ucatolica.edu.co\/portal\/category\/noticias-principales\/\" class=\"advgb-post-tax-term\">Reconocimiento a la Excelencia Acad\u00e9mica<\/a>","<a href=\"https:\/\/www.ucatolica.edu.co\/portal\/category\/noticias-principales\/\" class=\"advgb-post-tax-term\">Universidad Cat\u00f3lica de Colombia<\/a>"],"unlinked":["<span class=\"advgb-post-tax-term\">Acreditaci\u00f3n internacional Sello Sofia<\/span>","<span class=\"advgb-post-tax-term\">Calidad acad\u00e9mica<\/span>","<span class=\"advgb-post-tax-term\">Excelencia<\/span>","<span class=\"advgb-post-tax-term\">Reconocimiento a la Excelencia Acad\u00e9mica<\/span>","<span class=\"advgb-post-tax-term\">Universidad Cat\u00f3lica de Colombia<\/span>"]}},"comment_count":"0","relative_dates":{"created":"Posted 8 meses ago","modified":"Updated 8 meses ago"},"absolute_dates":{"created":"Posted on 11 septiembre, 2025","modified":"Updated on 11 septiembre, 2025"},"absolute_dates_time":{"created":"Posted on 11 septiembre, 2025 11:04 am","modified":"Updated on 11 septiembre, 2025 11:04 am"},"featured_img_caption":"","series_order":"","_links":{"self":[{"href":"https:\/\/www.ucatolica.edu.co\/portal\/wp-json\/wp\/v2\/posts\/121883","targetHints":{"allow":["GET"]}}],"collection":[{"href":"https:\/\/www.ucatolica.edu.co\/portal\/wp-json\/wp\/v2\/posts"}],"about":[{"href":"https:\/\/www.ucatolica.edu.co\/portal\/wp-json\/wp\/v2\/types\/post"}],"author":[{"embeddable":true,"href":"https:\/\/www.ucatolica.edu.co\/portal\/wp-json\/wp\/v2\/users\/64"}],"replies":[{"embeddable":true,"href":"https:\/\/www.ucatolica.edu.co\/portal\/wp-json\/wp\/v2\/comments?post=121883"}],"version-history":[{"count":10,"href":"https:\/\/www.ucatolica.edu.co\/portal\/wp-json\/wp\/v2\/posts\/121883\/revisions"}],"predecessor-version":[{"id":121932,"href":"https:\/\/www.ucatolica.edu.co\/portal\/wp-json\/wp\/v2\/posts\/121883\/revisions\/121932"}],"wp:featuredmedia":[{"embeddable":true,"href":"https:\/\/www.ucatolica.edu.co\/portal\/wp-json\/wp\/v2\/media\/121902"}],"wp:attachment":[{"href":"https:\/\/www.ucatolica.edu.co\/portal\/wp-json\/wp\/v2\/media?parent=121883"}],"wp:term":[{"taxonomy":"category","embeddable":true,"href":"https:\/\/www.ucatolica.edu.co\/portal\/wp-json\/wp\/v2\/categories?post=121883"},{"taxonomy":"post_tag","embeddable":true,"href":"https:\/\/www.ucatolica.edu.co\/portal\/wp-json\/wp\/v2\/tags?post=121883"}],"curies":[{"name":"wp","href":"https:\/\/api.w.org\/{rel}","templated":true}]}}