{"id":121931,"date":"2025-09-02T14:25:39","date_gmt":"2025-09-02T19:25:39","guid":{"rendered":"https:\/\/www.ucatolica.edu.co\/portal\/?p=121931"},"modified":"2025-09-02T14:25:40","modified_gmt":"2025-09-02T19:25:40","slug":"la-tuna-de-la-universidad-catolica-de-colombia-se-destaco-en-certamen-internacional","status":"publish","type":"post","link":"https:\/\/www.ucatolica.edu.co\/portal\/la-tuna-de-la-universidad-catolica-de-colombia-se-destaco-en-certamen-internacional\/","title":{"rendered":"La Tuna de la Universidad Cat\u00f3lica de Colombia se destac\u00f3 en certamen internacional"},"content":{"rendered":"\n<p>El pasado <strong>viernes 8 de agosto<\/strong>, la Tuna de la Universidad Cat\u00f3lica de Colombia represent\u00f3 a la instituci\u00f3n en la <strong>IV edici\u00f3n del Certamen Internacional Summer-C<\/strong>, organizado por la Tuna de la Universidad Nacional de Colombia. Este encuentro, considerado uno de los m\u00e1s relevantes en el \u00e1mbito tuneril, re\u00fane a agrupaciones de alto nivel, muchas de ellas ganadoras de cert\u00e1menes nacionales.<\/p>\n\n\n\n<p>Durante el evento, realizado en el <strong>Auditorio Santa Ana del Colegio Nuestra Se\u00f1ora del Pilar<\/strong>, participaron tunas provenientes de <strong>Espa\u00f1a, Per\u00fa, Chile, M\u00e9xico y Ecuador<\/strong>, lo que hizo de esta edici\u00f3n una competencia exigente y de gran calidad art\u00edstica.<\/p>\n\n\n\n<p>En este escenario internacional, la Tuna de la Universidad Cat\u00f3lica de Colombia se destac\u00f3 al recibir dos importantes reconocimientos:<\/p>\n\n\n\n<ul class=\"wp-block-list\">\n<li><strong>Premio al Mejor Show de Bandera<\/strong><\/li>\n\n\n\n<li><strong>Tercer lugar como mejor tuna del certame<\/strong>n<\/li>\n<\/ul>\n\n\n\n<figure class=\"wp-block-image size-full\"><img fetchpriority=\"high\" decoding=\"async\" width=\"870\" height=\"522\" src=\"https:\/\/www.ucatolica.edu.co\/portal\/wp-content\/uploads\/2025\/09\/Mesa-de-trabajo-1_4.png\" alt=\"\" class=\"wp-image-121987\" \/><\/figure>\n\n\n\n<p>Estos logros son reflejo del talento, la disciplina y el compromiso de sus integrantes, as\u00ed como del respaldo de la Universidad a los procesos culturales y art\u00edsticos que fortalecen la formaci\u00f3n integral de sus estudiantes.<\/p>\n\n\n\n<p><\/p>\n","protected":false},"excerpt":{"rendered":"<p>El pasado viernes 8 de agosto, la Tuna de la Universidad Cat\u00f3lica de Colombia represent\u00f3 a la instituci\u00f3n en la IV edici\u00f3n del Certamen Internacional Summer-C, organizado por la Tuna de la Universidad Nacional de Colombia. Este encuentro, considerado uno de los m\u00e1s relevantes en el \u00e1mbito tuneril, re\u00fane a agrupaciones de alto nivel, muchas [&hellip;]<\/p>\n","protected":false},"author":64,"featured_media":121986,"comment_status":"open","ping_status":"open","sticky":false,"template":"","format":"standard","meta":{"_acf_changed":false,"advgb_blocks_editor_width":"","advgb_blocks_columns_visual_guide":"","footnotes":""},"categories":[93],"tags":[3036,113,763,395],"class_list":["post-121931","post","type-post","status-publish","format-standard","has-post-thumbnail","hentry","category-noticias-principales","tag-certamen-internacional-summer","tag-orgulloucatolica","tag-reconocimiento","tag-tuna-universidad-catolica-de-colombia"],"acf":[],"yoast_head":"<!-- This site is optimized with the Yoast SEO plugin v26.7 - https:\/\/yoast.com\/wordpress\/plugins\/seo\/ -->\n<title>La Tuna de la Universidad Cat\u00f3lica de Colombia se destac\u00f3 en certamen internacional - Universidad Cat\u00f3lica De Colombia<\/title>\n<meta name=\"robots\" content=\"index, follow, max-snippet:-1, max-image-preview:large, max-video-preview:-1\" \/>\n<link rel=\"canonical\" href=\"https:\/\/www.ucatolica.edu.co\/portal\/la-tuna-de-la-universidad-catolica-de-colombia-se-destaco-en-certamen-internacional\/\" \/>\n<meta property=\"og:locale\" content=\"es_ES\" \/>\n<meta property=\"og:type\" content=\"article\" \/>\n<meta property=\"og:title\" content=\"La Tuna de la Universidad Cat\u00f3lica de Colombia se destac\u00f3 en certamen internacional - Universidad Cat\u00f3lica De Colombia\" \/>\n<meta property=\"og:description\" content=\"El pasado viernes 8 de agosto, la Tuna de la Universidad Cat\u00f3lica de Colombia represent\u00f3 a la instituci\u00f3n en la IV edici\u00f3n del Certamen Internacional Summer-C, organizado por la Tuna de la Universidad Nacional de Colombia. Este encuentro, considerado uno de los m\u00e1s relevantes en el \u00e1mbito tuneril, re\u00fane a agrupaciones de alto nivel, muchas [&hellip;]\" \/>\n<meta property=\"og:url\" content=\"https:\/\/www.ucatolica.edu.co\/portal\/la-tuna-de-la-universidad-catolica-de-colombia-se-destaco-en-certamen-internacional\/\" \/>\n<meta property=\"og:site_name\" content=\"Universidad Cat\u00f3lica De Colombia\" \/>\n<meta property=\"article:publisher\" content=\"https:\/\/www.facebook.com\/ucatolicacolombia\" \/>\n<meta property=\"article:published_time\" content=\"2025-09-02T19:25:39+00:00\" \/>\n<meta property=\"article:modified_time\" content=\"2025-09-02T19:25:40+00:00\" \/>\n<meta property=\"og:image\" content=\"https:\/\/www.ucatolica.edu.co\/portal\/wp-content\/uploads\/2025\/08\/Mesa-de-trabajo-1_1-7.png\" \/>\n\t<meta property=\"og:image:width\" content=\"870\" \/>\n\t<meta property=\"og:image:height\" content=\"522\" \/>\n\t<meta property=\"og:image:type\" content=\"image\/png\" \/>\n<meta name=\"author\" content=\"Daniela Junco\" \/>\n<meta name=\"twitter:card\" content=\"summary_large_image\" \/>\n<meta name=\"twitter:creator\" content=\"@UCatolicaCol\" \/>\n<meta name=\"twitter:site\" content=\"@UCatolicaCol\" \/>\n<meta name=\"twitter:label1\" content=\"Escrito por\" \/>\n\t<meta name=\"twitter:data1\" content=\"Daniela Junco\" \/>\n\t<meta name=\"twitter:label2\" content=\"Tiempo de lectura\" \/>\n\t<meta name=\"twitter:data2\" content=\"1 minuto\" \/>\n<script type=\"application\/ld+json\" class=\"yoast-schema-graph\">{\"@context\":\"https:\/\/schema.org\",\"@graph\":[{\"@type\":\"Article\",\"@id\":\"https:\/\/www.ucatolica.edu.co\/portal\/la-tuna-de-la-universidad-catolica-de-colombia-se-destaco-en-certamen-internacional\/#article\",\"isPartOf\":{\"@id\":\"https:\/\/www.ucatolica.edu.co\/portal\/la-tuna-de-la-universidad-catolica-de-colombia-se-destaco-en-certamen-internacional\/\"},\"author\":{\"name\":\"Daniela Junco\",\"@id\":\"https:\/\/www.ucatolica.edu.co\/portal\/#\/schema\/person\/46b982b9085fee761b48b0bd54f8b9f8\"},\"headline\":\"La Tuna de la Universidad Cat\u00f3lica de Colombia se destac\u00f3 en certamen internacional\",\"datePublished\":\"2025-09-02T19:25:39+00:00\",\"dateModified\":\"2025-09-02T19:25:40+00:00\",\"mainEntityOfPage\":{\"@id\":\"https:\/\/www.ucatolica.edu.co\/portal\/la-tuna-de-la-universidad-catolica-de-colombia-se-destaco-en-certamen-internacional\/\"},\"wordCount\":194,\"commentCount\":0,\"publisher\":{\"@id\":\"https:\/\/www.ucatolica.edu.co\/portal\/#organization\"},\"image\":{\"@id\":\"https:\/\/www.ucatolica.edu.co\/portal\/la-tuna-de-la-universidad-catolica-de-colombia-se-destaco-en-certamen-internacional\/#primaryimage\"},\"thumbnailUrl\":\"https:\/\/www.ucatolica.edu.co\/portal\/wp-content\/uploads\/2025\/08\/Mesa-de-trabajo-1_1-7.png\",\"keywords\":[\"Certamen Internacional Summer\",\"OrgulloUcat\u00f3lica\",\"Reconocimiento\",\"Tuna Universidad Cat\u00f3lica de Colombia\"],\"articleSection\":[\"Noticias Principales\"],\"inLanguage\":\"es-CO\"},{\"@type\":\"WebPage\",\"@id\":\"https:\/\/www.ucatolica.edu.co\/portal\/la-tuna-de-la-universidad-catolica-de-colombia-se-destaco-en-certamen-internacional\/\",\"url\":\"https:\/\/www.ucatolica.edu.co\/portal\/la-tuna-de-la-universidad-catolica-de-colombia-se-destaco-en-certamen-internacional\/\",\"name\":\"La Tuna de la Universidad Cat\u00f3lica de Colombia se destac\u00f3 en certamen internacional - Universidad Cat\u00f3lica De Colombia\",\"isPartOf\":{\"@id\":\"https:\/\/www.ucatolica.edu.co\/portal\/#website\"},\"primaryImageOfPage\":{\"@id\":\"https:\/\/www.ucatolica.edu.co\/portal\/la-tuna-de-la-universidad-catolica-de-colombia-se-destaco-en-certamen-internacional\/#primaryimage\"},\"image\":{\"@id\":\"https:\/\/www.ucatolica.edu.co\/portal\/la-tuna-de-la-universidad-catolica-de-colombia-se-destaco-en-certamen-internacional\/#primaryimage\"},\"thumbnailUrl\":\"https:\/\/www.ucatolica.edu.co\/portal\/wp-content\/uploads\/2025\/08\/Mesa-de-trabajo-1_1-7.png\",\"datePublished\":\"2025-09-02T19:25:39+00:00\",\"dateModified\":\"2025-09-02T19:25:40+00:00\",\"breadcrumb\":{\"@id\":\"https:\/\/www.ucatolica.edu.co\/portal\/la-tuna-de-la-universidad-catolica-de-colombia-se-destaco-en-certamen-internacional\/#breadcrumb\"},\"inLanguage\":\"es-CO\",\"potentialAction\":[{\"@type\":\"ReadAction\",\"target\":[\"https:\/\/www.ucatolica.edu.co\/portal\/la-tuna-de-la-universidad-catolica-de-colombia-se-destaco-en-certamen-internacional\/\"]}]},{\"@type\":\"ImageObject\",\"inLanguage\":\"es-CO\",\"@id\":\"https:\/\/www.ucatolica.edu.co\/portal\/la-tuna-de-la-universidad-catolica-de-colombia-se-destaco-en-certamen-internacional\/#primaryimage\",\"url\":\"https:\/\/www.ucatolica.edu.co\/portal\/wp-content\/uploads\/2025\/08\/Mesa-de-trabajo-1_1-7.png\",\"contentUrl\":\"https:\/\/www.ucatolica.edu.co\/portal\/wp-content\/uploads\/2025\/08\/Mesa-de-trabajo-1_1-7.png\",\"width\":870,\"height\":522},{\"@type\":\"BreadcrumbList\",\"@id\":\"https:\/\/www.ucatolica.edu.co\/portal\/la-tuna-de-la-universidad-catolica-de-colombia-se-destaco-en-certamen-internacional\/#breadcrumb\",\"itemListElement\":[{\"@type\":\"ListItem\",\"position\":1,\"name\":\"Inicio\",\"item\":\"https:\/\/www.ucatolica.edu.co\/portal\/\"},{\"@type\":\"ListItem\",\"position\":2,\"name\":\"La Tuna de la Universidad Cat\u00f3lica de Colombia se destac\u00f3 en certamen internacional\"}]},{\"@type\":\"WebSite\",\"@id\":\"https:\/\/www.ucatolica.edu.co\/portal\/#website\",\"url\":\"https:\/\/www.ucatolica.edu.co\/portal\/\",\"name\":\"Universidad Cat\u00f3lica De Colombia\",\"description\":\"Universidad Cat\u00f3lica De Colombia\",\"publisher\":{\"@id\":\"https:\/\/www.ucatolica.edu.co\/portal\/#organization\"},\"potentialAction\":[{\"@type\":\"SearchAction\",\"target\":{\"@type\":\"EntryPoint\",\"urlTemplate\":\"https:\/\/www.ucatolica.edu.co\/portal\/?s={search_term_string}\"},\"query-input\":{\"@type\":\"PropertyValueSpecification\",\"valueRequired\":true,\"valueName\":\"search_term_string\"}}],\"inLanguage\":\"es-CO\"},{\"@type\":\"Organization\",\"@id\":\"https:\/\/www.ucatolica.edu.co\/portal\/#organization\",\"name\":\"Universidad Cat\u00f3lica de Colombia\",\"url\":\"https:\/\/www.ucatolica.edu.co\/portal\/\",\"logo\":{\"@type\":\"ImageObject\",\"inLanguage\":\"es-CO\",\"@id\":\"https:\/\/www.ucatolica.edu.co\/portal\/#\/schema\/logo\/image\/\",\"url\":\"https:\/\/www.ucatolica.edu.co\/portal\/wp-content\/uploads\/2021\/06\/logo-header-ho-1.svg\",\"contentUrl\":\"https:\/\/www.ucatolica.edu.co\/portal\/wp-content\/uploads\/2021\/06\/logo-header-ho-1.svg\",\"width\":1,\"height\":1,\"caption\":\"Universidad Cat\u00f3lica de Colombia\"},\"image\":{\"@id\":\"https:\/\/www.ucatolica.edu.co\/portal\/#\/schema\/logo\/image\/\"},\"sameAs\":[\"https:\/\/www.facebook.com\/ucatolicacolombia\",\"https:\/\/x.com\/UCatolicaCol\",\"https:\/\/www.instagram.com\/universidadcatolicadecolombia\/\",\"https:\/\/www.linkedin.com\/company\/universidadcatolicadecolombia\/\",\"https:\/\/www.youtube.com\/user\/UCatolicaCo\"]},{\"@type\":\"Person\",\"@id\":\"https:\/\/www.ucatolica.edu.co\/portal\/#\/schema\/person\/46b982b9085fee761b48b0bd54f8b9f8\",\"name\":\"Daniela Junco\",\"url\":\"https:\/\/www.ucatolica.edu.co\/portal\/author\/daniela\/\"}]}<\/script>\n<!-- \/ Yoast SEO plugin. -->","yoast_head_json":{"title":"La Tuna de la Universidad Cat\u00f3lica de Colombia se destac\u00f3 en certamen internacional - Universidad Cat\u00f3lica De Colombia","robots":{"index":"index","follow":"follow","max-snippet":"max-snippet:-1","max-image-preview":"max-image-preview:large","max-video-preview":"max-video-preview:-1"},"canonical":"https:\/\/www.ucatolica.edu.co\/portal\/la-tuna-de-la-universidad-catolica-de-colombia-se-destaco-en-certamen-internacional\/","og_locale":"es_ES","og_type":"article","og_title":"La Tuna de la Universidad Cat\u00f3lica de Colombia se destac\u00f3 en certamen internacional - Universidad Cat\u00f3lica De Colombia","og_description":"El pasado viernes 8 de agosto, la Tuna de la Universidad Cat\u00f3lica de Colombia represent\u00f3 a la instituci\u00f3n en la IV edici\u00f3n del Certamen Internacional Summer-C, organizado por la Tuna de la Universidad Nacional de Colombia. Este encuentro, considerado uno de los m\u00e1s relevantes en el \u00e1mbito tuneril, re\u00fane a agrupaciones de alto nivel, muchas [&hellip;]","og_url":"https:\/\/www.ucatolica.edu.co\/portal\/la-tuna-de-la-universidad-catolica-de-colombia-se-destaco-en-certamen-internacional\/","og_site_name":"Universidad Cat\u00f3lica De Colombia","article_publisher":"https:\/\/www.facebook.com\/ucatolicacolombia","article_published_time":"2025-09-02T19:25:39+00:00","article_modified_time":"2025-09-02T19:25:40+00:00","og_image":[{"width":870,"height":522,"url":"https:\/\/www.ucatolica.edu.co\/portal\/wp-content\/uploads\/2025\/08\/Mesa-de-trabajo-1_1-7.png","type":"image\/png"}],"author":"Daniela Junco","twitter_card":"summary_large_image","twitter_creator":"@UCatolicaCol","twitter_site":"@UCatolicaCol","twitter_misc":{"Escrito por":"Daniela Junco","Tiempo de lectura":"1 minuto"},"schema":{"@context":"https:\/\/schema.org","@graph":[{"@type":"Article","@id":"https:\/\/www.ucatolica.edu.co\/portal\/la-tuna-de-la-universidad-catolica-de-colombia-se-destaco-en-certamen-internacional\/#article","isPartOf":{"@id":"https:\/\/www.ucatolica.edu.co\/portal\/la-tuna-de-la-universidad-catolica-de-colombia-se-destaco-en-certamen-internacional\/"},"author":{"name":"Daniela Junco","@id":"https:\/\/www.ucatolica.edu.co\/portal\/#\/schema\/person\/46b982b9085fee761b48b0bd54f8b9f8"},"headline":"La Tuna de la Universidad Cat\u00f3lica de Colombia se destac\u00f3 en certamen internacional","datePublished":"2025-09-02T19:25:39+00:00","dateModified":"2025-09-02T19:25:40+00:00","mainEntityOfPage":{"@id":"https:\/\/www.ucatolica.edu.co\/portal\/la-tuna-de-la-universidad-catolica-de-colombia-se-destaco-en-certamen-internacional\/"},"wordCount":194,"commentCount":0,"publisher":{"@id":"https:\/\/www.ucatolica.edu.co\/portal\/#organization"},"image":{"@id":"https:\/\/www.ucatolica.edu.co\/portal\/la-tuna-de-la-universidad-catolica-de-colombia-se-destaco-en-certamen-internacional\/#primaryimage"},"thumbnailUrl":"https:\/\/www.ucatolica.edu.co\/portal\/wp-content\/uploads\/2025\/08\/Mesa-de-trabajo-1_1-7.png","keywords":["Certamen Internacional Summer","OrgulloUcat\u00f3lica","Reconocimiento","Tuna Universidad Cat\u00f3lica de Colombia"],"articleSection":["Noticias Principales"],"inLanguage":"es-CO"},{"@type":"WebPage","@id":"https:\/\/www.ucatolica.edu.co\/portal\/la-tuna-de-la-universidad-catolica-de-colombia-se-destaco-en-certamen-internacional\/","url":"https:\/\/www.ucatolica.edu.co\/portal\/la-tuna-de-la-universidad-catolica-de-colombia-se-destaco-en-certamen-internacional\/","name":"La Tuna de la Universidad Cat\u00f3lica de Colombia se destac\u00f3 en certamen internacional - Universidad Cat\u00f3lica De Colombia","isPartOf":{"@id":"https:\/\/www.ucatolica.edu.co\/portal\/#website"},"primaryImageOfPage":{"@id":"https:\/\/www.ucatolica.edu.co\/portal\/la-tuna-de-la-universidad-catolica-de-colombia-se-destaco-en-certamen-internacional\/#primaryimage"},"image":{"@id":"https:\/\/www.ucatolica.edu.co\/portal\/la-tuna-de-la-universidad-catolica-de-colombia-se-destaco-en-certamen-internacional\/#primaryimage"},"thumbnailUrl":"https:\/\/www.ucatolica.edu.co\/portal\/wp-content\/uploads\/2025\/08\/Mesa-de-trabajo-1_1-7.png","datePublished":"2025-09-02T19:25:39+00:00","dateModified":"2025-09-02T19:25:40+00:00","breadcrumb":{"@id":"https:\/\/www.ucatolica.edu.co\/portal\/la-tuna-de-la-universidad-catolica-de-colombia-se-destaco-en-certamen-internacional\/#breadcrumb"},"inLanguage":"es-CO","potentialAction":[{"@type":"ReadAction","target":["https:\/\/www.ucatolica.edu.co\/portal\/la-tuna-de-la-universidad-catolica-de-colombia-se-destaco-en-certamen-internacional\/"]}]},{"@type":"ImageObject","inLanguage":"es-CO","@id":"https:\/\/www.ucatolica.edu.co\/portal\/la-tuna-de-la-universidad-catolica-de-colombia-se-destaco-en-certamen-internacional\/#primaryimage","url":"https:\/\/www.ucatolica.edu.co\/portal\/wp-content\/uploads\/2025\/08\/Mesa-de-trabajo-1_1-7.png","contentUrl":"https:\/\/www.ucatolica.edu.co\/portal\/wp-content\/uploads\/2025\/08\/Mesa-de-trabajo-1_1-7.png","width":870,"height":522},{"@type":"BreadcrumbList","@id":"https:\/\/www.ucatolica.edu.co\/portal\/la-tuna-de-la-universidad-catolica-de-colombia-se-destaco-en-certamen-internacional\/#breadcrumb","itemListElement":[{"@type":"ListItem","position":1,"name":"Inicio","item":"https:\/\/www.ucatolica.edu.co\/portal\/"},{"@type":"ListItem","position":2,"name":"La Tuna de la Universidad Cat\u00f3lica de Colombia se destac\u00f3 en certamen internacional"}]},{"@type":"WebSite","@id":"https:\/\/www.ucatolica.edu.co\/portal\/#website","url":"https:\/\/www.ucatolica.edu.co\/portal\/","name":"Universidad Cat\u00f3lica De Colombia","description":"Universidad Cat\u00f3lica De Colombia","publisher":{"@id":"https:\/\/www.ucatolica.edu.co\/portal\/#organization"},"potentialAction":[{"@type":"SearchAction","target":{"@type":"EntryPoint","urlTemplate":"https:\/\/www.ucatolica.edu.co\/portal\/?s={search_term_string}"},"query-input":{"@type":"PropertyValueSpecification","valueRequired":true,"valueName":"search_term_string"}}],"inLanguage":"es-CO"},{"@type":"Organization","@id":"https:\/\/www.ucatolica.edu.co\/portal\/#organization","name":"Universidad Cat\u00f3lica de Colombia","url":"https:\/\/www.ucatolica.edu.co\/portal\/","logo":{"@type":"ImageObject","inLanguage":"es-CO","@id":"https:\/\/www.ucatolica.edu.co\/portal\/#\/schema\/logo\/image\/","url":"https:\/\/www.ucatolica.edu.co\/portal\/wp-content\/uploads\/2021\/06\/logo-header-ho-1.svg","contentUrl":"https:\/\/www.ucatolica.edu.co\/portal\/wp-content\/uploads\/2021\/06\/logo-header-ho-1.svg","width":1,"height":1,"caption":"Universidad Cat\u00f3lica de Colombia"},"image":{"@id":"https:\/\/www.ucatolica.edu.co\/portal\/#\/schema\/logo\/image\/"},"sameAs":["https:\/\/www.facebook.com\/ucatolicacolombia","https:\/\/x.com\/UCatolicaCol","https:\/\/www.instagram.com\/universidadcatolicadecolombia\/","https:\/\/www.linkedin.com\/company\/universidadcatolicadecolombia\/","https:\/\/www.youtube.com\/user\/UCatolicaCo"]},{"@type":"Person","@id":"https:\/\/www.ucatolica.edu.co\/portal\/#\/schema\/person\/46b982b9085fee761b48b0bd54f8b9f8","name":"Daniela Junco","url":"https:\/\/www.ucatolica.edu.co\/portal\/author\/daniela\/"}]}},"author_meta":{"display_name":"Daniela Junco","author_link":"https:\/\/www.ucatolica.edu.co\/portal\/author\/daniela\/"},"featured_img":"https:\/\/www.ucatolica.edu.co\/portal\/wp-content\/uploads\/2025\/08\/Mesa-de-trabajo-1_1-7.png","coauthors":[],"tax_additional":{"categories":{"linked":["<a href=\"https:\/\/www.ucatolica.edu.co\/portal\/category\/noticias-principales\/\" class=\"advgb-post-tax-term\">Noticias Principales<\/a>"],"unlinked":["<span class=\"advgb-post-tax-term\">Noticias Principales<\/span>"]},"tags":{"linked":["<a href=\"https:\/\/www.ucatolica.edu.co\/portal\/category\/noticias-principales\/\" class=\"advgb-post-tax-term\">Certamen Internacional Summer<\/a>","<a href=\"https:\/\/www.ucatolica.edu.co\/portal\/category\/noticias-principales\/\" class=\"advgb-post-tax-term\">OrgulloUcat\u00f3lica<\/a>","<a href=\"https:\/\/www.ucatolica.edu.co\/portal\/category\/noticias-principales\/\" class=\"advgb-post-tax-term\">Reconocimiento<\/a>","<a href=\"https:\/\/www.ucatolica.edu.co\/portal\/category\/noticias-principales\/\" class=\"advgb-post-tax-term\">Tuna Universidad Cat\u00f3lica de Colombia<\/a>"],"unlinked":["<span class=\"advgb-post-tax-term\">Certamen Internacional Summer<\/span>","<span class=\"advgb-post-tax-term\">OrgulloUcat\u00f3lica<\/span>","<span class=\"advgb-post-tax-term\">Reconocimiento<\/span>","<span class=\"advgb-post-tax-term\">Tuna Universidad Cat\u00f3lica de Colombia<\/span>"]}},"comment_count":"0","relative_dates":{"created":"Posted 8 meses ago","modified":"Updated 8 meses ago"},"absolute_dates":{"created":"Posted on 2 septiembre, 2025","modified":"Updated on 2 septiembre, 2025"},"absolute_dates_time":{"created":"Posted on 2 septiembre, 2025 2:25 pm","modified":"Updated on 2 septiembre, 2025 2:25 pm"},"featured_img_caption":"","series_order":"","_links":{"self":[{"href":"https:\/\/www.ucatolica.edu.co\/portal\/wp-json\/wp\/v2\/posts\/121931","targetHints":{"allow":["GET"]}}],"collection":[{"href":"https:\/\/www.ucatolica.edu.co\/portal\/wp-json\/wp\/v2\/posts"}],"about":[{"href":"https:\/\/www.ucatolica.edu.co\/portal\/wp-json\/wp\/v2\/types\/post"}],"author":[{"embeddable":true,"href":"https:\/\/www.ucatolica.edu.co\/portal\/wp-json\/wp\/v2\/users\/64"}],"replies":[{"embeddable":true,"href":"https:\/\/www.ucatolica.edu.co\/portal\/wp-json\/wp\/v2\/comments?post=121931"}],"version-history":[{"count":6,"href":"https:\/\/www.ucatolica.edu.co\/portal\/wp-json\/wp\/v2\/posts\/121931\/revisions"}],"predecessor-version":[{"id":121992,"href":"https:\/\/www.ucatolica.edu.co\/portal\/wp-json\/wp\/v2\/posts\/121931\/revisions\/121992"}],"wp:featuredmedia":[{"embeddable":true,"href":"https:\/\/www.ucatolica.edu.co\/portal\/wp-json\/wp\/v2\/media\/121986"}],"wp:attachment":[{"href":"https:\/\/www.ucatolica.edu.co\/portal\/wp-json\/wp\/v2\/media?parent=121931"}],"wp:term":[{"taxonomy":"category","embeddable":true,"href":"https:\/\/www.ucatolica.edu.co\/portal\/wp-json\/wp\/v2\/categories?post=121931"},{"taxonomy":"post_tag","embeddable":true,"href":"https:\/\/www.ucatolica.edu.co\/portal\/wp-json\/wp\/v2\/tags?post=121931"}],"curies":[{"name":"wp","href":"https:\/\/api.w.org\/{rel}","templated":true}]}}