{"id":122117,"date":"2025-09-04T18:21:40","date_gmt":"2025-09-04T23:21:40","guid":{"rendered":"https:\/\/www.ucatolica.edu.co\/portal\/?p=122117"},"modified":"2025-12-12T15:42:00","modified_gmt":"2025-12-12T20:42:00","slug":"convocatoria-al-curso-de-portugues-aprendizagem-da-lingua-portuguesa-uma-porta-para-a-lusofonia","status":"publish","type":"post","link":"https:\/\/www.ucatolica.edu.co\/portal\/convocatoria-al-curso-de-portugues-aprendizagem-da-lingua-portuguesa-uma-porta-para-a-lusofonia\/","title":{"rendered":"Convocatoria al curso de portugu\u00e9s \u201cAprendizagem da L\u00edngua Portuguesa: uma porta para a lusofonia\u201d"},"content":{"rendered":"\n<p>La Oficina de Relaciones Internacionales e Interinstitucionales de la Universidad Cat\u00f3lica de Colombia, se complace en anunciar la apertura de la convocatoria para participar en el curso <strong>\u201cAprendizagem da L\u00edngua Portuguesa: uma porta para a lusofonia\u201d<\/strong>, un proyecto acad\u00e9mico y cultural desarrollado en alianza con <strong>la Universidade Federal de Ouro Preto (Brasil) <\/strong>y con el apoyo de ICETEX a trav\u00e9s del programa Ense\u00f1anza y Protecci\u00f3n de Lenguas 2025.<\/p>\n\n\n\n<p>Este curso est\u00e1 dise\u00f1ado para <strong>estudiantes, profesores y administrativos de la Universidad<\/strong>, quienes podr\u00e1n fortalecer sus competencias ling\u00fc\u00edsticas e interculturales a trav\u00e9s del idioma portugu\u00e9s.<\/p>\n\n\n\n<p><strong>Objetivos del proyecto<\/strong><\/p>\n\n\n\n<ul class=\"wp-block-list\">\n<li>Promover la interculturalidad, facilitando el intercambio de experiencias y conocimientos entre universidades de distintos pa\u00edses.<\/li>\n\n\n\n<li>Impulsar la inclusi\u00f3n y diversidad de saberes mediante la ense\u00f1anza de la historia y la cultura por medio en lengua.<\/li>\n<\/ul>\n\n\n\n<p><strong>Fases de implementaci\u00f3n<\/strong><\/p>\n\n\n\n<ol class=\"wp-block-list\">\n<li>Curso A1 \u2013 Modalidad presencial con la Universidade Federal de Ouro Preto (3 semanas en octubre).<\/li>\n\n\n\n<li>Curso A2 \u2013 Modalidad presencial con la Universidade Cat\u00f3lica Portuguesa (2 semanas en noviembre).<\/li>\n<\/ol>\n\n\n\n<p><strong>N\u00famero de cupos disponibles: 30<\/strong><\/p>\n\n\n\n<h3 class=\"wp-block-heading\"><strong>Participaci\u00f3n seg\u00fan cada p\u00fablico<\/strong><\/h3>\n\n\n\n<p><strong>Estudiantes<\/strong><\/p>\n\n\n\n<p>Podr\u00e1n postularse estudiantes activos de pregrado y posgrado que tengan un promedio acumulado superior a 8.0 y que deseen fortalecer o desarrollar habilidades en portugu\u00e9s como lengua extranjera.<\/p>\n\n\n\n<p>Se dar\u00e1 prioridad a:<\/p>\n\n\n\n<ul class=\"wp-block-list\">\n<li>Estudiantes vinculados a grupos institucionales como semilleros de investigaci\u00f3n, pastoral universitaria, deportes, vida universitaria con sentido, ESPERE o monitorias.<\/li>\n\n\n\n<li>Estudiantes pertenecientes a comunidades vulnerables (afro, raizales, ind\u00edgenas, v\u00edctimas del conflicto, territorios rurales o estratos 1 y 2).<\/li>\n\n\n\n<li>Estudiantes que hayan participado en los cursos previos<strong>: \u201cPortugu\u00e9s para la vida: acercamiento a la cultura y costumbres de Brasil\u201d y \u201cConexiones Lus\u00f3fonas\u201d.<\/strong><\/li>\n<\/ul>\n\n\n\n<p><strong>Profesores<\/strong><\/p>\n\n\n\n<p>Podr\u00e1n participar profesores de planta con m\u00ednimo un a\u00f1o de antig\u00fcedad en la Universidad Cat\u00f3lica de Colombia.<\/p>\n\n\n\n<p><strong>Requisitos adicionales:<\/strong><\/p>\n\n\n\n<ul class=\"wp-block-list\">\n<li>Contar con autorizaci\u00f3n de su jefe inmediato para participar en las jornadas del curso.<\/li>\n\n\n\n<li>Se priorizar\u00e1 a docentes que hayan establecido colaboraciones o proyectos con universidades de Brasil, Portugal u otros pa\u00edses de habla portuguesa.<\/li>\n\n\n\n<li>Se dar\u00e1 preferencia a quienes ya hayan cursado programas previos en portugu\u00e9s y cultura africana o brasilera ofrecidos por la Universidad.<\/li>\n<\/ul>\n\n\n\n<p><strong>Funcionarios administrativos<\/strong><\/p>\n\n\n\n<p>Podr\u00e1n participar funcionarios con m\u00ednimo un a\u00f1o de vinculaci\u00f3n a la Universidad Cat\u00f3lica de Colombia.<\/p>\n\n\n\n<p><strong>Se priorizar\u00e1 a:<\/strong><\/p>\n\n\n\n<ul class=\"wp-block-list\">\n<li>Aquellos cuyo rol tenga relaci\u00f3n con procesos de internacionalizaci\u00f3n o con la atenci\u00f3n a comunidades internacionales.<\/li>\n\n\n\n<li>Quienes hayan participado en los cursos previos de portugu\u00e9s y cultura ofrecidos por la instituci\u00f3n.<\/li>\n\n\n\n<li>Colaboradores que cuenten con autorizaci\u00f3n de su jefe inmediato para cumplir con los horarios del programa.<\/li>\n<\/ul>\n\n\n\n<p><strong>Inscripci\u00f3n<\/strong><\/p>\n\n\n\n<p>Los interesados podr\u00e1n postularse diligenciando el formulario en el siguiente enlace:<\/p>\n\n\n\n<p><strong><a href=\"https:\/\/forms.office.com\/pages\/responsepage.aspx?id=SHEi1DBJBk-LqghF_1flQUhfr9oVulxJoEIgbOOs0IVUNTNUR0kwSjE3VFJXSlZHSTFUTjNXRk8xMS4u&amp;origin=QRCode&amp;qrcodeorigin=presentation&amp;route=shorturl\">Formulario de inscripci\u00f3n<\/a><\/strong><\/p>\n\n\n\n<p><strong>Fecha l\u00edmite de postulaci\u00f3n: 2 de octubre de 2025<\/strong><\/p>\n\n\n\n<p><strong>Mayor informaci\u00f3n<\/strong><\/p>\n\n\n\n<p>Tania Alejandra Sarmiento Ramos<\/p>\n\n\n\n<p>Coordinadora de Asuntos Globales para el Campus<\/p>\n\n\n\n<p>globalcampus@ucatolica.edu.co<\/p>\n\n\n\n<p>Con estas iniciativas, la Universidad Cat\u00f3lica de Colombia ratifica su compromiso con la internacionalizaci\u00f3n, la inclusi\u00f3n y la construcci\u00f3n de una comunidad acad\u00e9mica que aprende y crece desde la diversidad cultural.<\/p>\n\n\n\n<p><strong>&nbsp;Impulsar Historias Hechas a Pulso<\/strong><\/p>\n\n\n\n<figure class=\"wp-block-image size-full is-resized\"><img fetchpriority=\"high\" decoding=\"async\" width=\"651\" height=\"152\" src=\"https:\/\/www.ucatolica.edu.co\/portal\/wp-content\/uploads\/2025\/07\/Logo-ICETEX-TRANSPARENTE.png\" alt=\"\" class=\"wp-image-122651\" style=\"width:575px;height:auto\" \/><\/figure>\n\n\n\n<p><\/p>\n","protected":false},"excerpt":{"rendered":"<p>La Oficina de Relaciones Internacionales e Interinstitucionales de la Universidad Cat\u00f3lica de Colombia, se complace en anunciar la apertura de la convocatoria para participar en el curso \u201cAprendizagem da L\u00edngua Portuguesa: uma porta para a lusofonia\u201d, un proyecto acad\u00e9mico y cultural desarrollado en alianza con la Universidade Federal de Ouro Preto (Brasil) y con el [&hellip;]<\/p>\n","protected":false},"author":65,"featured_media":122167,"comment_status":"open","ping_status":"open","sticky":false,"template":"","format":"standard","meta":{"_acf_changed":false,"advgb_blocks_editor_width":"","advgb_blocks_columns_visual_guide":"","footnotes":""},"categories":[93,531],"tags":[521,1528,479,3106],"class_list":["post-122117","post","type-post","status-publish","format-standard","has-post-thumbnail","hentry","category-noticias-principales","category-orii","tag-brasil","tag-icetex","tag-orii","tag-portugues"],"acf":[],"yoast_head":"<!-- This site is optimized with the Yoast SEO plugin v26.7 - https:\/\/yoast.com\/wordpress\/plugins\/seo\/ -->\n<title>Convocatoria al curso de portugu\u00e9s \u201cAprendizagem da L\u00edngua Portuguesa: uma porta para a lusofonia\u201d - Universidad Cat\u00f3lica De Colombia<\/title>\n<meta name=\"robots\" content=\"index, follow, max-snippet:-1, max-image-preview:large, max-video-preview:-1\" \/>\n<link rel=\"canonical\" href=\"https:\/\/www.ucatolica.edu.co\/portal\/convocatoria-al-curso-de-portugues-aprendizagem-da-lingua-portuguesa-uma-porta-para-a-lusofonia\/\" \/>\n<meta property=\"og:locale\" content=\"es_ES\" \/>\n<meta property=\"og:type\" content=\"article\" \/>\n<meta property=\"og:title\" content=\"Convocatoria al curso de portugu\u00e9s \u201cAprendizagem da L\u00edngua Portuguesa: uma porta para a lusofonia\u201d - Universidad Cat\u00f3lica De Colombia\" \/>\n<meta property=\"og:description\" content=\"La Oficina de Relaciones Internacionales e Interinstitucionales de la Universidad Cat\u00f3lica de Colombia, se complace en anunciar la apertura de la convocatoria para participar en el curso \u201cAprendizagem da L\u00edngua Portuguesa: uma porta para a lusofonia\u201d, un proyecto acad\u00e9mico y cultural desarrollado en alianza con la Universidade Federal de Ouro Preto (Brasil) y con el [&hellip;]\" \/>\n<meta property=\"og:url\" content=\"https:\/\/www.ucatolica.edu.co\/portal\/convocatoria-al-curso-de-portugues-aprendizagem-da-lingua-portuguesa-uma-porta-para-a-lusofonia\/\" \/>\n<meta property=\"og:site_name\" content=\"Universidad Cat\u00f3lica De Colombia\" \/>\n<meta property=\"article:publisher\" content=\"https:\/\/www.facebook.com\/ucatolicacolombia\" \/>\n<meta property=\"article:published_time\" content=\"2025-09-04T23:21:40+00:00\" \/>\n<meta property=\"article:modified_time\" content=\"2025-12-12T20:42:00+00:00\" \/>\n<meta property=\"og:image\" content=\"https:\/\/www.ucatolica.edu.co\/portal\/wp-content\/uploads\/2025\/09\/Noticia.jpg\" \/>\n\t<meta property=\"og:image:width\" content=\"870\" \/>\n\t<meta property=\"og:image:height\" content=\"522\" \/>\n\t<meta property=\"og:image:type\" content=\"image\/jpeg\" \/>\n<meta name=\"author\" content=\"Juan Jos\u00e9 Franco\" \/>\n<meta name=\"twitter:card\" content=\"summary_large_image\" \/>\n<meta name=\"twitter:creator\" content=\"@UCatolicaCol\" \/>\n<meta name=\"twitter:site\" content=\"@UCatolicaCol\" \/>\n<meta name=\"twitter:label1\" content=\"Escrito por\" \/>\n\t<meta name=\"twitter:data1\" content=\"Juan Jos\u00e9 Franco\" \/>\n\t<meta name=\"twitter:label2\" content=\"Tiempo de lectura\" \/>\n\t<meta name=\"twitter:data2\" content=\"3 minutos\" \/>\n<script type=\"application\/ld+json\" class=\"yoast-schema-graph\">{\"@context\":\"https:\/\/schema.org\",\"@graph\":[{\"@type\":\"Article\",\"@id\":\"https:\/\/www.ucatolica.edu.co\/portal\/convocatoria-al-curso-de-portugues-aprendizagem-da-lingua-portuguesa-uma-porta-para-a-lusofonia\/#article\",\"isPartOf\":{\"@id\":\"https:\/\/www.ucatolica.edu.co\/portal\/convocatoria-al-curso-de-portugues-aprendizagem-da-lingua-portuguesa-uma-porta-para-a-lusofonia\/\"},\"author\":{\"name\":\"Juan Jos\u00e9 Franco\",\"@id\":\"https:\/\/www.ucatolica.edu.co\/portal\/#\/schema\/person\/2fe10d3836c8b18a520cbf458d96a728\"},\"headline\":\"Convocatoria al curso de portugu\u00e9s \u201cAprendizagem da L\u00edngua Portuguesa: uma porta para a lusofonia\u201d\",\"datePublished\":\"2025-09-04T23:21:40+00:00\",\"dateModified\":\"2025-12-12T20:42:00+00:00\",\"mainEntityOfPage\":{\"@id\":\"https:\/\/www.ucatolica.edu.co\/portal\/convocatoria-al-curso-de-portugues-aprendizagem-da-lingua-portuguesa-uma-porta-para-a-lusofonia\/\"},\"wordCount\":549,\"commentCount\":0,\"publisher\":{\"@id\":\"https:\/\/www.ucatolica.edu.co\/portal\/#organization\"},\"image\":{\"@id\":\"https:\/\/www.ucatolica.edu.co\/portal\/convocatoria-al-curso-de-portugues-aprendizagem-da-lingua-portuguesa-uma-porta-para-a-lusofonia\/#primaryimage\"},\"thumbnailUrl\":\"https:\/\/www.ucatolica.edu.co\/portal\/wp-content\/uploads\/2025\/09\/Noticia.jpg\",\"keywords\":[\"Brasil\",\"Icetex\",\"ORII\",\"Portugu\u00e9s\"],\"articleSection\":[\"Noticias Principales\",\"ORII\"],\"inLanguage\":\"es-CO\"},{\"@type\":\"WebPage\",\"@id\":\"https:\/\/www.ucatolica.edu.co\/portal\/convocatoria-al-curso-de-portugues-aprendizagem-da-lingua-portuguesa-uma-porta-para-a-lusofonia\/\",\"url\":\"https:\/\/www.ucatolica.edu.co\/portal\/convocatoria-al-curso-de-portugues-aprendizagem-da-lingua-portuguesa-uma-porta-para-a-lusofonia\/\",\"name\":\"Convocatoria al curso de portugu\u00e9s \u201cAprendizagem da L\u00edngua Portuguesa: uma porta para a lusofonia\u201d - Universidad Cat\u00f3lica De Colombia\",\"isPartOf\":{\"@id\":\"https:\/\/www.ucatolica.edu.co\/portal\/#website\"},\"primaryImageOfPage\":{\"@id\":\"https:\/\/www.ucatolica.edu.co\/portal\/convocatoria-al-curso-de-portugues-aprendizagem-da-lingua-portuguesa-uma-porta-para-a-lusofonia\/#primaryimage\"},\"image\":{\"@id\":\"https:\/\/www.ucatolica.edu.co\/portal\/convocatoria-al-curso-de-portugues-aprendizagem-da-lingua-portuguesa-uma-porta-para-a-lusofonia\/#primaryimage\"},\"thumbnailUrl\":\"https:\/\/www.ucatolica.edu.co\/portal\/wp-content\/uploads\/2025\/09\/Noticia.jpg\",\"datePublished\":\"2025-09-04T23:21:40+00:00\",\"dateModified\":\"2025-12-12T20:42:00+00:00\",\"breadcrumb\":{\"@id\":\"https:\/\/www.ucatolica.edu.co\/portal\/convocatoria-al-curso-de-portugues-aprendizagem-da-lingua-portuguesa-uma-porta-para-a-lusofonia\/#breadcrumb\"},\"inLanguage\":\"es-CO\",\"potentialAction\":[{\"@type\":\"ReadAction\",\"target\":[\"https:\/\/www.ucatolica.edu.co\/portal\/convocatoria-al-curso-de-portugues-aprendizagem-da-lingua-portuguesa-uma-porta-para-a-lusofonia\/\"]}]},{\"@type\":\"ImageObject\",\"inLanguage\":\"es-CO\",\"@id\":\"https:\/\/www.ucatolica.edu.co\/portal\/convocatoria-al-curso-de-portugues-aprendizagem-da-lingua-portuguesa-uma-porta-para-a-lusofonia\/#primaryimage\",\"url\":\"https:\/\/www.ucatolica.edu.co\/portal\/wp-content\/uploads\/2025\/09\/Noticia.jpg\",\"contentUrl\":\"https:\/\/www.ucatolica.edu.co\/portal\/wp-content\/uploads\/2025\/09\/Noticia.jpg\",\"width\":870,\"height\":522,\"caption\":\"Bandera de Brasil\"},{\"@type\":\"BreadcrumbList\",\"@id\":\"https:\/\/www.ucatolica.edu.co\/portal\/convocatoria-al-curso-de-portugues-aprendizagem-da-lingua-portuguesa-uma-porta-para-a-lusofonia\/#breadcrumb\",\"itemListElement\":[{\"@type\":\"ListItem\",\"position\":1,\"name\":\"Inicio\",\"item\":\"https:\/\/www.ucatolica.edu.co\/portal\/\"},{\"@type\":\"ListItem\",\"position\":2,\"name\":\"Convocatoria al curso de portugu\u00e9s \u201cAprendizagem da L\u00edngua Portuguesa: uma porta para a lusofonia\u201d\"}]},{\"@type\":\"WebSite\",\"@id\":\"https:\/\/www.ucatolica.edu.co\/portal\/#website\",\"url\":\"https:\/\/www.ucatolica.edu.co\/portal\/\",\"name\":\"Universidad Cat\u00f3lica De Colombia\",\"description\":\"Universidad Cat\u00f3lica De Colombia\",\"publisher\":{\"@id\":\"https:\/\/www.ucatolica.edu.co\/portal\/#organization\"},\"potentialAction\":[{\"@type\":\"SearchAction\",\"target\":{\"@type\":\"EntryPoint\",\"urlTemplate\":\"https:\/\/www.ucatolica.edu.co\/portal\/?s={search_term_string}\"},\"query-input\":{\"@type\":\"PropertyValueSpecification\",\"valueRequired\":true,\"valueName\":\"search_term_string\"}}],\"inLanguage\":\"es-CO\"},{\"@type\":\"Organization\",\"@id\":\"https:\/\/www.ucatolica.edu.co\/portal\/#organization\",\"name\":\"Universidad Cat\u00f3lica de Colombia\",\"url\":\"https:\/\/www.ucatolica.edu.co\/portal\/\",\"logo\":{\"@type\":\"ImageObject\",\"inLanguage\":\"es-CO\",\"@id\":\"https:\/\/www.ucatolica.edu.co\/portal\/#\/schema\/logo\/image\/\",\"url\":\"https:\/\/www.ucatolica.edu.co\/portal\/wp-content\/uploads\/2021\/06\/logo-header-ho-1.svg\",\"contentUrl\":\"https:\/\/www.ucatolica.edu.co\/portal\/wp-content\/uploads\/2021\/06\/logo-header-ho-1.svg\",\"width\":1,\"height\":1,\"caption\":\"Universidad Cat\u00f3lica de Colombia\"},\"image\":{\"@id\":\"https:\/\/www.ucatolica.edu.co\/portal\/#\/schema\/logo\/image\/\"},\"sameAs\":[\"https:\/\/www.facebook.com\/ucatolicacolombia\",\"https:\/\/x.com\/UCatolicaCol\",\"https:\/\/www.instagram.com\/universidadcatolicadecolombia\/\",\"https:\/\/www.linkedin.com\/company\/universidadcatolicadecolombia\/\",\"https:\/\/www.youtube.com\/user\/UCatolicaCo\"]},{\"@type\":\"Person\",\"@id\":\"https:\/\/www.ucatolica.edu.co\/portal\/#\/schema\/person\/2fe10d3836c8b18a520cbf458d96a728\",\"name\":\"Juan Jos\u00e9 Franco\",\"url\":\"https:\/\/www.ucatolica.edu.co\/portal\/author\/juan\/\"}]}<\/script>\n<!-- \/ Yoast SEO plugin. -->","yoast_head_json":{"title":"Convocatoria al curso de portugu\u00e9s \u201cAprendizagem da L\u00edngua Portuguesa: uma porta para a lusofonia\u201d - Universidad Cat\u00f3lica De Colombia","robots":{"index":"index","follow":"follow","max-snippet":"max-snippet:-1","max-image-preview":"max-image-preview:large","max-video-preview":"max-video-preview:-1"},"canonical":"https:\/\/www.ucatolica.edu.co\/portal\/convocatoria-al-curso-de-portugues-aprendizagem-da-lingua-portuguesa-uma-porta-para-a-lusofonia\/","og_locale":"es_ES","og_type":"article","og_title":"Convocatoria al curso de portugu\u00e9s \u201cAprendizagem da L\u00edngua Portuguesa: uma porta para a lusofonia\u201d - Universidad Cat\u00f3lica De Colombia","og_description":"La Oficina de Relaciones Internacionales e Interinstitucionales de la Universidad Cat\u00f3lica de Colombia, se complace en anunciar la apertura de la convocatoria para participar en el curso \u201cAprendizagem da L\u00edngua Portuguesa: uma porta para a lusofonia\u201d, un proyecto acad\u00e9mico y cultural desarrollado en alianza con la Universidade Federal de Ouro Preto (Brasil) y con el [&hellip;]","og_url":"https:\/\/www.ucatolica.edu.co\/portal\/convocatoria-al-curso-de-portugues-aprendizagem-da-lingua-portuguesa-uma-porta-para-a-lusofonia\/","og_site_name":"Universidad Cat\u00f3lica De Colombia","article_publisher":"https:\/\/www.facebook.com\/ucatolicacolombia","article_published_time":"2025-09-04T23:21:40+00:00","article_modified_time":"2025-12-12T20:42:00+00:00","og_image":[{"width":870,"height":522,"url":"https:\/\/www.ucatolica.edu.co\/portal\/wp-content\/uploads\/2025\/09\/Noticia.jpg","type":"image\/jpeg"}],"author":"Juan Jos\u00e9 Franco","twitter_card":"summary_large_image","twitter_creator":"@UCatolicaCol","twitter_site":"@UCatolicaCol","twitter_misc":{"Escrito por":"Juan Jos\u00e9 Franco","Tiempo de lectura":"3 minutos"},"schema":{"@context":"https:\/\/schema.org","@graph":[{"@type":"Article","@id":"https:\/\/www.ucatolica.edu.co\/portal\/convocatoria-al-curso-de-portugues-aprendizagem-da-lingua-portuguesa-uma-porta-para-a-lusofonia\/#article","isPartOf":{"@id":"https:\/\/www.ucatolica.edu.co\/portal\/convocatoria-al-curso-de-portugues-aprendizagem-da-lingua-portuguesa-uma-porta-para-a-lusofonia\/"},"author":{"name":"Juan Jos\u00e9 Franco","@id":"https:\/\/www.ucatolica.edu.co\/portal\/#\/schema\/person\/2fe10d3836c8b18a520cbf458d96a728"},"headline":"Convocatoria al curso de portugu\u00e9s \u201cAprendizagem da L\u00edngua Portuguesa: uma porta para a lusofonia\u201d","datePublished":"2025-09-04T23:21:40+00:00","dateModified":"2025-12-12T20:42:00+00:00","mainEntityOfPage":{"@id":"https:\/\/www.ucatolica.edu.co\/portal\/convocatoria-al-curso-de-portugues-aprendizagem-da-lingua-portuguesa-uma-porta-para-a-lusofonia\/"},"wordCount":549,"commentCount":0,"publisher":{"@id":"https:\/\/www.ucatolica.edu.co\/portal\/#organization"},"image":{"@id":"https:\/\/www.ucatolica.edu.co\/portal\/convocatoria-al-curso-de-portugues-aprendizagem-da-lingua-portuguesa-uma-porta-para-a-lusofonia\/#primaryimage"},"thumbnailUrl":"https:\/\/www.ucatolica.edu.co\/portal\/wp-content\/uploads\/2025\/09\/Noticia.jpg","keywords":["Brasil","Icetex","ORII","Portugu\u00e9s"],"articleSection":["Noticias Principales","ORII"],"inLanguage":"es-CO"},{"@type":"WebPage","@id":"https:\/\/www.ucatolica.edu.co\/portal\/convocatoria-al-curso-de-portugues-aprendizagem-da-lingua-portuguesa-uma-porta-para-a-lusofonia\/","url":"https:\/\/www.ucatolica.edu.co\/portal\/convocatoria-al-curso-de-portugues-aprendizagem-da-lingua-portuguesa-uma-porta-para-a-lusofonia\/","name":"Convocatoria al curso de portugu\u00e9s \u201cAprendizagem da L\u00edngua Portuguesa: uma porta para a lusofonia\u201d - Universidad Cat\u00f3lica De Colombia","isPartOf":{"@id":"https:\/\/www.ucatolica.edu.co\/portal\/#website"},"primaryImageOfPage":{"@id":"https:\/\/www.ucatolica.edu.co\/portal\/convocatoria-al-curso-de-portugues-aprendizagem-da-lingua-portuguesa-uma-porta-para-a-lusofonia\/#primaryimage"},"image":{"@id":"https:\/\/www.ucatolica.edu.co\/portal\/convocatoria-al-curso-de-portugues-aprendizagem-da-lingua-portuguesa-uma-porta-para-a-lusofonia\/#primaryimage"},"thumbnailUrl":"https:\/\/www.ucatolica.edu.co\/portal\/wp-content\/uploads\/2025\/09\/Noticia.jpg","datePublished":"2025-09-04T23:21:40+00:00","dateModified":"2025-12-12T20:42:00+00:00","breadcrumb":{"@id":"https:\/\/www.ucatolica.edu.co\/portal\/convocatoria-al-curso-de-portugues-aprendizagem-da-lingua-portuguesa-uma-porta-para-a-lusofonia\/#breadcrumb"},"inLanguage":"es-CO","potentialAction":[{"@type":"ReadAction","target":["https:\/\/www.ucatolica.edu.co\/portal\/convocatoria-al-curso-de-portugues-aprendizagem-da-lingua-portuguesa-uma-porta-para-a-lusofonia\/"]}]},{"@type":"ImageObject","inLanguage":"es-CO","@id":"https:\/\/www.ucatolica.edu.co\/portal\/convocatoria-al-curso-de-portugues-aprendizagem-da-lingua-portuguesa-uma-porta-para-a-lusofonia\/#primaryimage","url":"https:\/\/www.ucatolica.edu.co\/portal\/wp-content\/uploads\/2025\/09\/Noticia.jpg","contentUrl":"https:\/\/www.ucatolica.edu.co\/portal\/wp-content\/uploads\/2025\/09\/Noticia.jpg","width":870,"height":522,"caption":"Bandera de Brasil"},{"@type":"BreadcrumbList","@id":"https:\/\/www.ucatolica.edu.co\/portal\/convocatoria-al-curso-de-portugues-aprendizagem-da-lingua-portuguesa-uma-porta-para-a-lusofonia\/#breadcrumb","itemListElement":[{"@type":"ListItem","position":1,"name":"Inicio","item":"https:\/\/www.ucatolica.edu.co\/portal\/"},{"@type":"ListItem","position":2,"name":"Convocatoria al curso de portugu\u00e9s \u201cAprendizagem da L\u00edngua Portuguesa: uma porta para a lusofonia\u201d"}]},{"@type":"WebSite","@id":"https:\/\/www.ucatolica.edu.co\/portal\/#website","url":"https:\/\/www.ucatolica.edu.co\/portal\/","name":"Universidad Cat\u00f3lica De Colombia","description":"Universidad Cat\u00f3lica De Colombia","publisher":{"@id":"https:\/\/www.ucatolica.edu.co\/portal\/#organization"},"potentialAction":[{"@type":"SearchAction","target":{"@type":"EntryPoint","urlTemplate":"https:\/\/www.ucatolica.edu.co\/portal\/?s={search_term_string}"},"query-input":{"@type":"PropertyValueSpecification","valueRequired":true,"valueName":"search_term_string"}}],"inLanguage":"es-CO"},{"@type":"Organization","@id":"https:\/\/www.ucatolica.edu.co\/portal\/#organization","name":"Universidad Cat\u00f3lica de Colombia","url":"https:\/\/www.ucatolica.edu.co\/portal\/","logo":{"@type":"ImageObject","inLanguage":"es-CO","@id":"https:\/\/www.ucatolica.edu.co\/portal\/#\/schema\/logo\/image\/","url":"https:\/\/www.ucatolica.edu.co\/portal\/wp-content\/uploads\/2021\/06\/logo-header-ho-1.svg","contentUrl":"https:\/\/www.ucatolica.edu.co\/portal\/wp-content\/uploads\/2021\/06\/logo-header-ho-1.svg","width":1,"height":1,"caption":"Universidad Cat\u00f3lica de Colombia"},"image":{"@id":"https:\/\/www.ucatolica.edu.co\/portal\/#\/schema\/logo\/image\/"},"sameAs":["https:\/\/www.facebook.com\/ucatolicacolombia","https:\/\/x.com\/UCatolicaCol","https:\/\/www.instagram.com\/universidadcatolicadecolombia\/","https:\/\/www.linkedin.com\/company\/universidadcatolicadecolombia\/","https:\/\/www.youtube.com\/user\/UCatolicaCo"]},{"@type":"Person","@id":"https:\/\/www.ucatolica.edu.co\/portal\/#\/schema\/person\/2fe10d3836c8b18a520cbf458d96a728","name":"Juan Jos\u00e9 Franco","url":"https:\/\/www.ucatolica.edu.co\/portal\/author\/juan\/"}]}},"author_meta":{"display_name":"Juan Jos\u00e9 Franco","author_link":"https:\/\/www.ucatolica.edu.co\/portal\/author\/juan\/"},"featured_img":"https:\/\/www.ucatolica.edu.co\/portal\/wp-content\/uploads\/2025\/09\/Noticia.jpg","coauthors":[],"tax_additional":{"categories":{"linked":["<a href=\"https:\/\/www.ucatolica.edu.co\/portal\/category\/noticias-principales\/\" class=\"advgb-post-tax-term\">Noticias Principales<\/a>","<a href=\"https:\/\/www.ucatolica.edu.co\/portal\/category\/orii\/\" class=\"advgb-post-tax-term\">ORII<\/a>"],"unlinked":["<span class=\"advgb-post-tax-term\">Noticias Principales<\/span>","<span class=\"advgb-post-tax-term\">ORII<\/span>"]},"tags":{"linked":["<a href=\"https:\/\/www.ucatolica.edu.co\/portal\/category\/orii\/\" class=\"advgb-post-tax-term\">Brasil<\/a>","<a href=\"https:\/\/www.ucatolica.edu.co\/portal\/category\/orii\/\" class=\"advgb-post-tax-term\">Icetex<\/a>","<a href=\"https:\/\/www.ucatolica.edu.co\/portal\/category\/orii\/\" class=\"advgb-post-tax-term\">ORII<\/a>","<a href=\"https:\/\/www.ucatolica.edu.co\/portal\/category\/orii\/\" class=\"advgb-post-tax-term\">Portugu\u00e9s<\/a>"],"unlinked":["<span class=\"advgb-post-tax-term\">Brasil<\/span>","<span class=\"advgb-post-tax-term\">Icetex<\/span>","<span class=\"advgb-post-tax-term\">ORII<\/span>","<span class=\"advgb-post-tax-term\">Portugu\u00e9s<\/span>"]}},"comment_count":"0","relative_dates":{"created":"Posted 8 meses ago","modified":"Updated 5 meses ago"},"absolute_dates":{"created":"Posted on 4 septiembre, 2025","modified":"Updated on 12 diciembre, 2025"},"absolute_dates_time":{"created":"Posted on 4 septiembre, 2025 6:21 pm","modified":"Updated on 12 diciembre, 2025 3:42 pm"},"featured_img_caption":"Bandera de Brasil","series_order":"","_links":{"self":[{"href":"https:\/\/www.ucatolica.edu.co\/portal\/wp-json\/wp\/v2\/posts\/122117","targetHints":{"allow":["GET"]}}],"collection":[{"href":"https:\/\/www.ucatolica.edu.co\/portal\/wp-json\/wp\/v2\/posts"}],"about":[{"href":"https:\/\/www.ucatolica.edu.co\/portal\/wp-json\/wp\/v2\/types\/post"}],"author":[{"embeddable":true,"href":"https:\/\/www.ucatolica.edu.co\/portal\/wp-json\/wp\/v2\/users\/65"}],"replies":[{"embeddable":true,"href":"https:\/\/www.ucatolica.edu.co\/portal\/wp-json\/wp\/v2\/comments?post=122117"}],"version-history":[{"count":4,"href":"https:\/\/www.ucatolica.edu.co\/portal\/wp-json\/wp\/v2\/posts\/122117\/revisions"}],"predecessor-version":[{"id":128405,"href":"https:\/\/www.ucatolica.edu.co\/portal\/wp-json\/wp\/v2\/posts\/122117\/revisions\/128405"}],"wp:featuredmedia":[{"embeddable":true,"href":"https:\/\/www.ucatolica.edu.co\/portal\/wp-json\/wp\/v2\/media\/122167"}],"wp:attachment":[{"href":"https:\/\/www.ucatolica.edu.co\/portal\/wp-json\/wp\/v2\/media?parent=122117"}],"wp:term":[{"taxonomy":"category","embeddable":true,"href":"https:\/\/www.ucatolica.edu.co\/portal\/wp-json\/wp\/v2\/categories?post=122117"},{"taxonomy":"post_tag","embeddable":true,"href":"https:\/\/www.ucatolica.edu.co\/portal\/wp-json\/wp\/v2\/tags?post=122117"}],"curies":[{"name":"wp","href":"https:\/\/api.w.org\/{rel}","templated":true}]}}