{"id":122123,"date":"2025-09-05T14:14:49","date_gmt":"2025-09-05T19:14:49","guid":{"rendered":"https:\/\/www.ucatolica.edu.co\/portal\/?p=122123"},"modified":"2025-09-05T14:14:50","modified_gmt":"2025-09-05T19:14:50","slug":"universidad-catolica-de-colombia-exalto-a-sus-estudiantes-con-la-excelencia-academica-e-investigativa","status":"publish","type":"post","link":"https:\/\/www.ucatolica.edu.co\/portal\/universidad-catolica-de-colombia-exalto-a-sus-estudiantes-con-la-excelencia-academica-e-investigativa\/","title":{"rendered":"Universidad Cat\u00f3lica de Colombia exalt\u00f3 a sus estudiantes con la Excelencia Acad\u00e9mica e Investigativa"},"content":{"rendered":"\n<p>El pasado martes 26 de agosto, en el Centro de Convenciones (Sede 4), la Universidad Cat\u00f3lica de Colombia llev\u00f3 a cabo la ceremonia de reconocimiento a la Excelencia Acad\u00e9mica, un evento en el que fueron homenajeados 74 estudiantes de pregrado de jornada diurna y nocturna, quienes obtuvieron los m\u00e1s altos promedios durante el semestre 2025-1.<\/p>\n\n\n\n<p>De igual forma, la Direcci\u00f3n Central de Investigaciones entreg\u00f3 un reconocimiento especial a 13 estudiantes pertenecientes a semilleros de investigaci\u00f3n, resaltando su Excelencia Investigativa y su compromiso con la generaci\u00f3n de conocimiento.<\/p>\n\n\n\n<figure class=\"wp-block-image size-full\"><img fetchpriority=\"high\" decoding=\"async\" width=\"870\" height=\"522\" src=\"https:\/\/www.ucatolica.edu.co\/portal\/wp-content\/uploads\/2025\/09\/Mesa-de-trabajo-1_4-1.png\" alt=\"\" class=\"wp-image-122125\" \/><\/figure>\n\n\n\n<p>La jornada estuvo marcada por un ambiente emotivo en el que las directivas acad\u00e9micas destacaron el papel fundamental del apoyo familiar en el desempe\u00f1o estudiantil, el valor de la disciplina y la constancia, as\u00ed como la responsabilidad social y cultural que conlleva el ejercicio profesional.<\/p>\n\n\n\n<p>Uno de los momentos m\u00e1s significativos fue el di\u00e1logo entre los estudiantes \u00c1ngelly Michelle S\u00e1nchez Peralta y \u00c1lvaro Felipe L\u00f3pez Russi, quienes compartieron sus experiencias de formaci\u00f3n, gratitud hacia docentes y compa\u00f1eros, participaci\u00f3n en programas de movilidad acad\u00e9mica en Brasil y Argentina, as\u00ed como en actividades de Bienestar Universitario como danza y baloncesto. Su testimonio reflej\u00f3 el esfuerzo, la pasi\u00f3n y la entrega que caracteriza a los j\u00f3venes de excelencia, capaces de dedicar m\u00e1s de 18 horas diarias a su vida universitaria.<\/p>\n\n\n\n<p><strong>Voces que inspiran<\/strong><\/p>\n\n\n\n<p><strong>\u00c1lvaro Felipe L\u00f3pez Russi, estudiante de doble titulaci\u00f3n en Administraci\u00f3n de Empresas e Ingenier\u00eda de Sistemas<\/strong><\/p>\n\n\n\n<p>&#8220;Este reconocimiento refleja el esfuerzo no solo por alcanzar la excelencia acad\u00e9mica, sino tambi\u00e9n por destacarme en ambas carreras. Lo que m\u00e1s me motiva es la pasi\u00f3n por el estudio y la raz\u00f3n por la cual estoy aqu\u00ed. Alcanzar este logro siempre ha sido un objetivo para m\u00ed, y seguir\u00e9 esforz\u00e1ndome con la esperanza de volver a conseguirlo&#8221;.<\/p>\n\n\n\n<p><strong>Sara Alarc\u00f3n Aponte, estudiante de Psicolog\u00eda reconocida con la Excelencia Investigativa<\/strong><\/p>\n\n\n\n<p>&#8220;Considero importante dejar de lado los estereotipos que existen acerca de la investigaci\u00f3n. S\u00ed, es un reto, pero gracias a la Universidad he desarrollado un gran amor por ella y, en el futuro, quiero dedicarme a este campo, gracias al apoyo y acompa\u00f1amiento que he recibido. Lo m\u00e1s dif\u00edcil fueron algunas limitaciones que enfrentamos los estudiantes que estamos iniciando, ya que muchos asocian que entre m\u00e1s semestres se cursen, mayor ser\u00e1 la producci\u00f3n investigativa. Sin embargo, he trabajado con constancia y lo he logrado&#8221;.<\/p>\n\n\n\n<p>La Universidad felicit\u00f3 a todos los estudiantes reconocidos, resaltando que sus logros se convierten en un ejemplo e inspiraci\u00f3n para la comunidad acad\u00e9mica.<\/p>\n\n\n\n<figure class=\"wp-block-image size-full\"><img decoding=\"async\" width=\"870\" height=\"523\" src=\"https:\/\/www.ucatolica.edu.co\/portal\/wp-content\/uploads\/2025\/09\/Mesa-de-trabajo-1_6.png\" alt=\"\" class=\"wp-image-122126\" \/><\/figure>\n\n\n\n<p><strong>Conozca a nuestros estudiantes galardonados aqu\u00ed<\/strong><\/p>\n\n\n\n<figure class=\"wp-block-image size-full\"><img decoding=\"async\" width=\"2575\" height=\"1690\" src=\"https:\/\/www.ucatolica.edu.co\/portal\/wp-content\/uploads\/2025\/09\/TablaEstudiantes_Galardonados.jpg\" alt=\"\" class=\"wp-image-122145\" \/><\/figure>\n\n\n\n<p>Con este homenaje, la Universidad Cat\u00f3lica de Colombia reafirma su compromiso con la excelencia acad\u00e9mica e investigativa, como motor de transformaci\u00f3n social y cultural.<\/p>\n","protected":false},"excerpt":{"rendered":"<p>El pasado martes 26 de agosto, en el Centro de Convenciones (Sede 4), la Universidad Cat\u00f3lica de Colombia llev\u00f3 a cabo la ceremonia de reconocimiento a la Excelencia Acad\u00e9mica, un evento en el que fueron homenajeados 74 estudiantes de pregrado de jornada diurna y nocturna, quienes obtuvieron los m\u00e1s altos promedios durante el semestre 2025-1. [&hellip;]<\/p>\n","protected":false},"author":64,"featured_media":122124,"comment_status":"open","ping_status":"open","sticky":false,"template":"","format":"standard","meta":{"_acf_changed":false,"advgb_blocks_editor_width":"","advgb_blocks_columns_visual_guide":"","footnotes":""},"categories":[93],"tags":[148,572,1034,2806,567],"class_list":["post-122123","post","type-post","status-publish","format-standard","has-post-thumbnail","hentry","category-noticias-principales","tag-bienestar-universitario","tag-direccion-central-de-investigaciones","tag-excelencia-academica","tag-reconocimiento-a-la-excelencia","tag-reconocimiento-a-la-excelencia-academica"],"acf":[],"yoast_head":"<!-- This site is optimized with the Yoast SEO plugin v26.7 - https:\/\/yoast.com\/wordpress\/plugins\/seo\/ -->\n<title>Universidad Cat\u00f3lica de Colombia exalt\u00f3 a sus estudiantes con la Excelencia Acad\u00e9mica e Investigativa - Universidad Cat\u00f3lica De Colombia<\/title>\n<meta name=\"robots\" content=\"index, follow, max-snippet:-1, max-image-preview:large, max-video-preview:-1\" \/>\n<link rel=\"canonical\" href=\"https:\/\/www.ucatolica.edu.co\/portal\/universidad-catolica-de-colombia-exalto-a-sus-estudiantes-con-la-excelencia-academica-e-investigativa\/\" \/>\n<meta property=\"og:locale\" content=\"es_ES\" \/>\n<meta property=\"og:type\" content=\"article\" \/>\n<meta property=\"og:title\" content=\"Universidad Cat\u00f3lica de Colombia exalt\u00f3 a sus estudiantes con la Excelencia Acad\u00e9mica e Investigativa - Universidad Cat\u00f3lica De Colombia\" \/>\n<meta property=\"og:description\" content=\"El pasado martes 26 de agosto, en el Centro de Convenciones (Sede 4), la Universidad Cat\u00f3lica de Colombia llev\u00f3 a cabo la ceremonia de reconocimiento a la Excelencia Acad\u00e9mica, un evento en el que fueron homenajeados 74 estudiantes de pregrado de jornada diurna y nocturna, quienes obtuvieron los m\u00e1s altos promedios durante el semestre 2025-1. [&hellip;]\" \/>\n<meta property=\"og:url\" content=\"https:\/\/www.ucatolica.edu.co\/portal\/universidad-catolica-de-colombia-exalto-a-sus-estudiantes-con-la-excelencia-academica-e-investigativa\/\" \/>\n<meta property=\"og:site_name\" content=\"Universidad Cat\u00f3lica De Colombia\" \/>\n<meta property=\"article:publisher\" content=\"https:\/\/www.facebook.com\/ucatolicacolombia\" \/>\n<meta property=\"article:published_time\" content=\"2025-09-05T19:14:49+00:00\" \/>\n<meta property=\"article:modified_time\" content=\"2025-09-05T19:14:50+00:00\" \/>\n<meta property=\"og:image\" content=\"https:\/\/www.ucatolica.edu.co\/portal\/wp-content\/uploads\/2025\/09\/Mesa-de-trabajo-1_2.png\" \/>\n\t<meta property=\"og:image:width\" content=\"870\" \/>\n\t<meta property=\"og:image:height\" content=\"522\" \/>\n\t<meta property=\"og:image:type\" content=\"image\/png\" \/>\n<meta name=\"author\" content=\"Daniela Junco\" \/>\n<meta name=\"twitter:card\" content=\"summary_large_image\" \/>\n<meta name=\"twitter:creator\" content=\"@UCatolicaCol\" \/>\n<meta name=\"twitter:site\" content=\"@UCatolicaCol\" \/>\n<meta name=\"twitter:label1\" content=\"Escrito por\" \/>\n\t<meta name=\"twitter:data1\" content=\"Daniela Junco\" \/>\n\t<meta name=\"twitter:label2\" content=\"Tiempo de lectura\" \/>\n\t<meta name=\"twitter:data2\" content=\"2 minutos\" \/>\n<script type=\"application\/ld+json\" class=\"yoast-schema-graph\">{\"@context\":\"https:\/\/schema.org\",\"@graph\":[{\"@type\":\"Article\",\"@id\":\"https:\/\/www.ucatolica.edu.co\/portal\/universidad-catolica-de-colombia-exalto-a-sus-estudiantes-con-la-excelencia-academica-e-investigativa\/#article\",\"isPartOf\":{\"@id\":\"https:\/\/www.ucatolica.edu.co\/portal\/universidad-catolica-de-colombia-exalto-a-sus-estudiantes-con-la-excelencia-academica-e-investigativa\/\"},\"author\":{\"name\":\"Daniela Junco\",\"@id\":\"https:\/\/www.ucatolica.edu.co\/portal\/#\/schema\/person\/46b982b9085fee761b48b0bd54f8b9f8\"},\"headline\":\"Universidad Cat\u00f3lica de Colombia exalt\u00f3 a sus estudiantes con la Excelencia Acad\u00e9mica e Investigativa\",\"datePublished\":\"2025-09-05T19:14:49+00:00\",\"dateModified\":\"2025-09-05T19:14:50+00:00\",\"mainEntityOfPage\":{\"@id\":\"https:\/\/www.ucatolica.edu.co\/portal\/universidad-catolica-de-colombia-exalto-a-sus-estudiantes-con-la-excelencia-academica-e-investigativa\/\"},\"wordCount\":492,\"commentCount\":0,\"publisher\":{\"@id\":\"https:\/\/www.ucatolica.edu.co\/portal\/#organization\"},\"image\":{\"@id\":\"https:\/\/www.ucatolica.edu.co\/portal\/universidad-catolica-de-colombia-exalto-a-sus-estudiantes-con-la-excelencia-academica-e-investigativa\/#primaryimage\"},\"thumbnailUrl\":\"https:\/\/www.ucatolica.edu.co\/portal\/wp-content\/uploads\/2025\/09\/Mesa-de-trabajo-1_2.png\",\"keywords\":[\"Bienestar Universitario\",\"Direcci\u00f3n Central de Investigaciones\",\"Excelencia Acad\u00e9mica\",\"reconocimiento a la excelencia\",\"Reconocimiento a la Excelencia Acad\u00e9mica\"],\"articleSection\":[\"Noticias Principales\"],\"inLanguage\":\"es-CO\"},{\"@type\":\"WebPage\",\"@id\":\"https:\/\/www.ucatolica.edu.co\/portal\/universidad-catolica-de-colombia-exalto-a-sus-estudiantes-con-la-excelencia-academica-e-investigativa\/\",\"url\":\"https:\/\/www.ucatolica.edu.co\/portal\/universidad-catolica-de-colombia-exalto-a-sus-estudiantes-con-la-excelencia-academica-e-investigativa\/\",\"name\":\"Universidad Cat\u00f3lica de Colombia exalt\u00f3 a sus estudiantes con la Excelencia Acad\u00e9mica e Investigativa - Universidad Cat\u00f3lica De Colombia\",\"isPartOf\":{\"@id\":\"https:\/\/www.ucatolica.edu.co\/portal\/#website\"},\"primaryImageOfPage\":{\"@id\":\"https:\/\/www.ucatolica.edu.co\/portal\/universidad-catolica-de-colombia-exalto-a-sus-estudiantes-con-la-excelencia-academica-e-investigativa\/#primaryimage\"},\"image\":{\"@id\":\"https:\/\/www.ucatolica.edu.co\/portal\/universidad-catolica-de-colombia-exalto-a-sus-estudiantes-con-la-excelencia-academica-e-investigativa\/#primaryimage\"},\"thumbnailUrl\":\"https:\/\/www.ucatolica.edu.co\/portal\/wp-content\/uploads\/2025\/09\/Mesa-de-trabajo-1_2.png\",\"datePublished\":\"2025-09-05T19:14:49+00:00\",\"dateModified\":\"2025-09-05T19:14:50+00:00\",\"breadcrumb\":{\"@id\":\"https:\/\/www.ucatolica.edu.co\/portal\/universidad-catolica-de-colombia-exalto-a-sus-estudiantes-con-la-excelencia-academica-e-investigativa\/#breadcrumb\"},\"inLanguage\":\"es-CO\",\"potentialAction\":[{\"@type\":\"ReadAction\",\"target\":[\"https:\/\/www.ucatolica.edu.co\/portal\/universidad-catolica-de-colombia-exalto-a-sus-estudiantes-con-la-excelencia-academica-e-investigativa\/\"]}]},{\"@type\":\"ImageObject\",\"inLanguage\":\"es-CO\",\"@id\":\"https:\/\/www.ucatolica.edu.co\/portal\/universidad-catolica-de-colombia-exalto-a-sus-estudiantes-con-la-excelencia-academica-e-investigativa\/#primaryimage\",\"url\":\"https:\/\/www.ucatolica.edu.co\/portal\/wp-content\/uploads\/2025\/09\/Mesa-de-trabajo-1_2.png\",\"contentUrl\":\"https:\/\/www.ucatolica.edu.co\/portal\/wp-content\/uploads\/2025\/09\/Mesa-de-trabajo-1_2.png\",\"width\":870,\"height\":522},{\"@type\":\"BreadcrumbList\",\"@id\":\"https:\/\/www.ucatolica.edu.co\/portal\/universidad-catolica-de-colombia-exalto-a-sus-estudiantes-con-la-excelencia-academica-e-investigativa\/#breadcrumb\",\"itemListElement\":[{\"@type\":\"ListItem\",\"position\":1,\"name\":\"Inicio\",\"item\":\"https:\/\/www.ucatolica.edu.co\/portal\/\"},{\"@type\":\"ListItem\",\"position\":2,\"name\":\"Universidad Cat\u00f3lica de Colombia exalt\u00f3 a sus estudiantes con la Excelencia Acad\u00e9mica e Investigativa\"}]},{\"@type\":\"WebSite\",\"@id\":\"https:\/\/www.ucatolica.edu.co\/portal\/#website\",\"url\":\"https:\/\/www.ucatolica.edu.co\/portal\/\",\"name\":\"Universidad Cat\u00f3lica De Colombia\",\"description\":\"Universidad Cat\u00f3lica De Colombia\",\"publisher\":{\"@id\":\"https:\/\/www.ucatolica.edu.co\/portal\/#organization\"},\"potentialAction\":[{\"@type\":\"SearchAction\",\"target\":{\"@type\":\"EntryPoint\",\"urlTemplate\":\"https:\/\/www.ucatolica.edu.co\/portal\/?s={search_term_string}\"},\"query-input\":{\"@type\":\"PropertyValueSpecification\",\"valueRequired\":true,\"valueName\":\"search_term_string\"}}],\"inLanguage\":\"es-CO\"},{\"@type\":\"Organization\",\"@id\":\"https:\/\/www.ucatolica.edu.co\/portal\/#organization\",\"name\":\"Universidad Cat\u00f3lica de Colombia\",\"url\":\"https:\/\/www.ucatolica.edu.co\/portal\/\",\"logo\":{\"@type\":\"ImageObject\",\"inLanguage\":\"es-CO\",\"@id\":\"https:\/\/www.ucatolica.edu.co\/portal\/#\/schema\/logo\/image\/\",\"url\":\"https:\/\/www.ucatolica.edu.co\/portal\/wp-content\/uploads\/2021\/06\/logo-header-ho-1.svg\",\"contentUrl\":\"https:\/\/www.ucatolica.edu.co\/portal\/wp-content\/uploads\/2021\/06\/logo-header-ho-1.svg\",\"width\":1,\"height\":1,\"caption\":\"Universidad Cat\u00f3lica de Colombia\"},\"image\":{\"@id\":\"https:\/\/www.ucatolica.edu.co\/portal\/#\/schema\/logo\/image\/\"},\"sameAs\":[\"https:\/\/www.facebook.com\/ucatolicacolombia\",\"https:\/\/x.com\/UCatolicaCol\",\"https:\/\/www.instagram.com\/universidadcatolicadecolombia\/\",\"https:\/\/www.linkedin.com\/company\/universidadcatolicadecolombia\/\",\"https:\/\/www.youtube.com\/user\/UCatolicaCo\"]},{\"@type\":\"Person\",\"@id\":\"https:\/\/www.ucatolica.edu.co\/portal\/#\/schema\/person\/46b982b9085fee761b48b0bd54f8b9f8\",\"name\":\"Daniela Junco\",\"url\":\"https:\/\/www.ucatolica.edu.co\/portal\/author\/daniela\/\"}]}<\/script>\n<!-- \/ Yoast SEO plugin. -->","yoast_head_json":{"title":"Universidad Cat\u00f3lica de Colombia exalt\u00f3 a sus estudiantes con la Excelencia Acad\u00e9mica e Investigativa - Universidad Cat\u00f3lica De Colombia","robots":{"index":"index","follow":"follow","max-snippet":"max-snippet:-1","max-image-preview":"max-image-preview:large","max-video-preview":"max-video-preview:-1"},"canonical":"https:\/\/www.ucatolica.edu.co\/portal\/universidad-catolica-de-colombia-exalto-a-sus-estudiantes-con-la-excelencia-academica-e-investigativa\/","og_locale":"es_ES","og_type":"article","og_title":"Universidad Cat\u00f3lica de Colombia exalt\u00f3 a sus estudiantes con la Excelencia Acad\u00e9mica e Investigativa - Universidad Cat\u00f3lica De Colombia","og_description":"El pasado martes 26 de agosto, en el Centro de Convenciones (Sede 4), la Universidad Cat\u00f3lica de Colombia llev\u00f3 a cabo la ceremonia de reconocimiento a la Excelencia Acad\u00e9mica, un evento en el que fueron homenajeados 74 estudiantes de pregrado de jornada diurna y nocturna, quienes obtuvieron los m\u00e1s altos promedios durante el semestre 2025-1. [&hellip;]","og_url":"https:\/\/www.ucatolica.edu.co\/portal\/universidad-catolica-de-colombia-exalto-a-sus-estudiantes-con-la-excelencia-academica-e-investigativa\/","og_site_name":"Universidad Cat\u00f3lica De Colombia","article_publisher":"https:\/\/www.facebook.com\/ucatolicacolombia","article_published_time":"2025-09-05T19:14:49+00:00","article_modified_time":"2025-09-05T19:14:50+00:00","og_image":[{"width":870,"height":522,"url":"https:\/\/www.ucatolica.edu.co\/portal\/wp-content\/uploads\/2025\/09\/Mesa-de-trabajo-1_2.png","type":"image\/png"}],"author":"Daniela Junco","twitter_card":"summary_large_image","twitter_creator":"@UCatolicaCol","twitter_site":"@UCatolicaCol","twitter_misc":{"Escrito por":"Daniela Junco","Tiempo de lectura":"2 minutos"},"schema":{"@context":"https:\/\/schema.org","@graph":[{"@type":"Article","@id":"https:\/\/www.ucatolica.edu.co\/portal\/universidad-catolica-de-colombia-exalto-a-sus-estudiantes-con-la-excelencia-academica-e-investigativa\/#article","isPartOf":{"@id":"https:\/\/www.ucatolica.edu.co\/portal\/universidad-catolica-de-colombia-exalto-a-sus-estudiantes-con-la-excelencia-academica-e-investigativa\/"},"author":{"name":"Daniela Junco","@id":"https:\/\/www.ucatolica.edu.co\/portal\/#\/schema\/person\/46b982b9085fee761b48b0bd54f8b9f8"},"headline":"Universidad Cat\u00f3lica de Colombia exalt\u00f3 a sus estudiantes con la Excelencia Acad\u00e9mica e Investigativa","datePublished":"2025-09-05T19:14:49+00:00","dateModified":"2025-09-05T19:14:50+00:00","mainEntityOfPage":{"@id":"https:\/\/www.ucatolica.edu.co\/portal\/universidad-catolica-de-colombia-exalto-a-sus-estudiantes-con-la-excelencia-academica-e-investigativa\/"},"wordCount":492,"commentCount":0,"publisher":{"@id":"https:\/\/www.ucatolica.edu.co\/portal\/#organization"},"image":{"@id":"https:\/\/www.ucatolica.edu.co\/portal\/universidad-catolica-de-colombia-exalto-a-sus-estudiantes-con-la-excelencia-academica-e-investigativa\/#primaryimage"},"thumbnailUrl":"https:\/\/www.ucatolica.edu.co\/portal\/wp-content\/uploads\/2025\/09\/Mesa-de-trabajo-1_2.png","keywords":["Bienestar Universitario","Direcci\u00f3n Central de Investigaciones","Excelencia Acad\u00e9mica","reconocimiento a la excelencia","Reconocimiento a la Excelencia Acad\u00e9mica"],"articleSection":["Noticias Principales"],"inLanguage":"es-CO"},{"@type":"WebPage","@id":"https:\/\/www.ucatolica.edu.co\/portal\/universidad-catolica-de-colombia-exalto-a-sus-estudiantes-con-la-excelencia-academica-e-investigativa\/","url":"https:\/\/www.ucatolica.edu.co\/portal\/universidad-catolica-de-colombia-exalto-a-sus-estudiantes-con-la-excelencia-academica-e-investigativa\/","name":"Universidad Cat\u00f3lica de Colombia exalt\u00f3 a sus estudiantes con la Excelencia Acad\u00e9mica e Investigativa - Universidad Cat\u00f3lica De Colombia","isPartOf":{"@id":"https:\/\/www.ucatolica.edu.co\/portal\/#website"},"primaryImageOfPage":{"@id":"https:\/\/www.ucatolica.edu.co\/portal\/universidad-catolica-de-colombia-exalto-a-sus-estudiantes-con-la-excelencia-academica-e-investigativa\/#primaryimage"},"image":{"@id":"https:\/\/www.ucatolica.edu.co\/portal\/universidad-catolica-de-colombia-exalto-a-sus-estudiantes-con-la-excelencia-academica-e-investigativa\/#primaryimage"},"thumbnailUrl":"https:\/\/www.ucatolica.edu.co\/portal\/wp-content\/uploads\/2025\/09\/Mesa-de-trabajo-1_2.png","datePublished":"2025-09-05T19:14:49+00:00","dateModified":"2025-09-05T19:14:50+00:00","breadcrumb":{"@id":"https:\/\/www.ucatolica.edu.co\/portal\/universidad-catolica-de-colombia-exalto-a-sus-estudiantes-con-la-excelencia-academica-e-investigativa\/#breadcrumb"},"inLanguage":"es-CO","potentialAction":[{"@type":"ReadAction","target":["https:\/\/www.ucatolica.edu.co\/portal\/universidad-catolica-de-colombia-exalto-a-sus-estudiantes-con-la-excelencia-academica-e-investigativa\/"]}]},{"@type":"ImageObject","inLanguage":"es-CO","@id":"https:\/\/www.ucatolica.edu.co\/portal\/universidad-catolica-de-colombia-exalto-a-sus-estudiantes-con-la-excelencia-academica-e-investigativa\/#primaryimage","url":"https:\/\/www.ucatolica.edu.co\/portal\/wp-content\/uploads\/2025\/09\/Mesa-de-trabajo-1_2.png","contentUrl":"https:\/\/www.ucatolica.edu.co\/portal\/wp-content\/uploads\/2025\/09\/Mesa-de-trabajo-1_2.png","width":870,"height":522},{"@type":"BreadcrumbList","@id":"https:\/\/www.ucatolica.edu.co\/portal\/universidad-catolica-de-colombia-exalto-a-sus-estudiantes-con-la-excelencia-academica-e-investigativa\/#breadcrumb","itemListElement":[{"@type":"ListItem","position":1,"name":"Inicio","item":"https:\/\/www.ucatolica.edu.co\/portal\/"},{"@type":"ListItem","position":2,"name":"Universidad Cat\u00f3lica de Colombia exalt\u00f3 a sus estudiantes con la Excelencia Acad\u00e9mica e Investigativa"}]},{"@type":"WebSite","@id":"https:\/\/www.ucatolica.edu.co\/portal\/#website","url":"https:\/\/www.ucatolica.edu.co\/portal\/","name":"Universidad Cat\u00f3lica De Colombia","description":"Universidad Cat\u00f3lica De Colombia","publisher":{"@id":"https:\/\/www.ucatolica.edu.co\/portal\/#organization"},"potentialAction":[{"@type":"SearchAction","target":{"@type":"EntryPoint","urlTemplate":"https:\/\/www.ucatolica.edu.co\/portal\/?s={search_term_string}"},"query-input":{"@type":"PropertyValueSpecification","valueRequired":true,"valueName":"search_term_string"}}],"inLanguage":"es-CO"},{"@type":"Organization","@id":"https:\/\/www.ucatolica.edu.co\/portal\/#organization","name":"Universidad Cat\u00f3lica de Colombia","url":"https:\/\/www.ucatolica.edu.co\/portal\/","logo":{"@type":"ImageObject","inLanguage":"es-CO","@id":"https:\/\/www.ucatolica.edu.co\/portal\/#\/schema\/logo\/image\/","url":"https:\/\/www.ucatolica.edu.co\/portal\/wp-content\/uploads\/2021\/06\/logo-header-ho-1.svg","contentUrl":"https:\/\/www.ucatolica.edu.co\/portal\/wp-content\/uploads\/2021\/06\/logo-header-ho-1.svg","width":1,"height":1,"caption":"Universidad Cat\u00f3lica de Colombia"},"image":{"@id":"https:\/\/www.ucatolica.edu.co\/portal\/#\/schema\/logo\/image\/"},"sameAs":["https:\/\/www.facebook.com\/ucatolicacolombia","https:\/\/x.com\/UCatolicaCol","https:\/\/www.instagram.com\/universidadcatolicadecolombia\/","https:\/\/www.linkedin.com\/company\/universidadcatolicadecolombia\/","https:\/\/www.youtube.com\/user\/UCatolicaCo"]},{"@type":"Person","@id":"https:\/\/www.ucatolica.edu.co\/portal\/#\/schema\/person\/46b982b9085fee761b48b0bd54f8b9f8","name":"Daniela Junco","url":"https:\/\/www.ucatolica.edu.co\/portal\/author\/daniela\/"}]}},"author_meta":{"display_name":"Daniela Junco","author_link":"https:\/\/www.ucatolica.edu.co\/portal\/author\/daniela\/"},"featured_img":"https:\/\/www.ucatolica.edu.co\/portal\/wp-content\/uploads\/2025\/09\/Mesa-de-trabajo-1_2.png","coauthors":[],"tax_additional":{"categories":{"linked":["<a href=\"https:\/\/www.ucatolica.edu.co\/portal\/category\/noticias-principales\/\" class=\"advgb-post-tax-term\">Noticias Principales<\/a>"],"unlinked":["<span class=\"advgb-post-tax-term\">Noticias Principales<\/span>"]},"tags":{"linked":["<a href=\"https:\/\/www.ucatolica.edu.co\/portal\/category\/noticias-principales\/\" class=\"advgb-post-tax-term\">Bienestar Universitario<\/a>","<a href=\"https:\/\/www.ucatolica.edu.co\/portal\/category\/noticias-principales\/\" class=\"advgb-post-tax-term\">Direcci\u00f3n Central de Investigaciones<\/a>","<a href=\"https:\/\/www.ucatolica.edu.co\/portal\/category\/noticias-principales\/\" class=\"advgb-post-tax-term\">Excelencia Acad\u00e9mica<\/a>","<a href=\"https:\/\/www.ucatolica.edu.co\/portal\/category\/noticias-principales\/\" class=\"advgb-post-tax-term\">reconocimiento a la excelencia<\/a>","<a href=\"https:\/\/www.ucatolica.edu.co\/portal\/category\/noticias-principales\/\" class=\"advgb-post-tax-term\">Reconocimiento a la Excelencia Acad\u00e9mica<\/a>"],"unlinked":["<span class=\"advgb-post-tax-term\">Bienestar Universitario<\/span>","<span class=\"advgb-post-tax-term\">Direcci\u00f3n Central de Investigaciones<\/span>","<span class=\"advgb-post-tax-term\">Excelencia Acad\u00e9mica<\/span>","<span class=\"advgb-post-tax-term\">reconocimiento a la excelencia<\/span>","<span class=\"advgb-post-tax-term\">Reconocimiento a la Excelencia Acad\u00e9mica<\/span>"]}},"comment_count":"0","relative_dates":{"created":"Posted 8 meses ago","modified":"Updated 8 meses ago"},"absolute_dates":{"created":"Posted on 5 septiembre, 2025","modified":"Updated on 5 septiembre, 2025"},"absolute_dates_time":{"created":"Posted on 5 septiembre, 2025 2:14 pm","modified":"Updated on 5 septiembre, 2025 2:14 pm"},"featured_img_caption":"","series_order":"","_links":{"self":[{"href":"https:\/\/www.ucatolica.edu.co\/portal\/wp-json\/wp\/v2\/posts\/122123","targetHints":{"allow":["GET"]}}],"collection":[{"href":"https:\/\/www.ucatolica.edu.co\/portal\/wp-json\/wp\/v2\/posts"}],"about":[{"href":"https:\/\/www.ucatolica.edu.co\/portal\/wp-json\/wp\/v2\/types\/post"}],"author":[{"embeddable":true,"href":"https:\/\/www.ucatolica.edu.co\/portal\/wp-json\/wp\/v2\/users\/64"}],"replies":[{"embeddable":true,"href":"https:\/\/www.ucatolica.edu.co\/portal\/wp-json\/wp\/v2\/comments?post=122123"}],"version-history":[{"count":3,"href":"https:\/\/www.ucatolica.edu.co\/portal\/wp-json\/wp\/v2\/posts\/122123\/revisions"}],"predecessor-version":[{"id":122178,"href":"https:\/\/www.ucatolica.edu.co\/portal\/wp-json\/wp\/v2\/posts\/122123\/revisions\/122178"}],"wp:featuredmedia":[{"embeddable":true,"href":"https:\/\/www.ucatolica.edu.co\/portal\/wp-json\/wp\/v2\/media\/122124"}],"wp:attachment":[{"href":"https:\/\/www.ucatolica.edu.co\/portal\/wp-json\/wp\/v2\/media?parent=122123"}],"wp:term":[{"taxonomy":"category","embeddable":true,"href":"https:\/\/www.ucatolica.edu.co\/portal\/wp-json\/wp\/v2\/categories?post=122123"},{"taxonomy":"post_tag","embeddable":true,"href":"https:\/\/www.ucatolica.edu.co\/portal\/wp-json\/wp\/v2\/tags?post=122123"}],"curies":[{"name":"wp","href":"https:\/\/api.w.org\/{rel}","templated":true}]}}