{"id":122527,"date":"2025-09-18T09:03:58","date_gmt":"2025-09-18T14:03:58","guid":{"rendered":"https:\/\/www.ucatolica.edu.co\/portal\/?p=122527"},"modified":"2025-09-18T09:03:59","modified_gmt":"2025-09-18T14:03:59","slug":"__trashed-2__trashed","status":"publish","type":"post","link":"https:\/\/www.ucatolica.edu.co\/portal\/__trashed-2__trashed\/","title":{"rendered":"Participa en ExpresArte 2025: escribe, crea y transforma con tu cuento o poes\u00eda"},"content":{"rendered":"\n<p>La Universidad Cat\u00f3lica de Colombia, a trav\u00e9s de Bienestar Universitario, invita a toda la comunidad universitaria a participar en una nueva edici\u00f3n del concurso literario <strong>ExpresArte: Un lugar para ti<\/strong>, que este a\u00f1o centra su mirada en un tema urgente y profundamente humano: el cuidado de nuestra casa com\u00fan.<\/p>\n\n\n\n<p>Inspirados en la enc\u00edclica <em>Laudato Si\u2019<\/em> del Papa Francisco, el concurso busca que estudiantes, docentes y administrativos expresen, a trav\u00e9s de la creaci\u00f3n literaria, sus reflexiones sobre la crisis ambiental, la relaci\u00f3n con la naturaleza y nuestra responsabilidad \u00e9tica con el planeta y con los otros.<\/p>\n\n\n\n<p>Porque la poes\u00eda puede sembrar conciencia y un cuento puede despertar el amor por la vida, este espacio es una invitaci\u00f3n a tejer palabras que inspiren transformaci\u00f3n.<\/p>\n\n\n\n<h3 class=\"wp-block-heading\">Modalidades<\/h3>\n\n\n\n<ul class=\"wp-block-list\">\n<li><strong>Cuento:<\/strong> Relato breve y creativo sobre el cuidado del planeta.<\/li>\n\n\n\n<li><strong>Poes\u00eda:<\/strong> Texto en verso o prosa po\u00e9tica que evoque emociones y reflexiones en torno a la ecolog\u00eda integral y la casa com\u00fan.<\/li>\n<\/ul>\n\n\n\n<h3 class=\"wp-block-heading\">Qui\u00e9nes pueden participar<\/h3>\n\n\n\n<ul class=\"wp-block-list\">\n<li>Estudiantes activos de pregrado y posgrado.<\/li>\n\n\n\n<li>Docentes y personal administrativo de la Universidad.<br><em>(La participaci\u00f3n es individual y cada persona podr\u00e1 presentar una \u00fanica obra por categor\u00eda).<\/em><\/li>\n<\/ul>\n\n\n\n<h3 class=\"wp-block-heading\">Fechas clave<\/h3>\n\n\n\n<p><strong>Recepci\u00f3n de obras:<\/strong> Hasta el 5 de octubre de 2025<br><strong>Env\u00edo:<\/strong> al correo <em><a>lysantamaria@ucatolica.edu.co<\/a><\/em><br><strong>Asunto del correo:<\/strong> \u201cConcurso ExpresArte \u2013 Categor\u00eda Cuento\/Poes\u00eda\u201d<\/p>\n\n\n\n<p>Las obras deben enviarse en PDF e incluir en una hoja aparte los datos personales, programa acad\u00e9mico o dependencia, y una breve biograf\u00eda (m\u00e1x. 100 palabras).<\/p>\n\n\n\n<h3 class=\"wp-block-heading\">Premios<\/h3>\n\n\n\n<ul class=\"wp-block-list\">\n<li>Se entregar\u00e1n reconocimientos en cuento y poes\u00eda: primer, segundo y tercer lugar.<\/li>\n\n\n\n<li>Publicaci\u00f3n en la antolog\u00eda digital <em>ExpresArte 2025<\/em>.<\/li>\n\n\n\n<li>Diploma y menci\u00f3n especial en redes institucionales.<\/li>\n<\/ul>\n\n\n\n<p>Los ganadores ser\u00e1n anunciados en una ceremonia especial en octubre de 2025.<\/p>\n\n\n\n<p><strong>\u00a1An\u00edmate a participar y comparte tu voz literaria por el cuidado de la casa com\u00fan!<\/strong><\/p>\n\n\n\n<p>Para conocer los <strong>t\u00e9rminos y condiciones<\/strong>, haz clic <a href=\"https:\/\/www.ucatolica.edu.co\/portal\/wp-content\/uploads\/2025\/09\/TERMINOS-Y-CONDICIONES-APROBADOS-CONCURSO-EXPRESARTE-LAUDATO-SI-LA-CASA-COMUN.pdf\">aqu\u00ed<\/a>.<\/p>\n\n\n\n<p><\/p>\n","protected":false},"excerpt":{"rendered":"<p>La Universidad Cat\u00f3lica de Colombia, a trav\u00e9s de Bienestar Universitario, invita a toda la comunidad universitaria a participar en una nueva edici\u00f3n del concurso literario ExpresArte: Un lugar para ti, que este a\u00f1o centra su mirada en un tema urgente y profundamente humano: el cuidado de nuestra casa com\u00fan. Inspirados en la enc\u00edclica Laudato Si\u2019 [&hellip;]<\/p>\n","protected":false},"author":64,"featured_media":122627,"comment_status":"open","ping_status":"open","sticky":false,"template":"","format":"standard","meta":{"_acf_changed":false,"advgb_blocks_editor_width":"","advgb_blocks_columns_visual_guide":"","footnotes":""},"categories":[93],"tags":[148,1426,1285,884,763,265],"class_list":["post-122527","post","type-post","status-publish","format-standard","has-post-thumbnail","hentry","category-noticias-principales","tag-bienestar-universitario","tag-concurso-de-talentos","tag-creacion-literaria","tag-escritura","tag-reconocimiento","tag-universidad-catolica-de-colombia"],"acf":[],"yoast_head":"<!-- This site is optimized with the Yoast SEO plugin v26.7 - https:\/\/yoast.com\/wordpress\/plugins\/seo\/ -->\n<title>Participa en ExpresArte 2025: escribe, crea y transforma con tu cuento o poes\u00eda - Universidad Cat\u00f3lica De Colombia<\/title>\n<meta name=\"robots\" content=\"index, follow, max-snippet:-1, max-image-preview:large, max-video-preview:-1\" \/>\n<link rel=\"canonical\" href=\"https:\/\/www.ucatolica.edu.co\/portal\/__trashed-2__trashed\/\" \/>\n<meta property=\"og:locale\" content=\"es_ES\" \/>\n<meta property=\"og:type\" content=\"article\" \/>\n<meta property=\"og:title\" content=\"Participa en ExpresArte 2025: escribe, crea y transforma con tu cuento o poes\u00eda - Universidad Cat\u00f3lica De Colombia\" \/>\n<meta property=\"og:description\" content=\"La Universidad Cat\u00f3lica de Colombia, a trav\u00e9s de Bienestar Universitario, invita a toda la comunidad universitaria a participar en una nueva edici\u00f3n del concurso literario ExpresArte: Un lugar para ti, que este a\u00f1o centra su mirada en un tema urgente y profundamente humano: el cuidado de nuestra casa com\u00fan. Inspirados en la enc\u00edclica Laudato Si\u2019 [&hellip;]\" \/>\n<meta property=\"og:url\" content=\"https:\/\/www.ucatolica.edu.co\/portal\/__trashed-2__trashed\/\" \/>\n<meta property=\"og:site_name\" content=\"Universidad Cat\u00f3lica De Colombia\" \/>\n<meta property=\"article:publisher\" content=\"https:\/\/www.facebook.com\/ucatolicacolombia\" \/>\n<meta property=\"article:published_time\" content=\"2025-09-18T14:03:58+00:00\" \/>\n<meta property=\"article:modified_time\" content=\"2025-09-18T14:03:59+00:00\" \/>\n<meta property=\"og:image\" content=\"https:\/\/www.ucatolica.edu.co\/portal\/wp-content\/uploads\/2025\/09\/FotoPortada.jpg\" \/>\n\t<meta property=\"og:image:width\" content=\"870\" \/>\n\t<meta property=\"og:image:height\" content=\"522\" \/>\n\t<meta property=\"og:image:type\" content=\"image\/jpeg\" \/>\n<meta name=\"author\" content=\"Daniela Junco\" \/>\n<meta name=\"twitter:card\" content=\"summary_large_image\" \/>\n<meta name=\"twitter:creator\" content=\"@UCatolicaCol\" \/>\n<meta name=\"twitter:site\" content=\"@UCatolicaCol\" \/>\n<meta name=\"twitter:label1\" content=\"Escrito por\" \/>\n\t<meta name=\"twitter:data1\" content=\"Daniela Junco\" \/>\n\t<meta name=\"twitter:label2\" content=\"Tiempo de lectura\" \/>\n\t<meta name=\"twitter:data2\" content=\"2 minutos\" \/>\n<script type=\"application\/ld+json\" class=\"yoast-schema-graph\">{\"@context\":\"https:\/\/schema.org\",\"@graph\":[{\"@type\":\"Article\",\"@id\":\"https:\/\/www.ucatolica.edu.co\/portal\/__trashed-2__trashed\/#article\",\"isPartOf\":{\"@id\":\"https:\/\/www.ucatolica.edu.co\/portal\/__trashed-2__trashed\/\"},\"author\":{\"name\":\"Daniela Junco\",\"@id\":\"https:\/\/www.ucatolica.edu.co\/portal\/#\/schema\/person\/46b982b9085fee761b48b0bd54f8b9f8\"},\"headline\":\"Participa en ExpresArte 2025: escribe, crea y transforma con tu cuento o poes\u00eda\",\"datePublished\":\"2025-09-18T14:03:58+00:00\",\"dateModified\":\"2025-09-18T14:03:59+00:00\",\"mainEntityOfPage\":{\"@id\":\"https:\/\/www.ucatolica.edu.co\/portal\/__trashed-2__trashed\/\"},\"wordCount\":344,\"commentCount\":0,\"publisher\":{\"@id\":\"https:\/\/www.ucatolica.edu.co\/portal\/#organization\"},\"image\":{\"@id\":\"https:\/\/www.ucatolica.edu.co\/portal\/__trashed-2__trashed\/#primaryimage\"},\"thumbnailUrl\":\"https:\/\/www.ucatolica.edu.co\/portal\/wp-content\/uploads\/2025\/09\/FotoPortada.jpg\",\"keywords\":[\"Bienestar Universitario\",\"Concurso de Talentos\",\"Creaci\u00f3n Literaria\",\"Escritura\",\"Reconocimiento\",\"Universidad Cat\u00f3lica de Colombia\"],\"articleSection\":[\"Noticias Principales\"],\"inLanguage\":\"es-CO\"},{\"@type\":\"WebPage\",\"@id\":\"https:\/\/www.ucatolica.edu.co\/portal\/__trashed-2__trashed\/\",\"url\":\"https:\/\/www.ucatolica.edu.co\/portal\/__trashed-2__trashed\/\",\"name\":\"Participa en ExpresArte 2025: escribe, crea y transforma con tu cuento o poes\u00eda - Universidad Cat\u00f3lica De Colombia\",\"isPartOf\":{\"@id\":\"https:\/\/www.ucatolica.edu.co\/portal\/#website\"},\"primaryImageOfPage\":{\"@id\":\"https:\/\/www.ucatolica.edu.co\/portal\/__trashed-2__trashed\/#primaryimage\"},\"image\":{\"@id\":\"https:\/\/www.ucatolica.edu.co\/portal\/__trashed-2__trashed\/#primaryimage\"},\"thumbnailUrl\":\"https:\/\/www.ucatolica.edu.co\/portal\/wp-content\/uploads\/2025\/09\/FotoPortada.jpg\",\"datePublished\":\"2025-09-18T14:03:58+00:00\",\"dateModified\":\"2025-09-18T14:03:59+00:00\",\"breadcrumb\":{\"@id\":\"https:\/\/www.ucatolica.edu.co\/portal\/__trashed-2__trashed\/#breadcrumb\"},\"inLanguage\":\"es-CO\",\"potentialAction\":[{\"@type\":\"ReadAction\",\"target\":[\"https:\/\/www.ucatolica.edu.co\/portal\/__trashed-2__trashed\/\"]}]},{\"@type\":\"ImageObject\",\"inLanguage\":\"es-CO\",\"@id\":\"https:\/\/www.ucatolica.edu.co\/portal\/__trashed-2__trashed\/#primaryimage\",\"url\":\"https:\/\/www.ucatolica.edu.co\/portal\/wp-content\/uploads\/2025\/09\/FotoPortada.jpg\",\"contentUrl\":\"https:\/\/www.ucatolica.edu.co\/portal\/wp-content\/uploads\/2025\/09\/FotoPortada.jpg\",\"width\":870,\"height\":522},{\"@type\":\"BreadcrumbList\",\"@id\":\"https:\/\/www.ucatolica.edu.co\/portal\/__trashed-2__trashed\/#breadcrumb\",\"itemListElement\":[{\"@type\":\"ListItem\",\"position\":1,\"name\":\"Inicio\",\"item\":\"https:\/\/www.ucatolica.edu.co\/portal\/\"},{\"@type\":\"ListItem\",\"position\":2,\"name\":\"Participa en ExpresArte 2025: escribe, crea y transforma con tu cuento o poes\u00eda\"}]},{\"@type\":\"WebSite\",\"@id\":\"https:\/\/www.ucatolica.edu.co\/portal\/#website\",\"url\":\"https:\/\/www.ucatolica.edu.co\/portal\/\",\"name\":\"Universidad Cat\u00f3lica De Colombia\",\"description\":\"Universidad Cat\u00f3lica De Colombia\",\"publisher\":{\"@id\":\"https:\/\/www.ucatolica.edu.co\/portal\/#organization\"},\"potentialAction\":[{\"@type\":\"SearchAction\",\"target\":{\"@type\":\"EntryPoint\",\"urlTemplate\":\"https:\/\/www.ucatolica.edu.co\/portal\/?s={search_term_string}\"},\"query-input\":{\"@type\":\"PropertyValueSpecification\",\"valueRequired\":true,\"valueName\":\"search_term_string\"}}],\"inLanguage\":\"es-CO\"},{\"@type\":\"Organization\",\"@id\":\"https:\/\/www.ucatolica.edu.co\/portal\/#organization\",\"name\":\"Universidad Cat\u00f3lica de Colombia\",\"url\":\"https:\/\/www.ucatolica.edu.co\/portal\/\",\"logo\":{\"@type\":\"ImageObject\",\"inLanguage\":\"es-CO\",\"@id\":\"https:\/\/www.ucatolica.edu.co\/portal\/#\/schema\/logo\/image\/\",\"url\":\"https:\/\/www.ucatolica.edu.co\/portal\/wp-content\/uploads\/2021\/06\/logo-header-ho-1.svg\",\"contentUrl\":\"https:\/\/www.ucatolica.edu.co\/portal\/wp-content\/uploads\/2021\/06\/logo-header-ho-1.svg\",\"width\":1,\"height\":1,\"caption\":\"Universidad Cat\u00f3lica de Colombia\"},\"image\":{\"@id\":\"https:\/\/www.ucatolica.edu.co\/portal\/#\/schema\/logo\/image\/\"},\"sameAs\":[\"https:\/\/www.facebook.com\/ucatolicacolombia\",\"https:\/\/x.com\/UCatolicaCol\",\"https:\/\/www.instagram.com\/universidadcatolicadecolombia\/\",\"https:\/\/www.linkedin.com\/company\/universidadcatolicadecolombia\/\",\"https:\/\/www.youtube.com\/user\/UCatolicaCo\"]},{\"@type\":\"Person\",\"@id\":\"https:\/\/www.ucatolica.edu.co\/portal\/#\/schema\/person\/46b982b9085fee761b48b0bd54f8b9f8\",\"name\":\"Daniela Junco\",\"url\":\"https:\/\/www.ucatolica.edu.co\/portal\/author\/daniela\/\"}]}<\/script>\n<!-- \/ Yoast SEO plugin. -->","yoast_head_json":{"title":"Participa en ExpresArte 2025: escribe, crea y transforma con tu cuento o poes\u00eda - Universidad Cat\u00f3lica De Colombia","robots":{"index":"index","follow":"follow","max-snippet":"max-snippet:-1","max-image-preview":"max-image-preview:large","max-video-preview":"max-video-preview:-1"},"canonical":"https:\/\/www.ucatolica.edu.co\/portal\/__trashed-2__trashed\/","og_locale":"es_ES","og_type":"article","og_title":"Participa en ExpresArte 2025: escribe, crea y transforma con tu cuento o poes\u00eda - Universidad Cat\u00f3lica De Colombia","og_description":"La Universidad Cat\u00f3lica de Colombia, a trav\u00e9s de Bienestar Universitario, invita a toda la comunidad universitaria a participar en una nueva edici\u00f3n del concurso literario ExpresArte: Un lugar para ti, que este a\u00f1o centra su mirada en un tema urgente y profundamente humano: el cuidado de nuestra casa com\u00fan. Inspirados en la enc\u00edclica Laudato Si\u2019 [&hellip;]","og_url":"https:\/\/www.ucatolica.edu.co\/portal\/__trashed-2__trashed\/","og_site_name":"Universidad Cat\u00f3lica De Colombia","article_publisher":"https:\/\/www.facebook.com\/ucatolicacolombia","article_published_time":"2025-09-18T14:03:58+00:00","article_modified_time":"2025-09-18T14:03:59+00:00","og_image":[{"width":870,"height":522,"url":"https:\/\/www.ucatolica.edu.co\/portal\/wp-content\/uploads\/2025\/09\/FotoPortada.jpg","type":"image\/jpeg"}],"author":"Daniela Junco","twitter_card":"summary_large_image","twitter_creator":"@UCatolicaCol","twitter_site":"@UCatolicaCol","twitter_misc":{"Escrito por":"Daniela Junco","Tiempo de lectura":"2 minutos"},"schema":{"@context":"https:\/\/schema.org","@graph":[{"@type":"Article","@id":"https:\/\/www.ucatolica.edu.co\/portal\/__trashed-2__trashed\/#article","isPartOf":{"@id":"https:\/\/www.ucatolica.edu.co\/portal\/__trashed-2__trashed\/"},"author":{"name":"Daniela Junco","@id":"https:\/\/www.ucatolica.edu.co\/portal\/#\/schema\/person\/46b982b9085fee761b48b0bd54f8b9f8"},"headline":"Participa en ExpresArte 2025: escribe, crea y transforma con tu cuento o poes\u00eda","datePublished":"2025-09-18T14:03:58+00:00","dateModified":"2025-09-18T14:03:59+00:00","mainEntityOfPage":{"@id":"https:\/\/www.ucatolica.edu.co\/portal\/__trashed-2__trashed\/"},"wordCount":344,"commentCount":0,"publisher":{"@id":"https:\/\/www.ucatolica.edu.co\/portal\/#organization"},"image":{"@id":"https:\/\/www.ucatolica.edu.co\/portal\/__trashed-2__trashed\/#primaryimage"},"thumbnailUrl":"https:\/\/www.ucatolica.edu.co\/portal\/wp-content\/uploads\/2025\/09\/FotoPortada.jpg","keywords":["Bienestar Universitario","Concurso de Talentos","Creaci\u00f3n Literaria","Escritura","Reconocimiento","Universidad Cat\u00f3lica de Colombia"],"articleSection":["Noticias Principales"],"inLanguage":"es-CO"},{"@type":"WebPage","@id":"https:\/\/www.ucatolica.edu.co\/portal\/__trashed-2__trashed\/","url":"https:\/\/www.ucatolica.edu.co\/portal\/__trashed-2__trashed\/","name":"Participa en ExpresArte 2025: escribe, crea y transforma con tu cuento o poes\u00eda - Universidad Cat\u00f3lica De Colombia","isPartOf":{"@id":"https:\/\/www.ucatolica.edu.co\/portal\/#website"},"primaryImageOfPage":{"@id":"https:\/\/www.ucatolica.edu.co\/portal\/__trashed-2__trashed\/#primaryimage"},"image":{"@id":"https:\/\/www.ucatolica.edu.co\/portal\/__trashed-2__trashed\/#primaryimage"},"thumbnailUrl":"https:\/\/www.ucatolica.edu.co\/portal\/wp-content\/uploads\/2025\/09\/FotoPortada.jpg","datePublished":"2025-09-18T14:03:58+00:00","dateModified":"2025-09-18T14:03:59+00:00","breadcrumb":{"@id":"https:\/\/www.ucatolica.edu.co\/portal\/__trashed-2__trashed\/#breadcrumb"},"inLanguage":"es-CO","potentialAction":[{"@type":"ReadAction","target":["https:\/\/www.ucatolica.edu.co\/portal\/__trashed-2__trashed\/"]}]},{"@type":"ImageObject","inLanguage":"es-CO","@id":"https:\/\/www.ucatolica.edu.co\/portal\/__trashed-2__trashed\/#primaryimage","url":"https:\/\/www.ucatolica.edu.co\/portal\/wp-content\/uploads\/2025\/09\/FotoPortada.jpg","contentUrl":"https:\/\/www.ucatolica.edu.co\/portal\/wp-content\/uploads\/2025\/09\/FotoPortada.jpg","width":870,"height":522},{"@type":"BreadcrumbList","@id":"https:\/\/www.ucatolica.edu.co\/portal\/__trashed-2__trashed\/#breadcrumb","itemListElement":[{"@type":"ListItem","position":1,"name":"Inicio","item":"https:\/\/www.ucatolica.edu.co\/portal\/"},{"@type":"ListItem","position":2,"name":"Participa en ExpresArte 2025: escribe, crea y transforma con tu cuento o poes\u00eda"}]},{"@type":"WebSite","@id":"https:\/\/www.ucatolica.edu.co\/portal\/#website","url":"https:\/\/www.ucatolica.edu.co\/portal\/","name":"Universidad Cat\u00f3lica De Colombia","description":"Universidad Cat\u00f3lica De Colombia","publisher":{"@id":"https:\/\/www.ucatolica.edu.co\/portal\/#organization"},"potentialAction":[{"@type":"SearchAction","target":{"@type":"EntryPoint","urlTemplate":"https:\/\/www.ucatolica.edu.co\/portal\/?s={search_term_string}"},"query-input":{"@type":"PropertyValueSpecification","valueRequired":true,"valueName":"search_term_string"}}],"inLanguage":"es-CO"},{"@type":"Organization","@id":"https:\/\/www.ucatolica.edu.co\/portal\/#organization","name":"Universidad Cat\u00f3lica de Colombia","url":"https:\/\/www.ucatolica.edu.co\/portal\/","logo":{"@type":"ImageObject","inLanguage":"es-CO","@id":"https:\/\/www.ucatolica.edu.co\/portal\/#\/schema\/logo\/image\/","url":"https:\/\/www.ucatolica.edu.co\/portal\/wp-content\/uploads\/2021\/06\/logo-header-ho-1.svg","contentUrl":"https:\/\/www.ucatolica.edu.co\/portal\/wp-content\/uploads\/2021\/06\/logo-header-ho-1.svg","width":1,"height":1,"caption":"Universidad Cat\u00f3lica de Colombia"},"image":{"@id":"https:\/\/www.ucatolica.edu.co\/portal\/#\/schema\/logo\/image\/"},"sameAs":["https:\/\/www.facebook.com\/ucatolicacolombia","https:\/\/x.com\/UCatolicaCol","https:\/\/www.instagram.com\/universidadcatolicadecolombia\/","https:\/\/www.linkedin.com\/company\/universidadcatolicadecolombia\/","https:\/\/www.youtube.com\/user\/UCatolicaCo"]},{"@type":"Person","@id":"https:\/\/www.ucatolica.edu.co\/portal\/#\/schema\/person\/46b982b9085fee761b48b0bd54f8b9f8","name":"Daniela Junco","url":"https:\/\/www.ucatolica.edu.co\/portal\/author\/daniela\/"}]}},"author_meta":{"display_name":"Daniela Junco","author_link":"https:\/\/www.ucatolica.edu.co\/portal\/author\/daniela\/"},"featured_img":"https:\/\/www.ucatolica.edu.co\/portal\/wp-content\/uploads\/2025\/09\/FotoPortada.jpg","coauthors":[],"tax_additional":{"categories":{"linked":["<a href=\"https:\/\/www.ucatolica.edu.co\/portal\/category\/noticias-principales\/\" class=\"advgb-post-tax-term\">Noticias Principales<\/a>"],"unlinked":["<span class=\"advgb-post-tax-term\">Noticias Principales<\/span>"]},"tags":{"linked":["<a href=\"https:\/\/www.ucatolica.edu.co\/portal\/category\/noticias-principales\/\" class=\"advgb-post-tax-term\">Bienestar Universitario<\/a>","<a href=\"https:\/\/www.ucatolica.edu.co\/portal\/category\/noticias-principales\/\" class=\"advgb-post-tax-term\">Concurso de Talentos<\/a>","<a href=\"https:\/\/www.ucatolica.edu.co\/portal\/category\/noticias-principales\/\" class=\"advgb-post-tax-term\">Creaci\u00f3n Literaria<\/a>","<a href=\"https:\/\/www.ucatolica.edu.co\/portal\/category\/noticias-principales\/\" class=\"advgb-post-tax-term\">Escritura<\/a>","<a href=\"https:\/\/www.ucatolica.edu.co\/portal\/category\/noticias-principales\/\" class=\"advgb-post-tax-term\">Reconocimiento<\/a>","<a href=\"https:\/\/www.ucatolica.edu.co\/portal\/category\/noticias-principales\/\" class=\"advgb-post-tax-term\">Universidad Cat\u00f3lica de Colombia<\/a>"],"unlinked":["<span class=\"advgb-post-tax-term\">Bienestar Universitario<\/span>","<span class=\"advgb-post-tax-term\">Concurso de Talentos<\/span>","<span class=\"advgb-post-tax-term\">Creaci\u00f3n Literaria<\/span>","<span class=\"advgb-post-tax-term\">Escritura<\/span>","<span class=\"advgb-post-tax-term\">Reconocimiento<\/span>","<span class=\"advgb-post-tax-term\">Universidad Cat\u00f3lica de Colombia<\/span>"]}},"comment_count":"0","relative_dates":{"created":"Posted 7 meses ago","modified":"Updated 7 meses ago"},"absolute_dates":{"created":"Posted on 18 septiembre, 2025","modified":"Updated on 18 septiembre, 2025"},"absolute_dates_time":{"created":"Posted on 18 septiembre, 2025 9:03 am","modified":"Updated on 18 septiembre, 2025 9:03 am"},"featured_img_caption":"","series_order":"","_links":{"self":[{"href":"https:\/\/www.ucatolica.edu.co\/portal\/wp-json\/wp\/v2\/posts\/122527","targetHints":{"allow":["GET"]}}],"collection":[{"href":"https:\/\/www.ucatolica.edu.co\/portal\/wp-json\/wp\/v2\/posts"}],"about":[{"href":"https:\/\/www.ucatolica.edu.co\/portal\/wp-json\/wp\/v2\/types\/post"}],"author":[{"embeddable":true,"href":"https:\/\/www.ucatolica.edu.co\/portal\/wp-json\/wp\/v2\/users\/64"}],"replies":[{"embeddable":true,"href":"https:\/\/www.ucatolica.edu.co\/portal\/wp-json\/wp\/v2\/comments?post=122527"}],"version-history":[{"count":4,"href":"https:\/\/www.ucatolica.edu.co\/portal\/wp-json\/wp\/v2\/posts\/122527\/revisions"}],"predecessor-version":[{"id":122593,"href":"https:\/\/www.ucatolica.edu.co\/portal\/wp-json\/wp\/v2\/posts\/122527\/revisions\/122593"}],"wp:featuredmedia":[{"embeddable":true,"href":"https:\/\/www.ucatolica.edu.co\/portal\/wp-json\/wp\/v2\/media\/122627"}],"wp:attachment":[{"href":"https:\/\/www.ucatolica.edu.co\/portal\/wp-json\/wp\/v2\/media?parent=122527"}],"wp:term":[{"taxonomy":"category","embeddable":true,"href":"https:\/\/www.ucatolica.edu.co\/portal\/wp-json\/wp\/v2\/categories?post=122527"},{"taxonomy":"post_tag","embeddable":true,"href":"https:\/\/www.ucatolica.edu.co\/portal\/wp-json\/wp\/v2\/tags?post=122527"}],"curies":[{"name":"wp","href":"https:\/\/api.w.org\/{rel}","templated":true}]}}