{"id":122847,"date":"2025-09-29T09:31:10","date_gmt":"2025-09-29T14:31:10","guid":{"rendered":"https:\/\/www.ucatolica.edu.co\/portal\/?p=122847"},"modified":"2025-09-29T09:31:11","modified_gmt":"2025-09-29T14:31:11","slug":"grupo-de-danza-folclorica-se-destaco-en-el-festival-regional-de-danzas-folcloricas-nodo-bogota","status":"publish","type":"post","link":"https:\/\/www.ucatolica.edu.co\/portal\/grupo-de-danza-folclorica-se-destaco-en-el-festival-regional-de-danzas-folcloricas-nodo-bogota\/","title":{"rendered":"Grupo de Danza Folcl\u00f3rica se destac\u00f3 en el Festival Regional de Danzas Folcl\u00f3ricas Nodo Bogot\u00e1"},"content":{"rendered":"\n<p>El pasado 9 de septiembre, en el marco del Festival Regional de Danzas Folcl\u00f3ricas Nodo Bogot\u00e1 y la competencia interuniversitaria organizada por ASCUN Cultura 2025, el Grupo de Danza Folcl\u00f3rica de la Universidad Cat\u00f3lica de Colombia recibi\u00f3 dos importantes distinciones: Mejor Propuesta Coreogr\u00e1fica y Tercer puesto a nivel Bogot\u00e1.<\/p>\n\n\n\n<p>Este logro, alcanzado con la propuesta \u201cKausachun\u201d, que en lengua quechua significa \u201cDeja que se viva\u201d, es resultado del proceso de investigaci\u00f3n-creaci\u00f3n liderado por la maestra Mar\u00eda del Pilar Quintero Chaparro. La propuesta transversaliza la riqueza de las danzas nari\u00f1enses con la influencia del Carnaval de Negros y Blancos de San Juan de Pasto y su ancestralidad andinoamericana, en di\u00e1logo con las culturas ind\u00edgenas de los Pastos y los Quillacingas.<\/p>\n\n\n\n<figure class=\"wp-block-image size-full\"><img fetchpriority=\"high\" decoding=\"async\" width=\"870\" height=\"522\" src=\"https:\/\/www.ucatolica.edu.co\/portal\/wp-content\/uploads\/2025\/09\/Mesa-de-trabajo-1_1-3.png\" alt=\"\" class=\"wp-image-122851\" \/><\/figure>\n\n\n\n<p>Estos reconocimientos reflejan la calidad de los procesos que se gestan en la direcci\u00f3n de Bienestar Universitario desde la Coordinaci\u00f3n de su \u00e1rea de Arte y Cultura, permitiendo a la Universidad asegurar su participaci\u00f3n en los pr\u00f3ximos encuentros nacionales.<\/p>\n\n\n\n<p>Te invitamos a revivir la presentaci\u00f3n de nuestro Grupo de Danza Folcl\u00f3rica <a href=\"https:\/\/www.youtube.com\/live\/8OuUDlul1UE?si=e_xwXTMDj2GNtx7H\">aqu\u00ed<\/a><\/p>\n\n\n\n<p>La Universidad Cat\u00f3lica de Colombia exalta la importancia de la danza como manifestaci\u00f3n art\u00edstica y cultural que fortalece la identidad, el sentido de comunidad y el reconocimiento de nuestras ra\u00edces.<\/p>\n","protected":false},"excerpt":{"rendered":"<p>El pasado 9 de septiembre, en el marco del Festival Regional de Danzas Folcl\u00f3ricas Nodo Bogot\u00e1 y la competencia interuniversitaria organizada por ASCUN Cultura 2025, el Grupo de Danza Folcl\u00f3rica de la Universidad Cat\u00f3lica de Colombia recibi\u00f3 dos importantes distinciones: Mejor Propuesta Coreogr\u00e1fica y Tercer puesto a nivel Bogot\u00e1. Este logro, alcanzado con la propuesta [&hellip;]<\/p>\n","protected":false},"author":64,"featured_media":122850,"comment_status":"open","ping_status":"open","sticky":false,"template":"","format":"standard","meta":{"_acf_changed":false,"advgb_blocks_editor_width":"","advgb_blocks_columns_visual_guide":"","footnotes":""},"categories":[93],"tags":[2368,190,148,393,763],"class_list":["post-122847","post","type-post","status-publish","format-standard","has-post-thumbnail","hentry","category-noticias-principales","tag-arte-y-cultura-2","tag-ascun","tag-bienestar-universitario","tag-grupo-de-danzas","tag-reconocimiento"],"acf":[],"yoast_head":"<!-- This site is optimized with the Yoast SEO plugin v26.7 - https:\/\/yoast.com\/wordpress\/plugins\/seo\/ -->\n<title>Grupo de Danza Folcl\u00f3rica se destac\u00f3 en el Festival Regional de Danzas Folcl\u00f3ricas Nodo Bogot\u00e1 - Universidad Cat\u00f3lica De Colombia<\/title>\n<meta name=\"robots\" content=\"index, follow, max-snippet:-1, max-image-preview:large, max-video-preview:-1\" \/>\n<link rel=\"canonical\" href=\"https:\/\/www.ucatolica.edu.co\/portal\/grupo-de-danza-folclorica-se-destaco-en-el-festival-regional-de-danzas-folcloricas-nodo-bogota\/\" \/>\n<meta property=\"og:locale\" content=\"es_ES\" \/>\n<meta property=\"og:type\" content=\"article\" \/>\n<meta property=\"og:title\" content=\"Grupo de Danza Folcl\u00f3rica se destac\u00f3 en el Festival Regional de Danzas Folcl\u00f3ricas Nodo Bogot\u00e1 - Universidad Cat\u00f3lica De Colombia\" \/>\n<meta property=\"og:description\" content=\"El pasado 9 de septiembre, en el marco del Festival Regional de Danzas Folcl\u00f3ricas Nodo Bogot\u00e1 y la competencia interuniversitaria organizada por ASCUN Cultura 2025, el Grupo de Danza Folcl\u00f3rica de la Universidad Cat\u00f3lica de Colombia recibi\u00f3 dos importantes distinciones: Mejor Propuesta Coreogr\u00e1fica y Tercer puesto a nivel Bogot\u00e1. Este logro, alcanzado con la propuesta [&hellip;]\" \/>\n<meta property=\"og:url\" content=\"https:\/\/www.ucatolica.edu.co\/portal\/grupo-de-danza-folclorica-se-destaco-en-el-festival-regional-de-danzas-folcloricas-nodo-bogota\/\" \/>\n<meta property=\"og:site_name\" content=\"Universidad Cat\u00f3lica De Colombia\" \/>\n<meta property=\"article:publisher\" content=\"https:\/\/www.facebook.com\/ucatolicacolombia\" \/>\n<meta property=\"article:published_time\" content=\"2025-09-29T14:31:10+00:00\" \/>\n<meta property=\"article:modified_time\" content=\"2025-09-29T14:31:11+00:00\" \/>\n<meta property=\"og:image\" content=\"https:\/\/www.ucatolica.edu.co\/portal\/wp-content\/uploads\/2025\/09\/Mesa-de-trabajo-1-4.png\" \/>\n\t<meta property=\"og:image:width\" content=\"870\" \/>\n\t<meta property=\"og:image:height\" content=\"522\" \/>\n\t<meta property=\"og:image:type\" content=\"image\/png\" \/>\n<meta name=\"author\" content=\"Daniela Junco\" \/>\n<meta name=\"twitter:card\" content=\"summary_large_image\" \/>\n<meta name=\"twitter:creator\" content=\"@UCatolicaCol\" \/>\n<meta name=\"twitter:site\" content=\"@UCatolicaCol\" \/>\n<meta name=\"twitter:label1\" content=\"Escrito por\" \/>\n\t<meta name=\"twitter:data1\" content=\"Daniela Junco\" \/>\n\t<meta name=\"twitter:label2\" content=\"Tiempo de lectura\" \/>\n\t<meta name=\"twitter:data2\" content=\"1 minuto\" \/>\n<script type=\"application\/ld+json\" class=\"yoast-schema-graph\">{\"@context\":\"https:\/\/schema.org\",\"@graph\":[{\"@type\":\"Article\",\"@id\":\"https:\/\/www.ucatolica.edu.co\/portal\/grupo-de-danza-folclorica-se-destaco-en-el-festival-regional-de-danzas-folcloricas-nodo-bogota\/#article\",\"isPartOf\":{\"@id\":\"https:\/\/www.ucatolica.edu.co\/portal\/grupo-de-danza-folclorica-se-destaco-en-el-festival-regional-de-danzas-folcloricas-nodo-bogota\/\"},\"author\":{\"name\":\"Daniela Junco\",\"@id\":\"https:\/\/www.ucatolica.edu.co\/portal\/#\/schema\/person\/46b982b9085fee761b48b0bd54f8b9f8\"},\"headline\":\"Grupo de Danza Folcl\u00f3rica se destac\u00f3 en el Festival Regional de Danzas Folcl\u00f3ricas Nodo Bogot\u00e1\",\"datePublished\":\"2025-09-29T14:31:10+00:00\",\"dateModified\":\"2025-09-29T14:31:11+00:00\",\"mainEntityOfPage\":{\"@id\":\"https:\/\/www.ucatolica.edu.co\/portal\/grupo-de-danza-folclorica-se-destaco-en-el-festival-regional-de-danzas-folcloricas-nodo-bogota\/\"},\"wordCount\":236,\"commentCount\":0,\"publisher\":{\"@id\":\"https:\/\/www.ucatolica.edu.co\/portal\/#organization\"},\"image\":{\"@id\":\"https:\/\/www.ucatolica.edu.co\/portal\/grupo-de-danza-folclorica-se-destaco-en-el-festival-regional-de-danzas-folcloricas-nodo-bogota\/#primaryimage\"},\"thumbnailUrl\":\"https:\/\/www.ucatolica.edu.co\/portal\/wp-content\/uploads\/2025\/09\/Mesa-de-trabajo-1-4.png\",\"keywords\":[\"Arte y cultura\",\"ASCUN\",\"Bienestar Universitario\",\"Grupo de Danzas\",\"Reconocimiento\"],\"articleSection\":[\"Noticias Principales\"],\"inLanguage\":\"es-CO\"},{\"@type\":\"WebPage\",\"@id\":\"https:\/\/www.ucatolica.edu.co\/portal\/grupo-de-danza-folclorica-se-destaco-en-el-festival-regional-de-danzas-folcloricas-nodo-bogota\/\",\"url\":\"https:\/\/www.ucatolica.edu.co\/portal\/grupo-de-danza-folclorica-se-destaco-en-el-festival-regional-de-danzas-folcloricas-nodo-bogota\/\",\"name\":\"Grupo de Danza Folcl\u00f3rica se destac\u00f3 en el Festival Regional de Danzas Folcl\u00f3ricas Nodo Bogot\u00e1 - Universidad Cat\u00f3lica De Colombia\",\"isPartOf\":{\"@id\":\"https:\/\/www.ucatolica.edu.co\/portal\/#website\"},\"primaryImageOfPage\":{\"@id\":\"https:\/\/www.ucatolica.edu.co\/portal\/grupo-de-danza-folclorica-se-destaco-en-el-festival-regional-de-danzas-folcloricas-nodo-bogota\/#primaryimage\"},\"image\":{\"@id\":\"https:\/\/www.ucatolica.edu.co\/portal\/grupo-de-danza-folclorica-se-destaco-en-el-festival-regional-de-danzas-folcloricas-nodo-bogota\/#primaryimage\"},\"thumbnailUrl\":\"https:\/\/www.ucatolica.edu.co\/portal\/wp-content\/uploads\/2025\/09\/Mesa-de-trabajo-1-4.png\",\"datePublished\":\"2025-09-29T14:31:10+00:00\",\"dateModified\":\"2025-09-29T14:31:11+00:00\",\"breadcrumb\":{\"@id\":\"https:\/\/www.ucatolica.edu.co\/portal\/grupo-de-danza-folclorica-se-destaco-en-el-festival-regional-de-danzas-folcloricas-nodo-bogota\/#breadcrumb\"},\"inLanguage\":\"es-CO\",\"potentialAction\":[{\"@type\":\"ReadAction\",\"target\":[\"https:\/\/www.ucatolica.edu.co\/portal\/grupo-de-danza-folclorica-se-destaco-en-el-festival-regional-de-danzas-folcloricas-nodo-bogota\/\"]}]},{\"@type\":\"ImageObject\",\"inLanguage\":\"es-CO\",\"@id\":\"https:\/\/www.ucatolica.edu.co\/portal\/grupo-de-danza-folclorica-se-destaco-en-el-festival-regional-de-danzas-folcloricas-nodo-bogota\/#primaryimage\",\"url\":\"https:\/\/www.ucatolica.edu.co\/portal\/wp-content\/uploads\/2025\/09\/Mesa-de-trabajo-1-4.png\",\"contentUrl\":\"https:\/\/www.ucatolica.edu.co\/portal\/wp-content\/uploads\/2025\/09\/Mesa-de-trabajo-1-4.png\",\"width\":870,\"height\":522},{\"@type\":\"BreadcrumbList\",\"@id\":\"https:\/\/www.ucatolica.edu.co\/portal\/grupo-de-danza-folclorica-se-destaco-en-el-festival-regional-de-danzas-folcloricas-nodo-bogota\/#breadcrumb\",\"itemListElement\":[{\"@type\":\"ListItem\",\"position\":1,\"name\":\"Inicio\",\"item\":\"https:\/\/www.ucatolica.edu.co\/portal\/\"},{\"@type\":\"ListItem\",\"position\":2,\"name\":\"Grupo de Danza Folcl\u00f3rica se destac\u00f3 en el Festival Regional de Danzas Folcl\u00f3ricas Nodo Bogot\u00e1\"}]},{\"@type\":\"WebSite\",\"@id\":\"https:\/\/www.ucatolica.edu.co\/portal\/#website\",\"url\":\"https:\/\/www.ucatolica.edu.co\/portal\/\",\"name\":\"Universidad Cat\u00f3lica De Colombia\",\"description\":\"Universidad Cat\u00f3lica De Colombia\",\"publisher\":{\"@id\":\"https:\/\/www.ucatolica.edu.co\/portal\/#organization\"},\"potentialAction\":[{\"@type\":\"SearchAction\",\"target\":{\"@type\":\"EntryPoint\",\"urlTemplate\":\"https:\/\/www.ucatolica.edu.co\/portal\/?s={search_term_string}\"},\"query-input\":{\"@type\":\"PropertyValueSpecification\",\"valueRequired\":true,\"valueName\":\"search_term_string\"}}],\"inLanguage\":\"es-CO\"},{\"@type\":\"Organization\",\"@id\":\"https:\/\/www.ucatolica.edu.co\/portal\/#organization\",\"name\":\"Universidad Cat\u00f3lica de Colombia\",\"url\":\"https:\/\/www.ucatolica.edu.co\/portal\/\",\"logo\":{\"@type\":\"ImageObject\",\"inLanguage\":\"es-CO\",\"@id\":\"https:\/\/www.ucatolica.edu.co\/portal\/#\/schema\/logo\/image\/\",\"url\":\"https:\/\/www.ucatolica.edu.co\/portal\/wp-content\/uploads\/2021\/06\/logo-header-ho-1.svg\",\"contentUrl\":\"https:\/\/www.ucatolica.edu.co\/portal\/wp-content\/uploads\/2021\/06\/logo-header-ho-1.svg\",\"width\":1,\"height\":1,\"caption\":\"Universidad Cat\u00f3lica de Colombia\"},\"image\":{\"@id\":\"https:\/\/www.ucatolica.edu.co\/portal\/#\/schema\/logo\/image\/\"},\"sameAs\":[\"https:\/\/www.facebook.com\/ucatolicacolombia\",\"https:\/\/x.com\/UCatolicaCol\",\"https:\/\/www.instagram.com\/universidadcatolicadecolombia\/\",\"https:\/\/www.linkedin.com\/company\/universidadcatolicadecolombia\/\",\"https:\/\/www.youtube.com\/user\/UCatolicaCo\"]},{\"@type\":\"Person\",\"@id\":\"https:\/\/www.ucatolica.edu.co\/portal\/#\/schema\/person\/46b982b9085fee761b48b0bd54f8b9f8\",\"name\":\"Daniela Junco\",\"url\":\"https:\/\/www.ucatolica.edu.co\/portal\/author\/daniela\/\"}]}<\/script>\n<!-- \/ Yoast SEO plugin. -->","yoast_head_json":{"title":"Grupo de Danza Folcl\u00f3rica se destac\u00f3 en el Festival Regional de Danzas Folcl\u00f3ricas Nodo Bogot\u00e1 - Universidad Cat\u00f3lica De Colombia","robots":{"index":"index","follow":"follow","max-snippet":"max-snippet:-1","max-image-preview":"max-image-preview:large","max-video-preview":"max-video-preview:-1"},"canonical":"https:\/\/www.ucatolica.edu.co\/portal\/grupo-de-danza-folclorica-se-destaco-en-el-festival-regional-de-danzas-folcloricas-nodo-bogota\/","og_locale":"es_ES","og_type":"article","og_title":"Grupo de Danza Folcl\u00f3rica se destac\u00f3 en el Festival Regional de Danzas Folcl\u00f3ricas Nodo Bogot\u00e1 - Universidad Cat\u00f3lica De Colombia","og_description":"El pasado 9 de septiembre, en el marco del Festival Regional de Danzas Folcl\u00f3ricas Nodo Bogot\u00e1 y la competencia interuniversitaria organizada por ASCUN Cultura 2025, el Grupo de Danza Folcl\u00f3rica de la Universidad Cat\u00f3lica de Colombia recibi\u00f3 dos importantes distinciones: Mejor Propuesta Coreogr\u00e1fica y Tercer puesto a nivel Bogot\u00e1. Este logro, alcanzado con la propuesta [&hellip;]","og_url":"https:\/\/www.ucatolica.edu.co\/portal\/grupo-de-danza-folclorica-se-destaco-en-el-festival-regional-de-danzas-folcloricas-nodo-bogota\/","og_site_name":"Universidad Cat\u00f3lica De Colombia","article_publisher":"https:\/\/www.facebook.com\/ucatolicacolombia","article_published_time":"2025-09-29T14:31:10+00:00","article_modified_time":"2025-09-29T14:31:11+00:00","og_image":[{"width":870,"height":522,"url":"https:\/\/www.ucatolica.edu.co\/portal\/wp-content\/uploads\/2025\/09\/Mesa-de-trabajo-1-4.png","type":"image\/png"}],"author":"Daniela Junco","twitter_card":"summary_large_image","twitter_creator":"@UCatolicaCol","twitter_site":"@UCatolicaCol","twitter_misc":{"Escrito por":"Daniela Junco","Tiempo de lectura":"1 minuto"},"schema":{"@context":"https:\/\/schema.org","@graph":[{"@type":"Article","@id":"https:\/\/www.ucatolica.edu.co\/portal\/grupo-de-danza-folclorica-se-destaco-en-el-festival-regional-de-danzas-folcloricas-nodo-bogota\/#article","isPartOf":{"@id":"https:\/\/www.ucatolica.edu.co\/portal\/grupo-de-danza-folclorica-se-destaco-en-el-festival-regional-de-danzas-folcloricas-nodo-bogota\/"},"author":{"name":"Daniela Junco","@id":"https:\/\/www.ucatolica.edu.co\/portal\/#\/schema\/person\/46b982b9085fee761b48b0bd54f8b9f8"},"headline":"Grupo de Danza Folcl\u00f3rica se destac\u00f3 en el Festival Regional de Danzas Folcl\u00f3ricas Nodo Bogot\u00e1","datePublished":"2025-09-29T14:31:10+00:00","dateModified":"2025-09-29T14:31:11+00:00","mainEntityOfPage":{"@id":"https:\/\/www.ucatolica.edu.co\/portal\/grupo-de-danza-folclorica-se-destaco-en-el-festival-regional-de-danzas-folcloricas-nodo-bogota\/"},"wordCount":236,"commentCount":0,"publisher":{"@id":"https:\/\/www.ucatolica.edu.co\/portal\/#organization"},"image":{"@id":"https:\/\/www.ucatolica.edu.co\/portal\/grupo-de-danza-folclorica-se-destaco-en-el-festival-regional-de-danzas-folcloricas-nodo-bogota\/#primaryimage"},"thumbnailUrl":"https:\/\/www.ucatolica.edu.co\/portal\/wp-content\/uploads\/2025\/09\/Mesa-de-trabajo-1-4.png","keywords":["Arte y cultura","ASCUN","Bienestar Universitario","Grupo de Danzas","Reconocimiento"],"articleSection":["Noticias Principales"],"inLanguage":"es-CO"},{"@type":"WebPage","@id":"https:\/\/www.ucatolica.edu.co\/portal\/grupo-de-danza-folclorica-se-destaco-en-el-festival-regional-de-danzas-folcloricas-nodo-bogota\/","url":"https:\/\/www.ucatolica.edu.co\/portal\/grupo-de-danza-folclorica-se-destaco-en-el-festival-regional-de-danzas-folcloricas-nodo-bogota\/","name":"Grupo de Danza Folcl\u00f3rica se destac\u00f3 en el Festival Regional de Danzas Folcl\u00f3ricas Nodo Bogot\u00e1 - Universidad Cat\u00f3lica De Colombia","isPartOf":{"@id":"https:\/\/www.ucatolica.edu.co\/portal\/#website"},"primaryImageOfPage":{"@id":"https:\/\/www.ucatolica.edu.co\/portal\/grupo-de-danza-folclorica-se-destaco-en-el-festival-regional-de-danzas-folcloricas-nodo-bogota\/#primaryimage"},"image":{"@id":"https:\/\/www.ucatolica.edu.co\/portal\/grupo-de-danza-folclorica-se-destaco-en-el-festival-regional-de-danzas-folcloricas-nodo-bogota\/#primaryimage"},"thumbnailUrl":"https:\/\/www.ucatolica.edu.co\/portal\/wp-content\/uploads\/2025\/09\/Mesa-de-trabajo-1-4.png","datePublished":"2025-09-29T14:31:10+00:00","dateModified":"2025-09-29T14:31:11+00:00","breadcrumb":{"@id":"https:\/\/www.ucatolica.edu.co\/portal\/grupo-de-danza-folclorica-se-destaco-en-el-festival-regional-de-danzas-folcloricas-nodo-bogota\/#breadcrumb"},"inLanguage":"es-CO","potentialAction":[{"@type":"ReadAction","target":["https:\/\/www.ucatolica.edu.co\/portal\/grupo-de-danza-folclorica-se-destaco-en-el-festival-regional-de-danzas-folcloricas-nodo-bogota\/"]}]},{"@type":"ImageObject","inLanguage":"es-CO","@id":"https:\/\/www.ucatolica.edu.co\/portal\/grupo-de-danza-folclorica-se-destaco-en-el-festival-regional-de-danzas-folcloricas-nodo-bogota\/#primaryimage","url":"https:\/\/www.ucatolica.edu.co\/portal\/wp-content\/uploads\/2025\/09\/Mesa-de-trabajo-1-4.png","contentUrl":"https:\/\/www.ucatolica.edu.co\/portal\/wp-content\/uploads\/2025\/09\/Mesa-de-trabajo-1-4.png","width":870,"height":522},{"@type":"BreadcrumbList","@id":"https:\/\/www.ucatolica.edu.co\/portal\/grupo-de-danza-folclorica-se-destaco-en-el-festival-regional-de-danzas-folcloricas-nodo-bogota\/#breadcrumb","itemListElement":[{"@type":"ListItem","position":1,"name":"Inicio","item":"https:\/\/www.ucatolica.edu.co\/portal\/"},{"@type":"ListItem","position":2,"name":"Grupo de Danza Folcl\u00f3rica se destac\u00f3 en el Festival Regional de Danzas Folcl\u00f3ricas Nodo Bogot\u00e1"}]},{"@type":"WebSite","@id":"https:\/\/www.ucatolica.edu.co\/portal\/#website","url":"https:\/\/www.ucatolica.edu.co\/portal\/","name":"Universidad Cat\u00f3lica De Colombia","description":"Universidad Cat\u00f3lica De Colombia","publisher":{"@id":"https:\/\/www.ucatolica.edu.co\/portal\/#organization"},"potentialAction":[{"@type":"SearchAction","target":{"@type":"EntryPoint","urlTemplate":"https:\/\/www.ucatolica.edu.co\/portal\/?s={search_term_string}"},"query-input":{"@type":"PropertyValueSpecification","valueRequired":true,"valueName":"search_term_string"}}],"inLanguage":"es-CO"},{"@type":"Organization","@id":"https:\/\/www.ucatolica.edu.co\/portal\/#organization","name":"Universidad Cat\u00f3lica de Colombia","url":"https:\/\/www.ucatolica.edu.co\/portal\/","logo":{"@type":"ImageObject","inLanguage":"es-CO","@id":"https:\/\/www.ucatolica.edu.co\/portal\/#\/schema\/logo\/image\/","url":"https:\/\/www.ucatolica.edu.co\/portal\/wp-content\/uploads\/2021\/06\/logo-header-ho-1.svg","contentUrl":"https:\/\/www.ucatolica.edu.co\/portal\/wp-content\/uploads\/2021\/06\/logo-header-ho-1.svg","width":1,"height":1,"caption":"Universidad Cat\u00f3lica de Colombia"},"image":{"@id":"https:\/\/www.ucatolica.edu.co\/portal\/#\/schema\/logo\/image\/"},"sameAs":["https:\/\/www.facebook.com\/ucatolicacolombia","https:\/\/x.com\/UCatolicaCol","https:\/\/www.instagram.com\/universidadcatolicadecolombia\/","https:\/\/www.linkedin.com\/company\/universidadcatolicadecolombia\/","https:\/\/www.youtube.com\/user\/UCatolicaCo"]},{"@type":"Person","@id":"https:\/\/www.ucatolica.edu.co\/portal\/#\/schema\/person\/46b982b9085fee761b48b0bd54f8b9f8","name":"Daniela Junco","url":"https:\/\/www.ucatolica.edu.co\/portal\/author\/daniela\/"}]}},"author_meta":{"display_name":"Daniela Junco","author_link":"https:\/\/www.ucatolica.edu.co\/portal\/author\/daniela\/"},"featured_img":"https:\/\/www.ucatolica.edu.co\/portal\/wp-content\/uploads\/2025\/09\/Mesa-de-trabajo-1-4.png","coauthors":[],"tax_additional":{"categories":{"linked":["<a href=\"https:\/\/www.ucatolica.edu.co\/portal\/category\/noticias-principales\/\" class=\"advgb-post-tax-term\">Noticias Principales<\/a>"],"unlinked":["<span class=\"advgb-post-tax-term\">Noticias Principales<\/span>"]},"tags":{"linked":["<a href=\"https:\/\/www.ucatolica.edu.co\/portal\/category\/noticias-principales\/\" class=\"advgb-post-tax-term\">Arte y cultura<\/a>","<a href=\"https:\/\/www.ucatolica.edu.co\/portal\/category\/noticias-principales\/\" class=\"advgb-post-tax-term\">ASCUN<\/a>","<a href=\"https:\/\/www.ucatolica.edu.co\/portal\/category\/noticias-principales\/\" class=\"advgb-post-tax-term\">Bienestar Universitario<\/a>","<a href=\"https:\/\/www.ucatolica.edu.co\/portal\/category\/noticias-principales\/\" class=\"advgb-post-tax-term\">Grupo de Danzas<\/a>","<a href=\"https:\/\/www.ucatolica.edu.co\/portal\/category\/noticias-principales\/\" class=\"advgb-post-tax-term\">Reconocimiento<\/a>"],"unlinked":["<span class=\"advgb-post-tax-term\">Arte y cultura<\/span>","<span class=\"advgb-post-tax-term\">ASCUN<\/span>","<span class=\"advgb-post-tax-term\">Bienestar Universitario<\/span>","<span class=\"advgb-post-tax-term\">Grupo de Danzas<\/span>","<span class=\"advgb-post-tax-term\">Reconocimiento<\/span>"]}},"comment_count":"0","relative_dates":{"created":"Posted 7 meses ago","modified":"Updated 7 meses ago"},"absolute_dates":{"created":"Posted on 29 septiembre, 2025","modified":"Updated on 29 septiembre, 2025"},"absolute_dates_time":{"created":"Posted on 29 septiembre, 2025 9:31 am","modified":"Updated on 29 septiembre, 2025 9:31 am"},"featured_img_caption":"","series_order":"","_links":{"self":[{"href":"https:\/\/www.ucatolica.edu.co\/portal\/wp-json\/wp\/v2\/posts\/122847","targetHints":{"allow":["GET"]}}],"collection":[{"href":"https:\/\/www.ucatolica.edu.co\/portal\/wp-json\/wp\/v2\/posts"}],"about":[{"href":"https:\/\/www.ucatolica.edu.co\/portal\/wp-json\/wp\/v2\/types\/post"}],"author":[{"embeddable":true,"href":"https:\/\/www.ucatolica.edu.co\/portal\/wp-json\/wp\/v2\/users\/64"}],"replies":[{"embeddable":true,"href":"https:\/\/www.ucatolica.edu.co\/portal\/wp-json\/wp\/v2\/comments?post=122847"}],"version-history":[{"count":2,"href":"https:\/\/www.ucatolica.edu.co\/portal\/wp-json\/wp\/v2\/posts\/122847\/revisions"}],"predecessor-version":[{"id":122852,"href":"https:\/\/www.ucatolica.edu.co\/portal\/wp-json\/wp\/v2\/posts\/122847\/revisions\/122852"}],"wp:featuredmedia":[{"embeddable":true,"href":"https:\/\/www.ucatolica.edu.co\/portal\/wp-json\/wp\/v2\/media\/122850"}],"wp:attachment":[{"href":"https:\/\/www.ucatolica.edu.co\/portal\/wp-json\/wp\/v2\/media?parent=122847"}],"wp:term":[{"taxonomy":"category","embeddable":true,"href":"https:\/\/www.ucatolica.edu.co\/portal\/wp-json\/wp\/v2\/categories?post=122847"},{"taxonomy":"post_tag","embeddable":true,"href":"https:\/\/www.ucatolica.edu.co\/portal\/wp-json\/wp\/v2\/tags?post=122847"}],"curies":[{"name":"wp","href":"https:\/\/api.w.org\/{rel}","templated":true}]}}