{"id":122991,"date":"2025-10-02T18:02:30","date_gmt":"2025-10-02T23:02:30","guid":{"rendered":"https:\/\/www.ucatolica.edu.co\/portal\/?p=122991"},"modified":"2025-10-09T17:42:45","modified_gmt":"2025-10-09T22:42:45","slug":"la-universidad-vibra-con-el-rock-universitario","status":"publish","type":"post","link":"https:\/\/www.ucatolica.edu.co\/portal\/la-universidad-vibra-con-el-rock-universitario\/","title":{"rendered":"M\u00fasica, energ\u00eda y comunidad: llega VIBRAROCK 2025 a la Universidad Cat\u00f3lica de Colombia"},"content":{"rendered":"\n<p>La <strong>Universidad Cat\u00f3lica de Colombia<\/strong>, a trav\u00e9s de la Coordinaci\u00f3n de Arte y Cultura y con el apoyo del <strong>Grupo de Rock institucional<\/strong>, invita a toda la comunidad universitaria a participar en el <strong>XII Encuentro Universitario de Bandas de Rock, VIBRAROCK<\/strong>, un evento que celebra el talento, la creatividad y la fuerza de la m\u00fasica en los escenarios universitarios.<\/p>\n\n\n\n<ul class=\"wp-block-list\">\n<li><strong>Fecha:<\/strong> mi\u00e9rcoles 15 de octubre de 2025<\/li>\n\n\n\n<li><strong>Hora:<\/strong> 4:00 p.m. \u2013 7:00 p.m.<\/li>\n\n\n\n<li><strong>Lugar:<\/strong> Auditorio Paraninfo \u2013 Sede El Claustro (Diagonal 46 A #15B\u201310)<\/li>\n<\/ul>\n\n\n\n<p>Este semestre, la Universidad Cat\u00f3lica de Colombia ser\u00e1 la <strong>anfitriona del encuentro<\/strong>, que contar\u00e1 con la presentaci\u00f3n de <strong>seis grupos universitarios<\/strong> que prometen encender el escenario y compartir su pasi\u00f3n por el rock.<\/p>\n\n\n\n<p>Nos acompa\u00f1ar\u00e1n las agrupaciones musicales de:<\/p>\n\n\n\n<ul class=\"wp-block-list\">\n<li><strong>Universidad Central<\/strong><\/li>\n\n\n\n<li><strong>Universidad \u00c1rea Andina<\/strong><\/li>\n\n\n\n<li><strong>Universidad La Gran Colombia<\/strong><\/li>\n\n\n\n<li><strong>Universidad Libre<\/strong><\/li>\n\n\n\n<li><strong>Universidad Militar Nueva Granada<\/strong><\/li>\n\n\n\n<li><strong>Universidad Cat\u00f3lica de Colombia<\/strong> (como anfitriona)<\/li>\n<\/ul>\n\n\n\n<p>Con <em>VIBRAROCK<\/em>, la m\u00fasica se convierte en un puente entre universidades, uniendo ritmos y emociones que enriquecen la vida cultural y art\u00edstica de nuestra instituci\u00f3n.<\/p>\n\n\n\n<p><strong>\u00a1Los esperamos!<\/strong><\/p>\n\n\n\n<p><strong>Universidad Cat\u00f3lica de Colombia<br>Impulsar Historias Hechas a Pulso<\/strong><\/p>\n\n\n\n<p><\/p>\n","protected":false},"excerpt":{"rendered":"<p>La Universidad Cat\u00f3lica de Colombia, a trav\u00e9s de la Coordinaci\u00f3n de Arte y Cultura y con el apoyo del Grupo de Rock institucional, invita a toda la comunidad universitaria a participar en el XII Encuentro Universitario de Bandas de Rock, VIBRAROCK, un evento que celebra el talento, la creatividad y la fuerza de la m\u00fasica [&hellip;]<\/p>\n","protected":false},"author":65,"featured_media":0,"comment_status":"open","ping_status":"open","sticky":false,"template":"","format":"standard","meta":{"_acf_changed":false,"advgb_blocks_editor_width":"","advgb_blocks_columns_visual_guide":"","footnotes":""},"categories":[738],"tags":[1134,3221],"class_list":["post-122991","post","type-post","status-publish","format-standard","hentry","category-actividades","tag-bienestar","tag-impulsar-historias"],"acf":[],"yoast_head":"<!-- This site is optimized with the Yoast SEO plugin v26.7 - https:\/\/yoast.com\/wordpress\/plugins\/seo\/ -->\n<title>M\u00fasica, energ\u00eda y comunidad: llega VIBRAROCK 2025 a la Universidad Cat\u00f3lica de Colombia - Universidad Cat\u00f3lica De Colombia<\/title>\n<meta name=\"robots\" content=\"index, follow, max-snippet:-1, max-image-preview:large, max-video-preview:-1\" \/>\n<link rel=\"canonical\" href=\"https:\/\/www.ucatolica.edu.co\/portal\/la-universidad-vibra-con-el-rock-universitario\/\" \/>\n<meta property=\"og:locale\" content=\"es_ES\" \/>\n<meta property=\"og:type\" content=\"article\" \/>\n<meta property=\"og:title\" content=\"M\u00fasica, energ\u00eda y comunidad: llega VIBRAROCK 2025 a la Universidad Cat\u00f3lica de Colombia - Universidad Cat\u00f3lica De Colombia\" \/>\n<meta property=\"og:description\" content=\"La Universidad Cat\u00f3lica de Colombia, a trav\u00e9s de la Coordinaci\u00f3n de Arte y Cultura y con el apoyo del Grupo de Rock institucional, invita a toda la comunidad universitaria a participar en el XII Encuentro Universitario de Bandas de Rock, VIBRAROCK, un evento que celebra el talento, la creatividad y la fuerza de la m\u00fasica [&hellip;]\" \/>\n<meta property=\"og:url\" content=\"https:\/\/www.ucatolica.edu.co\/portal\/la-universidad-vibra-con-el-rock-universitario\/\" \/>\n<meta property=\"og:site_name\" content=\"Universidad Cat\u00f3lica De Colombia\" \/>\n<meta property=\"article:publisher\" content=\"https:\/\/www.facebook.com\/ucatolicacolombia\" \/>\n<meta property=\"article:published_time\" content=\"2025-10-02T23:02:30+00:00\" \/>\n<meta property=\"article:modified_time\" content=\"2025-10-09T22:42:45+00:00\" \/>\n<meta name=\"author\" content=\"Juan Jos\u00e9 Franco\" \/>\n<meta name=\"twitter:card\" content=\"summary_large_image\" \/>\n<meta name=\"twitter:creator\" content=\"@UCatolicaCol\" \/>\n<meta name=\"twitter:site\" content=\"@UCatolicaCol\" \/>\n<meta name=\"twitter:label1\" content=\"Escrito por\" \/>\n\t<meta name=\"twitter:data1\" content=\"Juan Jos\u00e9 Franco\" \/>\n\t<meta name=\"twitter:label2\" content=\"Tiempo de lectura\" \/>\n\t<meta name=\"twitter:data2\" content=\"1 minuto\" \/>\n<script type=\"application\/ld+json\" class=\"yoast-schema-graph\">{\"@context\":\"https:\/\/schema.org\",\"@graph\":[{\"@type\":\"Article\",\"@id\":\"https:\/\/www.ucatolica.edu.co\/portal\/la-universidad-vibra-con-el-rock-universitario\/#article\",\"isPartOf\":{\"@id\":\"https:\/\/www.ucatolica.edu.co\/portal\/la-universidad-vibra-con-el-rock-universitario\/\"},\"author\":{\"name\":\"Juan Jos\u00e9 Franco\",\"@id\":\"https:\/\/www.ucatolica.edu.co\/portal\/#\/schema\/person\/2fe10d3836c8b18a520cbf458d96a728\"},\"headline\":\"M\u00fasica, energ\u00eda y comunidad: llega VIBRAROCK 2025 a la Universidad Cat\u00f3lica de Colombia\",\"datePublished\":\"2025-10-02T23:02:30+00:00\",\"dateModified\":\"2025-10-09T22:42:45+00:00\",\"mainEntityOfPage\":{\"@id\":\"https:\/\/www.ucatolica.edu.co\/portal\/la-universidad-vibra-con-el-rock-universitario\/\"},\"wordCount\":203,\"commentCount\":0,\"publisher\":{\"@id\":\"https:\/\/www.ucatolica.edu.co\/portal\/#organization\"},\"keywords\":[\"Bienestar\",\"Impulsar historias\"],\"articleSection\":[\"Actividades\"],\"inLanguage\":\"es-CO\"},{\"@type\":\"WebPage\",\"@id\":\"https:\/\/www.ucatolica.edu.co\/portal\/la-universidad-vibra-con-el-rock-universitario\/\",\"url\":\"https:\/\/www.ucatolica.edu.co\/portal\/la-universidad-vibra-con-el-rock-universitario\/\",\"name\":\"M\u00fasica, energ\u00eda y comunidad: llega VIBRAROCK 2025 a la Universidad Cat\u00f3lica de Colombia - Universidad Cat\u00f3lica De Colombia\",\"isPartOf\":{\"@id\":\"https:\/\/www.ucatolica.edu.co\/portal\/#website\"},\"datePublished\":\"2025-10-02T23:02:30+00:00\",\"dateModified\":\"2025-10-09T22:42:45+00:00\",\"breadcrumb\":{\"@id\":\"https:\/\/www.ucatolica.edu.co\/portal\/la-universidad-vibra-con-el-rock-universitario\/#breadcrumb\"},\"inLanguage\":\"es-CO\",\"potentialAction\":[{\"@type\":\"ReadAction\",\"target\":[\"https:\/\/www.ucatolica.edu.co\/portal\/la-universidad-vibra-con-el-rock-universitario\/\"]}]},{\"@type\":\"BreadcrumbList\",\"@id\":\"https:\/\/www.ucatolica.edu.co\/portal\/la-universidad-vibra-con-el-rock-universitario\/#breadcrumb\",\"itemListElement\":[{\"@type\":\"ListItem\",\"position\":1,\"name\":\"Inicio\",\"item\":\"https:\/\/www.ucatolica.edu.co\/portal\/\"},{\"@type\":\"ListItem\",\"position\":2,\"name\":\"M\u00fasica, energ\u00eda y comunidad: llega VIBRAROCK 2025 a la Universidad Cat\u00f3lica de Colombia\"}]},{\"@type\":\"WebSite\",\"@id\":\"https:\/\/www.ucatolica.edu.co\/portal\/#website\",\"url\":\"https:\/\/www.ucatolica.edu.co\/portal\/\",\"name\":\"Universidad Cat\u00f3lica De Colombia\",\"description\":\"Universidad Cat\u00f3lica De Colombia\",\"publisher\":{\"@id\":\"https:\/\/www.ucatolica.edu.co\/portal\/#organization\"},\"potentialAction\":[{\"@type\":\"SearchAction\",\"target\":{\"@type\":\"EntryPoint\",\"urlTemplate\":\"https:\/\/www.ucatolica.edu.co\/portal\/?s={search_term_string}\"},\"query-input\":{\"@type\":\"PropertyValueSpecification\",\"valueRequired\":true,\"valueName\":\"search_term_string\"}}],\"inLanguage\":\"es-CO\"},{\"@type\":\"Organization\",\"@id\":\"https:\/\/www.ucatolica.edu.co\/portal\/#organization\",\"name\":\"Universidad Cat\u00f3lica de Colombia\",\"url\":\"https:\/\/www.ucatolica.edu.co\/portal\/\",\"logo\":{\"@type\":\"ImageObject\",\"inLanguage\":\"es-CO\",\"@id\":\"https:\/\/www.ucatolica.edu.co\/portal\/#\/schema\/logo\/image\/\",\"url\":\"https:\/\/www.ucatolica.edu.co\/portal\/wp-content\/uploads\/2021\/06\/logo-header-ho-1.svg\",\"contentUrl\":\"https:\/\/www.ucatolica.edu.co\/portal\/wp-content\/uploads\/2021\/06\/logo-header-ho-1.svg\",\"width\":1,\"height\":1,\"caption\":\"Universidad Cat\u00f3lica de Colombia\"},\"image\":{\"@id\":\"https:\/\/www.ucatolica.edu.co\/portal\/#\/schema\/logo\/image\/\"},\"sameAs\":[\"https:\/\/www.facebook.com\/ucatolicacolombia\",\"https:\/\/x.com\/UCatolicaCol\",\"https:\/\/www.instagram.com\/universidadcatolicadecolombia\/\",\"https:\/\/www.linkedin.com\/company\/universidadcatolicadecolombia\/\",\"https:\/\/www.youtube.com\/user\/UCatolicaCo\"]},{\"@type\":\"Person\",\"@id\":\"https:\/\/www.ucatolica.edu.co\/portal\/#\/schema\/person\/2fe10d3836c8b18a520cbf458d96a728\",\"name\":\"Juan Jos\u00e9 Franco\",\"url\":\"https:\/\/www.ucatolica.edu.co\/portal\/author\/juan\/\"}]}<\/script>\n<!-- \/ Yoast SEO plugin. -->","yoast_head_json":{"title":"M\u00fasica, energ\u00eda y comunidad: llega VIBRAROCK 2025 a la Universidad Cat\u00f3lica de Colombia - Universidad Cat\u00f3lica De Colombia","robots":{"index":"index","follow":"follow","max-snippet":"max-snippet:-1","max-image-preview":"max-image-preview:large","max-video-preview":"max-video-preview:-1"},"canonical":"https:\/\/www.ucatolica.edu.co\/portal\/la-universidad-vibra-con-el-rock-universitario\/","og_locale":"es_ES","og_type":"article","og_title":"M\u00fasica, energ\u00eda y comunidad: llega VIBRAROCK 2025 a la Universidad Cat\u00f3lica de Colombia - Universidad Cat\u00f3lica De Colombia","og_description":"La Universidad Cat\u00f3lica de Colombia, a trav\u00e9s de la Coordinaci\u00f3n de Arte y Cultura y con el apoyo del Grupo de Rock institucional, invita a toda la comunidad universitaria a participar en el XII Encuentro Universitario de Bandas de Rock, VIBRAROCK, un evento que celebra el talento, la creatividad y la fuerza de la m\u00fasica [&hellip;]","og_url":"https:\/\/www.ucatolica.edu.co\/portal\/la-universidad-vibra-con-el-rock-universitario\/","og_site_name":"Universidad Cat\u00f3lica De Colombia","article_publisher":"https:\/\/www.facebook.com\/ucatolicacolombia","article_published_time":"2025-10-02T23:02:30+00:00","article_modified_time":"2025-10-09T22:42:45+00:00","author":"Juan Jos\u00e9 Franco","twitter_card":"summary_large_image","twitter_creator":"@UCatolicaCol","twitter_site":"@UCatolicaCol","twitter_misc":{"Escrito por":"Juan Jos\u00e9 Franco","Tiempo de lectura":"1 minuto"},"schema":{"@context":"https:\/\/schema.org","@graph":[{"@type":"Article","@id":"https:\/\/www.ucatolica.edu.co\/portal\/la-universidad-vibra-con-el-rock-universitario\/#article","isPartOf":{"@id":"https:\/\/www.ucatolica.edu.co\/portal\/la-universidad-vibra-con-el-rock-universitario\/"},"author":{"name":"Juan Jos\u00e9 Franco","@id":"https:\/\/www.ucatolica.edu.co\/portal\/#\/schema\/person\/2fe10d3836c8b18a520cbf458d96a728"},"headline":"M\u00fasica, energ\u00eda y comunidad: llega VIBRAROCK 2025 a la Universidad Cat\u00f3lica de Colombia","datePublished":"2025-10-02T23:02:30+00:00","dateModified":"2025-10-09T22:42:45+00:00","mainEntityOfPage":{"@id":"https:\/\/www.ucatolica.edu.co\/portal\/la-universidad-vibra-con-el-rock-universitario\/"},"wordCount":203,"commentCount":0,"publisher":{"@id":"https:\/\/www.ucatolica.edu.co\/portal\/#organization"},"keywords":["Bienestar","Impulsar historias"],"articleSection":["Actividades"],"inLanguage":"es-CO"},{"@type":"WebPage","@id":"https:\/\/www.ucatolica.edu.co\/portal\/la-universidad-vibra-con-el-rock-universitario\/","url":"https:\/\/www.ucatolica.edu.co\/portal\/la-universidad-vibra-con-el-rock-universitario\/","name":"M\u00fasica, energ\u00eda y comunidad: llega VIBRAROCK 2025 a la Universidad Cat\u00f3lica de Colombia - Universidad Cat\u00f3lica De Colombia","isPartOf":{"@id":"https:\/\/www.ucatolica.edu.co\/portal\/#website"},"datePublished":"2025-10-02T23:02:30+00:00","dateModified":"2025-10-09T22:42:45+00:00","breadcrumb":{"@id":"https:\/\/www.ucatolica.edu.co\/portal\/la-universidad-vibra-con-el-rock-universitario\/#breadcrumb"},"inLanguage":"es-CO","potentialAction":[{"@type":"ReadAction","target":["https:\/\/www.ucatolica.edu.co\/portal\/la-universidad-vibra-con-el-rock-universitario\/"]}]},{"@type":"BreadcrumbList","@id":"https:\/\/www.ucatolica.edu.co\/portal\/la-universidad-vibra-con-el-rock-universitario\/#breadcrumb","itemListElement":[{"@type":"ListItem","position":1,"name":"Inicio","item":"https:\/\/www.ucatolica.edu.co\/portal\/"},{"@type":"ListItem","position":2,"name":"M\u00fasica, energ\u00eda y comunidad: llega VIBRAROCK 2025 a la Universidad Cat\u00f3lica de Colombia"}]},{"@type":"WebSite","@id":"https:\/\/www.ucatolica.edu.co\/portal\/#website","url":"https:\/\/www.ucatolica.edu.co\/portal\/","name":"Universidad Cat\u00f3lica De Colombia","description":"Universidad Cat\u00f3lica De Colombia","publisher":{"@id":"https:\/\/www.ucatolica.edu.co\/portal\/#organization"},"potentialAction":[{"@type":"SearchAction","target":{"@type":"EntryPoint","urlTemplate":"https:\/\/www.ucatolica.edu.co\/portal\/?s={search_term_string}"},"query-input":{"@type":"PropertyValueSpecification","valueRequired":true,"valueName":"search_term_string"}}],"inLanguage":"es-CO"},{"@type":"Organization","@id":"https:\/\/www.ucatolica.edu.co\/portal\/#organization","name":"Universidad Cat\u00f3lica de Colombia","url":"https:\/\/www.ucatolica.edu.co\/portal\/","logo":{"@type":"ImageObject","inLanguage":"es-CO","@id":"https:\/\/www.ucatolica.edu.co\/portal\/#\/schema\/logo\/image\/","url":"https:\/\/www.ucatolica.edu.co\/portal\/wp-content\/uploads\/2021\/06\/logo-header-ho-1.svg","contentUrl":"https:\/\/www.ucatolica.edu.co\/portal\/wp-content\/uploads\/2021\/06\/logo-header-ho-1.svg","width":1,"height":1,"caption":"Universidad Cat\u00f3lica de Colombia"},"image":{"@id":"https:\/\/www.ucatolica.edu.co\/portal\/#\/schema\/logo\/image\/"},"sameAs":["https:\/\/www.facebook.com\/ucatolicacolombia","https:\/\/x.com\/UCatolicaCol","https:\/\/www.instagram.com\/universidadcatolicadecolombia\/","https:\/\/www.linkedin.com\/company\/universidadcatolicadecolombia\/","https:\/\/www.youtube.com\/user\/UCatolicaCo"]},{"@type":"Person","@id":"https:\/\/www.ucatolica.edu.co\/portal\/#\/schema\/person\/2fe10d3836c8b18a520cbf458d96a728","name":"Juan Jos\u00e9 Franco","url":"https:\/\/www.ucatolica.edu.co\/portal\/author\/juan\/"}]}},"author_meta":{"display_name":"Juan Jos\u00e9 Franco","author_link":"https:\/\/www.ucatolica.edu.co\/portal\/author\/juan\/"},"featured_img":null,"coauthors":[],"tax_additional":{"categories":{"linked":["<a href=\"https:\/\/www.ucatolica.edu.co\/portal\/category\/actividades\/\" class=\"advgb-post-tax-term\">Actividades<\/a>"],"unlinked":["<span class=\"advgb-post-tax-term\">Actividades<\/span>"]},"tags":{"linked":["<a href=\"https:\/\/www.ucatolica.edu.co\/portal\/category\/actividades\/\" class=\"advgb-post-tax-term\">Bienestar<\/a>","<a href=\"https:\/\/www.ucatolica.edu.co\/portal\/category\/actividades\/\" class=\"advgb-post-tax-term\">Impulsar historias<\/a>"],"unlinked":["<span class=\"advgb-post-tax-term\">Bienestar<\/span>","<span class=\"advgb-post-tax-term\">Impulsar historias<\/span>"]}},"comment_count":"0","relative_dates":{"created":"Posted 7 meses ago","modified":"Updated 7 meses ago"},"absolute_dates":{"created":"Posted on 2 octubre, 2025","modified":"Updated on 9 octubre, 2025"},"absolute_dates_time":{"created":"Posted on 2 octubre, 2025 6:02 pm","modified":"Updated on 9 octubre, 2025 5:42 pm"},"featured_img_caption":"","series_order":"","_links":{"self":[{"href":"https:\/\/www.ucatolica.edu.co\/portal\/wp-json\/wp\/v2\/posts\/122991","targetHints":{"allow":["GET"]}}],"collection":[{"href":"https:\/\/www.ucatolica.edu.co\/portal\/wp-json\/wp\/v2\/posts"}],"about":[{"href":"https:\/\/www.ucatolica.edu.co\/portal\/wp-json\/wp\/v2\/types\/post"}],"author":[{"embeddable":true,"href":"https:\/\/www.ucatolica.edu.co\/portal\/wp-json\/wp\/v2\/users\/65"}],"replies":[{"embeddable":true,"href":"https:\/\/www.ucatolica.edu.co\/portal\/wp-json\/wp\/v2\/comments?post=122991"}],"version-history":[{"count":5,"href":"https:\/\/www.ucatolica.edu.co\/portal\/wp-json\/wp\/v2\/posts\/122991\/revisions"}],"predecessor-version":[{"id":123164,"href":"https:\/\/www.ucatolica.edu.co\/portal\/wp-json\/wp\/v2\/posts\/122991\/revisions\/123164"}],"wp:attachment":[{"href":"https:\/\/www.ucatolica.edu.co\/portal\/wp-json\/wp\/v2\/media?parent=122991"}],"wp:term":[{"taxonomy":"category","embeddable":true,"href":"https:\/\/www.ucatolica.edu.co\/portal\/wp-json\/wp\/v2\/categories?post=122991"},{"taxonomy":"post_tag","embeddable":true,"href":"https:\/\/www.ucatolica.edu.co\/portal\/wp-json\/wp\/v2\/tags?post=122991"}],"curies":[{"name":"wp","href":"https:\/\/api.w.org\/{rel}","templated":true}]}}