{"id":123012,"date":"2025-10-07T09:03:18","date_gmt":"2025-10-07T14:03:18","guid":{"rendered":"https:\/\/www.ucatolica.edu.co\/portal\/?p=123012"},"modified":"2025-10-07T09:03:19","modified_gmt":"2025-10-07T14:03:19","slug":"participa-en-la-convocatoria-institucional-de-proyectos-de-investigacion-2026","status":"publish","type":"post","link":"https:\/\/www.ucatolica.edu.co\/portal\/participa-en-la-convocatoria-institucional-de-proyectos-de-investigacion-2026\/","title":{"rendered":"\u00a1Participa en la Convocatoria Institucional de Proyectos de Investigaci\u00f3n 2026!"},"content":{"rendered":"\n<p>En cumplimiento a las directrices del <strong>Acuerdo No. 335 del 11 de mayo de 2022 del Consejo Superior de la Universidad Cat\u00f3lica de Colombia<\/strong>, se abre la <strong>Convocatoria Interna de Proyectos de Investigaci\u00f3n, Desarrollo, Innovaci\u00f3n, Responsabilidad Social e Investigaci\u00f3n-Creaci\u00f3n 2026<\/strong>.<\/p>\n\n\n\n<p>La invitaci\u00f3n est\u00e1 dirigida a los <strong>Grupos de Investigaci\u00f3n y profesores investigadores<\/strong> de la Instituci\u00f3n, quienes podr\u00e1n presentar propuestas para financiaci\u00f3n con recursos internos durante la vigencia 2026. Los proyectos deber\u00e1n corresponder a las <strong>l\u00edneas de investigaci\u00f3n de los grupos avalados<\/strong> por la Universidad y enmarcarse en alguna de las \u00e1reas institucionales de investigaci\u00f3n.<\/p>\n\n\n\n<p>La formulaci\u00f3n de los proyectos se realizar\u00e1 para ejecutarse entre el <strong>19 de enero y el 20 de noviembre de 2026<\/strong>, con posibilidad de ajustes de acuerdo con circunstancias excepcionales avaladas por las instancias pertinentes.<\/p>\n\n\n\n<h3 class=\"wp-block-heading\">Objetivos de la convocatoria<\/h3>\n\n\n\n<p>Mediante esta convocatoria, la Universidad busca:<\/p>\n\n\n\n<ul class=\"wp-block-list\">\n<li>Desarrollar proyectos que contribuyan a plantear <strong>soluciones a los desaf\u00edos globales<\/strong> (ODS) en el marco de las necesidades locales y de las misiones establecidas en el <strong>Plan de Desarrollo Institucional 2022-2026<\/strong>, fomentando el desarrollo cient\u00edfico, cultural, art\u00edstico y social con proyecci\u00f3n nacional e internacional.<\/li>\n<\/ul>\n\n\n\n<ul class=\"wp-block-list\">\n<li>Fomentar la <strong>maduraci\u00f3n de productos de investigaci\u00f3n-creaci\u00f3n y desarrollos tecnol\u00f3gicos<\/strong> en etapas tempranas, mediante fases sucesivas que permitan su validaci\u00f3n, transferencia y aprovechamiento social o comercial.<\/li>\n<\/ul>\n\n\n\n<ul class=\"wp-block-list\">\n<li>Impulsar la <strong>investigaci\u00f3n aplicada<\/strong> que apoye la estrategia institucional de fortalecimiento de la participaci\u00f3n de la Universidad en la soluci\u00f3n de problemas de inter\u00e9s nacional e internacional, promoviendo el trabajo multidisciplinar, la consultor\u00eda, la innovaci\u00f3n abierta y la co-creaci\u00f3n.<\/li>\n<\/ul>\n\n\n\n<ul class=\"wp-block-list\">\n<li>Favorecer la <strong>generaci\u00f3n y transferencia de nuevo conocimiento, innovaci\u00f3n e investigaci\u00f3n-creaci\u00f3n<\/strong>, as\u00ed como su apropiaci\u00f3n social, generando acciones de impacto en los entornos de aplicaci\u00f3n.<\/li>\n<\/ul>\n\n\n\n<ul class=\"wp-block-list\">\n<li>Incentivar la <strong>cooperaci\u00f3n interinstitucional<\/strong> y la vinculaci\u00f3n con empresas p\u00fablicas y privadas, instituciones nacionales e internacionales, a trav\u00e9s de redes y convenios establecidos por la Universidad.<\/li>\n<\/ul>\n\n\n\n<ul class=\"wp-block-list\">\n<li>Fomentar la <strong>formaci\u00f3n de talento humano en CTeI<\/strong>, mediante la participaci\u00f3n de estudiantes de pregrado (semilleros y auxiliares de investigaci\u00f3n) y posgrado (especializaciones, maestr\u00edas y doctorados) en los proyectos liderados por los investigadores.<\/li>\n<\/ul>\n\n\n\n<p><strong>Cronograma<\/strong><\/p>\n\n\n\n<figure class=\"wp-block-table\"><table class=\"has-fixed-layout\"><thead><tr><th>Actividad<\/th><th>Fecha<\/th><\/tr><\/thead><tbody><tr><td>An\u00e1lisis de unidades acad\u00e9micas de producci\u00f3n para mantener\/mejorar clasificaci\u00f3n MinCiencias<\/td><td>Octubre de 2025<\/td><\/tr><tr><td>Taller de tendencias investigativas y priorizaci\u00f3n de problem\u00e1ticas<\/td><td>24 de septiembre de 2025<\/td><\/tr><tr><td>Apertura de la convocatoria<\/td><td>29 de septiembre de 2025<\/td><\/tr><tr><td>Reuni\u00f3n de socializaci\u00f3n con investigadores<\/td><td>30 de septiembre de 2025<\/td><\/tr><tr><td>Apertura de la plataforma SIGI360 para registro de proyectos<\/td><td>1 de octubre de 2025<\/td><\/tr><tr><td>Capacitaciones virtuales SIGI360 (M\u00f3dulo Grants)<\/td><td>1 y 2 de octubre de 2025<\/td><\/tr><tr><td>Cierre de la convocatoria (cohorte 1)<\/td><td>28 de noviembre de 2025<\/td><\/tr><tr><td>Revisi\u00f3n de condiciones m\u00ednimas de las propuestas presentadas<\/td><td>1 al 9 de diciembre de 2025<\/td><\/tr><tr><td>Per\u00edodo de subsanaci\u00f3n<\/td><td>10 al 12 de diciembre de 2025<\/td><\/tr><tr><td>Evaluaci\u00f3n por parte del Comit\u00e9 de \u00c9tica<\/td><td>10 al 12 de diciembre de 2025<\/td><\/tr><tr><td>Presentaci\u00f3n de proyectos ante el Comit\u00e9 Central de Investigaciones (cohorte 1)<\/td><td>15 de enero de 2026<\/td><\/tr><tr><td>Publicaci\u00f3n de proyectos aprobados<\/td><td>Cuarta semana de enero de 2026<\/td><\/tr><\/tbody><\/table><\/figure>\n\n\n\n<p><strong>Conoce los t\u00e9rminos y condiciones de la convocatoria <a href=\"https:\/\/www.ucatolica.edu.co\/portal\/wp-content\/uploads\/2025\/10\/Convocatoria-Interna-Proyectos-2026-publicar.pdf\">aqu\u00ed<\/a><\/strong><\/p>\n\n\n\n<h3 class=\"wp-block-heading\">Mayor Informaci\u00f3n<\/h3>\n\n\n\n<p><strong>Direcci\u00f3n Central de Investigaciones<\/strong><br><a href=\"mailto:dinvestigaciones@ucatolica.edu.co\">dinvestigaciones@ucatolica.edu.co<\/a><br>Tel. (601) 443 3700 Exts. 1220-1223<\/p>\n","protected":false},"excerpt":{"rendered":"<p>En cumplimiento a las directrices del Acuerdo No. 335 del 11 de mayo de 2022 del Consejo Superior de la Universidad Cat\u00f3lica de Colombia, se abre la Convocatoria Interna de Proyectos de Investigaci\u00f3n, Desarrollo, Innovaci\u00f3n, Responsabilidad Social e Investigaci\u00f3n-Creaci\u00f3n 2026. La invitaci\u00f3n est\u00e1 dirigida a los Grupos de Investigaci\u00f3n y profesores investigadores de la Instituci\u00f3n, [&hellip;]<\/p>\n","protected":false},"author":64,"featured_media":123044,"comment_status":"open","ping_status":"open","sticky":false,"template":"","format":"standard","meta":{"_acf_changed":false,"advgb_blocks_editor_width":"","advgb_blocks_columns_visual_guide":"","footnotes":""},"categories":[93],"tags":[1296,1234,572,749,265],"class_list":["post-123012","post","type-post","status-publish","format-standard","has-post-thumbnail","hentry","category-noticias-principales","tag-conocimiento-cientifico","tag-convocatorias","tag-direccion-central-de-investigaciones","tag-proyecto-360","tag-universidad-catolica-de-colombia"],"acf":[],"yoast_head":"<!-- This site is optimized with the Yoast SEO plugin v26.7 - https:\/\/yoast.com\/wordpress\/plugins\/seo\/ -->\n<title>\u00a1Participa en la Convocatoria Institucional de Proyectos de Investigaci\u00f3n 2026! - Universidad Cat\u00f3lica De Colombia<\/title>\n<meta name=\"robots\" content=\"index, follow, max-snippet:-1, max-image-preview:large, max-video-preview:-1\" \/>\n<link rel=\"canonical\" href=\"https:\/\/www.ucatolica.edu.co\/portal\/participa-en-la-convocatoria-institucional-de-proyectos-de-investigacion-2026\/\" \/>\n<meta property=\"og:locale\" content=\"es_ES\" \/>\n<meta property=\"og:type\" content=\"article\" \/>\n<meta property=\"og:title\" content=\"\u00a1Participa en la Convocatoria Institucional de Proyectos de Investigaci\u00f3n 2026! - Universidad Cat\u00f3lica De Colombia\" \/>\n<meta property=\"og:description\" content=\"En cumplimiento a las directrices del Acuerdo No. 335 del 11 de mayo de 2022 del Consejo Superior de la Universidad Cat\u00f3lica de Colombia, se abre la Convocatoria Interna de Proyectos de Investigaci\u00f3n, Desarrollo, Innovaci\u00f3n, Responsabilidad Social e Investigaci\u00f3n-Creaci\u00f3n 2026. La invitaci\u00f3n est\u00e1 dirigida a los Grupos de Investigaci\u00f3n y profesores investigadores de la Instituci\u00f3n, [&hellip;]\" \/>\n<meta property=\"og:url\" content=\"https:\/\/www.ucatolica.edu.co\/portal\/participa-en-la-convocatoria-institucional-de-proyectos-de-investigacion-2026\/\" \/>\n<meta property=\"og:site_name\" content=\"Universidad Cat\u00f3lica De Colombia\" \/>\n<meta property=\"article:publisher\" content=\"https:\/\/www.facebook.com\/ucatolicacolombia\" \/>\n<meta property=\"article:published_time\" content=\"2025-10-07T14:03:18+00:00\" \/>\n<meta property=\"article:modified_time\" content=\"2025-10-07T14:03:19+00:00\" \/>\n<meta property=\"og:image\" content=\"https:\/\/www.ucatolica.edu.co\/portal\/wp-content\/uploads\/2025\/10\/Noticia-21.jpg\" \/>\n\t<meta property=\"og:image:width\" content=\"870\" \/>\n\t<meta property=\"og:image:height\" content=\"522\" \/>\n\t<meta property=\"og:image:type\" content=\"image\/jpeg\" \/>\n<meta name=\"author\" content=\"Daniela Junco\" \/>\n<meta name=\"twitter:card\" content=\"summary_large_image\" \/>\n<meta name=\"twitter:creator\" content=\"@UCatolicaCol\" \/>\n<meta name=\"twitter:site\" content=\"@UCatolicaCol\" \/>\n<meta name=\"twitter:label1\" content=\"Escrito por\" \/>\n\t<meta name=\"twitter:data1\" content=\"Daniela Junco\" \/>\n\t<meta name=\"twitter:label2\" content=\"Tiempo de lectura\" \/>\n\t<meta name=\"twitter:data2\" content=\"3 minutos\" \/>\n<script type=\"application\/ld+json\" class=\"yoast-schema-graph\">{\"@context\":\"https:\/\/schema.org\",\"@graph\":[{\"@type\":\"Article\",\"@id\":\"https:\/\/www.ucatolica.edu.co\/portal\/participa-en-la-convocatoria-institucional-de-proyectos-de-investigacion-2026\/#article\",\"isPartOf\":{\"@id\":\"https:\/\/www.ucatolica.edu.co\/portal\/participa-en-la-convocatoria-institucional-de-proyectos-de-investigacion-2026\/\"},\"author\":{\"name\":\"Daniela Junco\",\"@id\":\"https:\/\/www.ucatolica.edu.co\/portal\/#\/schema\/person\/46b982b9085fee761b48b0bd54f8b9f8\"},\"headline\":\"\u00a1Participa en la Convocatoria Institucional de Proyectos de Investigaci\u00f3n 2026!\",\"datePublished\":\"2025-10-07T14:03:18+00:00\",\"dateModified\":\"2025-10-07T14:03:19+00:00\",\"mainEntityOfPage\":{\"@id\":\"https:\/\/www.ucatolica.edu.co\/portal\/participa-en-la-convocatoria-institucional-de-proyectos-de-investigacion-2026\/\"},\"wordCount\":543,\"commentCount\":0,\"publisher\":{\"@id\":\"https:\/\/www.ucatolica.edu.co\/portal\/#organization\"},\"image\":{\"@id\":\"https:\/\/www.ucatolica.edu.co\/portal\/participa-en-la-convocatoria-institucional-de-proyectos-de-investigacion-2026\/#primaryimage\"},\"thumbnailUrl\":\"https:\/\/www.ucatolica.edu.co\/portal\/wp-content\/uploads\/2025\/10\/Noticia-21.jpg\",\"keywords\":[\"Conocimiento Cient\u00edfico\",\"Convocatorias\",\"Direcci\u00f3n Central de Investigaciones\",\"Proyecto 360\u00b0\",\"Universidad Cat\u00f3lica de Colombia\"],\"articleSection\":[\"Noticias Principales\"],\"inLanguage\":\"es-CO\"},{\"@type\":\"WebPage\",\"@id\":\"https:\/\/www.ucatolica.edu.co\/portal\/participa-en-la-convocatoria-institucional-de-proyectos-de-investigacion-2026\/\",\"url\":\"https:\/\/www.ucatolica.edu.co\/portal\/participa-en-la-convocatoria-institucional-de-proyectos-de-investigacion-2026\/\",\"name\":\"\u00a1Participa en la Convocatoria Institucional de Proyectos de Investigaci\u00f3n 2026! - Universidad Cat\u00f3lica De Colombia\",\"isPartOf\":{\"@id\":\"https:\/\/www.ucatolica.edu.co\/portal\/#website\"},\"primaryImageOfPage\":{\"@id\":\"https:\/\/www.ucatolica.edu.co\/portal\/participa-en-la-convocatoria-institucional-de-proyectos-de-investigacion-2026\/#primaryimage\"},\"image\":{\"@id\":\"https:\/\/www.ucatolica.edu.co\/portal\/participa-en-la-convocatoria-institucional-de-proyectos-de-investigacion-2026\/#primaryimage\"},\"thumbnailUrl\":\"https:\/\/www.ucatolica.edu.co\/portal\/wp-content\/uploads\/2025\/10\/Noticia-21.jpg\",\"datePublished\":\"2025-10-07T14:03:18+00:00\",\"dateModified\":\"2025-10-07T14:03:19+00:00\",\"breadcrumb\":{\"@id\":\"https:\/\/www.ucatolica.edu.co\/portal\/participa-en-la-convocatoria-institucional-de-proyectos-de-investigacion-2026\/#breadcrumb\"},\"inLanguage\":\"es-CO\",\"potentialAction\":[{\"@type\":\"ReadAction\",\"target\":[\"https:\/\/www.ucatolica.edu.co\/portal\/participa-en-la-convocatoria-institucional-de-proyectos-de-investigacion-2026\/\"]}]},{\"@type\":\"ImageObject\",\"inLanguage\":\"es-CO\",\"@id\":\"https:\/\/www.ucatolica.edu.co\/portal\/participa-en-la-convocatoria-institucional-de-proyectos-de-investigacion-2026\/#primaryimage\",\"url\":\"https:\/\/www.ucatolica.edu.co\/portal\/wp-content\/uploads\/2025\/10\/Noticia-21.jpg\",\"contentUrl\":\"https:\/\/www.ucatolica.edu.co\/portal\/wp-content\/uploads\/2025\/10\/Noticia-21.jpg\",\"width\":870,\"height\":522},{\"@type\":\"BreadcrumbList\",\"@id\":\"https:\/\/www.ucatolica.edu.co\/portal\/participa-en-la-convocatoria-institucional-de-proyectos-de-investigacion-2026\/#breadcrumb\",\"itemListElement\":[{\"@type\":\"ListItem\",\"position\":1,\"name\":\"Inicio\",\"item\":\"https:\/\/www.ucatolica.edu.co\/portal\/\"},{\"@type\":\"ListItem\",\"position\":2,\"name\":\"\u00a1Participa en la Convocatoria Institucional de Proyectos de Investigaci\u00f3n 2026!\"}]},{\"@type\":\"WebSite\",\"@id\":\"https:\/\/www.ucatolica.edu.co\/portal\/#website\",\"url\":\"https:\/\/www.ucatolica.edu.co\/portal\/\",\"name\":\"Universidad Cat\u00f3lica De Colombia\",\"description\":\"Universidad Cat\u00f3lica De Colombia\",\"publisher\":{\"@id\":\"https:\/\/www.ucatolica.edu.co\/portal\/#organization\"},\"potentialAction\":[{\"@type\":\"SearchAction\",\"target\":{\"@type\":\"EntryPoint\",\"urlTemplate\":\"https:\/\/www.ucatolica.edu.co\/portal\/?s={search_term_string}\"},\"query-input\":{\"@type\":\"PropertyValueSpecification\",\"valueRequired\":true,\"valueName\":\"search_term_string\"}}],\"inLanguage\":\"es-CO\"},{\"@type\":\"Organization\",\"@id\":\"https:\/\/www.ucatolica.edu.co\/portal\/#organization\",\"name\":\"Universidad Cat\u00f3lica de Colombia\",\"url\":\"https:\/\/www.ucatolica.edu.co\/portal\/\",\"logo\":{\"@type\":\"ImageObject\",\"inLanguage\":\"es-CO\",\"@id\":\"https:\/\/www.ucatolica.edu.co\/portal\/#\/schema\/logo\/image\/\",\"url\":\"https:\/\/www.ucatolica.edu.co\/portal\/wp-content\/uploads\/2021\/06\/logo-header-ho-1.svg\",\"contentUrl\":\"https:\/\/www.ucatolica.edu.co\/portal\/wp-content\/uploads\/2021\/06\/logo-header-ho-1.svg\",\"width\":1,\"height\":1,\"caption\":\"Universidad Cat\u00f3lica de Colombia\"},\"image\":{\"@id\":\"https:\/\/www.ucatolica.edu.co\/portal\/#\/schema\/logo\/image\/\"},\"sameAs\":[\"https:\/\/www.facebook.com\/ucatolicacolombia\",\"https:\/\/x.com\/UCatolicaCol\",\"https:\/\/www.instagram.com\/universidadcatolicadecolombia\/\",\"https:\/\/www.linkedin.com\/company\/universidadcatolicadecolombia\/\",\"https:\/\/www.youtube.com\/user\/UCatolicaCo\"]},{\"@type\":\"Person\",\"@id\":\"https:\/\/www.ucatolica.edu.co\/portal\/#\/schema\/person\/46b982b9085fee761b48b0bd54f8b9f8\",\"name\":\"Daniela Junco\",\"url\":\"https:\/\/www.ucatolica.edu.co\/portal\/author\/daniela\/\"}]}<\/script>\n<!-- \/ Yoast SEO plugin. -->","yoast_head_json":{"title":"\u00a1Participa en la Convocatoria Institucional de Proyectos de Investigaci\u00f3n 2026! - Universidad Cat\u00f3lica De Colombia","robots":{"index":"index","follow":"follow","max-snippet":"max-snippet:-1","max-image-preview":"max-image-preview:large","max-video-preview":"max-video-preview:-1"},"canonical":"https:\/\/www.ucatolica.edu.co\/portal\/participa-en-la-convocatoria-institucional-de-proyectos-de-investigacion-2026\/","og_locale":"es_ES","og_type":"article","og_title":"\u00a1Participa en la Convocatoria Institucional de Proyectos de Investigaci\u00f3n 2026! - Universidad Cat\u00f3lica De Colombia","og_description":"En cumplimiento a las directrices del Acuerdo No. 335 del 11 de mayo de 2022 del Consejo Superior de la Universidad Cat\u00f3lica de Colombia, se abre la Convocatoria Interna de Proyectos de Investigaci\u00f3n, Desarrollo, Innovaci\u00f3n, Responsabilidad Social e Investigaci\u00f3n-Creaci\u00f3n 2026. La invitaci\u00f3n est\u00e1 dirigida a los Grupos de Investigaci\u00f3n y profesores investigadores de la Instituci\u00f3n, [&hellip;]","og_url":"https:\/\/www.ucatolica.edu.co\/portal\/participa-en-la-convocatoria-institucional-de-proyectos-de-investigacion-2026\/","og_site_name":"Universidad Cat\u00f3lica De Colombia","article_publisher":"https:\/\/www.facebook.com\/ucatolicacolombia","article_published_time":"2025-10-07T14:03:18+00:00","article_modified_time":"2025-10-07T14:03:19+00:00","og_image":[{"width":870,"height":522,"url":"https:\/\/www.ucatolica.edu.co\/portal\/wp-content\/uploads\/2025\/10\/Noticia-21.jpg","type":"image\/jpeg"}],"author":"Daniela Junco","twitter_card":"summary_large_image","twitter_creator":"@UCatolicaCol","twitter_site":"@UCatolicaCol","twitter_misc":{"Escrito por":"Daniela Junco","Tiempo de lectura":"3 minutos"},"schema":{"@context":"https:\/\/schema.org","@graph":[{"@type":"Article","@id":"https:\/\/www.ucatolica.edu.co\/portal\/participa-en-la-convocatoria-institucional-de-proyectos-de-investigacion-2026\/#article","isPartOf":{"@id":"https:\/\/www.ucatolica.edu.co\/portal\/participa-en-la-convocatoria-institucional-de-proyectos-de-investigacion-2026\/"},"author":{"name":"Daniela Junco","@id":"https:\/\/www.ucatolica.edu.co\/portal\/#\/schema\/person\/46b982b9085fee761b48b0bd54f8b9f8"},"headline":"\u00a1Participa en la Convocatoria Institucional de Proyectos de Investigaci\u00f3n 2026!","datePublished":"2025-10-07T14:03:18+00:00","dateModified":"2025-10-07T14:03:19+00:00","mainEntityOfPage":{"@id":"https:\/\/www.ucatolica.edu.co\/portal\/participa-en-la-convocatoria-institucional-de-proyectos-de-investigacion-2026\/"},"wordCount":543,"commentCount":0,"publisher":{"@id":"https:\/\/www.ucatolica.edu.co\/portal\/#organization"},"image":{"@id":"https:\/\/www.ucatolica.edu.co\/portal\/participa-en-la-convocatoria-institucional-de-proyectos-de-investigacion-2026\/#primaryimage"},"thumbnailUrl":"https:\/\/www.ucatolica.edu.co\/portal\/wp-content\/uploads\/2025\/10\/Noticia-21.jpg","keywords":["Conocimiento Cient\u00edfico","Convocatorias","Direcci\u00f3n Central de Investigaciones","Proyecto 360\u00b0","Universidad Cat\u00f3lica de Colombia"],"articleSection":["Noticias Principales"],"inLanguage":"es-CO"},{"@type":"WebPage","@id":"https:\/\/www.ucatolica.edu.co\/portal\/participa-en-la-convocatoria-institucional-de-proyectos-de-investigacion-2026\/","url":"https:\/\/www.ucatolica.edu.co\/portal\/participa-en-la-convocatoria-institucional-de-proyectos-de-investigacion-2026\/","name":"\u00a1Participa en la Convocatoria Institucional de Proyectos de Investigaci\u00f3n 2026! - Universidad Cat\u00f3lica De Colombia","isPartOf":{"@id":"https:\/\/www.ucatolica.edu.co\/portal\/#website"},"primaryImageOfPage":{"@id":"https:\/\/www.ucatolica.edu.co\/portal\/participa-en-la-convocatoria-institucional-de-proyectos-de-investigacion-2026\/#primaryimage"},"image":{"@id":"https:\/\/www.ucatolica.edu.co\/portal\/participa-en-la-convocatoria-institucional-de-proyectos-de-investigacion-2026\/#primaryimage"},"thumbnailUrl":"https:\/\/www.ucatolica.edu.co\/portal\/wp-content\/uploads\/2025\/10\/Noticia-21.jpg","datePublished":"2025-10-07T14:03:18+00:00","dateModified":"2025-10-07T14:03:19+00:00","breadcrumb":{"@id":"https:\/\/www.ucatolica.edu.co\/portal\/participa-en-la-convocatoria-institucional-de-proyectos-de-investigacion-2026\/#breadcrumb"},"inLanguage":"es-CO","potentialAction":[{"@type":"ReadAction","target":["https:\/\/www.ucatolica.edu.co\/portal\/participa-en-la-convocatoria-institucional-de-proyectos-de-investigacion-2026\/"]}]},{"@type":"ImageObject","inLanguage":"es-CO","@id":"https:\/\/www.ucatolica.edu.co\/portal\/participa-en-la-convocatoria-institucional-de-proyectos-de-investigacion-2026\/#primaryimage","url":"https:\/\/www.ucatolica.edu.co\/portal\/wp-content\/uploads\/2025\/10\/Noticia-21.jpg","contentUrl":"https:\/\/www.ucatolica.edu.co\/portal\/wp-content\/uploads\/2025\/10\/Noticia-21.jpg","width":870,"height":522},{"@type":"BreadcrumbList","@id":"https:\/\/www.ucatolica.edu.co\/portal\/participa-en-la-convocatoria-institucional-de-proyectos-de-investigacion-2026\/#breadcrumb","itemListElement":[{"@type":"ListItem","position":1,"name":"Inicio","item":"https:\/\/www.ucatolica.edu.co\/portal\/"},{"@type":"ListItem","position":2,"name":"\u00a1Participa en la Convocatoria Institucional de Proyectos de Investigaci\u00f3n 2026!"}]},{"@type":"WebSite","@id":"https:\/\/www.ucatolica.edu.co\/portal\/#website","url":"https:\/\/www.ucatolica.edu.co\/portal\/","name":"Universidad Cat\u00f3lica De Colombia","description":"Universidad Cat\u00f3lica De Colombia","publisher":{"@id":"https:\/\/www.ucatolica.edu.co\/portal\/#organization"},"potentialAction":[{"@type":"SearchAction","target":{"@type":"EntryPoint","urlTemplate":"https:\/\/www.ucatolica.edu.co\/portal\/?s={search_term_string}"},"query-input":{"@type":"PropertyValueSpecification","valueRequired":true,"valueName":"search_term_string"}}],"inLanguage":"es-CO"},{"@type":"Organization","@id":"https:\/\/www.ucatolica.edu.co\/portal\/#organization","name":"Universidad Cat\u00f3lica de Colombia","url":"https:\/\/www.ucatolica.edu.co\/portal\/","logo":{"@type":"ImageObject","inLanguage":"es-CO","@id":"https:\/\/www.ucatolica.edu.co\/portal\/#\/schema\/logo\/image\/","url":"https:\/\/www.ucatolica.edu.co\/portal\/wp-content\/uploads\/2021\/06\/logo-header-ho-1.svg","contentUrl":"https:\/\/www.ucatolica.edu.co\/portal\/wp-content\/uploads\/2021\/06\/logo-header-ho-1.svg","width":1,"height":1,"caption":"Universidad Cat\u00f3lica de Colombia"},"image":{"@id":"https:\/\/www.ucatolica.edu.co\/portal\/#\/schema\/logo\/image\/"},"sameAs":["https:\/\/www.facebook.com\/ucatolicacolombia","https:\/\/x.com\/UCatolicaCol","https:\/\/www.instagram.com\/universidadcatolicadecolombia\/","https:\/\/www.linkedin.com\/company\/universidadcatolicadecolombia\/","https:\/\/www.youtube.com\/user\/UCatolicaCo"]},{"@type":"Person","@id":"https:\/\/www.ucatolica.edu.co\/portal\/#\/schema\/person\/46b982b9085fee761b48b0bd54f8b9f8","name":"Daniela Junco","url":"https:\/\/www.ucatolica.edu.co\/portal\/author\/daniela\/"}]}},"author_meta":{"display_name":"Daniela Junco","author_link":"https:\/\/www.ucatolica.edu.co\/portal\/author\/daniela\/"},"featured_img":"https:\/\/www.ucatolica.edu.co\/portal\/wp-content\/uploads\/2025\/10\/Noticia-21.jpg","coauthors":[],"tax_additional":{"categories":{"linked":["<a href=\"https:\/\/www.ucatolica.edu.co\/portal\/category\/noticias-principales\/\" class=\"advgb-post-tax-term\">Noticias Principales<\/a>"],"unlinked":["<span class=\"advgb-post-tax-term\">Noticias Principales<\/span>"]},"tags":{"linked":["<a href=\"https:\/\/www.ucatolica.edu.co\/portal\/category\/noticias-principales\/\" class=\"advgb-post-tax-term\">Conocimiento Cient\u00edfico<\/a>","<a href=\"https:\/\/www.ucatolica.edu.co\/portal\/category\/noticias-principales\/\" class=\"advgb-post-tax-term\">Convocatorias<\/a>","<a href=\"https:\/\/www.ucatolica.edu.co\/portal\/category\/noticias-principales\/\" class=\"advgb-post-tax-term\">Direcci\u00f3n Central de Investigaciones<\/a>","<a href=\"https:\/\/www.ucatolica.edu.co\/portal\/category\/noticias-principales\/\" class=\"advgb-post-tax-term\">Proyecto 360\u00b0<\/a>","<a href=\"https:\/\/www.ucatolica.edu.co\/portal\/category\/noticias-principales\/\" class=\"advgb-post-tax-term\">Universidad Cat\u00f3lica de Colombia<\/a>"],"unlinked":["<span class=\"advgb-post-tax-term\">Conocimiento Cient\u00edfico<\/span>","<span class=\"advgb-post-tax-term\">Convocatorias<\/span>","<span class=\"advgb-post-tax-term\">Direcci\u00f3n Central de Investigaciones<\/span>","<span class=\"advgb-post-tax-term\">Proyecto 360\u00b0<\/span>","<span class=\"advgb-post-tax-term\">Universidad Cat\u00f3lica de Colombia<\/span>"]}},"comment_count":"0","relative_dates":{"created":"Posted 7 meses ago","modified":"Updated 7 meses ago"},"absolute_dates":{"created":"Posted on 7 octubre, 2025","modified":"Updated on 7 octubre, 2025"},"absolute_dates_time":{"created":"Posted on 7 octubre, 2025 9:03 am","modified":"Updated on 7 octubre, 2025 9:03 am"},"featured_img_caption":"","series_order":"","_links":{"self":[{"href":"https:\/\/www.ucatolica.edu.co\/portal\/wp-json\/wp\/v2\/posts\/123012","targetHints":{"allow":["GET"]}}],"collection":[{"href":"https:\/\/www.ucatolica.edu.co\/portal\/wp-json\/wp\/v2\/posts"}],"about":[{"href":"https:\/\/www.ucatolica.edu.co\/portal\/wp-json\/wp\/v2\/types\/post"}],"author":[{"embeddable":true,"href":"https:\/\/www.ucatolica.edu.co\/portal\/wp-json\/wp\/v2\/users\/64"}],"replies":[{"embeddable":true,"href":"https:\/\/www.ucatolica.edu.co\/portal\/wp-json\/wp\/v2\/comments?post=123012"}],"version-history":[{"count":1,"href":"https:\/\/www.ucatolica.edu.co\/portal\/wp-json\/wp\/v2\/posts\/123012\/revisions"}],"predecessor-version":[{"id":123015,"href":"https:\/\/www.ucatolica.edu.co\/portal\/wp-json\/wp\/v2\/posts\/123012\/revisions\/123015"}],"wp:featuredmedia":[{"embeddable":true,"href":"https:\/\/www.ucatolica.edu.co\/portal\/wp-json\/wp\/v2\/media\/123044"}],"wp:attachment":[{"href":"https:\/\/www.ucatolica.edu.co\/portal\/wp-json\/wp\/v2\/media?parent=123012"}],"wp:term":[{"taxonomy":"category","embeddable":true,"href":"https:\/\/www.ucatolica.edu.co\/portal\/wp-json\/wp\/v2\/categories?post=123012"},{"taxonomy":"post_tag","embeddable":true,"href":"https:\/\/www.ucatolica.edu.co\/portal\/wp-json\/wp\/v2\/tags?post=123012"}],"curies":[{"name":"wp","href":"https:\/\/api.w.org\/{rel}","templated":true}]}}