{"id":123023,"date":"2025-10-07T15:29:29","date_gmt":"2025-10-07T20:29:29","guid":{"rendered":"https:\/\/www.ucatolica.edu.co\/portal\/?p=123023"},"modified":"2025-10-07T15:56:17","modified_gmt":"2025-10-07T20:56:17","slug":"asi-se-vivio-la-xii-semana-de-ingenieria-2025","status":"publish","type":"post","link":"https:\/\/www.ucatolica.edu.co\/portal\/asi-se-vivio-la-xii-semana-de-ingenieria-2025\/","title":{"rendered":"As\u00ed se vivi\u00f3 la XII Semana de Ingenier\u00eda 2025"},"content":{"rendered":"\n<p>La Facultad de Ingenier\u00eda de la Universidad Cat\u00f3lica de Colombia realiz\u00f3 con \u00e9xito la XII Semana de Ingenier\u00eda, un evento que se llev\u00f3 a cabo del 26 de septiembre al 3 de octubre de 2025 y que reuni\u00f3 a la comunidad universitaria, acad\u00e9mica y cient\u00edfica en torno al conocimiento, la innovaci\u00f3n y el talento.<\/p>\n\n\n\n<p>Este espacio de integraci\u00f3n convoc\u00f3 a colegios, universidades nacionales e internacionales, instituciones de educaci\u00f3n superior, empresas y actores del ecosistema de innovaci\u00f3n, con el objetivo de compartir experiencias y avances en el \u00e1mbito de la ingenier\u00eda.<\/p>\n\n\n\n<figure class=\"wp-block-image size-full\"><img fetchpriority=\"high\" decoding=\"async\" width=\"870\" height=\"522\" src=\"https:\/\/www.ucatolica.edu.co\/portal\/wp-content\/uploads\/2025\/10\/Mesa-de-trabajo-1_2-1.png\" alt=\"\" class=\"wp-image-123081\" \/><\/figure>\n\n\n\n<p><strong>Un evento para inspirar y competir<\/strong><\/p>\n\n\n\n<p>La agenda incluy\u00f3 conferencias, encuentros acad\u00e9micos y concursos que permitieron a los estudiantes explorar tendencias actuales, fortalecer competencias y demostrar sus habilidades en ambientes colaborativos. Los d\u00edas 26, 29 y 30 de septiembre se desarrollaron actividades clave con la participaci\u00f3n de estudiantes de educaci\u00f3n media, quienes pudieron acercarse a las diferentes \u00e1reas de la ingenier\u00eda y su impacto en la sociedad.<\/p>\n\n\n\n<p><strong>Concursos que retaron la creatividad y la innovaci\u00f3n<\/strong><\/p>\n\n\n\n<p>Durante la Semana se llevaron a cabo nueve concursos que desafiaron el ingenio, la l\u00f3gica y la creatividad de los participantes:<\/p>\n\n\n\n<ol class=\"wp-block-list\">\n<li>Marat\u00f3n de Programaci\u00f3n Nacional ICPC\/CCPL R9 2025<\/li>\n\n\n\n<li>Hackathon<\/li>\n\n\n\n<li>Concurso de Cosplay<\/li>\n\n\n\n<li>Puentes con palos de paleta<\/li>\n\n\n\n<li>Torneo de Videojuegos<\/li>\n\n\n\n<li>FILTRARTE: El arte de limpiar el agua<\/li>\n\n\n\n<li>Robot seguidor de l\u00ednea<\/li>\n\n\n\n<li>Dise\u00f1o de sistemas productivos y log\u00edsticos<\/li>\n\n\n\n<li>Cohetes para llegar a la luna en \u00c1tomos Volando<\/li>\n<\/ol>\n\n\n\n<p><strong>Premiaci\u00f3n de los concursos<\/strong><\/p>\n\n\n\n<p><strong>Cohetes para llegar a la luna en \u00c1tomos Volando<\/strong><br>Ganadoras: Dayana Katherine P\u00e9rez Torres, Luisa Fernanda Hern\u00e1ndez M\u00fanera y Diana Zuleima.<br>El reto consisti\u00f3 en dise\u00f1ar cohetes impulsados con botellas de pl\u00e1stico y agua, destacando el ingenio y la estabilidad en el vuelo.<\/p>\n\n\n\n<p><strong>Hackathon de 24 horas \u2013 Ingenier\u00eda de Sistemas y Computaci\u00f3n<\/strong><br>Equipo ganador: H\u00e9ctor John Iker Antol\u00ednez Rojas, Sebasti\u00e1n Roa Santana, Jos\u00e9 Fernando Galv\u00e1n Pallares, Cristian Andr\u00e9s Parra \u00c1lvarez y Franci Lorena Barrera Guerrero.<br>La competencia integr\u00f3 desarrollos tecnol\u00f3gicos orientados a la inteligencia artificial y la automatizaci\u00f3n de procesos y datos.<\/p>\n\n\n\n<p><strong>Robot seguidor de l\u00ednea \u2013 Ingenier\u00eda Electr\u00f3nica y Telecomunicaciones<\/strong><br>Ganadores: Vanesa Garc\u00eda Ariza y Andr\u00e9s Felipe Cervera Santos.<br>El reto consisti\u00f3 en dise\u00f1ar un robot capaz de recorrer un circuito en el menor tiempo posible.<\/p>\n\n\n\n<p><strong>Dise\u00f1o de sistemas productivos y log\u00edsticos \u2013 Ingenier\u00eda Industrial<\/strong><br>Ganadores: Bryan Camilo Chaparro Flores, Andrea G\u00f3mez Silva, Vanessa Arrieta Gonz\u00e1lez y Andr\u00e9s Felipe Su\u00e1rez Chac\u00f3n.<br>Los estudiantes simularon y modelaron un sistema de procesos productivos y log\u00edsticos con enfoque en eficiencia e innovaci\u00f3n.<\/p>\n\n\n\n<p><strong>Premio especial \u2013 Sorteo entre estudiantes participantes<\/strong><br>El ganador de un computador port\u00e1til fue Jean Paul Ruiz Castillo, estudiante de Ingenier\u00eda de Sistemas.<\/p>\n\n\n\n<p>Para conocer los ganadores de los dem\u00e1s concursos, clic <a href=\"https:\/\/www.ucatolica.edu.co\/portal\/wp-content\/uploads\/2025\/10\/Ganadores_Concursos.pdf\">aqu\u00ed<\/a>.<\/p>\n\n\n\n<figure class=\"wp-block-image size-full\"><img decoding=\"async\" width=\"870\" height=\"522\" src=\"https:\/\/www.ucatolica.edu.co\/portal\/wp-content\/uploads\/2025\/10\/Mesa-de-trabajo-1_1-1.png\" alt=\"\" class=\"wp-image-123080\" \/><\/figure>\n\n\n\n<p><strong>Un espacio de formaci\u00f3n con impacto<\/strong><\/p>\n\n\n\n<p>La Semana de Ingenier\u00eda 2025 se consolid\u00f3 como una oportunidad para que los estudiantes conectaran con el presente y futuro de la ingenier\u00eda, ampliaran sus redes de contacto y fortalecieran su perfil profesional.<\/p>\n\n\n\n<p>La Universidad Cat\u00f3lica de Colombia contin\u00faa impulsando espacios acad\u00e9micos y de integraci\u00f3n que fortalecen el talento de sus estudiantes, promueven la innovaci\u00f3n y generan aportes significativos a la sociedad y al pa\u00eds.<\/p>\n","protected":false},"excerpt":{"rendered":"<p>La Facultad de Ingenier\u00eda de la Universidad Cat\u00f3lica de Colombia realiz\u00f3 con \u00e9xito la XII Semana de Ingenier\u00eda, un evento que se llev\u00f3 a cabo del 26 de septiembre al 3 de octubre de 2025 y que reuni\u00f3 a la comunidad universitaria, acad\u00e9mica y cient\u00edfica en torno al conocimiento, la innovaci\u00f3n y el talento. Este [&hellip;]<\/p>\n","protected":false},"author":64,"featured_media":123079,"comment_status":"open","ping_status":"open","sticky":false,"template":"","format":"standard","meta":{"_acf_changed":false,"advgb_blocks_editor_width":"","advgb_blocks_columns_visual_guide":"","footnotes":""},"categories":[93],"tags":[1426,544,3296,483,901,265],"class_list":["post-123023","post","type-post","status-publish","format-standard","has-post-thumbnail","hentry","category-noticias-principales","tag-concurso-de-talentos","tag-conferencias","tag-coniiti-2025","tag-facultad-de-ingenieria","tag-semana-de-ingenieria","tag-universidad-catolica-de-colombia"],"acf":[],"yoast_head":"<!-- This site is optimized with the Yoast SEO plugin v26.7 - https:\/\/yoast.com\/wordpress\/plugins\/seo\/ -->\n<title>As\u00ed se vivi\u00f3 la XII Semana de Ingenier\u00eda 2025 - Universidad Cat\u00f3lica De Colombia<\/title>\n<meta name=\"robots\" content=\"index, follow, max-snippet:-1, max-image-preview:large, max-video-preview:-1\" \/>\n<link rel=\"canonical\" href=\"https:\/\/www.ucatolica.edu.co\/portal\/asi-se-vivio-la-xii-semana-de-ingenieria-2025\/\" \/>\n<meta property=\"og:locale\" content=\"es_ES\" \/>\n<meta property=\"og:type\" content=\"article\" \/>\n<meta property=\"og:title\" content=\"As\u00ed se vivi\u00f3 la XII Semana de Ingenier\u00eda 2025 - Universidad Cat\u00f3lica De Colombia\" \/>\n<meta property=\"og:description\" content=\"La Facultad de Ingenier\u00eda de la Universidad Cat\u00f3lica de Colombia realiz\u00f3 con \u00e9xito la XII Semana de Ingenier\u00eda, un evento que se llev\u00f3 a cabo del 26 de septiembre al 3 de octubre de 2025 y que reuni\u00f3 a la comunidad universitaria, acad\u00e9mica y cient\u00edfica en torno al conocimiento, la innovaci\u00f3n y el talento. Este [&hellip;]\" \/>\n<meta property=\"og:url\" content=\"https:\/\/www.ucatolica.edu.co\/portal\/asi-se-vivio-la-xii-semana-de-ingenieria-2025\/\" \/>\n<meta property=\"og:site_name\" content=\"Universidad Cat\u00f3lica De Colombia\" \/>\n<meta property=\"article:publisher\" content=\"https:\/\/www.facebook.com\/ucatolicacolombia\" \/>\n<meta property=\"article:published_time\" content=\"2025-10-07T20:29:29+00:00\" \/>\n<meta property=\"article:modified_time\" content=\"2025-10-07T20:56:17+00:00\" \/>\n<meta property=\"og:image\" content=\"https:\/\/www.ucatolica.edu.co\/portal\/wp-content\/uploads\/2025\/10\/Mesa-de-trabajo-1-1.png\" \/>\n\t<meta property=\"og:image:width\" content=\"870\" \/>\n\t<meta property=\"og:image:height\" content=\"522\" \/>\n\t<meta property=\"og:image:type\" content=\"image\/png\" \/>\n<meta name=\"author\" content=\"Daniela Junco\" \/>\n<meta name=\"twitter:card\" content=\"summary_large_image\" \/>\n<meta name=\"twitter:creator\" content=\"@UCatolicaCol\" \/>\n<meta name=\"twitter:site\" content=\"@UCatolicaCol\" \/>\n<meta name=\"twitter:label1\" content=\"Escrito por\" \/>\n\t<meta name=\"twitter:data1\" content=\"Daniela Junco\" \/>\n\t<meta name=\"twitter:label2\" content=\"Tiempo de lectura\" \/>\n\t<meta name=\"twitter:data2\" content=\"3 minutos\" \/>\n<script type=\"application\/ld+json\" class=\"yoast-schema-graph\">{\"@context\":\"https:\/\/schema.org\",\"@graph\":[{\"@type\":\"Article\",\"@id\":\"https:\/\/www.ucatolica.edu.co\/portal\/asi-se-vivio-la-xii-semana-de-ingenieria-2025\/#article\",\"isPartOf\":{\"@id\":\"https:\/\/www.ucatolica.edu.co\/portal\/asi-se-vivio-la-xii-semana-de-ingenieria-2025\/\"},\"author\":{\"name\":\"Daniela Junco\",\"@id\":\"https:\/\/www.ucatolica.edu.co\/portal\/#\/schema\/person\/46b982b9085fee761b48b0bd54f8b9f8\"},\"headline\":\"As\u00ed se vivi\u00f3 la XII Semana de Ingenier\u00eda 2025\",\"datePublished\":\"2025-10-07T20:29:29+00:00\",\"dateModified\":\"2025-10-07T20:56:17+00:00\",\"mainEntityOfPage\":{\"@id\":\"https:\/\/www.ucatolica.edu.co\/portal\/asi-se-vivio-la-xii-semana-de-ingenieria-2025\/\"},\"wordCount\":572,\"commentCount\":0,\"publisher\":{\"@id\":\"https:\/\/www.ucatolica.edu.co\/portal\/#organization\"},\"image\":{\"@id\":\"https:\/\/www.ucatolica.edu.co\/portal\/asi-se-vivio-la-xii-semana-de-ingenieria-2025\/#primaryimage\"},\"thumbnailUrl\":\"https:\/\/www.ucatolica.edu.co\/portal\/wp-content\/uploads\/2025\/10\/Mesa-de-trabajo-1-1.png\",\"keywords\":[\"Concurso de Talentos\",\"Conferencias\",\"Coniiti 2025\",\"Facultad de Ingenier\u00eda\",\"Semana de Ingenier\u00eda\",\"Universidad Cat\u00f3lica de Colombia\"],\"articleSection\":[\"Noticias Principales\"],\"inLanguage\":\"es-CO\"},{\"@type\":\"WebPage\",\"@id\":\"https:\/\/www.ucatolica.edu.co\/portal\/asi-se-vivio-la-xii-semana-de-ingenieria-2025\/\",\"url\":\"https:\/\/www.ucatolica.edu.co\/portal\/asi-se-vivio-la-xii-semana-de-ingenieria-2025\/\",\"name\":\"As\u00ed se vivi\u00f3 la XII Semana de Ingenier\u00eda 2025 - Universidad Cat\u00f3lica De Colombia\",\"isPartOf\":{\"@id\":\"https:\/\/www.ucatolica.edu.co\/portal\/#website\"},\"primaryImageOfPage\":{\"@id\":\"https:\/\/www.ucatolica.edu.co\/portal\/asi-se-vivio-la-xii-semana-de-ingenieria-2025\/#primaryimage\"},\"image\":{\"@id\":\"https:\/\/www.ucatolica.edu.co\/portal\/asi-se-vivio-la-xii-semana-de-ingenieria-2025\/#primaryimage\"},\"thumbnailUrl\":\"https:\/\/www.ucatolica.edu.co\/portal\/wp-content\/uploads\/2025\/10\/Mesa-de-trabajo-1-1.png\",\"datePublished\":\"2025-10-07T20:29:29+00:00\",\"dateModified\":\"2025-10-07T20:56:17+00:00\",\"breadcrumb\":{\"@id\":\"https:\/\/www.ucatolica.edu.co\/portal\/asi-se-vivio-la-xii-semana-de-ingenieria-2025\/#breadcrumb\"},\"inLanguage\":\"es-CO\",\"potentialAction\":[{\"@type\":\"ReadAction\",\"target\":[\"https:\/\/www.ucatolica.edu.co\/portal\/asi-se-vivio-la-xii-semana-de-ingenieria-2025\/\"]}]},{\"@type\":\"ImageObject\",\"inLanguage\":\"es-CO\",\"@id\":\"https:\/\/www.ucatolica.edu.co\/portal\/asi-se-vivio-la-xii-semana-de-ingenieria-2025\/#primaryimage\",\"url\":\"https:\/\/www.ucatolica.edu.co\/portal\/wp-content\/uploads\/2025\/10\/Mesa-de-trabajo-1-1.png\",\"contentUrl\":\"https:\/\/www.ucatolica.edu.co\/portal\/wp-content\/uploads\/2025\/10\/Mesa-de-trabajo-1-1.png\",\"width\":870,\"height\":522},{\"@type\":\"BreadcrumbList\",\"@id\":\"https:\/\/www.ucatolica.edu.co\/portal\/asi-se-vivio-la-xii-semana-de-ingenieria-2025\/#breadcrumb\",\"itemListElement\":[{\"@type\":\"ListItem\",\"position\":1,\"name\":\"Inicio\",\"item\":\"https:\/\/www.ucatolica.edu.co\/portal\/\"},{\"@type\":\"ListItem\",\"position\":2,\"name\":\"As\u00ed se vivi\u00f3 la XII Semana de Ingenier\u00eda 2025\"}]},{\"@type\":\"WebSite\",\"@id\":\"https:\/\/www.ucatolica.edu.co\/portal\/#website\",\"url\":\"https:\/\/www.ucatolica.edu.co\/portal\/\",\"name\":\"Universidad Cat\u00f3lica De Colombia\",\"description\":\"Universidad Cat\u00f3lica De Colombia\",\"publisher\":{\"@id\":\"https:\/\/www.ucatolica.edu.co\/portal\/#organization\"},\"potentialAction\":[{\"@type\":\"SearchAction\",\"target\":{\"@type\":\"EntryPoint\",\"urlTemplate\":\"https:\/\/www.ucatolica.edu.co\/portal\/?s={search_term_string}\"},\"query-input\":{\"@type\":\"PropertyValueSpecification\",\"valueRequired\":true,\"valueName\":\"search_term_string\"}}],\"inLanguage\":\"es-CO\"},{\"@type\":\"Organization\",\"@id\":\"https:\/\/www.ucatolica.edu.co\/portal\/#organization\",\"name\":\"Universidad Cat\u00f3lica de Colombia\",\"url\":\"https:\/\/www.ucatolica.edu.co\/portal\/\",\"logo\":{\"@type\":\"ImageObject\",\"inLanguage\":\"es-CO\",\"@id\":\"https:\/\/www.ucatolica.edu.co\/portal\/#\/schema\/logo\/image\/\",\"url\":\"https:\/\/www.ucatolica.edu.co\/portal\/wp-content\/uploads\/2021\/06\/logo-header-ho-1.svg\",\"contentUrl\":\"https:\/\/www.ucatolica.edu.co\/portal\/wp-content\/uploads\/2021\/06\/logo-header-ho-1.svg\",\"width\":1,\"height\":1,\"caption\":\"Universidad Cat\u00f3lica de Colombia\"},\"image\":{\"@id\":\"https:\/\/www.ucatolica.edu.co\/portal\/#\/schema\/logo\/image\/\"},\"sameAs\":[\"https:\/\/www.facebook.com\/ucatolicacolombia\",\"https:\/\/x.com\/UCatolicaCol\",\"https:\/\/www.instagram.com\/universidadcatolicadecolombia\/\",\"https:\/\/www.linkedin.com\/company\/universidadcatolicadecolombia\/\",\"https:\/\/www.youtube.com\/user\/UCatolicaCo\"]},{\"@type\":\"Person\",\"@id\":\"https:\/\/www.ucatolica.edu.co\/portal\/#\/schema\/person\/46b982b9085fee761b48b0bd54f8b9f8\",\"name\":\"Daniela Junco\",\"url\":\"https:\/\/www.ucatolica.edu.co\/portal\/author\/daniela\/\"}]}<\/script>\n<!-- \/ Yoast SEO plugin. -->","yoast_head_json":{"title":"As\u00ed se vivi\u00f3 la XII Semana de Ingenier\u00eda 2025 - Universidad Cat\u00f3lica De Colombia","robots":{"index":"index","follow":"follow","max-snippet":"max-snippet:-1","max-image-preview":"max-image-preview:large","max-video-preview":"max-video-preview:-1"},"canonical":"https:\/\/www.ucatolica.edu.co\/portal\/asi-se-vivio-la-xii-semana-de-ingenieria-2025\/","og_locale":"es_ES","og_type":"article","og_title":"As\u00ed se vivi\u00f3 la XII Semana de Ingenier\u00eda 2025 - Universidad Cat\u00f3lica De Colombia","og_description":"La Facultad de Ingenier\u00eda de la Universidad Cat\u00f3lica de Colombia realiz\u00f3 con \u00e9xito la XII Semana de Ingenier\u00eda, un evento que se llev\u00f3 a cabo del 26 de septiembre al 3 de octubre de 2025 y que reuni\u00f3 a la comunidad universitaria, acad\u00e9mica y cient\u00edfica en torno al conocimiento, la innovaci\u00f3n y el talento. Este [&hellip;]","og_url":"https:\/\/www.ucatolica.edu.co\/portal\/asi-se-vivio-la-xii-semana-de-ingenieria-2025\/","og_site_name":"Universidad Cat\u00f3lica De Colombia","article_publisher":"https:\/\/www.facebook.com\/ucatolicacolombia","article_published_time":"2025-10-07T20:29:29+00:00","article_modified_time":"2025-10-07T20:56:17+00:00","og_image":[{"width":870,"height":522,"url":"https:\/\/www.ucatolica.edu.co\/portal\/wp-content\/uploads\/2025\/10\/Mesa-de-trabajo-1-1.png","type":"image\/png"}],"author":"Daniela Junco","twitter_card":"summary_large_image","twitter_creator":"@UCatolicaCol","twitter_site":"@UCatolicaCol","twitter_misc":{"Escrito por":"Daniela Junco","Tiempo de lectura":"3 minutos"},"schema":{"@context":"https:\/\/schema.org","@graph":[{"@type":"Article","@id":"https:\/\/www.ucatolica.edu.co\/portal\/asi-se-vivio-la-xii-semana-de-ingenieria-2025\/#article","isPartOf":{"@id":"https:\/\/www.ucatolica.edu.co\/portal\/asi-se-vivio-la-xii-semana-de-ingenieria-2025\/"},"author":{"name":"Daniela Junco","@id":"https:\/\/www.ucatolica.edu.co\/portal\/#\/schema\/person\/46b982b9085fee761b48b0bd54f8b9f8"},"headline":"As\u00ed se vivi\u00f3 la XII Semana de Ingenier\u00eda 2025","datePublished":"2025-10-07T20:29:29+00:00","dateModified":"2025-10-07T20:56:17+00:00","mainEntityOfPage":{"@id":"https:\/\/www.ucatolica.edu.co\/portal\/asi-se-vivio-la-xii-semana-de-ingenieria-2025\/"},"wordCount":572,"commentCount":0,"publisher":{"@id":"https:\/\/www.ucatolica.edu.co\/portal\/#organization"},"image":{"@id":"https:\/\/www.ucatolica.edu.co\/portal\/asi-se-vivio-la-xii-semana-de-ingenieria-2025\/#primaryimage"},"thumbnailUrl":"https:\/\/www.ucatolica.edu.co\/portal\/wp-content\/uploads\/2025\/10\/Mesa-de-trabajo-1-1.png","keywords":["Concurso de Talentos","Conferencias","Coniiti 2025","Facultad de Ingenier\u00eda","Semana de Ingenier\u00eda","Universidad Cat\u00f3lica de Colombia"],"articleSection":["Noticias Principales"],"inLanguage":"es-CO"},{"@type":"WebPage","@id":"https:\/\/www.ucatolica.edu.co\/portal\/asi-se-vivio-la-xii-semana-de-ingenieria-2025\/","url":"https:\/\/www.ucatolica.edu.co\/portal\/asi-se-vivio-la-xii-semana-de-ingenieria-2025\/","name":"As\u00ed se vivi\u00f3 la XII Semana de Ingenier\u00eda 2025 - Universidad Cat\u00f3lica De Colombia","isPartOf":{"@id":"https:\/\/www.ucatolica.edu.co\/portal\/#website"},"primaryImageOfPage":{"@id":"https:\/\/www.ucatolica.edu.co\/portal\/asi-se-vivio-la-xii-semana-de-ingenieria-2025\/#primaryimage"},"image":{"@id":"https:\/\/www.ucatolica.edu.co\/portal\/asi-se-vivio-la-xii-semana-de-ingenieria-2025\/#primaryimage"},"thumbnailUrl":"https:\/\/www.ucatolica.edu.co\/portal\/wp-content\/uploads\/2025\/10\/Mesa-de-trabajo-1-1.png","datePublished":"2025-10-07T20:29:29+00:00","dateModified":"2025-10-07T20:56:17+00:00","breadcrumb":{"@id":"https:\/\/www.ucatolica.edu.co\/portal\/asi-se-vivio-la-xii-semana-de-ingenieria-2025\/#breadcrumb"},"inLanguage":"es-CO","potentialAction":[{"@type":"ReadAction","target":["https:\/\/www.ucatolica.edu.co\/portal\/asi-se-vivio-la-xii-semana-de-ingenieria-2025\/"]}]},{"@type":"ImageObject","inLanguage":"es-CO","@id":"https:\/\/www.ucatolica.edu.co\/portal\/asi-se-vivio-la-xii-semana-de-ingenieria-2025\/#primaryimage","url":"https:\/\/www.ucatolica.edu.co\/portal\/wp-content\/uploads\/2025\/10\/Mesa-de-trabajo-1-1.png","contentUrl":"https:\/\/www.ucatolica.edu.co\/portal\/wp-content\/uploads\/2025\/10\/Mesa-de-trabajo-1-1.png","width":870,"height":522},{"@type":"BreadcrumbList","@id":"https:\/\/www.ucatolica.edu.co\/portal\/asi-se-vivio-la-xii-semana-de-ingenieria-2025\/#breadcrumb","itemListElement":[{"@type":"ListItem","position":1,"name":"Inicio","item":"https:\/\/www.ucatolica.edu.co\/portal\/"},{"@type":"ListItem","position":2,"name":"As\u00ed se vivi\u00f3 la XII Semana de Ingenier\u00eda 2025"}]},{"@type":"WebSite","@id":"https:\/\/www.ucatolica.edu.co\/portal\/#website","url":"https:\/\/www.ucatolica.edu.co\/portal\/","name":"Universidad Cat\u00f3lica De Colombia","description":"Universidad Cat\u00f3lica De Colombia","publisher":{"@id":"https:\/\/www.ucatolica.edu.co\/portal\/#organization"},"potentialAction":[{"@type":"SearchAction","target":{"@type":"EntryPoint","urlTemplate":"https:\/\/www.ucatolica.edu.co\/portal\/?s={search_term_string}"},"query-input":{"@type":"PropertyValueSpecification","valueRequired":true,"valueName":"search_term_string"}}],"inLanguage":"es-CO"},{"@type":"Organization","@id":"https:\/\/www.ucatolica.edu.co\/portal\/#organization","name":"Universidad Cat\u00f3lica de Colombia","url":"https:\/\/www.ucatolica.edu.co\/portal\/","logo":{"@type":"ImageObject","inLanguage":"es-CO","@id":"https:\/\/www.ucatolica.edu.co\/portal\/#\/schema\/logo\/image\/","url":"https:\/\/www.ucatolica.edu.co\/portal\/wp-content\/uploads\/2021\/06\/logo-header-ho-1.svg","contentUrl":"https:\/\/www.ucatolica.edu.co\/portal\/wp-content\/uploads\/2021\/06\/logo-header-ho-1.svg","width":1,"height":1,"caption":"Universidad Cat\u00f3lica de Colombia"},"image":{"@id":"https:\/\/www.ucatolica.edu.co\/portal\/#\/schema\/logo\/image\/"},"sameAs":["https:\/\/www.facebook.com\/ucatolicacolombia","https:\/\/x.com\/UCatolicaCol","https:\/\/www.instagram.com\/universidadcatolicadecolombia\/","https:\/\/www.linkedin.com\/company\/universidadcatolicadecolombia\/","https:\/\/www.youtube.com\/user\/UCatolicaCo"]},{"@type":"Person","@id":"https:\/\/www.ucatolica.edu.co\/portal\/#\/schema\/person\/46b982b9085fee761b48b0bd54f8b9f8","name":"Daniela Junco","url":"https:\/\/www.ucatolica.edu.co\/portal\/author\/daniela\/"}]}},"author_meta":{"display_name":"Daniela Junco","author_link":"https:\/\/www.ucatolica.edu.co\/portal\/author\/daniela\/"},"featured_img":"https:\/\/www.ucatolica.edu.co\/portal\/wp-content\/uploads\/2025\/10\/Mesa-de-trabajo-1-1.png","coauthors":[],"tax_additional":{"categories":{"linked":["<a href=\"https:\/\/www.ucatolica.edu.co\/portal\/category\/noticias-principales\/\" class=\"advgb-post-tax-term\">Noticias Principales<\/a>"],"unlinked":["<span class=\"advgb-post-tax-term\">Noticias Principales<\/span>"]},"tags":{"linked":["<a href=\"https:\/\/www.ucatolica.edu.co\/portal\/category\/noticias-principales\/\" class=\"advgb-post-tax-term\">Concurso de Talentos<\/a>","<a href=\"https:\/\/www.ucatolica.edu.co\/portal\/category\/noticias-principales\/\" class=\"advgb-post-tax-term\">Conferencias<\/a>","<a href=\"https:\/\/www.ucatolica.edu.co\/portal\/category\/noticias-principales\/\" class=\"advgb-post-tax-term\">Coniiti 2025<\/a>","<a href=\"https:\/\/www.ucatolica.edu.co\/portal\/category\/noticias-principales\/\" class=\"advgb-post-tax-term\">Facultad de Ingenier\u00eda<\/a>","<a href=\"https:\/\/www.ucatolica.edu.co\/portal\/category\/noticias-principales\/\" class=\"advgb-post-tax-term\">Semana de Ingenier\u00eda<\/a>","<a href=\"https:\/\/www.ucatolica.edu.co\/portal\/category\/noticias-principales\/\" class=\"advgb-post-tax-term\">Universidad Cat\u00f3lica de Colombia<\/a>"],"unlinked":["<span class=\"advgb-post-tax-term\">Concurso de Talentos<\/span>","<span class=\"advgb-post-tax-term\">Conferencias<\/span>","<span class=\"advgb-post-tax-term\">Coniiti 2025<\/span>","<span class=\"advgb-post-tax-term\">Facultad de Ingenier\u00eda<\/span>","<span class=\"advgb-post-tax-term\">Semana de Ingenier\u00eda<\/span>","<span class=\"advgb-post-tax-term\">Universidad Cat\u00f3lica de Colombia<\/span>"]}},"comment_count":"0","relative_dates":{"created":"Posted 7 meses ago","modified":"Updated 7 meses ago"},"absolute_dates":{"created":"Posted on 7 octubre, 2025","modified":"Updated on 7 octubre, 2025"},"absolute_dates_time":{"created":"Posted on 7 octubre, 2025 3:29 pm","modified":"Updated on 7 octubre, 2025 3:56 pm"},"featured_img_caption":"","series_order":"","_links":{"self":[{"href":"https:\/\/www.ucatolica.edu.co\/portal\/wp-json\/wp\/v2\/posts\/123023","targetHints":{"allow":["GET"]}}],"collection":[{"href":"https:\/\/www.ucatolica.edu.co\/portal\/wp-json\/wp\/v2\/posts"}],"about":[{"href":"https:\/\/www.ucatolica.edu.co\/portal\/wp-json\/wp\/v2\/types\/post"}],"author":[{"embeddable":true,"href":"https:\/\/www.ucatolica.edu.co\/portal\/wp-json\/wp\/v2\/users\/64"}],"replies":[{"embeddable":true,"href":"https:\/\/www.ucatolica.edu.co\/portal\/wp-json\/wp\/v2\/comments?post=123023"}],"version-history":[{"count":4,"href":"https:\/\/www.ucatolica.edu.co\/portal\/wp-json\/wp\/v2\/posts\/123023\/revisions"}],"predecessor-version":[{"id":123084,"href":"https:\/\/www.ucatolica.edu.co\/portal\/wp-json\/wp\/v2\/posts\/123023\/revisions\/123084"}],"wp:featuredmedia":[{"embeddable":true,"href":"https:\/\/www.ucatolica.edu.co\/portal\/wp-json\/wp\/v2\/media\/123079"}],"wp:attachment":[{"href":"https:\/\/www.ucatolica.edu.co\/portal\/wp-json\/wp\/v2\/media?parent=123023"}],"wp:term":[{"taxonomy":"category","embeddable":true,"href":"https:\/\/www.ucatolica.edu.co\/portal\/wp-json\/wp\/v2\/categories?post=123023"},{"taxonomy":"post_tag","embeddable":true,"href":"https:\/\/www.ucatolica.edu.co\/portal\/wp-json\/wp\/v2\/tags?post=123023"}],"curies":[{"name":"wp","href":"https:\/\/api.w.org\/{rel}","templated":true}]}}