{"id":123085,"date":"2025-10-07T16:32:29","date_gmt":"2025-10-07T21:32:29","guid":{"rendered":"https:\/\/www.ucatolica.edu.co\/portal\/?p=123085"},"modified":"2025-10-07T16:32:29","modified_gmt":"2025-10-07T21:32:29","slug":"coniiti-2025-tres-dias-que-transformaron-la-ingenieria-desde-la-universidad-catolica-de-colombia","status":"publish","type":"post","link":"https:\/\/www.ucatolica.edu.co\/portal\/coniiti-2025-tres-dias-que-transformaron-la-ingenieria-desde-la-universidad-catolica-de-colombia\/","title":{"rendered":"CONIITI 2025: tres d\u00edas que transformaron la ingenier\u00eda desde la Universidad Cat\u00f3lica de Colombia"},"content":{"rendered":"\n<p>Los d\u00edas 1, 2 y 3 de octubre, la Universidad Cat\u00f3lica de Colombia se transform\u00f3 en un escenario de inspiraci\u00f3n, conocimiento y tecnolog\u00eda con la realizaci\u00f3n de la XI versi\u00f3n del Congreso Internacional de Innovaci\u00f3n y Tendencias en Ingenier\u00eda, CONIITI 2025.<\/p>\n\n\n\n<p>Durante tres d\u00edas, cada uno de sus espacios acad\u00e9micos se llen\u00f3 de ponencias, talleres, exposiciones y encuentros que reunieron a la comunidad universitaria, as\u00ed como a invitados nacionales e internacionales, en torno a los grandes retos y avances del mundo de la ingenier\u00eda.<\/p>\n\n\n\n<p>Con la participaci\u00f3n de <strong>18 conferencistas internacionales<\/strong> de pa\u00edses como Espa\u00f1a, Uruguay, M\u00e9xico, Brasil, Italia, India, Ecuador, Per\u00fa y Venezuela, y m\u00e1s de <strong>30 conferencistas nacionales<\/strong>, el Congreso reuni\u00f3 a la comunidad acad\u00e9mica en torno a <strong>108 ponencias<\/strong> que reflejaron el compromiso de docentes, investigadores, empresarios y emprendedores con la apropiaci\u00f3n social del conocimiento y el avance de la ingenier\u00eda.<\/p>\n\n\n\n<p><strong>D\u00eda 1: Una apertura con prop\u00f3sito y homenaje a la mujer en la ingenier\u00eda<\/strong><\/p>\n\n\n\n<p>CONIITI 2025 inici\u00f3 con una jornada inaugural cargada de emoci\u00f3n, conocimiento y prop\u00f3sito. Uno de los momentos m\u00e1s significativos fue el homenaje a las mujeres que inspiran desde la ingenier\u00eda, con el reconocimiento a <strong>Sindey Carolina Bernal Villamar\u00edn<\/strong> e <strong>Isis Espitia Gil<\/strong>, dos l\u00edderes que han marcado huella en el \u00e1mbito educativo, tecnol\u00f3gico y social.<\/p>\n\n\n\n<p>La jornada continu\u00f3 con la inspiradora participaci\u00f3n de <strong>Rafael Roncancio Castillo<\/strong>, egresado destacado de la Facultad de Ingenier\u00eda, quien comparti\u00f3 su experiencia profesional y su compromiso con la innovaci\u00f3n. Adem\u00e1s, se llev\u00f3 a cabo la primera premiaci\u00f3n de los estudiantes que participaron en las actividades desarrolladas durante la Semana de la Ingenier\u00eda, y como ya es tradici\u00f3n, se realiz\u00f3 la rifa de un port\u00e1til entre los asistentes, un gesto simb\u00f3lico que refuerza el esp\u00edritu participativo y comunitario que caracteriza a CONIITI.<\/p>\n\n\n\n<figure class=\"wp-block-image size-full\"><img fetchpriority=\"high\" decoding=\"async\" width=\"870\" height=\"522\" src=\"https:\/\/www.ucatolica.edu.co\/portal\/wp-content\/uploads\/2025\/10\/Mesa-de-trabajo-1_1-2.png\" alt=\"\" class=\"wp-image-123088\" \/><\/figure>\n\n\n\n<p><strong>D\u00eda 2: Conocimiento sin fronteras<\/strong><\/p>\n\n\n\n<p>La segunda jornada estuvo marcada por la riqueza acad\u00e9mica de las conferencias y workshops, que se desarrollaron en torno a <strong>siete l\u00edneas tem\u00e1ticas<\/strong>, entre ellas creatividad, innovaci\u00f3n y emprendimiento; software inteligente y convergencia tecnol\u00f3gica; gesti\u00f3n integral y din\u00e1mica de las organizaciones; infraestructura y medio ambiente; y sistemas y tecnolog\u00eda de telecomunicaciones.<\/p>\n\n\n\n<p>De manera especial, se realiz\u00f3 CONIITI Connect 2025, un espacio exclusivo para fortalecer la relaci\u00f3n con los egresados y el sector empresarial, consolidando redes de cooperaci\u00f3n que fortalecen el v\u00ednculo entre la academia y el entorno productivo.<\/p>\n\n\n\n<p><strong>D\u00eda 3: Un cierre cargado de emoci\u00f3n<\/strong><\/p>\n\n\n\n<p>Uno de los momentos m\u00e1s destacados del tercer d\u00eda de CONIITI 2025 fue la ponencia de <strong>Cristian Tirado Cifuentes<\/strong>, l\u00edder de los procesos de automatizaci\u00f3n en Autogermana, importador oficial en Latinoam\u00e9rica de veh\u00edculos BMW. Su intervenci\u00f3n ofreci\u00f3 una mirada inspiradora sobre c\u00f3mo la transformaci\u00f3n digital y la automatizaci\u00f3n est\u00e1n redefiniendo la ingenier\u00eda moderna, conectando la academia con los retos reales de la industria.<\/p>\n\n\n\n<figure class=\"wp-block-image size-full\"><img decoding=\"async\" width=\"870\" height=\"522\" src=\"https:\/\/www.ucatolica.edu.co\/portal\/wp-content\/uploads\/2025\/10\/Mesa-de-trabajo-1-2.png\" alt=\"\" class=\"wp-image-123087\" \/><\/figure>\n\n\n\n<p>Posteriormente, el Auditorio de la Sede Las Torres fue escenario de un hito hist\u00f3rico para la Universidad: el lanzamiento oficial de la <strong>Journal of Engineering Evolution<\/strong>, la primera revista de ingenier\u00eda de la Instituci\u00f3n. Esta publicaci\u00f3n acad\u00e9mica, arbitrada por pares expertos y publicada en ingl\u00e9s, se proyecta como un espacio de referencia internacional para la difusi\u00f3n de art\u00edculos de investigaci\u00f3n, revisi\u00f3n, notas t\u00e9cnicas y cartas al editor.<\/p>\n\n\n\n<p>El lanzamiento no solo marc\u00f3 un antes y un despu\u00e9s en la historia de la Facultad de Ingenier\u00eda, sino que tambi\u00e9n reafirm\u00f3 el compromiso institucional con la generaci\u00f3n y divulgaci\u00f3n de conocimiento cient\u00edfico al servicio de la sociedad.<\/p>\n\n\n\n<p>Para ampliar la informaci\u00f3n y consultar el primer volumen, <a href=\"https:\/\/editorial.ucatolica.edu.co\/index.php\/JEE\">haz clic aqu\u00ed.<\/a><\/p>\n\n\n\n<p>El acto de clausura inici\u00f3 con la <strong>entrega de reconocimientos a los estudiantes ganadores del torneo de videojuegos<\/strong>, desarrollado en el marco de la Semana de la Ingenier\u00eda. Posteriormente, se llev\u00f3 a cabo el <strong>segundo sorteo del port\u00e1til MacBook<\/strong>, entre los estudiantes que participaron activamente en las ponencias, workshops y dem\u00e1s actividades de <strong>CONIITI 2025<\/strong>, un gesto simb\u00f3lico que premi\u00f3 su compromiso y entusiasmo durante los tres d\u00edas del Congreso.<\/p>\n\n\n\n<figure class=\"wp-block-image size-full\"><img decoding=\"async\" width=\"870\" height=\"522\" src=\"https:\/\/www.ucatolica.edu.co\/portal\/wp-content\/uploads\/2025\/10\/Mesa-de-trabajo-12_2.png\" alt=\"\" class=\"wp-image-123090\" \/><\/figure>\n\n\n\n<p>El cierre estuvo acompa\u00f1ado por un <strong>emotivo discurso del Ingeniero Jaime D\u00edaz Ortiz, Decano de la Facultad de Ingenier\u00eda<\/strong>, quien expres\u00f3 su gratitud hacia los asistentes, ponentes y organizadores, y reafirm\u00f3 que <strong>CONIITI se ha consolidado como un proyecto institucional de gran magnitud<\/strong>, capaz de trascender fronteras y seguir inspirando a futuras generaciones de ingenieros.<\/p>\n\n\n\n<p><strong>La voz del Decano<\/strong><\/p>\n\n\n\n<p>En el marco del evento, el <strong>Ingeniero Jaime D\u00edaz Ortiz<\/strong>, Decano de la Facultad de Ingenier\u00eda, comparti\u00f3 un mensaje de gratitud y proyecci\u00f3n, reconociendo el esfuerzo de directivos, profesores, estudiantes y egresados que hicieron posible este Congreso.<\/p>\n\n\n\n<p>Durante su intervenci\u00f3n, el Decano destac\u00f3 los <strong>principales hitos alcanzados por CONIITI desde su creaci\u00f3n en 2015<\/strong>, entre ellos su consolidaci\u00f3n como un espacio acad\u00e9mico internacional, el crecimiento sostenido en la participaci\u00f3n de universidades extranjeras, el fortalecimiento de las redes de investigaci\u00f3n, la indexaci\u00f3n de sus publicaciones en bases de datos internacionales y la creaci\u00f3n de la <strong>revista Journal of Engineering Evolution<\/strong>, primer medio editorial de ingenier\u00eda de la Universidad. Estos logros, afirm\u00f3, reflejan el compromiso institucional por seguir promoviendo la innovaci\u00f3n y la excelencia acad\u00e9mica.<\/p>\n\n\n\n<p>\u201c<em>Este es un proyecto construido con el prop\u00f3sito de elevar el perfil de los ingenieros que estamos formando, al tiempo que reconoce el compromiso de nuestros egresados y profesores. Hoy, al ver la evoluci\u00f3n de CONIITI desde su primera versi\u00f3n en 2015 hasta alcanzar m\u00e1s de <strong>548 papers indexados en Scopus<\/strong>, reafirmamos que este espacio es un legado que potencia la investigaci\u00f3n, la apropiaci\u00f3n social del conocimiento y el impacto de nuestra Universidad en el mundo<\/em>\u201d.<\/p>\n\n\n\n<p><strong>Palabras de los protagonistas<\/strong><\/p>\n\n\n\n<p>Conoce las impresiones y testimonios de quienes hicieron parte del CONIITI 2025 y vivieron de cerca la innovaci\u00f3n y la inspiraci\u00f3n que caracterizan este evento:<\/p>\n\n\n\n<figure class=\"wp-block-embed is-type-video is-provider-youtube wp-block-embed-youtube wp-embed-aspect-16-9 wp-has-aspect-ratio\"><div class=\"wp-block-embed__wrapper\">\n<div class=\"video-container\"><iframe title=\"Entrevistas Invitados Coniiti 2025\" width=\"500\" height=\"281\" src=\"https:\/\/www.youtube.com\/embed\/7zZ-QHdRPic?feature=oembed\" frameborder=\"0\" allow=\"accelerometer; autoplay; clipboard-write; encrypted-media; gyroscope; picture-in-picture; web-share\" referrerpolicy=\"strict-origin-when-cross-origin\" allowfullscreen><\/iframe><\/div>\n<\/div><\/figure>\n\n\n\n<p><strong>Mirada al futuro: CONIITI 2026<\/strong><\/p>\n\n\n\n<p>Con el cierre de esta XI versi\u00f3n, la Universidad Cat\u00f3lica de Colombia extiende una invitaci\u00f3n a toda la comunidad acad\u00e9mica y cient\u00edfica para que sigan conectados a trav\u00e9s de sus redes sociales, y se preparen con entusiasmo para la pr\u00f3xima edici\u00f3n: CONIITI 2026, que tendr\u00e1 como pa\u00eds invitado a Italia.<\/p>\n\n\n\n<p><strong>Universidad Cat\u00f3lica de Colombia<\/strong><\/p>\n\n\n\n<p><strong>Impulsar Historias Hechas a Pulso<\/strong><\/p>\n\n\n\n<p><\/p>\n","protected":false},"excerpt":{"rendered":"<p>Los d\u00edas 1, 2 y 3 de octubre, la Universidad Cat\u00f3lica de Colombia se transform\u00f3 en un escenario de inspiraci\u00f3n, conocimiento y tecnolog\u00eda con la realizaci\u00f3n de la XI versi\u00f3n del Congreso Internacional de Innovaci\u00f3n y Tendencias en Ingenier\u00eda, CONIITI 2025. Durante tres d\u00edas, cada uno de sus espacios acad\u00e9micos se llen\u00f3 de ponencias, talleres, [&hellip;]<\/p>\n","protected":false},"author":64,"featured_media":123089,"comment_status":"open","ping_status":"open","sticky":false,"template":"","format":"standard","meta":{"_acf_changed":false,"advgb_blocks_editor_width":"","advgb_blocks_columns_visual_guide":"","footnotes":""},"categories":[93],"tags":[800,3296,782,483,3109],"class_list":["post-123085","post","type-post","status-publish","format-standard","has-post-thumbnail","hentry","category-noticias-principales","tag-actividades-academicas","tag-coniiti-2025","tag-empresas","tag-facultad-de-ingenieria","tag-transferencia-de-conocimiento"],"acf":[],"yoast_head":"<!-- This site is optimized with the Yoast SEO plugin v26.7 - https:\/\/yoast.com\/wordpress\/plugins\/seo\/ -->\n<title>CONIITI 2025: tres d\u00edas que transformaron la ingenier\u00eda desde la Universidad Cat\u00f3lica de Colombia - Universidad Cat\u00f3lica De Colombia<\/title>\n<meta name=\"robots\" content=\"index, follow, max-snippet:-1, max-image-preview:large, max-video-preview:-1\" \/>\n<link rel=\"canonical\" href=\"https:\/\/www.ucatolica.edu.co\/portal\/coniiti-2025-tres-dias-que-transformaron-la-ingenieria-desde-la-universidad-catolica-de-colombia\/\" \/>\n<meta property=\"og:locale\" content=\"es_ES\" \/>\n<meta property=\"og:type\" content=\"article\" \/>\n<meta property=\"og:title\" content=\"CONIITI 2025: tres d\u00edas que transformaron la ingenier\u00eda desde la Universidad Cat\u00f3lica de Colombia - Universidad Cat\u00f3lica De Colombia\" \/>\n<meta property=\"og:description\" content=\"Los d\u00edas 1, 2 y 3 de octubre, la Universidad Cat\u00f3lica de Colombia se transform\u00f3 en un escenario de inspiraci\u00f3n, conocimiento y tecnolog\u00eda con la realizaci\u00f3n de la XI versi\u00f3n del Congreso Internacional de Innovaci\u00f3n y Tendencias en Ingenier\u00eda, CONIITI 2025. Durante tres d\u00edas, cada uno de sus espacios acad\u00e9micos se llen\u00f3 de ponencias, talleres, [&hellip;]\" \/>\n<meta property=\"og:url\" content=\"https:\/\/www.ucatolica.edu.co\/portal\/coniiti-2025-tres-dias-que-transformaron-la-ingenieria-desde-la-universidad-catolica-de-colombia\/\" \/>\n<meta property=\"og:site_name\" content=\"Universidad Cat\u00f3lica De Colombia\" \/>\n<meta property=\"article:publisher\" content=\"https:\/\/www.facebook.com\/ucatolicacolombia\" \/>\n<meta property=\"article:published_time\" content=\"2025-10-07T21:32:29+00:00\" \/>\n<meta property=\"og:image\" content=\"https:\/\/www.ucatolica.edu.co\/portal\/wp-content\/uploads\/2025\/10\/Mesa-de-trabajo-12.png\" \/>\n\t<meta property=\"og:image:width\" content=\"870\" \/>\n\t<meta property=\"og:image:height\" content=\"522\" \/>\n\t<meta property=\"og:image:type\" content=\"image\/png\" \/>\n<meta name=\"author\" content=\"Daniela Junco\" \/>\n<meta name=\"twitter:card\" content=\"summary_large_image\" \/>\n<meta name=\"twitter:creator\" content=\"@UCatolicaCol\" \/>\n<meta name=\"twitter:site\" content=\"@UCatolicaCol\" \/>\n<meta name=\"twitter:label1\" content=\"Escrito por\" \/>\n\t<meta name=\"twitter:data1\" content=\"Daniela Junco\" \/>\n\t<meta name=\"twitter:label2\" content=\"Tiempo de lectura\" \/>\n\t<meta name=\"twitter:data2\" content=\"6 minutos\" \/>\n<script type=\"application\/ld+json\" class=\"yoast-schema-graph\">{\"@context\":\"https:\/\/schema.org\",\"@graph\":[{\"@type\":\"Article\",\"@id\":\"https:\/\/www.ucatolica.edu.co\/portal\/coniiti-2025-tres-dias-que-transformaron-la-ingenieria-desde-la-universidad-catolica-de-colombia\/#article\",\"isPartOf\":{\"@id\":\"https:\/\/www.ucatolica.edu.co\/portal\/coniiti-2025-tres-dias-que-transformaron-la-ingenieria-desde-la-universidad-catolica-de-colombia\/\"},\"author\":{\"name\":\"Daniela Junco\",\"@id\":\"https:\/\/www.ucatolica.edu.co\/portal\/#\/schema\/person\/46b982b9085fee761b48b0bd54f8b9f8\"},\"headline\":\"CONIITI 2025: tres d\u00edas que transformaron la ingenier\u00eda desde la Universidad Cat\u00f3lica de Colombia\",\"datePublished\":\"2025-10-07T21:32:29+00:00\",\"mainEntityOfPage\":{\"@id\":\"https:\/\/www.ucatolica.edu.co\/portal\/coniiti-2025-tres-dias-que-transformaron-la-ingenieria-desde-la-universidad-catolica-de-colombia\/\"},\"wordCount\":1118,\"commentCount\":0,\"publisher\":{\"@id\":\"https:\/\/www.ucatolica.edu.co\/portal\/#organization\"},\"image\":{\"@id\":\"https:\/\/www.ucatolica.edu.co\/portal\/coniiti-2025-tres-dias-que-transformaron-la-ingenieria-desde-la-universidad-catolica-de-colombia\/#primaryimage\"},\"thumbnailUrl\":\"https:\/\/www.ucatolica.edu.co\/portal\/wp-content\/uploads\/2025\/10\/Mesa-de-trabajo-12.png\",\"keywords\":[\"Actividades Acad\u00e9micas\",\"Coniiti 2025\",\"Empresas\",\"Facultad de Ingenier\u00eda\",\"Transferencia de conocimiento\"],\"articleSection\":[\"Noticias Principales\"],\"inLanguage\":\"es-CO\"},{\"@type\":\"WebPage\",\"@id\":\"https:\/\/www.ucatolica.edu.co\/portal\/coniiti-2025-tres-dias-que-transformaron-la-ingenieria-desde-la-universidad-catolica-de-colombia\/\",\"url\":\"https:\/\/www.ucatolica.edu.co\/portal\/coniiti-2025-tres-dias-que-transformaron-la-ingenieria-desde-la-universidad-catolica-de-colombia\/\",\"name\":\"CONIITI 2025: tres d\u00edas que transformaron la ingenier\u00eda desde la Universidad Cat\u00f3lica de Colombia - Universidad Cat\u00f3lica De Colombia\",\"isPartOf\":{\"@id\":\"https:\/\/www.ucatolica.edu.co\/portal\/#website\"},\"primaryImageOfPage\":{\"@id\":\"https:\/\/www.ucatolica.edu.co\/portal\/coniiti-2025-tres-dias-que-transformaron-la-ingenieria-desde-la-universidad-catolica-de-colombia\/#primaryimage\"},\"image\":{\"@id\":\"https:\/\/www.ucatolica.edu.co\/portal\/coniiti-2025-tres-dias-que-transformaron-la-ingenieria-desde-la-universidad-catolica-de-colombia\/#primaryimage\"},\"thumbnailUrl\":\"https:\/\/www.ucatolica.edu.co\/portal\/wp-content\/uploads\/2025\/10\/Mesa-de-trabajo-12.png\",\"datePublished\":\"2025-10-07T21:32:29+00:00\",\"breadcrumb\":{\"@id\":\"https:\/\/www.ucatolica.edu.co\/portal\/coniiti-2025-tres-dias-que-transformaron-la-ingenieria-desde-la-universidad-catolica-de-colombia\/#breadcrumb\"},\"inLanguage\":\"es-CO\",\"potentialAction\":[{\"@type\":\"ReadAction\",\"target\":[\"https:\/\/www.ucatolica.edu.co\/portal\/coniiti-2025-tres-dias-que-transformaron-la-ingenieria-desde-la-universidad-catolica-de-colombia\/\"]}]},{\"@type\":\"ImageObject\",\"inLanguage\":\"es-CO\",\"@id\":\"https:\/\/www.ucatolica.edu.co\/portal\/coniiti-2025-tres-dias-que-transformaron-la-ingenieria-desde-la-universidad-catolica-de-colombia\/#primaryimage\",\"url\":\"https:\/\/www.ucatolica.edu.co\/portal\/wp-content\/uploads\/2025\/10\/Mesa-de-trabajo-12.png\",\"contentUrl\":\"https:\/\/www.ucatolica.edu.co\/portal\/wp-content\/uploads\/2025\/10\/Mesa-de-trabajo-12.png\",\"width\":870,\"height\":522},{\"@type\":\"BreadcrumbList\",\"@id\":\"https:\/\/www.ucatolica.edu.co\/portal\/coniiti-2025-tres-dias-que-transformaron-la-ingenieria-desde-la-universidad-catolica-de-colombia\/#breadcrumb\",\"itemListElement\":[{\"@type\":\"ListItem\",\"position\":1,\"name\":\"Inicio\",\"item\":\"https:\/\/www.ucatolica.edu.co\/portal\/\"},{\"@type\":\"ListItem\",\"position\":2,\"name\":\"CONIITI 2025: tres d\u00edas que transformaron la ingenier\u00eda desde la Universidad Cat\u00f3lica de Colombia\"}]},{\"@type\":\"WebSite\",\"@id\":\"https:\/\/www.ucatolica.edu.co\/portal\/#website\",\"url\":\"https:\/\/www.ucatolica.edu.co\/portal\/\",\"name\":\"Universidad Cat\u00f3lica De Colombia\",\"description\":\"Universidad Cat\u00f3lica De Colombia\",\"publisher\":{\"@id\":\"https:\/\/www.ucatolica.edu.co\/portal\/#organization\"},\"potentialAction\":[{\"@type\":\"SearchAction\",\"target\":{\"@type\":\"EntryPoint\",\"urlTemplate\":\"https:\/\/www.ucatolica.edu.co\/portal\/?s={search_term_string}\"},\"query-input\":{\"@type\":\"PropertyValueSpecification\",\"valueRequired\":true,\"valueName\":\"search_term_string\"}}],\"inLanguage\":\"es-CO\"},{\"@type\":\"Organization\",\"@id\":\"https:\/\/www.ucatolica.edu.co\/portal\/#organization\",\"name\":\"Universidad Cat\u00f3lica de Colombia\",\"url\":\"https:\/\/www.ucatolica.edu.co\/portal\/\",\"logo\":{\"@type\":\"ImageObject\",\"inLanguage\":\"es-CO\",\"@id\":\"https:\/\/www.ucatolica.edu.co\/portal\/#\/schema\/logo\/image\/\",\"url\":\"https:\/\/www.ucatolica.edu.co\/portal\/wp-content\/uploads\/2021\/06\/logo-header-ho-1.svg\",\"contentUrl\":\"https:\/\/www.ucatolica.edu.co\/portal\/wp-content\/uploads\/2021\/06\/logo-header-ho-1.svg\",\"width\":1,\"height\":1,\"caption\":\"Universidad Cat\u00f3lica de Colombia\"},\"image\":{\"@id\":\"https:\/\/www.ucatolica.edu.co\/portal\/#\/schema\/logo\/image\/\"},\"sameAs\":[\"https:\/\/www.facebook.com\/ucatolicacolombia\",\"https:\/\/x.com\/UCatolicaCol\",\"https:\/\/www.instagram.com\/universidadcatolicadecolombia\/\",\"https:\/\/www.linkedin.com\/company\/universidadcatolicadecolombia\/\",\"https:\/\/www.youtube.com\/user\/UCatolicaCo\"]},{\"@type\":\"Person\",\"@id\":\"https:\/\/www.ucatolica.edu.co\/portal\/#\/schema\/person\/46b982b9085fee761b48b0bd54f8b9f8\",\"name\":\"Daniela Junco\",\"url\":\"https:\/\/www.ucatolica.edu.co\/portal\/author\/daniela\/\"}]}<\/script>\n<!-- \/ Yoast SEO plugin. -->","yoast_head_json":{"title":"CONIITI 2025: tres d\u00edas que transformaron la ingenier\u00eda desde la Universidad Cat\u00f3lica de Colombia - Universidad Cat\u00f3lica De Colombia","robots":{"index":"index","follow":"follow","max-snippet":"max-snippet:-1","max-image-preview":"max-image-preview:large","max-video-preview":"max-video-preview:-1"},"canonical":"https:\/\/www.ucatolica.edu.co\/portal\/coniiti-2025-tres-dias-que-transformaron-la-ingenieria-desde-la-universidad-catolica-de-colombia\/","og_locale":"es_ES","og_type":"article","og_title":"CONIITI 2025: tres d\u00edas que transformaron la ingenier\u00eda desde la Universidad Cat\u00f3lica de Colombia - Universidad Cat\u00f3lica De Colombia","og_description":"Los d\u00edas 1, 2 y 3 de octubre, la Universidad Cat\u00f3lica de Colombia se transform\u00f3 en un escenario de inspiraci\u00f3n, conocimiento y tecnolog\u00eda con la realizaci\u00f3n de la XI versi\u00f3n del Congreso Internacional de Innovaci\u00f3n y Tendencias en Ingenier\u00eda, CONIITI 2025. Durante tres d\u00edas, cada uno de sus espacios acad\u00e9micos se llen\u00f3 de ponencias, talleres, [&hellip;]","og_url":"https:\/\/www.ucatolica.edu.co\/portal\/coniiti-2025-tres-dias-que-transformaron-la-ingenieria-desde-la-universidad-catolica-de-colombia\/","og_site_name":"Universidad Cat\u00f3lica De Colombia","article_publisher":"https:\/\/www.facebook.com\/ucatolicacolombia","article_published_time":"2025-10-07T21:32:29+00:00","og_image":[{"width":870,"height":522,"url":"https:\/\/www.ucatolica.edu.co\/portal\/wp-content\/uploads\/2025\/10\/Mesa-de-trabajo-12.png","type":"image\/png"}],"author":"Daniela Junco","twitter_card":"summary_large_image","twitter_creator":"@UCatolicaCol","twitter_site":"@UCatolicaCol","twitter_misc":{"Escrito por":"Daniela Junco","Tiempo de lectura":"6 minutos"},"schema":{"@context":"https:\/\/schema.org","@graph":[{"@type":"Article","@id":"https:\/\/www.ucatolica.edu.co\/portal\/coniiti-2025-tres-dias-que-transformaron-la-ingenieria-desde-la-universidad-catolica-de-colombia\/#article","isPartOf":{"@id":"https:\/\/www.ucatolica.edu.co\/portal\/coniiti-2025-tres-dias-que-transformaron-la-ingenieria-desde-la-universidad-catolica-de-colombia\/"},"author":{"name":"Daniela Junco","@id":"https:\/\/www.ucatolica.edu.co\/portal\/#\/schema\/person\/46b982b9085fee761b48b0bd54f8b9f8"},"headline":"CONIITI 2025: tres d\u00edas que transformaron la ingenier\u00eda desde la Universidad Cat\u00f3lica de Colombia","datePublished":"2025-10-07T21:32:29+00:00","mainEntityOfPage":{"@id":"https:\/\/www.ucatolica.edu.co\/portal\/coniiti-2025-tres-dias-que-transformaron-la-ingenieria-desde-la-universidad-catolica-de-colombia\/"},"wordCount":1118,"commentCount":0,"publisher":{"@id":"https:\/\/www.ucatolica.edu.co\/portal\/#organization"},"image":{"@id":"https:\/\/www.ucatolica.edu.co\/portal\/coniiti-2025-tres-dias-que-transformaron-la-ingenieria-desde-la-universidad-catolica-de-colombia\/#primaryimage"},"thumbnailUrl":"https:\/\/www.ucatolica.edu.co\/portal\/wp-content\/uploads\/2025\/10\/Mesa-de-trabajo-12.png","keywords":["Actividades Acad\u00e9micas","Coniiti 2025","Empresas","Facultad de Ingenier\u00eda","Transferencia de conocimiento"],"articleSection":["Noticias Principales"],"inLanguage":"es-CO"},{"@type":"WebPage","@id":"https:\/\/www.ucatolica.edu.co\/portal\/coniiti-2025-tres-dias-que-transformaron-la-ingenieria-desde-la-universidad-catolica-de-colombia\/","url":"https:\/\/www.ucatolica.edu.co\/portal\/coniiti-2025-tres-dias-que-transformaron-la-ingenieria-desde-la-universidad-catolica-de-colombia\/","name":"CONIITI 2025: tres d\u00edas que transformaron la ingenier\u00eda desde la Universidad Cat\u00f3lica de Colombia - Universidad Cat\u00f3lica De Colombia","isPartOf":{"@id":"https:\/\/www.ucatolica.edu.co\/portal\/#website"},"primaryImageOfPage":{"@id":"https:\/\/www.ucatolica.edu.co\/portal\/coniiti-2025-tres-dias-que-transformaron-la-ingenieria-desde-la-universidad-catolica-de-colombia\/#primaryimage"},"image":{"@id":"https:\/\/www.ucatolica.edu.co\/portal\/coniiti-2025-tres-dias-que-transformaron-la-ingenieria-desde-la-universidad-catolica-de-colombia\/#primaryimage"},"thumbnailUrl":"https:\/\/www.ucatolica.edu.co\/portal\/wp-content\/uploads\/2025\/10\/Mesa-de-trabajo-12.png","datePublished":"2025-10-07T21:32:29+00:00","breadcrumb":{"@id":"https:\/\/www.ucatolica.edu.co\/portal\/coniiti-2025-tres-dias-que-transformaron-la-ingenieria-desde-la-universidad-catolica-de-colombia\/#breadcrumb"},"inLanguage":"es-CO","potentialAction":[{"@type":"ReadAction","target":["https:\/\/www.ucatolica.edu.co\/portal\/coniiti-2025-tres-dias-que-transformaron-la-ingenieria-desde-la-universidad-catolica-de-colombia\/"]}]},{"@type":"ImageObject","inLanguage":"es-CO","@id":"https:\/\/www.ucatolica.edu.co\/portal\/coniiti-2025-tres-dias-que-transformaron-la-ingenieria-desde-la-universidad-catolica-de-colombia\/#primaryimage","url":"https:\/\/www.ucatolica.edu.co\/portal\/wp-content\/uploads\/2025\/10\/Mesa-de-trabajo-12.png","contentUrl":"https:\/\/www.ucatolica.edu.co\/portal\/wp-content\/uploads\/2025\/10\/Mesa-de-trabajo-12.png","width":870,"height":522},{"@type":"BreadcrumbList","@id":"https:\/\/www.ucatolica.edu.co\/portal\/coniiti-2025-tres-dias-que-transformaron-la-ingenieria-desde-la-universidad-catolica-de-colombia\/#breadcrumb","itemListElement":[{"@type":"ListItem","position":1,"name":"Inicio","item":"https:\/\/www.ucatolica.edu.co\/portal\/"},{"@type":"ListItem","position":2,"name":"CONIITI 2025: tres d\u00edas que transformaron la ingenier\u00eda desde la Universidad Cat\u00f3lica de Colombia"}]},{"@type":"WebSite","@id":"https:\/\/www.ucatolica.edu.co\/portal\/#website","url":"https:\/\/www.ucatolica.edu.co\/portal\/","name":"Universidad Cat\u00f3lica De Colombia","description":"Universidad Cat\u00f3lica De Colombia","publisher":{"@id":"https:\/\/www.ucatolica.edu.co\/portal\/#organization"},"potentialAction":[{"@type":"SearchAction","target":{"@type":"EntryPoint","urlTemplate":"https:\/\/www.ucatolica.edu.co\/portal\/?s={search_term_string}"},"query-input":{"@type":"PropertyValueSpecification","valueRequired":true,"valueName":"search_term_string"}}],"inLanguage":"es-CO"},{"@type":"Organization","@id":"https:\/\/www.ucatolica.edu.co\/portal\/#organization","name":"Universidad Cat\u00f3lica de Colombia","url":"https:\/\/www.ucatolica.edu.co\/portal\/","logo":{"@type":"ImageObject","inLanguage":"es-CO","@id":"https:\/\/www.ucatolica.edu.co\/portal\/#\/schema\/logo\/image\/","url":"https:\/\/www.ucatolica.edu.co\/portal\/wp-content\/uploads\/2021\/06\/logo-header-ho-1.svg","contentUrl":"https:\/\/www.ucatolica.edu.co\/portal\/wp-content\/uploads\/2021\/06\/logo-header-ho-1.svg","width":1,"height":1,"caption":"Universidad Cat\u00f3lica de Colombia"},"image":{"@id":"https:\/\/www.ucatolica.edu.co\/portal\/#\/schema\/logo\/image\/"},"sameAs":["https:\/\/www.facebook.com\/ucatolicacolombia","https:\/\/x.com\/UCatolicaCol","https:\/\/www.instagram.com\/universidadcatolicadecolombia\/","https:\/\/www.linkedin.com\/company\/universidadcatolicadecolombia\/","https:\/\/www.youtube.com\/user\/UCatolicaCo"]},{"@type":"Person","@id":"https:\/\/www.ucatolica.edu.co\/portal\/#\/schema\/person\/46b982b9085fee761b48b0bd54f8b9f8","name":"Daniela Junco","url":"https:\/\/www.ucatolica.edu.co\/portal\/author\/daniela\/"}]}},"author_meta":{"display_name":"Daniela Junco","author_link":"https:\/\/www.ucatolica.edu.co\/portal\/author\/daniela\/"},"featured_img":"https:\/\/www.ucatolica.edu.co\/portal\/wp-content\/uploads\/2025\/10\/Mesa-de-trabajo-12.png","coauthors":[],"tax_additional":{"categories":{"linked":["<a href=\"https:\/\/www.ucatolica.edu.co\/portal\/category\/noticias-principales\/\" class=\"advgb-post-tax-term\">Noticias Principales<\/a>"],"unlinked":["<span class=\"advgb-post-tax-term\">Noticias Principales<\/span>"]},"tags":{"linked":["<a href=\"https:\/\/www.ucatolica.edu.co\/portal\/category\/noticias-principales\/\" class=\"advgb-post-tax-term\">Actividades Acad\u00e9micas<\/a>","<a href=\"https:\/\/www.ucatolica.edu.co\/portal\/category\/noticias-principales\/\" class=\"advgb-post-tax-term\">Coniiti 2025<\/a>","<a href=\"https:\/\/www.ucatolica.edu.co\/portal\/category\/noticias-principales\/\" class=\"advgb-post-tax-term\">Empresas<\/a>","<a href=\"https:\/\/www.ucatolica.edu.co\/portal\/category\/noticias-principales\/\" class=\"advgb-post-tax-term\">Facultad de Ingenier\u00eda<\/a>","<a href=\"https:\/\/www.ucatolica.edu.co\/portal\/category\/noticias-principales\/\" class=\"advgb-post-tax-term\">Transferencia de conocimiento<\/a>"],"unlinked":["<span class=\"advgb-post-tax-term\">Actividades Acad\u00e9micas<\/span>","<span class=\"advgb-post-tax-term\">Coniiti 2025<\/span>","<span class=\"advgb-post-tax-term\">Empresas<\/span>","<span class=\"advgb-post-tax-term\">Facultad de Ingenier\u00eda<\/span>","<span class=\"advgb-post-tax-term\">Transferencia de conocimiento<\/span>"]}},"comment_count":"0","relative_dates":{"created":"Posted 7 meses ago","modified":"Updated 7 meses ago"},"absolute_dates":{"created":"Posted on 7 octubre, 2025","modified":"Updated on 7 octubre, 2025"},"absolute_dates_time":{"created":"Posted on 7 octubre, 2025 4:32 pm","modified":"Updated on 7 octubre, 2025 4:32 pm"},"featured_img_caption":"","series_order":"","_links":{"self":[{"href":"https:\/\/www.ucatolica.edu.co\/portal\/wp-json\/wp\/v2\/posts\/123085","targetHints":{"allow":["GET"]}}],"collection":[{"href":"https:\/\/www.ucatolica.edu.co\/portal\/wp-json\/wp\/v2\/posts"}],"about":[{"href":"https:\/\/www.ucatolica.edu.co\/portal\/wp-json\/wp\/v2\/types\/post"}],"author":[{"embeddable":true,"href":"https:\/\/www.ucatolica.edu.co\/portal\/wp-json\/wp\/v2\/users\/64"}],"replies":[{"embeddable":true,"href":"https:\/\/www.ucatolica.edu.co\/portal\/wp-json\/wp\/v2\/comments?post=123085"}],"version-history":[{"count":1,"href":"https:\/\/www.ucatolica.edu.co\/portal\/wp-json\/wp\/v2\/posts\/123085\/revisions"}],"predecessor-version":[{"id":123092,"href":"https:\/\/www.ucatolica.edu.co\/portal\/wp-json\/wp\/v2\/posts\/123085\/revisions\/123092"}],"wp:featuredmedia":[{"embeddable":true,"href":"https:\/\/www.ucatolica.edu.co\/portal\/wp-json\/wp\/v2\/media\/123089"}],"wp:attachment":[{"href":"https:\/\/www.ucatolica.edu.co\/portal\/wp-json\/wp\/v2\/media?parent=123085"}],"wp:term":[{"taxonomy":"category","embeddable":true,"href":"https:\/\/www.ucatolica.edu.co\/portal\/wp-json\/wp\/v2\/categories?post=123085"},{"taxonomy":"post_tag","embeddable":true,"href":"https:\/\/www.ucatolica.edu.co\/portal\/wp-json\/wp\/v2\/tags?post=123085"}],"curies":[{"name":"wp","href":"https:\/\/api.w.org\/{rel}","templated":true}]}}