{"id":123096,"date":"2025-10-21T16:03:25","date_gmt":"2025-10-21T21:03:25","guid":{"rendered":"https:\/\/www.ucatolica.edu.co\/portal\/?p=123096"},"modified":"2025-10-21T16:03:26","modified_gmt":"2025-10-21T21:03:26","slug":"universidad-catolica-de-colombia-se-une-al-simulacro-distrital-2025-juntos-marcamos-la-diferencia-ante-las-emergencias","status":"publish","type":"post","link":"https:\/\/www.ucatolica.edu.co\/portal\/universidad-catolica-de-colombia-se-une-al-simulacro-distrital-2025-juntos-marcamos-la-diferencia-ante-las-emergencias\/","title":{"rendered":"Universidad Cat\u00f3lica de Colombia se une al Simulacro Distrital 2025: juntos marcamos la diferencia ante las emergencias"},"content":{"rendered":"\n<p>De acuerdo con la Unidad Nacional para la Gesti\u00f3n del Riesgo de Desastres (UNGRD) y el Instituto Distrital de Gesti\u00f3n del Riesgo y Cambio Clim\u00e1tico (IDIGER), el pr\u00f3ximo mi\u00e9rcoles 22 de octubre se llevar\u00e1 a cabo el Simulacro Nacional y Distrital de Evacuaci\u00f3n 2025, una jornada que busca fortalecer la preparaci\u00f3n y respuesta frente a emergencias en todo el pa\u00eds.<\/p>\n\n\n\n<p>Este a\u00f1o, el Simulacro Nacional de Respuesta a Emergencias tendr\u00e1 como epicentro la Central Hidroel\u00e9ctrica Ituango, en Antioquia, donde por primera vez se evaluar\u00e1 en tiempo real la capacidad de respuesta ante un escenario de riesgo por inundaci\u00f3n. En Bogot\u00e1, el Simulacro Distrital pondr\u00e1 a prueba la reacci\u00f3n ciudadana frente a un sismo de gran magnitud, promoviendo la cultura de autoprotecci\u00f3n y la articulaci\u00f3n entre instituciones p\u00fablicas, privadas y comunitarias.<\/p>\n\n\n\n<p><strong>Nuestra participaci\u00f3n como Universidad<\/strong><\/p>\n\n\n\n<p>La Universidad, a trav\u00e9s del \u00e1rea de Seguridad y Salud en el Trabajo, se suma activamente a esta iniciativa, invitando a toda la comunidad acad\u00e9mica a participar con responsabilidad y compromiso.<\/p>\n\n\n\n<p>La jornada se desarrollar\u00e1 en las siguientes franjas horarias:<\/p>\n\n\n\n<p><strong>Jornada AM: <\/strong><\/p>\n\n\n\n<p><strong>Inicio de simulacro <\/strong>10:00 am<\/p>\n\n\n\n<p>Realiza la t\u00e9cnica de autoprotecci\u00f3n ante sismo&nbsp;<\/p>\n\n\n\n<p><strong>Inicio de la evacuaci\u00f3n <\/strong>10:05 am<\/p>\n\n\n\n<p>Una vez inicie la alarma, evacua dirigi\u00e9ndote al punto de encuentro.<\/p>\n\n\n\n<p>Conserva la calma y atiende las recomendaciones de los brigadistas.<\/p>\n\n\n\n<p><strong>En el punto de encuentro <\/strong>10:10 am<\/p>\n\n\n\n<p>Ub\u00edcate en el punto de encuentro preestablecido y en forma ordenada.<br>&nbsp;Espera el informe de cierre y autorizaci\u00f3n de regreso a las instalaciones.<\/p>\n\n\n\n<p><strong>Reingreso a las labores <\/strong>&nbsp;10:25 am<\/p>\n\n\n\n<p>Retorna a tus actividades de forma ordenada, la jornada acad\u00e9mica continuar\u00e1 con normalidad.<\/p>\n\n\n\n<p>Sedes El Claustro, Sede 4, Carrera 13 y Las Torres.<\/p>\n\n\n\n<p><strong>Jornada PM<\/strong><\/p>\n\n\n\n<p><strong>Inicio de simulacro <\/strong>7:00 pm<\/p>\n\n\n\n<p>Realiza la t\u00e9cnica de autoprotecci\u00f3n ante sismo&nbsp;<\/p>\n\n\n\n<p><strong>Inicio de la evacuaci\u00f3n <\/strong>7:05 pm<\/p>\n\n\n\n<p>Una vez inicie la alarma, Evacua dirigi\u00e9ndote al punto de encuentro.<\/p>\n\n\n\n<p>Conserva la calma y atiende las recomendaciones de los brigadistas.<\/p>\n\n\n\n<p><strong>En el punto de encuentro <\/strong>7:10 pm<\/p>\n\n\n\n<p>Ub\u00edcate en el punto de encuentro preestablecido y en forma ordenada.<br>&nbsp;Espera el informe de cierre y autorizaci\u00f3n de regreso a las instalaciones.<\/p>\n\n\n\n<p><strong>Reingreso a las labores <\/strong>&nbsp;7:25 pm<\/p>\n\n\n\n<p>Retorna a tus actividades de forma ordenada, la jornada acad\u00e9mica continuar\u00e1 con normalidad.<\/p>\n\n\n\n<p>Sede 4<\/p>\n\n\n\n<p><strong>Recomendaciones de autoprotecci\u00f3n<\/strong><\/p>\n\n\n\n<p>Durante un sismo, recuerda:<\/p>\n\n\n\n<ul class=\"wp-block-list\">\n<li>Mantente alejado de ventanas, vidrios, espejos y objetos que puedan caer.<\/li>\n\n\n\n<li>Si no hay una mesa o escritorio cerca, c\u00fabrete la cara y la cabeza con los brazos y ag\u00e1chate hasta que el movimiento termine.<\/li>\n\n\n\n<li>No corras, conserva la calma y sigue las indicaciones de los brigadistas.<\/li>\n<\/ul>\n\n\n\n<p><strong>Una acci\u00f3n preventiva que salva vidas<\/strong><\/p>\n\n\n\n<p>La UNGRD y el IDIGER destacan que el Simulacro Nacional y Distrital 2025 es una oportunidad para fortalecer la preparaci\u00f3n institucional y ciudadana, medir la capacidad de respuesta y promover una cultura de prevenci\u00f3n frente a emergencias.<\/p>\n\n\n\n<p>Desde la Universidad Cat\u00f3lica de Colombia reiteramos nuestro compromiso con la seguridad y el bienestar de toda la comunidad universitaria.<\/p>\n\n\n\n<p><strong>Nos unimos al Simulacro Distrital este 22 de octubre. \u00a1Juntos marcamos la diferencia ante las emergencias!<\/strong><\/p>\n\n\n\n<p>Conoce los puntos de encuentro que tenemos en nuestras instalaciones:<\/p>\n\n\n\n<figure class=\"wp-block-embed is-type-video is-provider-youtube wp-block-embed-youtube wp-embed-aspect-16-9 wp-has-aspect-ratio\"><div class=\"wp-block-embed__wrapper\">\n<div class=\"video-container\"><iframe title=\"Protocolo de emergencias 2023\" width=\"500\" height=\"281\" src=\"https:\/\/www.youtube.com\/embed\/7EpQsoy7nZM?feature=oembed\" frameborder=\"0\" allow=\"accelerometer; autoplay; clipboard-write; encrypted-media; gyroscope; picture-in-picture; web-share\" referrerpolicy=\"strict-origin-when-cross-origin\" allowfullscreen><\/iframe><\/div>\n<\/div><\/figure>\n\n\n\n<p>Con acciones como esta, la Universidad Cat\u00f3lica de Colombia reafirma su compromiso con la formaci\u00f3n integral, la cultura de la prevenci\u00f3n y el fortalecimiento de entornos seguros para toda su comunidad.<\/p>\n","protected":false},"excerpt":{"rendered":"<p>De acuerdo con la Unidad Nacional para la Gesti\u00f3n del Riesgo de Desastres (UNGRD) y el Instituto Distrital de Gesti\u00f3n del Riesgo y Cambio Clim\u00e1tico (IDIGER), el pr\u00f3ximo mi\u00e9rcoles 22 de octubre se llevar\u00e1 a cabo el Simulacro Nacional y Distrital de Evacuaci\u00f3n 2025, una jornada que busca fortalecer la preparaci\u00f3n y respuesta frente a [&hellip;]<\/p>\n","protected":false},"author":64,"featured_media":0,"comment_status":"open","ping_status":"open","sticky":false,"template":"","format":"standard","meta":{"_acf_changed":false,"advgb_blocks_editor_width":"","advgb_blocks_columns_visual_guide":"","footnotes":""},"categories":[738],"tags":[915,1107,2727,668,2069],"class_list":["post-123096","post","type-post","status-publish","format-standard","hentry","category-actividades","tag-emergencias","tag-recomendaciones","tag-responsabiliad-social","tag-seguridad-y-salud-en-el-trabajo","tag-simulacro-de-evacuacion-distrital"],"acf":[],"yoast_head":"<!-- This site is optimized with the Yoast SEO plugin v26.7 - https:\/\/yoast.com\/wordpress\/plugins\/seo\/ -->\n<title>Universidad Cat\u00f3lica de Colombia se une al Simulacro Distrital 2025: juntos marcamos la diferencia ante las emergencias - Universidad Cat\u00f3lica De Colombia<\/title>\n<meta name=\"robots\" content=\"index, follow, max-snippet:-1, max-image-preview:large, max-video-preview:-1\" \/>\n<link rel=\"canonical\" href=\"https:\/\/www.ucatolica.edu.co\/portal\/universidad-catolica-de-colombia-se-une-al-simulacro-distrital-2025-juntos-marcamos-la-diferencia-ante-las-emergencias\/\" \/>\n<meta property=\"og:locale\" content=\"es_ES\" \/>\n<meta property=\"og:type\" content=\"article\" \/>\n<meta property=\"og:title\" content=\"Universidad Cat\u00f3lica de Colombia se une al Simulacro Distrital 2025: juntos marcamos la diferencia ante las emergencias - Universidad Cat\u00f3lica De Colombia\" \/>\n<meta property=\"og:description\" content=\"De acuerdo con la Unidad Nacional para la Gesti\u00f3n del Riesgo de Desastres (UNGRD) y el Instituto Distrital de Gesti\u00f3n del Riesgo y Cambio Clim\u00e1tico (IDIGER), el pr\u00f3ximo mi\u00e9rcoles 22 de octubre se llevar\u00e1 a cabo el Simulacro Nacional y Distrital de Evacuaci\u00f3n 2025, una jornada que busca fortalecer la preparaci\u00f3n y respuesta frente a [&hellip;]\" \/>\n<meta property=\"og:url\" content=\"https:\/\/www.ucatolica.edu.co\/portal\/universidad-catolica-de-colombia-se-une-al-simulacro-distrital-2025-juntos-marcamos-la-diferencia-ante-las-emergencias\/\" \/>\n<meta property=\"og:site_name\" content=\"Universidad Cat\u00f3lica De Colombia\" \/>\n<meta property=\"article:publisher\" content=\"https:\/\/www.facebook.com\/ucatolicacolombia\" \/>\n<meta property=\"article:published_time\" content=\"2025-10-21T21:03:25+00:00\" \/>\n<meta property=\"article:modified_time\" content=\"2025-10-21T21:03:26+00:00\" \/>\n<meta name=\"author\" content=\"Daniela Junco\" \/>\n<meta name=\"twitter:card\" content=\"summary_large_image\" \/>\n<meta name=\"twitter:creator\" content=\"@UCatolicaCol\" \/>\n<meta name=\"twitter:site\" content=\"@UCatolicaCol\" \/>\n<meta name=\"twitter:label1\" content=\"Escrito por\" \/>\n\t<meta name=\"twitter:data1\" content=\"Daniela Junco\" \/>\n\t<meta name=\"twitter:label2\" content=\"Tiempo de lectura\" \/>\n\t<meta name=\"twitter:data2\" content=\"3 minutos\" \/>\n<script type=\"application\/ld+json\" class=\"yoast-schema-graph\">{\"@context\":\"https:\/\/schema.org\",\"@graph\":[{\"@type\":\"Article\",\"@id\":\"https:\/\/www.ucatolica.edu.co\/portal\/universidad-catolica-de-colombia-se-une-al-simulacro-distrital-2025-juntos-marcamos-la-diferencia-ante-las-emergencias\/#article\",\"isPartOf\":{\"@id\":\"https:\/\/www.ucatolica.edu.co\/portal\/universidad-catolica-de-colombia-se-une-al-simulacro-distrital-2025-juntos-marcamos-la-diferencia-ante-las-emergencias\/\"},\"author\":{\"name\":\"Daniela Junco\",\"@id\":\"https:\/\/www.ucatolica.edu.co\/portal\/#\/schema\/person\/46b982b9085fee761b48b0bd54f8b9f8\"},\"headline\":\"Universidad Cat\u00f3lica de Colombia se une al Simulacro Distrital 2025: juntos marcamos la diferencia ante las emergencias\",\"datePublished\":\"2025-10-21T21:03:25+00:00\",\"dateModified\":\"2025-10-21T21:03:26+00:00\",\"mainEntityOfPage\":{\"@id\":\"https:\/\/www.ucatolica.edu.co\/portal\/universidad-catolica-de-colombia-se-une-al-simulacro-distrital-2025-juntos-marcamos-la-diferencia-ante-las-emergencias\/\"},\"wordCount\":598,\"commentCount\":0,\"publisher\":{\"@id\":\"https:\/\/www.ucatolica.edu.co\/portal\/#organization\"},\"keywords\":[\"Emergencias\",\"Recomendaciones\",\"Responsabiliad Social\",\"Seguridad y Salud en el Trabajo\",\"Simulacro de Evacuaci\u00f3n Distrital\"],\"articleSection\":[\"Actividades\"],\"inLanguage\":\"es-CO\"},{\"@type\":\"WebPage\",\"@id\":\"https:\/\/www.ucatolica.edu.co\/portal\/universidad-catolica-de-colombia-se-une-al-simulacro-distrital-2025-juntos-marcamos-la-diferencia-ante-las-emergencias\/\",\"url\":\"https:\/\/www.ucatolica.edu.co\/portal\/universidad-catolica-de-colombia-se-une-al-simulacro-distrital-2025-juntos-marcamos-la-diferencia-ante-las-emergencias\/\",\"name\":\"Universidad Cat\u00f3lica de Colombia se une al Simulacro Distrital 2025: juntos marcamos la diferencia ante las emergencias - Universidad Cat\u00f3lica De Colombia\",\"isPartOf\":{\"@id\":\"https:\/\/www.ucatolica.edu.co\/portal\/#website\"},\"datePublished\":\"2025-10-21T21:03:25+00:00\",\"dateModified\":\"2025-10-21T21:03:26+00:00\",\"breadcrumb\":{\"@id\":\"https:\/\/www.ucatolica.edu.co\/portal\/universidad-catolica-de-colombia-se-une-al-simulacro-distrital-2025-juntos-marcamos-la-diferencia-ante-las-emergencias\/#breadcrumb\"},\"inLanguage\":\"es-CO\",\"potentialAction\":[{\"@type\":\"ReadAction\",\"target\":[\"https:\/\/www.ucatolica.edu.co\/portal\/universidad-catolica-de-colombia-se-une-al-simulacro-distrital-2025-juntos-marcamos-la-diferencia-ante-las-emergencias\/\"]}]},{\"@type\":\"BreadcrumbList\",\"@id\":\"https:\/\/www.ucatolica.edu.co\/portal\/universidad-catolica-de-colombia-se-une-al-simulacro-distrital-2025-juntos-marcamos-la-diferencia-ante-las-emergencias\/#breadcrumb\",\"itemListElement\":[{\"@type\":\"ListItem\",\"position\":1,\"name\":\"Inicio\",\"item\":\"https:\/\/www.ucatolica.edu.co\/portal\/\"},{\"@type\":\"ListItem\",\"position\":2,\"name\":\"Universidad Cat\u00f3lica de Colombia se une al Simulacro Distrital 2025: juntos marcamos la diferencia ante las emergencias\"}]},{\"@type\":\"WebSite\",\"@id\":\"https:\/\/www.ucatolica.edu.co\/portal\/#website\",\"url\":\"https:\/\/www.ucatolica.edu.co\/portal\/\",\"name\":\"Universidad Cat\u00f3lica De Colombia\",\"description\":\"Universidad Cat\u00f3lica De Colombia\",\"publisher\":{\"@id\":\"https:\/\/www.ucatolica.edu.co\/portal\/#organization\"},\"potentialAction\":[{\"@type\":\"SearchAction\",\"target\":{\"@type\":\"EntryPoint\",\"urlTemplate\":\"https:\/\/www.ucatolica.edu.co\/portal\/?s={search_term_string}\"},\"query-input\":{\"@type\":\"PropertyValueSpecification\",\"valueRequired\":true,\"valueName\":\"search_term_string\"}}],\"inLanguage\":\"es-CO\"},{\"@type\":\"Organization\",\"@id\":\"https:\/\/www.ucatolica.edu.co\/portal\/#organization\",\"name\":\"Universidad Cat\u00f3lica de Colombia\",\"url\":\"https:\/\/www.ucatolica.edu.co\/portal\/\",\"logo\":{\"@type\":\"ImageObject\",\"inLanguage\":\"es-CO\",\"@id\":\"https:\/\/www.ucatolica.edu.co\/portal\/#\/schema\/logo\/image\/\",\"url\":\"https:\/\/www.ucatolica.edu.co\/portal\/wp-content\/uploads\/2021\/06\/logo-header-ho-1.svg\",\"contentUrl\":\"https:\/\/www.ucatolica.edu.co\/portal\/wp-content\/uploads\/2021\/06\/logo-header-ho-1.svg\",\"width\":1,\"height\":1,\"caption\":\"Universidad Cat\u00f3lica de Colombia\"},\"image\":{\"@id\":\"https:\/\/www.ucatolica.edu.co\/portal\/#\/schema\/logo\/image\/\"},\"sameAs\":[\"https:\/\/www.facebook.com\/ucatolicacolombia\",\"https:\/\/x.com\/UCatolicaCol\",\"https:\/\/www.instagram.com\/universidadcatolicadecolombia\/\",\"https:\/\/www.linkedin.com\/company\/universidadcatolicadecolombia\/\",\"https:\/\/www.youtube.com\/user\/UCatolicaCo\"]},{\"@type\":\"Person\",\"@id\":\"https:\/\/www.ucatolica.edu.co\/portal\/#\/schema\/person\/46b982b9085fee761b48b0bd54f8b9f8\",\"name\":\"Daniela Junco\",\"url\":\"https:\/\/www.ucatolica.edu.co\/portal\/author\/daniela\/\"}]}<\/script>\n<!-- \/ Yoast SEO plugin. -->","yoast_head_json":{"title":"Universidad Cat\u00f3lica de Colombia se une al Simulacro Distrital 2025: juntos marcamos la diferencia ante las emergencias - Universidad Cat\u00f3lica De Colombia","robots":{"index":"index","follow":"follow","max-snippet":"max-snippet:-1","max-image-preview":"max-image-preview:large","max-video-preview":"max-video-preview:-1"},"canonical":"https:\/\/www.ucatolica.edu.co\/portal\/universidad-catolica-de-colombia-se-une-al-simulacro-distrital-2025-juntos-marcamos-la-diferencia-ante-las-emergencias\/","og_locale":"es_ES","og_type":"article","og_title":"Universidad Cat\u00f3lica de Colombia se une al Simulacro Distrital 2025: juntos marcamos la diferencia ante las emergencias - Universidad Cat\u00f3lica De Colombia","og_description":"De acuerdo con la Unidad Nacional para la Gesti\u00f3n del Riesgo de Desastres (UNGRD) y el Instituto Distrital de Gesti\u00f3n del Riesgo y Cambio Clim\u00e1tico (IDIGER), el pr\u00f3ximo mi\u00e9rcoles 22 de octubre se llevar\u00e1 a cabo el Simulacro Nacional y Distrital de Evacuaci\u00f3n 2025, una jornada que busca fortalecer la preparaci\u00f3n y respuesta frente a [&hellip;]","og_url":"https:\/\/www.ucatolica.edu.co\/portal\/universidad-catolica-de-colombia-se-une-al-simulacro-distrital-2025-juntos-marcamos-la-diferencia-ante-las-emergencias\/","og_site_name":"Universidad Cat\u00f3lica De Colombia","article_publisher":"https:\/\/www.facebook.com\/ucatolicacolombia","article_published_time":"2025-10-21T21:03:25+00:00","article_modified_time":"2025-10-21T21:03:26+00:00","author":"Daniela Junco","twitter_card":"summary_large_image","twitter_creator":"@UCatolicaCol","twitter_site":"@UCatolicaCol","twitter_misc":{"Escrito por":"Daniela Junco","Tiempo de lectura":"3 minutos"},"schema":{"@context":"https:\/\/schema.org","@graph":[{"@type":"Article","@id":"https:\/\/www.ucatolica.edu.co\/portal\/universidad-catolica-de-colombia-se-une-al-simulacro-distrital-2025-juntos-marcamos-la-diferencia-ante-las-emergencias\/#article","isPartOf":{"@id":"https:\/\/www.ucatolica.edu.co\/portal\/universidad-catolica-de-colombia-se-une-al-simulacro-distrital-2025-juntos-marcamos-la-diferencia-ante-las-emergencias\/"},"author":{"name":"Daniela Junco","@id":"https:\/\/www.ucatolica.edu.co\/portal\/#\/schema\/person\/46b982b9085fee761b48b0bd54f8b9f8"},"headline":"Universidad Cat\u00f3lica de Colombia se une al Simulacro Distrital 2025: juntos marcamos la diferencia ante las emergencias","datePublished":"2025-10-21T21:03:25+00:00","dateModified":"2025-10-21T21:03:26+00:00","mainEntityOfPage":{"@id":"https:\/\/www.ucatolica.edu.co\/portal\/universidad-catolica-de-colombia-se-une-al-simulacro-distrital-2025-juntos-marcamos-la-diferencia-ante-las-emergencias\/"},"wordCount":598,"commentCount":0,"publisher":{"@id":"https:\/\/www.ucatolica.edu.co\/portal\/#organization"},"keywords":["Emergencias","Recomendaciones","Responsabiliad Social","Seguridad y Salud en el Trabajo","Simulacro de Evacuaci\u00f3n Distrital"],"articleSection":["Actividades"],"inLanguage":"es-CO"},{"@type":"WebPage","@id":"https:\/\/www.ucatolica.edu.co\/portal\/universidad-catolica-de-colombia-se-une-al-simulacro-distrital-2025-juntos-marcamos-la-diferencia-ante-las-emergencias\/","url":"https:\/\/www.ucatolica.edu.co\/portal\/universidad-catolica-de-colombia-se-une-al-simulacro-distrital-2025-juntos-marcamos-la-diferencia-ante-las-emergencias\/","name":"Universidad Cat\u00f3lica de Colombia se une al Simulacro Distrital 2025: juntos marcamos la diferencia ante las emergencias - Universidad Cat\u00f3lica De Colombia","isPartOf":{"@id":"https:\/\/www.ucatolica.edu.co\/portal\/#website"},"datePublished":"2025-10-21T21:03:25+00:00","dateModified":"2025-10-21T21:03:26+00:00","breadcrumb":{"@id":"https:\/\/www.ucatolica.edu.co\/portal\/universidad-catolica-de-colombia-se-une-al-simulacro-distrital-2025-juntos-marcamos-la-diferencia-ante-las-emergencias\/#breadcrumb"},"inLanguage":"es-CO","potentialAction":[{"@type":"ReadAction","target":["https:\/\/www.ucatolica.edu.co\/portal\/universidad-catolica-de-colombia-se-une-al-simulacro-distrital-2025-juntos-marcamos-la-diferencia-ante-las-emergencias\/"]}]},{"@type":"BreadcrumbList","@id":"https:\/\/www.ucatolica.edu.co\/portal\/universidad-catolica-de-colombia-se-une-al-simulacro-distrital-2025-juntos-marcamos-la-diferencia-ante-las-emergencias\/#breadcrumb","itemListElement":[{"@type":"ListItem","position":1,"name":"Inicio","item":"https:\/\/www.ucatolica.edu.co\/portal\/"},{"@type":"ListItem","position":2,"name":"Universidad Cat\u00f3lica de Colombia se une al Simulacro Distrital 2025: juntos marcamos la diferencia ante las emergencias"}]},{"@type":"WebSite","@id":"https:\/\/www.ucatolica.edu.co\/portal\/#website","url":"https:\/\/www.ucatolica.edu.co\/portal\/","name":"Universidad Cat\u00f3lica De Colombia","description":"Universidad Cat\u00f3lica De Colombia","publisher":{"@id":"https:\/\/www.ucatolica.edu.co\/portal\/#organization"},"potentialAction":[{"@type":"SearchAction","target":{"@type":"EntryPoint","urlTemplate":"https:\/\/www.ucatolica.edu.co\/portal\/?s={search_term_string}"},"query-input":{"@type":"PropertyValueSpecification","valueRequired":true,"valueName":"search_term_string"}}],"inLanguage":"es-CO"},{"@type":"Organization","@id":"https:\/\/www.ucatolica.edu.co\/portal\/#organization","name":"Universidad Cat\u00f3lica de Colombia","url":"https:\/\/www.ucatolica.edu.co\/portal\/","logo":{"@type":"ImageObject","inLanguage":"es-CO","@id":"https:\/\/www.ucatolica.edu.co\/portal\/#\/schema\/logo\/image\/","url":"https:\/\/www.ucatolica.edu.co\/portal\/wp-content\/uploads\/2021\/06\/logo-header-ho-1.svg","contentUrl":"https:\/\/www.ucatolica.edu.co\/portal\/wp-content\/uploads\/2021\/06\/logo-header-ho-1.svg","width":1,"height":1,"caption":"Universidad Cat\u00f3lica de Colombia"},"image":{"@id":"https:\/\/www.ucatolica.edu.co\/portal\/#\/schema\/logo\/image\/"},"sameAs":["https:\/\/www.facebook.com\/ucatolicacolombia","https:\/\/x.com\/UCatolicaCol","https:\/\/www.instagram.com\/universidadcatolicadecolombia\/","https:\/\/www.linkedin.com\/company\/universidadcatolicadecolombia\/","https:\/\/www.youtube.com\/user\/UCatolicaCo"]},{"@type":"Person","@id":"https:\/\/www.ucatolica.edu.co\/portal\/#\/schema\/person\/46b982b9085fee761b48b0bd54f8b9f8","name":"Daniela Junco","url":"https:\/\/www.ucatolica.edu.co\/portal\/author\/daniela\/"}]}},"author_meta":{"display_name":"Daniela Junco","author_link":"https:\/\/www.ucatolica.edu.co\/portal\/author\/daniela\/"},"featured_img":null,"coauthors":[],"tax_additional":{"categories":{"linked":["<a href=\"https:\/\/www.ucatolica.edu.co\/portal\/category\/actividades\/\" class=\"advgb-post-tax-term\">Actividades<\/a>"],"unlinked":["<span class=\"advgb-post-tax-term\">Actividades<\/span>"]},"tags":{"linked":["<a href=\"https:\/\/www.ucatolica.edu.co\/portal\/category\/actividades\/\" class=\"advgb-post-tax-term\">Emergencias<\/a>","<a href=\"https:\/\/www.ucatolica.edu.co\/portal\/category\/actividades\/\" class=\"advgb-post-tax-term\">Recomendaciones<\/a>","<a href=\"https:\/\/www.ucatolica.edu.co\/portal\/category\/actividades\/\" class=\"advgb-post-tax-term\">Responsabiliad Social<\/a>","<a href=\"https:\/\/www.ucatolica.edu.co\/portal\/category\/actividades\/\" class=\"advgb-post-tax-term\">Seguridad y Salud en el Trabajo<\/a>","<a href=\"https:\/\/www.ucatolica.edu.co\/portal\/category\/actividades\/\" class=\"advgb-post-tax-term\">Simulacro de Evacuaci\u00f3n Distrital<\/a>"],"unlinked":["<span class=\"advgb-post-tax-term\">Emergencias<\/span>","<span class=\"advgb-post-tax-term\">Recomendaciones<\/span>","<span class=\"advgb-post-tax-term\">Responsabiliad Social<\/span>","<span class=\"advgb-post-tax-term\">Seguridad y Salud en el Trabajo<\/span>","<span class=\"advgb-post-tax-term\">Simulacro de Evacuaci\u00f3n Distrital<\/span>"]}},"comment_count":"0","relative_dates":{"created":"Posted 6 meses ago","modified":"Updated 6 meses ago"},"absolute_dates":{"created":"Posted on 21 octubre, 2025","modified":"Updated on 21 octubre, 2025"},"absolute_dates_time":{"created":"Posted on 21 octubre, 2025 4:03 pm","modified":"Updated on 21 octubre, 2025 4:03 pm"},"featured_img_caption":"","series_order":"","_links":{"self":[{"href":"https:\/\/www.ucatolica.edu.co\/portal\/wp-json\/wp\/v2\/posts\/123096","targetHints":{"allow":["GET"]}}],"collection":[{"href":"https:\/\/www.ucatolica.edu.co\/portal\/wp-json\/wp\/v2\/posts"}],"about":[{"href":"https:\/\/www.ucatolica.edu.co\/portal\/wp-json\/wp\/v2\/types\/post"}],"author":[{"embeddable":true,"href":"https:\/\/www.ucatolica.edu.co\/portal\/wp-json\/wp\/v2\/users\/64"}],"replies":[{"embeddable":true,"href":"https:\/\/www.ucatolica.edu.co\/portal\/wp-json\/wp\/v2\/comments?post=123096"}],"version-history":[{"count":4,"href":"https:\/\/www.ucatolica.edu.co\/portal\/wp-json\/wp\/v2\/posts\/123096\/revisions"}],"predecessor-version":[{"id":123175,"href":"https:\/\/www.ucatolica.edu.co\/portal\/wp-json\/wp\/v2\/posts\/123096\/revisions\/123175"}],"wp:attachment":[{"href":"https:\/\/www.ucatolica.edu.co\/portal\/wp-json\/wp\/v2\/media?parent=123096"}],"wp:term":[{"taxonomy":"category","embeddable":true,"href":"https:\/\/www.ucatolica.edu.co\/portal\/wp-json\/wp\/v2\/categories?post=123096"},{"taxonomy":"post_tag","embeddable":true,"href":"https:\/\/www.ucatolica.edu.co\/portal\/wp-json\/wp\/v2\/tags?post=123096"}],"curies":[{"name":"wp","href":"https:\/\/api.w.org\/{rel}","templated":true}]}}