{"id":123101,"date":"2025-10-08T12:52:22","date_gmt":"2025-10-08T17:52:22","guid":{"rendered":"https:\/\/www.ucatolica.edu.co\/portal\/?p=123101"},"modified":"2025-10-08T12:52:22","modified_gmt":"2025-10-08T17:52:22","slug":"nuestra-universidad-fortalece-su-red-de-egresados-en-el-viii-encuentro-internacional-en-cartagena","status":"publish","type":"post","link":"https:\/\/www.ucatolica.edu.co\/portal\/nuestra-universidad-fortalece-su-red-de-egresados-en-el-viii-encuentro-internacional-en-cartagena\/","title":{"rendered":"Nuestra Universidad fortalece su Red de Egresados en el VIII Encuentro Internacional en Cartagena"},"content":{"rendered":"\n<p>La Universidad Cat\u00f3lica de Colombia, a trav\u00e9s de su Direcci\u00f3n de Extensi\u00f3n, la Coordinaci\u00f3n de Egresados y la Coordinaci\u00f3n de Empleabilidad y Pr\u00e1cticas, particip\u00f3 activamente en el VIII Encuentro Internacional de Unidades de Graduados y Egresados: Innovaci\u00f3n y Conexi\u00f3n en la Era de la IA, un evento de gran relevancia en el \u00e1mbito acad\u00e9mico y laboral, que se celebr\u00f3 del 24 al 26 de septiembre en la Universidad de Cartagena.<\/p>\n\n\n\n<p>El encuentro, que reuni\u00f3 a destacados expertos nacionales e internacionales en \u00e1reas clave como la gesti\u00f3n de graduados, empleabilidad y acreditaci\u00f3n de calidad, cont\u00f3 con la participaci\u00f3n de importantes entidades como la Asociaci\u00f3n Colombiana de Universidades (ASCUN) y el Consejo Nacional de Acreditaci\u00f3n (CNA). Este espacio se convirti\u00f3 en un punto de convergencia para discutir las tendencias emergentes y los desaf\u00edos que enfrenta la educaci\u00f3n superior en el contexto de la digitalizaci\u00f3n y la inteligencia artificial.<\/p>\n\n\n\n<p>Durante tres d\u00edas de intensas jornadas, la Universidad Cat\u00f3lica de Colombia consolid\u00f3 importantes alianzas estrat\u00e9gicas con empresas del sector privado como CompuTrabajo, Redarbor, Reqlut y Rubica. Asimismo, estrech\u00f3 lazos con universidades de prestigio como la Universidad Militar Nueva Granada, la Escuela Colombiana de Ingenier\u00eda, la Universidad Tecnol\u00f3gica de Bol\u00edvar y la Universidad Sim\u00f3n Bol\u00edvar de Barranquilla. Estas alianzas fortalecer\u00e1n la red de egresados de la Cat\u00f3lica, favoreciendo el intercambio de conocimientos y la generaci\u00f3n de oportunidades laborales para los graduados.<\/p>\n\n\n\n<figure class=\"wp-block-image size-large\"><img decoding=\"async\" src=\"https:\/\/img.masterbase.com\/v2\/1\/5033\/b\/1\/Egresadoscart.jpg\"\/><\/figure>\n\n\n\n<p>El evento tambi\u00e9n brind\u00f3 un espacio para el intercambio de buenas pr\u00e1cticas y estrategias innovadoras en la gesti\u00f3n de egresados, con un enfoque especial en la empleabilidad y los retos que enfrenta la educaci\u00f3n superior frente al mercado laboral y la transformaci\u00f3n digital. A trav\u00e9s de mesas de trabajo, los participantes discutieron c\u00f3mo mejorar la conexi\u00f3n entre las universidades, los egresados y las empresas, adapt\u00e1ndose a las nuevas demandas del entorno profesional.<\/p>\n\n\n\n<p>La Universidad Cat\u00f3lica de Colombia, como instituci\u00f3n comprometida con el fortalecimiento de su comunidad de egresados, reafirma su papel como un actor clave en la transformaci\u00f3n educativa y la creaci\u00f3n de oportunidades de desarrollo para sus graduados en el mundo laboral.<\/p>\n","protected":false},"excerpt":{"rendered":"<p>La Universidad Cat\u00f3lica de Colombia, a trav\u00e9s de su Direcci\u00f3n de Extensi\u00f3n, la Coordinaci\u00f3n de Egresados y la Coordinaci\u00f3n de Empleabilidad y Pr\u00e1cticas, particip\u00f3 activamente en el VIII Encuentro Internacional de Unidades de Graduados y Egresados: Innovaci\u00f3n y Conexi\u00f3n en la Era de la IA, un evento de gran relevancia en el \u00e1mbito acad\u00e9mico y [&hellip;]<\/p>\n","protected":false},"author":4,"featured_media":123102,"comment_status":"open","ping_status":"open","sticky":false,"template":"","format":"standard","meta":{"_acf_changed":false,"advgb_blocks_editor_width":"","advgb_blocks_columns_visual_guide":"","footnotes":""},"categories":[93],"tags":[190,779,3299,1467,3298],"class_list":["post-123101","post","type-post","status-publish","format-standard","has-post-thumbnail","hentry","category-noticias-principales","tag-ascun","tag-coordinacion-de-egresados","tag-encuentro-internacional-de-egresados","tag-practicas","tag-red-de-egresados"],"acf":[],"yoast_head":"<!-- This site is optimized with the Yoast SEO plugin v26.7 - https:\/\/yoast.com\/wordpress\/plugins\/seo\/ -->\n<title>Nuestra Universidad fortalece su Red de Egresados en el VIII Encuentro Internacional en Cartagena - Universidad Cat\u00f3lica De Colombia<\/title>\n<meta name=\"robots\" content=\"index, follow, max-snippet:-1, max-image-preview:large, max-video-preview:-1\" \/>\n<link rel=\"canonical\" href=\"https:\/\/www.ucatolica.edu.co\/portal\/nuestra-universidad-fortalece-su-red-de-egresados-en-el-viii-encuentro-internacional-en-cartagena\/\" \/>\n<meta property=\"og:locale\" content=\"es_ES\" \/>\n<meta property=\"og:type\" content=\"article\" \/>\n<meta property=\"og:title\" content=\"Nuestra Universidad fortalece su Red de Egresados en el VIII Encuentro Internacional en Cartagena - Universidad Cat\u00f3lica De Colombia\" \/>\n<meta property=\"og:description\" content=\"La Universidad Cat\u00f3lica de Colombia, a trav\u00e9s de su Direcci\u00f3n de Extensi\u00f3n, la Coordinaci\u00f3n de Egresados y la Coordinaci\u00f3n de Empleabilidad y Pr\u00e1cticas, particip\u00f3 activamente en el VIII Encuentro Internacional de Unidades de Graduados y Egresados: Innovaci\u00f3n y Conexi\u00f3n en la Era de la IA, un evento de gran relevancia en el \u00e1mbito acad\u00e9mico y [&hellip;]\" \/>\n<meta property=\"og:url\" content=\"https:\/\/www.ucatolica.edu.co\/portal\/nuestra-universidad-fortalece-su-red-de-egresados-en-el-viii-encuentro-internacional-en-cartagena\/\" \/>\n<meta property=\"og:site_name\" content=\"Universidad Cat\u00f3lica De Colombia\" \/>\n<meta property=\"article:publisher\" content=\"https:\/\/www.facebook.com\/ucatolicacolombia\" \/>\n<meta property=\"article:published_time\" content=\"2025-10-08T17:52:22+00:00\" \/>\n<meta property=\"og:image\" content=\"https:\/\/www.ucatolica.edu.co\/portal\/wp-content\/uploads\/2025\/10\/Encuentrodeegresados.jpg\" \/>\n\t<meta property=\"og:image:width\" content=\"870\" \/>\n\t<meta property=\"og:image:height\" content=\"522\" \/>\n\t<meta property=\"og:image:type\" content=\"image\/jpeg\" \/>\n<meta name=\"author\" content=\"Cindy Lugo\" \/>\n<meta name=\"twitter:card\" content=\"summary_large_image\" \/>\n<meta name=\"twitter:creator\" content=\"@UCatolicaCol\" \/>\n<meta name=\"twitter:site\" content=\"@UCatolicaCol\" \/>\n<meta name=\"twitter:label1\" content=\"Escrito por\" \/>\n\t<meta name=\"twitter:data1\" content=\"Cindy Lugo\" \/>\n\t<meta name=\"twitter:label2\" content=\"Tiempo de lectura\" \/>\n\t<meta name=\"twitter:data2\" content=\"2 minutos\" \/>\n<script type=\"application\/ld+json\" class=\"yoast-schema-graph\">{\"@context\":\"https:\/\/schema.org\",\"@graph\":[{\"@type\":\"Article\",\"@id\":\"https:\/\/www.ucatolica.edu.co\/portal\/nuestra-universidad-fortalece-su-red-de-egresados-en-el-viii-encuentro-internacional-en-cartagena\/#article\",\"isPartOf\":{\"@id\":\"https:\/\/www.ucatolica.edu.co\/portal\/nuestra-universidad-fortalece-su-red-de-egresados-en-el-viii-encuentro-internacional-en-cartagena\/\"},\"author\":{\"name\":\"Cindy Lugo\",\"@id\":\"https:\/\/www.ucatolica.edu.co\/portal\/#\/schema\/person\/a7469afff252fba81c6cdc40c80f00b6\"},\"headline\":\"Nuestra Universidad fortalece su Red de Egresados en el VIII Encuentro Internacional en Cartagena\",\"datePublished\":\"2025-10-08T17:52:22+00:00\",\"mainEntityOfPage\":{\"@id\":\"https:\/\/www.ucatolica.edu.co\/portal\/nuestra-universidad-fortalece-su-red-de-egresados-en-el-viii-encuentro-internacional-en-cartagena\/\"},\"wordCount\":393,\"commentCount\":0,\"publisher\":{\"@id\":\"https:\/\/www.ucatolica.edu.co\/portal\/#organization\"},\"image\":{\"@id\":\"https:\/\/www.ucatolica.edu.co\/portal\/nuestra-universidad-fortalece-su-red-de-egresados-en-el-viii-encuentro-internacional-en-cartagena\/#primaryimage\"},\"thumbnailUrl\":\"https:\/\/www.ucatolica.edu.co\/portal\/wp-content\/uploads\/2025\/10\/Encuentrodeegresados.jpg\",\"keywords\":[\"ASCUN\",\"Coordinaci\u00f3n de Egresados\",\"Encuentro Internacional de Egresados\",\"Pr\u00e1cticas\",\"Red de Egresados\"],\"articleSection\":[\"Noticias Principales\"],\"inLanguage\":\"es-CO\"},{\"@type\":\"WebPage\",\"@id\":\"https:\/\/www.ucatolica.edu.co\/portal\/nuestra-universidad-fortalece-su-red-de-egresados-en-el-viii-encuentro-internacional-en-cartagena\/\",\"url\":\"https:\/\/www.ucatolica.edu.co\/portal\/nuestra-universidad-fortalece-su-red-de-egresados-en-el-viii-encuentro-internacional-en-cartagena\/\",\"name\":\"Nuestra Universidad fortalece su Red de Egresados en el VIII Encuentro Internacional en Cartagena - Universidad Cat\u00f3lica De Colombia\",\"isPartOf\":{\"@id\":\"https:\/\/www.ucatolica.edu.co\/portal\/#website\"},\"primaryImageOfPage\":{\"@id\":\"https:\/\/www.ucatolica.edu.co\/portal\/nuestra-universidad-fortalece-su-red-de-egresados-en-el-viii-encuentro-internacional-en-cartagena\/#primaryimage\"},\"image\":{\"@id\":\"https:\/\/www.ucatolica.edu.co\/portal\/nuestra-universidad-fortalece-su-red-de-egresados-en-el-viii-encuentro-internacional-en-cartagena\/#primaryimage\"},\"thumbnailUrl\":\"https:\/\/www.ucatolica.edu.co\/portal\/wp-content\/uploads\/2025\/10\/Encuentrodeegresados.jpg\",\"datePublished\":\"2025-10-08T17:52:22+00:00\",\"breadcrumb\":{\"@id\":\"https:\/\/www.ucatolica.edu.co\/portal\/nuestra-universidad-fortalece-su-red-de-egresados-en-el-viii-encuentro-internacional-en-cartagena\/#breadcrumb\"},\"inLanguage\":\"es-CO\",\"potentialAction\":[{\"@type\":\"ReadAction\",\"target\":[\"https:\/\/www.ucatolica.edu.co\/portal\/nuestra-universidad-fortalece-su-red-de-egresados-en-el-viii-encuentro-internacional-en-cartagena\/\"]}]},{\"@type\":\"ImageObject\",\"inLanguage\":\"es-CO\",\"@id\":\"https:\/\/www.ucatolica.edu.co\/portal\/nuestra-universidad-fortalece-su-red-de-egresados-en-el-viii-encuentro-internacional-en-cartagena\/#primaryimage\",\"url\":\"https:\/\/www.ucatolica.edu.co\/portal\/wp-content\/uploads\/2025\/10\/Encuentrodeegresados.jpg\",\"contentUrl\":\"https:\/\/www.ucatolica.edu.co\/portal\/wp-content\/uploads\/2025\/10\/Encuentrodeegresados.jpg\",\"width\":870,\"height\":522},{\"@type\":\"BreadcrumbList\",\"@id\":\"https:\/\/www.ucatolica.edu.co\/portal\/nuestra-universidad-fortalece-su-red-de-egresados-en-el-viii-encuentro-internacional-en-cartagena\/#breadcrumb\",\"itemListElement\":[{\"@type\":\"ListItem\",\"position\":1,\"name\":\"Inicio\",\"item\":\"https:\/\/www.ucatolica.edu.co\/portal\/\"},{\"@type\":\"ListItem\",\"position\":2,\"name\":\"Nuestra Universidad fortalece su Red de Egresados en el VIII Encuentro Internacional en Cartagena\"}]},{\"@type\":\"WebSite\",\"@id\":\"https:\/\/www.ucatolica.edu.co\/portal\/#website\",\"url\":\"https:\/\/www.ucatolica.edu.co\/portal\/\",\"name\":\"Universidad Cat\u00f3lica De Colombia\",\"description\":\"Universidad Cat\u00f3lica De Colombia\",\"publisher\":{\"@id\":\"https:\/\/www.ucatolica.edu.co\/portal\/#organization\"},\"potentialAction\":[{\"@type\":\"SearchAction\",\"target\":{\"@type\":\"EntryPoint\",\"urlTemplate\":\"https:\/\/www.ucatolica.edu.co\/portal\/?s={search_term_string}\"},\"query-input\":{\"@type\":\"PropertyValueSpecification\",\"valueRequired\":true,\"valueName\":\"search_term_string\"}}],\"inLanguage\":\"es-CO\"},{\"@type\":\"Organization\",\"@id\":\"https:\/\/www.ucatolica.edu.co\/portal\/#organization\",\"name\":\"Universidad Cat\u00f3lica de Colombia\",\"url\":\"https:\/\/www.ucatolica.edu.co\/portal\/\",\"logo\":{\"@type\":\"ImageObject\",\"inLanguage\":\"es-CO\",\"@id\":\"https:\/\/www.ucatolica.edu.co\/portal\/#\/schema\/logo\/image\/\",\"url\":\"https:\/\/www.ucatolica.edu.co\/portal\/wp-content\/uploads\/2021\/06\/logo-header-ho-1.svg\",\"contentUrl\":\"https:\/\/www.ucatolica.edu.co\/portal\/wp-content\/uploads\/2021\/06\/logo-header-ho-1.svg\",\"width\":1,\"height\":1,\"caption\":\"Universidad Cat\u00f3lica de Colombia\"},\"image\":{\"@id\":\"https:\/\/www.ucatolica.edu.co\/portal\/#\/schema\/logo\/image\/\"},\"sameAs\":[\"https:\/\/www.facebook.com\/ucatolicacolombia\",\"https:\/\/x.com\/UCatolicaCol\",\"https:\/\/www.instagram.com\/universidadcatolicadecolombia\/\",\"https:\/\/www.linkedin.com\/company\/universidadcatolicadecolombia\/\",\"https:\/\/www.youtube.com\/user\/UCatolicaCo\"]},{\"@type\":\"Person\",\"@id\":\"https:\/\/www.ucatolica.edu.co\/portal\/#\/schema\/person\/a7469afff252fba81c6cdc40c80f00b6\",\"name\":\"Cindy Lugo\",\"url\":\"https:\/\/www.ucatolica.edu.co\/portal\/author\/cindy\/\"}]}<\/script>\n<!-- \/ Yoast SEO plugin. -->","yoast_head_json":{"title":"Nuestra Universidad fortalece su Red de Egresados en el VIII Encuentro Internacional en Cartagena - Universidad Cat\u00f3lica De Colombia","robots":{"index":"index","follow":"follow","max-snippet":"max-snippet:-1","max-image-preview":"max-image-preview:large","max-video-preview":"max-video-preview:-1"},"canonical":"https:\/\/www.ucatolica.edu.co\/portal\/nuestra-universidad-fortalece-su-red-de-egresados-en-el-viii-encuentro-internacional-en-cartagena\/","og_locale":"es_ES","og_type":"article","og_title":"Nuestra Universidad fortalece su Red de Egresados en el VIII Encuentro Internacional en Cartagena - Universidad Cat\u00f3lica De Colombia","og_description":"La Universidad Cat\u00f3lica de Colombia, a trav\u00e9s de su Direcci\u00f3n de Extensi\u00f3n, la Coordinaci\u00f3n de Egresados y la Coordinaci\u00f3n de Empleabilidad y Pr\u00e1cticas, particip\u00f3 activamente en el VIII Encuentro Internacional de Unidades de Graduados y Egresados: Innovaci\u00f3n y Conexi\u00f3n en la Era de la IA, un evento de gran relevancia en el \u00e1mbito acad\u00e9mico y [&hellip;]","og_url":"https:\/\/www.ucatolica.edu.co\/portal\/nuestra-universidad-fortalece-su-red-de-egresados-en-el-viii-encuentro-internacional-en-cartagena\/","og_site_name":"Universidad Cat\u00f3lica De Colombia","article_publisher":"https:\/\/www.facebook.com\/ucatolicacolombia","article_published_time":"2025-10-08T17:52:22+00:00","og_image":[{"width":870,"height":522,"url":"https:\/\/www.ucatolica.edu.co\/portal\/wp-content\/uploads\/2025\/10\/Encuentrodeegresados.jpg","type":"image\/jpeg"}],"author":"Cindy Lugo","twitter_card":"summary_large_image","twitter_creator":"@UCatolicaCol","twitter_site":"@UCatolicaCol","twitter_misc":{"Escrito por":"Cindy Lugo","Tiempo de lectura":"2 minutos"},"schema":{"@context":"https:\/\/schema.org","@graph":[{"@type":"Article","@id":"https:\/\/www.ucatolica.edu.co\/portal\/nuestra-universidad-fortalece-su-red-de-egresados-en-el-viii-encuentro-internacional-en-cartagena\/#article","isPartOf":{"@id":"https:\/\/www.ucatolica.edu.co\/portal\/nuestra-universidad-fortalece-su-red-de-egresados-en-el-viii-encuentro-internacional-en-cartagena\/"},"author":{"name":"Cindy Lugo","@id":"https:\/\/www.ucatolica.edu.co\/portal\/#\/schema\/person\/a7469afff252fba81c6cdc40c80f00b6"},"headline":"Nuestra Universidad fortalece su Red de Egresados en el VIII Encuentro Internacional en Cartagena","datePublished":"2025-10-08T17:52:22+00:00","mainEntityOfPage":{"@id":"https:\/\/www.ucatolica.edu.co\/portal\/nuestra-universidad-fortalece-su-red-de-egresados-en-el-viii-encuentro-internacional-en-cartagena\/"},"wordCount":393,"commentCount":0,"publisher":{"@id":"https:\/\/www.ucatolica.edu.co\/portal\/#organization"},"image":{"@id":"https:\/\/www.ucatolica.edu.co\/portal\/nuestra-universidad-fortalece-su-red-de-egresados-en-el-viii-encuentro-internacional-en-cartagena\/#primaryimage"},"thumbnailUrl":"https:\/\/www.ucatolica.edu.co\/portal\/wp-content\/uploads\/2025\/10\/Encuentrodeegresados.jpg","keywords":["ASCUN","Coordinaci\u00f3n de Egresados","Encuentro Internacional de Egresados","Pr\u00e1cticas","Red de Egresados"],"articleSection":["Noticias Principales"],"inLanguage":"es-CO"},{"@type":"WebPage","@id":"https:\/\/www.ucatolica.edu.co\/portal\/nuestra-universidad-fortalece-su-red-de-egresados-en-el-viii-encuentro-internacional-en-cartagena\/","url":"https:\/\/www.ucatolica.edu.co\/portal\/nuestra-universidad-fortalece-su-red-de-egresados-en-el-viii-encuentro-internacional-en-cartagena\/","name":"Nuestra Universidad fortalece su Red de Egresados en el VIII Encuentro Internacional en Cartagena - Universidad Cat\u00f3lica De Colombia","isPartOf":{"@id":"https:\/\/www.ucatolica.edu.co\/portal\/#website"},"primaryImageOfPage":{"@id":"https:\/\/www.ucatolica.edu.co\/portal\/nuestra-universidad-fortalece-su-red-de-egresados-en-el-viii-encuentro-internacional-en-cartagena\/#primaryimage"},"image":{"@id":"https:\/\/www.ucatolica.edu.co\/portal\/nuestra-universidad-fortalece-su-red-de-egresados-en-el-viii-encuentro-internacional-en-cartagena\/#primaryimage"},"thumbnailUrl":"https:\/\/www.ucatolica.edu.co\/portal\/wp-content\/uploads\/2025\/10\/Encuentrodeegresados.jpg","datePublished":"2025-10-08T17:52:22+00:00","breadcrumb":{"@id":"https:\/\/www.ucatolica.edu.co\/portal\/nuestra-universidad-fortalece-su-red-de-egresados-en-el-viii-encuentro-internacional-en-cartagena\/#breadcrumb"},"inLanguage":"es-CO","potentialAction":[{"@type":"ReadAction","target":["https:\/\/www.ucatolica.edu.co\/portal\/nuestra-universidad-fortalece-su-red-de-egresados-en-el-viii-encuentro-internacional-en-cartagena\/"]}]},{"@type":"ImageObject","inLanguage":"es-CO","@id":"https:\/\/www.ucatolica.edu.co\/portal\/nuestra-universidad-fortalece-su-red-de-egresados-en-el-viii-encuentro-internacional-en-cartagena\/#primaryimage","url":"https:\/\/www.ucatolica.edu.co\/portal\/wp-content\/uploads\/2025\/10\/Encuentrodeegresados.jpg","contentUrl":"https:\/\/www.ucatolica.edu.co\/portal\/wp-content\/uploads\/2025\/10\/Encuentrodeegresados.jpg","width":870,"height":522},{"@type":"BreadcrumbList","@id":"https:\/\/www.ucatolica.edu.co\/portal\/nuestra-universidad-fortalece-su-red-de-egresados-en-el-viii-encuentro-internacional-en-cartagena\/#breadcrumb","itemListElement":[{"@type":"ListItem","position":1,"name":"Inicio","item":"https:\/\/www.ucatolica.edu.co\/portal\/"},{"@type":"ListItem","position":2,"name":"Nuestra Universidad fortalece su Red de Egresados en el VIII Encuentro Internacional en Cartagena"}]},{"@type":"WebSite","@id":"https:\/\/www.ucatolica.edu.co\/portal\/#website","url":"https:\/\/www.ucatolica.edu.co\/portal\/","name":"Universidad Cat\u00f3lica De Colombia","description":"Universidad Cat\u00f3lica De Colombia","publisher":{"@id":"https:\/\/www.ucatolica.edu.co\/portal\/#organization"},"potentialAction":[{"@type":"SearchAction","target":{"@type":"EntryPoint","urlTemplate":"https:\/\/www.ucatolica.edu.co\/portal\/?s={search_term_string}"},"query-input":{"@type":"PropertyValueSpecification","valueRequired":true,"valueName":"search_term_string"}}],"inLanguage":"es-CO"},{"@type":"Organization","@id":"https:\/\/www.ucatolica.edu.co\/portal\/#organization","name":"Universidad Cat\u00f3lica de Colombia","url":"https:\/\/www.ucatolica.edu.co\/portal\/","logo":{"@type":"ImageObject","inLanguage":"es-CO","@id":"https:\/\/www.ucatolica.edu.co\/portal\/#\/schema\/logo\/image\/","url":"https:\/\/www.ucatolica.edu.co\/portal\/wp-content\/uploads\/2021\/06\/logo-header-ho-1.svg","contentUrl":"https:\/\/www.ucatolica.edu.co\/portal\/wp-content\/uploads\/2021\/06\/logo-header-ho-1.svg","width":1,"height":1,"caption":"Universidad Cat\u00f3lica de Colombia"},"image":{"@id":"https:\/\/www.ucatolica.edu.co\/portal\/#\/schema\/logo\/image\/"},"sameAs":["https:\/\/www.facebook.com\/ucatolicacolombia","https:\/\/x.com\/UCatolicaCol","https:\/\/www.instagram.com\/universidadcatolicadecolombia\/","https:\/\/www.linkedin.com\/company\/universidadcatolicadecolombia\/","https:\/\/www.youtube.com\/user\/UCatolicaCo"]},{"@type":"Person","@id":"https:\/\/www.ucatolica.edu.co\/portal\/#\/schema\/person\/a7469afff252fba81c6cdc40c80f00b6","name":"Cindy Lugo","url":"https:\/\/www.ucatolica.edu.co\/portal\/author\/cindy\/"}]}},"author_meta":{"display_name":"Cindy Lugo","author_link":"https:\/\/www.ucatolica.edu.co\/portal\/author\/cindy\/"},"featured_img":"https:\/\/www.ucatolica.edu.co\/portal\/wp-content\/uploads\/2025\/10\/Encuentrodeegresados.jpg","coauthors":[],"tax_additional":{"categories":{"linked":["<a href=\"https:\/\/www.ucatolica.edu.co\/portal\/category\/noticias-principales\/\" class=\"advgb-post-tax-term\">Noticias Principales<\/a>"],"unlinked":["<span class=\"advgb-post-tax-term\">Noticias Principales<\/span>"]},"tags":{"linked":["<a href=\"https:\/\/www.ucatolica.edu.co\/portal\/category\/noticias-principales\/\" class=\"advgb-post-tax-term\">ASCUN<\/a>","<a href=\"https:\/\/www.ucatolica.edu.co\/portal\/category\/noticias-principales\/\" class=\"advgb-post-tax-term\">Coordinaci\u00f3n de Egresados<\/a>","<a href=\"https:\/\/www.ucatolica.edu.co\/portal\/category\/noticias-principales\/\" class=\"advgb-post-tax-term\">Encuentro Internacional de Egresados<\/a>","<a href=\"https:\/\/www.ucatolica.edu.co\/portal\/category\/noticias-principales\/\" class=\"advgb-post-tax-term\">Pr\u00e1cticas<\/a>","<a href=\"https:\/\/www.ucatolica.edu.co\/portal\/category\/noticias-principales\/\" class=\"advgb-post-tax-term\">Red de Egresados<\/a>"],"unlinked":["<span class=\"advgb-post-tax-term\">ASCUN<\/span>","<span class=\"advgb-post-tax-term\">Coordinaci\u00f3n de Egresados<\/span>","<span class=\"advgb-post-tax-term\">Encuentro Internacional de Egresados<\/span>","<span class=\"advgb-post-tax-term\">Pr\u00e1cticas<\/span>","<span class=\"advgb-post-tax-term\">Red de Egresados<\/span>"]}},"comment_count":"0","relative_dates":{"created":"Posted 7 meses ago","modified":"Updated 7 meses ago"},"absolute_dates":{"created":"Posted on 8 octubre, 2025","modified":"Updated on 8 octubre, 2025"},"absolute_dates_time":{"created":"Posted on 8 octubre, 2025 12:52 pm","modified":"Updated on 8 octubre, 2025 12:52 pm"},"featured_img_caption":"","series_order":"","_links":{"self":[{"href":"https:\/\/www.ucatolica.edu.co\/portal\/wp-json\/wp\/v2\/posts\/123101","targetHints":{"allow":["GET"]}}],"collection":[{"href":"https:\/\/www.ucatolica.edu.co\/portal\/wp-json\/wp\/v2\/posts"}],"about":[{"href":"https:\/\/www.ucatolica.edu.co\/portal\/wp-json\/wp\/v2\/types\/post"}],"author":[{"embeddable":true,"href":"https:\/\/www.ucatolica.edu.co\/portal\/wp-json\/wp\/v2\/users\/4"}],"replies":[{"embeddable":true,"href":"https:\/\/www.ucatolica.edu.co\/portal\/wp-json\/wp\/v2\/comments?post=123101"}],"version-history":[{"count":1,"href":"https:\/\/www.ucatolica.edu.co\/portal\/wp-json\/wp\/v2\/posts\/123101\/revisions"}],"predecessor-version":[{"id":123103,"href":"https:\/\/www.ucatolica.edu.co\/portal\/wp-json\/wp\/v2\/posts\/123101\/revisions\/123103"}],"wp:featuredmedia":[{"embeddable":true,"href":"https:\/\/www.ucatolica.edu.co\/portal\/wp-json\/wp\/v2\/media\/123102"}],"wp:attachment":[{"href":"https:\/\/www.ucatolica.edu.co\/portal\/wp-json\/wp\/v2\/media?parent=123101"}],"wp:term":[{"taxonomy":"category","embeddable":true,"href":"https:\/\/www.ucatolica.edu.co\/portal\/wp-json\/wp\/v2\/categories?post=123101"},{"taxonomy":"post_tag","embeddable":true,"href":"https:\/\/www.ucatolica.edu.co\/portal\/wp-json\/wp\/v2\/tags?post=123101"}],"curies":[{"name":"wp","href":"https:\/\/api.w.org\/{rel}","templated":true}]}}