{"id":123206,"date":"2025-10-16T15:57:39","date_gmt":"2025-10-16T20:57:39","guid":{"rendered":"https:\/\/www.ucatolica.edu.co\/portal\/?p=123206"},"modified":"2025-10-21T17:29:15","modified_gmt":"2025-10-21T22:29:15","slug":"foro-nacional-de-derecho-animal-un-dialogo-sobre-justicia-etica-y-la-transformacion-juridica-en-colombia","status":"publish","type":"post","link":"https:\/\/www.ucatolica.edu.co\/portal\/foro-nacional-de-derecho-animal-un-dialogo-sobre-justicia-etica-y-la-transformacion-juridica-en-colombia\/","title":{"rendered":"Foro Nacional de Derecho Animal: un di\u00e1logo sobre justicia, \u00e9tica y la transformaci\u00f3n jur\u00eddica en Colombia"},"content":{"rendered":"\n<p>El pr\u00f3ximo <strong>20 de octubr<\/strong>e, el <strong>Centro de Convenciones de la Universidad Cat\u00f3lica de Colombia<\/strong> (sede 4) se convertir\u00e1 en el escenario de un debate hist\u00f3rico: la justicia para los animales en el marco de la<strong> Ley 2385 de 2024 (#NoM\u00e1sOl\u00e9)<\/strong>, una norma que marca un hito en la defensa de los seres sintientes al prohibir las corridas de toros y otras pr\u00e1cticas de maltrato animal.<\/p>\n\n\n\n<p>Organizado por la <strong>Facultad de Derecho y el Consultorio Jur\u00eddico de la Universidad<\/strong>, este encuentro, totalmente gratuito, busca generar una profunda reflexi\u00f3n sobre el alcance jur\u00eddico, \u00e9tico y social de esta decisi\u00f3n, que redefine la relaci\u00f3n entre el ser humano, la ley y el respeto por la vida en todas sus formas.<\/p>\n\n\n\n<p>Bajo el t\u00edtulo <strong>\u201cJusticia para los animales: An\u00e1lisis de la Jurisprudencia Constitucional y Ley 2385 de 2024\u201d<\/strong>, el foro reunir\u00e1 a destacadas figuras del \u00e1mbito jur\u00eddico, legislativo y social que han sido protagonistas o impulsores de esta transformaci\u00f3n legal.<\/p>\n\n\n\n<p>Entre los invitados especiales se encuentran:<\/p>\n\n\n\n<p><strong>Aroldo Wilson Quiroz Monsalvo<\/strong>, Magistrado y Ex presidente de la Corte Suprema de Justicia; <strong>Esmeralda Hern\u00e1ndez Silva<\/strong>, Senadora de la Rep\u00fablica y autora de la Ley 2385 de 2024; <strong>Alejandro Gaviria Henao<\/strong>, excoordinador del Grupo GELMA de la Fiscal\u00eda; <strong>Antonio Hern\u00e1ndez Llamas<\/strong>, director del Instituto Distrital de Protecci\u00f3n y Bienestar Animal; y <strong>Yani Mateus<\/strong>, representante para Latinoam\u00e9rica de Animal Defenders International.<\/p>\n\n\n\n<figure class=\"wp-block-gallery has-nested-images columns-3 is-cropped wp-block-gallery-1 is-layout-flex wp-block-gallery-is-layout-flex advgb-dyn-d82684a9\">\n<figure class=\"wp-block-image size-large\"><img fetchpriority=\"high\" decoding=\"async\" width=\"286\" height=\"430\" data-id=\"123211\" src=\"https:\/\/www.ucatolica.edu.co\/portal\/wp-content\/uploads\/2025\/10\/AROLDO-WILSON-QUIROZ-MONSALVO.png\" alt=\"\" class=\"wp-image-123211\"\/><figcaption class=\"wp-element-caption\"><strong>Aroldo Wilson Quiroz Monsalvo<\/strong><\/figcaption><\/figure>\n\n\n\n<figure class=\"wp-block-image size-large\"><img decoding=\"async\" width=\"286\" height=\"430\" data-id=\"123210\" src=\"https:\/\/www.ucatolica.edu.co\/portal\/wp-content\/uploads\/2025\/10\/ESMERALDA-HERNANDEZ-SILVA.png\" alt=\"\" class=\"wp-image-123210\"\/><figcaption class=\"wp-element-caption\"><strong>Esmeralda Hern\u00e1ndez Silva<\/strong><\/figcaption><\/figure>\n\n\n\n<figure class=\"wp-block-image size-large\"><img decoding=\"async\" width=\"370\" height=\"370\" data-id=\"123209\" src=\"https:\/\/www.ucatolica.edu.co\/portal\/wp-content\/uploads\/2025\/10\/ALEJANDRO-GAVIRIA-HENAO.png\" alt=\"\" class=\"wp-image-123209\"\/><figcaption class=\"wp-element-caption\"><strong>Alejandro Gaviria Henao<\/strong><\/figcaption><\/figure>\n\n\n\n<figure class=\"wp-block-image size-large\"><img loading=\"lazy\" decoding=\"async\" width=\"270\" height=\"187\" data-id=\"123208\" src=\"https:\/\/www.ucatolica.edu.co\/portal\/wp-content\/uploads\/2025\/10\/ANTONIO-HERNANDEZ-LLAMAS.png\" alt=\"\" class=\"wp-image-123208\"\/><figcaption class=\"wp-element-caption\"><strong>Antonio Hern\u00e1ndez Llamas<\/strong><\/figcaption><\/figure>\n\n\n\n<figure class=\"wp-block-image size-large is-style-default\"><img loading=\"lazy\" decoding=\"async\" width=\"352\" height=\"352\" data-id=\"123207\" src=\"https:\/\/www.ucatolica.edu.co\/portal\/wp-content\/uploads\/2025\/10\/YANI-MATEUS.png\" alt=\"\" class=\"wp-image-123207\"\/><figcaption class=\"wp-element-caption\"><strong>Yani Mateus<\/strong><\/figcaption><\/figure>\n<\/figure>\n\n\n\n<p>A trav\u00e9s de sus perspectivas, los asistentes podr\u00e1n analizar los retos jur\u00eddicos y constitucionales que plantea la nueva legislaci\u00f3n, as\u00ed como las oportunidades de avance \u00e9tico y social que se abren en el pa\u00eds con esta reforma.<\/p>\n\n\n\n<p>Para <strong>Diana Carolina Barreto Cardozo, Coordinadora de Extensi\u00f3n de la Facultad de Derecho<\/strong>, este foro representa un momento clave para la formaci\u00f3n integral de los futuros abogados:<\/p>\n\n\n\n<p>\u201c<em>El an\u00e1lisis de la Ley 2385 de 2024 no solo nos invita a comprender una transformaci\u00f3n jur\u00eddica, sino tambi\u00e9n a asumir una responsabilidad \u00e9tica y ciudadana frente al bienestar animal. Este tipo de espacios fortalecen el pensamiento cr\u00edtico, la sensibilidad social y los valores de justicia y dignidad humana que promovemos desde la Universidad<\/em>\u201d.<\/p>\n\n\n\n<p>Asimismo, destac\u00f3 que estos encuentros ratifican el compromiso de la Facultad con la responsabilidad ambiental, la sostenibilidad y la justicia social, pilares que inspiran las acciones acad\u00e9micas y formativas de la instituci\u00f3n.<\/p>\n\n\n\n<p>La Universidad Cat\u00f3lica de Colombia reafirma su compromiso con la justicia, el derecho y la sostenibilidad, invitando a toda la comunidad acad\u00e9mica y al p\u00fablico en general a participar en este foro transformador.<\/p>\n\n\n\n<p>Fecha: lunes 20 de octubre<br>Lugar: Centro de Convenciones, sede 4<br>Hora: 5:00 P.M. A 8:00 P.M.<br><strong>Entrada libre y gratuita<\/strong><\/p>\n\n\n\n<p><strong><a href=\"https:\/\/forofacderecho.coniiti.com\/\" target=\"_blank\" rel=\"noreferrer noopener\">Para inscribirte, haz clic aqu\u00ed<\/a><\/strong><\/p>\n\n\n\n<p><strong>Universidad Cat\u00f3lica de Colombia<br>Impulsar Historias Hechas a Pulso<\/strong><\/p>\n","protected":false},"excerpt":{"rendered":"<p>El pr\u00f3ximo 20 de octubre, el Centro de Convenciones de la Universidad Cat\u00f3lica de Colombia (sede 4) se convertir\u00e1 en el escenario de un debate hist\u00f3rico: la justicia para los animales en el marco de la Ley 2385 de 2024 (#NoM\u00e1sOl\u00e9), una norma que marca un hito en la defensa de los seres sintientes al [&hellip;]<\/p>\n","protected":false},"author":65,"featured_media":123217,"comment_status":"open","ping_status":"open","sticky":false,"template":"","format":"standard","meta":{"_acf_changed":false,"advgb_blocks_editor_width":"","advgb_blocks_columns_visual_guide":"","footnotes":""},"categories":[93],"tags":[1334,651],"class_list":["post-123206","post","type-post","status-publish","format-standard","has-post-thumbnail","hentry","category-noticias-principales","tag-centro-de-convenciones","tag-derecho"],"acf":[],"yoast_head":"<!-- This site is optimized with the Yoast SEO plugin v26.7 - https:\/\/yoast.com\/wordpress\/plugins\/seo\/ -->\n<title>Foro Nacional de Derecho Animal: un di\u00e1logo sobre justicia, \u00e9tica y la transformaci\u00f3n jur\u00eddica en Colombia - Universidad Cat\u00f3lica De Colombia<\/title>\n<meta name=\"robots\" content=\"index, follow, max-snippet:-1, max-image-preview:large, max-video-preview:-1\" \/>\n<link rel=\"canonical\" href=\"https:\/\/www.ucatolica.edu.co\/portal\/foro-nacional-de-derecho-animal-un-dialogo-sobre-justicia-etica-y-la-transformacion-juridica-en-colombia\/\" \/>\n<meta property=\"og:locale\" content=\"es_ES\" \/>\n<meta property=\"og:type\" content=\"article\" \/>\n<meta property=\"og:title\" content=\"Foro Nacional de Derecho Animal: un di\u00e1logo sobre justicia, \u00e9tica y la transformaci\u00f3n jur\u00eddica en Colombia - Universidad Cat\u00f3lica De Colombia\" \/>\n<meta property=\"og:description\" content=\"El pr\u00f3ximo 20 de octubre, el Centro de Convenciones de la Universidad Cat\u00f3lica de Colombia (sede 4) se convertir\u00e1 en el escenario de un debate hist\u00f3rico: la justicia para los animales en el marco de la Ley 2385 de 2024 (#NoM\u00e1sOl\u00e9), una norma que marca un hito en la defensa de los seres sintientes al [&hellip;]\" \/>\n<meta property=\"og:url\" content=\"https:\/\/www.ucatolica.edu.co\/portal\/foro-nacional-de-derecho-animal-un-dialogo-sobre-justicia-etica-y-la-transformacion-juridica-en-colombia\/\" \/>\n<meta property=\"og:site_name\" content=\"Universidad Cat\u00f3lica De Colombia\" \/>\n<meta property=\"article:publisher\" content=\"https:\/\/www.facebook.com\/ucatolicacolombia\" \/>\n<meta property=\"article:published_time\" content=\"2025-10-16T20:57:39+00:00\" \/>\n<meta property=\"article:modified_time\" content=\"2025-10-21T22:29:15+00:00\" \/>\n<meta property=\"og:image\" content=\"https:\/\/www.ucatolica.edu.co\/portal\/wp-content\/uploads\/2025\/10\/Corrida-de-Toros.jpg\" \/>\n\t<meta property=\"og:image:width\" content=\"870\" \/>\n\t<meta property=\"og:image:height\" content=\"522\" \/>\n\t<meta property=\"og:image:type\" content=\"image\/jpeg\" \/>\n<meta name=\"author\" content=\"Juan Jos\u00e9 Franco\" \/>\n<meta name=\"twitter:card\" content=\"summary_large_image\" \/>\n<meta name=\"twitter:creator\" content=\"@UCatolicaCol\" \/>\n<meta name=\"twitter:site\" content=\"@UCatolicaCol\" \/>\n<meta name=\"twitter:label1\" content=\"Escrito por\" \/>\n\t<meta name=\"twitter:data1\" content=\"Juan Jos\u00e9 Franco\" \/>\n\t<meta name=\"twitter:label2\" content=\"Tiempo de lectura\" \/>\n\t<meta name=\"twitter:data2\" content=\"2 minutos\" \/>\n<script type=\"application\/ld+json\" class=\"yoast-schema-graph\">{\"@context\":\"https:\/\/schema.org\",\"@graph\":[{\"@type\":\"Article\",\"@id\":\"https:\/\/www.ucatolica.edu.co\/portal\/foro-nacional-de-derecho-animal-un-dialogo-sobre-justicia-etica-y-la-transformacion-juridica-en-colombia\/#article\",\"isPartOf\":{\"@id\":\"https:\/\/www.ucatolica.edu.co\/portal\/foro-nacional-de-derecho-animal-un-dialogo-sobre-justicia-etica-y-la-transformacion-juridica-en-colombia\/\"},\"author\":{\"name\":\"Juan Jos\u00e9 Franco\",\"@id\":\"https:\/\/www.ucatolica.edu.co\/portal\/#\/schema\/person\/2fe10d3836c8b18a520cbf458d96a728\"},\"headline\":\"Foro Nacional de Derecho Animal: un di\u00e1logo sobre justicia, \u00e9tica y la transformaci\u00f3n jur\u00eddica en Colombia\",\"datePublished\":\"2025-10-16T20:57:39+00:00\",\"dateModified\":\"2025-10-21T22:29:15+00:00\",\"mainEntityOfPage\":{\"@id\":\"https:\/\/www.ucatolica.edu.co\/portal\/foro-nacional-de-derecho-animal-un-dialogo-sobre-justicia-etica-y-la-transformacion-juridica-en-colombia\/\"},\"wordCount\":502,\"commentCount\":0,\"publisher\":{\"@id\":\"https:\/\/www.ucatolica.edu.co\/portal\/#organization\"},\"image\":{\"@id\":\"https:\/\/www.ucatolica.edu.co\/portal\/foro-nacional-de-derecho-animal-un-dialogo-sobre-justicia-etica-y-la-transformacion-juridica-en-colombia\/#primaryimage\"},\"thumbnailUrl\":\"https:\/\/www.ucatolica.edu.co\/portal\/wp-content\/uploads\/2025\/10\/Corrida-de-Toros.jpg\",\"keywords\":[\"Centro de Convenciones\",\"Derecho\"],\"articleSection\":[\"Noticias Principales\"],\"inLanguage\":\"es-CO\"},{\"@type\":\"WebPage\",\"@id\":\"https:\/\/www.ucatolica.edu.co\/portal\/foro-nacional-de-derecho-animal-un-dialogo-sobre-justicia-etica-y-la-transformacion-juridica-en-colombia\/\",\"url\":\"https:\/\/www.ucatolica.edu.co\/portal\/foro-nacional-de-derecho-animal-un-dialogo-sobre-justicia-etica-y-la-transformacion-juridica-en-colombia\/\",\"name\":\"Foro Nacional de Derecho Animal: un di\u00e1logo sobre justicia, \u00e9tica y la transformaci\u00f3n jur\u00eddica en Colombia - Universidad Cat\u00f3lica De Colombia\",\"isPartOf\":{\"@id\":\"https:\/\/www.ucatolica.edu.co\/portal\/#website\"},\"primaryImageOfPage\":{\"@id\":\"https:\/\/www.ucatolica.edu.co\/portal\/foro-nacional-de-derecho-animal-un-dialogo-sobre-justicia-etica-y-la-transformacion-juridica-en-colombia\/#primaryimage\"},\"image\":{\"@id\":\"https:\/\/www.ucatolica.edu.co\/portal\/foro-nacional-de-derecho-animal-un-dialogo-sobre-justicia-etica-y-la-transformacion-juridica-en-colombia\/#primaryimage\"},\"thumbnailUrl\":\"https:\/\/www.ucatolica.edu.co\/portal\/wp-content\/uploads\/2025\/10\/Corrida-de-Toros.jpg\",\"datePublished\":\"2025-10-16T20:57:39+00:00\",\"dateModified\":\"2025-10-21T22:29:15+00:00\",\"breadcrumb\":{\"@id\":\"https:\/\/www.ucatolica.edu.co\/portal\/foro-nacional-de-derecho-animal-un-dialogo-sobre-justicia-etica-y-la-transformacion-juridica-en-colombia\/#breadcrumb\"},\"inLanguage\":\"es-CO\",\"potentialAction\":[{\"@type\":\"ReadAction\",\"target\":[\"https:\/\/www.ucatolica.edu.co\/portal\/foro-nacional-de-derecho-animal-un-dialogo-sobre-justicia-etica-y-la-transformacion-juridica-en-colombia\/\"]}]},{\"@type\":\"ImageObject\",\"inLanguage\":\"es-CO\",\"@id\":\"https:\/\/www.ucatolica.edu.co\/portal\/foro-nacional-de-derecho-animal-un-dialogo-sobre-justicia-etica-y-la-transformacion-juridica-en-colombia\/#primaryimage\",\"url\":\"https:\/\/www.ucatolica.edu.co\/portal\/wp-content\/uploads\/2025\/10\/Corrida-de-Toros.jpg\",\"contentUrl\":\"https:\/\/www.ucatolica.edu.co\/portal\/wp-content\/uploads\/2025\/10\/Corrida-de-Toros.jpg\",\"width\":870,\"height\":522,\"caption\":\"Corrida de Toros\"},{\"@type\":\"BreadcrumbList\",\"@id\":\"https:\/\/www.ucatolica.edu.co\/portal\/foro-nacional-de-derecho-animal-un-dialogo-sobre-justicia-etica-y-la-transformacion-juridica-en-colombia\/#breadcrumb\",\"itemListElement\":[{\"@type\":\"ListItem\",\"position\":1,\"name\":\"Inicio\",\"item\":\"https:\/\/www.ucatolica.edu.co\/portal\/\"},{\"@type\":\"ListItem\",\"position\":2,\"name\":\"Foro Nacional de Derecho Animal: un di\u00e1logo sobre justicia, \u00e9tica y la transformaci\u00f3n jur\u00eddica en Colombia\"}]},{\"@type\":\"WebSite\",\"@id\":\"https:\/\/www.ucatolica.edu.co\/portal\/#website\",\"url\":\"https:\/\/www.ucatolica.edu.co\/portal\/\",\"name\":\"Universidad Cat\u00f3lica De Colombia\",\"description\":\"Universidad Cat\u00f3lica De Colombia\",\"publisher\":{\"@id\":\"https:\/\/www.ucatolica.edu.co\/portal\/#organization\"},\"potentialAction\":[{\"@type\":\"SearchAction\",\"target\":{\"@type\":\"EntryPoint\",\"urlTemplate\":\"https:\/\/www.ucatolica.edu.co\/portal\/?s={search_term_string}\"},\"query-input\":{\"@type\":\"PropertyValueSpecification\",\"valueRequired\":true,\"valueName\":\"search_term_string\"}}],\"inLanguage\":\"es-CO\"},{\"@type\":\"Organization\",\"@id\":\"https:\/\/www.ucatolica.edu.co\/portal\/#organization\",\"name\":\"Universidad Cat\u00f3lica de Colombia\",\"url\":\"https:\/\/www.ucatolica.edu.co\/portal\/\",\"logo\":{\"@type\":\"ImageObject\",\"inLanguage\":\"es-CO\",\"@id\":\"https:\/\/www.ucatolica.edu.co\/portal\/#\/schema\/logo\/image\/\",\"url\":\"https:\/\/www.ucatolica.edu.co\/portal\/wp-content\/uploads\/2021\/06\/logo-header-ho-1.svg\",\"contentUrl\":\"https:\/\/www.ucatolica.edu.co\/portal\/wp-content\/uploads\/2021\/06\/logo-header-ho-1.svg\",\"width\":1,\"height\":1,\"caption\":\"Universidad Cat\u00f3lica de Colombia\"},\"image\":{\"@id\":\"https:\/\/www.ucatolica.edu.co\/portal\/#\/schema\/logo\/image\/\"},\"sameAs\":[\"https:\/\/www.facebook.com\/ucatolicacolombia\",\"https:\/\/x.com\/UCatolicaCol\",\"https:\/\/www.instagram.com\/universidadcatolicadecolombia\/\",\"https:\/\/www.linkedin.com\/company\/universidadcatolicadecolombia\/\",\"https:\/\/www.youtube.com\/user\/UCatolicaCo\"]},{\"@type\":\"Person\",\"@id\":\"https:\/\/www.ucatolica.edu.co\/portal\/#\/schema\/person\/2fe10d3836c8b18a520cbf458d96a728\",\"name\":\"Juan Jos\u00e9 Franco\",\"url\":\"https:\/\/www.ucatolica.edu.co\/portal\/author\/juan\/\"}]}<\/script>\n<!-- \/ Yoast SEO plugin. -->","yoast_head_json":{"title":"Foro Nacional de Derecho Animal: un di\u00e1logo sobre justicia, \u00e9tica y la transformaci\u00f3n jur\u00eddica en Colombia - Universidad Cat\u00f3lica De Colombia","robots":{"index":"index","follow":"follow","max-snippet":"max-snippet:-1","max-image-preview":"max-image-preview:large","max-video-preview":"max-video-preview:-1"},"canonical":"https:\/\/www.ucatolica.edu.co\/portal\/foro-nacional-de-derecho-animal-un-dialogo-sobre-justicia-etica-y-la-transformacion-juridica-en-colombia\/","og_locale":"es_ES","og_type":"article","og_title":"Foro Nacional de Derecho Animal: un di\u00e1logo sobre justicia, \u00e9tica y la transformaci\u00f3n jur\u00eddica en Colombia - Universidad Cat\u00f3lica De Colombia","og_description":"El pr\u00f3ximo 20 de octubre, el Centro de Convenciones de la Universidad Cat\u00f3lica de Colombia (sede 4) se convertir\u00e1 en el escenario de un debate hist\u00f3rico: la justicia para los animales en el marco de la Ley 2385 de 2024 (#NoM\u00e1sOl\u00e9), una norma que marca un hito en la defensa de los seres sintientes al [&hellip;]","og_url":"https:\/\/www.ucatolica.edu.co\/portal\/foro-nacional-de-derecho-animal-un-dialogo-sobre-justicia-etica-y-la-transformacion-juridica-en-colombia\/","og_site_name":"Universidad Cat\u00f3lica De Colombia","article_publisher":"https:\/\/www.facebook.com\/ucatolicacolombia","article_published_time":"2025-10-16T20:57:39+00:00","article_modified_time":"2025-10-21T22:29:15+00:00","og_image":[{"width":870,"height":522,"url":"https:\/\/www.ucatolica.edu.co\/portal\/wp-content\/uploads\/2025\/10\/Corrida-de-Toros.jpg","type":"image\/jpeg"}],"author":"Juan Jos\u00e9 Franco","twitter_card":"summary_large_image","twitter_creator":"@UCatolicaCol","twitter_site":"@UCatolicaCol","twitter_misc":{"Escrito por":"Juan Jos\u00e9 Franco","Tiempo de lectura":"2 minutos"},"schema":{"@context":"https:\/\/schema.org","@graph":[{"@type":"Article","@id":"https:\/\/www.ucatolica.edu.co\/portal\/foro-nacional-de-derecho-animal-un-dialogo-sobre-justicia-etica-y-la-transformacion-juridica-en-colombia\/#article","isPartOf":{"@id":"https:\/\/www.ucatolica.edu.co\/portal\/foro-nacional-de-derecho-animal-un-dialogo-sobre-justicia-etica-y-la-transformacion-juridica-en-colombia\/"},"author":{"name":"Juan Jos\u00e9 Franco","@id":"https:\/\/www.ucatolica.edu.co\/portal\/#\/schema\/person\/2fe10d3836c8b18a520cbf458d96a728"},"headline":"Foro Nacional de Derecho Animal: un di\u00e1logo sobre justicia, \u00e9tica y la transformaci\u00f3n jur\u00eddica en Colombia","datePublished":"2025-10-16T20:57:39+00:00","dateModified":"2025-10-21T22:29:15+00:00","mainEntityOfPage":{"@id":"https:\/\/www.ucatolica.edu.co\/portal\/foro-nacional-de-derecho-animal-un-dialogo-sobre-justicia-etica-y-la-transformacion-juridica-en-colombia\/"},"wordCount":502,"commentCount":0,"publisher":{"@id":"https:\/\/www.ucatolica.edu.co\/portal\/#organization"},"image":{"@id":"https:\/\/www.ucatolica.edu.co\/portal\/foro-nacional-de-derecho-animal-un-dialogo-sobre-justicia-etica-y-la-transformacion-juridica-en-colombia\/#primaryimage"},"thumbnailUrl":"https:\/\/www.ucatolica.edu.co\/portal\/wp-content\/uploads\/2025\/10\/Corrida-de-Toros.jpg","keywords":["Centro de Convenciones","Derecho"],"articleSection":["Noticias Principales"],"inLanguage":"es-CO"},{"@type":"WebPage","@id":"https:\/\/www.ucatolica.edu.co\/portal\/foro-nacional-de-derecho-animal-un-dialogo-sobre-justicia-etica-y-la-transformacion-juridica-en-colombia\/","url":"https:\/\/www.ucatolica.edu.co\/portal\/foro-nacional-de-derecho-animal-un-dialogo-sobre-justicia-etica-y-la-transformacion-juridica-en-colombia\/","name":"Foro Nacional de Derecho Animal: un di\u00e1logo sobre justicia, \u00e9tica y la transformaci\u00f3n jur\u00eddica en Colombia - Universidad Cat\u00f3lica De Colombia","isPartOf":{"@id":"https:\/\/www.ucatolica.edu.co\/portal\/#website"},"primaryImageOfPage":{"@id":"https:\/\/www.ucatolica.edu.co\/portal\/foro-nacional-de-derecho-animal-un-dialogo-sobre-justicia-etica-y-la-transformacion-juridica-en-colombia\/#primaryimage"},"image":{"@id":"https:\/\/www.ucatolica.edu.co\/portal\/foro-nacional-de-derecho-animal-un-dialogo-sobre-justicia-etica-y-la-transformacion-juridica-en-colombia\/#primaryimage"},"thumbnailUrl":"https:\/\/www.ucatolica.edu.co\/portal\/wp-content\/uploads\/2025\/10\/Corrida-de-Toros.jpg","datePublished":"2025-10-16T20:57:39+00:00","dateModified":"2025-10-21T22:29:15+00:00","breadcrumb":{"@id":"https:\/\/www.ucatolica.edu.co\/portal\/foro-nacional-de-derecho-animal-un-dialogo-sobre-justicia-etica-y-la-transformacion-juridica-en-colombia\/#breadcrumb"},"inLanguage":"es-CO","potentialAction":[{"@type":"ReadAction","target":["https:\/\/www.ucatolica.edu.co\/portal\/foro-nacional-de-derecho-animal-un-dialogo-sobre-justicia-etica-y-la-transformacion-juridica-en-colombia\/"]}]},{"@type":"ImageObject","inLanguage":"es-CO","@id":"https:\/\/www.ucatolica.edu.co\/portal\/foro-nacional-de-derecho-animal-un-dialogo-sobre-justicia-etica-y-la-transformacion-juridica-en-colombia\/#primaryimage","url":"https:\/\/www.ucatolica.edu.co\/portal\/wp-content\/uploads\/2025\/10\/Corrida-de-Toros.jpg","contentUrl":"https:\/\/www.ucatolica.edu.co\/portal\/wp-content\/uploads\/2025\/10\/Corrida-de-Toros.jpg","width":870,"height":522,"caption":"Corrida de Toros"},{"@type":"BreadcrumbList","@id":"https:\/\/www.ucatolica.edu.co\/portal\/foro-nacional-de-derecho-animal-un-dialogo-sobre-justicia-etica-y-la-transformacion-juridica-en-colombia\/#breadcrumb","itemListElement":[{"@type":"ListItem","position":1,"name":"Inicio","item":"https:\/\/www.ucatolica.edu.co\/portal\/"},{"@type":"ListItem","position":2,"name":"Foro Nacional de Derecho Animal: un di\u00e1logo sobre justicia, \u00e9tica y la transformaci\u00f3n jur\u00eddica en Colombia"}]},{"@type":"WebSite","@id":"https:\/\/www.ucatolica.edu.co\/portal\/#website","url":"https:\/\/www.ucatolica.edu.co\/portal\/","name":"Universidad Cat\u00f3lica De Colombia","description":"Universidad Cat\u00f3lica De Colombia","publisher":{"@id":"https:\/\/www.ucatolica.edu.co\/portal\/#organization"},"potentialAction":[{"@type":"SearchAction","target":{"@type":"EntryPoint","urlTemplate":"https:\/\/www.ucatolica.edu.co\/portal\/?s={search_term_string}"},"query-input":{"@type":"PropertyValueSpecification","valueRequired":true,"valueName":"search_term_string"}}],"inLanguage":"es-CO"},{"@type":"Organization","@id":"https:\/\/www.ucatolica.edu.co\/portal\/#organization","name":"Universidad Cat\u00f3lica de Colombia","url":"https:\/\/www.ucatolica.edu.co\/portal\/","logo":{"@type":"ImageObject","inLanguage":"es-CO","@id":"https:\/\/www.ucatolica.edu.co\/portal\/#\/schema\/logo\/image\/","url":"https:\/\/www.ucatolica.edu.co\/portal\/wp-content\/uploads\/2021\/06\/logo-header-ho-1.svg","contentUrl":"https:\/\/www.ucatolica.edu.co\/portal\/wp-content\/uploads\/2021\/06\/logo-header-ho-1.svg","width":1,"height":1,"caption":"Universidad Cat\u00f3lica de Colombia"},"image":{"@id":"https:\/\/www.ucatolica.edu.co\/portal\/#\/schema\/logo\/image\/"},"sameAs":["https:\/\/www.facebook.com\/ucatolicacolombia","https:\/\/x.com\/UCatolicaCol","https:\/\/www.instagram.com\/universidadcatolicadecolombia\/","https:\/\/www.linkedin.com\/company\/universidadcatolicadecolombia\/","https:\/\/www.youtube.com\/user\/UCatolicaCo"]},{"@type":"Person","@id":"https:\/\/www.ucatolica.edu.co\/portal\/#\/schema\/person\/2fe10d3836c8b18a520cbf458d96a728","name":"Juan Jos\u00e9 Franco","url":"https:\/\/www.ucatolica.edu.co\/portal\/author\/juan\/"}]}},"author_meta":{"display_name":"Juan Jos\u00e9 Franco","author_link":"https:\/\/www.ucatolica.edu.co\/portal\/author\/juan\/"},"featured_img":"https:\/\/www.ucatolica.edu.co\/portal\/wp-content\/uploads\/2025\/10\/Corrida-de-Toros.jpg","coauthors":[],"tax_additional":{"categories":{"linked":["<a href=\"https:\/\/www.ucatolica.edu.co\/portal\/category\/noticias-principales\/\" class=\"advgb-post-tax-term\">Noticias Principales<\/a>"],"unlinked":["<span class=\"advgb-post-tax-term\">Noticias Principales<\/span>"]},"tags":{"linked":["<a href=\"https:\/\/www.ucatolica.edu.co\/portal\/category\/noticias-principales\/\" class=\"advgb-post-tax-term\">Centro de Convenciones<\/a>","<a href=\"https:\/\/www.ucatolica.edu.co\/portal\/category\/noticias-principales\/\" class=\"advgb-post-tax-term\">Derecho<\/a>"],"unlinked":["<span class=\"advgb-post-tax-term\">Centro de Convenciones<\/span>","<span class=\"advgb-post-tax-term\">Derecho<\/span>"]}},"comment_count":"0","relative_dates":{"created":"Posted 6 meses ago","modified":"Updated 6 meses ago"},"absolute_dates":{"created":"Posted on 16 octubre, 2025","modified":"Updated on 21 octubre, 2025"},"absolute_dates_time":{"created":"Posted on 16 octubre, 2025 3:57 pm","modified":"Updated on 21 octubre, 2025 5:29 pm"},"featured_img_caption":"Corrida de Toros","series_order":"","_links":{"self":[{"href":"https:\/\/www.ucatolica.edu.co\/portal\/wp-json\/wp\/v2\/posts\/123206","targetHints":{"allow":["GET"]}}],"collection":[{"href":"https:\/\/www.ucatolica.edu.co\/portal\/wp-json\/wp\/v2\/posts"}],"about":[{"href":"https:\/\/www.ucatolica.edu.co\/portal\/wp-json\/wp\/v2\/types\/post"}],"author":[{"embeddable":true,"href":"https:\/\/www.ucatolica.edu.co\/portal\/wp-json\/wp\/v2\/users\/65"}],"replies":[{"embeddable":true,"href":"https:\/\/www.ucatolica.edu.co\/portal\/wp-json\/wp\/v2\/comments?post=123206"}],"version-history":[{"count":3,"href":"https:\/\/www.ucatolica.edu.co\/portal\/wp-json\/wp\/v2\/posts\/123206\/revisions"}],"predecessor-version":[{"id":123222,"href":"https:\/\/www.ucatolica.edu.co\/portal\/wp-json\/wp\/v2\/posts\/123206\/revisions\/123222"}],"wp:featuredmedia":[{"embeddable":true,"href":"https:\/\/www.ucatolica.edu.co\/portal\/wp-json\/wp\/v2\/media\/123217"}],"wp:attachment":[{"href":"https:\/\/www.ucatolica.edu.co\/portal\/wp-json\/wp\/v2\/media?parent=123206"}],"wp:term":[{"taxonomy":"category","embeddable":true,"href":"https:\/\/www.ucatolica.edu.co\/portal\/wp-json\/wp\/v2\/categories?post=123206"},{"taxonomy":"post_tag","embeddable":true,"href":"https:\/\/www.ucatolica.edu.co\/portal\/wp-json\/wp\/v2\/tags?post=123206"}],"curies":[{"name":"wp","href":"https:\/\/api.w.org\/{rel}","templated":true}]}}