{"id":123344,"date":"2025-10-22T17:12:32","date_gmt":"2025-10-22T22:12:32","guid":{"rendered":"https:\/\/www.ucatolica.edu.co\/portal\/?p=123344"},"modified":"2025-10-30T14:18:35","modified_gmt":"2025-10-30T19:18:35","slug":"dra-paula-andrea-ramirez-barbosa-presenta-su-libro-inteligencia-artificial-y-las-nuevas-fronteras-juridicas-en-la-procuraduria-general-de-la-nacion","status":"publish","type":"post","link":"https:\/\/www.ucatolica.edu.co\/portal\/dra-paula-andrea-ramirez-barbosa-presenta-su-libro-inteligencia-artificial-y-las-nuevas-fronteras-juridicas-en-la-procuraduria-general-de-la-nacion\/","title":{"rendered":"Dra. Paula Andrea Ram\u00edrez Barbosa presenta su libro \u201cInteligencia artificial y las nuevas fronteras jur\u00eddicas\u201d en la Procuradur\u00eda General de la Naci\u00f3n"},"content":{"rendered":"\n<p>La Dra. Paula Andrea Ram\u00edrez Barbosa, directora de la <strong>Especializaci\u00f3n en Compliance y Derecho de los Negocios<\/strong> de la Universidad Cat\u00f3lica de Colombia, present\u00f3 oficialmente su m\u00e1s reciente obra <strong>\u201cInteligencia artificial y las nuevas fronteras jur\u00eddicas\u201d<\/strong>, publicada por la editorial Tirant Lo Blanch.<\/p>\n\n\n\n<p>El lanzamiento, realizado en el Auditorio Antonio Nari\u00f1o de la Procuradur\u00eda General de la Naci\u00f3n, reuni\u00f3 a destacadas autoridades acad\u00e9micas y del sector p\u00fablico, quienes destacaron el aporte de la autora al pensamiento jur\u00eddico contempor\u00e1neo y su compromiso con la \u00e9tica en la era digital.<\/p>\n\n\n\n<p><strong>Una obra que redefine el derecho frente a la tecnolog\u00eda<\/strong><\/p>\n\n\n\n<p>Conformado por <strong>11 cap\u00edtulos y la participaci\u00f3n de autores de seis pa\u00edses,<\/strong> el libro aborda los desaf\u00edos jur\u00eddicos, \u00e9ticos y sociales que plantea la inteligencia artificial (IA). A trav\u00e9s de un enfoque interdisciplinario, propone nuevos marcos de responsabilidad, transparencia y protecci\u00f3n de derechos humanos frente al avance tecnol\u00f3gico.<\/p>\n\n\n\n<p>Durante el acto, el <strong>Procurador General de la Naci\u00f3n, Dr. Gregorio Eljach Pacheco<\/strong>, exalt\u00f3 la relevancia y el impacto de la obra, calific\u00e1ndola como <strong>\u201cun hito para el pensamiento jur\u00eddico iberoamericano\u201d<\/strong>.<\/p>\n\n\n\n<p>\u201cLa doctora Paula Ram\u00edrez es una jurista con talla internacional, que combina investigaci\u00f3n cient\u00edfica, docencia y compromiso \u00e9tico. Su libro integra las miradas filos\u00f3ficas y jur\u00eddicas necesarias para situar a Colombia en la vanguardia del debate sobre inteligencia artificial y justicia\u201d, se\u00f1al\u00f3.<\/p>\n\n\n\n<p>El Procurador a\u00f1adi\u00f3:<\/p>\n\n\n\n<p><em>\u201cEl Estado debe ser el guardi\u00e1n \u00e9tico de la inteligencia artificial. Esta obra representa una hoja de ruta doctrinal y moral para garantizar que la tecnolog\u00eda est\u00e9 al servicio del ciudadano, de la justicia y de la democracia\u201d.<\/em><\/p>\n\n\n\n<p><br><strong>Compromiso institucional y visi\u00f3n humanista<\/strong><\/p>\n\n\n\n<p>El <strong>Rector de la Universidad Cat\u00f3lica de Colombia, Dr. Francisco Jos\u00e9 G\u00f3mez Ortiz<\/strong>, expres\u00f3 el orgullo institucional por el liderazgo acad\u00e9mico de la autora:<\/p>\n\n\n\n<p><em>\u201cNuestra Universidad, fiel a su esp\u00edritu humanista y cat\u00f3lico, tiene la responsabilidad de humanizar la tecnolog\u00eda y ponerla al servicio de la dignidad humana. Este libro, liderado por la doctora Paula Ram\u00edrez, trasciende el \u00e1mbito nacional para incorporarse al debate jur\u00eddico global\u201d.<\/em><\/p>\n\n\n\n<p>El rector resalt\u00f3 que la publicaci\u00f3n <em>\u201creafirma la vocaci\u00f3n de la Universidad como laboratorio de pensamiento humanista, donde el derecho, la tecnolog\u00eda y la \u00e9tica se integran para transformar el pa\u00eds\u201d.<\/em><\/p>\n\n\n\n<figure class=\"wp-block-image size-large\"><img decoding=\"async\" src=\"https:\/\/img.masterbase.com\/v2\/1\/5033\/b\/1\/Lanzamientorector.png\"\/><\/figure>\n\n\n\n<p><strong>Una mirada desde la \u00e9tica y la interdisciplinariedad<\/strong><\/p>\n\n\n\n<p>El conversatorio cont\u00f3 con la participaci\u00f3n del Ingeniero Jaime D\u00edaz Ortiz, Decano de la Facultad de Ingenier\u00eda; y el docente Holman Bol\u00edvar Bar\u00f3n, quienes coincidieron en la necesidad de fortalecer la gobernanza digital desde la academia.<\/p>\n\n\n\n<p>El ingeniero <strong>Jaime D\u00edaz<\/strong> resalt\u00f3 el aporte del libro en la creaci\u00f3n de un lenguaje com\u00fan entre derecho y tecnolog\u00eda:<\/p>\n\n\n\n<p><em>\u201cLa obra armoniza la terminolog\u00eda institucional y facilita la comunicaci\u00f3n entre sectores p\u00fablicos y privados, promoviendo transparencia y est\u00e1ndares \u00e9ticos en los procesos digitales\u201d.<\/em><\/p>\n\n\n\n<p>Por su parte, el docente <strong>Holman Bol\u00edvar<\/strong> enfatiz\u00f3 que <em>\u201cla transparencia y la calidad del dato son esenciales para construir una inteligencia artificial confiable y justa\u201d.<\/em><\/p>\n\n\n\n<p><strong>El concepto de \u201cIA republicana\u201d<\/strong><\/p>\n\n\n\n<p>Durante su intervenci\u00f3n, la <strong>Dra. Paula Andrea Ram\u00edrez Barbosa <\/strong>explic\u00f3 el concepto que atraviesa la obra: <strong>la \u201cinteligencia artificial republicana\u201d<\/strong>, entendida como una tecnolog\u00eda al servicio de la democracia y del ciudadano responsable.<\/p>\n\n\n\n<p><em>\u201cLa IA republicana es una gu\u00eda que otorga derechos, pero tambi\u00e9n impone deberes. Confiemos en la tecnolog\u00eda, pero verifiquemos su uso; confiemos, pero comprobemos\u201d<\/em>, afirm\u00f3.<\/p>\n\n\n\n<p>La autora destac\u00f3 tres principios esenciales:<\/p>\n\n\n\n<ol class=\"wp-block-list\">\n<li><strong>Protecci\u00f3n de los ciberderechos ciudadanos.<\/strong><\/li>\n\n\n\n<li><strong>Mayor intervenci\u00f3n estatal en la regulaci\u00f3n \u00e9tica y la transparencia tecnol\u00f3gica.<\/strong><\/li>\n\n\n\n<li><strong>Liderazgo institucional para sancionar el uso indebido de la inteligencia artificial.<\/strong><br><\/li>\n<\/ol>\n\n\n\n<figure class=\"wp-block-image size-large\"><img decoding=\"async\" src=\"https:\/\/img.masterbase.com\/v2\/1\/5033\/b\/1\/LanzamientolibroIA.png\" alt=\"\"\/><\/figure>\n\n\n\n<p><strong>Conclusiones<\/strong><\/p>\n\n\n\n<p>El di\u00e1logo entre los participantes dej\u00f3 claras conclusiones:<\/p>\n\n\n\n<ul class=\"wp-block-list\">\n<li>La inteligencia artificial debe ser una herramienta <strong>al servicio del bien com\u00fan y de la justicia.<\/strong><\/li>\n\n\n\n<li>Se requiere un marco jur\u00eddico s\u00f3lido que garantice <strong>trazabilidad, equidad y respeto por los derechos humanos.<\/strong><\/li>\n\n\n\n<li>La Universidad Cat\u00f3lica de Colombia reafirma su liderazgo acad\u00e9mico al promover un pensamiento que une tecnolog\u00eda, derecho y \u00e9tica, contribuyendo a la transformaci\u00f3n responsable del pa\u00eds.<\/li>\n<\/ul>\n\n\n\n<p>La comunidad acad\u00e9mica y el p\u00fablico en general est\u00e1n invitados a conocer m\u00e1s sobre esta publicaci\u00f3n en el video donde la Dra. Paula Andrea Ram\u00edrez Barbosa comparte los ejes centrales de su investigaci\u00f3n.<\/p>\n\n\n\n<figure class=\"wp-block-embed is-type-video is-provider-youtube wp-block-embed-youtube wp-embed-aspect-9-16 wp-has-aspect-ratio\"><div class=\"wp-block-embed__wrapper\">\n<div class=\"video-container\"><iframe title=\"Lanzamiento Libro\" width=\"422\" height=\"750\" src=\"https:\/\/www.youtube.com\/embed\/jnQRoS3Z5zU?feature=oembed\" frameborder=\"0\" allow=\"accelerometer; autoplay; clipboard-write; encrypted-media; gyroscope; picture-in-picture; web-share\" referrerpolicy=\"strict-origin-when-cross-origin\" allowfullscreen><\/iframe><\/div>\n<\/div><\/figure>\n\n\n\n<p><br><br>.<\/p>\n","protected":false},"excerpt":{"rendered":"<p>La Dra. Paula Andrea Ram\u00edrez Barbosa, directora de la Especializaci\u00f3n en Compliance y Derecho de los Negocios de la Universidad Cat\u00f3lica de Colombia, present\u00f3 oficialmente su m\u00e1s reciente obra \u201cInteligencia artificial y las nuevas fronteras jur\u00eddicas\u201d, publicada por la editorial Tirant Lo Blanch. El lanzamiento, realizado en el Auditorio Antonio Nari\u00f1o de la Procuradur\u00eda General [&hellip;]<\/p>\n","protected":false},"author":4,"featured_media":123345,"comment_status":"open","ping_status":"open","sticky":false,"template":"","format":"standard","meta":{"_acf_changed":false,"advgb_blocks_editor_width":"","advgb_blocks_columns_visual_guide":"","footnotes":""},"categories":[93],"tags":[651,3313,3045,1042,3312,3310,273,3311],"class_list":["post-123344","post","type-post","status-publish","format-standard","has-post-thumbnail","hentry","category-noticias-principales","tag-derecho","tag-dignidad-humana","tag-doctora-paula-andrea-ramirez","tag-etica","tag-gregorio-eljach-pacheco","tag-inteligencia-artificial-y-las-nuevas-fronteras-juridicas","tag-tecnologia","tag-tirant-lo-blanch"],"acf":[],"yoast_head":"<!-- This site is optimized with the Yoast SEO plugin v26.7 - https:\/\/yoast.com\/wordpress\/plugins\/seo\/ -->\n<title>Dra. Paula Andrea Ram\u00edrez Barbosa presenta su libro \u201cInteligencia artificial y las nuevas fronteras jur\u00eddicas\u201d en la Procuradur\u00eda General de la Naci\u00f3n - Universidad Cat\u00f3lica De Colombia<\/title>\n<meta name=\"robots\" content=\"index, follow, max-snippet:-1, max-image-preview:large, max-video-preview:-1\" \/>\n<link rel=\"canonical\" href=\"https:\/\/www.ucatolica.edu.co\/portal\/dra-paula-andrea-ramirez-barbosa-presenta-su-libro-inteligencia-artificial-y-las-nuevas-fronteras-juridicas-en-la-procuraduria-general-de-la-nacion\/\" \/>\n<meta property=\"og:locale\" content=\"es_ES\" \/>\n<meta property=\"og:type\" content=\"article\" \/>\n<meta property=\"og:title\" content=\"Dra. Paula Andrea Ram\u00edrez Barbosa presenta su libro \u201cInteligencia artificial y las nuevas fronteras jur\u00eddicas\u201d en la Procuradur\u00eda General de la Naci\u00f3n - Universidad Cat\u00f3lica De Colombia\" \/>\n<meta property=\"og:description\" content=\"La Dra. Paula Andrea Ram\u00edrez Barbosa, directora de la Especializaci\u00f3n en Compliance y Derecho de los Negocios de la Universidad Cat\u00f3lica de Colombia, present\u00f3 oficialmente su m\u00e1s reciente obra \u201cInteligencia artificial y las nuevas fronteras jur\u00eddicas\u201d, publicada por la editorial Tirant Lo Blanch. El lanzamiento, realizado en el Auditorio Antonio Nari\u00f1o de la Procuradur\u00eda General [&hellip;]\" \/>\n<meta property=\"og:url\" content=\"https:\/\/www.ucatolica.edu.co\/portal\/dra-paula-andrea-ramirez-barbosa-presenta-su-libro-inteligencia-artificial-y-las-nuevas-fronteras-juridicas-en-la-procuraduria-general-de-la-nacion\/\" \/>\n<meta property=\"og:site_name\" content=\"Universidad Cat\u00f3lica De Colombia\" \/>\n<meta property=\"article:publisher\" content=\"https:\/\/www.facebook.com\/ucatolicacolombia\" \/>\n<meta property=\"article:published_time\" content=\"2025-10-22T22:12:32+00:00\" \/>\n<meta property=\"article:modified_time\" content=\"2025-10-30T19:18:35+00:00\" \/>\n<meta property=\"og:image\" content=\"https:\/\/www.ucatolica.edu.co\/portal\/wp-content\/uploads\/2025\/10\/Conversatorio-Lanzamiento-Libro.png\" \/>\n\t<meta property=\"og:image:width\" content=\"870\" \/>\n\t<meta property=\"og:image:height\" content=\"522\" \/>\n\t<meta property=\"og:image:type\" content=\"image\/png\" \/>\n<meta name=\"author\" content=\"Cindy Lugo\" \/>\n<meta name=\"twitter:card\" content=\"summary_large_image\" \/>\n<meta name=\"twitter:creator\" content=\"@UCatolicaCol\" \/>\n<meta name=\"twitter:site\" content=\"@UCatolicaCol\" \/>\n<meta name=\"twitter:label1\" content=\"Escrito por\" \/>\n\t<meta name=\"twitter:data1\" content=\"Cindy Lugo\" \/>\n\t<meta name=\"twitter:label2\" content=\"Tiempo de lectura\" \/>\n\t<meta name=\"twitter:data2\" content=\"4 minutos\" \/>\n<script type=\"application\/ld+json\" class=\"yoast-schema-graph\">{\"@context\":\"https:\/\/schema.org\",\"@graph\":[{\"@type\":\"Article\",\"@id\":\"https:\/\/www.ucatolica.edu.co\/portal\/dra-paula-andrea-ramirez-barbosa-presenta-su-libro-inteligencia-artificial-y-las-nuevas-fronteras-juridicas-en-la-procuraduria-general-de-la-nacion\/#article\",\"isPartOf\":{\"@id\":\"https:\/\/www.ucatolica.edu.co\/portal\/dra-paula-andrea-ramirez-barbosa-presenta-su-libro-inteligencia-artificial-y-las-nuevas-fronteras-juridicas-en-la-procuraduria-general-de-la-nacion\/\"},\"author\":{\"name\":\"Cindy Lugo\",\"@id\":\"https:\/\/www.ucatolica.edu.co\/portal\/#\/schema\/person\/a7469afff252fba81c6cdc40c80f00b6\"},\"headline\":\"Dra. Paula Andrea Ram\u00edrez Barbosa presenta su libro \u201cInteligencia artificial y las nuevas fronteras jur\u00eddicas\u201d en la Procuradur\u00eda General de la Naci\u00f3n\",\"datePublished\":\"2025-10-22T22:12:32+00:00\",\"dateModified\":\"2025-10-30T19:18:35+00:00\",\"mainEntityOfPage\":{\"@id\":\"https:\/\/www.ucatolica.edu.co\/portal\/dra-paula-andrea-ramirez-barbosa-presenta-su-libro-inteligencia-artificial-y-las-nuevas-fronteras-juridicas-en-la-procuraduria-general-de-la-nacion\/\"},\"wordCount\":791,\"commentCount\":0,\"publisher\":{\"@id\":\"https:\/\/www.ucatolica.edu.co\/portal\/#organization\"},\"image\":{\"@id\":\"https:\/\/www.ucatolica.edu.co\/portal\/dra-paula-andrea-ramirez-barbosa-presenta-su-libro-inteligencia-artificial-y-las-nuevas-fronteras-juridicas-en-la-procuraduria-general-de-la-nacion\/#primaryimage\"},\"thumbnailUrl\":\"https:\/\/www.ucatolica.edu.co\/portal\/wp-content\/uploads\/2025\/10\/Conversatorio-Lanzamiento-Libro.png\",\"keywords\":[\"Derecho\",\"Dignidad humana\",\"Doctora Paula Andrea Ram\u00edrez\",\"\u00c9tica\",\"Gregorio Eljach Pacheco\",\"Inteligencia artificial y las nuevas fronteras jur\u00eddicas\",\"Tecnolog\u00eda\",\"Tirant Lo Blanch\"],\"articleSection\":[\"Noticias Principales\"],\"inLanguage\":\"es-CO\"},{\"@type\":\"WebPage\",\"@id\":\"https:\/\/www.ucatolica.edu.co\/portal\/dra-paula-andrea-ramirez-barbosa-presenta-su-libro-inteligencia-artificial-y-las-nuevas-fronteras-juridicas-en-la-procuraduria-general-de-la-nacion\/\",\"url\":\"https:\/\/www.ucatolica.edu.co\/portal\/dra-paula-andrea-ramirez-barbosa-presenta-su-libro-inteligencia-artificial-y-las-nuevas-fronteras-juridicas-en-la-procuraduria-general-de-la-nacion\/\",\"name\":\"Dra. Paula Andrea Ram\u00edrez Barbosa presenta su libro \u201cInteligencia artificial y las nuevas fronteras jur\u00eddicas\u201d en la Procuradur\u00eda General de la Naci\u00f3n - Universidad Cat\u00f3lica De Colombia\",\"isPartOf\":{\"@id\":\"https:\/\/www.ucatolica.edu.co\/portal\/#website\"},\"primaryImageOfPage\":{\"@id\":\"https:\/\/www.ucatolica.edu.co\/portal\/dra-paula-andrea-ramirez-barbosa-presenta-su-libro-inteligencia-artificial-y-las-nuevas-fronteras-juridicas-en-la-procuraduria-general-de-la-nacion\/#primaryimage\"},\"image\":{\"@id\":\"https:\/\/www.ucatolica.edu.co\/portal\/dra-paula-andrea-ramirez-barbosa-presenta-su-libro-inteligencia-artificial-y-las-nuevas-fronteras-juridicas-en-la-procuraduria-general-de-la-nacion\/#primaryimage\"},\"thumbnailUrl\":\"https:\/\/www.ucatolica.edu.co\/portal\/wp-content\/uploads\/2025\/10\/Conversatorio-Lanzamiento-Libro.png\",\"datePublished\":\"2025-10-22T22:12:32+00:00\",\"dateModified\":\"2025-10-30T19:18:35+00:00\",\"breadcrumb\":{\"@id\":\"https:\/\/www.ucatolica.edu.co\/portal\/dra-paula-andrea-ramirez-barbosa-presenta-su-libro-inteligencia-artificial-y-las-nuevas-fronteras-juridicas-en-la-procuraduria-general-de-la-nacion\/#breadcrumb\"},\"inLanguage\":\"es-CO\",\"potentialAction\":[{\"@type\":\"ReadAction\",\"target\":[\"https:\/\/www.ucatolica.edu.co\/portal\/dra-paula-andrea-ramirez-barbosa-presenta-su-libro-inteligencia-artificial-y-las-nuevas-fronteras-juridicas-en-la-procuraduria-general-de-la-nacion\/\"]}]},{\"@type\":\"ImageObject\",\"inLanguage\":\"es-CO\",\"@id\":\"https:\/\/www.ucatolica.edu.co\/portal\/dra-paula-andrea-ramirez-barbosa-presenta-su-libro-inteligencia-artificial-y-las-nuevas-fronteras-juridicas-en-la-procuraduria-general-de-la-nacion\/#primaryimage\",\"url\":\"https:\/\/www.ucatolica.edu.co\/portal\/wp-content\/uploads\/2025\/10\/Conversatorio-Lanzamiento-Libro.png\",\"contentUrl\":\"https:\/\/www.ucatolica.edu.co\/portal\/wp-content\/uploads\/2025\/10\/Conversatorio-Lanzamiento-Libro.png\",\"width\":870,\"height\":522,\"caption\":\"Dialogo Lanzamiento Libro\"},{\"@type\":\"BreadcrumbList\",\"@id\":\"https:\/\/www.ucatolica.edu.co\/portal\/dra-paula-andrea-ramirez-barbosa-presenta-su-libro-inteligencia-artificial-y-las-nuevas-fronteras-juridicas-en-la-procuraduria-general-de-la-nacion\/#breadcrumb\",\"itemListElement\":[{\"@type\":\"ListItem\",\"position\":1,\"name\":\"Inicio\",\"item\":\"https:\/\/www.ucatolica.edu.co\/portal\/\"},{\"@type\":\"ListItem\",\"position\":2,\"name\":\"Dra. Paula Andrea Ram\u00edrez Barbosa presenta su libro \u201cInteligencia artificial y las nuevas fronteras jur\u00eddicas\u201d en la Procuradur\u00eda General de la Naci\u00f3n\"}]},{\"@type\":\"WebSite\",\"@id\":\"https:\/\/www.ucatolica.edu.co\/portal\/#website\",\"url\":\"https:\/\/www.ucatolica.edu.co\/portal\/\",\"name\":\"Universidad Cat\u00f3lica De Colombia\",\"description\":\"Universidad Cat\u00f3lica De Colombia\",\"publisher\":{\"@id\":\"https:\/\/www.ucatolica.edu.co\/portal\/#organization\"},\"potentialAction\":[{\"@type\":\"SearchAction\",\"target\":{\"@type\":\"EntryPoint\",\"urlTemplate\":\"https:\/\/www.ucatolica.edu.co\/portal\/?s={search_term_string}\"},\"query-input\":{\"@type\":\"PropertyValueSpecification\",\"valueRequired\":true,\"valueName\":\"search_term_string\"}}],\"inLanguage\":\"es-CO\"},{\"@type\":\"Organization\",\"@id\":\"https:\/\/www.ucatolica.edu.co\/portal\/#organization\",\"name\":\"Universidad Cat\u00f3lica de Colombia\",\"url\":\"https:\/\/www.ucatolica.edu.co\/portal\/\",\"logo\":{\"@type\":\"ImageObject\",\"inLanguage\":\"es-CO\",\"@id\":\"https:\/\/www.ucatolica.edu.co\/portal\/#\/schema\/logo\/image\/\",\"url\":\"https:\/\/www.ucatolica.edu.co\/portal\/wp-content\/uploads\/2021\/06\/logo-header-ho-1.svg\",\"contentUrl\":\"https:\/\/www.ucatolica.edu.co\/portal\/wp-content\/uploads\/2021\/06\/logo-header-ho-1.svg\",\"width\":1,\"height\":1,\"caption\":\"Universidad Cat\u00f3lica de Colombia\"},\"image\":{\"@id\":\"https:\/\/www.ucatolica.edu.co\/portal\/#\/schema\/logo\/image\/\"},\"sameAs\":[\"https:\/\/www.facebook.com\/ucatolicacolombia\",\"https:\/\/x.com\/UCatolicaCol\",\"https:\/\/www.instagram.com\/universidadcatolicadecolombia\/\",\"https:\/\/www.linkedin.com\/company\/universidadcatolicadecolombia\/\",\"https:\/\/www.youtube.com\/user\/UCatolicaCo\"]},{\"@type\":\"Person\",\"@id\":\"https:\/\/www.ucatolica.edu.co\/portal\/#\/schema\/person\/a7469afff252fba81c6cdc40c80f00b6\",\"name\":\"Cindy Lugo\",\"url\":\"https:\/\/www.ucatolica.edu.co\/portal\/author\/cindy\/\"}]}<\/script>\n<!-- \/ Yoast SEO plugin. -->","yoast_head_json":{"title":"Dra. Paula Andrea Ram\u00edrez Barbosa presenta su libro \u201cInteligencia artificial y las nuevas fronteras jur\u00eddicas\u201d en la Procuradur\u00eda General de la Naci\u00f3n - Universidad Cat\u00f3lica De Colombia","robots":{"index":"index","follow":"follow","max-snippet":"max-snippet:-1","max-image-preview":"max-image-preview:large","max-video-preview":"max-video-preview:-1"},"canonical":"https:\/\/www.ucatolica.edu.co\/portal\/dra-paula-andrea-ramirez-barbosa-presenta-su-libro-inteligencia-artificial-y-las-nuevas-fronteras-juridicas-en-la-procuraduria-general-de-la-nacion\/","og_locale":"es_ES","og_type":"article","og_title":"Dra. Paula Andrea Ram\u00edrez Barbosa presenta su libro \u201cInteligencia artificial y las nuevas fronteras jur\u00eddicas\u201d en la Procuradur\u00eda General de la Naci\u00f3n - Universidad Cat\u00f3lica De Colombia","og_description":"La Dra. Paula Andrea Ram\u00edrez Barbosa, directora de la Especializaci\u00f3n en Compliance y Derecho de los Negocios de la Universidad Cat\u00f3lica de Colombia, present\u00f3 oficialmente su m\u00e1s reciente obra \u201cInteligencia artificial y las nuevas fronteras jur\u00eddicas\u201d, publicada por la editorial Tirant Lo Blanch. El lanzamiento, realizado en el Auditorio Antonio Nari\u00f1o de la Procuradur\u00eda General [&hellip;]","og_url":"https:\/\/www.ucatolica.edu.co\/portal\/dra-paula-andrea-ramirez-barbosa-presenta-su-libro-inteligencia-artificial-y-las-nuevas-fronteras-juridicas-en-la-procuraduria-general-de-la-nacion\/","og_site_name":"Universidad Cat\u00f3lica De Colombia","article_publisher":"https:\/\/www.facebook.com\/ucatolicacolombia","article_published_time":"2025-10-22T22:12:32+00:00","article_modified_time":"2025-10-30T19:18:35+00:00","og_image":[{"width":870,"height":522,"url":"https:\/\/www.ucatolica.edu.co\/portal\/wp-content\/uploads\/2025\/10\/Conversatorio-Lanzamiento-Libro.png","type":"image\/png"}],"author":"Cindy Lugo","twitter_card":"summary_large_image","twitter_creator":"@UCatolicaCol","twitter_site":"@UCatolicaCol","twitter_misc":{"Escrito por":"Cindy Lugo","Tiempo de lectura":"4 minutos"},"schema":{"@context":"https:\/\/schema.org","@graph":[{"@type":"Article","@id":"https:\/\/www.ucatolica.edu.co\/portal\/dra-paula-andrea-ramirez-barbosa-presenta-su-libro-inteligencia-artificial-y-las-nuevas-fronteras-juridicas-en-la-procuraduria-general-de-la-nacion\/#article","isPartOf":{"@id":"https:\/\/www.ucatolica.edu.co\/portal\/dra-paula-andrea-ramirez-barbosa-presenta-su-libro-inteligencia-artificial-y-las-nuevas-fronteras-juridicas-en-la-procuraduria-general-de-la-nacion\/"},"author":{"name":"Cindy Lugo","@id":"https:\/\/www.ucatolica.edu.co\/portal\/#\/schema\/person\/a7469afff252fba81c6cdc40c80f00b6"},"headline":"Dra. Paula Andrea Ram\u00edrez Barbosa presenta su libro \u201cInteligencia artificial y las nuevas fronteras jur\u00eddicas\u201d en la Procuradur\u00eda General de la Naci\u00f3n","datePublished":"2025-10-22T22:12:32+00:00","dateModified":"2025-10-30T19:18:35+00:00","mainEntityOfPage":{"@id":"https:\/\/www.ucatolica.edu.co\/portal\/dra-paula-andrea-ramirez-barbosa-presenta-su-libro-inteligencia-artificial-y-las-nuevas-fronteras-juridicas-en-la-procuraduria-general-de-la-nacion\/"},"wordCount":791,"commentCount":0,"publisher":{"@id":"https:\/\/www.ucatolica.edu.co\/portal\/#organization"},"image":{"@id":"https:\/\/www.ucatolica.edu.co\/portal\/dra-paula-andrea-ramirez-barbosa-presenta-su-libro-inteligencia-artificial-y-las-nuevas-fronteras-juridicas-en-la-procuraduria-general-de-la-nacion\/#primaryimage"},"thumbnailUrl":"https:\/\/www.ucatolica.edu.co\/portal\/wp-content\/uploads\/2025\/10\/Conversatorio-Lanzamiento-Libro.png","keywords":["Derecho","Dignidad humana","Doctora Paula Andrea Ram\u00edrez","\u00c9tica","Gregorio Eljach Pacheco","Inteligencia artificial y las nuevas fronteras jur\u00eddicas","Tecnolog\u00eda","Tirant Lo Blanch"],"articleSection":["Noticias Principales"],"inLanguage":"es-CO"},{"@type":"WebPage","@id":"https:\/\/www.ucatolica.edu.co\/portal\/dra-paula-andrea-ramirez-barbosa-presenta-su-libro-inteligencia-artificial-y-las-nuevas-fronteras-juridicas-en-la-procuraduria-general-de-la-nacion\/","url":"https:\/\/www.ucatolica.edu.co\/portal\/dra-paula-andrea-ramirez-barbosa-presenta-su-libro-inteligencia-artificial-y-las-nuevas-fronteras-juridicas-en-la-procuraduria-general-de-la-nacion\/","name":"Dra. Paula Andrea Ram\u00edrez Barbosa presenta su libro \u201cInteligencia artificial y las nuevas fronteras jur\u00eddicas\u201d en la Procuradur\u00eda General de la Naci\u00f3n - Universidad Cat\u00f3lica De Colombia","isPartOf":{"@id":"https:\/\/www.ucatolica.edu.co\/portal\/#website"},"primaryImageOfPage":{"@id":"https:\/\/www.ucatolica.edu.co\/portal\/dra-paula-andrea-ramirez-barbosa-presenta-su-libro-inteligencia-artificial-y-las-nuevas-fronteras-juridicas-en-la-procuraduria-general-de-la-nacion\/#primaryimage"},"image":{"@id":"https:\/\/www.ucatolica.edu.co\/portal\/dra-paula-andrea-ramirez-barbosa-presenta-su-libro-inteligencia-artificial-y-las-nuevas-fronteras-juridicas-en-la-procuraduria-general-de-la-nacion\/#primaryimage"},"thumbnailUrl":"https:\/\/www.ucatolica.edu.co\/portal\/wp-content\/uploads\/2025\/10\/Conversatorio-Lanzamiento-Libro.png","datePublished":"2025-10-22T22:12:32+00:00","dateModified":"2025-10-30T19:18:35+00:00","breadcrumb":{"@id":"https:\/\/www.ucatolica.edu.co\/portal\/dra-paula-andrea-ramirez-barbosa-presenta-su-libro-inteligencia-artificial-y-las-nuevas-fronteras-juridicas-en-la-procuraduria-general-de-la-nacion\/#breadcrumb"},"inLanguage":"es-CO","potentialAction":[{"@type":"ReadAction","target":["https:\/\/www.ucatolica.edu.co\/portal\/dra-paula-andrea-ramirez-barbosa-presenta-su-libro-inteligencia-artificial-y-las-nuevas-fronteras-juridicas-en-la-procuraduria-general-de-la-nacion\/"]}]},{"@type":"ImageObject","inLanguage":"es-CO","@id":"https:\/\/www.ucatolica.edu.co\/portal\/dra-paula-andrea-ramirez-barbosa-presenta-su-libro-inteligencia-artificial-y-las-nuevas-fronteras-juridicas-en-la-procuraduria-general-de-la-nacion\/#primaryimage","url":"https:\/\/www.ucatolica.edu.co\/portal\/wp-content\/uploads\/2025\/10\/Conversatorio-Lanzamiento-Libro.png","contentUrl":"https:\/\/www.ucatolica.edu.co\/portal\/wp-content\/uploads\/2025\/10\/Conversatorio-Lanzamiento-Libro.png","width":870,"height":522,"caption":"Dialogo Lanzamiento Libro"},{"@type":"BreadcrumbList","@id":"https:\/\/www.ucatolica.edu.co\/portal\/dra-paula-andrea-ramirez-barbosa-presenta-su-libro-inteligencia-artificial-y-las-nuevas-fronteras-juridicas-en-la-procuraduria-general-de-la-nacion\/#breadcrumb","itemListElement":[{"@type":"ListItem","position":1,"name":"Inicio","item":"https:\/\/www.ucatolica.edu.co\/portal\/"},{"@type":"ListItem","position":2,"name":"Dra. Paula Andrea Ram\u00edrez Barbosa presenta su libro \u201cInteligencia artificial y las nuevas fronteras jur\u00eddicas\u201d en la Procuradur\u00eda General de la Naci\u00f3n"}]},{"@type":"WebSite","@id":"https:\/\/www.ucatolica.edu.co\/portal\/#website","url":"https:\/\/www.ucatolica.edu.co\/portal\/","name":"Universidad Cat\u00f3lica De Colombia","description":"Universidad Cat\u00f3lica De Colombia","publisher":{"@id":"https:\/\/www.ucatolica.edu.co\/portal\/#organization"},"potentialAction":[{"@type":"SearchAction","target":{"@type":"EntryPoint","urlTemplate":"https:\/\/www.ucatolica.edu.co\/portal\/?s={search_term_string}"},"query-input":{"@type":"PropertyValueSpecification","valueRequired":true,"valueName":"search_term_string"}}],"inLanguage":"es-CO"},{"@type":"Organization","@id":"https:\/\/www.ucatolica.edu.co\/portal\/#organization","name":"Universidad Cat\u00f3lica de Colombia","url":"https:\/\/www.ucatolica.edu.co\/portal\/","logo":{"@type":"ImageObject","inLanguage":"es-CO","@id":"https:\/\/www.ucatolica.edu.co\/portal\/#\/schema\/logo\/image\/","url":"https:\/\/www.ucatolica.edu.co\/portal\/wp-content\/uploads\/2021\/06\/logo-header-ho-1.svg","contentUrl":"https:\/\/www.ucatolica.edu.co\/portal\/wp-content\/uploads\/2021\/06\/logo-header-ho-1.svg","width":1,"height":1,"caption":"Universidad Cat\u00f3lica de Colombia"},"image":{"@id":"https:\/\/www.ucatolica.edu.co\/portal\/#\/schema\/logo\/image\/"},"sameAs":["https:\/\/www.facebook.com\/ucatolicacolombia","https:\/\/x.com\/UCatolicaCol","https:\/\/www.instagram.com\/universidadcatolicadecolombia\/","https:\/\/www.linkedin.com\/company\/universidadcatolicadecolombia\/","https:\/\/www.youtube.com\/user\/UCatolicaCo"]},{"@type":"Person","@id":"https:\/\/www.ucatolica.edu.co\/portal\/#\/schema\/person\/a7469afff252fba81c6cdc40c80f00b6","name":"Cindy Lugo","url":"https:\/\/www.ucatolica.edu.co\/portal\/author\/cindy\/"}]}},"author_meta":{"display_name":"Cindy Lugo","author_link":"https:\/\/www.ucatolica.edu.co\/portal\/author\/cindy\/"},"featured_img":"https:\/\/www.ucatolica.edu.co\/portal\/wp-content\/uploads\/2025\/10\/Conversatorio-Lanzamiento-Libro.png","coauthors":[],"tax_additional":{"categories":{"linked":["<a href=\"https:\/\/www.ucatolica.edu.co\/portal\/category\/noticias-principales\/\" class=\"advgb-post-tax-term\">Noticias Principales<\/a>"],"unlinked":["<span class=\"advgb-post-tax-term\">Noticias Principales<\/span>"]},"tags":{"linked":["<a href=\"https:\/\/www.ucatolica.edu.co\/portal\/category\/noticias-principales\/\" class=\"advgb-post-tax-term\">Derecho<\/a>","<a href=\"https:\/\/www.ucatolica.edu.co\/portal\/category\/noticias-principales\/\" class=\"advgb-post-tax-term\">Dignidad humana<\/a>","<a href=\"https:\/\/www.ucatolica.edu.co\/portal\/category\/noticias-principales\/\" class=\"advgb-post-tax-term\">Doctora Paula Andrea Ram\u00edrez<\/a>","<a href=\"https:\/\/www.ucatolica.edu.co\/portal\/category\/noticias-principales\/\" class=\"advgb-post-tax-term\">\u00c9tica<\/a>","<a href=\"https:\/\/www.ucatolica.edu.co\/portal\/category\/noticias-principales\/\" class=\"advgb-post-tax-term\">Gregorio Eljach Pacheco<\/a>","<a href=\"https:\/\/www.ucatolica.edu.co\/portal\/category\/noticias-principales\/\" class=\"advgb-post-tax-term\">Inteligencia artificial y las nuevas fronteras jur\u00eddicas<\/a>","<a href=\"https:\/\/www.ucatolica.edu.co\/portal\/category\/noticias-principales\/\" class=\"advgb-post-tax-term\">Tecnolog\u00eda<\/a>","<a href=\"https:\/\/www.ucatolica.edu.co\/portal\/category\/noticias-principales\/\" class=\"advgb-post-tax-term\">Tirant Lo Blanch<\/a>"],"unlinked":["<span class=\"advgb-post-tax-term\">Derecho<\/span>","<span class=\"advgb-post-tax-term\">Dignidad humana<\/span>","<span class=\"advgb-post-tax-term\">Doctora Paula Andrea Ram\u00edrez<\/span>","<span class=\"advgb-post-tax-term\">\u00c9tica<\/span>","<span class=\"advgb-post-tax-term\">Gregorio Eljach Pacheco<\/span>","<span class=\"advgb-post-tax-term\">Inteligencia artificial y las nuevas fronteras jur\u00eddicas<\/span>","<span class=\"advgb-post-tax-term\">Tecnolog\u00eda<\/span>","<span class=\"advgb-post-tax-term\">Tirant Lo Blanch<\/span>"]}},"comment_count":"0","relative_dates":{"created":"Posted 6 meses ago","modified":"Updated 6 meses ago"},"absolute_dates":{"created":"Posted on 22 octubre, 2025","modified":"Updated on 30 octubre, 2025"},"absolute_dates_time":{"created":"Posted on 22 octubre, 2025 5:12 pm","modified":"Updated on 30 octubre, 2025 2:18 pm"},"featured_img_caption":"","series_order":"","_links":{"self":[{"href":"https:\/\/www.ucatolica.edu.co\/portal\/wp-json\/wp\/v2\/posts\/123344","targetHints":{"allow":["GET"]}}],"collection":[{"href":"https:\/\/www.ucatolica.edu.co\/portal\/wp-json\/wp\/v2\/posts"}],"about":[{"href":"https:\/\/www.ucatolica.edu.co\/portal\/wp-json\/wp\/v2\/types\/post"}],"author":[{"embeddable":true,"href":"https:\/\/www.ucatolica.edu.co\/portal\/wp-json\/wp\/v2\/users\/4"}],"replies":[{"embeddable":true,"href":"https:\/\/www.ucatolica.edu.co\/portal\/wp-json\/wp\/v2\/comments?post=123344"}],"version-history":[{"count":3,"href":"https:\/\/www.ucatolica.edu.co\/portal\/wp-json\/wp\/v2\/posts\/123344\/revisions"}],"predecessor-version":[{"id":123348,"href":"https:\/\/www.ucatolica.edu.co\/portal\/wp-json\/wp\/v2\/posts\/123344\/revisions\/123348"}],"wp:featuredmedia":[{"embeddable":true,"href":"https:\/\/www.ucatolica.edu.co\/portal\/wp-json\/wp\/v2\/media\/123345"}],"wp:attachment":[{"href":"https:\/\/www.ucatolica.edu.co\/portal\/wp-json\/wp\/v2\/media?parent=123344"}],"wp:term":[{"taxonomy":"category","embeddable":true,"href":"https:\/\/www.ucatolica.edu.co\/portal\/wp-json\/wp\/v2\/categories?post=123344"},{"taxonomy":"post_tag","embeddable":true,"href":"https:\/\/www.ucatolica.edu.co\/portal\/wp-json\/wp\/v2\/tags?post=123344"}],"curies":[{"name":"wp","href":"https:\/\/api.w.org\/{rel}","templated":true}]}}