{"id":123358,"date":"2025-10-23T11:21:23","date_gmt":"2025-10-23T16:21:23","guid":{"rendered":"https:\/\/www.ucatolica.edu.co\/portal\/?p=123358"},"modified":"2025-10-23T11:21:24","modified_gmt":"2025-10-23T16:21:24","slug":"da-el-primer-paso-hacia-tu-exito-profesional-hoy-mismo","status":"publish","type":"post","link":"https:\/\/www.ucatolica.edu.co\/portal\/da-el-primer-paso-hacia-tu-exito-profesional-hoy-mismo\/","title":{"rendered":"\u00a1Da el primer paso hacia tu \u00e9xito profesional hoy mismo!"},"content":{"rendered":"\n<p>En la <strong>Universidad Cat\u00f3lica de Colombia<\/strong> entendemos que completar tu plan de estudios es un gran logro. Pero, \u00bfte imaginas graduarte a tiempo, con una ventaja significativa para tu futuro profesional?.<\/p>\n\n\n\n<p>Aqu\u00ed te presentamos razones para adelantar tus ex\u00e1menes preparatorios, certificar tu nivel de ingl\u00e9s y empezar tu trabajo de grado puede marcar la diferencia.<\/p>\n\n\n\n<p><strong>Ventajas de adelantar tus ex\u00e1menes preparatorios<\/strong><\/p>\n\n\n\n<ul class=\"wp-block-list\">\n<li>Menos estr\u00e9s al final: Lib\u00e9rate de la presi\u00f3n acumulada y enf\u00f3cate en tus pr\u00e1cticas profesionales o tu primera experiencia laboral.<\/li>\n\n\n\n<li><strong>Consolidaci\u00f3n de tu conocimiento: Aprovecha este momento para demostrar lo que sabes y reforzar las \u00e1reas clave del Derecho.<\/strong><\/li>\n<\/ul>\n\n\n\n<p><strong>Certifica tu nivel de ingl\u00e9s y ampl\u00eda tus oportunidades<\/strong><\/p>\n\n\n\n<ul class=\"wp-block-list\">\n<li><strong>Dest\u00e1cate en el mercado laboral global: Un nivel de ingl\u00e9s certificado es una herramienta clave para sobresalir.<\/strong><\/li>\n\n\n\n<li><strong>Evita el apuro de \u00faltima hora: Prep\u00e1rate con tiempo y da un impulso a tu hoja de vida desde ahora.<\/strong><\/li>\n<\/ul>\n\n\n\n<p><strong>Empieza tu trabajo de grado desde 8.\u00ba semestre<\/strong><\/p>\n\n\n\n<ul class=\"wp-block-list\">\n<li>Explora temas que te apasionen: Inicia con calma y profundiza en una investigaci\u00f3n de calidad.<\/li>\n\n\n\n<li>Aprovecha el apoyo docente: Tendr\u00e1s tiempo suficiente para recibir acompa\u00f1amiento y perfeccionar tu trabajo.<\/li>\n\n\n\n<li>Libera tu agenda para nuevas oportunidades: termina a tiempo y enf\u00f3cate en nuevos proyectos laborales o acad\u00e9micos.<\/li>\n<\/ul>\n\n\n\n<p><strong>\u00a1No lo dejes para despu\u00e9s!<\/strong><\/p>\n\n\n\n<p>Adelantar estos pasos te permitir\u00e1 vivir con tranquilidad la recta final de tu carrera y te dar\u00e1 una ventaja competitiva.<\/p>\n\n\n\n<p><strong>Tu Facultad est\u00e1 aqu\u00ed para apoyarte:<\/strong><\/p>\n\n\n\n<ul class=\"wp-block-list\">\n<li>Asesor\u00edas especializadas y programas de tutor\u00edas para tus ex\u00e1menes.<\/li>\n\n\n\n<li>Tutor\u00edas gratuitas para fortalecer tu nivel de ingl\u00e9s.<\/li>\n\n\n\n<li>Acompa\u00f1amiento constante en la formulaci\u00f3n y desarrollo de tu trabajo de grado.<\/li>\n<\/ul>\n\n\n\n<p><strong>T\u00fa tienes el control de tu futuro. Adelanta estos requisitos y alcanza tus metas m\u00e1s r\u00e1pido de lo que imaginas.<\/strong><\/p>\n","protected":false},"excerpt":{"rendered":"<p>En la Universidad Cat\u00f3lica de Colombia entendemos que completar tu plan de estudios es un gran logro. Pero, \u00bfte imaginas graduarte a tiempo, con una ventaja significativa para tu futuro profesional?. Aqu\u00ed te presentamos razones para adelantar tus ex\u00e1menes preparatorios, certificar tu nivel de ingl\u00e9s y empezar tu trabajo de grado puede marcar la diferencia. [&hellip;]<\/p>\n","protected":false},"author":65,"featured_media":101253,"comment_status":"open","ping_status":"open","sticky":false,"template":"","format":"standard","meta":{"_acf_changed":false,"advgb_blocks_editor_width":"","advgb_blocks_columns_visual_guide":"","footnotes":""},"categories":[82,93],"tags":[651,133,679],"class_list":["post-123358","post","type-post","status-publish","format-standard","has-post-thumbnail","hentry","category-facultad-de-derecho","category-noticias-principales","tag-derecho","tag-facultad-de-derecho","tag-grados"],"acf":[],"yoast_head":"<!-- This site is optimized with the Yoast SEO plugin v26.7 - https:\/\/yoast.com\/wordpress\/plugins\/seo\/ -->\n<title>\u00a1Da el primer paso hacia tu \u00e9xito profesional hoy mismo! - Universidad Cat\u00f3lica De Colombia<\/title>\n<meta name=\"robots\" content=\"index, follow, max-snippet:-1, max-image-preview:large, max-video-preview:-1\" \/>\n<link rel=\"canonical\" href=\"https:\/\/www.ucatolica.edu.co\/portal\/da-el-primer-paso-hacia-tu-exito-profesional-hoy-mismo\/\" \/>\n<meta property=\"og:locale\" content=\"es_ES\" \/>\n<meta property=\"og:type\" content=\"article\" \/>\n<meta property=\"og:title\" content=\"\u00a1Da el primer paso hacia tu \u00e9xito profesional hoy mismo! - Universidad Cat\u00f3lica De Colombia\" \/>\n<meta property=\"og:description\" content=\"En la Universidad Cat\u00f3lica de Colombia entendemos que completar tu plan de estudios es un gran logro. Pero, \u00bfte imaginas graduarte a tiempo, con una ventaja significativa para tu futuro profesional?. Aqu\u00ed te presentamos razones para adelantar tus ex\u00e1menes preparatorios, certificar tu nivel de ingl\u00e9s y empezar tu trabajo de grado puede marcar la diferencia. [&hellip;]\" \/>\n<meta property=\"og:url\" content=\"https:\/\/www.ucatolica.edu.co\/portal\/da-el-primer-paso-hacia-tu-exito-profesional-hoy-mismo\/\" \/>\n<meta property=\"og:site_name\" content=\"Universidad Cat\u00f3lica De Colombia\" \/>\n<meta property=\"article:publisher\" content=\"https:\/\/www.facebook.com\/ucatolicacolombia\" \/>\n<meta property=\"article:published_time\" content=\"2025-10-23T16:21:23+00:00\" \/>\n<meta property=\"article:modified_time\" content=\"2025-10-23T16:21:24+00:00\" \/>\n<meta property=\"og:image\" content=\"https:\/\/www.ucatolica.edu.co\/portal\/wp-content\/uploads\/2023\/09\/Mujer-con-toga-y-birrete.jpg\" \/>\n\t<meta property=\"og:image:width\" content=\"870\" \/>\n\t<meta property=\"og:image:height\" content=\"522\" \/>\n\t<meta property=\"og:image:type\" content=\"image\/jpeg\" \/>\n<meta name=\"author\" content=\"Juan Jos\u00e9 Franco\" \/>\n<meta name=\"twitter:card\" content=\"summary_large_image\" \/>\n<meta name=\"twitter:creator\" content=\"@UCatolicaCol\" \/>\n<meta name=\"twitter:site\" content=\"@UCatolicaCol\" \/>\n<meta name=\"twitter:label1\" content=\"Escrito por\" \/>\n\t<meta name=\"twitter:data1\" content=\"Juan Jos\u00e9 Franco\" \/>\n\t<meta name=\"twitter:label2\" content=\"Tiempo de lectura\" \/>\n\t<meta name=\"twitter:data2\" content=\"2 minutos\" \/>\n<script type=\"application\/ld+json\" class=\"yoast-schema-graph\">{\"@context\":\"https:\/\/schema.org\",\"@graph\":[{\"@type\":\"Article\",\"@id\":\"https:\/\/www.ucatolica.edu.co\/portal\/da-el-primer-paso-hacia-tu-exito-profesional-hoy-mismo\/#article\",\"isPartOf\":{\"@id\":\"https:\/\/www.ucatolica.edu.co\/portal\/da-el-primer-paso-hacia-tu-exito-profesional-hoy-mismo\/\"},\"author\":{\"name\":\"Juan Jos\u00e9 Franco\",\"@id\":\"https:\/\/www.ucatolica.edu.co\/portal\/#\/schema\/person\/2fe10d3836c8b18a520cbf458d96a728\"},\"headline\":\"\u00a1Da el primer paso hacia tu \u00e9xito profesional hoy mismo!\",\"datePublished\":\"2025-10-23T16:21:23+00:00\",\"dateModified\":\"2025-10-23T16:21:24+00:00\",\"mainEntityOfPage\":{\"@id\":\"https:\/\/www.ucatolica.edu.co\/portal\/da-el-primer-paso-hacia-tu-exito-profesional-hoy-mismo\/\"},\"wordCount\":319,\"commentCount\":0,\"publisher\":{\"@id\":\"https:\/\/www.ucatolica.edu.co\/portal\/#organization\"},\"image\":{\"@id\":\"https:\/\/www.ucatolica.edu.co\/portal\/da-el-primer-paso-hacia-tu-exito-profesional-hoy-mismo\/#primaryimage\"},\"thumbnailUrl\":\"https:\/\/www.ucatolica.edu.co\/portal\/wp-content\/uploads\/2023\/09\/Mujer-con-toga-y-birrete.jpg\",\"keywords\":[\"Derecho\",\"Facultad de Derecho\",\"Grados\"],\"articleSection\":[\"Facultad de Derecho\",\"Noticias Principales\"],\"inLanguage\":\"es-CO\"},{\"@type\":\"WebPage\",\"@id\":\"https:\/\/www.ucatolica.edu.co\/portal\/da-el-primer-paso-hacia-tu-exito-profesional-hoy-mismo\/\",\"url\":\"https:\/\/www.ucatolica.edu.co\/portal\/da-el-primer-paso-hacia-tu-exito-profesional-hoy-mismo\/\",\"name\":\"\u00a1Da el primer paso hacia tu \u00e9xito profesional hoy mismo! - Universidad Cat\u00f3lica De Colombia\",\"isPartOf\":{\"@id\":\"https:\/\/www.ucatolica.edu.co\/portal\/#website\"},\"primaryImageOfPage\":{\"@id\":\"https:\/\/www.ucatolica.edu.co\/portal\/da-el-primer-paso-hacia-tu-exito-profesional-hoy-mismo\/#primaryimage\"},\"image\":{\"@id\":\"https:\/\/www.ucatolica.edu.co\/portal\/da-el-primer-paso-hacia-tu-exito-profesional-hoy-mismo\/#primaryimage\"},\"thumbnailUrl\":\"https:\/\/www.ucatolica.edu.co\/portal\/wp-content\/uploads\/2023\/09\/Mujer-con-toga-y-birrete.jpg\",\"datePublished\":\"2025-10-23T16:21:23+00:00\",\"dateModified\":\"2025-10-23T16:21:24+00:00\",\"breadcrumb\":{\"@id\":\"https:\/\/www.ucatolica.edu.co\/portal\/da-el-primer-paso-hacia-tu-exito-profesional-hoy-mismo\/#breadcrumb\"},\"inLanguage\":\"es-CO\",\"potentialAction\":[{\"@type\":\"ReadAction\",\"target\":[\"https:\/\/www.ucatolica.edu.co\/portal\/da-el-primer-paso-hacia-tu-exito-profesional-hoy-mismo\/\"]}]},{\"@type\":\"ImageObject\",\"inLanguage\":\"es-CO\",\"@id\":\"https:\/\/www.ucatolica.edu.co\/portal\/da-el-primer-paso-hacia-tu-exito-profesional-hoy-mismo\/#primaryimage\",\"url\":\"https:\/\/www.ucatolica.edu.co\/portal\/wp-content\/uploads\/2023\/09\/Mujer-con-toga-y-birrete.jpg\",\"contentUrl\":\"https:\/\/www.ucatolica.edu.co\/portal\/wp-content\/uploads\/2023\/09\/Mujer-con-toga-y-birrete.jpg\",\"width\":870,\"height\":522,\"caption\":\"Mujer con toga y birrete de graduaci\u00f3n.\"},{\"@type\":\"BreadcrumbList\",\"@id\":\"https:\/\/www.ucatolica.edu.co\/portal\/da-el-primer-paso-hacia-tu-exito-profesional-hoy-mismo\/#breadcrumb\",\"itemListElement\":[{\"@type\":\"ListItem\",\"position\":1,\"name\":\"Inicio\",\"item\":\"https:\/\/www.ucatolica.edu.co\/portal\/\"},{\"@type\":\"ListItem\",\"position\":2,\"name\":\"\u00a1Da el primer paso hacia tu \u00e9xito profesional hoy mismo!\"}]},{\"@type\":\"WebSite\",\"@id\":\"https:\/\/www.ucatolica.edu.co\/portal\/#website\",\"url\":\"https:\/\/www.ucatolica.edu.co\/portal\/\",\"name\":\"Universidad Cat\u00f3lica De Colombia\",\"description\":\"Universidad Cat\u00f3lica De Colombia\",\"publisher\":{\"@id\":\"https:\/\/www.ucatolica.edu.co\/portal\/#organization\"},\"potentialAction\":[{\"@type\":\"SearchAction\",\"target\":{\"@type\":\"EntryPoint\",\"urlTemplate\":\"https:\/\/www.ucatolica.edu.co\/portal\/?s={search_term_string}\"},\"query-input\":{\"@type\":\"PropertyValueSpecification\",\"valueRequired\":true,\"valueName\":\"search_term_string\"}}],\"inLanguage\":\"es-CO\"},{\"@type\":\"Organization\",\"@id\":\"https:\/\/www.ucatolica.edu.co\/portal\/#organization\",\"name\":\"Universidad Cat\u00f3lica de Colombia\",\"url\":\"https:\/\/www.ucatolica.edu.co\/portal\/\",\"logo\":{\"@type\":\"ImageObject\",\"inLanguage\":\"es-CO\",\"@id\":\"https:\/\/www.ucatolica.edu.co\/portal\/#\/schema\/logo\/image\/\",\"url\":\"https:\/\/www.ucatolica.edu.co\/portal\/wp-content\/uploads\/2021\/06\/logo-header-ho-1.svg\",\"contentUrl\":\"https:\/\/www.ucatolica.edu.co\/portal\/wp-content\/uploads\/2021\/06\/logo-header-ho-1.svg\",\"width\":1,\"height\":1,\"caption\":\"Universidad Cat\u00f3lica de Colombia\"},\"image\":{\"@id\":\"https:\/\/www.ucatolica.edu.co\/portal\/#\/schema\/logo\/image\/\"},\"sameAs\":[\"https:\/\/www.facebook.com\/ucatolicacolombia\",\"https:\/\/x.com\/UCatolicaCol\",\"https:\/\/www.instagram.com\/universidadcatolicadecolombia\/\",\"https:\/\/www.linkedin.com\/company\/universidadcatolicadecolombia\/\",\"https:\/\/www.youtube.com\/user\/UCatolicaCo\"]},{\"@type\":\"Person\",\"@id\":\"https:\/\/www.ucatolica.edu.co\/portal\/#\/schema\/person\/2fe10d3836c8b18a520cbf458d96a728\",\"name\":\"Juan Jos\u00e9 Franco\",\"url\":\"https:\/\/www.ucatolica.edu.co\/portal\/author\/juan\/\"}]}<\/script>\n<!-- \/ Yoast SEO plugin. -->","yoast_head_json":{"title":"\u00a1Da el primer paso hacia tu \u00e9xito profesional hoy mismo! - Universidad Cat\u00f3lica De Colombia","robots":{"index":"index","follow":"follow","max-snippet":"max-snippet:-1","max-image-preview":"max-image-preview:large","max-video-preview":"max-video-preview:-1"},"canonical":"https:\/\/www.ucatolica.edu.co\/portal\/da-el-primer-paso-hacia-tu-exito-profesional-hoy-mismo\/","og_locale":"es_ES","og_type":"article","og_title":"\u00a1Da el primer paso hacia tu \u00e9xito profesional hoy mismo! - Universidad Cat\u00f3lica De Colombia","og_description":"En la Universidad Cat\u00f3lica de Colombia entendemos que completar tu plan de estudios es un gran logro. Pero, \u00bfte imaginas graduarte a tiempo, con una ventaja significativa para tu futuro profesional?. Aqu\u00ed te presentamos razones para adelantar tus ex\u00e1menes preparatorios, certificar tu nivel de ingl\u00e9s y empezar tu trabajo de grado puede marcar la diferencia. [&hellip;]","og_url":"https:\/\/www.ucatolica.edu.co\/portal\/da-el-primer-paso-hacia-tu-exito-profesional-hoy-mismo\/","og_site_name":"Universidad Cat\u00f3lica De Colombia","article_publisher":"https:\/\/www.facebook.com\/ucatolicacolombia","article_published_time":"2025-10-23T16:21:23+00:00","article_modified_time":"2025-10-23T16:21:24+00:00","og_image":[{"width":870,"height":522,"url":"https:\/\/www.ucatolica.edu.co\/portal\/wp-content\/uploads\/2023\/09\/Mujer-con-toga-y-birrete.jpg","type":"image\/jpeg"}],"author":"Juan Jos\u00e9 Franco","twitter_card":"summary_large_image","twitter_creator":"@UCatolicaCol","twitter_site":"@UCatolicaCol","twitter_misc":{"Escrito por":"Juan Jos\u00e9 Franco","Tiempo de lectura":"2 minutos"},"schema":{"@context":"https:\/\/schema.org","@graph":[{"@type":"Article","@id":"https:\/\/www.ucatolica.edu.co\/portal\/da-el-primer-paso-hacia-tu-exito-profesional-hoy-mismo\/#article","isPartOf":{"@id":"https:\/\/www.ucatolica.edu.co\/portal\/da-el-primer-paso-hacia-tu-exito-profesional-hoy-mismo\/"},"author":{"name":"Juan Jos\u00e9 Franco","@id":"https:\/\/www.ucatolica.edu.co\/portal\/#\/schema\/person\/2fe10d3836c8b18a520cbf458d96a728"},"headline":"\u00a1Da el primer paso hacia tu \u00e9xito profesional hoy mismo!","datePublished":"2025-10-23T16:21:23+00:00","dateModified":"2025-10-23T16:21:24+00:00","mainEntityOfPage":{"@id":"https:\/\/www.ucatolica.edu.co\/portal\/da-el-primer-paso-hacia-tu-exito-profesional-hoy-mismo\/"},"wordCount":319,"commentCount":0,"publisher":{"@id":"https:\/\/www.ucatolica.edu.co\/portal\/#organization"},"image":{"@id":"https:\/\/www.ucatolica.edu.co\/portal\/da-el-primer-paso-hacia-tu-exito-profesional-hoy-mismo\/#primaryimage"},"thumbnailUrl":"https:\/\/www.ucatolica.edu.co\/portal\/wp-content\/uploads\/2023\/09\/Mujer-con-toga-y-birrete.jpg","keywords":["Derecho","Facultad de Derecho","Grados"],"articleSection":["Facultad de Derecho","Noticias Principales"],"inLanguage":"es-CO"},{"@type":"WebPage","@id":"https:\/\/www.ucatolica.edu.co\/portal\/da-el-primer-paso-hacia-tu-exito-profesional-hoy-mismo\/","url":"https:\/\/www.ucatolica.edu.co\/portal\/da-el-primer-paso-hacia-tu-exito-profesional-hoy-mismo\/","name":"\u00a1Da el primer paso hacia tu \u00e9xito profesional hoy mismo! - Universidad Cat\u00f3lica De Colombia","isPartOf":{"@id":"https:\/\/www.ucatolica.edu.co\/portal\/#website"},"primaryImageOfPage":{"@id":"https:\/\/www.ucatolica.edu.co\/portal\/da-el-primer-paso-hacia-tu-exito-profesional-hoy-mismo\/#primaryimage"},"image":{"@id":"https:\/\/www.ucatolica.edu.co\/portal\/da-el-primer-paso-hacia-tu-exito-profesional-hoy-mismo\/#primaryimage"},"thumbnailUrl":"https:\/\/www.ucatolica.edu.co\/portal\/wp-content\/uploads\/2023\/09\/Mujer-con-toga-y-birrete.jpg","datePublished":"2025-10-23T16:21:23+00:00","dateModified":"2025-10-23T16:21:24+00:00","breadcrumb":{"@id":"https:\/\/www.ucatolica.edu.co\/portal\/da-el-primer-paso-hacia-tu-exito-profesional-hoy-mismo\/#breadcrumb"},"inLanguage":"es-CO","potentialAction":[{"@type":"ReadAction","target":["https:\/\/www.ucatolica.edu.co\/portal\/da-el-primer-paso-hacia-tu-exito-profesional-hoy-mismo\/"]}]},{"@type":"ImageObject","inLanguage":"es-CO","@id":"https:\/\/www.ucatolica.edu.co\/portal\/da-el-primer-paso-hacia-tu-exito-profesional-hoy-mismo\/#primaryimage","url":"https:\/\/www.ucatolica.edu.co\/portal\/wp-content\/uploads\/2023\/09\/Mujer-con-toga-y-birrete.jpg","contentUrl":"https:\/\/www.ucatolica.edu.co\/portal\/wp-content\/uploads\/2023\/09\/Mujer-con-toga-y-birrete.jpg","width":870,"height":522,"caption":"Mujer con toga y birrete de graduaci\u00f3n."},{"@type":"BreadcrumbList","@id":"https:\/\/www.ucatolica.edu.co\/portal\/da-el-primer-paso-hacia-tu-exito-profesional-hoy-mismo\/#breadcrumb","itemListElement":[{"@type":"ListItem","position":1,"name":"Inicio","item":"https:\/\/www.ucatolica.edu.co\/portal\/"},{"@type":"ListItem","position":2,"name":"\u00a1Da el primer paso hacia tu \u00e9xito profesional hoy mismo!"}]},{"@type":"WebSite","@id":"https:\/\/www.ucatolica.edu.co\/portal\/#website","url":"https:\/\/www.ucatolica.edu.co\/portal\/","name":"Universidad Cat\u00f3lica De Colombia","description":"Universidad Cat\u00f3lica De Colombia","publisher":{"@id":"https:\/\/www.ucatolica.edu.co\/portal\/#organization"},"potentialAction":[{"@type":"SearchAction","target":{"@type":"EntryPoint","urlTemplate":"https:\/\/www.ucatolica.edu.co\/portal\/?s={search_term_string}"},"query-input":{"@type":"PropertyValueSpecification","valueRequired":true,"valueName":"search_term_string"}}],"inLanguage":"es-CO"},{"@type":"Organization","@id":"https:\/\/www.ucatolica.edu.co\/portal\/#organization","name":"Universidad Cat\u00f3lica de Colombia","url":"https:\/\/www.ucatolica.edu.co\/portal\/","logo":{"@type":"ImageObject","inLanguage":"es-CO","@id":"https:\/\/www.ucatolica.edu.co\/portal\/#\/schema\/logo\/image\/","url":"https:\/\/www.ucatolica.edu.co\/portal\/wp-content\/uploads\/2021\/06\/logo-header-ho-1.svg","contentUrl":"https:\/\/www.ucatolica.edu.co\/portal\/wp-content\/uploads\/2021\/06\/logo-header-ho-1.svg","width":1,"height":1,"caption":"Universidad Cat\u00f3lica de Colombia"},"image":{"@id":"https:\/\/www.ucatolica.edu.co\/portal\/#\/schema\/logo\/image\/"},"sameAs":["https:\/\/www.facebook.com\/ucatolicacolombia","https:\/\/x.com\/UCatolicaCol","https:\/\/www.instagram.com\/universidadcatolicadecolombia\/","https:\/\/www.linkedin.com\/company\/universidadcatolicadecolombia\/","https:\/\/www.youtube.com\/user\/UCatolicaCo"]},{"@type":"Person","@id":"https:\/\/www.ucatolica.edu.co\/portal\/#\/schema\/person\/2fe10d3836c8b18a520cbf458d96a728","name":"Juan Jos\u00e9 Franco","url":"https:\/\/www.ucatolica.edu.co\/portal\/author\/juan\/"}]}},"author_meta":{"display_name":"Juan Jos\u00e9 Franco","author_link":"https:\/\/www.ucatolica.edu.co\/portal\/author\/juan\/"},"featured_img":"https:\/\/www.ucatolica.edu.co\/portal\/wp-content\/uploads\/2023\/09\/Mujer-con-toga-y-birrete.jpg","coauthors":[],"tax_additional":{"categories":{"linked":["<a href=\"https:\/\/www.ucatolica.edu.co\/portal\/category\/facultad-de-derecho\/\" class=\"advgb-post-tax-term\">Facultad de Derecho<\/a>","<a href=\"https:\/\/www.ucatolica.edu.co\/portal\/category\/noticias-principales\/\" class=\"advgb-post-tax-term\">Noticias Principales<\/a>"],"unlinked":["<span class=\"advgb-post-tax-term\">Facultad de Derecho<\/span>","<span class=\"advgb-post-tax-term\">Noticias Principales<\/span>"]},"tags":{"linked":["<a href=\"https:\/\/www.ucatolica.edu.co\/portal\/category\/noticias-principales\/\" class=\"advgb-post-tax-term\">Derecho<\/a>","<a href=\"https:\/\/www.ucatolica.edu.co\/portal\/category\/noticias-principales\/\" class=\"advgb-post-tax-term\">Facultad de Derecho<\/a>","<a href=\"https:\/\/www.ucatolica.edu.co\/portal\/category\/noticias-principales\/\" class=\"advgb-post-tax-term\">Grados<\/a>"],"unlinked":["<span class=\"advgb-post-tax-term\">Derecho<\/span>","<span class=\"advgb-post-tax-term\">Facultad de Derecho<\/span>","<span class=\"advgb-post-tax-term\">Grados<\/span>"]}},"comment_count":"0","relative_dates":{"created":"Posted 6 meses ago","modified":"Updated 6 meses ago"},"absolute_dates":{"created":"Posted on 23 octubre, 2025","modified":"Updated on 23 octubre, 2025"},"absolute_dates_time":{"created":"Posted on 23 octubre, 2025 11:21 am","modified":"Updated on 23 octubre, 2025 11:21 am"},"featured_img_caption":"","series_order":"","_links":{"self":[{"href":"https:\/\/www.ucatolica.edu.co\/portal\/wp-json\/wp\/v2\/posts\/123358","targetHints":{"allow":["GET"]}}],"collection":[{"href":"https:\/\/www.ucatolica.edu.co\/portal\/wp-json\/wp\/v2\/posts"}],"about":[{"href":"https:\/\/www.ucatolica.edu.co\/portal\/wp-json\/wp\/v2\/types\/post"}],"author":[{"embeddable":true,"href":"https:\/\/www.ucatolica.edu.co\/portal\/wp-json\/wp\/v2\/users\/65"}],"replies":[{"embeddable":true,"href":"https:\/\/www.ucatolica.edu.co\/portal\/wp-json\/wp\/v2\/comments?post=123358"}],"version-history":[{"count":2,"href":"https:\/\/www.ucatolica.edu.co\/portal\/wp-json\/wp\/v2\/posts\/123358\/revisions"}],"predecessor-version":[{"id":123360,"href":"https:\/\/www.ucatolica.edu.co\/portal\/wp-json\/wp\/v2\/posts\/123358\/revisions\/123360"}],"wp:featuredmedia":[{"embeddable":true,"href":"https:\/\/www.ucatolica.edu.co\/portal\/wp-json\/wp\/v2\/media\/101253"}],"wp:attachment":[{"href":"https:\/\/www.ucatolica.edu.co\/portal\/wp-json\/wp\/v2\/media?parent=123358"}],"wp:term":[{"taxonomy":"category","embeddable":true,"href":"https:\/\/www.ucatolica.edu.co\/portal\/wp-json\/wp\/v2\/categories?post=123358"},{"taxonomy":"post_tag","embeddable":true,"href":"https:\/\/www.ucatolica.edu.co\/portal\/wp-json\/wp\/v2\/tags?post=123358"}],"curies":[{"name":"wp","href":"https:\/\/api.w.org\/{rel}","templated":true}]}}