{"id":123410,"date":"2025-10-24T10:54:34","date_gmt":"2025-10-24T15:54:34","guid":{"rendered":"https:\/\/www.ucatolica.edu.co\/portal\/?p=123410"},"modified":"2025-10-24T10:54:34","modified_gmt":"2025-10-24T15:54:34","slug":"iii-festival-de-arquitectura-y-diseno-tradicion-e-innovacion","status":"publish","type":"post","link":"https:\/\/www.ucatolica.edu.co\/portal\/iii-festival-de-arquitectura-y-diseno-tradicion-e-innovacion\/","title":{"rendered":"III Festival de Arquitectura y Dise\u00f1o: Tradici\u00f3n e Innovaci\u00f3n"},"content":{"rendered":"\n<p>La <strong>Universidad Cat\u00f3lica de Colombia<\/strong>, a trav\u00e9s de la Facultad de Dise\u00f1o y su Programa de Arquitectura, invita a la comunidad acad\u00e9mica y al p\u00fablico en general a participar en la <strong>tercera edici\u00f3n del Festival de Arquitectura y Dise\u00f1o<\/strong>, que se llevar\u00e1 a cabo los d\u00edas 28 y 29 de octubre del presente a\u00f1o en el <strong>Centro de Convenciones de la Sede 4 (Cl. 47 #9-66)<\/strong>.<\/p>\n\n\n\n<p>Este encuentro acad\u00e9mico, que este a\u00f1o se desarrolla bajo el eje tem\u00e1tico <strong>\u201cTradici\u00f3n e Innovaci\u00f3n\u201d<\/strong>, se consolida como un espacio de reflexi\u00f3n, creaci\u00f3n y aprendizaje en torno a los desaf\u00edos contempor\u00e1neos del dise\u00f1o y la arquitectura.<\/p>\n\n\n\n<p>El Festival busca visibilizar la manera en que la ingenier\u00eda inversa, como herramienta did\u00e1ctica, potencia la comprensi\u00f3n integral de los compromisos del programa: <strong>Recursos y disponibilidad, Energ\u00eda y equilibrio, e Innovaci\u00f3n y creatividad<\/strong>, fortaleciendo as\u00ed la relaci\u00f3n entre teor\u00eda, pr\u00e1ctica y sostenibilidad.<\/p>\n\n\n\n<p>Durante los dos d\u00edas de programaci\u00f3n se llevar\u00e1n a cabo ponencias acad\u00e9micas, muestras culturales, actividades inmersivas que entrelazar\u00e1n el arte, la creatividad y la tecnolog\u00eda, as\u00ed como la exposici\u00f3n de proyectos estudiantiles del dossier, que reflejan el trabajo colaborativo de los diferentes n\u00facleos probl\u00e9micos del programa.<\/p>\n\n\n\n<p>Con la participaci\u00f3n activa de docentes, estudiantes y egresados, el <strong>III Festival de Arquitectura y Dise\u00f1o: Tradici\u00f3n e Innovaci\u00f3n reafirma el compromiso del Programa de Arquitectura<\/strong> con la formaci\u00f3n de profesionales cr\u00edticos, creativos y comprometidos con las transformaciones del entorno.<\/p>\n\n\n\n<p>La programaci\u00f3n estar\u00e1 abierta a toda la comunidad universitaria y al p\u00fablico general, quienes podr\u00e1n asistir libremente al Centro de Convenciones de la Universidad Cat\u00f3lica de Colombia para disfrutar de las conferencias y actividades programadas. &nbsp;&nbsp;&nbsp;<\/p>\n\n\n\n<p><\/p>\n","protected":false},"excerpt":{"rendered":"<p>La Universidad Cat\u00f3lica de Colombia, a trav\u00e9s de la Facultad de Dise\u00f1o y su Programa de Arquitectura, invita a la comunidad acad\u00e9mica y al p\u00fablico en general a participar en la tercera edici\u00f3n del Festival de Arquitectura y Dise\u00f1o, que se llevar\u00e1 a cabo los d\u00edas 28 y 29 de octubre del presente a\u00f1o en [&hellip;]<\/p>\n","protected":false},"author":65,"featured_media":123413,"comment_status":"open","ping_status":"open","sticky":false,"template":"","format":"standard","meta":{"_acf_changed":false,"advgb_blocks_editor_width":"","advgb_blocks_columns_visual_guide":"","footnotes":""},"categories":[93],"tags":[1334,106,150],"class_list":["post-123410","post","type-post","status-publish","format-standard","has-post-thumbnail","hentry","category-noticias-principales","tag-centro-de-convenciones","tag-facultad-de-diseno","tag-innovacion-academica"],"acf":[],"yoast_head":"<!-- This site is optimized with the Yoast SEO plugin v26.7 - https:\/\/yoast.com\/wordpress\/plugins\/seo\/ -->\n<title>III Festival de Arquitectura y Dise\u00f1o: Tradici\u00f3n e Innovaci\u00f3n - Universidad Cat\u00f3lica De Colombia<\/title>\n<meta name=\"robots\" content=\"index, follow, max-snippet:-1, max-image-preview:large, max-video-preview:-1\" \/>\n<link rel=\"canonical\" href=\"https:\/\/www.ucatolica.edu.co\/portal\/iii-festival-de-arquitectura-y-diseno-tradicion-e-innovacion\/\" \/>\n<meta property=\"og:locale\" content=\"es_ES\" \/>\n<meta property=\"og:type\" content=\"article\" \/>\n<meta property=\"og:title\" content=\"III Festival de Arquitectura y Dise\u00f1o: Tradici\u00f3n e Innovaci\u00f3n - Universidad Cat\u00f3lica De Colombia\" \/>\n<meta property=\"og:description\" content=\"La Universidad Cat\u00f3lica de Colombia, a trav\u00e9s de la Facultad de Dise\u00f1o y su Programa de Arquitectura, invita a la comunidad acad\u00e9mica y al p\u00fablico en general a participar en la tercera edici\u00f3n del Festival de Arquitectura y Dise\u00f1o, que se llevar\u00e1 a cabo los d\u00edas 28 y 29 de octubre del presente a\u00f1o en [&hellip;]\" \/>\n<meta property=\"og:url\" content=\"https:\/\/www.ucatolica.edu.co\/portal\/iii-festival-de-arquitectura-y-diseno-tradicion-e-innovacion\/\" \/>\n<meta property=\"og:site_name\" content=\"Universidad Cat\u00f3lica De Colombia\" \/>\n<meta property=\"article:publisher\" content=\"https:\/\/www.facebook.com\/ucatolicacolombia\" \/>\n<meta property=\"article:published_time\" content=\"2025-10-24T15:54:34+00:00\" \/>\n<meta property=\"og:image\" content=\"https:\/\/www.ucatolica.edu.co\/portal\/wp-content\/uploads\/2025\/10\/III-Festival-de-Arquitectura-y-Diseno-Tradicion-e-Innovacion.jpg\" \/>\n\t<meta property=\"og:image:width\" content=\"870\" \/>\n\t<meta property=\"og:image:height\" content=\"522\" \/>\n\t<meta property=\"og:image:type\" content=\"image\/jpeg\" \/>\n<meta name=\"author\" content=\"Juan Jos\u00e9 Franco\" \/>\n<meta name=\"twitter:card\" content=\"summary_large_image\" \/>\n<meta name=\"twitter:creator\" content=\"@UCatolicaCol\" \/>\n<meta name=\"twitter:site\" content=\"@UCatolicaCol\" \/>\n<meta name=\"twitter:label1\" content=\"Escrito por\" \/>\n\t<meta name=\"twitter:data1\" content=\"Juan Jos\u00e9 Franco\" \/>\n\t<meta name=\"twitter:label2\" content=\"Tiempo de lectura\" \/>\n\t<meta name=\"twitter:data2\" content=\"2 minutos\" \/>\n<script type=\"application\/ld+json\" class=\"yoast-schema-graph\">{\"@context\":\"https:\/\/schema.org\",\"@graph\":[{\"@type\":\"Article\",\"@id\":\"https:\/\/www.ucatolica.edu.co\/portal\/iii-festival-de-arquitectura-y-diseno-tradicion-e-innovacion\/#article\",\"isPartOf\":{\"@id\":\"https:\/\/www.ucatolica.edu.co\/portal\/iii-festival-de-arquitectura-y-diseno-tradicion-e-innovacion\/\"},\"author\":{\"name\":\"Juan Jos\u00e9 Franco\",\"@id\":\"https:\/\/www.ucatolica.edu.co\/portal\/#\/schema\/person\/2fe10d3836c8b18a520cbf458d96a728\"},\"headline\":\"III Festival de Arquitectura y Dise\u00f1o: Tradici\u00f3n e Innovaci\u00f3n\",\"datePublished\":\"2025-10-24T15:54:34+00:00\",\"mainEntityOfPage\":{\"@id\":\"https:\/\/www.ucatolica.edu.co\/portal\/iii-festival-de-arquitectura-y-diseno-tradicion-e-innovacion\/\"},\"wordCount\":322,\"commentCount\":0,\"publisher\":{\"@id\":\"https:\/\/www.ucatolica.edu.co\/portal\/#organization\"},\"image\":{\"@id\":\"https:\/\/www.ucatolica.edu.co\/portal\/iii-festival-de-arquitectura-y-diseno-tradicion-e-innovacion\/#primaryimage\"},\"thumbnailUrl\":\"https:\/\/www.ucatolica.edu.co\/portal\/wp-content\/uploads\/2025\/10\/III-Festival-de-Arquitectura-y-Diseno-Tradicion-e-Innovacion.jpg\",\"keywords\":[\"Centro de Convenciones\",\"Facultad de Dise\u00f1o\",\"Innovaci\u00f3n Acad\u00e9mica\"],\"articleSection\":[\"Noticias Principales\"],\"inLanguage\":\"es-CO\"},{\"@type\":\"WebPage\",\"@id\":\"https:\/\/www.ucatolica.edu.co\/portal\/iii-festival-de-arquitectura-y-diseno-tradicion-e-innovacion\/\",\"url\":\"https:\/\/www.ucatolica.edu.co\/portal\/iii-festival-de-arquitectura-y-diseno-tradicion-e-innovacion\/\",\"name\":\"III Festival de Arquitectura y Dise\u00f1o: Tradici\u00f3n e Innovaci\u00f3n - Universidad Cat\u00f3lica De Colombia\",\"isPartOf\":{\"@id\":\"https:\/\/www.ucatolica.edu.co\/portal\/#website\"},\"primaryImageOfPage\":{\"@id\":\"https:\/\/www.ucatolica.edu.co\/portal\/iii-festival-de-arquitectura-y-diseno-tradicion-e-innovacion\/#primaryimage\"},\"image\":{\"@id\":\"https:\/\/www.ucatolica.edu.co\/portal\/iii-festival-de-arquitectura-y-diseno-tradicion-e-innovacion\/#primaryimage\"},\"thumbnailUrl\":\"https:\/\/www.ucatolica.edu.co\/portal\/wp-content\/uploads\/2025\/10\/III-Festival-de-Arquitectura-y-Diseno-Tradicion-e-Innovacion.jpg\",\"datePublished\":\"2025-10-24T15:54:34+00:00\",\"breadcrumb\":{\"@id\":\"https:\/\/www.ucatolica.edu.co\/portal\/iii-festival-de-arquitectura-y-diseno-tradicion-e-innovacion\/#breadcrumb\"},\"inLanguage\":\"es-CO\",\"potentialAction\":[{\"@type\":\"ReadAction\",\"target\":[\"https:\/\/www.ucatolica.edu.co\/portal\/iii-festival-de-arquitectura-y-diseno-tradicion-e-innovacion\/\"]}]},{\"@type\":\"ImageObject\",\"inLanguage\":\"es-CO\",\"@id\":\"https:\/\/www.ucatolica.edu.co\/portal\/iii-festival-de-arquitectura-y-diseno-tradicion-e-innovacion\/#primaryimage\",\"url\":\"https:\/\/www.ucatolica.edu.co\/portal\/wp-content\/uploads\/2025\/10\/III-Festival-de-Arquitectura-y-Diseno-Tradicion-e-Innovacion.jpg\",\"contentUrl\":\"https:\/\/www.ucatolica.edu.co\/portal\/wp-content\/uploads\/2025\/10\/III-Festival-de-Arquitectura-y-Diseno-Tradicion-e-Innovacion.jpg\",\"width\":870,\"height\":522,\"caption\":\"III Festival de Arquitectura y Dise\u00f1o Tradici\u00f3n e Innovaci\u00f3n\"},{\"@type\":\"BreadcrumbList\",\"@id\":\"https:\/\/www.ucatolica.edu.co\/portal\/iii-festival-de-arquitectura-y-diseno-tradicion-e-innovacion\/#breadcrumb\",\"itemListElement\":[{\"@type\":\"ListItem\",\"position\":1,\"name\":\"Inicio\",\"item\":\"https:\/\/www.ucatolica.edu.co\/portal\/\"},{\"@type\":\"ListItem\",\"position\":2,\"name\":\"III Festival de Arquitectura y Dise\u00f1o: Tradici\u00f3n e Innovaci\u00f3n\"}]},{\"@type\":\"WebSite\",\"@id\":\"https:\/\/www.ucatolica.edu.co\/portal\/#website\",\"url\":\"https:\/\/www.ucatolica.edu.co\/portal\/\",\"name\":\"Universidad Cat\u00f3lica De Colombia\",\"description\":\"Universidad Cat\u00f3lica De Colombia\",\"publisher\":{\"@id\":\"https:\/\/www.ucatolica.edu.co\/portal\/#organization\"},\"potentialAction\":[{\"@type\":\"SearchAction\",\"target\":{\"@type\":\"EntryPoint\",\"urlTemplate\":\"https:\/\/www.ucatolica.edu.co\/portal\/?s={search_term_string}\"},\"query-input\":{\"@type\":\"PropertyValueSpecification\",\"valueRequired\":true,\"valueName\":\"search_term_string\"}}],\"inLanguage\":\"es-CO\"},{\"@type\":\"Organization\",\"@id\":\"https:\/\/www.ucatolica.edu.co\/portal\/#organization\",\"name\":\"Universidad Cat\u00f3lica de Colombia\",\"url\":\"https:\/\/www.ucatolica.edu.co\/portal\/\",\"logo\":{\"@type\":\"ImageObject\",\"inLanguage\":\"es-CO\",\"@id\":\"https:\/\/www.ucatolica.edu.co\/portal\/#\/schema\/logo\/image\/\",\"url\":\"https:\/\/www.ucatolica.edu.co\/portal\/wp-content\/uploads\/2021\/06\/logo-header-ho-1.svg\",\"contentUrl\":\"https:\/\/www.ucatolica.edu.co\/portal\/wp-content\/uploads\/2021\/06\/logo-header-ho-1.svg\",\"width\":1,\"height\":1,\"caption\":\"Universidad Cat\u00f3lica de Colombia\"},\"image\":{\"@id\":\"https:\/\/www.ucatolica.edu.co\/portal\/#\/schema\/logo\/image\/\"},\"sameAs\":[\"https:\/\/www.facebook.com\/ucatolicacolombia\",\"https:\/\/x.com\/UCatolicaCol\",\"https:\/\/www.instagram.com\/universidadcatolicadecolombia\/\",\"https:\/\/www.linkedin.com\/company\/universidadcatolicadecolombia\/\",\"https:\/\/www.youtube.com\/user\/UCatolicaCo\"]},{\"@type\":\"Person\",\"@id\":\"https:\/\/www.ucatolica.edu.co\/portal\/#\/schema\/person\/2fe10d3836c8b18a520cbf458d96a728\",\"name\":\"Juan Jos\u00e9 Franco\",\"url\":\"https:\/\/www.ucatolica.edu.co\/portal\/author\/juan\/\"}]}<\/script>\n<!-- \/ Yoast SEO plugin. -->","yoast_head_json":{"title":"III Festival de Arquitectura y Dise\u00f1o: Tradici\u00f3n e Innovaci\u00f3n - Universidad Cat\u00f3lica De Colombia","robots":{"index":"index","follow":"follow","max-snippet":"max-snippet:-1","max-image-preview":"max-image-preview:large","max-video-preview":"max-video-preview:-1"},"canonical":"https:\/\/www.ucatolica.edu.co\/portal\/iii-festival-de-arquitectura-y-diseno-tradicion-e-innovacion\/","og_locale":"es_ES","og_type":"article","og_title":"III Festival de Arquitectura y Dise\u00f1o: Tradici\u00f3n e Innovaci\u00f3n - Universidad Cat\u00f3lica De Colombia","og_description":"La Universidad Cat\u00f3lica de Colombia, a trav\u00e9s de la Facultad de Dise\u00f1o y su Programa de Arquitectura, invita a la comunidad acad\u00e9mica y al p\u00fablico en general a participar en la tercera edici\u00f3n del Festival de Arquitectura y Dise\u00f1o, que se llevar\u00e1 a cabo los d\u00edas 28 y 29 de octubre del presente a\u00f1o en [&hellip;]","og_url":"https:\/\/www.ucatolica.edu.co\/portal\/iii-festival-de-arquitectura-y-diseno-tradicion-e-innovacion\/","og_site_name":"Universidad Cat\u00f3lica De Colombia","article_publisher":"https:\/\/www.facebook.com\/ucatolicacolombia","article_published_time":"2025-10-24T15:54:34+00:00","og_image":[{"width":870,"height":522,"url":"https:\/\/www.ucatolica.edu.co\/portal\/wp-content\/uploads\/2025\/10\/III-Festival-de-Arquitectura-y-Diseno-Tradicion-e-Innovacion.jpg","type":"image\/jpeg"}],"author":"Juan Jos\u00e9 Franco","twitter_card":"summary_large_image","twitter_creator":"@UCatolicaCol","twitter_site":"@UCatolicaCol","twitter_misc":{"Escrito por":"Juan Jos\u00e9 Franco","Tiempo de lectura":"2 minutos"},"schema":{"@context":"https:\/\/schema.org","@graph":[{"@type":"Article","@id":"https:\/\/www.ucatolica.edu.co\/portal\/iii-festival-de-arquitectura-y-diseno-tradicion-e-innovacion\/#article","isPartOf":{"@id":"https:\/\/www.ucatolica.edu.co\/portal\/iii-festival-de-arquitectura-y-diseno-tradicion-e-innovacion\/"},"author":{"name":"Juan Jos\u00e9 Franco","@id":"https:\/\/www.ucatolica.edu.co\/portal\/#\/schema\/person\/2fe10d3836c8b18a520cbf458d96a728"},"headline":"III Festival de Arquitectura y Dise\u00f1o: Tradici\u00f3n e Innovaci\u00f3n","datePublished":"2025-10-24T15:54:34+00:00","mainEntityOfPage":{"@id":"https:\/\/www.ucatolica.edu.co\/portal\/iii-festival-de-arquitectura-y-diseno-tradicion-e-innovacion\/"},"wordCount":322,"commentCount":0,"publisher":{"@id":"https:\/\/www.ucatolica.edu.co\/portal\/#organization"},"image":{"@id":"https:\/\/www.ucatolica.edu.co\/portal\/iii-festival-de-arquitectura-y-diseno-tradicion-e-innovacion\/#primaryimage"},"thumbnailUrl":"https:\/\/www.ucatolica.edu.co\/portal\/wp-content\/uploads\/2025\/10\/III-Festival-de-Arquitectura-y-Diseno-Tradicion-e-Innovacion.jpg","keywords":["Centro de Convenciones","Facultad de Dise\u00f1o","Innovaci\u00f3n Acad\u00e9mica"],"articleSection":["Noticias Principales"],"inLanguage":"es-CO"},{"@type":"WebPage","@id":"https:\/\/www.ucatolica.edu.co\/portal\/iii-festival-de-arquitectura-y-diseno-tradicion-e-innovacion\/","url":"https:\/\/www.ucatolica.edu.co\/portal\/iii-festival-de-arquitectura-y-diseno-tradicion-e-innovacion\/","name":"III Festival de Arquitectura y Dise\u00f1o: Tradici\u00f3n e Innovaci\u00f3n - Universidad Cat\u00f3lica De Colombia","isPartOf":{"@id":"https:\/\/www.ucatolica.edu.co\/portal\/#website"},"primaryImageOfPage":{"@id":"https:\/\/www.ucatolica.edu.co\/portal\/iii-festival-de-arquitectura-y-diseno-tradicion-e-innovacion\/#primaryimage"},"image":{"@id":"https:\/\/www.ucatolica.edu.co\/portal\/iii-festival-de-arquitectura-y-diseno-tradicion-e-innovacion\/#primaryimage"},"thumbnailUrl":"https:\/\/www.ucatolica.edu.co\/portal\/wp-content\/uploads\/2025\/10\/III-Festival-de-Arquitectura-y-Diseno-Tradicion-e-Innovacion.jpg","datePublished":"2025-10-24T15:54:34+00:00","breadcrumb":{"@id":"https:\/\/www.ucatolica.edu.co\/portal\/iii-festival-de-arquitectura-y-diseno-tradicion-e-innovacion\/#breadcrumb"},"inLanguage":"es-CO","potentialAction":[{"@type":"ReadAction","target":["https:\/\/www.ucatolica.edu.co\/portal\/iii-festival-de-arquitectura-y-diseno-tradicion-e-innovacion\/"]}]},{"@type":"ImageObject","inLanguage":"es-CO","@id":"https:\/\/www.ucatolica.edu.co\/portal\/iii-festival-de-arquitectura-y-diseno-tradicion-e-innovacion\/#primaryimage","url":"https:\/\/www.ucatolica.edu.co\/portal\/wp-content\/uploads\/2025\/10\/III-Festival-de-Arquitectura-y-Diseno-Tradicion-e-Innovacion.jpg","contentUrl":"https:\/\/www.ucatolica.edu.co\/portal\/wp-content\/uploads\/2025\/10\/III-Festival-de-Arquitectura-y-Diseno-Tradicion-e-Innovacion.jpg","width":870,"height":522,"caption":"III Festival de Arquitectura y Dise\u00f1o Tradici\u00f3n e Innovaci\u00f3n"},{"@type":"BreadcrumbList","@id":"https:\/\/www.ucatolica.edu.co\/portal\/iii-festival-de-arquitectura-y-diseno-tradicion-e-innovacion\/#breadcrumb","itemListElement":[{"@type":"ListItem","position":1,"name":"Inicio","item":"https:\/\/www.ucatolica.edu.co\/portal\/"},{"@type":"ListItem","position":2,"name":"III Festival de Arquitectura y Dise\u00f1o: Tradici\u00f3n e Innovaci\u00f3n"}]},{"@type":"WebSite","@id":"https:\/\/www.ucatolica.edu.co\/portal\/#website","url":"https:\/\/www.ucatolica.edu.co\/portal\/","name":"Universidad Cat\u00f3lica De Colombia","description":"Universidad Cat\u00f3lica De Colombia","publisher":{"@id":"https:\/\/www.ucatolica.edu.co\/portal\/#organization"},"potentialAction":[{"@type":"SearchAction","target":{"@type":"EntryPoint","urlTemplate":"https:\/\/www.ucatolica.edu.co\/portal\/?s={search_term_string}"},"query-input":{"@type":"PropertyValueSpecification","valueRequired":true,"valueName":"search_term_string"}}],"inLanguage":"es-CO"},{"@type":"Organization","@id":"https:\/\/www.ucatolica.edu.co\/portal\/#organization","name":"Universidad Cat\u00f3lica de Colombia","url":"https:\/\/www.ucatolica.edu.co\/portal\/","logo":{"@type":"ImageObject","inLanguage":"es-CO","@id":"https:\/\/www.ucatolica.edu.co\/portal\/#\/schema\/logo\/image\/","url":"https:\/\/www.ucatolica.edu.co\/portal\/wp-content\/uploads\/2021\/06\/logo-header-ho-1.svg","contentUrl":"https:\/\/www.ucatolica.edu.co\/portal\/wp-content\/uploads\/2021\/06\/logo-header-ho-1.svg","width":1,"height":1,"caption":"Universidad Cat\u00f3lica de Colombia"},"image":{"@id":"https:\/\/www.ucatolica.edu.co\/portal\/#\/schema\/logo\/image\/"},"sameAs":["https:\/\/www.facebook.com\/ucatolicacolombia","https:\/\/x.com\/UCatolicaCol","https:\/\/www.instagram.com\/universidadcatolicadecolombia\/","https:\/\/www.linkedin.com\/company\/universidadcatolicadecolombia\/","https:\/\/www.youtube.com\/user\/UCatolicaCo"]},{"@type":"Person","@id":"https:\/\/www.ucatolica.edu.co\/portal\/#\/schema\/person\/2fe10d3836c8b18a520cbf458d96a728","name":"Juan Jos\u00e9 Franco","url":"https:\/\/www.ucatolica.edu.co\/portal\/author\/juan\/"}]}},"author_meta":{"display_name":"Juan Jos\u00e9 Franco","author_link":"https:\/\/www.ucatolica.edu.co\/portal\/author\/juan\/"},"featured_img":"https:\/\/www.ucatolica.edu.co\/portal\/wp-content\/uploads\/2025\/10\/III-Festival-de-Arquitectura-y-Diseno-Tradicion-e-Innovacion.jpg","coauthors":[],"tax_additional":{"categories":{"linked":["<a href=\"https:\/\/www.ucatolica.edu.co\/portal\/category\/noticias-principales\/\" class=\"advgb-post-tax-term\">Noticias Principales<\/a>"],"unlinked":["<span class=\"advgb-post-tax-term\">Noticias Principales<\/span>"]},"tags":{"linked":["<a href=\"https:\/\/www.ucatolica.edu.co\/portal\/category\/noticias-principales\/\" class=\"advgb-post-tax-term\">Centro de Convenciones<\/a>","<a href=\"https:\/\/www.ucatolica.edu.co\/portal\/category\/noticias-principales\/\" class=\"advgb-post-tax-term\">Facultad de Dise\u00f1o<\/a>","<a href=\"https:\/\/www.ucatolica.edu.co\/portal\/category\/noticias-principales\/\" class=\"advgb-post-tax-term\">Innovaci\u00f3n Acad\u00e9mica<\/a>"],"unlinked":["<span class=\"advgb-post-tax-term\">Centro de Convenciones<\/span>","<span class=\"advgb-post-tax-term\">Facultad de Dise\u00f1o<\/span>","<span class=\"advgb-post-tax-term\">Innovaci\u00f3n Acad\u00e9mica<\/span>"]}},"comment_count":"0","relative_dates":{"created":"Posted 6 meses ago","modified":"Updated 6 meses ago"},"absolute_dates":{"created":"Posted on 24 octubre, 2025","modified":"Updated on 24 octubre, 2025"},"absolute_dates_time":{"created":"Posted on 24 octubre, 2025 10:54 am","modified":"Updated on 24 octubre, 2025 10:54 am"},"featured_img_caption":"","series_order":"","_links":{"self":[{"href":"https:\/\/www.ucatolica.edu.co\/portal\/wp-json\/wp\/v2\/posts\/123410","targetHints":{"allow":["GET"]}}],"collection":[{"href":"https:\/\/www.ucatolica.edu.co\/portal\/wp-json\/wp\/v2\/posts"}],"about":[{"href":"https:\/\/www.ucatolica.edu.co\/portal\/wp-json\/wp\/v2\/types\/post"}],"author":[{"embeddable":true,"href":"https:\/\/www.ucatolica.edu.co\/portal\/wp-json\/wp\/v2\/users\/65"}],"replies":[{"embeddable":true,"href":"https:\/\/www.ucatolica.edu.co\/portal\/wp-json\/wp\/v2\/comments?post=123410"}],"version-history":[{"count":3,"href":"https:\/\/www.ucatolica.edu.co\/portal\/wp-json\/wp\/v2\/posts\/123410\/revisions"}],"predecessor-version":[{"id":123414,"href":"https:\/\/www.ucatolica.edu.co\/portal\/wp-json\/wp\/v2\/posts\/123410\/revisions\/123414"}],"wp:featuredmedia":[{"embeddable":true,"href":"https:\/\/www.ucatolica.edu.co\/portal\/wp-json\/wp\/v2\/media\/123413"}],"wp:attachment":[{"href":"https:\/\/www.ucatolica.edu.co\/portal\/wp-json\/wp\/v2\/media?parent=123410"}],"wp:term":[{"taxonomy":"category","embeddable":true,"href":"https:\/\/www.ucatolica.edu.co\/portal\/wp-json\/wp\/v2\/categories?post=123410"},{"taxonomy":"post_tag","embeddable":true,"href":"https:\/\/www.ucatolica.edu.co\/portal\/wp-json\/wp\/v2\/tags?post=123410"}],"curies":[{"name":"wp","href":"https:\/\/api.w.org\/{rel}","templated":true}]}}