{"id":123422,"date":"2025-10-24T18:34:46","date_gmt":"2025-10-24T23:34:46","guid":{"rendered":"https:\/\/www.ucatolica.edu.co\/portal\/?p=123422"},"modified":"2025-10-24T19:40:56","modified_gmt":"2025-10-25T00:40:56","slug":"la-universidad-catolica-de-colombia-lidera-el-dialogo-sobre-los-nuevos-retos-del-derecho-animal","status":"publish","type":"post","link":"https:\/\/www.ucatolica.edu.co\/portal\/la-universidad-catolica-de-colombia-lidera-el-dialogo-sobre-los-nuevos-retos-del-derecho-animal\/","title":{"rendered":"La Universidad Cat\u00f3lica de Colombia lidera el di\u00e1logo sobre los nuevos retos del derecho animal"},"content":{"rendered":"\n<p>El pasado 20 de octubre, la <strong>Facultad de Derecho de la Universidad Cat\u00f3lica de Colombia<\/strong> realiz\u00f3 el <strong>Foro Nacional de Derecho Animal: un di\u00e1logo sobre justicia, \u00e9tica y la transformaci\u00f3n jur\u00eddica en Colombia<\/strong>, un espacio acad\u00e9mico que reuni\u00f3 a destacados expertos, autoridades judiciales y representantes del movimiento animalista para debatir sobre los desaf\u00edos actuales en materia de protecci\u00f3n y reconocimiento de los derechos de los animales.<\/p>\n\n\n\n<p>El encuentro, desarrollado en el <strong>Centro de Convenciones de la Universidad<\/strong>, marc\u00f3 un precedente en la agenda acad\u00e9mica de la instituci\u00f3n al abrir un di\u00e1logo profundo sobre los alcances y las implicaciones de la reciente <strong>Ley 2385 de 2024<\/strong>, que reafirma el compromiso del Estado colombiano con la defensa de los animales como seres sintientes y ampl\u00eda la discusi\u00f3n sobre pr\u00e1cticas tradicionales como las corridas de toros, las peleas de gallos y las corralejas.<\/p>\n\n\n\n<p>Este espacio cont\u00f3 con la presencia de <strong>Aroldo Wilson Quiroz Monsalvo<\/strong>, magistrado y expresidente de la Corte Suprema de Justicia;<strong> Esmeralda Hern\u00e1ndez Silva<\/strong>, senadora de la Rep\u00fablica y autora de la Ley 2385 de 2024; <strong>Alejandro Gaviria Henao<\/strong>, excoordinador del Grupo GELMA de la Fiscal\u00eda General de la Naci\u00f3n; <strong>Antonio Hern\u00e1ndez Llamas<\/strong>, director del Instituto Distrital de Protecci\u00f3n y Bienestar Animal; y <strong>Yani Mateus<\/strong>, representante para Latinoam\u00e9rica de Animal Defenders International.<\/p>\n\n\n\n<p>Para <strong>Diana Carolina Barreto Cardoso, profesora y coordinadora de Extensi\u00f3n de la Facultad de Derecho<\/strong>, este foro represent\u00f3 un paso significativo hacia la apertura de nuevos escenarios de an\u00e1lisis jur\u00eddico, en ese sentido la coordinadora expres\u00f3:<\/p>\n\n\n\n<p>\u201c<em>Este evento se hace con el fin de dialogar sobre el derecho animal. Es la primera vez que realizamos un foro sobre este tema, especialmente tras la decisi\u00f3n de la Corte de mantener exequible la Ley 2385 de 2024. Queremos escuchar puntos de vista a favor y en contra, porque la academia siempre debe estar presente en estos espacios de discusi\u00f3n<\/em>\u201d.<\/p>\n\n\n\n<p>La profesora tambi\u00e9n destac\u00f3 la importancia de fomentar el acercamiento ciudadano a estos debates, m\u00e1s all\u00e1 de los l\u00edmites acad\u00e9micos:<\/p>\n\n\n\n<p>\u201c<em>El mundo est\u00e1 cambiando, y debemos adaptarnos a esos nuevos escenarios. Estos espacios son fundamentales para que la ciudadan\u00eda comience a comprender lo que significa el derecho de los animales. Hace 40 a\u00f1os, hablar de la prohibici\u00f3n de las corridas de toros en Colombia era inconcebible; hoy, es una realidad. Debemos seguir generando di\u00e1logo y conciencia para construir el futuro que viene<\/em>\u201d.<\/p>\n\n\n\n<p>Por su parte, <strong>Andrea Beltr\u00e1n, directora del Consultorio Jur\u00eddico de la Universidad<\/strong>, resalt\u00f3 el valor del encuentro como un punto de convergencia entre distintos sectores de la sociedad:<\/p>\n\n\n\n<p>\u201c<em>Este es un espacio maravilloso donde convergen la academia, la rama judicial y los grupos animalistas. Es \u00fanico porque nos permite hablar de un tema que hoy tiene gran importancia: los derechos de los animales. Buscamos cambiar la concepci\u00f3n tradicional y asumirlos verdaderamente como seres sintientes<\/em>\u201d, afirm\u00f3.<\/p>\n\n\n\n<p>Asimismo, la direcrora Andrea Beltr\u00e1n subray\u00f3 la necesidad de fortalecer la formaci\u00f3n jur\u00eddica y ciudadana en torno a esta nueva visi\u00f3n del derecho:<\/p>\n\n\n\n<p>\u201c<em>Estamos viviendo un cambio de cultura. Los animales son reconocidos como seres sintientes, y eso implica reconocerles ciertos derechos. Es fundamental que la sociedad y la comunidad educativa est\u00e9n al d\u00eda con los avances y los retos que esto plantea<\/em>\u201d.<\/p>\n\n\n\n<p>De esta manera, la <strong>Universidad Cat\u00f3lica de Colombia<\/strong> reafirma su liderazgo en la construcci\u00f3n de espacios de di\u00e1logo que promueven una reflexi\u00f3n profunda sobre la \u00e9tica, la justicia y la responsabilidad humana frente a los dem\u00e1s seres vivos, consolid\u00e1ndose como una instituci\u00f3n que impulsa la transformaci\u00f3n del pensamiento jur\u00eddico en el pa\u00eds.<\/p>\n","protected":false},"excerpt":{"rendered":"<p>El pasado 20 de octubre, la Facultad de Derecho de la Universidad Cat\u00f3lica de Colombia realiz\u00f3 el Foro Nacional de Derecho Animal: un di\u00e1logo sobre justicia, \u00e9tica y la transformaci\u00f3n jur\u00eddica en Colombia, un espacio acad\u00e9mico que reuni\u00f3 a destacados expertos, autoridades judiciales y representantes del movimiento animalista para debatir sobre los desaf\u00edos actuales en [&hellip;]<\/p>\n","protected":false},"author":65,"featured_media":123217,"comment_status":"open","ping_status":"open","sticky":false,"template":"","format":"standard","meta":{"_acf_changed":false,"advgb_blocks_editor_width":"","advgb_blocks_columns_visual_guide":"","footnotes":""},"categories":[93],"tags":[1334,133],"class_list":["post-123422","post","type-post","status-publish","format-standard","has-post-thumbnail","hentry","category-noticias-principales","tag-centro-de-convenciones","tag-facultad-de-derecho"],"acf":[],"yoast_head":"<!-- This site is optimized with the Yoast SEO plugin v26.7 - https:\/\/yoast.com\/wordpress\/plugins\/seo\/ -->\n<title>La Universidad Cat\u00f3lica de Colombia lidera el di\u00e1logo sobre los nuevos retos del derecho animal - Universidad Cat\u00f3lica De Colombia<\/title>\n<meta name=\"robots\" content=\"index, follow, max-snippet:-1, max-image-preview:large, max-video-preview:-1\" \/>\n<link rel=\"canonical\" href=\"https:\/\/www.ucatolica.edu.co\/portal\/la-universidad-catolica-de-colombia-lidera-el-dialogo-sobre-los-nuevos-retos-del-derecho-animal\/\" \/>\n<meta property=\"og:locale\" content=\"es_ES\" \/>\n<meta property=\"og:type\" content=\"article\" \/>\n<meta property=\"og:title\" content=\"La Universidad Cat\u00f3lica de Colombia lidera el di\u00e1logo sobre los nuevos retos del derecho animal - Universidad Cat\u00f3lica De Colombia\" \/>\n<meta property=\"og:description\" content=\"El pasado 20 de octubre, la Facultad de Derecho de la Universidad Cat\u00f3lica de Colombia realiz\u00f3 el Foro Nacional de Derecho Animal: un di\u00e1logo sobre justicia, \u00e9tica y la transformaci\u00f3n jur\u00eddica en Colombia, un espacio acad\u00e9mico que reuni\u00f3 a destacados expertos, autoridades judiciales y representantes del movimiento animalista para debatir sobre los desaf\u00edos actuales en [&hellip;]\" \/>\n<meta property=\"og:url\" content=\"https:\/\/www.ucatolica.edu.co\/portal\/la-universidad-catolica-de-colombia-lidera-el-dialogo-sobre-los-nuevos-retos-del-derecho-animal\/\" \/>\n<meta property=\"og:site_name\" content=\"Universidad Cat\u00f3lica De Colombia\" \/>\n<meta property=\"article:publisher\" content=\"https:\/\/www.facebook.com\/ucatolicacolombia\" \/>\n<meta property=\"article:published_time\" content=\"2025-10-24T23:34:46+00:00\" \/>\n<meta property=\"article:modified_time\" content=\"2025-10-25T00:40:56+00:00\" \/>\n<meta property=\"og:image\" content=\"https:\/\/www.ucatolica.edu.co\/portal\/wp-content\/uploads\/2025\/10\/Corrida-de-Toros.jpg\" \/>\n\t<meta property=\"og:image:width\" content=\"870\" \/>\n\t<meta property=\"og:image:height\" content=\"522\" \/>\n\t<meta property=\"og:image:type\" content=\"image\/jpeg\" \/>\n<meta name=\"author\" content=\"Juan Jos\u00e9 Franco\" \/>\n<meta name=\"twitter:card\" content=\"summary_large_image\" \/>\n<meta name=\"twitter:creator\" content=\"@UCatolicaCol\" \/>\n<meta name=\"twitter:site\" content=\"@UCatolicaCol\" \/>\n<meta name=\"twitter:label1\" content=\"Escrito por\" \/>\n\t<meta name=\"twitter:data1\" content=\"Juan Jos\u00e9 Franco\" \/>\n\t<meta name=\"twitter:label2\" content=\"Tiempo de lectura\" \/>\n\t<meta name=\"twitter:data2\" content=\"3 minutos\" \/>\n<script type=\"application\/ld+json\" class=\"yoast-schema-graph\">{\"@context\":\"https:\/\/schema.org\",\"@graph\":[{\"@type\":\"Article\",\"@id\":\"https:\/\/www.ucatolica.edu.co\/portal\/la-universidad-catolica-de-colombia-lidera-el-dialogo-sobre-los-nuevos-retos-del-derecho-animal\/#article\",\"isPartOf\":{\"@id\":\"https:\/\/www.ucatolica.edu.co\/portal\/la-universidad-catolica-de-colombia-lidera-el-dialogo-sobre-los-nuevos-retos-del-derecho-animal\/\"},\"author\":{\"name\":\"Juan Jos\u00e9 Franco\",\"@id\":\"https:\/\/www.ucatolica.edu.co\/portal\/#\/schema\/person\/2fe10d3836c8b18a520cbf458d96a728\"},\"headline\":\"La Universidad Cat\u00f3lica de Colombia lidera el di\u00e1logo sobre los nuevos retos del derecho animal\",\"datePublished\":\"2025-10-24T23:34:46+00:00\",\"dateModified\":\"2025-10-25T00:40:56+00:00\",\"mainEntityOfPage\":{\"@id\":\"https:\/\/www.ucatolica.edu.co\/portal\/la-universidad-catolica-de-colombia-lidera-el-dialogo-sobre-los-nuevos-retos-del-derecho-animal\/\"},\"wordCount\":641,\"commentCount\":0,\"publisher\":{\"@id\":\"https:\/\/www.ucatolica.edu.co\/portal\/#organization\"},\"image\":{\"@id\":\"https:\/\/www.ucatolica.edu.co\/portal\/la-universidad-catolica-de-colombia-lidera-el-dialogo-sobre-los-nuevos-retos-del-derecho-animal\/#primaryimage\"},\"thumbnailUrl\":\"https:\/\/www.ucatolica.edu.co\/portal\/wp-content\/uploads\/2025\/10\/Corrida-de-Toros.jpg\",\"keywords\":[\"Centro de Convenciones\",\"Facultad de Derecho\"],\"articleSection\":[\"Noticias Principales\"],\"inLanguage\":\"es-CO\"},{\"@type\":\"WebPage\",\"@id\":\"https:\/\/www.ucatolica.edu.co\/portal\/la-universidad-catolica-de-colombia-lidera-el-dialogo-sobre-los-nuevos-retos-del-derecho-animal\/\",\"url\":\"https:\/\/www.ucatolica.edu.co\/portal\/la-universidad-catolica-de-colombia-lidera-el-dialogo-sobre-los-nuevos-retos-del-derecho-animal\/\",\"name\":\"La Universidad Cat\u00f3lica de Colombia lidera el di\u00e1logo sobre los nuevos retos del derecho animal - Universidad Cat\u00f3lica De Colombia\",\"isPartOf\":{\"@id\":\"https:\/\/www.ucatolica.edu.co\/portal\/#website\"},\"primaryImageOfPage\":{\"@id\":\"https:\/\/www.ucatolica.edu.co\/portal\/la-universidad-catolica-de-colombia-lidera-el-dialogo-sobre-los-nuevos-retos-del-derecho-animal\/#primaryimage\"},\"image\":{\"@id\":\"https:\/\/www.ucatolica.edu.co\/portal\/la-universidad-catolica-de-colombia-lidera-el-dialogo-sobre-los-nuevos-retos-del-derecho-animal\/#primaryimage\"},\"thumbnailUrl\":\"https:\/\/www.ucatolica.edu.co\/portal\/wp-content\/uploads\/2025\/10\/Corrida-de-Toros.jpg\",\"datePublished\":\"2025-10-24T23:34:46+00:00\",\"dateModified\":\"2025-10-25T00:40:56+00:00\",\"breadcrumb\":{\"@id\":\"https:\/\/www.ucatolica.edu.co\/portal\/la-universidad-catolica-de-colombia-lidera-el-dialogo-sobre-los-nuevos-retos-del-derecho-animal\/#breadcrumb\"},\"inLanguage\":\"es-CO\",\"potentialAction\":[{\"@type\":\"ReadAction\",\"target\":[\"https:\/\/www.ucatolica.edu.co\/portal\/la-universidad-catolica-de-colombia-lidera-el-dialogo-sobre-los-nuevos-retos-del-derecho-animal\/\"]}]},{\"@type\":\"ImageObject\",\"inLanguage\":\"es-CO\",\"@id\":\"https:\/\/www.ucatolica.edu.co\/portal\/la-universidad-catolica-de-colombia-lidera-el-dialogo-sobre-los-nuevos-retos-del-derecho-animal\/#primaryimage\",\"url\":\"https:\/\/www.ucatolica.edu.co\/portal\/wp-content\/uploads\/2025\/10\/Corrida-de-Toros.jpg\",\"contentUrl\":\"https:\/\/www.ucatolica.edu.co\/portal\/wp-content\/uploads\/2025\/10\/Corrida-de-Toros.jpg\",\"width\":870,\"height\":522,\"caption\":\"Corrida de Toros\"},{\"@type\":\"BreadcrumbList\",\"@id\":\"https:\/\/www.ucatolica.edu.co\/portal\/la-universidad-catolica-de-colombia-lidera-el-dialogo-sobre-los-nuevos-retos-del-derecho-animal\/#breadcrumb\",\"itemListElement\":[{\"@type\":\"ListItem\",\"position\":1,\"name\":\"Inicio\",\"item\":\"https:\/\/www.ucatolica.edu.co\/portal\/\"},{\"@type\":\"ListItem\",\"position\":2,\"name\":\"La Universidad Cat\u00f3lica de Colombia lidera el di\u00e1logo sobre los nuevos retos del derecho animal\"}]},{\"@type\":\"WebSite\",\"@id\":\"https:\/\/www.ucatolica.edu.co\/portal\/#website\",\"url\":\"https:\/\/www.ucatolica.edu.co\/portal\/\",\"name\":\"Universidad Cat\u00f3lica De Colombia\",\"description\":\"Universidad Cat\u00f3lica De Colombia\",\"publisher\":{\"@id\":\"https:\/\/www.ucatolica.edu.co\/portal\/#organization\"},\"potentialAction\":[{\"@type\":\"SearchAction\",\"target\":{\"@type\":\"EntryPoint\",\"urlTemplate\":\"https:\/\/www.ucatolica.edu.co\/portal\/?s={search_term_string}\"},\"query-input\":{\"@type\":\"PropertyValueSpecification\",\"valueRequired\":true,\"valueName\":\"search_term_string\"}}],\"inLanguage\":\"es-CO\"},{\"@type\":\"Organization\",\"@id\":\"https:\/\/www.ucatolica.edu.co\/portal\/#organization\",\"name\":\"Universidad Cat\u00f3lica de Colombia\",\"url\":\"https:\/\/www.ucatolica.edu.co\/portal\/\",\"logo\":{\"@type\":\"ImageObject\",\"inLanguage\":\"es-CO\",\"@id\":\"https:\/\/www.ucatolica.edu.co\/portal\/#\/schema\/logo\/image\/\",\"url\":\"https:\/\/www.ucatolica.edu.co\/portal\/wp-content\/uploads\/2021\/06\/logo-header-ho-1.svg\",\"contentUrl\":\"https:\/\/www.ucatolica.edu.co\/portal\/wp-content\/uploads\/2021\/06\/logo-header-ho-1.svg\",\"width\":1,\"height\":1,\"caption\":\"Universidad Cat\u00f3lica de Colombia\"},\"image\":{\"@id\":\"https:\/\/www.ucatolica.edu.co\/portal\/#\/schema\/logo\/image\/\"},\"sameAs\":[\"https:\/\/www.facebook.com\/ucatolicacolombia\",\"https:\/\/x.com\/UCatolicaCol\",\"https:\/\/www.instagram.com\/universidadcatolicadecolombia\/\",\"https:\/\/www.linkedin.com\/company\/universidadcatolicadecolombia\/\",\"https:\/\/www.youtube.com\/user\/UCatolicaCo\"]},{\"@type\":\"Person\",\"@id\":\"https:\/\/www.ucatolica.edu.co\/portal\/#\/schema\/person\/2fe10d3836c8b18a520cbf458d96a728\",\"name\":\"Juan Jos\u00e9 Franco\",\"url\":\"https:\/\/www.ucatolica.edu.co\/portal\/author\/juan\/\"}]}<\/script>\n<!-- \/ Yoast SEO plugin. -->","yoast_head_json":{"title":"La Universidad Cat\u00f3lica de Colombia lidera el di\u00e1logo sobre los nuevos retos del derecho animal - Universidad Cat\u00f3lica De Colombia","robots":{"index":"index","follow":"follow","max-snippet":"max-snippet:-1","max-image-preview":"max-image-preview:large","max-video-preview":"max-video-preview:-1"},"canonical":"https:\/\/www.ucatolica.edu.co\/portal\/la-universidad-catolica-de-colombia-lidera-el-dialogo-sobre-los-nuevos-retos-del-derecho-animal\/","og_locale":"es_ES","og_type":"article","og_title":"La Universidad Cat\u00f3lica de Colombia lidera el di\u00e1logo sobre los nuevos retos del derecho animal - Universidad Cat\u00f3lica De Colombia","og_description":"El pasado 20 de octubre, la Facultad de Derecho de la Universidad Cat\u00f3lica de Colombia realiz\u00f3 el Foro Nacional de Derecho Animal: un di\u00e1logo sobre justicia, \u00e9tica y la transformaci\u00f3n jur\u00eddica en Colombia, un espacio acad\u00e9mico que reuni\u00f3 a destacados expertos, autoridades judiciales y representantes del movimiento animalista para debatir sobre los desaf\u00edos actuales en [&hellip;]","og_url":"https:\/\/www.ucatolica.edu.co\/portal\/la-universidad-catolica-de-colombia-lidera-el-dialogo-sobre-los-nuevos-retos-del-derecho-animal\/","og_site_name":"Universidad Cat\u00f3lica De Colombia","article_publisher":"https:\/\/www.facebook.com\/ucatolicacolombia","article_published_time":"2025-10-24T23:34:46+00:00","article_modified_time":"2025-10-25T00:40:56+00:00","og_image":[{"width":870,"height":522,"url":"https:\/\/www.ucatolica.edu.co\/portal\/wp-content\/uploads\/2025\/10\/Corrida-de-Toros.jpg","type":"image\/jpeg"}],"author":"Juan Jos\u00e9 Franco","twitter_card":"summary_large_image","twitter_creator":"@UCatolicaCol","twitter_site":"@UCatolicaCol","twitter_misc":{"Escrito por":"Juan Jos\u00e9 Franco","Tiempo de lectura":"3 minutos"},"schema":{"@context":"https:\/\/schema.org","@graph":[{"@type":"Article","@id":"https:\/\/www.ucatolica.edu.co\/portal\/la-universidad-catolica-de-colombia-lidera-el-dialogo-sobre-los-nuevos-retos-del-derecho-animal\/#article","isPartOf":{"@id":"https:\/\/www.ucatolica.edu.co\/portal\/la-universidad-catolica-de-colombia-lidera-el-dialogo-sobre-los-nuevos-retos-del-derecho-animal\/"},"author":{"name":"Juan Jos\u00e9 Franco","@id":"https:\/\/www.ucatolica.edu.co\/portal\/#\/schema\/person\/2fe10d3836c8b18a520cbf458d96a728"},"headline":"La Universidad Cat\u00f3lica de Colombia lidera el di\u00e1logo sobre los nuevos retos del derecho animal","datePublished":"2025-10-24T23:34:46+00:00","dateModified":"2025-10-25T00:40:56+00:00","mainEntityOfPage":{"@id":"https:\/\/www.ucatolica.edu.co\/portal\/la-universidad-catolica-de-colombia-lidera-el-dialogo-sobre-los-nuevos-retos-del-derecho-animal\/"},"wordCount":641,"commentCount":0,"publisher":{"@id":"https:\/\/www.ucatolica.edu.co\/portal\/#organization"},"image":{"@id":"https:\/\/www.ucatolica.edu.co\/portal\/la-universidad-catolica-de-colombia-lidera-el-dialogo-sobre-los-nuevos-retos-del-derecho-animal\/#primaryimage"},"thumbnailUrl":"https:\/\/www.ucatolica.edu.co\/portal\/wp-content\/uploads\/2025\/10\/Corrida-de-Toros.jpg","keywords":["Centro de Convenciones","Facultad de Derecho"],"articleSection":["Noticias Principales"],"inLanguage":"es-CO"},{"@type":"WebPage","@id":"https:\/\/www.ucatolica.edu.co\/portal\/la-universidad-catolica-de-colombia-lidera-el-dialogo-sobre-los-nuevos-retos-del-derecho-animal\/","url":"https:\/\/www.ucatolica.edu.co\/portal\/la-universidad-catolica-de-colombia-lidera-el-dialogo-sobre-los-nuevos-retos-del-derecho-animal\/","name":"La Universidad Cat\u00f3lica de Colombia lidera el di\u00e1logo sobre los nuevos retos del derecho animal - Universidad Cat\u00f3lica De Colombia","isPartOf":{"@id":"https:\/\/www.ucatolica.edu.co\/portal\/#website"},"primaryImageOfPage":{"@id":"https:\/\/www.ucatolica.edu.co\/portal\/la-universidad-catolica-de-colombia-lidera-el-dialogo-sobre-los-nuevos-retos-del-derecho-animal\/#primaryimage"},"image":{"@id":"https:\/\/www.ucatolica.edu.co\/portal\/la-universidad-catolica-de-colombia-lidera-el-dialogo-sobre-los-nuevos-retos-del-derecho-animal\/#primaryimage"},"thumbnailUrl":"https:\/\/www.ucatolica.edu.co\/portal\/wp-content\/uploads\/2025\/10\/Corrida-de-Toros.jpg","datePublished":"2025-10-24T23:34:46+00:00","dateModified":"2025-10-25T00:40:56+00:00","breadcrumb":{"@id":"https:\/\/www.ucatolica.edu.co\/portal\/la-universidad-catolica-de-colombia-lidera-el-dialogo-sobre-los-nuevos-retos-del-derecho-animal\/#breadcrumb"},"inLanguage":"es-CO","potentialAction":[{"@type":"ReadAction","target":["https:\/\/www.ucatolica.edu.co\/portal\/la-universidad-catolica-de-colombia-lidera-el-dialogo-sobre-los-nuevos-retos-del-derecho-animal\/"]}]},{"@type":"ImageObject","inLanguage":"es-CO","@id":"https:\/\/www.ucatolica.edu.co\/portal\/la-universidad-catolica-de-colombia-lidera-el-dialogo-sobre-los-nuevos-retos-del-derecho-animal\/#primaryimage","url":"https:\/\/www.ucatolica.edu.co\/portal\/wp-content\/uploads\/2025\/10\/Corrida-de-Toros.jpg","contentUrl":"https:\/\/www.ucatolica.edu.co\/portal\/wp-content\/uploads\/2025\/10\/Corrida-de-Toros.jpg","width":870,"height":522,"caption":"Corrida de Toros"},{"@type":"BreadcrumbList","@id":"https:\/\/www.ucatolica.edu.co\/portal\/la-universidad-catolica-de-colombia-lidera-el-dialogo-sobre-los-nuevos-retos-del-derecho-animal\/#breadcrumb","itemListElement":[{"@type":"ListItem","position":1,"name":"Inicio","item":"https:\/\/www.ucatolica.edu.co\/portal\/"},{"@type":"ListItem","position":2,"name":"La Universidad Cat\u00f3lica de Colombia lidera el di\u00e1logo sobre los nuevos retos del derecho animal"}]},{"@type":"WebSite","@id":"https:\/\/www.ucatolica.edu.co\/portal\/#website","url":"https:\/\/www.ucatolica.edu.co\/portal\/","name":"Universidad Cat\u00f3lica De Colombia","description":"Universidad Cat\u00f3lica De Colombia","publisher":{"@id":"https:\/\/www.ucatolica.edu.co\/portal\/#organization"},"potentialAction":[{"@type":"SearchAction","target":{"@type":"EntryPoint","urlTemplate":"https:\/\/www.ucatolica.edu.co\/portal\/?s={search_term_string}"},"query-input":{"@type":"PropertyValueSpecification","valueRequired":true,"valueName":"search_term_string"}}],"inLanguage":"es-CO"},{"@type":"Organization","@id":"https:\/\/www.ucatolica.edu.co\/portal\/#organization","name":"Universidad Cat\u00f3lica de Colombia","url":"https:\/\/www.ucatolica.edu.co\/portal\/","logo":{"@type":"ImageObject","inLanguage":"es-CO","@id":"https:\/\/www.ucatolica.edu.co\/portal\/#\/schema\/logo\/image\/","url":"https:\/\/www.ucatolica.edu.co\/portal\/wp-content\/uploads\/2021\/06\/logo-header-ho-1.svg","contentUrl":"https:\/\/www.ucatolica.edu.co\/portal\/wp-content\/uploads\/2021\/06\/logo-header-ho-1.svg","width":1,"height":1,"caption":"Universidad Cat\u00f3lica de Colombia"},"image":{"@id":"https:\/\/www.ucatolica.edu.co\/portal\/#\/schema\/logo\/image\/"},"sameAs":["https:\/\/www.facebook.com\/ucatolicacolombia","https:\/\/x.com\/UCatolicaCol","https:\/\/www.instagram.com\/universidadcatolicadecolombia\/","https:\/\/www.linkedin.com\/company\/universidadcatolicadecolombia\/","https:\/\/www.youtube.com\/user\/UCatolicaCo"]},{"@type":"Person","@id":"https:\/\/www.ucatolica.edu.co\/portal\/#\/schema\/person\/2fe10d3836c8b18a520cbf458d96a728","name":"Juan Jos\u00e9 Franco","url":"https:\/\/www.ucatolica.edu.co\/portal\/author\/juan\/"}]}},"author_meta":{"display_name":"Juan Jos\u00e9 Franco","author_link":"https:\/\/www.ucatolica.edu.co\/portal\/author\/juan\/"},"featured_img":"https:\/\/www.ucatolica.edu.co\/portal\/wp-content\/uploads\/2025\/10\/Corrida-de-Toros.jpg","coauthors":[],"tax_additional":{"categories":{"linked":["<a href=\"https:\/\/www.ucatolica.edu.co\/portal\/category\/noticias-principales\/\" class=\"advgb-post-tax-term\">Noticias Principales<\/a>"],"unlinked":["<span class=\"advgb-post-tax-term\">Noticias Principales<\/span>"]},"tags":{"linked":["<a href=\"https:\/\/www.ucatolica.edu.co\/portal\/category\/noticias-principales\/\" class=\"advgb-post-tax-term\">Centro de Convenciones<\/a>","<a href=\"https:\/\/www.ucatolica.edu.co\/portal\/category\/noticias-principales\/\" class=\"advgb-post-tax-term\">Facultad de Derecho<\/a>"],"unlinked":["<span class=\"advgb-post-tax-term\">Centro de Convenciones<\/span>","<span class=\"advgb-post-tax-term\">Facultad de Derecho<\/span>"]}},"comment_count":"0","relative_dates":{"created":"Posted 6 meses ago","modified":"Updated 6 meses ago"},"absolute_dates":{"created":"Posted on 24 octubre, 2025","modified":"Updated on 24 octubre, 2025"},"absolute_dates_time":{"created":"Posted on 24 octubre, 2025 6:34 pm","modified":"Updated on 24 octubre, 2025 7:40 pm"},"featured_img_caption":"Corrida de Toros","series_order":"","_links":{"self":[{"href":"https:\/\/www.ucatolica.edu.co\/portal\/wp-json\/wp\/v2\/posts\/123422","targetHints":{"allow":["GET"]}}],"collection":[{"href":"https:\/\/www.ucatolica.edu.co\/portal\/wp-json\/wp\/v2\/posts"}],"about":[{"href":"https:\/\/www.ucatolica.edu.co\/portal\/wp-json\/wp\/v2\/types\/post"}],"author":[{"embeddable":true,"href":"https:\/\/www.ucatolica.edu.co\/portal\/wp-json\/wp\/v2\/users\/65"}],"replies":[{"embeddable":true,"href":"https:\/\/www.ucatolica.edu.co\/portal\/wp-json\/wp\/v2\/comments?post=123422"}],"version-history":[{"count":1,"href":"https:\/\/www.ucatolica.edu.co\/portal\/wp-json\/wp\/v2\/posts\/123422\/revisions"}],"predecessor-version":[{"id":123423,"href":"https:\/\/www.ucatolica.edu.co\/portal\/wp-json\/wp\/v2\/posts\/123422\/revisions\/123423"}],"wp:featuredmedia":[{"embeddable":true,"href":"https:\/\/www.ucatolica.edu.co\/portal\/wp-json\/wp\/v2\/media\/123217"}],"wp:attachment":[{"href":"https:\/\/www.ucatolica.edu.co\/portal\/wp-json\/wp\/v2\/media?parent=123422"}],"wp:term":[{"taxonomy":"category","embeddable":true,"href":"https:\/\/www.ucatolica.edu.co\/portal\/wp-json\/wp\/v2\/categories?post=123422"},{"taxonomy":"post_tag","embeddable":true,"href":"https:\/\/www.ucatolica.edu.co\/portal\/wp-json\/wp\/v2\/tags?post=123422"}],"curies":[{"name":"wp","href":"https:\/\/api.w.org\/{rel}","templated":true}]}}