{"id":127140,"date":"2025-11-04T11:35:46","date_gmt":"2025-11-04T16:35:46","guid":{"rendered":"https:\/\/www.ucatolica.edu.co\/portal\/?p=127140"},"modified":"2025-11-04T11:44:42","modified_gmt":"2025-11-04T16:44:42","slug":"ii-encuentro-de-cantantes-asab","status":"publish","type":"post","link":"https:\/\/www.ucatolica.edu.co\/portal\/ii-encuentro-de-cantantes-asab\/","title":{"rendered":"II Encuentro de Cantantes ASAB"},"content":{"rendered":"\n<p>El pr\u00f3ximo 12 de noviembre de 2025, la Universidad Cat\u00f3lica de Colombia ser\u00e1 escenario del II Encuentro de Cantantes ASAB, un espacio que promueve el intercambio art\u00edstico y acad\u00e9mico entre universidades a trav\u00e9s de la m\u00fasica.<\/p>\n\n\n\n<p>El evento contar\u00e1 con dos actividades principales:<\/p>\n\n\n\n<p>\ud83c\udfa7 <strong>Encuentro de Marketing Musical,<\/strong> de 2:00 p.m. a 5:00 p.m., en el Auditorio Paraninfo \u2013 Sede Claustro, donde se abordar\u00e1n estrategias de promoci\u00f3n y posicionamiento en la industria musical.<\/p>\n\n\n\n<p>\ud83c\udfa4 <strong>Concierto final<\/strong>, de 6:00 p.m. a 9:00 p.m., en el Auditorio de la Sede Las Torres, con la participaci\u00f3n de estudiantes de canto de la ASAB \u2013 Facultad de Artes de la Universidad Distrital Francisco Jos\u00e9 de Caldas, junto con integrantes de los grupos culturales de la Universidad Cat\u00f3lica de Colombia.<\/p>\n\n\n\n<p>S\u00famate a una experiencia para disfrutar, aprender y celebrar la m\u00fasica como expresi\u00f3n universitaria.<\/p>\n","protected":false},"excerpt":{"rendered":"<p>El pr\u00f3ximo 12 de noviembre de 2025, la Universidad Cat\u00f3lica de Colombia ser\u00e1 escenario del II Encuentro de Cantantes ASAB, un espacio que promueve el intercambio art\u00edstico y acad\u00e9mico entre universidades a trav\u00e9s de la m\u00fasica. El evento contar\u00e1 con dos actividades principales: \ud83c\udfa7 Encuentro de Marketing Musical, de 2:00 p.m. a 5:00 p.m., en [&hellip;]<\/p>\n","protected":false},"author":61,"featured_media":0,"comment_status":"open","ping_status":"open","sticky":false,"template":"","format":"standard","meta":{"_acf_changed":false,"advgb_blocks_editor_width":"","advgb_blocks_columns_visual_guide":"","footnotes":""},"categories":[738],"tags":[148],"class_list":["post-127140","post","type-post","status-publish","format-standard","hentry","category-actividades","tag-bienestar-universitario"],"acf":[],"yoast_head":"<!-- This site is optimized with the Yoast SEO plugin v26.7 - https:\/\/yoast.com\/wordpress\/plugins\/seo\/ -->\n<title>II Encuentro de Cantantes ASAB - Universidad Cat\u00f3lica De Colombia<\/title>\n<meta name=\"robots\" content=\"index, follow, max-snippet:-1, max-image-preview:large, max-video-preview:-1\" \/>\n<link rel=\"canonical\" href=\"https:\/\/www.ucatolica.edu.co\/portal\/ii-encuentro-de-cantantes-asab\/\" \/>\n<meta property=\"og:locale\" content=\"es_ES\" \/>\n<meta property=\"og:type\" content=\"article\" \/>\n<meta property=\"og:title\" content=\"II Encuentro de Cantantes ASAB - Universidad Cat\u00f3lica De Colombia\" \/>\n<meta property=\"og:description\" content=\"El pr\u00f3ximo 12 de noviembre de 2025, la Universidad Cat\u00f3lica de Colombia ser\u00e1 escenario del II Encuentro de Cantantes ASAB, un espacio que promueve el intercambio art\u00edstico y acad\u00e9mico entre universidades a trav\u00e9s de la m\u00fasica. El evento contar\u00e1 con dos actividades principales: \ud83c\udfa7 Encuentro de Marketing Musical, de 2:00 p.m. a 5:00 p.m., en [&hellip;]\" \/>\n<meta property=\"og:url\" content=\"https:\/\/www.ucatolica.edu.co\/portal\/ii-encuentro-de-cantantes-asab\/\" \/>\n<meta property=\"og:site_name\" content=\"Universidad Cat\u00f3lica De Colombia\" \/>\n<meta property=\"article:publisher\" content=\"https:\/\/www.facebook.com\/ucatolicacolombia\" \/>\n<meta property=\"article:published_time\" content=\"2025-11-04T16:35:46+00:00\" \/>\n<meta property=\"article:modified_time\" content=\"2025-11-04T16:44:42+00:00\" \/>\n<meta name=\"author\" content=\"Leidy Dayanna Jaramillo Tavera\" \/>\n<meta name=\"twitter:card\" content=\"summary_large_image\" \/>\n<meta name=\"twitter:creator\" content=\"@UCatolicaCol\" \/>\n<meta name=\"twitter:site\" content=\"@UCatolicaCol\" \/>\n<meta name=\"twitter:label1\" content=\"Escrito por\" \/>\n\t<meta name=\"twitter:data1\" content=\"Leidy Dayanna Jaramillo Tavera\" \/>\n\t<meta name=\"twitter:label2\" content=\"Tiempo de lectura\" \/>\n\t<meta name=\"twitter:data2\" content=\"1 minuto\" \/>\n<script type=\"application\/ld+json\" class=\"yoast-schema-graph\">{\"@context\":\"https:\/\/schema.org\",\"@graph\":[{\"@type\":\"Article\",\"@id\":\"https:\/\/www.ucatolica.edu.co\/portal\/ii-encuentro-de-cantantes-asab\/#article\",\"isPartOf\":{\"@id\":\"https:\/\/www.ucatolica.edu.co\/portal\/ii-encuentro-de-cantantes-asab\/\"},\"author\":{\"name\":\"Leidy Dayanna Jaramillo Tavera\",\"@id\":\"https:\/\/www.ucatolica.edu.co\/portal\/#\/schema\/person\/c03ebc5b4f80ce7b8947aa9ddece408a\"},\"headline\":\"II Encuentro de Cantantes ASAB\",\"datePublished\":\"2025-11-04T16:35:46+00:00\",\"dateModified\":\"2025-11-04T16:44:42+00:00\",\"mainEntityOfPage\":{\"@id\":\"https:\/\/www.ucatolica.edu.co\/portal\/ii-encuentro-de-cantantes-asab\/\"},\"wordCount\":151,\"commentCount\":0,\"publisher\":{\"@id\":\"https:\/\/www.ucatolica.edu.co\/portal\/#organization\"},\"keywords\":[\"Bienestar Universitario\"],\"articleSection\":[\"Actividades\"],\"inLanguage\":\"es-CO\"},{\"@type\":\"WebPage\",\"@id\":\"https:\/\/www.ucatolica.edu.co\/portal\/ii-encuentro-de-cantantes-asab\/\",\"url\":\"https:\/\/www.ucatolica.edu.co\/portal\/ii-encuentro-de-cantantes-asab\/\",\"name\":\"II Encuentro de Cantantes ASAB - Universidad Cat\u00f3lica De Colombia\",\"isPartOf\":{\"@id\":\"https:\/\/www.ucatolica.edu.co\/portal\/#website\"},\"datePublished\":\"2025-11-04T16:35:46+00:00\",\"dateModified\":\"2025-11-04T16:44:42+00:00\",\"breadcrumb\":{\"@id\":\"https:\/\/www.ucatolica.edu.co\/portal\/ii-encuentro-de-cantantes-asab\/#breadcrumb\"},\"inLanguage\":\"es-CO\",\"potentialAction\":[{\"@type\":\"ReadAction\",\"target\":[\"https:\/\/www.ucatolica.edu.co\/portal\/ii-encuentro-de-cantantes-asab\/\"]}]},{\"@type\":\"BreadcrumbList\",\"@id\":\"https:\/\/www.ucatolica.edu.co\/portal\/ii-encuentro-de-cantantes-asab\/#breadcrumb\",\"itemListElement\":[{\"@type\":\"ListItem\",\"position\":1,\"name\":\"Inicio\",\"item\":\"https:\/\/www.ucatolica.edu.co\/portal\/\"},{\"@type\":\"ListItem\",\"position\":2,\"name\":\"II Encuentro de Cantantes ASAB\"}]},{\"@type\":\"WebSite\",\"@id\":\"https:\/\/www.ucatolica.edu.co\/portal\/#website\",\"url\":\"https:\/\/www.ucatolica.edu.co\/portal\/\",\"name\":\"Universidad Cat\u00f3lica De Colombia\",\"description\":\"Universidad Cat\u00f3lica De Colombia\",\"publisher\":{\"@id\":\"https:\/\/www.ucatolica.edu.co\/portal\/#organization\"},\"potentialAction\":[{\"@type\":\"SearchAction\",\"target\":{\"@type\":\"EntryPoint\",\"urlTemplate\":\"https:\/\/www.ucatolica.edu.co\/portal\/?s={search_term_string}\"},\"query-input\":{\"@type\":\"PropertyValueSpecification\",\"valueRequired\":true,\"valueName\":\"search_term_string\"}}],\"inLanguage\":\"es-CO\"},{\"@type\":\"Organization\",\"@id\":\"https:\/\/www.ucatolica.edu.co\/portal\/#organization\",\"name\":\"Universidad Cat\u00f3lica de Colombia\",\"url\":\"https:\/\/www.ucatolica.edu.co\/portal\/\",\"logo\":{\"@type\":\"ImageObject\",\"inLanguage\":\"es-CO\",\"@id\":\"https:\/\/www.ucatolica.edu.co\/portal\/#\/schema\/logo\/image\/\",\"url\":\"https:\/\/www.ucatolica.edu.co\/portal\/wp-content\/uploads\/2021\/06\/logo-header-ho-1.svg\",\"contentUrl\":\"https:\/\/www.ucatolica.edu.co\/portal\/wp-content\/uploads\/2021\/06\/logo-header-ho-1.svg\",\"width\":1,\"height\":1,\"caption\":\"Universidad Cat\u00f3lica de Colombia\"},\"image\":{\"@id\":\"https:\/\/www.ucatolica.edu.co\/portal\/#\/schema\/logo\/image\/\"},\"sameAs\":[\"https:\/\/www.facebook.com\/ucatolicacolombia\",\"https:\/\/x.com\/UCatolicaCol\",\"https:\/\/www.instagram.com\/universidadcatolicadecolombia\/\",\"https:\/\/www.linkedin.com\/company\/universidadcatolicadecolombia\/\",\"https:\/\/www.youtube.com\/user\/UCatolicaCo\"]},{\"@type\":\"Person\",\"@id\":\"https:\/\/www.ucatolica.edu.co\/portal\/#\/schema\/person\/c03ebc5b4f80ce7b8947aa9ddece408a\",\"name\":\"Leidy Dayanna Jaramillo Tavera\",\"url\":\"https:\/\/www.ucatolica.edu.co\/portal\/author\/dayana\/\"}]}<\/script>\n<!-- \/ Yoast SEO plugin. -->","yoast_head_json":{"title":"II Encuentro de Cantantes ASAB - Universidad Cat\u00f3lica De Colombia","robots":{"index":"index","follow":"follow","max-snippet":"max-snippet:-1","max-image-preview":"max-image-preview:large","max-video-preview":"max-video-preview:-1"},"canonical":"https:\/\/www.ucatolica.edu.co\/portal\/ii-encuentro-de-cantantes-asab\/","og_locale":"es_ES","og_type":"article","og_title":"II Encuentro de Cantantes ASAB - Universidad Cat\u00f3lica De Colombia","og_description":"El pr\u00f3ximo 12 de noviembre de 2025, la Universidad Cat\u00f3lica de Colombia ser\u00e1 escenario del II Encuentro de Cantantes ASAB, un espacio que promueve el intercambio art\u00edstico y acad\u00e9mico entre universidades a trav\u00e9s de la m\u00fasica. El evento contar\u00e1 con dos actividades principales: \ud83c\udfa7 Encuentro de Marketing Musical, de 2:00 p.m. a 5:00 p.m., en [&hellip;]","og_url":"https:\/\/www.ucatolica.edu.co\/portal\/ii-encuentro-de-cantantes-asab\/","og_site_name":"Universidad Cat\u00f3lica De Colombia","article_publisher":"https:\/\/www.facebook.com\/ucatolicacolombia","article_published_time":"2025-11-04T16:35:46+00:00","article_modified_time":"2025-11-04T16:44:42+00:00","author":"Leidy Dayanna Jaramillo Tavera","twitter_card":"summary_large_image","twitter_creator":"@UCatolicaCol","twitter_site":"@UCatolicaCol","twitter_misc":{"Escrito por":"Leidy Dayanna Jaramillo Tavera","Tiempo de lectura":"1 minuto"},"schema":{"@context":"https:\/\/schema.org","@graph":[{"@type":"Article","@id":"https:\/\/www.ucatolica.edu.co\/portal\/ii-encuentro-de-cantantes-asab\/#article","isPartOf":{"@id":"https:\/\/www.ucatolica.edu.co\/portal\/ii-encuentro-de-cantantes-asab\/"},"author":{"name":"Leidy Dayanna Jaramillo Tavera","@id":"https:\/\/www.ucatolica.edu.co\/portal\/#\/schema\/person\/c03ebc5b4f80ce7b8947aa9ddece408a"},"headline":"II Encuentro de Cantantes ASAB","datePublished":"2025-11-04T16:35:46+00:00","dateModified":"2025-11-04T16:44:42+00:00","mainEntityOfPage":{"@id":"https:\/\/www.ucatolica.edu.co\/portal\/ii-encuentro-de-cantantes-asab\/"},"wordCount":151,"commentCount":0,"publisher":{"@id":"https:\/\/www.ucatolica.edu.co\/portal\/#organization"},"keywords":["Bienestar Universitario"],"articleSection":["Actividades"],"inLanguage":"es-CO"},{"@type":"WebPage","@id":"https:\/\/www.ucatolica.edu.co\/portal\/ii-encuentro-de-cantantes-asab\/","url":"https:\/\/www.ucatolica.edu.co\/portal\/ii-encuentro-de-cantantes-asab\/","name":"II Encuentro de Cantantes ASAB - Universidad Cat\u00f3lica De Colombia","isPartOf":{"@id":"https:\/\/www.ucatolica.edu.co\/portal\/#website"},"datePublished":"2025-11-04T16:35:46+00:00","dateModified":"2025-11-04T16:44:42+00:00","breadcrumb":{"@id":"https:\/\/www.ucatolica.edu.co\/portal\/ii-encuentro-de-cantantes-asab\/#breadcrumb"},"inLanguage":"es-CO","potentialAction":[{"@type":"ReadAction","target":["https:\/\/www.ucatolica.edu.co\/portal\/ii-encuentro-de-cantantes-asab\/"]}]},{"@type":"BreadcrumbList","@id":"https:\/\/www.ucatolica.edu.co\/portal\/ii-encuentro-de-cantantes-asab\/#breadcrumb","itemListElement":[{"@type":"ListItem","position":1,"name":"Inicio","item":"https:\/\/www.ucatolica.edu.co\/portal\/"},{"@type":"ListItem","position":2,"name":"II Encuentro de Cantantes ASAB"}]},{"@type":"WebSite","@id":"https:\/\/www.ucatolica.edu.co\/portal\/#website","url":"https:\/\/www.ucatolica.edu.co\/portal\/","name":"Universidad Cat\u00f3lica De Colombia","description":"Universidad Cat\u00f3lica De Colombia","publisher":{"@id":"https:\/\/www.ucatolica.edu.co\/portal\/#organization"},"potentialAction":[{"@type":"SearchAction","target":{"@type":"EntryPoint","urlTemplate":"https:\/\/www.ucatolica.edu.co\/portal\/?s={search_term_string}"},"query-input":{"@type":"PropertyValueSpecification","valueRequired":true,"valueName":"search_term_string"}}],"inLanguage":"es-CO"},{"@type":"Organization","@id":"https:\/\/www.ucatolica.edu.co\/portal\/#organization","name":"Universidad Cat\u00f3lica de Colombia","url":"https:\/\/www.ucatolica.edu.co\/portal\/","logo":{"@type":"ImageObject","inLanguage":"es-CO","@id":"https:\/\/www.ucatolica.edu.co\/portal\/#\/schema\/logo\/image\/","url":"https:\/\/www.ucatolica.edu.co\/portal\/wp-content\/uploads\/2021\/06\/logo-header-ho-1.svg","contentUrl":"https:\/\/www.ucatolica.edu.co\/portal\/wp-content\/uploads\/2021\/06\/logo-header-ho-1.svg","width":1,"height":1,"caption":"Universidad Cat\u00f3lica de Colombia"},"image":{"@id":"https:\/\/www.ucatolica.edu.co\/portal\/#\/schema\/logo\/image\/"},"sameAs":["https:\/\/www.facebook.com\/ucatolicacolombia","https:\/\/x.com\/UCatolicaCol","https:\/\/www.instagram.com\/universidadcatolicadecolombia\/","https:\/\/www.linkedin.com\/company\/universidadcatolicadecolombia\/","https:\/\/www.youtube.com\/user\/UCatolicaCo"]},{"@type":"Person","@id":"https:\/\/www.ucatolica.edu.co\/portal\/#\/schema\/person\/c03ebc5b4f80ce7b8947aa9ddece408a","name":"Leidy Dayanna Jaramillo Tavera","url":"https:\/\/www.ucatolica.edu.co\/portal\/author\/dayana\/"}]}},"author_meta":{"display_name":"Leidy Dayanna Jaramillo Tavera","author_link":"https:\/\/www.ucatolica.edu.co\/portal\/author\/dayana\/"},"featured_img":null,"coauthors":[],"tax_additional":{"categories":{"linked":["<a href=\"https:\/\/www.ucatolica.edu.co\/portal\/category\/actividades\/\" class=\"advgb-post-tax-term\">Actividades<\/a>"],"unlinked":["<span class=\"advgb-post-tax-term\">Actividades<\/span>"]},"tags":{"linked":["<a href=\"https:\/\/www.ucatolica.edu.co\/portal\/category\/actividades\/\" class=\"advgb-post-tax-term\">Bienestar Universitario<\/a>"],"unlinked":["<span class=\"advgb-post-tax-term\">Bienestar Universitario<\/span>"]}},"comment_count":"0","relative_dates":{"created":"Posted 6 meses ago","modified":"Updated 6 meses ago"},"absolute_dates":{"created":"Posted on 4 noviembre, 2025","modified":"Updated on 4 noviembre, 2025"},"absolute_dates_time":{"created":"Posted on 4 noviembre, 2025 11:35 am","modified":"Updated on 4 noviembre, 2025 11:44 am"},"featured_img_caption":"","series_order":"","_links":{"self":[{"href":"https:\/\/www.ucatolica.edu.co\/portal\/wp-json\/wp\/v2\/posts\/127140","targetHints":{"allow":["GET"]}}],"collection":[{"href":"https:\/\/www.ucatolica.edu.co\/portal\/wp-json\/wp\/v2\/posts"}],"about":[{"href":"https:\/\/www.ucatolica.edu.co\/portal\/wp-json\/wp\/v2\/types\/post"}],"author":[{"embeddable":true,"href":"https:\/\/www.ucatolica.edu.co\/portal\/wp-json\/wp\/v2\/users\/61"}],"replies":[{"embeddable":true,"href":"https:\/\/www.ucatolica.edu.co\/portal\/wp-json\/wp\/v2\/comments?post=127140"}],"version-history":[{"count":3,"href":"https:\/\/www.ucatolica.edu.co\/portal\/wp-json\/wp\/v2\/posts\/127140\/revisions"}],"predecessor-version":[{"id":127146,"href":"https:\/\/www.ucatolica.edu.co\/portal\/wp-json\/wp\/v2\/posts\/127140\/revisions\/127146"}],"wp:attachment":[{"href":"https:\/\/www.ucatolica.edu.co\/portal\/wp-json\/wp\/v2\/media?parent=127140"}],"wp:term":[{"taxonomy":"category","embeddable":true,"href":"https:\/\/www.ucatolica.edu.co\/portal\/wp-json\/wp\/v2\/categories?post=127140"},{"taxonomy":"post_tag","embeddable":true,"href":"https:\/\/www.ucatolica.edu.co\/portal\/wp-json\/wp\/v2\/tags?post=127140"}],"curies":[{"name":"wp","href":"https:\/\/api.w.org\/{rel}","templated":true}]}}