{"id":127199,"date":"2025-11-05T17:21:02","date_gmt":"2025-11-05T22:21:02","guid":{"rendered":"https:\/\/www.ucatolica.edu.co\/portal\/?p=127199"},"modified":"2025-11-05T17:27:57","modified_gmt":"2025-11-05T22:27:57","slug":"la-universidad-catolica-de-colombia-impulsa-el-dialogo-sobre-sostenibilidad-urbana-en-el-ii-seminario-internacional-de-coberturas-vegetales","status":"publish","type":"post","link":"https:\/\/www.ucatolica.edu.co\/portal\/la-universidad-catolica-de-colombia-impulsa-el-dialogo-sobre-sostenibilidad-urbana-en-el-ii-seminario-internacional-de-coberturas-vegetales\/","title":{"rendered":"Nuestra Universidad impulsa el di\u00e1logo sobre sostenibilidad urbana en el II Seminario Internacional &#8220;Ciencia, Tecnolog\u00eda e Innovaci\u00f3n al Servicio de las Coberturas Vegetales Urbanas\u201d"},"content":{"rendered":"\n<p>La <strong>Maestr\u00eda en Dise\u00f1o Sostenible de la Universidad Cat\u00f3lica de Colombia<\/strong> fue coorganizadora, junto con el <strong>Jard\u00edn Bot\u00e1nico de Bogot\u00e1 Jos\u00e9 Celestino Mutis, <\/strong>del<strong> II Seminario Internacional \u201cCiencia, Tecnolog\u00eda e Innovaci\u00f3n al Servicio de las Coberturas Vegetales Urbanas\u201d<\/strong>, realizado los d\u00edas 28 y 29 de octubre en las instalaciones del Jard\u00edn Bot\u00e1nico.<\/p>\n\n\n\n<p>Este encuentro se consolid\u00f3 como un espacio acad\u00e9mico y cient\u00edfico para reflexionar sobre soluciones basadas en la naturaleza, esenciales para responder a los desaf\u00edos ambientales que enfrentan las ciudades contempor\u00e1neas. Durante dos jornadas, expertos nacionales e internacionales compartieron experiencias y buenas pr\u00e1cticas sobre<strong> infraestructura verde-gris, renaturalizaci\u00f3n urbana, gesti\u00f3n del conocimiento, tecnolog\u00eda aplicada al arbolado y valoraci\u00f3n de servicios ecosist\u00e9micos.<\/strong><\/p>\n\n\n\n<p>La <strong>directora del Jard\u00edn Bot\u00e1nico de Bogot\u00e1, Mar\u00eda Claudia Garc\u00eda D\u00e1vila<\/strong>, subray\u00f3 la urgencia de transformar las ciudades en territorios sostenibles e inclusivos, integrando la infraestructura verde como una herramienta que impulse una transformaci\u00f3n duradera frente al cambio clim\u00e1tico, la p\u00e9rdida de biodiversidad y la contaminaci\u00f3n ambiental.<\/p>\n\n\n\n<figure class=\"wp-block-image size-large is-resized\"><img decoding=\"async\" src=\"https:\/\/img.masterbase.com\/v2\/1\/5033\/b\/1\/Jardinbotanico1.png\" alt=\"\" style=\"width:655px;height:auto\"\/><\/figure>\n\n\n\n<p>Asimismo, ponentes de pa\u00edses como Italia y Espa\u00f1a, junto con representantes de instituciones nacionales como el <strong>Jard\u00edn Bot\u00e1nico de Medell\u00edn y la Secretar\u00eda Distrital de Planeaci\u00f3n<\/strong>, presentaron avances en investigaci\u00f3n, innovaci\u00f3n y gesti\u00f3n de datos para la conservaci\u00f3n del verde urbano y el fortalecimiento de la participaci\u00f3n ciudadana en la construcci\u00f3n de entornos m\u00e1s resilientes.<\/p>\n\n\n\n<p><strong>La Universidad Cat\u00f3lica de Colombia: ciencia, dise\u00f1o e innovaci\u00f3n para ciudades sostenibles<\/strong><\/p>\n\n\n\n<p>La participaci\u00f3n de la <strong>Maestr\u00eda en Dise\u00f1o Sostenible<\/strong> reafirma el compromiso institucional de la Universidad con la sostenibilidad, la innovaci\u00f3n y el dise\u00f1o con prop\u00f3sito. Estos espacios permiten fortalecer el di\u00e1logo interdisciplinar entre la academia, las instituciones p\u00fablicas y la comunidad cient\u00edfica para repensar la relaci\u00f3n entre ciudad y naturaleza.<\/p>\n\n\n\n<p>Para <strong>Mayerly Rosa Villar Lozano, directora de la Maestr\u00eda<\/strong>, la vinculaci\u00f3n con este tipo de iniciativas \u201crepresenta una oportunidad para poner el conocimiento al servicio de la transformaci\u00f3n urbana sostenible y promover la formaci\u00f3n de profesionales capaces de integrar la ciencia, el dise\u00f1o y la innovaci\u00f3n en la b\u00fasqueda de soluciones reales para el territorio\u201d.<\/p>\n\n\n\n<figure class=\"wp-block-image size-large is-resized\"><img decoding=\"async\" src=\"https:\/\/img.masterbase.com\/v2\/1\/5033\/b\/1\/ProfesoraMayerly.png\" style=\"width:583px;height:auto\"\/><\/figure>\n\n\n\n<p>En un contexto marcado por los efectos del <strong>cambio clim\u00e1tico y la urbanizaci\u00f3n acelerada<\/strong>, la participaci\u00f3n de la Universidad Cat\u00f3lica de Colombia en escenarios como este reafirma su papel activo en la formaci\u00f3n de <strong>l\u00edderes comprometidos con la sostenibilidad, la investigaci\u00f3n aplicada y la construcci\u00f3n de ciudades m\u00e1s verdes, resilientes y humanas.<\/strong><\/p>\n","protected":false},"excerpt":{"rendered":"<p>La Maestr\u00eda en Dise\u00f1o Sostenible de la Universidad Cat\u00f3lica de Colombia fue coorganizadora, junto con el Jard\u00edn Bot\u00e1nico de Bogot\u00e1 Jos\u00e9 Celestino Mutis, del II Seminario Internacional \u201cCiencia, Tecnolog\u00eda e Innovaci\u00f3n al Servicio de las Coberturas Vegetales Urbanas\u201d, realizado los d\u00edas 28 y 29 de octubre en las instalaciones del Jard\u00edn Bot\u00e1nico. Este encuentro se [&hellip;]<\/p>\n","protected":false},"author":4,"featured_media":127200,"comment_status":"open","ping_status":"open","sticky":false,"template":"","format":"standard","meta":{"_acf_changed":false,"advgb_blocks_editor_width":"","advgb_blocks_columns_visual_guide":"","footnotes":""},"categories":[93],"tags":[2123,3331,1674,3333,3332],"class_list":["post-127199","post","type-post","status-publish","format-standard","has-post-thumbnail","hentry","category-noticias-principales","tag-cambio-climatico","tag-ii-seminario-internacional-de-coberturas-vegetales","tag-investigacion-aplicada","tag-jose-celestino-mutis","tag-maestria-en-diseno-sostenible-de-la-universidad-catolica-de-colombia"],"acf":[],"yoast_head":"<!-- This site is optimized with the Yoast SEO plugin v26.7 - https:\/\/yoast.com\/wordpress\/plugins\/seo\/ -->\n<title>Nuestra Universidad impulsa el di\u00e1logo sobre sostenibilidad urbana en el II Seminario Internacional &quot;Ciencia, Tecnolog\u00eda e Innovaci\u00f3n al Servicio de las Coberturas Vegetales Urbanas\u201d - Universidad Cat\u00f3lica De Colombia<\/title>\n<meta name=\"robots\" content=\"index, follow, max-snippet:-1, max-image-preview:large, max-video-preview:-1\" \/>\n<link rel=\"canonical\" href=\"https:\/\/www.ucatolica.edu.co\/portal\/la-universidad-catolica-de-colombia-impulsa-el-dialogo-sobre-sostenibilidad-urbana-en-el-ii-seminario-internacional-de-coberturas-vegetales\/\" \/>\n<meta property=\"og:locale\" content=\"es_ES\" \/>\n<meta property=\"og:type\" content=\"article\" \/>\n<meta property=\"og:title\" content=\"Nuestra Universidad impulsa el di\u00e1logo sobre sostenibilidad urbana en el II Seminario Internacional &quot;Ciencia, Tecnolog\u00eda e Innovaci\u00f3n al Servicio de las Coberturas Vegetales Urbanas\u201d - Universidad Cat\u00f3lica De Colombia\" \/>\n<meta property=\"og:description\" content=\"La Maestr\u00eda en Dise\u00f1o Sostenible de la Universidad Cat\u00f3lica de Colombia fue coorganizadora, junto con el Jard\u00edn Bot\u00e1nico de Bogot\u00e1 Jos\u00e9 Celestino Mutis, del II Seminario Internacional \u201cCiencia, Tecnolog\u00eda e Innovaci\u00f3n al Servicio de las Coberturas Vegetales Urbanas\u201d, realizado los d\u00edas 28 y 29 de octubre en las instalaciones del Jard\u00edn Bot\u00e1nico. Este encuentro se [&hellip;]\" \/>\n<meta property=\"og:url\" content=\"https:\/\/www.ucatolica.edu.co\/portal\/la-universidad-catolica-de-colombia-impulsa-el-dialogo-sobre-sostenibilidad-urbana-en-el-ii-seminario-internacional-de-coberturas-vegetales\/\" \/>\n<meta property=\"og:site_name\" content=\"Universidad Cat\u00f3lica De Colombia\" \/>\n<meta property=\"article:publisher\" content=\"https:\/\/www.facebook.com\/ucatolicacolombia\" \/>\n<meta property=\"article:published_time\" content=\"2025-11-05T22:21:02+00:00\" \/>\n<meta property=\"article:modified_time\" content=\"2025-11-05T22:27:57+00:00\" \/>\n<meta property=\"og:image\" content=\"https:\/\/www.ucatolica.edu.co\/portal\/wp-content\/uploads\/2025\/11\/Eventojardinbotanico.png\" \/>\n\t<meta property=\"og:image:width\" content=\"870\" \/>\n\t<meta property=\"og:image:height\" content=\"522\" \/>\n\t<meta property=\"og:image:type\" content=\"image\/png\" \/>\n<meta name=\"author\" content=\"Cindy Lugo\" \/>\n<meta name=\"twitter:card\" content=\"summary_large_image\" \/>\n<meta name=\"twitter:creator\" content=\"@UCatolicaCol\" \/>\n<meta name=\"twitter:site\" content=\"@UCatolicaCol\" \/>\n<meta name=\"twitter:label1\" content=\"Escrito por\" \/>\n\t<meta name=\"twitter:data1\" content=\"Cindy Lugo\" \/>\n\t<meta name=\"twitter:label2\" content=\"Tiempo de lectura\" \/>\n\t<meta name=\"twitter:data2\" content=\"2 minutos\" \/>\n<script type=\"application\/ld+json\" class=\"yoast-schema-graph\">{\"@context\":\"https:\/\/schema.org\",\"@graph\":[{\"@type\":\"Article\",\"@id\":\"https:\/\/www.ucatolica.edu.co\/portal\/la-universidad-catolica-de-colombia-impulsa-el-dialogo-sobre-sostenibilidad-urbana-en-el-ii-seminario-internacional-de-coberturas-vegetales\/#article\",\"isPartOf\":{\"@id\":\"https:\/\/www.ucatolica.edu.co\/portal\/la-universidad-catolica-de-colombia-impulsa-el-dialogo-sobre-sostenibilidad-urbana-en-el-ii-seminario-internacional-de-coberturas-vegetales\/\"},\"author\":{\"name\":\"Cindy Lugo\",\"@id\":\"https:\/\/www.ucatolica.edu.co\/portal\/#\/schema\/person\/a7469afff252fba81c6cdc40c80f00b6\"},\"headline\":\"Nuestra Universidad impulsa el di\u00e1logo sobre sostenibilidad urbana en el II Seminario Internacional &#8220;Ciencia, Tecnolog\u00eda e Innovaci\u00f3n al Servicio de las Coberturas Vegetales Urbanas\u201d\",\"datePublished\":\"2025-11-05T22:21:02+00:00\",\"dateModified\":\"2025-11-05T22:27:57+00:00\",\"mainEntityOfPage\":{\"@id\":\"https:\/\/www.ucatolica.edu.co\/portal\/la-universidad-catolica-de-colombia-impulsa-el-dialogo-sobre-sostenibilidad-urbana-en-el-ii-seminario-internacional-de-coberturas-vegetales\/\"},\"wordCount\":479,\"commentCount\":0,\"publisher\":{\"@id\":\"https:\/\/www.ucatolica.edu.co\/portal\/#organization\"},\"image\":{\"@id\":\"https:\/\/www.ucatolica.edu.co\/portal\/la-universidad-catolica-de-colombia-impulsa-el-dialogo-sobre-sostenibilidad-urbana-en-el-ii-seminario-internacional-de-coberturas-vegetales\/#primaryimage\"},\"thumbnailUrl\":\"https:\/\/www.ucatolica.edu.co\/portal\/wp-content\/uploads\/2025\/11\/Eventojardinbotanico.png\",\"keywords\":[\"Cambio clim\u00e1tico\",\"II Seminario Internacional de Coberturas Vegetales\",\"Investigaci\u00f3n aplicada\",\"Jos\u00e9 Celestino Mutis\",\"Maestr\u00eda en Dise\u00f1o Sostenible de la Universidad Cat\u00f3lica de Colombia\"],\"articleSection\":[\"Noticias Principales\"],\"inLanguage\":\"es-CO\"},{\"@type\":\"WebPage\",\"@id\":\"https:\/\/www.ucatolica.edu.co\/portal\/la-universidad-catolica-de-colombia-impulsa-el-dialogo-sobre-sostenibilidad-urbana-en-el-ii-seminario-internacional-de-coberturas-vegetales\/\",\"url\":\"https:\/\/www.ucatolica.edu.co\/portal\/la-universidad-catolica-de-colombia-impulsa-el-dialogo-sobre-sostenibilidad-urbana-en-el-ii-seminario-internacional-de-coberturas-vegetales\/\",\"name\":\"Nuestra Universidad impulsa el di\u00e1logo sobre sostenibilidad urbana en el II Seminario Internacional \\\"Ciencia, Tecnolog\u00eda e Innovaci\u00f3n al Servicio de las Coberturas Vegetales Urbanas\u201d - Universidad Cat\u00f3lica De Colombia\",\"isPartOf\":{\"@id\":\"https:\/\/www.ucatolica.edu.co\/portal\/#website\"},\"primaryImageOfPage\":{\"@id\":\"https:\/\/www.ucatolica.edu.co\/portal\/la-universidad-catolica-de-colombia-impulsa-el-dialogo-sobre-sostenibilidad-urbana-en-el-ii-seminario-internacional-de-coberturas-vegetales\/#primaryimage\"},\"image\":{\"@id\":\"https:\/\/www.ucatolica.edu.co\/portal\/la-universidad-catolica-de-colombia-impulsa-el-dialogo-sobre-sostenibilidad-urbana-en-el-ii-seminario-internacional-de-coberturas-vegetales\/#primaryimage\"},\"thumbnailUrl\":\"https:\/\/www.ucatolica.edu.co\/portal\/wp-content\/uploads\/2025\/11\/Eventojardinbotanico.png\",\"datePublished\":\"2025-11-05T22:21:02+00:00\",\"dateModified\":\"2025-11-05T22:27:57+00:00\",\"breadcrumb\":{\"@id\":\"https:\/\/www.ucatolica.edu.co\/portal\/la-universidad-catolica-de-colombia-impulsa-el-dialogo-sobre-sostenibilidad-urbana-en-el-ii-seminario-internacional-de-coberturas-vegetales\/#breadcrumb\"},\"inLanguage\":\"es-CO\",\"potentialAction\":[{\"@type\":\"ReadAction\",\"target\":[\"https:\/\/www.ucatolica.edu.co\/portal\/la-universidad-catolica-de-colombia-impulsa-el-dialogo-sobre-sostenibilidad-urbana-en-el-ii-seminario-internacional-de-coberturas-vegetales\/\"]}]},{\"@type\":\"ImageObject\",\"inLanguage\":\"es-CO\",\"@id\":\"https:\/\/www.ucatolica.edu.co\/portal\/la-universidad-catolica-de-colombia-impulsa-el-dialogo-sobre-sostenibilidad-urbana-en-el-ii-seminario-internacional-de-coberturas-vegetales\/#primaryimage\",\"url\":\"https:\/\/www.ucatolica.edu.co\/portal\/wp-content\/uploads\/2025\/11\/Eventojardinbotanico.png\",\"contentUrl\":\"https:\/\/www.ucatolica.edu.co\/portal\/wp-content\/uploads\/2025\/11\/Eventojardinbotanico.png\",\"width\":870,\"height\":522,\"caption\":\"Eventojardinbotanico\"},{\"@type\":\"BreadcrumbList\",\"@id\":\"https:\/\/www.ucatolica.edu.co\/portal\/la-universidad-catolica-de-colombia-impulsa-el-dialogo-sobre-sostenibilidad-urbana-en-el-ii-seminario-internacional-de-coberturas-vegetales\/#breadcrumb\",\"itemListElement\":[{\"@type\":\"ListItem\",\"position\":1,\"name\":\"Inicio\",\"item\":\"https:\/\/www.ucatolica.edu.co\/portal\/\"},{\"@type\":\"ListItem\",\"position\":2,\"name\":\"Nuestra Universidad impulsa el di\u00e1logo sobre sostenibilidad urbana en el II Seminario Internacional &#8220;Ciencia, Tecnolog\u00eda e Innovaci\u00f3n al Servicio de las Coberturas Vegetales Urbanas\u201d\"}]},{\"@type\":\"WebSite\",\"@id\":\"https:\/\/www.ucatolica.edu.co\/portal\/#website\",\"url\":\"https:\/\/www.ucatolica.edu.co\/portal\/\",\"name\":\"Universidad Cat\u00f3lica De Colombia\",\"description\":\"Universidad Cat\u00f3lica De Colombia\",\"publisher\":{\"@id\":\"https:\/\/www.ucatolica.edu.co\/portal\/#organization\"},\"potentialAction\":[{\"@type\":\"SearchAction\",\"target\":{\"@type\":\"EntryPoint\",\"urlTemplate\":\"https:\/\/www.ucatolica.edu.co\/portal\/?s={search_term_string}\"},\"query-input\":{\"@type\":\"PropertyValueSpecification\",\"valueRequired\":true,\"valueName\":\"search_term_string\"}}],\"inLanguage\":\"es-CO\"},{\"@type\":\"Organization\",\"@id\":\"https:\/\/www.ucatolica.edu.co\/portal\/#organization\",\"name\":\"Universidad Cat\u00f3lica de Colombia\",\"url\":\"https:\/\/www.ucatolica.edu.co\/portal\/\",\"logo\":{\"@type\":\"ImageObject\",\"inLanguage\":\"es-CO\",\"@id\":\"https:\/\/www.ucatolica.edu.co\/portal\/#\/schema\/logo\/image\/\",\"url\":\"https:\/\/www.ucatolica.edu.co\/portal\/wp-content\/uploads\/2021\/06\/logo-header-ho-1.svg\",\"contentUrl\":\"https:\/\/www.ucatolica.edu.co\/portal\/wp-content\/uploads\/2021\/06\/logo-header-ho-1.svg\",\"width\":1,\"height\":1,\"caption\":\"Universidad Cat\u00f3lica de Colombia\"},\"image\":{\"@id\":\"https:\/\/www.ucatolica.edu.co\/portal\/#\/schema\/logo\/image\/\"},\"sameAs\":[\"https:\/\/www.facebook.com\/ucatolicacolombia\",\"https:\/\/x.com\/UCatolicaCol\",\"https:\/\/www.instagram.com\/universidadcatolicadecolombia\/\",\"https:\/\/www.linkedin.com\/company\/universidadcatolicadecolombia\/\",\"https:\/\/www.youtube.com\/user\/UCatolicaCo\"]},{\"@type\":\"Person\",\"@id\":\"https:\/\/www.ucatolica.edu.co\/portal\/#\/schema\/person\/a7469afff252fba81c6cdc40c80f00b6\",\"name\":\"Cindy Lugo\",\"url\":\"https:\/\/www.ucatolica.edu.co\/portal\/author\/cindy\/\"}]}<\/script>\n<!-- \/ Yoast SEO plugin. -->","yoast_head_json":{"title":"Nuestra Universidad impulsa el di\u00e1logo sobre sostenibilidad urbana en el II Seminario Internacional \"Ciencia, Tecnolog\u00eda e Innovaci\u00f3n al Servicio de las Coberturas Vegetales Urbanas\u201d - Universidad Cat\u00f3lica De Colombia","robots":{"index":"index","follow":"follow","max-snippet":"max-snippet:-1","max-image-preview":"max-image-preview:large","max-video-preview":"max-video-preview:-1"},"canonical":"https:\/\/www.ucatolica.edu.co\/portal\/la-universidad-catolica-de-colombia-impulsa-el-dialogo-sobre-sostenibilidad-urbana-en-el-ii-seminario-internacional-de-coberturas-vegetales\/","og_locale":"es_ES","og_type":"article","og_title":"Nuestra Universidad impulsa el di\u00e1logo sobre sostenibilidad urbana en el II Seminario Internacional \"Ciencia, Tecnolog\u00eda e Innovaci\u00f3n al Servicio de las Coberturas Vegetales Urbanas\u201d - Universidad Cat\u00f3lica De Colombia","og_description":"La Maestr\u00eda en Dise\u00f1o Sostenible de la Universidad Cat\u00f3lica de Colombia fue coorganizadora, junto con el Jard\u00edn Bot\u00e1nico de Bogot\u00e1 Jos\u00e9 Celestino Mutis, del II Seminario Internacional \u201cCiencia, Tecnolog\u00eda e Innovaci\u00f3n al Servicio de las Coberturas Vegetales Urbanas\u201d, realizado los d\u00edas 28 y 29 de octubre en las instalaciones del Jard\u00edn Bot\u00e1nico. Este encuentro se [&hellip;]","og_url":"https:\/\/www.ucatolica.edu.co\/portal\/la-universidad-catolica-de-colombia-impulsa-el-dialogo-sobre-sostenibilidad-urbana-en-el-ii-seminario-internacional-de-coberturas-vegetales\/","og_site_name":"Universidad Cat\u00f3lica De Colombia","article_publisher":"https:\/\/www.facebook.com\/ucatolicacolombia","article_published_time":"2025-11-05T22:21:02+00:00","article_modified_time":"2025-11-05T22:27:57+00:00","og_image":[{"width":870,"height":522,"url":"https:\/\/www.ucatolica.edu.co\/portal\/wp-content\/uploads\/2025\/11\/Eventojardinbotanico.png","type":"image\/png"}],"author":"Cindy Lugo","twitter_card":"summary_large_image","twitter_creator":"@UCatolicaCol","twitter_site":"@UCatolicaCol","twitter_misc":{"Escrito por":"Cindy Lugo","Tiempo de lectura":"2 minutos"},"schema":{"@context":"https:\/\/schema.org","@graph":[{"@type":"Article","@id":"https:\/\/www.ucatolica.edu.co\/portal\/la-universidad-catolica-de-colombia-impulsa-el-dialogo-sobre-sostenibilidad-urbana-en-el-ii-seminario-internacional-de-coberturas-vegetales\/#article","isPartOf":{"@id":"https:\/\/www.ucatolica.edu.co\/portal\/la-universidad-catolica-de-colombia-impulsa-el-dialogo-sobre-sostenibilidad-urbana-en-el-ii-seminario-internacional-de-coberturas-vegetales\/"},"author":{"name":"Cindy Lugo","@id":"https:\/\/www.ucatolica.edu.co\/portal\/#\/schema\/person\/a7469afff252fba81c6cdc40c80f00b6"},"headline":"Nuestra Universidad impulsa el di\u00e1logo sobre sostenibilidad urbana en el II Seminario Internacional &#8220;Ciencia, Tecnolog\u00eda e Innovaci\u00f3n al Servicio de las Coberturas Vegetales Urbanas\u201d","datePublished":"2025-11-05T22:21:02+00:00","dateModified":"2025-11-05T22:27:57+00:00","mainEntityOfPage":{"@id":"https:\/\/www.ucatolica.edu.co\/portal\/la-universidad-catolica-de-colombia-impulsa-el-dialogo-sobre-sostenibilidad-urbana-en-el-ii-seminario-internacional-de-coberturas-vegetales\/"},"wordCount":479,"commentCount":0,"publisher":{"@id":"https:\/\/www.ucatolica.edu.co\/portal\/#organization"},"image":{"@id":"https:\/\/www.ucatolica.edu.co\/portal\/la-universidad-catolica-de-colombia-impulsa-el-dialogo-sobre-sostenibilidad-urbana-en-el-ii-seminario-internacional-de-coberturas-vegetales\/#primaryimage"},"thumbnailUrl":"https:\/\/www.ucatolica.edu.co\/portal\/wp-content\/uploads\/2025\/11\/Eventojardinbotanico.png","keywords":["Cambio clim\u00e1tico","II Seminario Internacional de Coberturas Vegetales","Investigaci\u00f3n aplicada","Jos\u00e9 Celestino Mutis","Maestr\u00eda en Dise\u00f1o Sostenible de la Universidad Cat\u00f3lica de Colombia"],"articleSection":["Noticias Principales"],"inLanguage":"es-CO"},{"@type":"WebPage","@id":"https:\/\/www.ucatolica.edu.co\/portal\/la-universidad-catolica-de-colombia-impulsa-el-dialogo-sobre-sostenibilidad-urbana-en-el-ii-seminario-internacional-de-coberturas-vegetales\/","url":"https:\/\/www.ucatolica.edu.co\/portal\/la-universidad-catolica-de-colombia-impulsa-el-dialogo-sobre-sostenibilidad-urbana-en-el-ii-seminario-internacional-de-coberturas-vegetales\/","name":"Nuestra Universidad impulsa el di\u00e1logo sobre sostenibilidad urbana en el II Seminario Internacional \"Ciencia, Tecnolog\u00eda e Innovaci\u00f3n al Servicio de las Coberturas Vegetales Urbanas\u201d - Universidad Cat\u00f3lica De Colombia","isPartOf":{"@id":"https:\/\/www.ucatolica.edu.co\/portal\/#website"},"primaryImageOfPage":{"@id":"https:\/\/www.ucatolica.edu.co\/portal\/la-universidad-catolica-de-colombia-impulsa-el-dialogo-sobre-sostenibilidad-urbana-en-el-ii-seminario-internacional-de-coberturas-vegetales\/#primaryimage"},"image":{"@id":"https:\/\/www.ucatolica.edu.co\/portal\/la-universidad-catolica-de-colombia-impulsa-el-dialogo-sobre-sostenibilidad-urbana-en-el-ii-seminario-internacional-de-coberturas-vegetales\/#primaryimage"},"thumbnailUrl":"https:\/\/www.ucatolica.edu.co\/portal\/wp-content\/uploads\/2025\/11\/Eventojardinbotanico.png","datePublished":"2025-11-05T22:21:02+00:00","dateModified":"2025-11-05T22:27:57+00:00","breadcrumb":{"@id":"https:\/\/www.ucatolica.edu.co\/portal\/la-universidad-catolica-de-colombia-impulsa-el-dialogo-sobre-sostenibilidad-urbana-en-el-ii-seminario-internacional-de-coberturas-vegetales\/#breadcrumb"},"inLanguage":"es-CO","potentialAction":[{"@type":"ReadAction","target":["https:\/\/www.ucatolica.edu.co\/portal\/la-universidad-catolica-de-colombia-impulsa-el-dialogo-sobre-sostenibilidad-urbana-en-el-ii-seminario-internacional-de-coberturas-vegetales\/"]}]},{"@type":"ImageObject","inLanguage":"es-CO","@id":"https:\/\/www.ucatolica.edu.co\/portal\/la-universidad-catolica-de-colombia-impulsa-el-dialogo-sobre-sostenibilidad-urbana-en-el-ii-seminario-internacional-de-coberturas-vegetales\/#primaryimage","url":"https:\/\/www.ucatolica.edu.co\/portal\/wp-content\/uploads\/2025\/11\/Eventojardinbotanico.png","contentUrl":"https:\/\/www.ucatolica.edu.co\/portal\/wp-content\/uploads\/2025\/11\/Eventojardinbotanico.png","width":870,"height":522,"caption":"Eventojardinbotanico"},{"@type":"BreadcrumbList","@id":"https:\/\/www.ucatolica.edu.co\/portal\/la-universidad-catolica-de-colombia-impulsa-el-dialogo-sobre-sostenibilidad-urbana-en-el-ii-seminario-internacional-de-coberturas-vegetales\/#breadcrumb","itemListElement":[{"@type":"ListItem","position":1,"name":"Inicio","item":"https:\/\/www.ucatolica.edu.co\/portal\/"},{"@type":"ListItem","position":2,"name":"Nuestra Universidad impulsa el di\u00e1logo sobre sostenibilidad urbana en el II Seminario Internacional &#8220;Ciencia, Tecnolog\u00eda e Innovaci\u00f3n al Servicio de las Coberturas Vegetales Urbanas\u201d"}]},{"@type":"WebSite","@id":"https:\/\/www.ucatolica.edu.co\/portal\/#website","url":"https:\/\/www.ucatolica.edu.co\/portal\/","name":"Universidad Cat\u00f3lica De Colombia","description":"Universidad Cat\u00f3lica De Colombia","publisher":{"@id":"https:\/\/www.ucatolica.edu.co\/portal\/#organization"},"potentialAction":[{"@type":"SearchAction","target":{"@type":"EntryPoint","urlTemplate":"https:\/\/www.ucatolica.edu.co\/portal\/?s={search_term_string}"},"query-input":{"@type":"PropertyValueSpecification","valueRequired":true,"valueName":"search_term_string"}}],"inLanguage":"es-CO"},{"@type":"Organization","@id":"https:\/\/www.ucatolica.edu.co\/portal\/#organization","name":"Universidad Cat\u00f3lica de Colombia","url":"https:\/\/www.ucatolica.edu.co\/portal\/","logo":{"@type":"ImageObject","inLanguage":"es-CO","@id":"https:\/\/www.ucatolica.edu.co\/portal\/#\/schema\/logo\/image\/","url":"https:\/\/www.ucatolica.edu.co\/portal\/wp-content\/uploads\/2021\/06\/logo-header-ho-1.svg","contentUrl":"https:\/\/www.ucatolica.edu.co\/portal\/wp-content\/uploads\/2021\/06\/logo-header-ho-1.svg","width":1,"height":1,"caption":"Universidad Cat\u00f3lica de Colombia"},"image":{"@id":"https:\/\/www.ucatolica.edu.co\/portal\/#\/schema\/logo\/image\/"},"sameAs":["https:\/\/www.facebook.com\/ucatolicacolombia","https:\/\/x.com\/UCatolicaCol","https:\/\/www.instagram.com\/universidadcatolicadecolombia\/","https:\/\/www.linkedin.com\/company\/universidadcatolicadecolombia\/","https:\/\/www.youtube.com\/user\/UCatolicaCo"]},{"@type":"Person","@id":"https:\/\/www.ucatolica.edu.co\/portal\/#\/schema\/person\/a7469afff252fba81c6cdc40c80f00b6","name":"Cindy Lugo","url":"https:\/\/www.ucatolica.edu.co\/portal\/author\/cindy\/"}]}},"author_meta":{"display_name":"Cindy Lugo","author_link":"https:\/\/www.ucatolica.edu.co\/portal\/author\/cindy\/"},"featured_img":"https:\/\/www.ucatolica.edu.co\/portal\/wp-content\/uploads\/2025\/11\/Eventojardinbotanico.png","coauthors":[],"tax_additional":{"categories":{"linked":["<a href=\"https:\/\/www.ucatolica.edu.co\/portal\/category\/noticias-principales\/\" class=\"advgb-post-tax-term\">Noticias Principales<\/a>"],"unlinked":["<span class=\"advgb-post-tax-term\">Noticias Principales<\/span>"]},"tags":{"linked":["<a href=\"https:\/\/www.ucatolica.edu.co\/portal\/category\/noticias-principales\/\" class=\"advgb-post-tax-term\">Cambio clim\u00e1tico<\/a>","<a href=\"https:\/\/www.ucatolica.edu.co\/portal\/category\/noticias-principales\/\" class=\"advgb-post-tax-term\">II Seminario Internacional de Coberturas Vegetales<\/a>","<a href=\"https:\/\/www.ucatolica.edu.co\/portal\/category\/noticias-principales\/\" class=\"advgb-post-tax-term\">Investigaci\u00f3n aplicada<\/a>","<a href=\"https:\/\/www.ucatolica.edu.co\/portal\/category\/noticias-principales\/\" class=\"advgb-post-tax-term\">Jos\u00e9 Celestino Mutis<\/a>","<a href=\"https:\/\/www.ucatolica.edu.co\/portal\/category\/noticias-principales\/\" class=\"advgb-post-tax-term\">Maestr\u00eda en Dise\u00f1o Sostenible de la Universidad Cat\u00f3lica de Colombia<\/a>"],"unlinked":["<span class=\"advgb-post-tax-term\">Cambio clim\u00e1tico<\/span>","<span class=\"advgb-post-tax-term\">II Seminario Internacional de Coberturas Vegetales<\/span>","<span class=\"advgb-post-tax-term\">Investigaci\u00f3n aplicada<\/span>","<span class=\"advgb-post-tax-term\">Jos\u00e9 Celestino Mutis<\/span>","<span class=\"advgb-post-tax-term\">Maestr\u00eda en Dise\u00f1o Sostenible de la Universidad Cat\u00f3lica de Colombia<\/span>"]}},"comment_count":"0","relative_dates":{"created":"Posted 6 meses ago","modified":"Updated 6 meses ago"},"absolute_dates":{"created":"Posted on 5 noviembre, 2025","modified":"Updated on 5 noviembre, 2025"},"absolute_dates_time":{"created":"Posted on 5 noviembre, 2025 5:21 pm","modified":"Updated on 5 noviembre, 2025 5:27 pm"},"featured_img_caption":"","series_order":"","_links":{"self":[{"href":"https:\/\/www.ucatolica.edu.co\/portal\/wp-json\/wp\/v2\/posts\/127199","targetHints":{"allow":["GET"]}}],"collection":[{"href":"https:\/\/www.ucatolica.edu.co\/portal\/wp-json\/wp\/v2\/posts"}],"about":[{"href":"https:\/\/www.ucatolica.edu.co\/portal\/wp-json\/wp\/v2\/types\/post"}],"author":[{"embeddable":true,"href":"https:\/\/www.ucatolica.edu.co\/portal\/wp-json\/wp\/v2\/users\/4"}],"replies":[{"embeddable":true,"href":"https:\/\/www.ucatolica.edu.co\/portal\/wp-json\/wp\/v2\/comments?post=127199"}],"version-history":[{"count":3,"href":"https:\/\/www.ucatolica.edu.co\/portal\/wp-json\/wp\/v2\/posts\/127199\/revisions"}],"predecessor-version":[{"id":127204,"href":"https:\/\/www.ucatolica.edu.co\/portal\/wp-json\/wp\/v2\/posts\/127199\/revisions\/127204"}],"wp:featuredmedia":[{"embeddable":true,"href":"https:\/\/www.ucatolica.edu.co\/portal\/wp-json\/wp\/v2\/media\/127200"}],"wp:attachment":[{"href":"https:\/\/www.ucatolica.edu.co\/portal\/wp-json\/wp\/v2\/media?parent=127199"}],"wp:term":[{"taxonomy":"category","embeddable":true,"href":"https:\/\/www.ucatolica.edu.co\/portal\/wp-json\/wp\/v2\/categories?post=127199"},{"taxonomy":"post_tag","embeddable":true,"href":"https:\/\/www.ucatolica.edu.co\/portal\/wp-json\/wp\/v2\/tags?post=127199"}],"curies":[{"name":"wp","href":"https:\/\/api.w.org\/{rel}","templated":true}]}}