{"id":127329,"date":"2025-11-12T10:08:56","date_gmt":"2025-11-12T15:08:56","guid":{"rendered":"https:\/\/www.ucatolica.edu.co\/portal\/?p=127329"},"modified":"2025-11-12T11:38:24","modified_gmt":"2025-11-12T16:38:24","slug":"consejeria-estudiantil-impulsa-tu-permanencia-y-graduacion-oportuna","status":"publish","type":"post","link":"https:\/\/www.ucatolica.edu.co\/portal\/consejeria-estudiantil-impulsa-tu-permanencia-y-graduacion-oportuna\/","title":{"rendered":"Consejer\u00eda Estudiantil: Impulsa tu permanencia y graduaci\u00f3n oportuna"},"content":{"rendered":"\n<p><strong>\u00bfTu rendimiento acad\u00e9mico o tus desaf\u00edos emocionales est\u00e1n afectando tu trayectoria universitaria? La Universidad Cat\u00f3lica de Colombia te ofrece un apoyo estrat\u00e9gico y confidencial para superar barreras y alcanzar tus metas.<\/strong><\/p>\n\n\n\n<p>La Universidad Cat\u00f3lica de Colombia, a trav\u00e9s de la<strong> Coordinaci\u00f3n de Permanencia Estudiantil<\/strong>, te invita a conocer y aprovechar el servicio de Consejer\u00eda Estudiantil, un espacio creado para brindar acompa\u00f1amiento en los \u00e1mbitos acad\u00e9mico, personal y emocional, para maximizar su desempe\u00f1o y garantizar el \u00e9xito de su proceso de formaci\u00f3n.<\/p>\n\n\n\n<p>Este servicio no es solo apoyo: es una inversi\u00f3n directa en tu futuro. Recibe atenci\u00f3n personalizada de psic\u00f3logos expertos en un entorno seguro y emp\u00e1tico. Aqu\u00ed encontrar\u00e1s las t\u00e9cnicas necesarias para transformar dificultades personales, acad\u00e9micas o emocionales en oportunidades de crecimiento y resiliencia.<\/p>\n\n\n\n<p><strong>Beneficios de la consejer\u00eda para tu \u00e9xito estudiantil:<\/strong><\/p>\n\n\n\n<ul class=\"wp-block-list\">\n<li>Sesiones personalizadas y de car\u00e1cter confidencial con profesionales calificados.<\/li>\n\n\n\n<li>Estrategias para manejar dificultades acad\u00e9micas, vocacionales o emocionales.<\/li>\n\n\n\n<li>T\u00e9cnicas de estudio y organizaci\u00f3n para mejorar tus resultados acad\u00e9micos.<\/li>\n\n\n\n<li>Acompa\u00f1amiento especializado para superar los desaf\u00edos que puedan poner en riesgo la finalizaci\u00f3n exitosa de tu carrera.<\/li>\n<\/ul>\n\n\n\n<p>La Universidad Cat\u00f3lica de Colombia reafirma su compromiso con tu permanencia acad\u00e9mica y tu graduaci\u00f3n efectiva, ofreci\u00e9ndote este soporte estrat\u00e9gico durante tu proceso.<\/p>\n\n\n\n<p><strong>Agenda tu cita ahora<\/strong><\/p>\n\n\n\n<p><strong>Modalidad<\/strong>: Presencial o virtual.<\/p>\n\n\n\n<p><strong>Horarios de atenci\u00f3n:<\/strong><\/p>\n\n\n\n<ul class=\"wp-block-list\">\n<li>Lunes a viernes, de 7:00 a.m. a 8:00 p.m.<\/li>\n\n\n\n<li>S\u00e1bados, de 7:00 a.m. a 11:00 a.m.<\/li>\n<\/ul>\n\n\n\n<p><strong>C\u00f3mo agendar tu cita:<\/strong><br>1. Ingresa a &nbsp;<a href=\"https:\/\/www.ucatolica.edu.co\">www.ucatolica.edu.co<\/a><\/p>\n\n\n\n<p>2. Ve a \u2192 Vida Universitaria \u2192 Solicitud para Consejer\u00eda Estudiantil<\/p>\n\n\n\n<p>3. Haz clic directamente aqu\u00ed:&nbsp;<a href=\"https:\/\/adviser.ucatolica.edu.co\/Adviser\/permanencia\/login.php\">Reservar Cita<\/a><\/p>\n\n\n\n<p>4. Escanea este c\u00f3digo QR:<\/p>\n\n\n\n<figure class=\"wp-block-image size-full is-resized\"><img fetchpriority=\"high\" decoding=\"async\" width=\"469\" height=\"469\" src=\"https:\/\/www.ucatolica.edu.co\/portal\/wp-content\/uploads\/2025\/11\/Consejeria-Estudiantil.jpg\" alt=\"\" class=\"wp-image-127330\" style=\"width:269px;height:auto\" \/><\/figure>\n\n\n\n<p><strong>\u00bfDudas?<\/strong>&nbsp;<\/p>\n\n\n\n<p>Comun\u00edcate al correo:&nbsp;<a href=\"mailto:consejeriaestudiantil@ucatolica.edu.co\">consejeriaestudiantil@ucatolica.edu.co<\/a>&nbsp;o al tel\u00e9fono (601) 327 7300 Ext. 1304.<\/p>\n\n\n\n<p><\/p>\n","protected":false},"excerpt":{"rendered":"<p>\u00bfTu rendimiento acad\u00e9mico o tus desaf\u00edos emocionales est\u00e1n afectando tu trayectoria universitaria? La Universidad Cat\u00f3lica de Colombia te ofrece un apoyo estrat\u00e9gico y confidencial para superar barreras y alcanzar tus metas. La Universidad Cat\u00f3lica de Colombia, a trav\u00e9s de la Coordinaci\u00f3n de Permanencia Estudiantil, te invita a conocer y aprovechar el servicio de Consejer\u00eda Estudiantil, [&hellip;]<\/p>\n","protected":false},"author":65,"featured_media":127331,"comment_status":"open","ping_status":"open","sticky":false,"template":"","format":"standard","meta":{"_acf_changed":false,"advgb_blocks_editor_width":"","advgb_blocks_columns_visual_guide":"","footnotes":""},"categories":[93],"tags":[1759,2793,2776,634,1024],"class_list":["post-127329","post","type-post","status-publish","format-standard","has-post-thumbnail","hentry","category-noticias-principales","tag-acompanamiento","tag-apoyo-a-los-estudiantes","tag-asesoria","tag-permanencia-estuadiantil","tag-vida-universitaria"],"acf":[],"yoast_head":"<!-- This site is optimized with the Yoast SEO plugin v26.7 - https:\/\/yoast.com\/wordpress\/plugins\/seo\/ -->\n<title>Consejer\u00eda Estudiantil: Impulsa tu permanencia y graduaci\u00f3n oportuna - Universidad Cat\u00f3lica De Colombia<\/title>\n<meta name=\"robots\" content=\"index, follow, max-snippet:-1, max-image-preview:large, max-video-preview:-1\" \/>\n<link rel=\"canonical\" href=\"https:\/\/www.ucatolica.edu.co\/portal\/consejeria-estudiantil-impulsa-tu-permanencia-y-graduacion-oportuna\/\" \/>\n<meta property=\"og:locale\" content=\"es_ES\" \/>\n<meta property=\"og:type\" content=\"article\" \/>\n<meta property=\"og:title\" content=\"Consejer\u00eda Estudiantil: Impulsa tu permanencia y graduaci\u00f3n oportuna - Universidad Cat\u00f3lica De Colombia\" \/>\n<meta property=\"og:description\" content=\"\u00bfTu rendimiento acad\u00e9mico o tus desaf\u00edos emocionales est\u00e1n afectando tu trayectoria universitaria? La Universidad Cat\u00f3lica de Colombia te ofrece un apoyo estrat\u00e9gico y confidencial para superar barreras y alcanzar tus metas. La Universidad Cat\u00f3lica de Colombia, a trav\u00e9s de la Coordinaci\u00f3n de Permanencia Estudiantil, te invita a conocer y aprovechar el servicio de Consejer\u00eda Estudiantil, [&hellip;]\" \/>\n<meta property=\"og:url\" content=\"https:\/\/www.ucatolica.edu.co\/portal\/consejeria-estudiantil-impulsa-tu-permanencia-y-graduacion-oportuna\/\" \/>\n<meta property=\"og:site_name\" content=\"Universidad Cat\u00f3lica De Colombia\" \/>\n<meta property=\"article:publisher\" content=\"https:\/\/www.facebook.com\/ucatolicacolombia\" \/>\n<meta property=\"article:published_time\" content=\"2025-11-12T15:08:56+00:00\" \/>\n<meta property=\"article:modified_time\" content=\"2025-11-12T16:38:24+00:00\" \/>\n<meta property=\"og:image\" content=\"https:\/\/www.ucatolica.edu.co\/portal\/wp-content\/uploads\/2025\/11\/Consejeria-Estudiantil-en-la-Ucatolicaco.jpg\" \/>\n\t<meta property=\"og:image:width\" content=\"870\" \/>\n\t<meta property=\"og:image:height\" content=\"522\" \/>\n\t<meta property=\"og:image:type\" content=\"image\/jpeg\" \/>\n<meta name=\"author\" content=\"Juan Jos\u00e9 Franco\" \/>\n<meta name=\"twitter:card\" content=\"summary_large_image\" \/>\n<meta name=\"twitter:creator\" content=\"@UCatolicaCol\" \/>\n<meta name=\"twitter:site\" content=\"@UCatolicaCol\" \/>\n<meta name=\"twitter:label1\" content=\"Escrito por\" \/>\n\t<meta name=\"twitter:data1\" content=\"Juan Jos\u00e9 Franco\" \/>\n\t<meta name=\"twitter:label2\" content=\"Tiempo de lectura\" \/>\n\t<meta name=\"twitter:data2\" content=\"2 minutos\" \/>\n<script type=\"application\/ld+json\" class=\"yoast-schema-graph\">{\"@context\":\"https:\/\/schema.org\",\"@graph\":[{\"@type\":\"Article\",\"@id\":\"https:\/\/www.ucatolica.edu.co\/portal\/consejeria-estudiantil-impulsa-tu-permanencia-y-graduacion-oportuna\/#article\",\"isPartOf\":{\"@id\":\"https:\/\/www.ucatolica.edu.co\/portal\/consejeria-estudiantil-impulsa-tu-permanencia-y-graduacion-oportuna\/\"},\"author\":{\"name\":\"Juan Jos\u00e9 Franco\",\"@id\":\"https:\/\/www.ucatolica.edu.co\/portal\/#\/schema\/person\/2fe10d3836c8b18a520cbf458d96a728\"},\"headline\":\"Consejer\u00eda Estudiantil: Impulsa tu permanencia y graduaci\u00f3n oportuna\",\"datePublished\":\"2025-11-12T15:08:56+00:00\",\"dateModified\":\"2025-11-12T16:38:24+00:00\",\"mainEntityOfPage\":{\"@id\":\"https:\/\/www.ucatolica.edu.co\/portal\/consejeria-estudiantil-impulsa-tu-permanencia-y-graduacion-oportuna\/\"},\"wordCount\":322,\"commentCount\":0,\"publisher\":{\"@id\":\"https:\/\/www.ucatolica.edu.co\/portal\/#organization\"},\"image\":{\"@id\":\"https:\/\/www.ucatolica.edu.co\/portal\/consejeria-estudiantil-impulsa-tu-permanencia-y-graduacion-oportuna\/#primaryimage\"},\"thumbnailUrl\":\"https:\/\/www.ucatolica.edu.co\/portal\/wp-content\/uploads\/2025\/11\/Consejeria-Estudiantil-en-la-Ucatolicaco.jpg\",\"keywords\":[\"Acompa\u00f1amiento\",\"Apoyo a los estudiantes\",\"Asesor\u00eda\",\"Permanencia Estuadiantil\",\"Vida Universitaria\"],\"articleSection\":[\"Noticias Principales\"],\"inLanguage\":\"es-CO\"},{\"@type\":\"WebPage\",\"@id\":\"https:\/\/www.ucatolica.edu.co\/portal\/consejeria-estudiantil-impulsa-tu-permanencia-y-graduacion-oportuna\/\",\"url\":\"https:\/\/www.ucatolica.edu.co\/portal\/consejeria-estudiantil-impulsa-tu-permanencia-y-graduacion-oportuna\/\",\"name\":\"Consejer\u00eda Estudiantil: Impulsa tu permanencia y graduaci\u00f3n oportuna - Universidad Cat\u00f3lica De Colombia\",\"isPartOf\":{\"@id\":\"https:\/\/www.ucatolica.edu.co\/portal\/#website\"},\"primaryImageOfPage\":{\"@id\":\"https:\/\/www.ucatolica.edu.co\/portal\/consejeria-estudiantil-impulsa-tu-permanencia-y-graduacion-oportuna\/#primaryimage\"},\"image\":{\"@id\":\"https:\/\/www.ucatolica.edu.co\/portal\/consejeria-estudiantil-impulsa-tu-permanencia-y-graduacion-oportuna\/#primaryimage\"},\"thumbnailUrl\":\"https:\/\/www.ucatolica.edu.co\/portal\/wp-content\/uploads\/2025\/11\/Consejeria-Estudiantil-en-la-Ucatolicaco.jpg\",\"datePublished\":\"2025-11-12T15:08:56+00:00\",\"dateModified\":\"2025-11-12T16:38:24+00:00\",\"breadcrumb\":{\"@id\":\"https:\/\/www.ucatolica.edu.co\/portal\/consejeria-estudiantil-impulsa-tu-permanencia-y-graduacion-oportuna\/#breadcrumb\"},\"inLanguage\":\"es-CO\",\"potentialAction\":[{\"@type\":\"ReadAction\",\"target\":[\"https:\/\/www.ucatolica.edu.co\/portal\/consejeria-estudiantil-impulsa-tu-permanencia-y-graduacion-oportuna\/\"]}]},{\"@type\":\"ImageObject\",\"inLanguage\":\"es-CO\",\"@id\":\"https:\/\/www.ucatolica.edu.co\/portal\/consejeria-estudiantil-impulsa-tu-permanencia-y-graduacion-oportuna\/#primaryimage\",\"url\":\"https:\/\/www.ucatolica.edu.co\/portal\/wp-content\/uploads\/2025\/11\/Consejeria-Estudiantil-en-la-Ucatolicaco.jpg\",\"contentUrl\":\"https:\/\/www.ucatolica.edu.co\/portal\/wp-content\/uploads\/2025\/11\/Consejeria-Estudiantil-en-la-Ucatolicaco.jpg\",\"width\":870,\"height\":522,\"caption\":\"Consejer\u00eda Estudiantil\"},{\"@type\":\"BreadcrumbList\",\"@id\":\"https:\/\/www.ucatolica.edu.co\/portal\/consejeria-estudiantil-impulsa-tu-permanencia-y-graduacion-oportuna\/#breadcrumb\",\"itemListElement\":[{\"@type\":\"ListItem\",\"position\":1,\"name\":\"Inicio\",\"item\":\"https:\/\/www.ucatolica.edu.co\/portal\/\"},{\"@type\":\"ListItem\",\"position\":2,\"name\":\"Consejer\u00eda Estudiantil: Impulsa tu permanencia y graduaci\u00f3n oportuna\"}]},{\"@type\":\"WebSite\",\"@id\":\"https:\/\/www.ucatolica.edu.co\/portal\/#website\",\"url\":\"https:\/\/www.ucatolica.edu.co\/portal\/\",\"name\":\"Universidad Cat\u00f3lica De Colombia\",\"description\":\"Universidad Cat\u00f3lica De Colombia\",\"publisher\":{\"@id\":\"https:\/\/www.ucatolica.edu.co\/portal\/#organization\"},\"potentialAction\":[{\"@type\":\"SearchAction\",\"target\":{\"@type\":\"EntryPoint\",\"urlTemplate\":\"https:\/\/www.ucatolica.edu.co\/portal\/?s={search_term_string}\"},\"query-input\":{\"@type\":\"PropertyValueSpecification\",\"valueRequired\":true,\"valueName\":\"search_term_string\"}}],\"inLanguage\":\"es-CO\"},{\"@type\":\"Organization\",\"@id\":\"https:\/\/www.ucatolica.edu.co\/portal\/#organization\",\"name\":\"Universidad Cat\u00f3lica de Colombia\",\"url\":\"https:\/\/www.ucatolica.edu.co\/portal\/\",\"logo\":{\"@type\":\"ImageObject\",\"inLanguage\":\"es-CO\",\"@id\":\"https:\/\/www.ucatolica.edu.co\/portal\/#\/schema\/logo\/image\/\",\"url\":\"https:\/\/www.ucatolica.edu.co\/portal\/wp-content\/uploads\/2021\/06\/logo-header-ho-1.svg\",\"contentUrl\":\"https:\/\/www.ucatolica.edu.co\/portal\/wp-content\/uploads\/2021\/06\/logo-header-ho-1.svg\",\"width\":1,\"height\":1,\"caption\":\"Universidad Cat\u00f3lica de Colombia\"},\"image\":{\"@id\":\"https:\/\/www.ucatolica.edu.co\/portal\/#\/schema\/logo\/image\/\"},\"sameAs\":[\"https:\/\/www.facebook.com\/ucatolicacolombia\",\"https:\/\/x.com\/UCatolicaCol\",\"https:\/\/www.instagram.com\/universidadcatolicadecolombia\/\",\"https:\/\/www.linkedin.com\/company\/universidadcatolicadecolombia\/\",\"https:\/\/www.youtube.com\/user\/UCatolicaCo\"]},{\"@type\":\"Person\",\"@id\":\"https:\/\/www.ucatolica.edu.co\/portal\/#\/schema\/person\/2fe10d3836c8b18a520cbf458d96a728\",\"name\":\"Juan Jos\u00e9 Franco\",\"url\":\"https:\/\/www.ucatolica.edu.co\/portal\/author\/juan\/\"}]}<\/script>\n<!-- \/ Yoast SEO plugin. -->","yoast_head_json":{"title":"Consejer\u00eda Estudiantil: Impulsa tu permanencia y graduaci\u00f3n oportuna - Universidad Cat\u00f3lica De Colombia","robots":{"index":"index","follow":"follow","max-snippet":"max-snippet:-1","max-image-preview":"max-image-preview:large","max-video-preview":"max-video-preview:-1"},"canonical":"https:\/\/www.ucatolica.edu.co\/portal\/consejeria-estudiantil-impulsa-tu-permanencia-y-graduacion-oportuna\/","og_locale":"es_ES","og_type":"article","og_title":"Consejer\u00eda Estudiantil: Impulsa tu permanencia y graduaci\u00f3n oportuna - Universidad Cat\u00f3lica De Colombia","og_description":"\u00bfTu rendimiento acad\u00e9mico o tus desaf\u00edos emocionales est\u00e1n afectando tu trayectoria universitaria? La Universidad Cat\u00f3lica de Colombia te ofrece un apoyo estrat\u00e9gico y confidencial para superar barreras y alcanzar tus metas. La Universidad Cat\u00f3lica de Colombia, a trav\u00e9s de la Coordinaci\u00f3n de Permanencia Estudiantil, te invita a conocer y aprovechar el servicio de Consejer\u00eda Estudiantil, [&hellip;]","og_url":"https:\/\/www.ucatolica.edu.co\/portal\/consejeria-estudiantil-impulsa-tu-permanencia-y-graduacion-oportuna\/","og_site_name":"Universidad Cat\u00f3lica De Colombia","article_publisher":"https:\/\/www.facebook.com\/ucatolicacolombia","article_published_time":"2025-11-12T15:08:56+00:00","article_modified_time":"2025-11-12T16:38:24+00:00","og_image":[{"width":870,"height":522,"url":"https:\/\/www.ucatolica.edu.co\/portal\/wp-content\/uploads\/2025\/11\/Consejeria-Estudiantil-en-la-Ucatolicaco.jpg","type":"image\/jpeg"}],"author":"Juan Jos\u00e9 Franco","twitter_card":"summary_large_image","twitter_creator":"@UCatolicaCol","twitter_site":"@UCatolicaCol","twitter_misc":{"Escrito por":"Juan Jos\u00e9 Franco","Tiempo de lectura":"2 minutos"},"schema":{"@context":"https:\/\/schema.org","@graph":[{"@type":"Article","@id":"https:\/\/www.ucatolica.edu.co\/portal\/consejeria-estudiantil-impulsa-tu-permanencia-y-graduacion-oportuna\/#article","isPartOf":{"@id":"https:\/\/www.ucatolica.edu.co\/portal\/consejeria-estudiantil-impulsa-tu-permanencia-y-graduacion-oportuna\/"},"author":{"name":"Juan Jos\u00e9 Franco","@id":"https:\/\/www.ucatolica.edu.co\/portal\/#\/schema\/person\/2fe10d3836c8b18a520cbf458d96a728"},"headline":"Consejer\u00eda Estudiantil: Impulsa tu permanencia y graduaci\u00f3n oportuna","datePublished":"2025-11-12T15:08:56+00:00","dateModified":"2025-11-12T16:38:24+00:00","mainEntityOfPage":{"@id":"https:\/\/www.ucatolica.edu.co\/portal\/consejeria-estudiantil-impulsa-tu-permanencia-y-graduacion-oportuna\/"},"wordCount":322,"commentCount":0,"publisher":{"@id":"https:\/\/www.ucatolica.edu.co\/portal\/#organization"},"image":{"@id":"https:\/\/www.ucatolica.edu.co\/portal\/consejeria-estudiantil-impulsa-tu-permanencia-y-graduacion-oportuna\/#primaryimage"},"thumbnailUrl":"https:\/\/www.ucatolica.edu.co\/portal\/wp-content\/uploads\/2025\/11\/Consejeria-Estudiantil-en-la-Ucatolicaco.jpg","keywords":["Acompa\u00f1amiento","Apoyo a los estudiantes","Asesor\u00eda","Permanencia Estuadiantil","Vida Universitaria"],"articleSection":["Noticias Principales"],"inLanguage":"es-CO"},{"@type":"WebPage","@id":"https:\/\/www.ucatolica.edu.co\/portal\/consejeria-estudiantil-impulsa-tu-permanencia-y-graduacion-oportuna\/","url":"https:\/\/www.ucatolica.edu.co\/portal\/consejeria-estudiantil-impulsa-tu-permanencia-y-graduacion-oportuna\/","name":"Consejer\u00eda Estudiantil: Impulsa tu permanencia y graduaci\u00f3n oportuna - Universidad Cat\u00f3lica De Colombia","isPartOf":{"@id":"https:\/\/www.ucatolica.edu.co\/portal\/#website"},"primaryImageOfPage":{"@id":"https:\/\/www.ucatolica.edu.co\/portal\/consejeria-estudiantil-impulsa-tu-permanencia-y-graduacion-oportuna\/#primaryimage"},"image":{"@id":"https:\/\/www.ucatolica.edu.co\/portal\/consejeria-estudiantil-impulsa-tu-permanencia-y-graduacion-oportuna\/#primaryimage"},"thumbnailUrl":"https:\/\/www.ucatolica.edu.co\/portal\/wp-content\/uploads\/2025\/11\/Consejeria-Estudiantil-en-la-Ucatolicaco.jpg","datePublished":"2025-11-12T15:08:56+00:00","dateModified":"2025-11-12T16:38:24+00:00","breadcrumb":{"@id":"https:\/\/www.ucatolica.edu.co\/portal\/consejeria-estudiantil-impulsa-tu-permanencia-y-graduacion-oportuna\/#breadcrumb"},"inLanguage":"es-CO","potentialAction":[{"@type":"ReadAction","target":["https:\/\/www.ucatolica.edu.co\/portal\/consejeria-estudiantil-impulsa-tu-permanencia-y-graduacion-oportuna\/"]}]},{"@type":"ImageObject","inLanguage":"es-CO","@id":"https:\/\/www.ucatolica.edu.co\/portal\/consejeria-estudiantil-impulsa-tu-permanencia-y-graduacion-oportuna\/#primaryimage","url":"https:\/\/www.ucatolica.edu.co\/portal\/wp-content\/uploads\/2025\/11\/Consejeria-Estudiantil-en-la-Ucatolicaco.jpg","contentUrl":"https:\/\/www.ucatolica.edu.co\/portal\/wp-content\/uploads\/2025\/11\/Consejeria-Estudiantil-en-la-Ucatolicaco.jpg","width":870,"height":522,"caption":"Consejer\u00eda Estudiantil"},{"@type":"BreadcrumbList","@id":"https:\/\/www.ucatolica.edu.co\/portal\/consejeria-estudiantil-impulsa-tu-permanencia-y-graduacion-oportuna\/#breadcrumb","itemListElement":[{"@type":"ListItem","position":1,"name":"Inicio","item":"https:\/\/www.ucatolica.edu.co\/portal\/"},{"@type":"ListItem","position":2,"name":"Consejer\u00eda Estudiantil: Impulsa tu permanencia y graduaci\u00f3n oportuna"}]},{"@type":"WebSite","@id":"https:\/\/www.ucatolica.edu.co\/portal\/#website","url":"https:\/\/www.ucatolica.edu.co\/portal\/","name":"Universidad Cat\u00f3lica De Colombia","description":"Universidad Cat\u00f3lica De Colombia","publisher":{"@id":"https:\/\/www.ucatolica.edu.co\/portal\/#organization"},"potentialAction":[{"@type":"SearchAction","target":{"@type":"EntryPoint","urlTemplate":"https:\/\/www.ucatolica.edu.co\/portal\/?s={search_term_string}"},"query-input":{"@type":"PropertyValueSpecification","valueRequired":true,"valueName":"search_term_string"}}],"inLanguage":"es-CO"},{"@type":"Organization","@id":"https:\/\/www.ucatolica.edu.co\/portal\/#organization","name":"Universidad Cat\u00f3lica de Colombia","url":"https:\/\/www.ucatolica.edu.co\/portal\/","logo":{"@type":"ImageObject","inLanguage":"es-CO","@id":"https:\/\/www.ucatolica.edu.co\/portal\/#\/schema\/logo\/image\/","url":"https:\/\/www.ucatolica.edu.co\/portal\/wp-content\/uploads\/2021\/06\/logo-header-ho-1.svg","contentUrl":"https:\/\/www.ucatolica.edu.co\/portal\/wp-content\/uploads\/2021\/06\/logo-header-ho-1.svg","width":1,"height":1,"caption":"Universidad Cat\u00f3lica de Colombia"},"image":{"@id":"https:\/\/www.ucatolica.edu.co\/portal\/#\/schema\/logo\/image\/"},"sameAs":["https:\/\/www.facebook.com\/ucatolicacolombia","https:\/\/x.com\/UCatolicaCol","https:\/\/www.instagram.com\/universidadcatolicadecolombia\/","https:\/\/www.linkedin.com\/company\/universidadcatolicadecolombia\/","https:\/\/www.youtube.com\/user\/UCatolicaCo"]},{"@type":"Person","@id":"https:\/\/www.ucatolica.edu.co\/portal\/#\/schema\/person\/2fe10d3836c8b18a520cbf458d96a728","name":"Juan Jos\u00e9 Franco","url":"https:\/\/www.ucatolica.edu.co\/portal\/author\/juan\/"}]}},"author_meta":{"display_name":"Juan Jos\u00e9 Franco","author_link":"https:\/\/www.ucatolica.edu.co\/portal\/author\/juan\/"},"featured_img":"https:\/\/www.ucatolica.edu.co\/portal\/wp-content\/uploads\/2025\/11\/Consejeria-Estudiantil-en-la-Ucatolicaco.jpg","coauthors":[],"tax_additional":{"categories":{"linked":["<a href=\"https:\/\/www.ucatolica.edu.co\/portal\/category\/noticias-principales\/\" class=\"advgb-post-tax-term\">Noticias Principales<\/a>"],"unlinked":["<span class=\"advgb-post-tax-term\">Noticias Principales<\/span>"]},"tags":{"linked":["<a href=\"https:\/\/www.ucatolica.edu.co\/portal\/category\/noticias-principales\/\" class=\"advgb-post-tax-term\">Acompa\u00f1amiento<\/a>","<a href=\"https:\/\/www.ucatolica.edu.co\/portal\/category\/noticias-principales\/\" class=\"advgb-post-tax-term\">Apoyo a los estudiantes<\/a>","<a href=\"https:\/\/www.ucatolica.edu.co\/portal\/category\/noticias-principales\/\" class=\"advgb-post-tax-term\">Asesor\u00eda<\/a>","<a href=\"https:\/\/www.ucatolica.edu.co\/portal\/category\/noticias-principales\/\" class=\"advgb-post-tax-term\">Permanencia Estuadiantil<\/a>","<a href=\"https:\/\/www.ucatolica.edu.co\/portal\/category\/noticias-principales\/\" class=\"advgb-post-tax-term\">Vida Universitaria<\/a>"],"unlinked":["<span class=\"advgb-post-tax-term\">Acompa\u00f1amiento<\/span>","<span class=\"advgb-post-tax-term\">Apoyo a los estudiantes<\/span>","<span class=\"advgb-post-tax-term\">Asesor\u00eda<\/span>","<span class=\"advgb-post-tax-term\">Permanencia Estuadiantil<\/span>","<span class=\"advgb-post-tax-term\">Vida Universitaria<\/span>"]}},"comment_count":"0","relative_dates":{"created":"Posted 6 meses ago","modified":"Updated 6 meses ago"},"absolute_dates":{"created":"Posted on 12 noviembre, 2025","modified":"Updated on 12 noviembre, 2025"},"absolute_dates_time":{"created":"Posted on 12 noviembre, 2025 10:08 am","modified":"Updated on 12 noviembre, 2025 11:38 am"},"featured_img_caption":"","series_order":"","_links":{"self":[{"href":"https:\/\/www.ucatolica.edu.co\/portal\/wp-json\/wp\/v2\/posts\/127329","targetHints":{"allow":["GET"]}}],"collection":[{"href":"https:\/\/www.ucatolica.edu.co\/portal\/wp-json\/wp\/v2\/posts"}],"about":[{"href":"https:\/\/www.ucatolica.edu.co\/portal\/wp-json\/wp\/v2\/types\/post"}],"author":[{"embeddable":true,"href":"https:\/\/www.ucatolica.edu.co\/portal\/wp-json\/wp\/v2\/users\/65"}],"replies":[{"embeddable":true,"href":"https:\/\/www.ucatolica.edu.co\/portal\/wp-json\/wp\/v2\/comments?post=127329"}],"version-history":[{"count":3,"href":"https:\/\/www.ucatolica.edu.co\/portal\/wp-json\/wp\/v2\/posts\/127329\/revisions"}],"predecessor-version":[{"id":127354,"href":"https:\/\/www.ucatolica.edu.co\/portal\/wp-json\/wp\/v2\/posts\/127329\/revisions\/127354"}],"wp:featuredmedia":[{"embeddable":true,"href":"https:\/\/www.ucatolica.edu.co\/portal\/wp-json\/wp\/v2\/media\/127331"}],"wp:attachment":[{"href":"https:\/\/www.ucatolica.edu.co\/portal\/wp-json\/wp\/v2\/media?parent=127329"}],"wp:term":[{"taxonomy":"category","embeddable":true,"href":"https:\/\/www.ucatolica.edu.co\/portal\/wp-json\/wp\/v2\/categories?post=127329"},{"taxonomy":"post_tag","embeddable":true,"href":"https:\/\/www.ucatolica.edu.co\/portal\/wp-json\/wp\/v2\/tags?post=127329"}],"curies":[{"name":"wp","href":"https:\/\/api.w.org\/{rel}","templated":true}]}}