{"id":127388,"date":"2025-11-13T10:50:27","date_gmt":"2025-11-13T15:50:27","guid":{"rendered":"https:\/\/www.ucatolica.edu.co\/portal\/?p=127388"},"modified":"2025-11-14T14:10:35","modified_gmt":"2025-11-14T19:10:35","slug":"fortalece-tus-conocimientos-y-preparate-para-los-examenes","status":"publish","type":"post","link":"https:\/\/www.ucatolica.edu.co\/portal\/fortalece-tus-conocimientos-y-preparate-para-los-examenes\/","title":{"rendered":"Fortalece tus conocimientos y prep\u00e1rate para los Ex\u00e1menes Finales"},"content":{"rendered":"\n<p>La <strong>Vicerrector\u00eda Acad\u00e9mica<\/strong>, a trav\u00e9s de la<strong> Coordinaci\u00f3n de Permanencia Estudiantil<\/strong>, invita a todos los estudiantes a participar en la <strong>jornada de preparaci\u00f3n de Ex\u00e1menes Finales, que se desarrollar\u00e1 del 18 al 22 de noviembre de 2025<\/strong>.<\/p>\n\n\n\n<p>Este espacio ha sido dise\u00f1ado para que los estudiantes refuercen sus conocimientos, aclaren dudas y fortalezcan sus estrategias de estudio antes de presentar las evaluaciones finales del semestre. Con el acompa\u00f1amiento de los <strong>monitores acad\u00e9micos del Grupo de Excelencia Estudiantil<\/strong>, tendr\u00e1s la oportunidad de recibir orientaci\u00f3n personalizada y trabajar en ejercicios pr\u00e1cticos que te ayudar\u00e1n a llegar con mayor seguridad y confianza a tus ex\u00e1menes.<\/p>\n\n\n\n<p><strong>\u00bfPor qu\u00e9 participar?<\/strong><\/p>\n\n\n\n<ul class=\"wp-block-list\">\n<li>Resolver\u00e1s tus dudas sobre los temas de tus asignaturas.<\/li>\n\n\n\n<li>Realizar\u00e1s ejercicios pr\u00e1cticos con el acompa\u00f1amiento de los monitores.<\/li>\n\n\n\n<li>Reforzar\u00e1s tus conocimientos y fortalecer\u00e1s tu preparaci\u00f3n acad\u00e9mica.<\/li>\n\n\n\n<li>\u00a1Es un espacio gratuito y pensado para ti!<\/li>\n<\/ul>\n\n\n\n<p>Aprovecha esta oportunidad para fortalecer tus habilidades y alcanzar los mejores resultados acad\u00e9micos.<\/p>\n\n\n\n<p><strong>Consulta <a href=\"https:\/\/www.ucatolica.edu.co\/portal\/wp-content\/uploads\/2025\/08\/Horariodemonitorias2025-3.pdf?utm_campaign=69632:%20TEST%20MAIL%20%C2%A1Tu%20apoyo%20es%20clave%20para%20el%20%C3%83%C2%A9xito%20acad%C3%83%C2%A9mico%20de%20nuestros%20estudiantes%21%20%C3%A2%C2%9C%C2%8D%C3%AF%C2%B8%C2%8F&amp;utm_source=MasterBase%20UCATOLICAMKTCO&amp;utm_medium=email&amp;utm_content=3&amp;utm_term=none\">aqu\u00ed<\/a> los horarios y asignaturas disponibles en tu facultad <\/strong>y prep\u00e1rate para cerrar el semestre con \u00e9xito.<\/p>\n\n\n\n<p><strong>Mayor informaci\u00f3n<\/strong><\/p>\n\n\n\n<p><strong>Coordinaciones de permanencia de cada facultad <br>Coordinaci\u00f3n de Permanencia Estudiantil \u2013 Vicerrector\u00eda Acad\u00e9mica <br><\/strong>Avenida Caracas # 46 \u2013 72, sede Las Torres, piso 3 consejeriaestudiantil@ucatolica.edu.co<\/p>\n","protected":false},"excerpt":{"rendered":"<p>La Vicerrector\u00eda Acad\u00e9mica, a trav\u00e9s de la Coordinaci\u00f3n de Permanencia Estudiantil, invita a todos los estudiantes a participar en la jornada de preparaci\u00f3n de Ex\u00e1menes Finales, que se desarrollar\u00e1 del 18 al 22 de noviembre de 2025. Este espacio ha sido dise\u00f1ado para que los estudiantes refuercen sus conocimientos, aclaren dudas y fortalezcan sus estrategias [&hellip;]<\/p>\n","protected":false},"author":65,"featured_media":127431,"comment_status":"open","ping_status":"open","sticky":false,"template":"","format":"standard","meta":{"_acf_changed":false,"advgb_blocks_editor_width":"","advgb_blocks_columns_visual_guide":"","footnotes":""},"categories":[93],"tags":[2776,100,2440,707,634],"class_list":["post-127388","post","type-post","status-publish","format-standard","has-post-thumbnail","hentry","category-noticias-principales","tag-asesoria","tag-examenes","tag-grupo-de-excelencia-estudiantil","tag-monitor-academico","tag-permanencia-estuadiantil"],"acf":[],"yoast_head":"<!-- This site is optimized with the Yoast SEO plugin v26.7 - https:\/\/yoast.com\/wordpress\/plugins\/seo\/ -->\n<title>Fortalece tus conocimientos y prep\u00e1rate para los Ex\u00e1menes Finales - Universidad Cat\u00f3lica De Colombia<\/title>\n<meta name=\"robots\" content=\"index, follow, max-snippet:-1, max-image-preview:large, max-video-preview:-1\" \/>\n<link rel=\"canonical\" href=\"https:\/\/www.ucatolica.edu.co\/portal\/fortalece-tus-conocimientos-y-preparate-para-los-examenes\/\" \/>\n<meta property=\"og:locale\" content=\"es_ES\" \/>\n<meta property=\"og:type\" content=\"article\" \/>\n<meta property=\"og:title\" content=\"Fortalece tus conocimientos y prep\u00e1rate para los Ex\u00e1menes Finales - Universidad Cat\u00f3lica De Colombia\" \/>\n<meta property=\"og:description\" content=\"La Vicerrector\u00eda Acad\u00e9mica, a trav\u00e9s de la Coordinaci\u00f3n de Permanencia Estudiantil, invita a todos los estudiantes a participar en la jornada de preparaci\u00f3n de Ex\u00e1menes Finales, que se desarrollar\u00e1 del 18 al 22 de noviembre de 2025. Este espacio ha sido dise\u00f1ado para que los estudiantes refuercen sus conocimientos, aclaren dudas y fortalezcan sus estrategias [&hellip;]\" \/>\n<meta property=\"og:url\" content=\"https:\/\/www.ucatolica.edu.co\/portal\/fortalece-tus-conocimientos-y-preparate-para-los-examenes\/\" \/>\n<meta property=\"og:site_name\" content=\"Universidad Cat\u00f3lica De Colombia\" \/>\n<meta property=\"article:publisher\" content=\"https:\/\/www.facebook.com\/ucatolicacolombia\" \/>\n<meta property=\"article:published_time\" content=\"2025-11-13T15:50:27+00:00\" \/>\n<meta property=\"article:modified_time\" content=\"2025-11-14T19:10:35+00:00\" \/>\n<meta property=\"og:image\" content=\"https:\/\/www.ucatolica.edu.co\/portal\/wp-content\/uploads\/2025\/11\/Examenes-Preparatorios-Finales.jpg\" \/>\n\t<meta property=\"og:image:width\" content=\"870\" \/>\n\t<meta property=\"og:image:height\" content=\"522\" \/>\n\t<meta property=\"og:image:type\" content=\"image\/jpeg\" \/>\n<meta name=\"author\" content=\"Juan Jos\u00e9 Franco\" \/>\n<meta name=\"twitter:card\" content=\"summary_large_image\" \/>\n<meta name=\"twitter:creator\" content=\"@UCatolicaCol\" \/>\n<meta name=\"twitter:site\" content=\"@UCatolicaCol\" \/>\n<meta name=\"twitter:label1\" content=\"Escrito por\" \/>\n\t<meta name=\"twitter:data1\" content=\"Juan Jos\u00e9 Franco\" \/>\n\t<meta name=\"twitter:label2\" content=\"Tiempo de lectura\" \/>\n\t<meta name=\"twitter:data2\" content=\"1 minuto\" \/>\n<script type=\"application\/ld+json\" class=\"yoast-schema-graph\">{\"@context\":\"https:\/\/schema.org\",\"@graph\":[{\"@type\":\"Article\",\"@id\":\"https:\/\/www.ucatolica.edu.co\/portal\/fortalece-tus-conocimientos-y-preparate-para-los-examenes\/#article\",\"isPartOf\":{\"@id\":\"https:\/\/www.ucatolica.edu.co\/portal\/fortalece-tus-conocimientos-y-preparate-para-los-examenes\/\"},\"author\":{\"name\":\"Juan Jos\u00e9 Franco\",\"@id\":\"https:\/\/www.ucatolica.edu.co\/portal\/#\/schema\/person\/2fe10d3836c8b18a520cbf458d96a728\"},\"headline\":\"Fortalece tus conocimientos y prep\u00e1rate para los Ex\u00e1menes Finales\",\"datePublished\":\"2025-11-13T15:50:27+00:00\",\"dateModified\":\"2025-11-14T19:10:35+00:00\",\"mainEntityOfPage\":{\"@id\":\"https:\/\/www.ucatolica.edu.co\/portal\/fortalece-tus-conocimientos-y-preparate-para-los-examenes\/\"},\"wordCount\":230,\"commentCount\":0,\"publisher\":{\"@id\":\"https:\/\/www.ucatolica.edu.co\/portal\/#organization\"},\"image\":{\"@id\":\"https:\/\/www.ucatolica.edu.co\/portal\/fortalece-tus-conocimientos-y-preparate-para-los-examenes\/#primaryimage\"},\"thumbnailUrl\":\"https:\/\/www.ucatolica.edu.co\/portal\/wp-content\/uploads\/2025\/11\/Examenes-Preparatorios-Finales.jpg\",\"keywords\":[\"Asesor\u00eda\",\"Ex\u00e1menes\",\"Grupo de excelencia estudiantil\",\"Monitor Acad\u00e9mico\",\"Permanencia Estuadiantil\"],\"articleSection\":[\"Noticias Principales\"],\"inLanguage\":\"es-CO\"},{\"@type\":\"WebPage\",\"@id\":\"https:\/\/www.ucatolica.edu.co\/portal\/fortalece-tus-conocimientos-y-preparate-para-los-examenes\/\",\"url\":\"https:\/\/www.ucatolica.edu.co\/portal\/fortalece-tus-conocimientos-y-preparate-para-los-examenes\/\",\"name\":\"Fortalece tus conocimientos y prep\u00e1rate para los Ex\u00e1menes Finales - Universidad Cat\u00f3lica De Colombia\",\"isPartOf\":{\"@id\":\"https:\/\/www.ucatolica.edu.co\/portal\/#website\"},\"primaryImageOfPage\":{\"@id\":\"https:\/\/www.ucatolica.edu.co\/portal\/fortalece-tus-conocimientos-y-preparate-para-los-examenes\/#primaryimage\"},\"image\":{\"@id\":\"https:\/\/www.ucatolica.edu.co\/portal\/fortalece-tus-conocimientos-y-preparate-para-los-examenes\/#primaryimage\"},\"thumbnailUrl\":\"https:\/\/www.ucatolica.edu.co\/portal\/wp-content\/uploads\/2025\/11\/Examenes-Preparatorios-Finales.jpg\",\"datePublished\":\"2025-11-13T15:50:27+00:00\",\"dateModified\":\"2025-11-14T19:10:35+00:00\",\"breadcrumb\":{\"@id\":\"https:\/\/www.ucatolica.edu.co\/portal\/fortalece-tus-conocimientos-y-preparate-para-los-examenes\/#breadcrumb\"},\"inLanguage\":\"es-CO\",\"potentialAction\":[{\"@type\":\"ReadAction\",\"target\":[\"https:\/\/www.ucatolica.edu.co\/portal\/fortalece-tus-conocimientos-y-preparate-para-los-examenes\/\"]}]},{\"@type\":\"ImageObject\",\"inLanguage\":\"es-CO\",\"@id\":\"https:\/\/www.ucatolica.edu.co\/portal\/fortalece-tus-conocimientos-y-preparate-para-los-examenes\/#primaryimage\",\"url\":\"https:\/\/www.ucatolica.edu.co\/portal\/wp-content\/uploads\/2025\/11\/Examenes-Preparatorios-Finales.jpg\",\"contentUrl\":\"https:\/\/www.ucatolica.edu.co\/portal\/wp-content\/uploads\/2025\/11\/Examenes-Preparatorios-Finales.jpg\",\"width\":870,\"height\":522},{\"@type\":\"BreadcrumbList\",\"@id\":\"https:\/\/www.ucatolica.edu.co\/portal\/fortalece-tus-conocimientos-y-preparate-para-los-examenes\/#breadcrumb\",\"itemListElement\":[{\"@type\":\"ListItem\",\"position\":1,\"name\":\"Inicio\",\"item\":\"https:\/\/www.ucatolica.edu.co\/portal\/\"},{\"@type\":\"ListItem\",\"position\":2,\"name\":\"Fortalece tus conocimientos y prep\u00e1rate para los Ex\u00e1menes Finales\"}]},{\"@type\":\"WebSite\",\"@id\":\"https:\/\/www.ucatolica.edu.co\/portal\/#website\",\"url\":\"https:\/\/www.ucatolica.edu.co\/portal\/\",\"name\":\"Universidad Cat\u00f3lica De Colombia\",\"description\":\"Universidad Cat\u00f3lica De Colombia\",\"publisher\":{\"@id\":\"https:\/\/www.ucatolica.edu.co\/portal\/#organization\"},\"potentialAction\":[{\"@type\":\"SearchAction\",\"target\":{\"@type\":\"EntryPoint\",\"urlTemplate\":\"https:\/\/www.ucatolica.edu.co\/portal\/?s={search_term_string}\"},\"query-input\":{\"@type\":\"PropertyValueSpecification\",\"valueRequired\":true,\"valueName\":\"search_term_string\"}}],\"inLanguage\":\"es-CO\"},{\"@type\":\"Organization\",\"@id\":\"https:\/\/www.ucatolica.edu.co\/portal\/#organization\",\"name\":\"Universidad Cat\u00f3lica de Colombia\",\"url\":\"https:\/\/www.ucatolica.edu.co\/portal\/\",\"logo\":{\"@type\":\"ImageObject\",\"inLanguage\":\"es-CO\",\"@id\":\"https:\/\/www.ucatolica.edu.co\/portal\/#\/schema\/logo\/image\/\",\"url\":\"https:\/\/www.ucatolica.edu.co\/portal\/wp-content\/uploads\/2021\/06\/logo-header-ho-1.svg\",\"contentUrl\":\"https:\/\/www.ucatolica.edu.co\/portal\/wp-content\/uploads\/2021\/06\/logo-header-ho-1.svg\",\"width\":1,\"height\":1,\"caption\":\"Universidad Cat\u00f3lica de Colombia\"},\"image\":{\"@id\":\"https:\/\/www.ucatolica.edu.co\/portal\/#\/schema\/logo\/image\/\"},\"sameAs\":[\"https:\/\/www.facebook.com\/ucatolicacolombia\",\"https:\/\/x.com\/UCatolicaCol\",\"https:\/\/www.instagram.com\/universidadcatolicadecolombia\/\",\"https:\/\/www.linkedin.com\/company\/universidadcatolicadecolombia\/\",\"https:\/\/www.youtube.com\/user\/UCatolicaCo\"]},{\"@type\":\"Person\",\"@id\":\"https:\/\/www.ucatolica.edu.co\/portal\/#\/schema\/person\/2fe10d3836c8b18a520cbf458d96a728\",\"name\":\"Juan Jos\u00e9 Franco\",\"url\":\"https:\/\/www.ucatolica.edu.co\/portal\/author\/juan\/\"}]}<\/script>\n<!-- \/ Yoast SEO plugin. -->","yoast_head_json":{"title":"Fortalece tus conocimientos y prep\u00e1rate para los Ex\u00e1menes Finales - Universidad Cat\u00f3lica De Colombia","robots":{"index":"index","follow":"follow","max-snippet":"max-snippet:-1","max-image-preview":"max-image-preview:large","max-video-preview":"max-video-preview:-1"},"canonical":"https:\/\/www.ucatolica.edu.co\/portal\/fortalece-tus-conocimientos-y-preparate-para-los-examenes\/","og_locale":"es_ES","og_type":"article","og_title":"Fortalece tus conocimientos y prep\u00e1rate para los Ex\u00e1menes Finales - Universidad Cat\u00f3lica De Colombia","og_description":"La Vicerrector\u00eda Acad\u00e9mica, a trav\u00e9s de la Coordinaci\u00f3n de Permanencia Estudiantil, invita a todos los estudiantes a participar en la jornada de preparaci\u00f3n de Ex\u00e1menes Finales, que se desarrollar\u00e1 del 18 al 22 de noviembre de 2025. Este espacio ha sido dise\u00f1ado para que los estudiantes refuercen sus conocimientos, aclaren dudas y fortalezcan sus estrategias [&hellip;]","og_url":"https:\/\/www.ucatolica.edu.co\/portal\/fortalece-tus-conocimientos-y-preparate-para-los-examenes\/","og_site_name":"Universidad Cat\u00f3lica De Colombia","article_publisher":"https:\/\/www.facebook.com\/ucatolicacolombia","article_published_time":"2025-11-13T15:50:27+00:00","article_modified_time":"2025-11-14T19:10:35+00:00","og_image":[{"width":870,"height":522,"url":"https:\/\/www.ucatolica.edu.co\/portal\/wp-content\/uploads\/2025\/11\/Examenes-Preparatorios-Finales.jpg","type":"image\/jpeg"}],"author":"Juan Jos\u00e9 Franco","twitter_card":"summary_large_image","twitter_creator":"@UCatolicaCol","twitter_site":"@UCatolicaCol","twitter_misc":{"Escrito por":"Juan Jos\u00e9 Franco","Tiempo de lectura":"1 minuto"},"schema":{"@context":"https:\/\/schema.org","@graph":[{"@type":"Article","@id":"https:\/\/www.ucatolica.edu.co\/portal\/fortalece-tus-conocimientos-y-preparate-para-los-examenes\/#article","isPartOf":{"@id":"https:\/\/www.ucatolica.edu.co\/portal\/fortalece-tus-conocimientos-y-preparate-para-los-examenes\/"},"author":{"name":"Juan Jos\u00e9 Franco","@id":"https:\/\/www.ucatolica.edu.co\/portal\/#\/schema\/person\/2fe10d3836c8b18a520cbf458d96a728"},"headline":"Fortalece tus conocimientos y prep\u00e1rate para los Ex\u00e1menes Finales","datePublished":"2025-11-13T15:50:27+00:00","dateModified":"2025-11-14T19:10:35+00:00","mainEntityOfPage":{"@id":"https:\/\/www.ucatolica.edu.co\/portal\/fortalece-tus-conocimientos-y-preparate-para-los-examenes\/"},"wordCount":230,"commentCount":0,"publisher":{"@id":"https:\/\/www.ucatolica.edu.co\/portal\/#organization"},"image":{"@id":"https:\/\/www.ucatolica.edu.co\/portal\/fortalece-tus-conocimientos-y-preparate-para-los-examenes\/#primaryimage"},"thumbnailUrl":"https:\/\/www.ucatolica.edu.co\/portal\/wp-content\/uploads\/2025\/11\/Examenes-Preparatorios-Finales.jpg","keywords":["Asesor\u00eda","Ex\u00e1menes","Grupo de excelencia estudiantil","Monitor Acad\u00e9mico","Permanencia Estuadiantil"],"articleSection":["Noticias Principales"],"inLanguage":"es-CO"},{"@type":"WebPage","@id":"https:\/\/www.ucatolica.edu.co\/portal\/fortalece-tus-conocimientos-y-preparate-para-los-examenes\/","url":"https:\/\/www.ucatolica.edu.co\/portal\/fortalece-tus-conocimientos-y-preparate-para-los-examenes\/","name":"Fortalece tus conocimientos y prep\u00e1rate para los Ex\u00e1menes Finales - Universidad Cat\u00f3lica De Colombia","isPartOf":{"@id":"https:\/\/www.ucatolica.edu.co\/portal\/#website"},"primaryImageOfPage":{"@id":"https:\/\/www.ucatolica.edu.co\/portal\/fortalece-tus-conocimientos-y-preparate-para-los-examenes\/#primaryimage"},"image":{"@id":"https:\/\/www.ucatolica.edu.co\/portal\/fortalece-tus-conocimientos-y-preparate-para-los-examenes\/#primaryimage"},"thumbnailUrl":"https:\/\/www.ucatolica.edu.co\/portal\/wp-content\/uploads\/2025\/11\/Examenes-Preparatorios-Finales.jpg","datePublished":"2025-11-13T15:50:27+00:00","dateModified":"2025-11-14T19:10:35+00:00","breadcrumb":{"@id":"https:\/\/www.ucatolica.edu.co\/portal\/fortalece-tus-conocimientos-y-preparate-para-los-examenes\/#breadcrumb"},"inLanguage":"es-CO","potentialAction":[{"@type":"ReadAction","target":["https:\/\/www.ucatolica.edu.co\/portal\/fortalece-tus-conocimientos-y-preparate-para-los-examenes\/"]}]},{"@type":"ImageObject","inLanguage":"es-CO","@id":"https:\/\/www.ucatolica.edu.co\/portal\/fortalece-tus-conocimientos-y-preparate-para-los-examenes\/#primaryimage","url":"https:\/\/www.ucatolica.edu.co\/portal\/wp-content\/uploads\/2025\/11\/Examenes-Preparatorios-Finales.jpg","contentUrl":"https:\/\/www.ucatolica.edu.co\/portal\/wp-content\/uploads\/2025\/11\/Examenes-Preparatorios-Finales.jpg","width":870,"height":522},{"@type":"BreadcrumbList","@id":"https:\/\/www.ucatolica.edu.co\/portal\/fortalece-tus-conocimientos-y-preparate-para-los-examenes\/#breadcrumb","itemListElement":[{"@type":"ListItem","position":1,"name":"Inicio","item":"https:\/\/www.ucatolica.edu.co\/portal\/"},{"@type":"ListItem","position":2,"name":"Fortalece tus conocimientos y prep\u00e1rate para los Ex\u00e1menes Finales"}]},{"@type":"WebSite","@id":"https:\/\/www.ucatolica.edu.co\/portal\/#website","url":"https:\/\/www.ucatolica.edu.co\/portal\/","name":"Universidad Cat\u00f3lica De Colombia","description":"Universidad Cat\u00f3lica De Colombia","publisher":{"@id":"https:\/\/www.ucatolica.edu.co\/portal\/#organization"},"potentialAction":[{"@type":"SearchAction","target":{"@type":"EntryPoint","urlTemplate":"https:\/\/www.ucatolica.edu.co\/portal\/?s={search_term_string}"},"query-input":{"@type":"PropertyValueSpecification","valueRequired":true,"valueName":"search_term_string"}}],"inLanguage":"es-CO"},{"@type":"Organization","@id":"https:\/\/www.ucatolica.edu.co\/portal\/#organization","name":"Universidad Cat\u00f3lica de Colombia","url":"https:\/\/www.ucatolica.edu.co\/portal\/","logo":{"@type":"ImageObject","inLanguage":"es-CO","@id":"https:\/\/www.ucatolica.edu.co\/portal\/#\/schema\/logo\/image\/","url":"https:\/\/www.ucatolica.edu.co\/portal\/wp-content\/uploads\/2021\/06\/logo-header-ho-1.svg","contentUrl":"https:\/\/www.ucatolica.edu.co\/portal\/wp-content\/uploads\/2021\/06\/logo-header-ho-1.svg","width":1,"height":1,"caption":"Universidad Cat\u00f3lica de Colombia"},"image":{"@id":"https:\/\/www.ucatolica.edu.co\/portal\/#\/schema\/logo\/image\/"},"sameAs":["https:\/\/www.facebook.com\/ucatolicacolombia","https:\/\/x.com\/UCatolicaCol","https:\/\/www.instagram.com\/universidadcatolicadecolombia\/","https:\/\/www.linkedin.com\/company\/universidadcatolicadecolombia\/","https:\/\/www.youtube.com\/user\/UCatolicaCo"]},{"@type":"Person","@id":"https:\/\/www.ucatolica.edu.co\/portal\/#\/schema\/person\/2fe10d3836c8b18a520cbf458d96a728","name":"Juan Jos\u00e9 Franco","url":"https:\/\/www.ucatolica.edu.co\/portal\/author\/juan\/"}]}},"author_meta":{"display_name":"Juan Jos\u00e9 Franco","author_link":"https:\/\/www.ucatolica.edu.co\/portal\/author\/juan\/"},"featured_img":"https:\/\/www.ucatolica.edu.co\/portal\/wp-content\/uploads\/2025\/11\/Examenes-Preparatorios-Finales.jpg","coauthors":[],"tax_additional":{"categories":{"linked":["<a href=\"https:\/\/www.ucatolica.edu.co\/portal\/category\/noticias-principales\/\" class=\"advgb-post-tax-term\">Noticias Principales<\/a>"],"unlinked":["<span class=\"advgb-post-tax-term\">Noticias Principales<\/span>"]},"tags":{"linked":["<a href=\"https:\/\/www.ucatolica.edu.co\/portal\/category\/noticias-principales\/\" class=\"advgb-post-tax-term\">Asesor\u00eda<\/a>","<a href=\"https:\/\/www.ucatolica.edu.co\/portal\/category\/noticias-principales\/\" class=\"advgb-post-tax-term\">Ex\u00e1menes<\/a>","<a href=\"https:\/\/www.ucatolica.edu.co\/portal\/category\/noticias-principales\/\" class=\"advgb-post-tax-term\">Grupo de excelencia estudiantil<\/a>","<a href=\"https:\/\/www.ucatolica.edu.co\/portal\/category\/noticias-principales\/\" class=\"advgb-post-tax-term\">Monitor Acad\u00e9mico<\/a>","<a href=\"https:\/\/www.ucatolica.edu.co\/portal\/category\/noticias-principales\/\" class=\"advgb-post-tax-term\">Permanencia Estuadiantil<\/a>"],"unlinked":["<span class=\"advgb-post-tax-term\">Asesor\u00eda<\/span>","<span class=\"advgb-post-tax-term\">Ex\u00e1menes<\/span>","<span class=\"advgb-post-tax-term\">Grupo de excelencia estudiantil<\/span>","<span class=\"advgb-post-tax-term\">Monitor Acad\u00e9mico<\/span>","<span class=\"advgb-post-tax-term\">Permanencia Estuadiantil<\/span>"]}},"comment_count":"0","relative_dates":{"created":"Posted 6 meses ago","modified":"Updated 6 meses ago"},"absolute_dates":{"created":"Posted on 13 noviembre, 2025","modified":"Updated on 14 noviembre, 2025"},"absolute_dates_time":{"created":"Posted on 13 noviembre, 2025 10:50 am","modified":"Updated on 14 noviembre, 2025 2:10 pm"},"featured_img_caption":"","series_order":"","_links":{"self":[{"href":"https:\/\/www.ucatolica.edu.co\/portal\/wp-json\/wp\/v2\/posts\/127388","targetHints":{"allow":["GET"]}}],"collection":[{"href":"https:\/\/www.ucatolica.edu.co\/portal\/wp-json\/wp\/v2\/posts"}],"about":[{"href":"https:\/\/www.ucatolica.edu.co\/portal\/wp-json\/wp\/v2\/types\/post"}],"author":[{"embeddable":true,"href":"https:\/\/www.ucatolica.edu.co\/portal\/wp-json\/wp\/v2\/users\/65"}],"replies":[{"embeddable":true,"href":"https:\/\/www.ucatolica.edu.co\/portal\/wp-json\/wp\/v2\/comments?post=127388"}],"version-history":[{"count":4,"href":"https:\/\/www.ucatolica.edu.co\/portal\/wp-json\/wp\/v2\/posts\/127388\/revisions"}],"predecessor-version":[{"id":127460,"href":"https:\/\/www.ucatolica.edu.co\/portal\/wp-json\/wp\/v2\/posts\/127388\/revisions\/127460"}],"wp:featuredmedia":[{"embeddable":true,"href":"https:\/\/www.ucatolica.edu.co\/portal\/wp-json\/wp\/v2\/media\/127431"}],"wp:attachment":[{"href":"https:\/\/www.ucatolica.edu.co\/portal\/wp-json\/wp\/v2\/media?parent=127388"}],"wp:term":[{"taxonomy":"category","embeddable":true,"href":"https:\/\/www.ucatolica.edu.co\/portal\/wp-json\/wp\/v2\/categories?post=127388"},{"taxonomy":"post_tag","embeddable":true,"href":"https:\/\/www.ucatolica.edu.co\/portal\/wp-json\/wp\/v2\/tags?post=127388"}],"curies":[{"name":"wp","href":"https:\/\/api.w.org\/{rel}","templated":true}]}}