{"id":127393,"date":"2025-11-13T11:18:38","date_gmt":"2025-11-13T16:18:38","guid":{"rendered":"https:\/\/www.ucatolica.edu.co\/portal\/?p=127393"},"modified":"2025-11-13T11:18:39","modified_gmt":"2025-11-13T16:18:39","slug":"consejerias-grupales-fortalecen-habilidades-academicas-y-socioemocionales-de-los-estudiantes-en-la-universidad-catolica-de-colombia","status":"publish","type":"post","link":"https:\/\/www.ucatolica.edu.co\/portal\/consejerias-grupales-fortalecen-habilidades-academicas-y-socioemocionales-de-los-estudiantes-en-la-universidad-catolica-de-colombia\/","title":{"rendered":"Consejer\u00edas Grupales fortalecen habilidades acad\u00e9micas y socioemocionales de los estudiantes en la Universidad Cat\u00f3lica de Colombia"},"content":{"rendered":"\n<p>Desde la <strong>Coordinaci\u00f3n de Permanencia Estudiantil<\/strong>, se llevaron a cabo las <strong>Consejer\u00edas Grupales<\/strong>, una iniciativa que desarroll\u00f3 una serie de talleres dise\u00f1ados para apoyar el crecimiento integral de los estudiantes y potenciar habilidades clave que los profesores buscan en el aula.<\/p>\n\n\n\n<p>Estos espacios promueven la participaci\u00f3n activa y el trabajo colaborativo, brindando a los estudiantes la oportunidad de compartir experiencias, aprender de sus compa\u00f1eros y fortalecer tanto sus capacidades acad\u00e9micas como sus competencias socioemocionales.<\/p>\n\n\n\n<p>De esta manera, las Consejer\u00edas Grupales contribuyen al crecimiento personal, la construcci\u00f3n de relaciones solidarias y la preparaci\u00f3n de los estudiantes para afrontar con \u00e9xito los desaf\u00edos dentro y fuera del entorno universitario.<\/p>\n\n\n\n<h3 class=\"wp-block-heading\"><strong>Habilidades fortalecidas<\/strong><\/h3>\n\n\n\n<ul class=\"wp-block-list\">\n<li><strong>Comunicaci\u00f3n:<\/strong> Los participantes mejoran su expresi\u00f3n oral, adquiriendo herramientas \u00fatiles para presentaciones, sustentaciones de trabajos de grado y contextos acad\u00e9micos en general.<\/li>\n\n\n\n<li><strong>T\u00e9cnicas de estudio:<\/strong> Se desarrollan actividades pr\u00e1cticas que estimulan la organizaci\u00f3n, memorizaci\u00f3n y pensamiento cr\u00edtico, contribuyendo a un aprendizaje m\u00e1s efectivo y estructurado.<\/li>\n\n\n\n<li><strong>Trabajo en equipo: <\/strong>Mediante din\u00e1micas grupales, los estudiantes ejercitan la negociaci\u00f3n, la colaboraci\u00f3n y la asunci\u00f3n de responsabilidades compartidas, competencias esenciales para su desempe\u00f1o acad\u00e9mico y profesional.<\/li>\n<\/ul>\n\n\n\n<figure class=\"wp-block-gallery has-nested-images columns-default is-cropped wp-block-gallery-1 is-layout-flex wp-block-gallery-is-layout-flex\">\n<figure class=\"wp-block-image size-large\"><img fetchpriority=\"high\" decoding=\"async\" width=\"870\" height=\"522\" data-id=\"127397\" src=\"https:\/\/www.ucatolica.edu.co\/portal\/wp-content\/uploads\/2025\/11\/Consejerias-Grupales-2.png\" alt=\"\" class=\"wp-image-127397\" \/><\/figure>\n\n\n\n<figure class=\"wp-block-image size-large\"><img decoding=\"async\" width=\"870\" height=\"522\" data-id=\"127398\" src=\"https:\/\/www.ucatolica.edu.co\/portal\/wp-content\/uploads\/2025\/11\/Consejerias-Grupales-3.png\" alt=\"\" class=\"wp-image-127398\" \/><\/figure>\n<\/figure>\n\n\n\n<p><strong>Desarrollo de las actividades<\/strong><\/p>\n\n\n\n<p>Entre los meses de <strong>septiembre y octubre de 2025<\/strong>, se realizaron diversas jornadas de Consejer\u00edas Grupales con la participaci\u00f3n de <strong>14 grupos de la Universidad<\/strong>, quienes trabajaron en el fortalecimiento de habilidades acad\u00e9micas, emocionales y sociales a trav\u00e9s de metodolog\u00edas participativas y reflexivas.<\/p>\n\n\n\n<p>La <strong>Universidad Cat\u00f3lica de Colombia<\/strong>, a trav\u00e9s de la Coordinaci\u00f3n de Permanencia Estudiantil, reafirma su compromiso con la <strong>permanencia estudiantil, la graduaci\u00f3n oportuna, la formaci\u00f3n integral y el desarrollo de competencias.<\/strong><\/p>\n","protected":false},"excerpt":{"rendered":"<p>Desde la Coordinaci\u00f3n de Permanencia Estudiantil, se llevaron a cabo las Consejer\u00edas Grupales, una iniciativa que desarroll\u00f3 una serie de talleres dise\u00f1ados para apoyar el crecimiento integral de los estudiantes y potenciar habilidades clave que los profesores buscan en el aula. Estos espacios promueven la participaci\u00f3n activa y el trabajo colaborativo, brindando a los estudiantes [&hellip;]<\/p>\n","protected":false},"author":65,"featured_media":127395,"comment_status":"open","ping_status":"open","sticky":false,"template":"","format":"standard","meta":{"_acf_changed":false,"advgb_blocks_editor_width":"","advgb_blocks_columns_visual_guide":"","footnotes":""},"categories":[93],"tags":[1759,2776,577,634],"class_list":["post-127393","post","type-post","status-publish","format-standard","has-post-thumbnail","hentry","category-noticias-principales","tag-acompanamiento","tag-asesoria","tag-consejeria","tag-permanencia-estuadiantil"],"acf":[],"yoast_head":"<!-- This site is optimized with the Yoast SEO plugin v26.7 - https:\/\/yoast.com\/wordpress\/plugins\/seo\/ -->\n<title>Consejer\u00edas Grupales fortalecen habilidades acad\u00e9micas y socioemocionales de los estudiantes en la Universidad Cat\u00f3lica de Colombia - Universidad Cat\u00f3lica De Colombia<\/title>\n<meta name=\"robots\" content=\"index, follow, max-snippet:-1, max-image-preview:large, max-video-preview:-1\" \/>\n<link rel=\"canonical\" href=\"https:\/\/www.ucatolica.edu.co\/portal\/consejerias-grupales-fortalecen-habilidades-academicas-y-socioemocionales-de-los-estudiantes-en-la-universidad-catolica-de-colombia\/\" \/>\n<meta property=\"og:locale\" content=\"es_ES\" \/>\n<meta property=\"og:type\" content=\"article\" \/>\n<meta property=\"og:title\" content=\"Consejer\u00edas Grupales fortalecen habilidades acad\u00e9micas y socioemocionales de los estudiantes en la Universidad Cat\u00f3lica de Colombia - Universidad Cat\u00f3lica De Colombia\" \/>\n<meta property=\"og:description\" content=\"Desde la Coordinaci\u00f3n de Permanencia Estudiantil, se llevaron a cabo las Consejer\u00edas Grupales, una iniciativa que desarroll\u00f3 una serie de talleres dise\u00f1ados para apoyar el crecimiento integral de los estudiantes y potenciar habilidades clave que los profesores buscan en el aula. Estos espacios promueven la participaci\u00f3n activa y el trabajo colaborativo, brindando a los estudiantes [&hellip;]\" \/>\n<meta property=\"og:url\" content=\"https:\/\/www.ucatolica.edu.co\/portal\/consejerias-grupales-fortalecen-habilidades-academicas-y-socioemocionales-de-los-estudiantes-en-la-universidad-catolica-de-colombia\/\" \/>\n<meta property=\"og:site_name\" content=\"Universidad Cat\u00f3lica De Colombia\" \/>\n<meta property=\"article:publisher\" content=\"https:\/\/www.facebook.com\/ucatolicacolombia\" \/>\n<meta property=\"article:published_time\" content=\"2025-11-13T16:18:38+00:00\" \/>\n<meta property=\"article:modified_time\" content=\"2025-11-13T16:18:39+00:00\" \/>\n<meta property=\"og:image\" content=\"https:\/\/www.ucatolica.edu.co\/portal\/wp-content\/uploads\/2025\/11\/Consejerias-Grupales.png\" \/>\n\t<meta property=\"og:image:width\" content=\"870\" \/>\n\t<meta property=\"og:image:height\" content=\"522\" \/>\n\t<meta property=\"og:image:type\" content=\"image\/png\" \/>\n<meta name=\"author\" content=\"Juan Jos\u00e9 Franco\" \/>\n<meta name=\"twitter:card\" content=\"summary_large_image\" \/>\n<meta name=\"twitter:creator\" content=\"@UCatolicaCol\" \/>\n<meta name=\"twitter:site\" content=\"@UCatolicaCol\" \/>\n<meta name=\"twitter:label1\" content=\"Escrito por\" \/>\n\t<meta name=\"twitter:data1\" content=\"Juan Jos\u00e9 Franco\" \/>\n\t<meta name=\"twitter:label2\" content=\"Tiempo de lectura\" \/>\n\t<meta name=\"twitter:data2\" content=\"1 minuto\" \/>\n<script type=\"application\/ld+json\" class=\"yoast-schema-graph\">{\"@context\":\"https:\/\/schema.org\",\"@graph\":[{\"@type\":\"Article\",\"@id\":\"https:\/\/www.ucatolica.edu.co\/portal\/consejerias-grupales-fortalecen-habilidades-academicas-y-socioemocionales-de-los-estudiantes-en-la-universidad-catolica-de-colombia\/#article\",\"isPartOf\":{\"@id\":\"https:\/\/www.ucatolica.edu.co\/portal\/consejerias-grupales-fortalecen-habilidades-academicas-y-socioemocionales-de-los-estudiantes-en-la-universidad-catolica-de-colombia\/\"},\"author\":{\"name\":\"Juan Jos\u00e9 Franco\",\"@id\":\"https:\/\/www.ucatolica.edu.co\/portal\/#\/schema\/person\/2fe10d3836c8b18a520cbf458d96a728\"},\"headline\":\"Consejer\u00edas Grupales fortalecen habilidades acad\u00e9micas y socioemocionales de los estudiantes en la Universidad Cat\u00f3lica de Colombia\",\"datePublished\":\"2025-11-13T16:18:38+00:00\",\"dateModified\":\"2025-11-13T16:18:39+00:00\",\"mainEntityOfPage\":{\"@id\":\"https:\/\/www.ucatolica.edu.co\/portal\/consejerias-grupales-fortalecen-habilidades-academicas-y-socioemocionales-de-los-estudiantes-en-la-universidad-catolica-de-colombia\/\"},\"wordCount\":311,\"commentCount\":0,\"publisher\":{\"@id\":\"https:\/\/www.ucatolica.edu.co\/portal\/#organization\"},\"image\":{\"@id\":\"https:\/\/www.ucatolica.edu.co\/portal\/consejerias-grupales-fortalecen-habilidades-academicas-y-socioemocionales-de-los-estudiantes-en-la-universidad-catolica-de-colombia\/#primaryimage\"},\"thumbnailUrl\":\"https:\/\/www.ucatolica.edu.co\/portal\/wp-content\/uploads\/2025\/11\/Consejerias-Grupales.png\",\"keywords\":[\"Acompa\u00f1amiento\",\"Asesor\u00eda\",\"Consejer\u00eda\",\"Permanencia Estuadiantil\"],\"articleSection\":[\"Noticias Principales\"],\"inLanguage\":\"es-CO\"},{\"@type\":\"WebPage\",\"@id\":\"https:\/\/www.ucatolica.edu.co\/portal\/consejerias-grupales-fortalecen-habilidades-academicas-y-socioemocionales-de-los-estudiantes-en-la-universidad-catolica-de-colombia\/\",\"url\":\"https:\/\/www.ucatolica.edu.co\/portal\/consejerias-grupales-fortalecen-habilidades-academicas-y-socioemocionales-de-los-estudiantes-en-la-universidad-catolica-de-colombia\/\",\"name\":\"Consejer\u00edas Grupales fortalecen habilidades acad\u00e9micas y socioemocionales de los estudiantes en la Universidad Cat\u00f3lica de Colombia - Universidad Cat\u00f3lica De Colombia\",\"isPartOf\":{\"@id\":\"https:\/\/www.ucatolica.edu.co\/portal\/#website\"},\"primaryImageOfPage\":{\"@id\":\"https:\/\/www.ucatolica.edu.co\/portal\/consejerias-grupales-fortalecen-habilidades-academicas-y-socioemocionales-de-los-estudiantes-en-la-universidad-catolica-de-colombia\/#primaryimage\"},\"image\":{\"@id\":\"https:\/\/www.ucatolica.edu.co\/portal\/consejerias-grupales-fortalecen-habilidades-academicas-y-socioemocionales-de-los-estudiantes-en-la-universidad-catolica-de-colombia\/#primaryimage\"},\"thumbnailUrl\":\"https:\/\/www.ucatolica.edu.co\/portal\/wp-content\/uploads\/2025\/11\/Consejerias-Grupales.png\",\"datePublished\":\"2025-11-13T16:18:38+00:00\",\"dateModified\":\"2025-11-13T16:18:39+00:00\",\"breadcrumb\":{\"@id\":\"https:\/\/www.ucatolica.edu.co\/portal\/consejerias-grupales-fortalecen-habilidades-academicas-y-socioemocionales-de-los-estudiantes-en-la-universidad-catolica-de-colombia\/#breadcrumb\"},\"inLanguage\":\"es-CO\",\"potentialAction\":[{\"@type\":\"ReadAction\",\"target\":[\"https:\/\/www.ucatolica.edu.co\/portal\/consejerias-grupales-fortalecen-habilidades-academicas-y-socioemocionales-de-los-estudiantes-en-la-universidad-catolica-de-colombia\/\"]}]},{\"@type\":\"ImageObject\",\"inLanguage\":\"es-CO\",\"@id\":\"https:\/\/www.ucatolica.edu.co\/portal\/consejerias-grupales-fortalecen-habilidades-academicas-y-socioemocionales-de-los-estudiantes-en-la-universidad-catolica-de-colombia\/#primaryimage\",\"url\":\"https:\/\/www.ucatolica.edu.co\/portal\/wp-content\/uploads\/2025\/11\/Consejerias-Grupales.png\",\"contentUrl\":\"https:\/\/www.ucatolica.edu.co\/portal\/wp-content\/uploads\/2025\/11\/Consejerias-Grupales.png\",\"width\":870,\"height\":522},{\"@type\":\"BreadcrumbList\",\"@id\":\"https:\/\/www.ucatolica.edu.co\/portal\/consejerias-grupales-fortalecen-habilidades-academicas-y-socioemocionales-de-los-estudiantes-en-la-universidad-catolica-de-colombia\/#breadcrumb\",\"itemListElement\":[{\"@type\":\"ListItem\",\"position\":1,\"name\":\"Inicio\",\"item\":\"https:\/\/www.ucatolica.edu.co\/portal\/\"},{\"@type\":\"ListItem\",\"position\":2,\"name\":\"Consejer\u00edas Grupales fortalecen habilidades acad\u00e9micas y socioemocionales de los estudiantes en la Universidad Cat\u00f3lica de Colombia\"}]},{\"@type\":\"WebSite\",\"@id\":\"https:\/\/www.ucatolica.edu.co\/portal\/#website\",\"url\":\"https:\/\/www.ucatolica.edu.co\/portal\/\",\"name\":\"Universidad Cat\u00f3lica De Colombia\",\"description\":\"Universidad Cat\u00f3lica De Colombia\",\"publisher\":{\"@id\":\"https:\/\/www.ucatolica.edu.co\/portal\/#organization\"},\"potentialAction\":[{\"@type\":\"SearchAction\",\"target\":{\"@type\":\"EntryPoint\",\"urlTemplate\":\"https:\/\/www.ucatolica.edu.co\/portal\/?s={search_term_string}\"},\"query-input\":{\"@type\":\"PropertyValueSpecification\",\"valueRequired\":true,\"valueName\":\"search_term_string\"}}],\"inLanguage\":\"es-CO\"},{\"@type\":\"Organization\",\"@id\":\"https:\/\/www.ucatolica.edu.co\/portal\/#organization\",\"name\":\"Universidad Cat\u00f3lica de Colombia\",\"url\":\"https:\/\/www.ucatolica.edu.co\/portal\/\",\"logo\":{\"@type\":\"ImageObject\",\"inLanguage\":\"es-CO\",\"@id\":\"https:\/\/www.ucatolica.edu.co\/portal\/#\/schema\/logo\/image\/\",\"url\":\"https:\/\/www.ucatolica.edu.co\/portal\/wp-content\/uploads\/2021\/06\/logo-header-ho-1.svg\",\"contentUrl\":\"https:\/\/www.ucatolica.edu.co\/portal\/wp-content\/uploads\/2021\/06\/logo-header-ho-1.svg\",\"width\":1,\"height\":1,\"caption\":\"Universidad Cat\u00f3lica de Colombia\"},\"image\":{\"@id\":\"https:\/\/www.ucatolica.edu.co\/portal\/#\/schema\/logo\/image\/\"},\"sameAs\":[\"https:\/\/www.facebook.com\/ucatolicacolombia\",\"https:\/\/x.com\/UCatolicaCol\",\"https:\/\/www.instagram.com\/universidadcatolicadecolombia\/\",\"https:\/\/www.linkedin.com\/company\/universidadcatolicadecolombia\/\",\"https:\/\/www.youtube.com\/user\/UCatolicaCo\"]},{\"@type\":\"Person\",\"@id\":\"https:\/\/www.ucatolica.edu.co\/portal\/#\/schema\/person\/2fe10d3836c8b18a520cbf458d96a728\",\"name\":\"Juan Jos\u00e9 Franco\",\"url\":\"https:\/\/www.ucatolica.edu.co\/portal\/author\/juan\/\"}]}<\/script>\n<!-- \/ Yoast SEO plugin. -->","yoast_head_json":{"title":"Consejer\u00edas Grupales fortalecen habilidades acad\u00e9micas y socioemocionales de los estudiantes en la Universidad Cat\u00f3lica de Colombia - Universidad Cat\u00f3lica De Colombia","robots":{"index":"index","follow":"follow","max-snippet":"max-snippet:-1","max-image-preview":"max-image-preview:large","max-video-preview":"max-video-preview:-1"},"canonical":"https:\/\/www.ucatolica.edu.co\/portal\/consejerias-grupales-fortalecen-habilidades-academicas-y-socioemocionales-de-los-estudiantes-en-la-universidad-catolica-de-colombia\/","og_locale":"es_ES","og_type":"article","og_title":"Consejer\u00edas Grupales fortalecen habilidades acad\u00e9micas y socioemocionales de los estudiantes en la Universidad Cat\u00f3lica de Colombia - Universidad Cat\u00f3lica De Colombia","og_description":"Desde la Coordinaci\u00f3n de Permanencia Estudiantil, se llevaron a cabo las Consejer\u00edas Grupales, una iniciativa que desarroll\u00f3 una serie de talleres dise\u00f1ados para apoyar el crecimiento integral de los estudiantes y potenciar habilidades clave que los profesores buscan en el aula. Estos espacios promueven la participaci\u00f3n activa y el trabajo colaborativo, brindando a los estudiantes [&hellip;]","og_url":"https:\/\/www.ucatolica.edu.co\/portal\/consejerias-grupales-fortalecen-habilidades-academicas-y-socioemocionales-de-los-estudiantes-en-la-universidad-catolica-de-colombia\/","og_site_name":"Universidad Cat\u00f3lica De Colombia","article_publisher":"https:\/\/www.facebook.com\/ucatolicacolombia","article_published_time":"2025-11-13T16:18:38+00:00","article_modified_time":"2025-11-13T16:18:39+00:00","og_image":[{"width":870,"height":522,"url":"https:\/\/www.ucatolica.edu.co\/portal\/wp-content\/uploads\/2025\/11\/Consejerias-Grupales.png","type":"image\/png"}],"author":"Juan Jos\u00e9 Franco","twitter_card":"summary_large_image","twitter_creator":"@UCatolicaCol","twitter_site":"@UCatolicaCol","twitter_misc":{"Escrito por":"Juan Jos\u00e9 Franco","Tiempo de lectura":"1 minuto"},"schema":{"@context":"https:\/\/schema.org","@graph":[{"@type":"Article","@id":"https:\/\/www.ucatolica.edu.co\/portal\/consejerias-grupales-fortalecen-habilidades-academicas-y-socioemocionales-de-los-estudiantes-en-la-universidad-catolica-de-colombia\/#article","isPartOf":{"@id":"https:\/\/www.ucatolica.edu.co\/portal\/consejerias-grupales-fortalecen-habilidades-academicas-y-socioemocionales-de-los-estudiantes-en-la-universidad-catolica-de-colombia\/"},"author":{"name":"Juan Jos\u00e9 Franco","@id":"https:\/\/www.ucatolica.edu.co\/portal\/#\/schema\/person\/2fe10d3836c8b18a520cbf458d96a728"},"headline":"Consejer\u00edas Grupales fortalecen habilidades acad\u00e9micas y socioemocionales de los estudiantes en la Universidad Cat\u00f3lica de Colombia","datePublished":"2025-11-13T16:18:38+00:00","dateModified":"2025-11-13T16:18:39+00:00","mainEntityOfPage":{"@id":"https:\/\/www.ucatolica.edu.co\/portal\/consejerias-grupales-fortalecen-habilidades-academicas-y-socioemocionales-de-los-estudiantes-en-la-universidad-catolica-de-colombia\/"},"wordCount":311,"commentCount":0,"publisher":{"@id":"https:\/\/www.ucatolica.edu.co\/portal\/#organization"},"image":{"@id":"https:\/\/www.ucatolica.edu.co\/portal\/consejerias-grupales-fortalecen-habilidades-academicas-y-socioemocionales-de-los-estudiantes-en-la-universidad-catolica-de-colombia\/#primaryimage"},"thumbnailUrl":"https:\/\/www.ucatolica.edu.co\/portal\/wp-content\/uploads\/2025\/11\/Consejerias-Grupales.png","keywords":["Acompa\u00f1amiento","Asesor\u00eda","Consejer\u00eda","Permanencia Estuadiantil"],"articleSection":["Noticias Principales"],"inLanguage":"es-CO"},{"@type":"WebPage","@id":"https:\/\/www.ucatolica.edu.co\/portal\/consejerias-grupales-fortalecen-habilidades-academicas-y-socioemocionales-de-los-estudiantes-en-la-universidad-catolica-de-colombia\/","url":"https:\/\/www.ucatolica.edu.co\/portal\/consejerias-grupales-fortalecen-habilidades-academicas-y-socioemocionales-de-los-estudiantes-en-la-universidad-catolica-de-colombia\/","name":"Consejer\u00edas Grupales fortalecen habilidades acad\u00e9micas y socioemocionales de los estudiantes en la Universidad Cat\u00f3lica de Colombia - Universidad Cat\u00f3lica De Colombia","isPartOf":{"@id":"https:\/\/www.ucatolica.edu.co\/portal\/#website"},"primaryImageOfPage":{"@id":"https:\/\/www.ucatolica.edu.co\/portal\/consejerias-grupales-fortalecen-habilidades-academicas-y-socioemocionales-de-los-estudiantes-en-la-universidad-catolica-de-colombia\/#primaryimage"},"image":{"@id":"https:\/\/www.ucatolica.edu.co\/portal\/consejerias-grupales-fortalecen-habilidades-academicas-y-socioemocionales-de-los-estudiantes-en-la-universidad-catolica-de-colombia\/#primaryimage"},"thumbnailUrl":"https:\/\/www.ucatolica.edu.co\/portal\/wp-content\/uploads\/2025\/11\/Consejerias-Grupales.png","datePublished":"2025-11-13T16:18:38+00:00","dateModified":"2025-11-13T16:18:39+00:00","breadcrumb":{"@id":"https:\/\/www.ucatolica.edu.co\/portal\/consejerias-grupales-fortalecen-habilidades-academicas-y-socioemocionales-de-los-estudiantes-en-la-universidad-catolica-de-colombia\/#breadcrumb"},"inLanguage":"es-CO","potentialAction":[{"@type":"ReadAction","target":["https:\/\/www.ucatolica.edu.co\/portal\/consejerias-grupales-fortalecen-habilidades-academicas-y-socioemocionales-de-los-estudiantes-en-la-universidad-catolica-de-colombia\/"]}]},{"@type":"ImageObject","inLanguage":"es-CO","@id":"https:\/\/www.ucatolica.edu.co\/portal\/consejerias-grupales-fortalecen-habilidades-academicas-y-socioemocionales-de-los-estudiantes-en-la-universidad-catolica-de-colombia\/#primaryimage","url":"https:\/\/www.ucatolica.edu.co\/portal\/wp-content\/uploads\/2025\/11\/Consejerias-Grupales.png","contentUrl":"https:\/\/www.ucatolica.edu.co\/portal\/wp-content\/uploads\/2025\/11\/Consejerias-Grupales.png","width":870,"height":522},{"@type":"BreadcrumbList","@id":"https:\/\/www.ucatolica.edu.co\/portal\/consejerias-grupales-fortalecen-habilidades-academicas-y-socioemocionales-de-los-estudiantes-en-la-universidad-catolica-de-colombia\/#breadcrumb","itemListElement":[{"@type":"ListItem","position":1,"name":"Inicio","item":"https:\/\/www.ucatolica.edu.co\/portal\/"},{"@type":"ListItem","position":2,"name":"Consejer\u00edas Grupales fortalecen habilidades acad\u00e9micas y socioemocionales de los estudiantes en la Universidad Cat\u00f3lica de Colombia"}]},{"@type":"WebSite","@id":"https:\/\/www.ucatolica.edu.co\/portal\/#website","url":"https:\/\/www.ucatolica.edu.co\/portal\/","name":"Universidad Cat\u00f3lica De Colombia","description":"Universidad Cat\u00f3lica De Colombia","publisher":{"@id":"https:\/\/www.ucatolica.edu.co\/portal\/#organization"},"potentialAction":[{"@type":"SearchAction","target":{"@type":"EntryPoint","urlTemplate":"https:\/\/www.ucatolica.edu.co\/portal\/?s={search_term_string}"},"query-input":{"@type":"PropertyValueSpecification","valueRequired":true,"valueName":"search_term_string"}}],"inLanguage":"es-CO"},{"@type":"Organization","@id":"https:\/\/www.ucatolica.edu.co\/portal\/#organization","name":"Universidad Cat\u00f3lica de Colombia","url":"https:\/\/www.ucatolica.edu.co\/portal\/","logo":{"@type":"ImageObject","inLanguage":"es-CO","@id":"https:\/\/www.ucatolica.edu.co\/portal\/#\/schema\/logo\/image\/","url":"https:\/\/www.ucatolica.edu.co\/portal\/wp-content\/uploads\/2021\/06\/logo-header-ho-1.svg","contentUrl":"https:\/\/www.ucatolica.edu.co\/portal\/wp-content\/uploads\/2021\/06\/logo-header-ho-1.svg","width":1,"height":1,"caption":"Universidad Cat\u00f3lica de Colombia"},"image":{"@id":"https:\/\/www.ucatolica.edu.co\/portal\/#\/schema\/logo\/image\/"},"sameAs":["https:\/\/www.facebook.com\/ucatolicacolombia","https:\/\/x.com\/UCatolicaCol","https:\/\/www.instagram.com\/universidadcatolicadecolombia\/","https:\/\/www.linkedin.com\/company\/universidadcatolicadecolombia\/","https:\/\/www.youtube.com\/user\/UCatolicaCo"]},{"@type":"Person","@id":"https:\/\/www.ucatolica.edu.co\/portal\/#\/schema\/person\/2fe10d3836c8b18a520cbf458d96a728","name":"Juan Jos\u00e9 Franco","url":"https:\/\/www.ucatolica.edu.co\/portal\/author\/juan\/"}]}},"author_meta":{"display_name":"Juan Jos\u00e9 Franco","author_link":"https:\/\/www.ucatolica.edu.co\/portal\/author\/juan\/"},"featured_img":"https:\/\/www.ucatolica.edu.co\/portal\/wp-content\/uploads\/2025\/11\/Consejerias-Grupales.png","coauthors":[],"tax_additional":{"categories":{"linked":["<a href=\"https:\/\/www.ucatolica.edu.co\/portal\/category\/noticias-principales\/\" class=\"advgb-post-tax-term\">Noticias Principales<\/a>"],"unlinked":["<span class=\"advgb-post-tax-term\">Noticias Principales<\/span>"]},"tags":{"linked":["<a href=\"https:\/\/www.ucatolica.edu.co\/portal\/category\/noticias-principales\/\" class=\"advgb-post-tax-term\">Acompa\u00f1amiento<\/a>","<a href=\"https:\/\/www.ucatolica.edu.co\/portal\/category\/noticias-principales\/\" class=\"advgb-post-tax-term\">Asesor\u00eda<\/a>","<a href=\"https:\/\/www.ucatolica.edu.co\/portal\/category\/noticias-principales\/\" class=\"advgb-post-tax-term\">Consejer\u00eda<\/a>","<a href=\"https:\/\/www.ucatolica.edu.co\/portal\/category\/noticias-principales\/\" class=\"advgb-post-tax-term\">Permanencia Estuadiantil<\/a>"],"unlinked":["<span class=\"advgb-post-tax-term\">Acompa\u00f1amiento<\/span>","<span class=\"advgb-post-tax-term\">Asesor\u00eda<\/span>","<span class=\"advgb-post-tax-term\">Consejer\u00eda<\/span>","<span class=\"advgb-post-tax-term\">Permanencia Estuadiantil<\/span>"]}},"comment_count":"0","relative_dates":{"created":"Posted 6 meses ago","modified":"Updated 6 meses ago"},"absolute_dates":{"created":"Posted on 13 noviembre, 2025","modified":"Updated on 13 noviembre, 2025"},"absolute_dates_time":{"created":"Posted on 13 noviembre, 2025 11:18 am","modified":"Updated on 13 noviembre, 2025 11:18 am"},"featured_img_caption":"","series_order":"","_links":{"self":[{"href":"https:\/\/www.ucatolica.edu.co\/portal\/wp-json\/wp\/v2\/posts\/127393","targetHints":{"allow":["GET"]}}],"collection":[{"href":"https:\/\/www.ucatolica.edu.co\/portal\/wp-json\/wp\/v2\/posts"}],"about":[{"href":"https:\/\/www.ucatolica.edu.co\/portal\/wp-json\/wp\/v2\/types\/post"}],"author":[{"embeddable":true,"href":"https:\/\/www.ucatolica.edu.co\/portal\/wp-json\/wp\/v2\/users\/65"}],"replies":[{"embeddable":true,"href":"https:\/\/www.ucatolica.edu.co\/portal\/wp-json\/wp\/v2\/comments?post=127393"}],"version-history":[{"count":2,"href":"https:\/\/www.ucatolica.edu.co\/portal\/wp-json\/wp\/v2\/posts\/127393\/revisions"}],"predecessor-version":[{"id":127399,"href":"https:\/\/www.ucatolica.edu.co\/portal\/wp-json\/wp\/v2\/posts\/127393\/revisions\/127399"}],"wp:featuredmedia":[{"embeddable":true,"href":"https:\/\/www.ucatolica.edu.co\/portal\/wp-json\/wp\/v2\/media\/127395"}],"wp:attachment":[{"href":"https:\/\/www.ucatolica.edu.co\/portal\/wp-json\/wp\/v2\/media?parent=127393"}],"wp:term":[{"taxonomy":"category","embeddable":true,"href":"https:\/\/www.ucatolica.edu.co\/portal\/wp-json\/wp\/v2\/categories?post=127393"},{"taxonomy":"post_tag","embeddable":true,"href":"https:\/\/www.ucatolica.edu.co\/portal\/wp-json\/wp\/v2\/tags?post=127393"}],"curies":[{"name":"wp","href":"https:\/\/api.w.org\/{rel}","templated":true}]}}