{"id":127578,"date":"2025-11-20T15:04:21","date_gmt":"2025-11-20T20:04:21","guid":{"rendered":"https:\/\/www.ucatolica.edu.co\/portal\/?p=127578"},"modified":"2025-11-20T15:27:33","modified_gmt":"2025-11-20T20:27:33","slug":"estudiantes-de-derecho-representaron-a-la-universidad-en-el-moot-internacional-de-libre-competencia-2025","status":"publish","type":"post","link":"https:\/\/www.ucatolica.edu.co\/portal\/estudiantes-de-derecho-representaron-a-la-universidad-en-el-moot-internacional-de-libre-competencia-2025\/","title":{"rendered":"Estudiantes de Derecho representaron a la Universidad en el Moot Internacional de Libre Competencia 2025"},"content":{"rendered":"\n<p>Las estudiantes Diana Carolina Riveros Santoya y Mariapaz Rinc\u00f3n P\u00e9rez, de la Facultad de Derecho de la Universidad Cat\u00f3lica de Colombia, participaron en el Moot Internacional de la Libre Competencia 2025, realizado en la Universidad del Pac\u00edfico en Lima, Per\u00fa. El evento fue organizado por dicha instituci\u00f3n en conjunto con la firma Bullard Falla Ezcurra+.<\/p>\n\n\n\n<p>La participaci\u00f3n se llev\u00f3 a cabo en el marco del Semillero de Propiedad Intelectual y Derecho Privado, liderado por el profesor Germ\u00e1n Dar\u00edo Fl\u00f3rez Acero y adscrito al Grupo de Investigaci\u00f3n en Derecho Privado y Propiedad Intelectual. En la competencia, que re\u00fane a equipos internacionales de Derecho y Econom\u00eda, las estudiantes representaron a la Universidad Cat\u00f3lica de Colombia en diversas etapas argumentativas.<\/p>\n\n\n\n<p>El Moot Internacional de la Libre Competencia tiene como prop\u00f3sito fortalecer las capacidades anal\u00edticas, argumentativas y multidisciplinarias de los participantes mediante la resoluci\u00f3n de casos ficticios sobre regulaci\u00f3n y competencia econ\u00f3mica. Durante el encuentro, los equipos asumen roles de demandantes o demandados y presentan sus argumentos ante un panel de jurados compuesto por expertos en Derecho y Econom\u00eda.<\/p>\n\n\n\n<p>La Universidad del Pac\u00edfico promueve esta competencia como una oportunidad para que los futuros profesionales comprendan las implicaciones econ\u00f3micas de las decisiones jur\u00eddicas. De igual forma, Bullard Falla Ezcurra+, con m\u00e1s de veinte a\u00f1os de trayectoria en consultor\u00eda legal y econ\u00f3mica, aporta un enfoque interdisciplinario que integra el an\u00e1lisis jur\u00eddico, econ\u00f3mico y comunicativo en la resoluci\u00f3n de los casos.<\/p>\n\n\n\n<p>La participaci\u00f3n de la Universidad Cat\u00f3lica de Colombia en este escenario internacional refleja su compromiso con la formaci\u00f3n integral, la excelencia acad\u00e9mica y la proyecci\u00f3n global de su comunidad estudiantil y docente.<\/p>\n\n\n\n<p>Esta actividad fue posible gracias al financiamiento proporcionado por el Programa de Expertos Internacionales del ICETEX, que promueve la participaci\u00f3n de acad\u00e9micos colombianos en eventos y actividades internacionales.<\/p>\n\n\n\n<figure class=\"wp-block-image size-full is-resized\"><img fetchpriority=\"high\" decoding=\"async\" width=\"1071\" height=\"278\" src=\"https:\/\/www.ucatolica.edu.co\/portal\/wp-content\/uploads\/2023\/07\/logo-manejo-02.png\" alt=\"Logo horizontal icetex\" class=\"wp-image-95981\" style=\"width:345px;height:auto\"\/><\/figure>\n\n\n\n<p><\/p>\n","protected":false},"excerpt":{"rendered":"<p>Las estudiantes Diana Carolina Riveros Santoya y Mariapaz Rinc\u00f3n P\u00e9rez, de la Facultad de Derecho de la Universidad Cat\u00f3lica de Colombia, participaron en el Moot Internacional de la Libre Competencia 2025, realizado en la Universidad del Pac\u00edfico en Lima, Per\u00fa. El evento fue organizado por dicha instituci\u00f3n en conjunto con la firma Bullard Falla Ezcurra+. [&hellip;]<\/p>\n","protected":false},"author":61,"featured_media":127579,"comment_status":"open","ping_status":"open","sticky":false,"template":"","format":"standard","meta":{"_acf_changed":false,"advgb_blocks_editor_width":"","advgb_blocks_columns_visual_guide":"","footnotes":""},"categories":[93],"tags":[152,479],"class_list":["post-127578","post","type-post","status-publish","format-standard","has-post-thumbnail","hentry","category-noticias-principales","tag-internacionalizacion","tag-orii"],"acf":[],"yoast_head":"<!-- This site is optimized with the Yoast SEO plugin v26.7 - https:\/\/yoast.com\/wordpress\/plugins\/seo\/ -->\n<title>Estudiantes de Derecho representaron a la Universidad en el Moot Internacional de Libre Competencia 2025 - Universidad Cat\u00f3lica De Colombia<\/title>\n<meta name=\"robots\" content=\"index, follow, max-snippet:-1, max-image-preview:large, max-video-preview:-1\" \/>\n<link rel=\"canonical\" href=\"https:\/\/www.ucatolica.edu.co\/portal\/estudiantes-de-derecho-representaron-a-la-universidad-en-el-moot-internacional-de-libre-competencia-2025\/\" \/>\n<meta property=\"og:locale\" content=\"es_ES\" \/>\n<meta property=\"og:type\" content=\"article\" \/>\n<meta property=\"og:title\" content=\"Estudiantes de Derecho representaron a la Universidad en el Moot Internacional de Libre Competencia 2025 - Universidad Cat\u00f3lica De Colombia\" \/>\n<meta property=\"og:description\" content=\"Las estudiantes Diana Carolina Riveros Santoya y Mariapaz Rinc\u00f3n P\u00e9rez, de la Facultad de Derecho de la Universidad Cat\u00f3lica de Colombia, participaron en el Moot Internacional de la Libre Competencia 2025, realizado en la Universidad del Pac\u00edfico en Lima, Per\u00fa. El evento fue organizado por dicha instituci\u00f3n en conjunto con la firma Bullard Falla Ezcurra+. [&hellip;]\" \/>\n<meta property=\"og:url\" content=\"https:\/\/www.ucatolica.edu.co\/portal\/estudiantes-de-derecho-representaron-a-la-universidad-en-el-moot-internacional-de-libre-competencia-2025\/\" \/>\n<meta property=\"og:site_name\" content=\"Universidad Cat\u00f3lica De Colombia\" \/>\n<meta property=\"article:publisher\" content=\"https:\/\/www.facebook.com\/ucatolicacolombia\" \/>\n<meta property=\"article:published_time\" content=\"2025-11-20T20:04:21+00:00\" \/>\n<meta property=\"article:modified_time\" content=\"2025-11-20T20:27:33+00:00\" \/>\n<meta property=\"og:image\" content=\"https:\/\/www.ucatolica.edu.co\/portal\/wp-content\/uploads\/2025\/11\/Personas-de-pie-sonriendo.jpg\" \/>\n\t<meta property=\"og:image:width\" content=\"870\" \/>\n\t<meta property=\"og:image:height\" content=\"522\" \/>\n\t<meta property=\"og:image:type\" content=\"image\/jpeg\" \/>\n<meta name=\"author\" content=\"Leidy Dayanna Jaramillo Tavera\" \/>\n<meta name=\"twitter:card\" content=\"summary_large_image\" \/>\n<meta name=\"twitter:creator\" content=\"@UCatolicaCol\" \/>\n<meta name=\"twitter:site\" content=\"@UCatolicaCol\" \/>\n<meta name=\"twitter:label1\" content=\"Escrito por\" \/>\n\t<meta name=\"twitter:data1\" content=\"Leidy Dayanna Jaramillo Tavera\" \/>\n\t<meta name=\"twitter:label2\" content=\"Tiempo de lectura\" \/>\n\t<meta name=\"twitter:data2\" content=\"2 minutos\" \/>\n<script type=\"application\/ld+json\" class=\"yoast-schema-graph\">{\"@context\":\"https:\/\/schema.org\",\"@graph\":[{\"@type\":\"Article\",\"@id\":\"https:\/\/www.ucatolica.edu.co\/portal\/estudiantes-de-derecho-representaron-a-la-universidad-en-el-moot-internacional-de-libre-competencia-2025\/#article\",\"isPartOf\":{\"@id\":\"https:\/\/www.ucatolica.edu.co\/portal\/estudiantes-de-derecho-representaron-a-la-universidad-en-el-moot-internacional-de-libre-competencia-2025\/\"},\"author\":{\"name\":\"Leidy Dayanna Jaramillo Tavera\",\"@id\":\"https:\/\/www.ucatolica.edu.co\/portal\/#\/schema\/person\/c03ebc5b4f80ce7b8947aa9ddece408a\"},\"headline\":\"Estudiantes de Derecho representaron a la Universidad en el Moot Internacional de Libre Competencia 2025\",\"datePublished\":\"2025-11-20T20:04:21+00:00\",\"dateModified\":\"2025-11-20T20:27:33+00:00\",\"mainEntityOfPage\":{\"@id\":\"https:\/\/www.ucatolica.edu.co\/portal\/estudiantes-de-derecho-representaron-a-la-universidad-en-el-moot-internacional-de-libre-competencia-2025\/\"},\"wordCount\":344,\"commentCount\":0,\"publisher\":{\"@id\":\"https:\/\/www.ucatolica.edu.co\/portal\/#organization\"},\"image\":{\"@id\":\"https:\/\/www.ucatolica.edu.co\/portal\/estudiantes-de-derecho-representaron-a-la-universidad-en-el-moot-internacional-de-libre-competencia-2025\/#primaryimage\"},\"thumbnailUrl\":\"https:\/\/www.ucatolica.edu.co\/portal\/wp-content\/uploads\/2025\/11\/Personas-de-pie-sonriendo.jpg\",\"keywords\":[\"Internacionalizaci\u00f3n\",\"ORII\"],\"articleSection\":[\"Noticias Principales\"],\"inLanguage\":\"es-CO\"},{\"@type\":\"WebPage\",\"@id\":\"https:\/\/www.ucatolica.edu.co\/portal\/estudiantes-de-derecho-representaron-a-la-universidad-en-el-moot-internacional-de-libre-competencia-2025\/\",\"url\":\"https:\/\/www.ucatolica.edu.co\/portal\/estudiantes-de-derecho-representaron-a-la-universidad-en-el-moot-internacional-de-libre-competencia-2025\/\",\"name\":\"Estudiantes de Derecho representaron a la Universidad en el Moot Internacional de Libre Competencia 2025 - Universidad Cat\u00f3lica De Colombia\",\"isPartOf\":{\"@id\":\"https:\/\/www.ucatolica.edu.co\/portal\/#website\"},\"primaryImageOfPage\":{\"@id\":\"https:\/\/www.ucatolica.edu.co\/portal\/estudiantes-de-derecho-representaron-a-la-universidad-en-el-moot-internacional-de-libre-competencia-2025\/#primaryimage\"},\"image\":{\"@id\":\"https:\/\/www.ucatolica.edu.co\/portal\/estudiantes-de-derecho-representaron-a-la-universidad-en-el-moot-internacional-de-libre-competencia-2025\/#primaryimage\"},\"thumbnailUrl\":\"https:\/\/www.ucatolica.edu.co\/portal\/wp-content\/uploads\/2025\/11\/Personas-de-pie-sonriendo.jpg\",\"datePublished\":\"2025-11-20T20:04:21+00:00\",\"dateModified\":\"2025-11-20T20:27:33+00:00\",\"breadcrumb\":{\"@id\":\"https:\/\/www.ucatolica.edu.co\/portal\/estudiantes-de-derecho-representaron-a-la-universidad-en-el-moot-internacional-de-libre-competencia-2025\/#breadcrumb\"},\"inLanguage\":\"es-CO\",\"potentialAction\":[{\"@type\":\"ReadAction\",\"target\":[\"https:\/\/www.ucatolica.edu.co\/portal\/estudiantes-de-derecho-representaron-a-la-universidad-en-el-moot-internacional-de-libre-competencia-2025\/\"]}]},{\"@type\":\"ImageObject\",\"inLanguage\":\"es-CO\",\"@id\":\"https:\/\/www.ucatolica.edu.co\/portal\/estudiantes-de-derecho-representaron-a-la-universidad-en-el-moot-internacional-de-libre-competencia-2025\/#primaryimage\",\"url\":\"https:\/\/www.ucatolica.edu.co\/portal\/wp-content\/uploads\/2025\/11\/Personas-de-pie-sonriendo.jpg\",\"contentUrl\":\"https:\/\/www.ucatolica.edu.co\/portal\/wp-content\/uploads\/2025\/11\/Personas-de-pie-sonriendo.jpg\",\"width\":870,\"height\":522,\"caption\":\"Personas de pie sonriendo\"},{\"@type\":\"BreadcrumbList\",\"@id\":\"https:\/\/www.ucatolica.edu.co\/portal\/estudiantes-de-derecho-representaron-a-la-universidad-en-el-moot-internacional-de-libre-competencia-2025\/#breadcrumb\",\"itemListElement\":[{\"@type\":\"ListItem\",\"position\":1,\"name\":\"Inicio\",\"item\":\"https:\/\/www.ucatolica.edu.co\/portal\/\"},{\"@type\":\"ListItem\",\"position\":2,\"name\":\"Estudiantes de Derecho representaron a la Universidad en el Moot Internacional de Libre Competencia 2025\"}]},{\"@type\":\"WebSite\",\"@id\":\"https:\/\/www.ucatolica.edu.co\/portal\/#website\",\"url\":\"https:\/\/www.ucatolica.edu.co\/portal\/\",\"name\":\"Universidad Cat\u00f3lica De Colombia\",\"description\":\"Universidad Cat\u00f3lica De Colombia\",\"publisher\":{\"@id\":\"https:\/\/www.ucatolica.edu.co\/portal\/#organization\"},\"potentialAction\":[{\"@type\":\"SearchAction\",\"target\":{\"@type\":\"EntryPoint\",\"urlTemplate\":\"https:\/\/www.ucatolica.edu.co\/portal\/?s={search_term_string}\"},\"query-input\":{\"@type\":\"PropertyValueSpecification\",\"valueRequired\":true,\"valueName\":\"search_term_string\"}}],\"inLanguage\":\"es-CO\"},{\"@type\":\"Organization\",\"@id\":\"https:\/\/www.ucatolica.edu.co\/portal\/#organization\",\"name\":\"Universidad Cat\u00f3lica de Colombia\",\"url\":\"https:\/\/www.ucatolica.edu.co\/portal\/\",\"logo\":{\"@type\":\"ImageObject\",\"inLanguage\":\"es-CO\",\"@id\":\"https:\/\/www.ucatolica.edu.co\/portal\/#\/schema\/logo\/image\/\",\"url\":\"https:\/\/www.ucatolica.edu.co\/portal\/wp-content\/uploads\/2021\/06\/logo-header-ho-1.svg\",\"contentUrl\":\"https:\/\/www.ucatolica.edu.co\/portal\/wp-content\/uploads\/2021\/06\/logo-header-ho-1.svg\",\"width\":1,\"height\":1,\"caption\":\"Universidad Cat\u00f3lica de Colombia\"},\"image\":{\"@id\":\"https:\/\/www.ucatolica.edu.co\/portal\/#\/schema\/logo\/image\/\"},\"sameAs\":[\"https:\/\/www.facebook.com\/ucatolicacolombia\",\"https:\/\/x.com\/UCatolicaCol\",\"https:\/\/www.instagram.com\/universidadcatolicadecolombia\/\",\"https:\/\/www.linkedin.com\/company\/universidadcatolicadecolombia\/\",\"https:\/\/www.youtube.com\/user\/UCatolicaCo\"]},{\"@type\":\"Person\",\"@id\":\"https:\/\/www.ucatolica.edu.co\/portal\/#\/schema\/person\/c03ebc5b4f80ce7b8947aa9ddece408a\",\"name\":\"Leidy Dayanna Jaramillo Tavera\",\"url\":\"https:\/\/www.ucatolica.edu.co\/portal\/author\/dayana\/\"}]}<\/script>\n<!-- \/ Yoast SEO plugin. -->","yoast_head_json":{"title":"Estudiantes de Derecho representaron a la Universidad en el Moot Internacional de Libre Competencia 2025 - Universidad Cat\u00f3lica De Colombia","robots":{"index":"index","follow":"follow","max-snippet":"max-snippet:-1","max-image-preview":"max-image-preview:large","max-video-preview":"max-video-preview:-1"},"canonical":"https:\/\/www.ucatolica.edu.co\/portal\/estudiantes-de-derecho-representaron-a-la-universidad-en-el-moot-internacional-de-libre-competencia-2025\/","og_locale":"es_ES","og_type":"article","og_title":"Estudiantes de Derecho representaron a la Universidad en el Moot Internacional de Libre Competencia 2025 - Universidad Cat\u00f3lica De Colombia","og_description":"Las estudiantes Diana Carolina Riveros Santoya y Mariapaz Rinc\u00f3n P\u00e9rez, de la Facultad de Derecho de la Universidad Cat\u00f3lica de Colombia, participaron en el Moot Internacional de la Libre Competencia 2025, realizado en la Universidad del Pac\u00edfico en Lima, Per\u00fa. El evento fue organizado por dicha instituci\u00f3n en conjunto con la firma Bullard Falla Ezcurra+. [&hellip;]","og_url":"https:\/\/www.ucatolica.edu.co\/portal\/estudiantes-de-derecho-representaron-a-la-universidad-en-el-moot-internacional-de-libre-competencia-2025\/","og_site_name":"Universidad Cat\u00f3lica De Colombia","article_publisher":"https:\/\/www.facebook.com\/ucatolicacolombia","article_published_time":"2025-11-20T20:04:21+00:00","article_modified_time":"2025-11-20T20:27:33+00:00","og_image":[{"width":870,"height":522,"url":"https:\/\/www.ucatolica.edu.co\/portal\/wp-content\/uploads\/2025\/11\/Personas-de-pie-sonriendo.jpg","type":"image\/jpeg"}],"author":"Leidy Dayanna Jaramillo Tavera","twitter_card":"summary_large_image","twitter_creator":"@UCatolicaCol","twitter_site":"@UCatolicaCol","twitter_misc":{"Escrito por":"Leidy Dayanna Jaramillo Tavera","Tiempo de lectura":"2 minutos"},"schema":{"@context":"https:\/\/schema.org","@graph":[{"@type":"Article","@id":"https:\/\/www.ucatolica.edu.co\/portal\/estudiantes-de-derecho-representaron-a-la-universidad-en-el-moot-internacional-de-libre-competencia-2025\/#article","isPartOf":{"@id":"https:\/\/www.ucatolica.edu.co\/portal\/estudiantes-de-derecho-representaron-a-la-universidad-en-el-moot-internacional-de-libre-competencia-2025\/"},"author":{"name":"Leidy Dayanna Jaramillo Tavera","@id":"https:\/\/www.ucatolica.edu.co\/portal\/#\/schema\/person\/c03ebc5b4f80ce7b8947aa9ddece408a"},"headline":"Estudiantes de Derecho representaron a la Universidad en el Moot Internacional de Libre Competencia 2025","datePublished":"2025-11-20T20:04:21+00:00","dateModified":"2025-11-20T20:27:33+00:00","mainEntityOfPage":{"@id":"https:\/\/www.ucatolica.edu.co\/portal\/estudiantes-de-derecho-representaron-a-la-universidad-en-el-moot-internacional-de-libre-competencia-2025\/"},"wordCount":344,"commentCount":0,"publisher":{"@id":"https:\/\/www.ucatolica.edu.co\/portal\/#organization"},"image":{"@id":"https:\/\/www.ucatolica.edu.co\/portal\/estudiantes-de-derecho-representaron-a-la-universidad-en-el-moot-internacional-de-libre-competencia-2025\/#primaryimage"},"thumbnailUrl":"https:\/\/www.ucatolica.edu.co\/portal\/wp-content\/uploads\/2025\/11\/Personas-de-pie-sonriendo.jpg","keywords":["Internacionalizaci\u00f3n","ORII"],"articleSection":["Noticias Principales"],"inLanguage":"es-CO"},{"@type":"WebPage","@id":"https:\/\/www.ucatolica.edu.co\/portal\/estudiantes-de-derecho-representaron-a-la-universidad-en-el-moot-internacional-de-libre-competencia-2025\/","url":"https:\/\/www.ucatolica.edu.co\/portal\/estudiantes-de-derecho-representaron-a-la-universidad-en-el-moot-internacional-de-libre-competencia-2025\/","name":"Estudiantes de Derecho representaron a la Universidad en el Moot Internacional de Libre Competencia 2025 - Universidad Cat\u00f3lica De Colombia","isPartOf":{"@id":"https:\/\/www.ucatolica.edu.co\/portal\/#website"},"primaryImageOfPage":{"@id":"https:\/\/www.ucatolica.edu.co\/portal\/estudiantes-de-derecho-representaron-a-la-universidad-en-el-moot-internacional-de-libre-competencia-2025\/#primaryimage"},"image":{"@id":"https:\/\/www.ucatolica.edu.co\/portal\/estudiantes-de-derecho-representaron-a-la-universidad-en-el-moot-internacional-de-libre-competencia-2025\/#primaryimage"},"thumbnailUrl":"https:\/\/www.ucatolica.edu.co\/portal\/wp-content\/uploads\/2025\/11\/Personas-de-pie-sonriendo.jpg","datePublished":"2025-11-20T20:04:21+00:00","dateModified":"2025-11-20T20:27:33+00:00","breadcrumb":{"@id":"https:\/\/www.ucatolica.edu.co\/portal\/estudiantes-de-derecho-representaron-a-la-universidad-en-el-moot-internacional-de-libre-competencia-2025\/#breadcrumb"},"inLanguage":"es-CO","potentialAction":[{"@type":"ReadAction","target":["https:\/\/www.ucatolica.edu.co\/portal\/estudiantes-de-derecho-representaron-a-la-universidad-en-el-moot-internacional-de-libre-competencia-2025\/"]}]},{"@type":"ImageObject","inLanguage":"es-CO","@id":"https:\/\/www.ucatolica.edu.co\/portal\/estudiantes-de-derecho-representaron-a-la-universidad-en-el-moot-internacional-de-libre-competencia-2025\/#primaryimage","url":"https:\/\/www.ucatolica.edu.co\/portal\/wp-content\/uploads\/2025\/11\/Personas-de-pie-sonriendo.jpg","contentUrl":"https:\/\/www.ucatolica.edu.co\/portal\/wp-content\/uploads\/2025\/11\/Personas-de-pie-sonriendo.jpg","width":870,"height":522,"caption":"Personas de pie sonriendo"},{"@type":"BreadcrumbList","@id":"https:\/\/www.ucatolica.edu.co\/portal\/estudiantes-de-derecho-representaron-a-la-universidad-en-el-moot-internacional-de-libre-competencia-2025\/#breadcrumb","itemListElement":[{"@type":"ListItem","position":1,"name":"Inicio","item":"https:\/\/www.ucatolica.edu.co\/portal\/"},{"@type":"ListItem","position":2,"name":"Estudiantes de Derecho representaron a la Universidad en el Moot Internacional de Libre Competencia 2025"}]},{"@type":"WebSite","@id":"https:\/\/www.ucatolica.edu.co\/portal\/#website","url":"https:\/\/www.ucatolica.edu.co\/portal\/","name":"Universidad Cat\u00f3lica De Colombia","description":"Universidad Cat\u00f3lica De Colombia","publisher":{"@id":"https:\/\/www.ucatolica.edu.co\/portal\/#organization"},"potentialAction":[{"@type":"SearchAction","target":{"@type":"EntryPoint","urlTemplate":"https:\/\/www.ucatolica.edu.co\/portal\/?s={search_term_string}"},"query-input":{"@type":"PropertyValueSpecification","valueRequired":true,"valueName":"search_term_string"}}],"inLanguage":"es-CO"},{"@type":"Organization","@id":"https:\/\/www.ucatolica.edu.co\/portal\/#organization","name":"Universidad Cat\u00f3lica de Colombia","url":"https:\/\/www.ucatolica.edu.co\/portal\/","logo":{"@type":"ImageObject","inLanguage":"es-CO","@id":"https:\/\/www.ucatolica.edu.co\/portal\/#\/schema\/logo\/image\/","url":"https:\/\/www.ucatolica.edu.co\/portal\/wp-content\/uploads\/2021\/06\/logo-header-ho-1.svg","contentUrl":"https:\/\/www.ucatolica.edu.co\/portal\/wp-content\/uploads\/2021\/06\/logo-header-ho-1.svg","width":1,"height":1,"caption":"Universidad Cat\u00f3lica de Colombia"},"image":{"@id":"https:\/\/www.ucatolica.edu.co\/portal\/#\/schema\/logo\/image\/"},"sameAs":["https:\/\/www.facebook.com\/ucatolicacolombia","https:\/\/x.com\/UCatolicaCol","https:\/\/www.instagram.com\/universidadcatolicadecolombia\/","https:\/\/www.linkedin.com\/company\/universidadcatolicadecolombia\/","https:\/\/www.youtube.com\/user\/UCatolicaCo"]},{"@type":"Person","@id":"https:\/\/www.ucatolica.edu.co\/portal\/#\/schema\/person\/c03ebc5b4f80ce7b8947aa9ddece408a","name":"Leidy Dayanna Jaramillo Tavera","url":"https:\/\/www.ucatolica.edu.co\/portal\/author\/dayana\/"}]}},"author_meta":{"display_name":"Leidy Dayanna Jaramillo Tavera","author_link":"https:\/\/www.ucatolica.edu.co\/portal\/author\/dayana\/"},"featured_img":"https:\/\/www.ucatolica.edu.co\/portal\/wp-content\/uploads\/2025\/11\/Personas-de-pie-sonriendo.jpg","coauthors":[],"tax_additional":{"categories":{"linked":["<a href=\"https:\/\/www.ucatolica.edu.co\/portal\/category\/noticias-principales\/\" class=\"advgb-post-tax-term\">Noticias Principales<\/a>"],"unlinked":["<span class=\"advgb-post-tax-term\">Noticias Principales<\/span>"]},"tags":{"linked":["<a href=\"https:\/\/www.ucatolica.edu.co\/portal\/category\/noticias-principales\/\" class=\"advgb-post-tax-term\">Internacionalizaci\u00f3n<\/a>","<a href=\"https:\/\/www.ucatolica.edu.co\/portal\/category\/noticias-principales\/\" class=\"advgb-post-tax-term\">ORII<\/a>"],"unlinked":["<span class=\"advgb-post-tax-term\">Internacionalizaci\u00f3n<\/span>","<span class=\"advgb-post-tax-term\">ORII<\/span>"]}},"comment_count":"0","relative_dates":{"created":"Posted 5 meses ago","modified":"Updated 5 meses ago"},"absolute_dates":{"created":"Posted on 20 noviembre, 2025","modified":"Updated on 20 noviembre, 2025"},"absolute_dates_time":{"created":"Posted on 20 noviembre, 2025 3:04 pm","modified":"Updated on 20 noviembre, 2025 3:27 pm"},"featured_img_caption":"","series_order":"","_links":{"self":[{"href":"https:\/\/www.ucatolica.edu.co\/portal\/wp-json\/wp\/v2\/posts\/127578","targetHints":{"allow":["GET"]}}],"collection":[{"href":"https:\/\/www.ucatolica.edu.co\/portal\/wp-json\/wp\/v2\/posts"}],"about":[{"href":"https:\/\/www.ucatolica.edu.co\/portal\/wp-json\/wp\/v2\/types\/post"}],"author":[{"embeddable":true,"href":"https:\/\/www.ucatolica.edu.co\/portal\/wp-json\/wp\/v2\/users\/61"}],"replies":[{"embeddable":true,"href":"https:\/\/www.ucatolica.edu.co\/portal\/wp-json\/wp\/v2\/comments?post=127578"}],"version-history":[{"count":1,"href":"https:\/\/www.ucatolica.edu.co\/portal\/wp-json\/wp\/v2\/posts\/127578\/revisions"}],"predecessor-version":[{"id":127580,"href":"https:\/\/www.ucatolica.edu.co\/portal\/wp-json\/wp\/v2\/posts\/127578\/revisions\/127580"}],"wp:featuredmedia":[{"embeddable":true,"href":"https:\/\/www.ucatolica.edu.co\/portal\/wp-json\/wp\/v2\/media\/127579"}],"wp:attachment":[{"href":"https:\/\/www.ucatolica.edu.co\/portal\/wp-json\/wp\/v2\/media?parent=127578"}],"wp:term":[{"taxonomy":"category","embeddable":true,"href":"https:\/\/www.ucatolica.edu.co\/portal\/wp-json\/wp\/v2\/categories?post=127578"},{"taxonomy":"post_tag","embeddable":true,"href":"https:\/\/www.ucatolica.edu.co\/portal\/wp-json\/wp\/v2\/tags?post=127578"}],"curies":[{"name":"wp","href":"https:\/\/api.w.org\/{rel}","templated":true}]}}