{"id":127582,"date":"2025-11-21T10:36:31","date_gmt":"2025-11-21T15:36:31","guid":{"rendered":"https:\/\/www.ucatolica.edu.co\/portal\/?p=127582"},"modified":"2025-11-21T10:46:58","modified_gmt":"2025-11-21T15:46:58","slug":"u-catolica-de-colombia-fortalece-su-compromiso-con-la-formacion-investigativa-internacional","status":"publish","type":"post","link":"https:\/\/www.ucatolica.edu.co\/portal\/u-catolica-de-colombia-fortalece-su-compromiso-con-la-formacion-investigativa-internacional\/","title":{"rendered":"U. Cat\u00f3lica de Colombia fortalece su compromiso con la formaci\u00f3n investigativa internacional"},"content":{"rendered":"\n<p>El Programa Delf\u00edn promueve la vocaci\u00f3n cient\u00edfica de j\u00f3venes universitarios y contribuye a la formaci\u00f3n de capital humano en investigaci\u00f3n, desarrollo e innovaci\u00f3n tecnol\u00f3gica. A lo largo de 29 ediciones, ha vinculado a m\u00e1s de 87.000 estudiantes de diversas disciplinas y actualmente re\u00fane 322 instituciones de educaci\u00f3n superior de M\u00e9xico, Colombia, Brasil, Costa Rica, Ecuador, Estados Unidos, Nicaragua y Per\u00fa.<\/p>\n\n\n\n<p>Darkis Daniela Rivera Gonz\u00e1lez, estudiante del programa de Psicolog\u00eda de la Universidad Cat\u00f3lica de Colombia, realiz\u00f3 una estancia de investigaci\u00f3n presencial en la Instituci\u00f3n Educativa Jorge Ch\u00e1vez Dartnell, en Lima (Per\u00fa). Esta participaci\u00f3n se desarroll\u00f3 en el marco del 30\u00ba Verano de la Investigaci\u00f3n Cient\u00edfica y Tecnol\u00f3gica del Pac\u00edfico \u2013 Programa Delf\u00edn, dentro de la l\u00ednea <em>Prevenci\u00f3n y atenci\u00f3n de la violencia escolar<\/em>.<\/p>\n\n\n\n<p>Durante la estancia, la estudiante fortaleci\u00f3 sus competencias acad\u00e9micas y cient\u00edficas mediante su participaci\u00f3n en un proyecto interdisciplinario orientado al estudio y mitigaci\u00f3n de la violencia escolar. Como parte del trabajo, se dise\u00f1aron e implementaron nueve talleres dirigidos a estudiantes de tercer y cuarto grado de primaria, con el prop\u00f3sito de fortalecer habilidades socioemocionales y promover una convivencia escolar pac\u00edfica.<\/p>\n\n\n\n<p>Las estrategias pedag\u00f3gicas fueron adaptadas para garantizar participaci\u00f3n inclusiva de estudiantes con autismo y TDAH, permitiendo el acceso equitativo a las actividades y un acompa\u00f1amiento pertinente a sus necesidades.<\/p>\n\n\n\n<p>Los resultados del proceso evaluativo evidenciaron un impacto significativo en la prevenci\u00f3n de la violencia escolar, al brindar a los ni\u00f1os herramientas para la resoluci\u00f3n pac\u00edfica de conflictos, el fortalecimiento del autocontrol y la promoci\u00f3n del respeto mutuo dentro del entorno educativo.<\/p>\n\n\n\n<p>Esta experiencia fortalece los escenarios de cooperaci\u00f3n acad\u00e9mica internacional, reafirmando el compromiso de la Universidad Cat\u00f3lica de Colombia con la formaci\u00f3n integral, la inclusi\u00f3n educativa y la transformaci\u00f3n social a trav\u00e9s de la investigaci\u00f3n.<\/p>\n\n\n\n<p>Desde la Oficina de Relaciones Internacionales e Interinstitucionales y la Direcci\u00f3n Central de Investigaciones se invita a los estudiantes de pregrado y posgrado a participar en pr\u00f3ximas ediciones del Programa Delf\u00edn, que promueve movilidad acad\u00e9mica, investigaci\u00f3n colaborativa y proyecci\u00f3n internacional.<\/p>\n\n\n\n<p>Esta actividad fue posible gracias al financiamiento proporcionado por el Programa de Expertos Internacionales del ICETEX, que promueve la participaci\u00f3n de acad\u00e9micos colombianos en eventos y actividades internacionales.<\/p>\n\n\n\n<figure class=\"wp-block-image size-full is-resized\"><img fetchpriority=\"high\" decoding=\"async\" width=\"1071\" height=\"278\" src=\"https:\/\/www.ucatolica.edu.co\/portal\/wp-content\/uploads\/2023\/07\/logo-manejo-02.png\" alt=\"Logo horizontal icetex\" class=\"wp-image-95981\" style=\"width:339px;height:auto\"\/><\/figure>\n","protected":false},"excerpt":{"rendered":"<p>El Programa Delf\u00edn promueve la vocaci\u00f3n cient\u00edfica de j\u00f3venes universitarios y contribuye a la formaci\u00f3n de capital humano en investigaci\u00f3n, desarrollo e innovaci\u00f3n tecnol\u00f3gica. A lo largo de 29 ediciones, ha vinculado a m\u00e1s de 87.000 estudiantes de diversas disciplinas y actualmente re\u00fane 322 instituciones de educaci\u00f3n superior de M\u00e9xico, Colombia, Brasil, Costa Rica, Ecuador, [&hellip;]<\/p>\n","protected":false},"author":61,"featured_media":127591,"comment_status":"open","ping_status":"open","sticky":false,"template":"","format":"standard","meta":{"_acf_changed":false,"advgb_blocks_editor_width":"","advgb_blocks_columns_visual_guide":"","footnotes":""},"categories":[93],"tags":[152,479],"class_list":["post-127582","post","type-post","status-publish","format-standard","has-post-thumbnail","hentry","category-noticias-principales","tag-internacionalizacion","tag-orii"],"acf":[],"yoast_head":"<!-- This site is optimized with the Yoast SEO plugin v26.7 - https:\/\/yoast.com\/wordpress\/plugins\/seo\/ -->\n<title>U. Cat\u00f3lica de Colombia fortalece su compromiso con la formaci\u00f3n investigativa internacional - Universidad Cat\u00f3lica De Colombia<\/title>\n<meta name=\"robots\" content=\"index, follow, max-snippet:-1, max-image-preview:large, max-video-preview:-1\" \/>\n<link rel=\"canonical\" href=\"https:\/\/www.ucatolica.edu.co\/portal\/u-catolica-de-colombia-fortalece-su-compromiso-con-la-formacion-investigativa-internacional\/\" \/>\n<meta property=\"og:locale\" content=\"es_ES\" \/>\n<meta property=\"og:type\" content=\"article\" \/>\n<meta property=\"og:title\" content=\"U. Cat\u00f3lica de Colombia fortalece su compromiso con la formaci\u00f3n investigativa internacional - Universidad Cat\u00f3lica De Colombia\" \/>\n<meta property=\"og:description\" content=\"El Programa Delf\u00edn promueve la vocaci\u00f3n cient\u00edfica de j\u00f3venes universitarios y contribuye a la formaci\u00f3n de capital humano en investigaci\u00f3n, desarrollo e innovaci\u00f3n tecnol\u00f3gica. A lo largo de 29 ediciones, ha vinculado a m\u00e1s de 87.000 estudiantes de diversas disciplinas y actualmente re\u00fane 322 instituciones de educaci\u00f3n superior de M\u00e9xico, Colombia, Brasil, Costa Rica, Ecuador, [&hellip;]\" \/>\n<meta property=\"og:url\" content=\"https:\/\/www.ucatolica.edu.co\/portal\/u-catolica-de-colombia-fortalece-su-compromiso-con-la-formacion-investigativa-internacional\/\" \/>\n<meta property=\"og:site_name\" content=\"Universidad Cat\u00f3lica De Colombia\" \/>\n<meta property=\"article:publisher\" content=\"https:\/\/www.facebook.com\/ucatolicacolombia\" \/>\n<meta property=\"article:published_time\" content=\"2025-11-21T15:36:31+00:00\" \/>\n<meta property=\"article:modified_time\" content=\"2025-11-21T15:46:58+00:00\" \/>\n<meta property=\"og:image\" content=\"https:\/\/www.ucatolica.edu.co\/portal\/wp-content\/uploads\/2025\/11\/Mujer-explicando-actividad-a-nino.jpg\" \/>\n\t<meta property=\"og:image:width\" content=\"870\" \/>\n\t<meta property=\"og:image:height\" content=\"522\" \/>\n\t<meta property=\"og:image:type\" content=\"image\/jpeg\" \/>\n<meta name=\"author\" content=\"Leidy Dayanna Jaramillo Tavera\" \/>\n<meta name=\"twitter:card\" content=\"summary_large_image\" \/>\n<meta name=\"twitter:creator\" content=\"@UCatolicaCol\" \/>\n<meta name=\"twitter:site\" content=\"@UCatolicaCol\" \/>\n<meta name=\"twitter:label1\" content=\"Escrito por\" \/>\n\t<meta name=\"twitter:data1\" content=\"Leidy Dayanna Jaramillo Tavera\" \/>\n\t<meta name=\"twitter:label2\" content=\"Tiempo de lectura\" \/>\n\t<meta name=\"twitter:data2\" content=\"2 minutos\" \/>\n<script type=\"application\/ld+json\" class=\"yoast-schema-graph\">{\"@context\":\"https:\/\/schema.org\",\"@graph\":[{\"@type\":\"Article\",\"@id\":\"https:\/\/www.ucatolica.edu.co\/portal\/u-catolica-de-colombia-fortalece-su-compromiso-con-la-formacion-investigativa-internacional\/#article\",\"isPartOf\":{\"@id\":\"https:\/\/www.ucatolica.edu.co\/portal\/u-catolica-de-colombia-fortalece-su-compromiso-con-la-formacion-investigativa-internacional\/\"},\"author\":{\"name\":\"Leidy Dayanna Jaramillo Tavera\",\"@id\":\"https:\/\/www.ucatolica.edu.co\/portal\/#\/schema\/person\/c03ebc5b4f80ce7b8947aa9ddece408a\"},\"headline\":\"U. Cat\u00f3lica de Colombia fortalece su compromiso con la formaci\u00f3n investigativa internacional\",\"datePublished\":\"2025-11-21T15:36:31+00:00\",\"dateModified\":\"2025-11-21T15:46:58+00:00\",\"mainEntityOfPage\":{\"@id\":\"https:\/\/www.ucatolica.edu.co\/portal\/u-catolica-de-colombia-fortalece-su-compromiso-con-la-formacion-investigativa-internacional\/\"},\"wordCount\":423,\"commentCount\":0,\"publisher\":{\"@id\":\"https:\/\/www.ucatolica.edu.co\/portal\/#organization\"},\"image\":{\"@id\":\"https:\/\/www.ucatolica.edu.co\/portal\/u-catolica-de-colombia-fortalece-su-compromiso-con-la-formacion-investigativa-internacional\/#primaryimage\"},\"thumbnailUrl\":\"https:\/\/www.ucatolica.edu.co\/portal\/wp-content\/uploads\/2025\/11\/Mujer-explicando-actividad-a-nino.jpg\",\"keywords\":[\"Internacionalizaci\u00f3n\",\"ORII\"],\"articleSection\":[\"Noticias Principales\"],\"inLanguage\":\"es-CO\"},{\"@type\":\"WebPage\",\"@id\":\"https:\/\/www.ucatolica.edu.co\/portal\/u-catolica-de-colombia-fortalece-su-compromiso-con-la-formacion-investigativa-internacional\/\",\"url\":\"https:\/\/www.ucatolica.edu.co\/portal\/u-catolica-de-colombia-fortalece-su-compromiso-con-la-formacion-investigativa-internacional\/\",\"name\":\"U. Cat\u00f3lica de Colombia fortalece su compromiso con la formaci\u00f3n investigativa internacional - Universidad Cat\u00f3lica De Colombia\",\"isPartOf\":{\"@id\":\"https:\/\/www.ucatolica.edu.co\/portal\/#website\"},\"primaryImageOfPage\":{\"@id\":\"https:\/\/www.ucatolica.edu.co\/portal\/u-catolica-de-colombia-fortalece-su-compromiso-con-la-formacion-investigativa-internacional\/#primaryimage\"},\"image\":{\"@id\":\"https:\/\/www.ucatolica.edu.co\/portal\/u-catolica-de-colombia-fortalece-su-compromiso-con-la-formacion-investigativa-internacional\/#primaryimage\"},\"thumbnailUrl\":\"https:\/\/www.ucatolica.edu.co\/portal\/wp-content\/uploads\/2025\/11\/Mujer-explicando-actividad-a-nino.jpg\",\"datePublished\":\"2025-11-21T15:36:31+00:00\",\"dateModified\":\"2025-11-21T15:46:58+00:00\",\"breadcrumb\":{\"@id\":\"https:\/\/www.ucatolica.edu.co\/portal\/u-catolica-de-colombia-fortalece-su-compromiso-con-la-formacion-investigativa-internacional\/#breadcrumb\"},\"inLanguage\":\"es-CO\",\"potentialAction\":[{\"@type\":\"ReadAction\",\"target\":[\"https:\/\/www.ucatolica.edu.co\/portal\/u-catolica-de-colombia-fortalece-su-compromiso-con-la-formacion-investigativa-internacional\/\"]}]},{\"@type\":\"ImageObject\",\"inLanguage\":\"es-CO\",\"@id\":\"https:\/\/www.ucatolica.edu.co\/portal\/u-catolica-de-colombia-fortalece-su-compromiso-con-la-formacion-investigativa-internacional\/#primaryimage\",\"url\":\"https:\/\/www.ucatolica.edu.co\/portal\/wp-content\/uploads\/2025\/11\/Mujer-explicando-actividad-a-nino.jpg\",\"contentUrl\":\"https:\/\/www.ucatolica.edu.co\/portal\/wp-content\/uploads\/2025\/11\/Mujer-explicando-actividad-a-nino.jpg\",\"width\":870,\"height\":522,\"caption\":\"Mujer explicando actividad a ni\u00f1o\"},{\"@type\":\"BreadcrumbList\",\"@id\":\"https:\/\/www.ucatolica.edu.co\/portal\/u-catolica-de-colombia-fortalece-su-compromiso-con-la-formacion-investigativa-internacional\/#breadcrumb\",\"itemListElement\":[{\"@type\":\"ListItem\",\"position\":1,\"name\":\"Inicio\",\"item\":\"https:\/\/www.ucatolica.edu.co\/portal\/\"},{\"@type\":\"ListItem\",\"position\":2,\"name\":\"U. Cat\u00f3lica de Colombia fortalece su compromiso con la formaci\u00f3n investigativa internacional\"}]},{\"@type\":\"WebSite\",\"@id\":\"https:\/\/www.ucatolica.edu.co\/portal\/#website\",\"url\":\"https:\/\/www.ucatolica.edu.co\/portal\/\",\"name\":\"Universidad Cat\u00f3lica De Colombia\",\"description\":\"Universidad Cat\u00f3lica De Colombia\",\"publisher\":{\"@id\":\"https:\/\/www.ucatolica.edu.co\/portal\/#organization\"},\"potentialAction\":[{\"@type\":\"SearchAction\",\"target\":{\"@type\":\"EntryPoint\",\"urlTemplate\":\"https:\/\/www.ucatolica.edu.co\/portal\/?s={search_term_string}\"},\"query-input\":{\"@type\":\"PropertyValueSpecification\",\"valueRequired\":true,\"valueName\":\"search_term_string\"}}],\"inLanguage\":\"es-CO\"},{\"@type\":\"Organization\",\"@id\":\"https:\/\/www.ucatolica.edu.co\/portal\/#organization\",\"name\":\"Universidad Cat\u00f3lica de Colombia\",\"url\":\"https:\/\/www.ucatolica.edu.co\/portal\/\",\"logo\":{\"@type\":\"ImageObject\",\"inLanguage\":\"es-CO\",\"@id\":\"https:\/\/www.ucatolica.edu.co\/portal\/#\/schema\/logo\/image\/\",\"url\":\"https:\/\/www.ucatolica.edu.co\/portal\/wp-content\/uploads\/2021\/06\/logo-header-ho-1.svg\",\"contentUrl\":\"https:\/\/www.ucatolica.edu.co\/portal\/wp-content\/uploads\/2021\/06\/logo-header-ho-1.svg\",\"width\":1,\"height\":1,\"caption\":\"Universidad Cat\u00f3lica de Colombia\"},\"image\":{\"@id\":\"https:\/\/www.ucatolica.edu.co\/portal\/#\/schema\/logo\/image\/\"},\"sameAs\":[\"https:\/\/www.facebook.com\/ucatolicacolombia\",\"https:\/\/x.com\/UCatolicaCol\",\"https:\/\/www.instagram.com\/universidadcatolicadecolombia\/\",\"https:\/\/www.linkedin.com\/company\/universidadcatolicadecolombia\/\",\"https:\/\/www.youtube.com\/user\/UCatolicaCo\"]},{\"@type\":\"Person\",\"@id\":\"https:\/\/www.ucatolica.edu.co\/portal\/#\/schema\/person\/c03ebc5b4f80ce7b8947aa9ddece408a\",\"name\":\"Leidy Dayanna Jaramillo Tavera\",\"url\":\"https:\/\/www.ucatolica.edu.co\/portal\/author\/dayana\/\"}]}<\/script>\n<!-- \/ Yoast SEO plugin. -->","yoast_head_json":{"title":"U. Cat\u00f3lica de Colombia fortalece su compromiso con la formaci\u00f3n investigativa internacional - Universidad Cat\u00f3lica De Colombia","robots":{"index":"index","follow":"follow","max-snippet":"max-snippet:-1","max-image-preview":"max-image-preview:large","max-video-preview":"max-video-preview:-1"},"canonical":"https:\/\/www.ucatolica.edu.co\/portal\/u-catolica-de-colombia-fortalece-su-compromiso-con-la-formacion-investigativa-internacional\/","og_locale":"es_ES","og_type":"article","og_title":"U. Cat\u00f3lica de Colombia fortalece su compromiso con la formaci\u00f3n investigativa internacional - Universidad Cat\u00f3lica De Colombia","og_description":"El Programa Delf\u00edn promueve la vocaci\u00f3n cient\u00edfica de j\u00f3venes universitarios y contribuye a la formaci\u00f3n de capital humano en investigaci\u00f3n, desarrollo e innovaci\u00f3n tecnol\u00f3gica. A lo largo de 29 ediciones, ha vinculado a m\u00e1s de 87.000 estudiantes de diversas disciplinas y actualmente re\u00fane 322 instituciones de educaci\u00f3n superior de M\u00e9xico, Colombia, Brasil, Costa Rica, Ecuador, [&hellip;]","og_url":"https:\/\/www.ucatolica.edu.co\/portal\/u-catolica-de-colombia-fortalece-su-compromiso-con-la-formacion-investigativa-internacional\/","og_site_name":"Universidad Cat\u00f3lica De Colombia","article_publisher":"https:\/\/www.facebook.com\/ucatolicacolombia","article_published_time":"2025-11-21T15:36:31+00:00","article_modified_time":"2025-11-21T15:46:58+00:00","og_image":[{"width":870,"height":522,"url":"https:\/\/www.ucatolica.edu.co\/portal\/wp-content\/uploads\/2025\/11\/Mujer-explicando-actividad-a-nino.jpg","type":"image\/jpeg"}],"author":"Leidy Dayanna Jaramillo Tavera","twitter_card":"summary_large_image","twitter_creator":"@UCatolicaCol","twitter_site":"@UCatolicaCol","twitter_misc":{"Escrito por":"Leidy Dayanna Jaramillo Tavera","Tiempo de lectura":"2 minutos"},"schema":{"@context":"https:\/\/schema.org","@graph":[{"@type":"Article","@id":"https:\/\/www.ucatolica.edu.co\/portal\/u-catolica-de-colombia-fortalece-su-compromiso-con-la-formacion-investigativa-internacional\/#article","isPartOf":{"@id":"https:\/\/www.ucatolica.edu.co\/portal\/u-catolica-de-colombia-fortalece-su-compromiso-con-la-formacion-investigativa-internacional\/"},"author":{"name":"Leidy Dayanna Jaramillo Tavera","@id":"https:\/\/www.ucatolica.edu.co\/portal\/#\/schema\/person\/c03ebc5b4f80ce7b8947aa9ddece408a"},"headline":"U. Cat\u00f3lica de Colombia fortalece su compromiso con la formaci\u00f3n investigativa internacional","datePublished":"2025-11-21T15:36:31+00:00","dateModified":"2025-11-21T15:46:58+00:00","mainEntityOfPage":{"@id":"https:\/\/www.ucatolica.edu.co\/portal\/u-catolica-de-colombia-fortalece-su-compromiso-con-la-formacion-investigativa-internacional\/"},"wordCount":423,"commentCount":0,"publisher":{"@id":"https:\/\/www.ucatolica.edu.co\/portal\/#organization"},"image":{"@id":"https:\/\/www.ucatolica.edu.co\/portal\/u-catolica-de-colombia-fortalece-su-compromiso-con-la-formacion-investigativa-internacional\/#primaryimage"},"thumbnailUrl":"https:\/\/www.ucatolica.edu.co\/portal\/wp-content\/uploads\/2025\/11\/Mujer-explicando-actividad-a-nino.jpg","keywords":["Internacionalizaci\u00f3n","ORII"],"articleSection":["Noticias Principales"],"inLanguage":"es-CO"},{"@type":"WebPage","@id":"https:\/\/www.ucatolica.edu.co\/portal\/u-catolica-de-colombia-fortalece-su-compromiso-con-la-formacion-investigativa-internacional\/","url":"https:\/\/www.ucatolica.edu.co\/portal\/u-catolica-de-colombia-fortalece-su-compromiso-con-la-formacion-investigativa-internacional\/","name":"U. Cat\u00f3lica de Colombia fortalece su compromiso con la formaci\u00f3n investigativa internacional - Universidad Cat\u00f3lica De Colombia","isPartOf":{"@id":"https:\/\/www.ucatolica.edu.co\/portal\/#website"},"primaryImageOfPage":{"@id":"https:\/\/www.ucatolica.edu.co\/portal\/u-catolica-de-colombia-fortalece-su-compromiso-con-la-formacion-investigativa-internacional\/#primaryimage"},"image":{"@id":"https:\/\/www.ucatolica.edu.co\/portal\/u-catolica-de-colombia-fortalece-su-compromiso-con-la-formacion-investigativa-internacional\/#primaryimage"},"thumbnailUrl":"https:\/\/www.ucatolica.edu.co\/portal\/wp-content\/uploads\/2025\/11\/Mujer-explicando-actividad-a-nino.jpg","datePublished":"2025-11-21T15:36:31+00:00","dateModified":"2025-11-21T15:46:58+00:00","breadcrumb":{"@id":"https:\/\/www.ucatolica.edu.co\/portal\/u-catolica-de-colombia-fortalece-su-compromiso-con-la-formacion-investigativa-internacional\/#breadcrumb"},"inLanguage":"es-CO","potentialAction":[{"@type":"ReadAction","target":["https:\/\/www.ucatolica.edu.co\/portal\/u-catolica-de-colombia-fortalece-su-compromiso-con-la-formacion-investigativa-internacional\/"]}]},{"@type":"ImageObject","inLanguage":"es-CO","@id":"https:\/\/www.ucatolica.edu.co\/portal\/u-catolica-de-colombia-fortalece-su-compromiso-con-la-formacion-investigativa-internacional\/#primaryimage","url":"https:\/\/www.ucatolica.edu.co\/portal\/wp-content\/uploads\/2025\/11\/Mujer-explicando-actividad-a-nino.jpg","contentUrl":"https:\/\/www.ucatolica.edu.co\/portal\/wp-content\/uploads\/2025\/11\/Mujer-explicando-actividad-a-nino.jpg","width":870,"height":522,"caption":"Mujer explicando actividad a ni\u00f1o"},{"@type":"BreadcrumbList","@id":"https:\/\/www.ucatolica.edu.co\/portal\/u-catolica-de-colombia-fortalece-su-compromiso-con-la-formacion-investigativa-internacional\/#breadcrumb","itemListElement":[{"@type":"ListItem","position":1,"name":"Inicio","item":"https:\/\/www.ucatolica.edu.co\/portal\/"},{"@type":"ListItem","position":2,"name":"U. Cat\u00f3lica de Colombia fortalece su compromiso con la formaci\u00f3n investigativa internacional"}]},{"@type":"WebSite","@id":"https:\/\/www.ucatolica.edu.co\/portal\/#website","url":"https:\/\/www.ucatolica.edu.co\/portal\/","name":"Universidad Cat\u00f3lica De Colombia","description":"Universidad Cat\u00f3lica De Colombia","publisher":{"@id":"https:\/\/www.ucatolica.edu.co\/portal\/#organization"},"potentialAction":[{"@type":"SearchAction","target":{"@type":"EntryPoint","urlTemplate":"https:\/\/www.ucatolica.edu.co\/portal\/?s={search_term_string}"},"query-input":{"@type":"PropertyValueSpecification","valueRequired":true,"valueName":"search_term_string"}}],"inLanguage":"es-CO"},{"@type":"Organization","@id":"https:\/\/www.ucatolica.edu.co\/portal\/#organization","name":"Universidad Cat\u00f3lica de Colombia","url":"https:\/\/www.ucatolica.edu.co\/portal\/","logo":{"@type":"ImageObject","inLanguage":"es-CO","@id":"https:\/\/www.ucatolica.edu.co\/portal\/#\/schema\/logo\/image\/","url":"https:\/\/www.ucatolica.edu.co\/portal\/wp-content\/uploads\/2021\/06\/logo-header-ho-1.svg","contentUrl":"https:\/\/www.ucatolica.edu.co\/portal\/wp-content\/uploads\/2021\/06\/logo-header-ho-1.svg","width":1,"height":1,"caption":"Universidad Cat\u00f3lica de Colombia"},"image":{"@id":"https:\/\/www.ucatolica.edu.co\/portal\/#\/schema\/logo\/image\/"},"sameAs":["https:\/\/www.facebook.com\/ucatolicacolombia","https:\/\/x.com\/UCatolicaCol","https:\/\/www.instagram.com\/universidadcatolicadecolombia\/","https:\/\/www.linkedin.com\/company\/universidadcatolicadecolombia\/","https:\/\/www.youtube.com\/user\/UCatolicaCo"]},{"@type":"Person","@id":"https:\/\/www.ucatolica.edu.co\/portal\/#\/schema\/person\/c03ebc5b4f80ce7b8947aa9ddece408a","name":"Leidy Dayanna Jaramillo Tavera","url":"https:\/\/www.ucatolica.edu.co\/portal\/author\/dayana\/"}]}},"author_meta":{"display_name":"Leidy Dayanna Jaramillo Tavera","author_link":"https:\/\/www.ucatolica.edu.co\/portal\/author\/dayana\/"},"featured_img":"https:\/\/www.ucatolica.edu.co\/portal\/wp-content\/uploads\/2025\/11\/Mujer-explicando-actividad-a-nino.jpg","coauthors":[],"tax_additional":{"categories":{"linked":["<a href=\"https:\/\/www.ucatolica.edu.co\/portal\/category\/noticias-principales\/\" class=\"advgb-post-tax-term\">Noticias Principales<\/a>"],"unlinked":["<span class=\"advgb-post-tax-term\">Noticias Principales<\/span>"]},"tags":{"linked":["<a href=\"https:\/\/www.ucatolica.edu.co\/portal\/category\/noticias-principales\/\" class=\"advgb-post-tax-term\">Internacionalizaci\u00f3n<\/a>","<a href=\"https:\/\/www.ucatolica.edu.co\/portal\/category\/noticias-principales\/\" class=\"advgb-post-tax-term\">ORII<\/a>"],"unlinked":["<span class=\"advgb-post-tax-term\">Internacionalizaci\u00f3n<\/span>","<span class=\"advgb-post-tax-term\">ORII<\/span>"]}},"comment_count":"0","relative_dates":{"created":"Posted 5 meses ago","modified":"Updated 5 meses ago"},"absolute_dates":{"created":"Posted on 21 noviembre, 2025","modified":"Updated on 21 noviembre, 2025"},"absolute_dates_time":{"created":"Posted on 21 noviembre, 2025 10:36 am","modified":"Updated on 21 noviembre, 2025 10:46 am"},"featured_img_caption":"","series_order":"","_links":{"self":[{"href":"https:\/\/www.ucatolica.edu.co\/portal\/wp-json\/wp\/v2\/posts\/127582","targetHints":{"allow":["GET"]}}],"collection":[{"href":"https:\/\/www.ucatolica.edu.co\/portal\/wp-json\/wp\/v2\/posts"}],"about":[{"href":"https:\/\/www.ucatolica.edu.co\/portal\/wp-json\/wp\/v2\/types\/post"}],"author":[{"embeddable":true,"href":"https:\/\/www.ucatolica.edu.co\/portal\/wp-json\/wp\/v2\/users\/61"}],"replies":[{"embeddable":true,"href":"https:\/\/www.ucatolica.edu.co\/portal\/wp-json\/wp\/v2\/comments?post=127582"}],"version-history":[{"count":2,"href":"https:\/\/www.ucatolica.edu.co\/portal\/wp-json\/wp\/v2\/posts\/127582\/revisions"}],"predecessor-version":[{"id":127593,"href":"https:\/\/www.ucatolica.edu.co\/portal\/wp-json\/wp\/v2\/posts\/127582\/revisions\/127593"}],"wp:featuredmedia":[{"embeddable":true,"href":"https:\/\/www.ucatolica.edu.co\/portal\/wp-json\/wp\/v2\/media\/127591"}],"wp:attachment":[{"href":"https:\/\/www.ucatolica.edu.co\/portal\/wp-json\/wp\/v2\/media?parent=127582"}],"wp:term":[{"taxonomy":"category","embeddable":true,"href":"https:\/\/www.ucatolica.edu.co\/portal\/wp-json\/wp\/v2\/categories?post=127582"},{"taxonomy":"post_tag","embeddable":true,"href":"https:\/\/www.ucatolica.edu.co\/portal\/wp-json\/wp\/v2\/tags?post=127582"}],"curies":[{"name":"wp","href":"https:\/\/api.w.org\/{rel}","templated":true}]}}