{"id":127626,"date":"2025-11-21T17:29:58","date_gmt":"2025-11-21T22:29:58","guid":{"rendered":"https:\/\/www.ucatolica.edu.co\/portal\/?p=127626"},"modified":"2025-11-24T09:50:03","modified_gmt":"2025-11-24T14:50:03","slug":"inscripciones-abiertas-para-los-cursos-de-verano-de-la-facultad-de-ingenieria-2025-iv","status":"publish","type":"post","link":"https:\/\/www.ucatolica.edu.co\/portal\/inscripciones-abiertas-para-los-cursos-de-verano-de-la-facultad-de-ingenieria-2025-iv\/","title":{"rendered":"\u00a1Inscripciones abiertas para los Cursos de Verano de la Facultad de Ingenier\u00eda 2025-IV!"},"content":{"rendered":"\n<p>La <strong>Coordinaci\u00f3n de Educaci\u00f3n Continuada y la Facultad de Ingenier\u00eda de la Universidad Cat\u00f3lica de Colombia<\/strong> invitan a la comunidad acad\u00e9mica a participar en los<strong> Cursos de Verano<\/strong> que se ofertan para el periodo de diciembre de 2025. Estos cursos se desarrollar\u00e1n en modalidad online y presencial, y est\u00e1n dirigidos a estudiantes, profesores, administrativos y egresados de la Instituci\u00f3n. En caso de requerir constancia de asistencia, deben consultar los costos de inversi\u00f3n al tel\u00e9fono 4433700, Exts. 3292 y 1090; al WhatsApp 3183240520; o escribir al correo <strong><a>educacion_continuada@ucatolica.edu.co<\/a><\/strong>.<\/p>\n\n\n\n<p>Lo anterior no es v\u00e1lido para particulares, a quienes <strong>se les expedir\u00e1 recibo de pago acorde con los costos de inversi\u00f3n.<\/strong><\/p>\n\n\n\n<p>Nota: \u201cEstos costos no est\u00e1n sujetos a la aplicaci\u00f3n de descuentos por tratarse de tarifas \u00fanicas para la comunidad interna y externa\u201d.<\/p>\n\n\n\n<h2 class=\"wp-block-heading\">La oferta acad\u00e9mica es la siguiente:<\/h2>\n\n\n\n<figure class=\"wp-block-table\"><table class=\"has-fixed-layout\"><tbody><tr><td><strong>Nombre del Curso<\/strong><\/td><td><strong>N\u00famero de Horas<\/strong><\/td><td><strong>Fecha inicio&nbsp;<\/strong><\/td><td><strong>Fecha fin<\/strong><\/td><td><strong>Horario<\/strong><\/td><td><strong>&nbsp;<\/strong> <strong>Franja<\/strong><\/td><td><strong>Modalidad<\/strong><\/td><\/tr><tr><td>Aprende IA con Python<\/td><td>20<\/td><td>1\/12\/2025<\/td><td>16\/12\/2025<\/td><td>6 p.m. a 8 p.m.<\/td><td>Lunes, Martes, Mi\u00e9rcoles, Jueves y Viernes<\/td><td>Virtual<\/td><\/tr><tr><td>Desarrollo de Software con Java<\/td><td>22<\/td><td>1\/12\/2025<\/td><td>17\/12\/2025<\/td><td>6 p.m. a 8 p.m.<\/td><td>Lunes, Martes, Mi\u00e9rcoles, Jueves y Viernes<\/td><td>Virtual<\/td><\/tr><tr><td>Multisim<\/td><td>20<\/td><td>1\/12\/2025<\/td><td>16\/12\/2025<\/td><td>9:00 a 11:00<\/td><td>Lunes a Viernes<\/td><td>Remoto<\/td><\/tr><tr><td>Introducci\u00f3n al Dise\u00f1o y Construcci\u00f3n de Pisos Industriales y Pavimentos en Concreto<\/td><td>15<\/td><td>1\/12\/2025<\/td><td>5\/12\/2025<\/td><td>18:00 &#8211; 21:00<\/td><td>Lunes a Viernes<\/td><td>Remoto<\/td><\/tr><tr><td>Estad\u00edstica multivariada con Python<\/td><td>10<\/td><td>1\/12\/2025<\/td><td>5\/12\/2025<\/td><td>6 p.m. a 8 p.m.<\/td><td>Lunes, Martes, Miercoles, Jueves y Viernes<\/td><td>Virtual<\/td><\/tr><tr><td>TIA Portal<\/td><td>18<\/td><td>3\/12\/2025<\/td><td>12\/12\/2025<\/td><td>3:00 pm- 6:00 pm<\/td><td>Lunes a Viernes<\/td><td>Remoto<\/td><\/tr><tr><td>Metodologia de la Investigaci\u00f3n:&nbsp; (para proyectos orientados a Interventoria\/Financiero)<\/td><td>12<\/td><td>3\/12\/2025<\/td><td>11\/12\/2025<\/td><td>8:00 am &#8211; 11:00 am<\/td><td>miercoles, jueves<\/td><td>Presencial<\/td><\/tr><tr><td>Metodologia de la Investigaci\u00f3n: (para anteproyectos orientados<br>PMI\/Interventoria)<\/td><td>12<\/td><td>4\/12\/2025<\/td><td>12\/12\/2025<\/td><td>6:00 pm &#8211; 9:00 pm<\/td><td>jueves, viernes<\/td><td>Presencial<\/td><\/tr><tr><td>Metodologia de la Investigaci\u00f3n:&nbsp; (para proyectos orientados a BIM\/PMI\/Interventoria)<\/td><td>12<\/td><td>6\/12\/2025<\/td><td>13\/12\/2025<\/td><td>9:00 am &#8211; 12:00 pm<br>1:00 pm &#8211; 4:00 pm<\/td><td>S\u00e1bado<\/td><td>Presencial<\/td><\/tr><tr><td>Modelaci\u00f3n hidr\u00e1ulica a superficie libre y socavaci\u00f3n con Hec &#8211; Ras<\/td><td>12<\/td><td>12\/12\/2025<\/td><td>13\/12\/2025<\/td><td>Vi 6:00pm a 10:00pm<br>Sa 8:00am &#8211; 12:00m y 1:00pm a 5:00pm<\/td><td>Viernes y s\u00e1bado<\/td><td>Presencial<\/td><\/tr><tr><td>Gesti\u00f3n Estrat\u00e9gica de Costos<\/td><td>20<\/td><td>13\/01\/2026<\/td><td>19\/01\/2026<\/td><td>8:00 a.m. &#8211; 12:00 m.<\/td><td>Lunes a Viernes<\/td><td>Presencial<\/td><\/tr><tr><td>An\u00e1lisis y dise\u00f1o b\u00e1sico de edificios de concreto reforzado en SAP2000<\/td><td>16<\/td><td>13\/01\/2026<\/td><td>19\/01\/2026<\/td><td>6:00 pm &#8211; 10:00 pm<\/td><td>Lunes a Jueves<\/td><td>H\u00edbrida<\/td><\/tr><tr><td>Fundamentos de la seguridad<\/td><td>10<\/td><td>19\/01\/2026<\/td><td>23\/01\/2026<\/td><td>10:00 am a 12:00 pm<\/td><td>Lunes a Viernes<\/td><td>Remoto<\/td><\/tr><\/tbody><\/table><\/figure>\n\n\n\n<p>Las personas interesadas pueden inscribirse <a href=\"https:\/\/forms.office.com\/pages\/responsepage.aspx?id=SHEi1DBJBk-LqghF_1flQRAGxr5a1shHqS2VZzsCnvVUMDgwS1E3U09DUDI2RUdVR0wyTjJVOUZCVSQlQCNjPTEu&amp;route=shorturl\">haciendo clic aqu\u00ed<\/a>. <\/p>\n\n\n\n<p><strong>La Universidad Cat\u00f3lica de Colombia podr\u00e1 cancelar o posponer la realizaci\u00f3n del evento cuando no se alcance el n\u00famero m\u00ednimo de participantes.<\/strong><\/p>\n\n\n\n<p><strong>Informes:<\/strong><br>Direcci\u00f3n de Extensi\u00f3n \u2013 Coordinaci\u00f3n de Educaci\u00f3n Continuada<br>(601) 4433700, Exts. 3292 \u2013 1090<br>Cel. 3183240520 (WhatsApp)<br>Diagonal 46 No. 15B \u2013 18, Bogot\u00e1, Colombia<\/p>\n","protected":false},"excerpt":{"rendered":"<p>La Coordinaci\u00f3n de Educaci\u00f3n Continuada y la Facultad de Ingenier\u00eda de la Universidad Cat\u00f3lica de Colombia invitan a la comunidad acad\u00e9mica a participar en los Cursos de Verano que se ofertan para el periodo de diciembre de 2025. Estos cursos se desarrollar\u00e1n en modalidad online y presencial, y est\u00e1n dirigidos a estudiantes, profesores, administrativos y [&hellip;]<\/p>\n","protected":false},"author":65,"featured_media":127633,"comment_status":"open","ping_status":"open","sticky":false,"template":"","format":"standard","meta":{"_acf_changed":false,"advgb_blocks_editor_width":"","advgb_blocks_columns_visual_guide":"","footnotes":""},"categories":[93],"tags":[1217,483,1977],"class_list":["post-127626","post","type-post","status-publish","format-standard","has-post-thumbnail","hentry","category-noticias-principales","tag-cursos-de-verano","tag-facultad-de-ingenieria","tag-oferta-academica"],"acf":[],"yoast_head":"<!-- This site is optimized with the Yoast SEO plugin v26.7 - https:\/\/yoast.com\/wordpress\/plugins\/seo\/ -->\n<title>\u00a1Inscripciones abiertas para los Cursos de Verano de la Facultad de Ingenier\u00eda 2025-IV! - Universidad Cat\u00f3lica De Colombia<\/title>\n<meta name=\"robots\" content=\"index, follow, max-snippet:-1, max-image-preview:large, max-video-preview:-1\" \/>\n<link rel=\"canonical\" href=\"https:\/\/www.ucatolica.edu.co\/portal\/inscripciones-abiertas-para-los-cursos-de-verano-de-la-facultad-de-ingenieria-2025-iv\/\" \/>\n<meta property=\"og:locale\" content=\"es_ES\" \/>\n<meta property=\"og:type\" content=\"article\" \/>\n<meta property=\"og:title\" content=\"\u00a1Inscripciones abiertas para los Cursos de Verano de la Facultad de Ingenier\u00eda 2025-IV! - Universidad Cat\u00f3lica De Colombia\" \/>\n<meta property=\"og:description\" content=\"La Coordinaci\u00f3n de Educaci\u00f3n Continuada y la Facultad de Ingenier\u00eda de la Universidad Cat\u00f3lica de Colombia invitan a la comunidad acad\u00e9mica a participar en los Cursos de Verano que se ofertan para el periodo de diciembre de 2025. Estos cursos se desarrollar\u00e1n en modalidad online y presencial, y est\u00e1n dirigidos a estudiantes, profesores, administrativos y [&hellip;]\" \/>\n<meta property=\"og:url\" content=\"https:\/\/www.ucatolica.edu.co\/portal\/inscripciones-abiertas-para-los-cursos-de-verano-de-la-facultad-de-ingenieria-2025-iv\/\" \/>\n<meta property=\"og:site_name\" content=\"Universidad Cat\u00f3lica De Colombia\" \/>\n<meta property=\"article:publisher\" content=\"https:\/\/www.facebook.com\/ucatolicacolombia\" \/>\n<meta property=\"article:published_time\" content=\"2025-11-21T22:29:58+00:00\" \/>\n<meta property=\"article:modified_time\" content=\"2025-11-24T14:50:03+00:00\" \/>\n<meta property=\"og:image\" content=\"https:\/\/www.ucatolica.edu.co\/portal\/wp-content\/uploads\/2025\/11\/Cursos-de-Verano-de-Ingenieria-en-la-UCatolicaCo.jpg\" \/>\n\t<meta property=\"og:image:width\" content=\"870\" \/>\n\t<meta property=\"og:image:height\" content=\"522\" \/>\n\t<meta property=\"og:image:type\" content=\"image\/jpeg\" \/>\n<meta name=\"author\" content=\"Juan Jos\u00e9 Franco\" \/>\n<meta name=\"twitter:card\" content=\"summary_large_image\" \/>\n<meta name=\"twitter:creator\" content=\"@UCatolicaCol\" \/>\n<meta name=\"twitter:site\" content=\"@UCatolicaCol\" \/>\n<meta name=\"twitter:label1\" content=\"Escrito por\" \/>\n\t<meta name=\"twitter:data1\" content=\"Juan Jos\u00e9 Franco\" \/>\n\t<meta name=\"twitter:label2\" content=\"Tiempo de lectura\" \/>\n\t<meta name=\"twitter:data2\" content=\"2 minutos\" \/>\n<script type=\"application\/ld+json\" class=\"yoast-schema-graph\">{\"@context\":\"https:\/\/schema.org\",\"@graph\":[{\"@type\":\"Article\",\"@id\":\"https:\/\/www.ucatolica.edu.co\/portal\/inscripciones-abiertas-para-los-cursos-de-verano-de-la-facultad-de-ingenieria-2025-iv\/#article\",\"isPartOf\":{\"@id\":\"https:\/\/www.ucatolica.edu.co\/portal\/inscripciones-abiertas-para-los-cursos-de-verano-de-la-facultad-de-ingenieria-2025-iv\/\"},\"author\":{\"name\":\"Juan Jos\u00e9 Franco\",\"@id\":\"https:\/\/www.ucatolica.edu.co\/portal\/#\/schema\/person\/2fe10d3836c8b18a520cbf458d96a728\"},\"headline\":\"\u00a1Inscripciones abiertas para los Cursos de Verano de la Facultad de Ingenier\u00eda 2025-IV!\",\"datePublished\":\"2025-11-21T22:29:58+00:00\",\"dateModified\":\"2025-11-24T14:50:03+00:00\",\"mainEntityOfPage\":{\"@id\":\"https:\/\/www.ucatolica.edu.co\/portal\/inscripciones-abiertas-para-los-cursos-de-verano-de-la-facultad-de-ingenieria-2025-iv\/\"},\"wordCount\":452,\"commentCount\":0,\"publisher\":{\"@id\":\"https:\/\/www.ucatolica.edu.co\/portal\/#organization\"},\"image\":{\"@id\":\"https:\/\/www.ucatolica.edu.co\/portal\/inscripciones-abiertas-para-los-cursos-de-verano-de-la-facultad-de-ingenieria-2025-iv\/#primaryimage\"},\"thumbnailUrl\":\"https:\/\/www.ucatolica.edu.co\/portal\/wp-content\/uploads\/2025\/11\/Cursos-de-Verano-de-Ingenieria-en-la-UCatolicaCo.jpg\",\"keywords\":[\"Cursos de Verano\",\"Facultad de Ingenier\u00eda\",\"Oferta Acad\u00e9mica\"],\"articleSection\":[\"Noticias Principales\"],\"inLanguage\":\"es-CO\"},{\"@type\":\"WebPage\",\"@id\":\"https:\/\/www.ucatolica.edu.co\/portal\/inscripciones-abiertas-para-los-cursos-de-verano-de-la-facultad-de-ingenieria-2025-iv\/\",\"url\":\"https:\/\/www.ucatolica.edu.co\/portal\/inscripciones-abiertas-para-los-cursos-de-verano-de-la-facultad-de-ingenieria-2025-iv\/\",\"name\":\"\u00a1Inscripciones abiertas para los Cursos de Verano de la Facultad de Ingenier\u00eda 2025-IV! - Universidad Cat\u00f3lica De Colombia\",\"isPartOf\":{\"@id\":\"https:\/\/www.ucatolica.edu.co\/portal\/#website\"},\"primaryImageOfPage\":{\"@id\":\"https:\/\/www.ucatolica.edu.co\/portal\/inscripciones-abiertas-para-los-cursos-de-verano-de-la-facultad-de-ingenieria-2025-iv\/#primaryimage\"},\"image\":{\"@id\":\"https:\/\/www.ucatolica.edu.co\/portal\/inscripciones-abiertas-para-los-cursos-de-verano-de-la-facultad-de-ingenieria-2025-iv\/#primaryimage\"},\"thumbnailUrl\":\"https:\/\/www.ucatolica.edu.co\/portal\/wp-content\/uploads\/2025\/11\/Cursos-de-Verano-de-Ingenieria-en-la-UCatolicaCo.jpg\",\"datePublished\":\"2025-11-21T22:29:58+00:00\",\"dateModified\":\"2025-11-24T14:50:03+00:00\",\"breadcrumb\":{\"@id\":\"https:\/\/www.ucatolica.edu.co\/portal\/inscripciones-abiertas-para-los-cursos-de-verano-de-la-facultad-de-ingenieria-2025-iv\/#breadcrumb\"},\"inLanguage\":\"es-CO\",\"potentialAction\":[{\"@type\":\"ReadAction\",\"target\":[\"https:\/\/www.ucatolica.edu.co\/portal\/inscripciones-abiertas-para-los-cursos-de-verano-de-la-facultad-de-ingenieria-2025-iv\/\"]}]},{\"@type\":\"ImageObject\",\"inLanguage\":\"es-CO\",\"@id\":\"https:\/\/www.ucatolica.edu.co\/portal\/inscripciones-abiertas-para-los-cursos-de-verano-de-la-facultad-de-ingenieria-2025-iv\/#primaryimage\",\"url\":\"https:\/\/www.ucatolica.edu.co\/portal\/wp-content\/uploads\/2025\/11\/Cursos-de-Verano-de-Ingenieria-en-la-UCatolicaCo.jpg\",\"contentUrl\":\"https:\/\/www.ucatolica.edu.co\/portal\/wp-content\/uploads\/2025\/11\/Cursos-de-Verano-de-Ingenieria-en-la-UCatolicaCo.jpg\",\"width\":870,\"height\":522,\"caption\":\"Cursos de Verano de Ingenier\u00eda en la UCat\u00f3licaCo\"},{\"@type\":\"BreadcrumbList\",\"@id\":\"https:\/\/www.ucatolica.edu.co\/portal\/inscripciones-abiertas-para-los-cursos-de-verano-de-la-facultad-de-ingenieria-2025-iv\/#breadcrumb\",\"itemListElement\":[{\"@type\":\"ListItem\",\"position\":1,\"name\":\"Inicio\",\"item\":\"https:\/\/www.ucatolica.edu.co\/portal\/\"},{\"@type\":\"ListItem\",\"position\":2,\"name\":\"\u00a1Inscripciones abiertas para los Cursos de Verano de la Facultad de Ingenier\u00eda 2025-IV!\"}]},{\"@type\":\"WebSite\",\"@id\":\"https:\/\/www.ucatolica.edu.co\/portal\/#website\",\"url\":\"https:\/\/www.ucatolica.edu.co\/portal\/\",\"name\":\"Universidad Cat\u00f3lica De Colombia\",\"description\":\"Universidad Cat\u00f3lica De Colombia\",\"publisher\":{\"@id\":\"https:\/\/www.ucatolica.edu.co\/portal\/#organization\"},\"potentialAction\":[{\"@type\":\"SearchAction\",\"target\":{\"@type\":\"EntryPoint\",\"urlTemplate\":\"https:\/\/www.ucatolica.edu.co\/portal\/?s={search_term_string}\"},\"query-input\":{\"@type\":\"PropertyValueSpecification\",\"valueRequired\":true,\"valueName\":\"search_term_string\"}}],\"inLanguage\":\"es-CO\"},{\"@type\":\"Organization\",\"@id\":\"https:\/\/www.ucatolica.edu.co\/portal\/#organization\",\"name\":\"Universidad Cat\u00f3lica de Colombia\",\"url\":\"https:\/\/www.ucatolica.edu.co\/portal\/\",\"logo\":{\"@type\":\"ImageObject\",\"inLanguage\":\"es-CO\",\"@id\":\"https:\/\/www.ucatolica.edu.co\/portal\/#\/schema\/logo\/image\/\",\"url\":\"https:\/\/www.ucatolica.edu.co\/portal\/wp-content\/uploads\/2021\/06\/logo-header-ho-1.svg\",\"contentUrl\":\"https:\/\/www.ucatolica.edu.co\/portal\/wp-content\/uploads\/2021\/06\/logo-header-ho-1.svg\",\"width\":1,\"height\":1,\"caption\":\"Universidad Cat\u00f3lica de Colombia\"},\"image\":{\"@id\":\"https:\/\/www.ucatolica.edu.co\/portal\/#\/schema\/logo\/image\/\"},\"sameAs\":[\"https:\/\/www.facebook.com\/ucatolicacolombia\",\"https:\/\/x.com\/UCatolicaCol\",\"https:\/\/www.instagram.com\/universidadcatolicadecolombia\/\",\"https:\/\/www.linkedin.com\/company\/universidadcatolicadecolombia\/\",\"https:\/\/www.youtube.com\/user\/UCatolicaCo\"]},{\"@type\":\"Person\",\"@id\":\"https:\/\/www.ucatolica.edu.co\/portal\/#\/schema\/person\/2fe10d3836c8b18a520cbf458d96a728\",\"name\":\"Juan Jos\u00e9 Franco\",\"url\":\"https:\/\/www.ucatolica.edu.co\/portal\/author\/juan\/\"}]}<\/script>\n<!-- \/ Yoast SEO plugin. -->","yoast_head_json":{"title":"\u00a1Inscripciones abiertas para los Cursos de Verano de la Facultad de Ingenier\u00eda 2025-IV! - Universidad Cat\u00f3lica De Colombia","robots":{"index":"index","follow":"follow","max-snippet":"max-snippet:-1","max-image-preview":"max-image-preview:large","max-video-preview":"max-video-preview:-1"},"canonical":"https:\/\/www.ucatolica.edu.co\/portal\/inscripciones-abiertas-para-los-cursos-de-verano-de-la-facultad-de-ingenieria-2025-iv\/","og_locale":"es_ES","og_type":"article","og_title":"\u00a1Inscripciones abiertas para los Cursos de Verano de la Facultad de Ingenier\u00eda 2025-IV! - Universidad Cat\u00f3lica De Colombia","og_description":"La Coordinaci\u00f3n de Educaci\u00f3n Continuada y la Facultad de Ingenier\u00eda de la Universidad Cat\u00f3lica de Colombia invitan a la comunidad acad\u00e9mica a participar en los Cursos de Verano que se ofertan para el periodo de diciembre de 2025. Estos cursos se desarrollar\u00e1n en modalidad online y presencial, y est\u00e1n dirigidos a estudiantes, profesores, administrativos y [&hellip;]","og_url":"https:\/\/www.ucatolica.edu.co\/portal\/inscripciones-abiertas-para-los-cursos-de-verano-de-la-facultad-de-ingenieria-2025-iv\/","og_site_name":"Universidad Cat\u00f3lica De Colombia","article_publisher":"https:\/\/www.facebook.com\/ucatolicacolombia","article_published_time":"2025-11-21T22:29:58+00:00","article_modified_time":"2025-11-24T14:50:03+00:00","og_image":[{"width":870,"height":522,"url":"https:\/\/www.ucatolica.edu.co\/portal\/wp-content\/uploads\/2025\/11\/Cursos-de-Verano-de-Ingenieria-en-la-UCatolicaCo.jpg","type":"image\/jpeg"}],"author":"Juan Jos\u00e9 Franco","twitter_card":"summary_large_image","twitter_creator":"@UCatolicaCol","twitter_site":"@UCatolicaCol","twitter_misc":{"Escrito por":"Juan Jos\u00e9 Franco","Tiempo de lectura":"2 minutos"},"schema":{"@context":"https:\/\/schema.org","@graph":[{"@type":"Article","@id":"https:\/\/www.ucatolica.edu.co\/portal\/inscripciones-abiertas-para-los-cursos-de-verano-de-la-facultad-de-ingenieria-2025-iv\/#article","isPartOf":{"@id":"https:\/\/www.ucatolica.edu.co\/portal\/inscripciones-abiertas-para-los-cursos-de-verano-de-la-facultad-de-ingenieria-2025-iv\/"},"author":{"name":"Juan Jos\u00e9 Franco","@id":"https:\/\/www.ucatolica.edu.co\/portal\/#\/schema\/person\/2fe10d3836c8b18a520cbf458d96a728"},"headline":"\u00a1Inscripciones abiertas para los Cursos de Verano de la Facultad de Ingenier\u00eda 2025-IV!","datePublished":"2025-11-21T22:29:58+00:00","dateModified":"2025-11-24T14:50:03+00:00","mainEntityOfPage":{"@id":"https:\/\/www.ucatolica.edu.co\/portal\/inscripciones-abiertas-para-los-cursos-de-verano-de-la-facultad-de-ingenieria-2025-iv\/"},"wordCount":452,"commentCount":0,"publisher":{"@id":"https:\/\/www.ucatolica.edu.co\/portal\/#organization"},"image":{"@id":"https:\/\/www.ucatolica.edu.co\/portal\/inscripciones-abiertas-para-los-cursos-de-verano-de-la-facultad-de-ingenieria-2025-iv\/#primaryimage"},"thumbnailUrl":"https:\/\/www.ucatolica.edu.co\/portal\/wp-content\/uploads\/2025\/11\/Cursos-de-Verano-de-Ingenieria-en-la-UCatolicaCo.jpg","keywords":["Cursos de Verano","Facultad de Ingenier\u00eda","Oferta Acad\u00e9mica"],"articleSection":["Noticias Principales"],"inLanguage":"es-CO"},{"@type":"WebPage","@id":"https:\/\/www.ucatolica.edu.co\/portal\/inscripciones-abiertas-para-los-cursos-de-verano-de-la-facultad-de-ingenieria-2025-iv\/","url":"https:\/\/www.ucatolica.edu.co\/portal\/inscripciones-abiertas-para-los-cursos-de-verano-de-la-facultad-de-ingenieria-2025-iv\/","name":"\u00a1Inscripciones abiertas para los Cursos de Verano de la Facultad de Ingenier\u00eda 2025-IV! - Universidad Cat\u00f3lica De Colombia","isPartOf":{"@id":"https:\/\/www.ucatolica.edu.co\/portal\/#website"},"primaryImageOfPage":{"@id":"https:\/\/www.ucatolica.edu.co\/portal\/inscripciones-abiertas-para-los-cursos-de-verano-de-la-facultad-de-ingenieria-2025-iv\/#primaryimage"},"image":{"@id":"https:\/\/www.ucatolica.edu.co\/portal\/inscripciones-abiertas-para-los-cursos-de-verano-de-la-facultad-de-ingenieria-2025-iv\/#primaryimage"},"thumbnailUrl":"https:\/\/www.ucatolica.edu.co\/portal\/wp-content\/uploads\/2025\/11\/Cursos-de-Verano-de-Ingenieria-en-la-UCatolicaCo.jpg","datePublished":"2025-11-21T22:29:58+00:00","dateModified":"2025-11-24T14:50:03+00:00","breadcrumb":{"@id":"https:\/\/www.ucatolica.edu.co\/portal\/inscripciones-abiertas-para-los-cursos-de-verano-de-la-facultad-de-ingenieria-2025-iv\/#breadcrumb"},"inLanguage":"es-CO","potentialAction":[{"@type":"ReadAction","target":["https:\/\/www.ucatolica.edu.co\/portal\/inscripciones-abiertas-para-los-cursos-de-verano-de-la-facultad-de-ingenieria-2025-iv\/"]}]},{"@type":"ImageObject","inLanguage":"es-CO","@id":"https:\/\/www.ucatolica.edu.co\/portal\/inscripciones-abiertas-para-los-cursos-de-verano-de-la-facultad-de-ingenieria-2025-iv\/#primaryimage","url":"https:\/\/www.ucatolica.edu.co\/portal\/wp-content\/uploads\/2025\/11\/Cursos-de-Verano-de-Ingenieria-en-la-UCatolicaCo.jpg","contentUrl":"https:\/\/www.ucatolica.edu.co\/portal\/wp-content\/uploads\/2025\/11\/Cursos-de-Verano-de-Ingenieria-en-la-UCatolicaCo.jpg","width":870,"height":522,"caption":"Cursos de Verano de Ingenier\u00eda en la UCat\u00f3licaCo"},{"@type":"BreadcrumbList","@id":"https:\/\/www.ucatolica.edu.co\/portal\/inscripciones-abiertas-para-los-cursos-de-verano-de-la-facultad-de-ingenieria-2025-iv\/#breadcrumb","itemListElement":[{"@type":"ListItem","position":1,"name":"Inicio","item":"https:\/\/www.ucatolica.edu.co\/portal\/"},{"@type":"ListItem","position":2,"name":"\u00a1Inscripciones abiertas para los Cursos de Verano de la Facultad de Ingenier\u00eda 2025-IV!"}]},{"@type":"WebSite","@id":"https:\/\/www.ucatolica.edu.co\/portal\/#website","url":"https:\/\/www.ucatolica.edu.co\/portal\/","name":"Universidad Cat\u00f3lica De Colombia","description":"Universidad Cat\u00f3lica De Colombia","publisher":{"@id":"https:\/\/www.ucatolica.edu.co\/portal\/#organization"},"potentialAction":[{"@type":"SearchAction","target":{"@type":"EntryPoint","urlTemplate":"https:\/\/www.ucatolica.edu.co\/portal\/?s={search_term_string}"},"query-input":{"@type":"PropertyValueSpecification","valueRequired":true,"valueName":"search_term_string"}}],"inLanguage":"es-CO"},{"@type":"Organization","@id":"https:\/\/www.ucatolica.edu.co\/portal\/#organization","name":"Universidad Cat\u00f3lica de Colombia","url":"https:\/\/www.ucatolica.edu.co\/portal\/","logo":{"@type":"ImageObject","inLanguage":"es-CO","@id":"https:\/\/www.ucatolica.edu.co\/portal\/#\/schema\/logo\/image\/","url":"https:\/\/www.ucatolica.edu.co\/portal\/wp-content\/uploads\/2021\/06\/logo-header-ho-1.svg","contentUrl":"https:\/\/www.ucatolica.edu.co\/portal\/wp-content\/uploads\/2021\/06\/logo-header-ho-1.svg","width":1,"height":1,"caption":"Universidad Cat\u00f3lica de Colombia"},"image":{"@id":"https:\/\/www.ucatolica.edu.co\/portal\/#\/schema\/logo\/image\/"},"sameAs":["https:\/\/www.facebook.com\/ucatolicacolombia","https:\/\/x.com\/UCatolicaCol","https:\/\/www.instagram.com\/universidadcatolicadecolombia\/","https:\/\/www.linkedin.com\/company\/universidadcatolicadecolombia\/","https:\/\/www.youtube.com\/user\/UCatolicaCo"]},{"@type":"Person","@id":"https:\/\/www.ucatolica.edu.co\/portal\/#\/schema\/person\/2fe10d3836c8b18a520cbf458d96a728","name":"Juan Jos\u00e9 Franco","url":"https:\/\/www.ucatolica.edu.co\/portal\/author\/juan\/"}]}},"author_meta":{"display_name":"Juan Jos\u00e9 Franco","author_link":"https:\/\/www.ucatolica.edu.co\/portal\/author\/juan\/"},"featured_img":"https:\/\/www.ucatolica.edu.co\/portal\/wp-content\/uploads\/2025\/11\/Cursos-de-Verano-de-Ingenieria-en-la-UCatolicaCo.jpg","coauthors":[],"tax_additional":{"categories":{"linked":["<a href=\"https:\/\/www.ucatolica.edu.co\/portal\/category\/noticias-principales\/\" class=\"advgb-post-tax-term\">Noticias Principales<\/a>"],"unlinked":["<span class=\"advgb-post-tax-term\">Noticias Principales<\/span>"]},"tags":{"linked":["<a href=\"https:\/\/www.ucatolica.edu.co\/portal\/category\/noticias-principales\/\" class=\"advgb-post-tax-term\">Cursos de Verano<\/a>","<a href=\"https:\/\/www.ucatolica.edu.co\/portal\/category\/noticias-principales\/\" class=\"advgb-post-tax-term\">Facultad de Ingenier\u00eda<\/a>","<a href=\"https:\/\/www.ucatolica.edu.co\/portal\/category\/noticias-principales\/\" class=\"advgb-post-tax-term\">Oferta Acad\u00e9mica<\/a>"],"unlinked":["<span class=\"advgb-post-tax-term\">Cursos de Verano<\/span>","<span class=\"advgb-post-tax-term\">Facultad de Ingenier\u00eda<\/span>","<span class=\"advgb-post-tax-term\">Oferta Acad\u00e9mica<\/span>"]}},"comment_count":"0","relative_dates":{"created":"Posted 5 meses ago","modified":"Updated 5 meses ago"},"absolute_dates":{"created":"Posted on 21 noviembre, 2025","modified":"Updated on 24 noviembre, 2025"},"absolute_dates_time":{"created":"Posted on 21 noviembre, 2025 5:29 pm","modified":"Updated on 24 noviembre, 2025 9:50 am"},"featured_img_caption":"","series_order":"","_links":{"self":[{"href":"https:\/\/www.ucatolica.edu.co\/portal\/wp-json\/wp\/v2\/posts\/127626","targetHints":{"allow":["GET"]}}],"collection":[{"href":"https:\/\/www.ucatolica.edu.co\/portal\/wp-json\/wp\/v2\/posts"}],"about":[{"href":"https:\/\/www.ucatolica.edu.co\/portal\/wp-json\/wp\/v2\/types\/post"}],"author":[{"embeddable":true,"href":"https:\/\/www.ucatolica.edu.co\/portal\/wp-json\/wp\/v2\/users\/65"}],"replies":[{"embeddable":true,"href":"https:\/\/www.ucatolica.edu.co\/portal\/wp-json\/wp\/v2\/comments?post=127626"}],"version-history":[{"count":2,"href":"https:\/\/www.ucatolica.edu.co\/portal\/wp-json\/wp\/v2\/posts\/127626\/revisions"}],"predecessor-version":[{"id":127628,"href":"https:\/\/www.ucatolica.edu.co\/portal\/wp-json\/wp\/v2\/posts\/127626\/revisions\/127628"}],"wp:featuredmedia":[{"embeddable":true,"href":"https:\/\/www.ucatolica.edu.co\/portal\/wp-json\/wp\/v2\/media\/127633"}],"wp:attachment":[{"href":"https:\/\/www.ucatolica.edu.co\/portal\/wp-json\/wp\/v2\/media?parent=127626"}],"wp:term":[{"taxonomy":"category","embeddable":true,"href":"https:\/\/www.ucatolica.edu.co\/portal\/wp-json\/wp\/v2\/categories?post=127626"},{"taxonomy":"post_tag","embeddable":true,"href":"https:\/\/www.ucatolica.edu.co\/portal\/wp-json\/wp\/v2\/tags?post=127626"}],"curies":[{"name":"wp","href":"https:\/\/api.w.org\/{rel}","templated":true}]}}