{"id":127640,"date":"2025-12-03T12:12:26","date_gmt":"2025-12-03T17:12:26","guid":{"rendered":"https:\/\/www.ucatolica.edu.co\/portal\/?p=127640"},"modified":"2025-12-03T15:16:42","modified_gmt":"2025-12-03T20:16:42","slug":"bienestar-universitario-cierra-el-ano-con-una-programacion-llena-de-actividades","status":"publish","type":"post","link":"https:\/\/www.ucatolica.edu.co\/portal\/bienestar-universitario-cierra-el-ano-con-una-programacion-llena-de-actividades\/","title":{"rendered":"Bienestar Universitario cierra el a\u00f1o con una programaci\u00f3n llena de actividades"},"content":{"rendered":"\n<p>El Bienestar Universitario de la Universidad Cat\u00f3lica de Colombia dio inicio a su programaci\u00f3n de cierre de a\u00f1o con una agenda variada de actividades dirigida a estudiantes, docentes y colaboradores administrativos. A trav\u00e9s de sus diferentes Coordinaciones, se han dise\u00f1ado espacios orientados a fortalecer el desarrollo integral, promover la convivencia y consolidar el sentido de comunidad dentro de la instituci\u00f3n.<\/p>\n\n\n\n<p>La programaci\u00f3n incluye talleres, cierres de cursos, actividades formativas y espacios de bienestar f\u00edsico, emocional y espiritual, con el prop\u00f3sito de brindar experiencias que aporten al crecimiento personal y acad\u00e9mico de los participantes.<\/p>\n\n\n\n<p>Las personas interesadas podr\u00e1n consultar la agenda completa <a href=\"https:\/\/img.masterbase.com\/v2\/1\/5033\/b\/1\/OP5474-Actividades-Agenda.pdf\">aqu\u00ed,<\/a> donde encontrar\u00e1n el detalle de cada actividad, sus horarios y lugares de realizaci\u00f3n.<\/p>\n\n\n\n<p><strong>\u00a1No te pierdas esta oportunidad de cerrar el 2025 viviendo momentos inolvidables!<\/strong><\/p>\n","protected":false},"excerpt":{"rendered":"<p>El Bienestar Universitario de la Universidad Cat\u00f3lica de Colombia dio inicio a su programaci\u00f3n de cierre de a\u00f1o con una agenda variada de actividades dirigida a estudiantes, docentes y colaboradores administrativos. A trav\u00e9s de sus diferentes Coordinaciones, se han dise\u00f1ado espacios orientados a fortalecer el desarrollo integral, promover la convivencia y consolidar el sentido de [&hellip;]<\/p>\n","protected":false},"author":61,"featured_media":128102,"comment_status":"open","ping_status":"open","sticky":false,"template":"","format":"standard","meta":{"_acf_changed":false,"advgb_blocks_editor_width":"","advgb_blocks_columns_visual_guide":"","footnotes":""},"categories":[93],"tags":[],"class_list":["post-127640","post","type-post","status-publish","format-standard","has-post-thumbnail","hentry","category-noticias-principales"],"acf":[],"yoast_head":"<!-- This site is optimized with the Yoast SEO plugin v26.7 - https:\/\/yoast.com\/wordpress\/plugins\/seo\/ -->\n<title>Bienestar Universitario cierra el a\u00f1o con una programaci\u00f3n llena de actividades - Universidad Cat\u00f3lica De Colombia<\/title>\n<meta name=\"robots\" content=\"index, follow, max-snippet:-1, max-image-preview:large, max-video-preview:-1\" \/>\n<link rel=\"canonical\" href=\"https:\/\/www.ucatolica.edu.co\/portal\/bienestar-universitario-cierra-el-ano-con-una-programacion-llena-de-actividades\/\" \/>\n<meta property=\"og:locale\" content=\"es_ES\" \/>\n<meta property=\"og:type\" content=\"article\" \/>\n<meta property=\"og:title\" content=\"Bienestar Universitario cierra el a\u00f1o con una programaci\u00f3n llena de actividades - Universidad Cat\u00f3lica De Colombia\" \/>\n<meta property=\"og:description\" content=\"El Bienestar Universitario de la Universidad Cat\u00f3lica de Colombia dio inicio a su programaci\u00f3n de cierre de a\u00f1o con una agenda variada de actividades dirigida a estudiantes, docentes y colaboradores administrativos. A trav\u00e9s de sus diferentes Coordinaciones, se han dise\u00f1ado espacios orientados a fortalecer el desarrollo integral, promover la convivencia y consolidar el sentido de [&hellip;]\" \/>\n<meta property=\"og:url\" content=\"https:\/\/www.ucatolica.edu.co\/portal\/bienestar-universitario-cierra-el-ano-con-una-programacion-llena-de-actividades\/\" \/>\n<meta property=\"og:site_name\" content=\"Universidad Cat\u00f3lica De Colombia\" \/>\n<meta property=\"article:publisher\" content=\"https:\/\/www.facebook.com\/ucatolicacolombia\" \/>\n<meta property=\"article:published_time\" content=\"2025-12-03T17:12:26+00:00\" \/>\n<meta property=\"article:modified_time\" content=\"2025-12-03T20:16:42+00:00\" \/>\n<meta property=\"og:image\" content=\"https:\/\/www.ucatolica.edu.co\/portal\/wp-content\/uploads\/2025\/11\/OP5474-AgendaBienestar-Noticia.jpg\" \/>\n\t<meta property=\"og:image:width\" content=\"870\" \/>\n\t<meta property=\"og:image:height\" content=\"522\" \/>\n\t<meta property=\"og:image:type\" content=\"image\/jpeg\" \/>\n<meta name=\"author\" content=\"Leidy Dayanna Jaramillo Tavera\" \/>\n<meta name=\"twitter:card\" content=\"summary_large_image\" \/>\n<meta name=\"twitter:creator\" content=\"@UCatolicaCol\" \/>\n<meta name=\"twitter:site\" content=\"@UCatolicaCol\" \/>\n<meta name=\"twitter:label1\" content=\"Escrito por\" \/>\n\t<meta name=\"twitter:data1\" content=\"Leidy Dayanna Jaramillo Tavera\" \/>\n\t<meta name=\"twitter:label2\" content=\"Tiempo de lectura\" \/>\n\t<meta name=\"twitter:data2\" content=\"1 minuto\" \/>\n<script type=\"application\/ld+json\" class=\"yoast-schema-graph\">{\"@context\":\"https:\/\/schema.org\",\"@graph\":[{\"@type\":\"Article\",\"@id\":\"https:\/\/www.ucatolica.edu.co\/portal\/bienestar-universitario-cierra-el-ano-con-una-programacion-llena-de-actividades\/#article\",\"isPartOf\":{\"@id\":\"https:\/\/www.ucatolica.edu.co\/portal\/bienestar-universitario-cierra-el-ano-con-una-programacion-llena-de-actividades\/\"},\"author\":{\"name\":\"Leidy Dayanna Jaramillo Tavera\",\"@id\":\"https:\/\/www.ucatolica.edu.co\/portal\/#\/schema\/person\/c03ebc5b4f80ce7b8947aa9ddece408a\"},\"headline\":\"Bienestar Universitario cierra el a\u00f1o con una programaci\u00f3n llena de actividades\",\"datePublished\":\"2025-12-03T17:12:26+00:00\",\"dateModified\":\"2025-12-03T20:16:42+00:00\",\"mainEntityOfPage\":{\"@id\":\"https:\/\/www.ucatolica.edu.co\/portal\/bienestar-universitario-cierra-el-ano-con-una-programacion-llena-de-actividades\/\"},\"wordCount\":152,\"commentCount\":0,\"publisher\":{\"@id\":\"https:\/\/www.ucatolica.edu.co\/portal\/#organization\"},\"image\":{\"@id\":\"https:\/\/www.ucatolica.edu.co\/portal\/bienestar-universitario-cierra-el-ano-con-una-programacion-llena-de-actividades\/#primaryimage\"},\"thumbnailUrl\":\"https:\/\/www.ucatolica.edu.co\/portal\/wp-content\/uploads\/2025\/11\/OP5474-AgendaBienestar-Noticia.jpg\",\"articleSection\":[\"Noticias Principales\"],\"inLanguage\":\"es-CO\"},{\"@type\":\"WebPage\",\"@id\":\"https:\/\/www.ucatolica.edu.co\/portal\/bienestar-universitario-cierra-el-ano-con-una-programacion-llena-de-actividades\/\",\"url\":\"https:\/\/www.ucatolica.edu.co\/portal\/bienestar-universitario-cierra-el-ano-con-una-programacion-llena-de-actividades\/\",\"name\":\"Bienestar Universitario cierra el a\u00f1o con una programaci\u00f3n llena de actividades - Universidad Cat\u00f3lica De Colombia\",\"isPartOf\":{\"@id\":\"https:\/\/www.ucatolica.edu.co\/portal\/#website\"},\"primaryImageOfPage\":{\"@id\":\"https:\/\/www.ucatolica.edu.co\/portal\/bienestar-universitario-cierra-el-ano-con-una-programacion-llena-de-actividades\/#primaryimage\"},\"image\":{\"@id\":\"https:\/\/www.ucatolica.edu.co\/portal\/bienestar-universitario-cierra-el-ano-con-una-programacion-llena-de-actividades\/#primaryimage\"},\"thumbnailUrl\":\"https:\/\/www.ucatolica.edu.co\/portal\/wp-content\/uploads\/2025\/11\/OP5474-AgendaBienestar-Noticia.jpg\",\"datePublished\":\"2025-12-03T17:12:26+00:00\",\"dateModified\":\"2025-12-03T20:16:42+00:00\",\"breadcrumb\":{\"@id\":\"https:\/\/www.ucatolica.edu.co\/portal\/bienestar-universitario-cierra-el-ano-con-una-programacion-llena-de-actividades\/#breadcrumb\"},\"inLanguage\":\"es-CO\",\"potentialAction\":[{\"@type\":\"ReadAction\",\"target\":[\"https:\/\/www.ucatolica.edu.co\/portal\/bienestar-universitario-cierra-el-ano-con-una-programacion-llena-de-actividades\/\"]}]},{\"@type\":\"ImageObject\",\"inLanguage\":\"es-CO\",\"@id\":\"https:\/\/www.ucatolica.edu.co\/portal\/bienestar-universitario-cierra-el-ano-con-una-programacion-llena-de-actividades\/#primaryimage\",\"url\":\"https:\/\/www.ucatolica.edu.co\/portal\/wp-content\/uploads\/2025\/11\/OP5474-AgendaBienestar-Noticia.jpg\",\"contentUrl\":\"https:\/\/www.ucatolica.edu.co\/portal\/wp-content\/uploads\/2025\/11\/OP5474-AgendaBienestar-Noticia.jpg\",\"width\":870,\"height\":522,\"caption\":\"Estudiante sonriendo\"},{\"@type\":\"BreadcrumbList\",\"@id\":\"https:\/\/www.ucatolica.edu.co\/portal\/bienestar-universitario-cierra-el-ano-con-una-programacion-llena-de-actividades\/#breadcrumb\",\"itemListElement\":[{\"@type\":\"ListItem\",\"position\":1,\"name\":\"Inicio\",\"item\":\"https:\/\/www.ucatolica.edu.co\/portal\/\"},{\"@type\":\"ListItem\",\"position\":2,\"name\":\"Bienestar Universitario cierra el a\u00f1o con una programaci\u00f3n llena de actividades\"}]},{\"@type\":\"WebSite\",\"@id\":\"https:\/\/www.ucatolica.edu.co\/portal\/#website\",\"url\":\"https:\/\/www.ucatolica.edu.co\/portal\/\",\"name\":\"Universidad Cat\u00f3lica De Colombia\",\"description\":\"Universidad Cat\u00f3lica De Colombia\",\"publisher\":{\"@id\":\"https:\/\/www.ucatolica.edu.co\/portal\/#organization\"},\"potentialAction\":[{\"@type\":\"SearchAction\",\"target\":{\"@type\":\"EntryPoint\",\"urlTemplate\":\"https:\/\/www.ucatolica.edu.co\/portal\/?s={search_term_string}\"},\"query-input\":{\"@type\":\"PropertyValueSpecification\",\"valueRequired\":true,\"valueName\":\"search_term_string\"}}],\"inLanguage\":\"es-CO\"},{\"@type\":\"Organization\",\"@id\":\"https:\/\/www.ucatolica.edu.co\/portal\/#organization\",\"name\":\"Universidad Cat\u00f3lica de Colombia\",\"url\":\"https:\/\/www.ucatolica.edu.co\/portal\/\",\"logo\":{\"@type\":\"ImageObject\",\"inLanguage\":\"es-CO\",\"@id\":\"https:\/\/www.ucatolica.edu.co\/portal\/#\/schema\/logo\/image\/\",\"url\":\"https:\/\/www.ucatolica.edu.co\/portal\/wp-content\/uploads\/2021\/06\/logo-header-ho-1.svg\",\"contentUrl\":\"https:\/\/www.ucatolica.edu.co\/portal\/wp-content\/uploads\/2021\/06\/logo-header-ho-1.svg\",\"width\":1,\"height\":1,\"caption\":\"Universidad Cat\u00f3lica de Colombia\"},\"image\":{\"@id\":\"https:\/\/www.ucatolica.edu.co\/portal\/#\/schema\/logo\/image\/\"},\"sameAs\":[\"https:\/\/www.facebook.com\/ucatolicacolombia\",\"https:\/\/x.com\/UCatolicaCol\",\"https:\/\/www.instagram.com\/universidadcatolicadecolombia\/\",\"https:\/\/www.linkedin.com\/company\/universidadcatolicadecolombia\/\",\"https:\/\/www.youtube.com\/user\/UCatolicaCo\"]},{\"@type\":\"Person\",\"@id\":\"https:\/\/www.ucatolica.edu.co\/portal\/#\/schema\/person\/c03ebc5b4f80ce7b8947aa9ddece408a\",\"name\":\"Leidy Dayanna Jaramillo Tavera\",\"url\":\"https:\/\/www.ucatolica.edu.co\/portal\/author\/dayana\/\"}]}<\/script>\n<!-- \/ Yoast SEO plugin. -->","yoast_head_json":{"title":"Bienestar Universitario cierra el a\u00f1o con una programaci\u00f3n llena de actividades - Universidad Cat\u00f3lica De Colombia","robots":{"index":"index","follow":"follow","max-snippet":"max-snippet:-1","max-image-preview":"max-image-preview:large","max-video-preview":"max-video-preview:-1"},"canonical":"https:\/\/www.ucatolica.edu.co\/portal\/bienestar-universitario-cierra-el-ano-con-una-programacion-llena-de-actividades\/","og_locale":"es_ES","og_type":"article","og_title":"Bienestar Universitario cierra el a\u00f1o con una programaci\u00f3n llena de actividades - Universidad Cat\u00f3lica De Colombia","og_description":"El Bienestar Universitario de la Universidad Cat\u00f3lica de Colombia dio inicio a su programaci\u00f3n de cierre de a\u00f1o con una agenda variada de actividades dirigida a estudiantes, docentes y colaboradores administrativos. A trav\u00e9s de sus diferentes Coordinaciones, se han dise\u00f1ado espacios orientados a fortalecer el desarrollo integral, promover la convivencia y consolidar el sentido de [&hellip;]","og_url":"https:\/\/www.ucatolica.edu.co\/portal\/bienestar-universitario-cierra-el-ano-con-una-programacion-llena-de-actividades\/","og_site_name":"Universidad Cat\u00f3lica De Colombia","article_publisher":"https:\/\/www.facebook.com\/ucatolicacolombia","article_published_time":"2025-12-03T17:12:26+00:00","article_modified_time":"2025-12-03T20:16:42+00:00","og_image":[{"width":870,"height":522,"url":"https:\/\/www.ucatolica.edu.co\/portal\/wp-content\/uploads\/2025\/11\/OP5474-AgendaBienestar-Noticia.jpg","type":"image\/jpeg"}],"author":"Leidy Dayanna Jaramillo Tavera","twitter_card":"summary_large_image","twitter_creator":"@UCatolicaCol","twitter_site":"@UCatolicaCol","twitter_misc":{"Escrito por":"Leidy Dayanna Jaramillo Tavera","Tiempo de lectura":"1 minuto"},"schema":{"@context":"https:\/\/schema.org","@graph":[{"@type":"Article","@id":"https:\/\/www.ucatolica.edu.co\/portal\/bienestar-universitario-cierra-el-ano-con-una-programacion-llena-de-actividades\/#article","isPartOf":{"@id":"https:\/\/www.ucatolica.edu.co\/portal\/bienestar-universitario-cierra-el-ano-con-una-programacion-llena-de-actividades\/"},"author":{"name":"Leidy Dayanna Jaramillo Tavera","@id":"https:\/\/www.ucatolica.edu.co\/portal\/#\/schema\/person\/c03ebc5b4f80ce7b8947aa9ddece408a"},"headline":"Bienestar Universitario cierra el a\u00f1o con una programaci\u00f3n llena de actividades","datePublished":"2025-12-03T17:12:26+00:00","dateModified":"2025-12-03T20:16:42+00:00","mainEntityOfPage":{"@id":"https:\/\/www.ucatolica.edu.co\/portal\/bienestar-universitario-cierra-el-ano-con-una-programacion-llena-de-actividades\/"},"wordCount":152,"commentCount":0,"publisher":{"@id":"https:\/\/www.ucatolica.edu.co\/portal\/#organization"},"image":{"@id":"https:\/\/www.ucatolica.edu.co\/portal\/bienestar-universitario-cierra-el-ano-con-una-programacion-llena-de-actividades\/#primaryimage"},"thumbnailUrl":"https:\/\/www.ucatolica.edu.co\/portal\/wp-content\/uploads\/2025\/11\/OP5474-AgendaBienestar-Noticia.jpg","articleSection":["Noticias Principales"],"inLanguage":"es-CO"},{"@type":"WebPage","@id":"https:\/\/www.ucatolica.edu.co\/portal\/bienestar-universitario-cierra-el-ano-con-una-programacion-llena-de-actividades\/","url":"https:\/\/www.ucatolica.edu.co\/portal\/bienestar-universitario-cierra-el-ano-con-una-programacion-llena-de-actividades\/","name":"Bienestar Universitario cierra el a\u00f1o con una programaci\u00f3n llena de actividades - Universidad Cat\u00f3lica De Colombia","isPartOf":{"@id":"https:\/\/www.ucatolica.edu.co\/portal\/#website"},"primaryImageOfPage":{"@id":"https:\/\/www.ucatolica.edu.co\/portal\/bienestar-universitario-cierra-el-ano-con-una-programacion-llena-de-actividades\/#primaryimage"},"image":{"@id":"https:\/\/www.ucatolica.edu.co\/portal\/bienestar-universitario-cierra-el-ano-con-una-programacion-llena-de-actividades\/#primaryimage"},"thumbnailUrl":"https:\/\/www.ucatolica.edu.co\/portal\/wp-content\/uploads\/2025\/11\/OP5474-AgendaBienestar-Noticia.jpg","datePublished":"2025-12-03T17:12:26+00:00","dateModified":"2025-12-03T20:16:42+00:00","breadcrumb":{"@id":"https:\/\/www.ucatolica.edu.co\/portal\/bienestar-universitario-cierra-el-ano-con-una-programacion-llena-de-actividades\/#breadcrumb"},"inLanguage":"es-CO","potentialAction":[{"@type":"ReadAction","target":["https:\/\/www.ucatolica.edu.co\/portal\/bienestar-universitario-cierra-el-ano-con-una-programacion-llena-de-actividades\/"]}]},{"@type":"ImageObject","inLanguage":"es-CO","@id":"https:\/\/www.ucatolica.edu.co\/portal\/bienestar-universitario-cierra-el-ano-con-una-programacion-llena-de-actividades\/#primaryimage","url":"https:\/\/www.ucatolica.edu.co\/portal\/wp-content\/uploads\/2025\/11\/OP5474-AgendaBienestar-Noticia.jpg","contentUrl":"https:\/\/www.ucatolica.edu.co\/portal\/wp-content\/uploads\/2025\/11\/OP5474-AgendaBienestar-Noticia.jpg","width":870,"height":522,"caption":"Estudiante sonriendo"},{"@type":"BreadcrumbList","@id":"https:\/\/www.ucatolica.edu.co\/portal\/bienestar-universitario-cierra-el-ano-con-una-programacion-llena-de-actividades\/#breadcrumb","itemListElement":[{"@type":"ListItem","position":1,"name":"Inicio","item":"https:\/\/www.ucatolica.edu.co\/portal\/"},{"@type":"ListItem","position":2,"name":"Bienestar Universitario cierra el a\u00f1o con una programaci\u00f3n llena de actividades"}]},{"@type":"WebSite","@id":"https:\/\/www.ucatolica.edu.co\/portal\/#website","url":"https:\/\/www.ucatolica.edu.co\/portal\/","name":"Universidad Cat\u00f3lica De Colombia","description":"Universidad Cat\u00f3lica De Colombia","publisher":{"@id":"https:\/\/www.ucatolica.edu.co\/portal\/#organization"},"potentialAction":[{"@type":"SearchAction","target":{"@type":"EntryPoint","urlTemplate":"https:\/\/www.ucatolica.edu.co\/portal\/?s={search_term_string}"},"query-input":{"@type":"PropertyValueSpecification","valueRequired":true,"valueName":"search_term_string"}}],"inLanguage":"es-CO"},{"@type":"Organization","@id":"https:\/\/www.ucatolica.edu.co\/portal\/#organization","name":"Universidad Cat\u00f3lica de Colombia","url":"https:\/\/www.ucatolica.edu.co\/portal\/","logo":{"@type":"ImageObject","inLanguage":"es-CO","@id":"https:\/\/www.ucatolica.edu.co\/portal\/#\/schema\/logo\/image\/","url":"https:\/\/www.ucatolica.edu.co\/portal\/wp-content\/uploads\/2021\/06\/logo-header-ho-1.svg","contentUrl":"https:\/\/www.ucatolica.edu.co\/portal\/wp-content\/uploads\/2021\/06\/logo-header-ho-1.svg","width":1,"height":1,"caption":"Universidad Cat\u00f3lica de Colombia"},"image":{"@id":"https:\/\/www.ucatolica.edu.co\/portal\/#\/schema\/logo\/image\/"},"sameAs":["https:\/\/www.facebook.com\/ucatolicacolombia","https:\/\/x.com\/UCatolicaCol","https:\/\/www.instagram.com\/universidadcatolicadecolombia\/","https:\/\/www.linkedin.com\/company\/universidadcatolicadecolombia\/","https:\/\/www.youtube.com\/user\/UCatolicaCo"]},{"@type":"Person","@id":"https:\/\/www.ucatolica.edu.co\/portal\/#\/schema\/person\/c03ebc5b4f80ce7b8947aa9ddece408a","name":"Leidy Dayanna Jaramillo Tavera","url":"https:\/\/www.ucatolica.edu.co\/portal\/author\/dayana\/"}]}},"author_meta":{"display_name":"Leidy Dayanna Jaramillo Tavera","author_link":"https:\/\/www.ucatolica.edu.co\/portal\/author\/dayana\/"},"featured_img":"https:\/\/www.ucatolica.edu.co\/portal\/wp-content\/uploads\/2025\/11\/OP5474-AgendaBienestar-Noticia.jpg","coauthors":[],"tax_additional":{"categories":{"linked":["<a href=\"https:\/\/www.ucatolica.edu.co\/portal\/category\/noticias-principales\/\" class=\"advgb-post-tax-term\">Noticias Principales<\/a>"],"unlinked":["<span class=\"advgb-post-tax-term\">Noticias Principales<\/span>"]}},"comment_count":"0","relative_dates":{"created":"Posted 5 meses ago","modified":"Updated 5 meses ago"},"absolute_dates":{"created":"Posted on 3 diciembre, 2025","modified":"Updated on 3 diciembre, 2025"},"absolute_dates_time":{"created":"Posted on 3 diciembre, 2025 12:12 pm","modified":"Updated on 3 diciembre, 2025 3:16 pm"},"featured_img_caption":"","series_order":"","_links":{"self":[{"href":"https:\/\/www.ucatolica.edu.co\/portal\/wp-json\/wp\/v2\/posts\/127640","targetHints":{"allow":["GET"]}}],"collection":[{"href":"https:\/\/www.ucatolica.edu.co\/portal\/wp-json\/wp\/v2\/posts"}],"about":[{"href":"https:\/\/www.ucatolica.edu.co\/portal\/wp-json\/wp\/v2\/types\/post"}],"author":[{"embeddable":true,"href":"https:\/\/www.ucatolica.edu.co\/portal\/wp-json\/wp\/v2\/users\/61"}],"replies":[{"embeddable":true,"href":"https:\/\/www.ucatolica.edu.co\/portal\/wp-json\/wp\/v2\/comments?post=127640"}],"version-history":[{"count":2,"href":"https:\/\/www.ucatolica.edu.co\/portal\/wp-json\/wp\/v2\/posts\/127640\/revisions"}],"predecessor-version":[{"id":128103,"href":"https:\/\/www.ucatolica.edu.co\/portal\/wp-json\/wp\/v2\/posts\/127640\/revisions\/128103"}],"wp:featuredmedia":[{"embeddable":true,"href":"https:\/\/www.ucatolica.edu.co\/portal\/wp-json\/wp\/v2\/media\/128102"}],"wp:attachment":[{"href":"https:\/\/www.ucatolica.edu.co\/portal\/wp-json\/wp\/v2\/media?parent=127640"}],"wp:term":[{"taxonomy":"category","embeddable":true,"href":"https:\/\/www.ucatolica.edu.co\/portal\/wp-json\/wp\/v2\/categories?post=127640"},{"taxonomy":"post_tag","embeddable":true,"href":"https:\/\/www.ucatolica.edu.co\/portal\/wp-json\/wp\/v2\/tags?post=127640"}],"curies":[{"name":"wp","href":"https:\/\/api.w.org\/{rel}","templated":true}]}}