{"id":127735,"date":"2025-12-01T10:02:25","date_gmt":"2025-12-01T15:02:25","guid":{"rendered":"https:\/\/www.ucatolica.edu.co\/portal\/?p=127735"},"modified":"2025-12-01T10:02:25","modified_gmt":"2025-12-01T15:02:25","slug":"la-universidad-catolica-de-colombia-fortalecio-alianzas-con-rectores-y-orientadores-en-un-encuentro-institucional","status":"publish","type":"post","link":"https:\/\/www.ucatolica.edu.co\/portal\/la-universidad-catolica-de-colombia-fortalecio-alianzas-con-rectores-y-orientadores-en-un-encuentro-institucional\/","title":{"rendered":"La Universidad Cat\u00f3lica de Colombia fortaleci\u00f3 alianzas con rectores y orientadores en un encuentro institucional"},"content":{"rendered":"\n<p>La <strong>Oficina de Mercadeo, Comunicaciones y Admisiones de la Universidad Cat\u00f3lica de Colombia<\/strong> llev\u00f3 a cabo un significativo Encuentro de Rectores y Orientadores, al que asistieron m\u00e1s 30 directivos y profesionales de orientaci\u00f3n escolar de 21 instituciones educativas de Bogot\u00e1. Este encuentro destac\u00f3 el compromiso de la Universidad Cat\u00f3lica de Colombia con la articulaci\u00f3n acad\u00e9mica, el acompa\u00f1amiento a los colegios y la creaci\u00f3n de oportunidades de inmersi\u00f3n temprana para los futuros bachilleres.<\/p>\n\n\n\n<p>El encuentro tuvo como prop\u00f3sito central fortalecer la relaci\u00f3n entre las instituciones educativas y la Universidad, promoviendo una transici\u00f3n informada, segura y orientada hacia la educaci\u00f3n superior. En este mismo sentido, busc\u00f3 facilitar que los estudiantes de \u00faltimo grado puedan iniciar de manera anticipada su formaci\u00f3n profesional, mediante procesos acompa\u00f1ados que les permita tomar.<\/p>\n\n\n\n<h2 class=\"wp-block-heading\"><strong>Temas y actividades desarrolladas<\/strong><\/h2>\n\n\n\n<p>Durante la jornada se abordaron iniciativas clave para apoyar el desarrollo integral de los j\u00f3venes, tales como:<\/p>\n\n\n\n<ul class=\"wp-block-list\">\n<li>Fortalecimiento de alianzas entre la Universidad y los colegios, con el fin de acompa\u00f1ar el proyecto de vida de los estudiantes y su transici\u00f3n hacia la vida universitaria.<\/li>\n\n\n\n<li>Presentaci\u00f3n del portafolio institucional, que incluye:<\/li>\n\n\n\n<li>Talleres de orientaci\u00f3n vocacional<\/li>\n\n\n\n<li>Test Vocacional<\/li>\n\n\n\n<li>Servicios de la Unidad de Servicios Psicol\u00f3gicos y Jur\u00eddicos<\/li>\n\n\n\n<li>Recursos de acompa\u00f1amiento acad\u00e9mico y emocional<\/li>\n\n\n\n<li>Promoci\u00f3n de escenarios de inmersi\u00f3n temprana, donde los estudiantes de \u00faltimo a\u00f1o pueden comenzar su formaci\u00f3n profesional desde el colegio.<\/li>\n\n\n\n<li>Certificaci\u00f3n en \u201cSalud Mental y Bienestar en la Adolescencia\u201d, una charla orientada por la Facultad de Psicolog\u00eda, desde la Direcci\u00f3n de la Especializaci\u00f3n en Psicolog\u00eda Educativa, que brind\u00f3 herramientas clave para el acompa\u00f1amiento emocional en contextos escolares.<\/li>\n<\/ul>\n\n\n\n<figure class=\"wp-block-gallery has-nested-images columns-default is-cropped wp-block-gallery-1 is-layout-flex wp-block-gallery-is-layout-flex\">\n<figure class=\"wp-block-image size-large\"><img fetchpriority=\"high\" decoding=\"async\" width=\"870\" height=\"522\" data-id=\"127873\" src=\"https:\/\/www.ucatolica.edu.co\/portal\/wp-content\/uploads\/2025\/11\/Encuentro-de-rectores-y-orientadores.png\" alt=\"Encuentro de rectores y orientadores\" class=\"wp-image-127873\" \/><\/figure>\n\n\n\n<figure class=\"wp-block-image size-large\"><img decoding=\"async\" width=\"870\" height=\"522\" data-id=\"127871\" src=\"https:\/\/www.ucatolica.edu.co\/portal\/wp-content\/uploads\/2025\/11\/Encuentro-de-rectores.png\" alt=\"Encuentro de rectores y orientadores\" class=\"wp-image-127871\" \/><\/figure>\n<\/figure>\n\n\n\n<h2 class=\"wp-block-heading\"><strong>Un prop\u00f3sito com\u00fan<\/strong><\/h2>\n\n\n\n<p>El objetivo de esta iniciativa es fortalecer la colaboraci\u00f3n entre las instituciones educativas y la Universidad Cat\u00f3lica de Colombia, promoviendo la articulaci\u00f3n acad\u00e9mica y la inmersi\u00f3n temprana en la vida universitaria. Este enfoque contribuye a prevenir la deserci\u00f3n temprana, motivar el ingreso a la educaci\u00f3n superior y apoyar el proyecto de vida de los j\u00f3venes.<\/p>\n\n\n\n<p><strong>Conclusiones del encuentro<\/strong><\/p>\n\n\n\n<ul class=\"wp-block-list\">\n<li>Se consolidaron alianzas estrat\u00e9gicas que favorecen el desarrollo integral de los estudiantes.<\/li>\n\n\n\n<li>Se socializ\u00f3 el portafolio institucional y sus herramientas de orientaci\u00f3n y acompa\u00f1amiento.<\/li>\n\n\n\n<li>Se promovieron escenarios de inmersi\u00f3n temprana que facilitan el ingreso y adaptaci\u00f3n a la educaci\u00f3n superior.<\/li>\n\n\n\n<li>Se desarroll\u00f3 una conferencia certificada sobre salud mental, generando conciencia sobre el bienestar emocional en la adolescencia.<\/li>\n\n\n\n<li>El encuentro reafirm\u00f3 un enfoque integral que combina orientaci\u00f3n, bienestar y articulaci\u00f3n acad\u00e9mica al servicio de los j\u00f3venes.<\/li>\n<\/ul>\n","protected":false},"excerpt":{"rendered":"<p>La Oficina de Mercadeo, Comunicaciones y Admisiones de la Universidad Cat\u00f3lica de Colombia llev\u00f3 a cabo un significativo Encuentro de Rectores y Orientadores, al que asistieron m\u00e1s 30 directivos y profesionales de orientaci\u00f3n escolar de 21 instituciones educativas de Bogot\u00e1. Este encuentro destac\u00f3 el compromiso de la Universidad Cat\u00f3lica de Colombia con la articulaci\u00f3n acad\u00e9mica, [&hellip;]<\/p>\n","protected":false},"author":65,"featured_media":127872,"comment_status":"open","ping_status":"open","sticky":false,"template":"","format":"standard","meta":{"_acf_changed":false,"advgb_blocks_editor_width":"","advgb_blocks_columns_visual_guide":"","footnotes":""},"categories":[93],"tags":[2332,497,2619,942],"class_list":["post-127735","post","type-post","status-publish","format-standard","has-post-thumbnail","hentry","category-noticias-principales","tag-comunicacion","tag-facultad-de-psicologia","tag-psicologia-2","tag-rectores"],"acf":[],"yoast_head":"<!-- This site is optimized with the Yoast SEO plugin v26.7 - https:\/\/yoast.com\/wordpress\/plugins\/seo\/ -->\n<title>La Universidad Cat\u00f3lica de Colombia fortaleci\u00f3 alianzas con rectores y orientadores en un encuentro institucional - Universidad Cat\u00f3lica De Colombia<\/title>\n<meta name=\"robots\" content=\"index, follow, max-snippet:-1, max-image-preview:large, max-video-preview:-1\" \/>\n<link rel=\"canonical\" href=\"https:\/\/www.ucatolica.edu.co\/portal\/la-universidad-catolica-de-colombia-fortalecio-alianzas-con-rectores-y-orientadores-en-un-encuentro-institucional\/\" \/>\n<meta property=\"og:locale\" content=\"es_ES\" \/>\n<meta property=\"og:type\" content=\"article\" \/>\n<meta property=\"og:title\" content=\"La Universidad Cat\u00f3lica de Colombia fortaleci\u00f3 alianzas con rectores y orientadores en un encuentro institucional - Universidad Cat\u00f3lica De Colombia\" \/>\n<meta property=\"og:description\" content=\"La Oficina de Mercadeo, Comunicaciones y Admisiones de la Universidad Cat\u00f3lica de Colombia llev\u00f3 a cabo un significativo Encuentro de Rectores y Orientadores, al que asistieron m\u00e1s 30 directivos y profesionales de orientaci\u00f3n escolar de 21 instituciones educativas de Bogot\u00e1. Este encuentro destac\u00f3 el compromiso de la Universidad Cat\u00f3lica de Colombia con la articulaci\u00f3n acad\u00e9mica, [&hellip;]\" \/>\n<meta property=\"og:url\" content=\"https:\/\/www.ucatolica.edu.co\/portal\/la-universidad-catolica-de-colombia-fortalecio-alianzas-con-rectores-y-orientadores-en-un-encuentro-institucional\/\" \/>\n<meta property=\"og:site_name\" content=\"Universidad Cat\u00f3lica De Colombia\" \/>\n<meta property=\"article:publisher\" content=\"https:\/\/www.facebook.com\/ucatolicacolombia\" \/>\n<meta property=\"article:published_time\" content=\"2025-12-01T15:02:25+00:00\" \/>\n<meta property=\"og:image\" content=\"https:\/\/www.ucatolica.edu.co\/portal\/wp-content\/uploads\/2025\/11\/Encuentro-de-rectores-y-orientadores-UCC.png\" \/>\n\t<meta property=\"og:image:width\" content=\"870\" \/>\n\t<meta property=\"og:image:height\" content=\"522\" \/>\n\t<meta property=\"og:image:type\" content=\"image\/png\" \/>\n<meta name=\"author\" content=\"Juan Jos\u00e9 Franco\" \/>\n<meta name=\"twitter:card\" content=\"summary_large_image\" \/>\n<meta name=\"twitter:creator\" content=\"@UCatolicaCol\" \/>\n<meta name=\"twitter:site\" content=\"@UCatolicaCol\" \/>\n<meta name=\"twitter:label1\" content=\"Escrito por\" \/>\n\t<meta name=\"twitter:data1\" content=\"Juan Jos\u00e9 Franco\" \/>\n\t<meta name=\"twitter:label2\" content=\"Tiempo de lectura\" \/>\n\t<meta name=\"twitter:data2\" content=\"2 minutos\" \/>\n<script type=\"application\/ld+json\" class=\"yoast-schema-graph\">{\"@context\":\"https:\/\/schema.org\",\"@graph\":[{\"@type\":\"Article\",\"@id\":\"https:\/\/www.ucatolica.edu.co\/portal\/la-universidad-catolica-de-colombia-fortalecio-alianzas-con-rectores-y-orientadores-en-un-encuentro-institucional\/#article\",\"isPartOf\":{\"@id\":\"https:\/\/www.ucatolica.edu.co\/portal\/la-universidad-catolica-de-colombia-fortalecio-alianzas-con-rectores-y-orientadores-en-un-encuentro-institucional\/\"},\"author\":{\"name\":\"Juan Jos\u00e9 Franco\",\"@id\":\"https:\/\/www.ucatolica.edu.co\/portal\/#\/schema\/person\/2fe10d3836c8b18a520cbf458d96a728\"},\"headline\":\"La Universidad Cat\u00f3lica de Colombia fortaleci\u00f3 alianzas con rectores y orientadores en un encuentro institucional\",\"datePublished\":\"2025-12-01T15:02:25+00:00\",\"mainEntityOfPage\":{\"@id\":\"https:\/\/www.ucatolica.edu.co\/portal\/la-universidad-catolica-de-colombia-fortalecio-alianzas-con-rectores-y-orientadores-en-un-encuentro-institucional\/\"},\"wordCount\":463,\"commentCount\":0,\"publisher\":{\"@id\":\"https:\/\/www.ucatolica.edu.co\/portal\/#organization\"},\"image\":{\"@id\":\"https:\/\/www.ucatolica.edu.co\/portal\/la-universidad-catolica-de-colombia-fortalecio-alianzas-con-rectores-y-orientadores-en-un-encuentro-institucional\/#primaryimage\"},\"thumbnailUrl\":\"https:\/\/www.ucatolica.edu.co\/portal\/wp-content\/uploads\/2025\/11\/Encuentro-de-rectores-y-orientadores-UCC.png\",\"keywords\":[\"Comunicaci\u00f3n\",\"Facultad de Psicolog\u00eda\",\"Psicologia\",\"Rectores\"],\"articleSection\":[\"Noticias Principales\"],\"inLanguage\":\"es-CO\"},{\"@type\":\"WebPage\",\"@id\":\"https:\/\/www.ucatolica.edu.co\/portal\/la-universidad-catolica-de-colombia-fortalecio-alianzas-con-rectores-y-orientadores-en-un-encuentro-institucional\/\",\"url\":\"https:\/\/www.ucatolica.edu.co\/portal\/la-universidad-catolica-de-colombia-fortalecio-alianzas-con-rectores-y-orientadores-en-un-encuentro-institucional\/\",\"name\":\"La Universidad Cat\u00f3lica de Colombia fortaleci\u00f3 alianzas con rectores y orientadores en un encuentro institucional - Universidad Cat\u00f3lica De Colombia\",\"isPartOf\":{\"@id\":\"https:\/\/www.ucatolica.edu.co\/portal\/#website\"},\"primaryImageOfPage\":{\"@id\":\"https:\/\/www.ucatolica.edu.co\/portal\/la-universidad-catolica-de-colombia-fortalecio-alianzas-con-rectores-y-orientadores-en-un-encuentro-institucional\/#primaryimage\"},\"image\":{\"@id\":\"https:\/\/www.ucatolica.edu.co\/portal\/la-universidad-catolica-de-colombia-fortalecio-alianzas-con-rectores-y-orientadores-en-un-encuentro-institucional\/#primaryimage\"},\"thumbnailUrl\":\"https:\/\/www.ucatolica.edu.co\/portal\/wp-content\/uploads\/2025\/11\/Encuentro-de-rectores-y-orientadores-UCC.png\",\"datePublished\":\"2025-12-01T15:02:25+00:00\",\"breadcrumb\":{\"@id\":\"https:\/\/www.ucatolica.edu.co\/portal\/la-universidad-catolica-de-colombia-fortalecio-alianzas-con-rectores-y-orientadores-en-un-encuentro-institucional\/#breadcrumb\"},\"inLanguage\":\"es-CO\",\"potentialAction\":[{\"@type\":\"ReadAction\",\"target\":[\"https:\/\/www.ucatolica.edu.co\/portal\/la-universidad-catolica-de-colombia-fortalecio-alianzas-con-rectores-y-orientadores-en-un-encuentro-institucional\/\"]}]},{\"@type\":\"ImageObject\",\"inLanguage\":\"es-CO\",\"@id\":\"https:\/\/www.ucatolica.edu.co\/portal\/la-universidad-catolica-de-colombia-fortalecio-alianzas-con-rectores-y-orientadores-en-un-encuentro-institucional\/#primaryimage\",\"url\":\"https:\/\/www.ucatolica.edu.co\/portal\/wp-content\/uploads\/2025\/11\/Encuentro-de-rectores-y-orientadores-UCC.png\",\"contentUrl\":\"https:\/\/www.ucatolica.edu.co\/portal\/wp-content\/uploads\/2025\/11\/Encuentro-de-rectores-y-orientadores-UCC.png\",\"width\":870,\"height\":522,\"caption\":\"Encuentro de rectores y orientadores\"},{\"@type\":\"BreadcrumbList\",\"@id\":\"https:\/\/www.ucatolica.edu.co\/portal\/la-universidad-catolica-de-colombia-fortalecio-alianzas-con-rectores-y-orientadores-en-un-encuentro-institucional\/#breadcrumb\",\"itemListElement\":[{\"@type\":\"ListItem\",\"position\":1,\"name\":\"Inicio\",\"item\":\"https:\/\/www.ucatolica.edu.co\/portal\/\"},{\"@type\":\"ListItem\",\"position\":2,\"name\":\"La Universidad Cat\u00f3lica de Colombia fortaleci\u00f3 alianzas con rectores y orientadores en un encuentro institucional\"}]},{\"@type\":\"WebSite\",\"@id\":\"https:\/\/www.ucatolica.edu.co\/portal\/#website\",\"url\":\"https:\/\/www.ucatolica.edu.co\/portal\/\",\"name\":\"Universidad Cat\u00f3lica De Colombia\",\"description\":\"Universidad Cat\u00f3lica De Colombia\",\"publisher\":{\"@id\":\"https:\/\/www.ucatolica.edu.co\/portal\/#organization\"},\"potentialAction\":[{\"@type\":\"SearchAction\",\"target\":{\"@type\":\"EntryPoint\",\"urlTemplate\":\"https:\/\/www.ucatolica.edu.co\/portal\/?s={search_term_string}\"},\"query-input\":{\"@type\":\"PropertyValueSpecification\",\"valueRequired\":true,\"valueName\":\"search_term_string\"}}],\"inLanguage\":\"es-CO\"},{\"@type\":\"Organization\",\"@id\":\"https:\/\/www.ucatolica.edu.co\/portal\/#organization\",\"name\":\"Universidad Cat\u00f3lica de Colombia\",\"url\":\"https:\/\/www.ucatolica.edu.co\/portal\/\",\"logo\":{\"@type\":\"ImageObject\",\"inLanguage\":\"es-CO\",\"@id\":\"https:\/\/www.ucatolica.edu.co\/portal\/#\/schema\/logo\/image\/\",\"url\":\"https:\/\/www.ucatolica.edu.co\/portal\/wp-content\/uploads\/2021\/06\/logo-header-ho-1.svg\",\"contentUrl\":\"https:\/\/www.ucatolica.edu.co\/portal\/wp-content\/uploads\/2021\/06\/logo-header-ho-1.svg\",\"width\":1,\"height\":1,\"caption\":\"Universidad Cat\u00f3lica de Colombia\"},\"image\":{\"@id\":\"https:\/\/www.ucatolica.edu.co\/portal\/#\/schema\/logo\/image\/\"},\"sameAs\":[\"https:\/\/www.facebook.com\/ucatolicacolombia\",\"https:\/\/x.com\/UCatolicaCol\",\"https:\/\/www.instagram.com\/universidadcatolicadecolombia\/\",\"https:\/\/www.linkedin.com\/company\/universidadcatolicadecolombia\/\",\"https:\/\/www.youtube.com\/user\/UCatolicaCo\"]},{\"@type\":\"Person\",\"@id\":\"https:\/\/www.ucatolica.edu.co\/portal\/#\/schema\/person\/2fe10d3836c8b18a520cbf458d96a728\",\"name\":\"Juan Jos\u00e9 Franco\",\"url\":\"https:\/\/www.ucatolica.edu.co\/portal\/author\/juan\/\"}]}<\/script>\n<!-- \/ Yoast SEO plugin. -->","yoast_head_json":{"title":"La Universidad Cat\u00f3lica de Colombia fortaleci\u00f3 alianzas con rectores y orientadores en un encuentro institucional - Universidad Cat\u00f3lica De Colombia","robots":{"index":"index","follow":"follow","max-snippet":"max-snippet:-1","max-image-preview":"max-image-preview:large","max-video-preview":"max-video-preview:-1"},"canonical":"https:\/\/www.ucatolica.edu.co\/portal\/la-universidad-catolica-de-colombia-fortalecio-alianzas-con-rectores-y-orientadores-en-un-encuentro-institucional\/","og_locale":"es_ES","og_type":"article","og_title":"La Universidad Cat\u00f3lica de Colombia fortaleci\u00f3 alianzas con rectores y orientadores en un encuentro institucional - Universidad Cat\u00f3lica De Colombia","og_description":"La Oficina de Mercadeo, Comunicaciones y Admisiones de la Universidad Cat\u00f3lica de Colombia llev\u00f3 a cabo un significativo Encuentro de Rectores y Orientadores, al que asistieron m\u00e1s 30 directivos y profesionales de orientaci\u00f3n escolar de 21 instituciones educativas de Bogot\u00e1. Este encuentro destac\u00f3 el compromiso de la Universidad Cat\u00f3lica de Colombia con la articulaci\u00f3n acad\u00e9mica, [&hellip;]","og_url":"https:\/\/www.ucatolica.edu.co\/portal\/la-universidad-catolica-de-colombia-fortalecio-alianzas-con-rectores-y-orientadores-en-un-encuentro-institucional\/","og_site_name":"Universidad Cat\u00f3lica De Colombia","article_publisher":"https:\/\/www.facebook.com\/ucatolicacolombia","article_published_time":"2025-12-01T15:02:25+00:00","og_image":[{"width":870,"height":522,"url":"https:\/\/www.ucatolica.edu.co\/portal\/wp-content\/uploads\/2025\/11\/Encuentro-de-rectores-y-orientadores-UCC.png","type":"image\/png"}],"author":"Juan Jos\u00e9 Franco","twitter_card":"summary_large_image","twitter_creator":"@UCatolicaCol","twitter_site":"@UCatolicaCol","twitter_misc":{"Escrito por":"Juan Jos\u00e9 Franco","Tiempo de lectura":"2 minutos"},"schema":{"@context":"https:\/\/schema.org","@graph":[{"@type":"Article","@id":"https:\/\/www.ucatolica.edu.co\/portal\/la-universidad-catolica-de-colombia-fortalecio-alianzas-con-rectores-y-orientadores-en-un-encuentro-institucional\/#article","isPartOf":{"@id":"https:\/\/www.ucatolica.edu.co\/portal\/la-universidad-catolica-de-colombia-fortalecio-alianzas-con-rectores-y-orientadores-en-un-encuentro-institucional\/"},"author":{"name":"Juan Jos\u00e9 Franco","@id":"https:\/\/www.ucatolica.edu.co\/portal\/#\/schema\/person\/2fe10d3836c8b18a520cbf458d96a728"},"headline":"La Universidad Cat\u00f3lica de Colombia fortaleci\u00f3 alianzas con rectores y orientadores en un encuentro institucional","datePublished":"2025-12-01T15:02:25+00:00","mainEntityOfPage":{"@id":"https:\/\/www.ucatolica.edu.co\/portal\/la-universidad-catolica-de-colombia-fortalecio-alianzas-con-rectores-y-orientadores-en-un-encuentro-institucional\/"},"wordCount":463,"commentCount":0,"publisher":{"@id":"https:\/\/www.ucatolica.edu.co\/portal\/#organization"},"image":{"@id":"https:\/\/www.ucatolica.edu.co\/portal\/la-universidad-catolica-de-colombia-fortalecio-alianzas-con-rectores-y-orientadores-en-un-encuentro-institucional\/#primaryimage"},"thumbnailUrl":"https:\/\/www.ucatolica.edu.co\/portal\/wp-content\/uploads\/2025\/11\/Encuentro-de-rectores-y-orientadores-UCC.png","keywords":["Comunicaci\u00f3n","Facultad de Psicolog\u00eda","Psicologia","Rectores"],"articleSection":["Noticias Principales"],"inLanguage":"es-CO"},{"@type":"WebPage","@id":"https:\/\/www.ucatolica.edu.co\/portal\/la-universidad-catolica-de-colombia-fortalecio-alianzas-con-rectores-y-orientadores-en-un-encuentro-institucional\/","url":"https:\/\/www.ucatolica.edu.co\/portal\/la-universidad-catolica-de-colombia-fortalecio-alianzas-con-rectores-y-orientadores-en-un-encuentro-institucional\/","name":"La Universidad Cat\u00f3lica de Colombia fortaleci\u00f3 alianzas con rectores y orientadores en un encuentro institucional - Universidad Cat\u00f3lica De Colombia","isPartOf":{"@id":"https:\/\/www.ucatolica.edu.co\/portal\/#website"},"primaryImageOfPage":{"@id":"https:\/\/www.ucatolica.edu.co\/portal\/la-universidad-catolica-de-colombia-fortalecio-alianzas-con-rectores-y-orientadores-en-un-encuentro-institucional\/#primaryimage"},"image":{"@id":"https:\/\/www.ucatolica.edu.co\/portal\/la-universidad-catolica-de-colombia-fortalecio-alianzas-con-rectores-y-orientadores-en-un-encuentro-institucional\/#primaryimage"},"thumbnailUrl":"https:\/\/www.ucatolica.edu.co\/portal\/wp-content\/uploads\/2025\/11\/Encuentro-de-rectores-y-orientadores-UCC.png","datePublished":"2025-12-01T15:02:25+00:00","breadcrumb":{"@id":"https:\/\/www.ucatolica.edu.co\/portal\/la-universidad-catolica-de-colombia-fortalecio-alianzas-con-rectores-y-orientadores-en-un-encuentro-institucional\/#breadcrumb"},"inLanguage":"es-CO","potentialAction":[{"@type":"ReadAction","target":["https:\/\/www.ucatolica.edu.co\/portal\/la-universidad-catolica-de-colombia-fortalecio-alianzas-con-rectores-y-orientadores-en-un-encuentro-institucional\/"]}]},{"@type":"ImageObject","inLanguage":"es-CO","@id":"https:\/\/www.ucatolica.edu.co\/portal\/la-universidad-catolica-de-colombia-fortalecio-alianzas-con-rectores-y-orientadores-en-un-encuentro-institucional\/#primaryimage","url":"https:\/\/www.ucatolica.edu.co\/portal\/wp-content\/uploads\/2025\/11\/Encuentro-de-rectores-y-orientadores-UCC.png","contentUrl":"https:\/\/www.ucatolica.edu.co\/portal\/wp-content\/uploads\/2025\/11\/Encuentro-de-rectores-y-orientadores-UCC.png","width":870,"height":522,"caption":"Encuentro de rectores y orientadores"},{"@type":"BreadcrumbList","@id":"https:\/\/www.ucatolica.edu.co\/portal\/la-universidad-catolica-de-colombia-fortalecio-alianzas-con-rectores-y-orientadores-en-un-encuentro-institucional\/#breadcrumb","itemListElement":[{"@type":"ListItem","position":1,"name":"Inicio","item":"https:\/\/www.ucatolica.edu.co\/portal\/"},{"@type":"ListItem","position":2,"name":"La Universidad Cat\u00f3lica de Colombia fortaleci\u00f3 alianzas con rectores y orientadores en un encuentro institucional"}]},{"@type":"WebSite","@id":"https:\/\/www.ucatolica.edu.co\/portal\/#website","url":"https:\/\/www.ucatolica.edu.co\/portal\/","name":"Universidad Cat\u00f3lica De Colombia","description":"Universidad Cat\u00f3lica De Colombia","publisher":{"@id":"https:\/\/www.ucatolica.edu.co\/portal\/#organization"},"potentialAction":[{"@type":"SearchAction","target":{"@type":"EntryPoint","urlTemplate":"https:\/\/www.ucatolica.edu.co\/portal\/?s={search_term_string}"},"query-input":{"@type":"PropertyValueSpecification","valueRequired":true,"valueName":"search_term_string"}}],"inLanguage":"es-CO"},{"@type":"Organization","@id":"https:\/\/www.ucatolica.edu.co\/portal\/#organization","name":"Universidad Cat\u00f3lica de Colombia","url":"https:\/\/www.ucatolica.edu.co\/portal\/","logo":{"@type":"ImageObject","inLanguage":"es-CO","@id":"https:\/\/www.ucatolica.edu.co\/portal\/#\/schema\/logo\/image\/","url":"https:\/\/www.ucatolica.edu.co\/portal\/wp-content\/uploads\/2021\/06\/logo-header-ho-1.svg","contentUrl":"https:\/\/www.ucatolica.edu.co\/portal\/wp-content\/uploads\/2021\/06\/logo-header-ho-1.svg","width":1,"height":1,"caption":"Universidad Cat\u00f3lica de Colombia"},"image":{"@id":"https:\/\/www.ucatolica.edu.co\/portal\/#\/schema\/logo\/image\/"},"sameAs":["https:\/\/www.facebook.com\/ucatolicacolombia","https:\/\/x.com\/UCatolicaCol","https:\/\/www.instagram.com\/universidadcatolicadecolombia\/","https:\/\/www.linkedin.com\/company\/universidadcatolicadecolombia\/","https:\/\/www.youtube.com\/user\/UCatolicaCo"]},{"@type":"Person","@id":"https:\/\/www.ucatolica.edu.co\/portal\/#\/schema\/person\/2fe10d3836c8b18a520cbf458d96a728","name":"Juan Jos\u00e9 Franco","url":"https:\/\/www.ucatolica.edu.co\/portal\/author\/juan\/"}]}},"author_meta":{"display_name":"Juan Jos\u00e9 Franco","author_link":"https:\/\/www.ucatolica.edu.co\/portal\/author\/juan\/"},"featured_img":"https:\/\/www.ucatolica.edu.co\/portal\/wp-content\/uploads\/2025\/11\/Encuentro-de-rectores-y-orientadores-UCC.png","coauthors":[],"tax_additional":{"categories":{"linked":["<a href=\"https:\/\/www.ucatolica.edu.co\/portal\/category\/noticias-principales\/\" class=\"advgb-post-tax-term\">Noticias Principales<\/a>"],"unlinked":["<span class=\"advgb-post-tax-term\">Noticias Principales<\/span>"]},"tags":{"linked":["<a href=\"https:\/\/www.ucatolica.edu.co\/portal\/category\/noticias-principales\/\" class=\"advgb-post-tax-term\">Comunicaci\u00f3n<\/a>","<a href=\"https:\/\/www.ucatolica.edu.co\/portal\/category\/noticias-principales\/\" class=\"advgb-post-tax-term\">Facultad de Psicolog\u00eda<\/a>","<a href=\"https:\/\/www.ucatolica.edu.co\/portal\/category\/noticias-principales\/\" class=\"advgb-post-tax-term\">Psicologia<\/a>","<a href=\"https:\/\/www.ucatolica.edu.co\/portal\/category\/noticias-principales\/\" class=\"advgb-post-tax-term\">Rectores<\/a>"],"unlinked":["<span class=\"advgb-post-tax-term\">Comunicaci\u00f3n<\/span>","<span class=\"advgb-post-tax-term\">Facultad de Psicolog\u00eda<\/span>","<span class=\"advgb-post-tax-term\">Psicologia<\/span>","<span class=\"advgb-post-tax-term\">Rectores<\/span>"]}},"comment_count":"0","relative_dates":{"created":"Posted 5 meses ago","modified":"Updated 5 meses ago"},"absolute_dates":{"created":"Posted on 1 diciembre, 2025","modified":"Updated on 1 diciembre, 2025"},"absolute_dates_time":{"created":"Posted on 1 diciembre, 2025 10:02 am","modified":"Updated on 1 diciembre, 2025 10:02 am"},"featured_img_caption":"","series_order":"","_links":{"self":[{"href":"https:\/\/www.ucatolica.edu.co\/portal\/wp-json\/wp\/v2\/posts\/127735","targetHints":{"allow":["GET"]}}],"collection":[{"href":"https:\/\/www.ucatolica.edu.co\/portal\/wp-json\/wp\/v2\/posts"}],"about":[{"href":"https:\/\/www.ucatolica.edu.co\/portal\/wp-json\/wp\/v2\/types\/post"}],"author":[{"embeddable":true,"href":"https:\/\/www.ucatolica.edu.co\/portal\/wp-json\/wp\/v2\/users\/65"}],"replies":[{"embeddable":true,"href":"https:\/\/www.ucatolica.edu.co\/portal\/wp-json\/wp\/v2\/comments?post=127735"}],"version-history":[{"count":4,"href":"https:\/\/www.ucatolica.edu.co\/portal\/wp-json\/wp\/v2\/posts\/127735\/revisions"}],"predecessor-version":[{"id":127875,"href":"https:\/\/www.ucatolica.edu.co\/portal\/wp-json\/wp\/v2\/posts\/127735\/revisions\/127875"}],"wp:featuredmedia":[{"embeddable":true,"href":"https:\/\/www.ucatolica.edu.co\/portal\/wp-json\/wp\/v2\/media\/127872"}],"wp:attachment":[{"href":"https:\/\/www.ucatolica.edu.co\/portal\/wp-json\/wp\/v2\/media?parent=127735"}],"wp:term":[{"taxonomy":"category","embeddable":true,"href":"https:\/\/www.ucatolica.edu.co\/portal\/wp-json\/wp\/v2\/categories?post=127735"},{"taxonomy":"post_tag","embeddable":true,"href":"https:\/\/www.ucatolica.edu.co\/portal\/wp-json\/wp\/v2\/tags?post=127735"}],"curies":[{"name":"wp","href":"https:\/\/api.w.org\/{rel}","templated":true}]}}