{"id":128227,"date":"2025-12-05T11:52:51","date_gmt":"2025-12-05T16:52:51","guid":{"rendered":"https:\/\/www.ucatolica.edu.co\/portal\/?p=128227"},"modified":"2025-12-05T16:57:37","modified_gmt":"2025-12-05T21:57:37","slug":"proyecto-de-la-usp-es-reconocido-entre-las-tres-mejores-iniciativas-intersectoriales-de-bogota","status":"publish","type":"post","link":"https:\/\/www.ucatolica.edu.co\/portal\/proyecto-de-la-usp-es-reconocido-entre-las-tres-mejores-iniciativas-intersectoriales-de-bogota\/","title":{"rendered":"Proyecto de la USP es reconocido entre las tres mejores iniciativas intersectoriales de Bogot\u00e1"},"content":{"rendered":"\n<p>El proyecto<strong> \u201cAportes a la sostenibilidad en salud mental: Una experiencia intersectorial con perspectiva socioemocional\u201d<\/strong>, desarrollado por la <strong>Unidad de Servicios Psicol\u00f3gicos (USP)<\/strong> de la Universidad Cat\u00f3lica de Colombia, fue destacado por la <strong>Alcald\u00eda de Bogot\u00e1, a trav\u00e9s de la Secretar\u00eda de Integraci\u00f3n Social (SDIS)<\/strong> como una de las tres mejores iniciativas intersectoriales de la ciudad, entre 15 propuestas participantes. Este reconocimiento resalta el impacto del proyecto en la prevenci\u00f3n de violencias y la promoci\u00f3n del <strong>Buen Trato<\/strong> en poblaciones de primera infancia, familias y persona mayor, consolid\u00e1ndolo como una experiencia con resultados significativos para el bienestar comunitario.<\/p>\n\n\n\n<p>La estrategia fue dise\u00f1ada y ejecutada por Nubia Salguero Jim\u00e9nez y Luisa Fernanda Becerra, con el apoyo de estudiantes en pr\u00e1ctica adscritos a los procesos de promoci\u00f3n y prevenci\u00f3n de la USP. Su implementaci\u00f3n benefici\u00f3 a j<strong>ardines infantiles del ICBF en la localidad de Teusaquillo y a personas mayores de los sectores Pablo VI segundo sector y Quinta Paredes<\/strong>, con el acompa\u00f1amiento de la Subred Norte de la Secretar\u00eda Distrital de Salud, durante los periodos 2023-3, 2024-1, 2024-3 y 2025-1.<\/p>\n\n\n\n<h2 class=\"wp-block-heading\">Dos programas constituyeron el eje central de esta experiencia:<\/h2>\n\n\n\n<ul class=\"wp-block-list\">\n<li>\u201cEn colores, juegos y emociones\u201d, dirigido a la primera infancia, se enfoc\u00f3 en fortalecer la identificaci\u00f3n, regulaci\u00f3n y expresi\u00f3n emocional, as\u00ed como en promover entornos protectores mediante el trabajo articulado entre docentes, familias y equipos pedag\u00f3gicos.<\/li>\n\n\n\n<li>\u201cSerenidad Dorada\u201d, orientado a personas mayores, impuls\u00f3 la gesti\u00f3n emocional, el autocuidado y el fortalecimiento de redes de apoyo, generando impactos positivos en la convivencia familiar, la reducci\u00f3n del aislamiento y la construcci\u00f3n de relaciones basadas en la empat\u00eda.<\/li>\n<\/ul>\n\n\n\n<p>En los jardines infantiles, la participaci\u00f3n activa de ni\u00f1os, familias y educadores permiti\u00f3 consolidar pr\u00e1cticas de crianza positiva, adem\u00e1s de facilitar la detecci\u00f3n temprana de situaciones que requer\u00edan atenci\u00f3n especializada. En paralelo, el trabajo con personas mayores fortaleci\u00f3 habilidades socioemocionales clave para afrontar el duelo, mejorar la comunicaci\u00f3n y promover v\u00ednculos protectores dentro de la comunidad.<\/p>\n\n\n\n<figure class=\"wp-block-gallery has-nested-images columns-default is-cropped wp-block-gallery-1 is-layout-flex wp-block-gallery-is-layout-flex\">\n<figure class=\"wp-block-image size-large\"><img fetchpriority=\"high\" decoding=\"async\" width=\"870\" height=\"522\" data-id=\"128230\" src=\"https:\/\/www.ucatolica.edu.co\/portal\/wp-content\/uploads\/2025\/12\/La-USP-es-reconocido-entre-las-tres-mejores-iniciativas-intersectoriales.png\" alt=\"\" class=\"wp-image-128230\" srcset=\"https:\/\/www.ucatolica.edu.co\/portal\/wp-content\/uploads\/2025\/12\/La-USP-es-reconocido-entre-las-tres-mejores-iniciativas-intersectoriales.png 870w, https:\/\/www.ucatolica.edu.co\/portal\/wp-content\/uploads\/2025\/12\/La-USP-es-reconocido-entre-las-tres-mejores-iniciativas-intersectoriales-768x461.png 768w\" sizes=\"(max-width: 870px) 100vw, 870px\" \/><\/figure>\n\n\n\n<figure class=\"wp-block-image size-large\"><img decoding=\"async\" width=\"870\" height=\"522\" data-id=\"128229\" src=\"https:\/\/www.ucatolica.edu.co\/portal\/wp-content\/uploads\/2025\/12\/USP-es-reconocido-entre-las-tres-mejores-iniciativas-intersectoriales-de-Bogota.png\" alt=\"\" class=\"wp-image-128229\" srcset=\"https:\/\/www.ucatolica.edu.co\/portal\/wp-content\/uploads\/2025\/12\/USP-es-reconocido-entre-las-tres-mejores-iniciativas-intersectoriales-de-Bogota.png 870w, https:\/\/www.ucatolica.edu.co\/portal\/wp-content\/uploads\/2025\/12\/USP-es-reconocido-entre-las-tres-mejores-iniciativas-intersectoriales-de-Bogota-768x461.png 768w\" sizes=\"(max-width: 870px) 100vw, 870px\" \/><\/figure>\n<\/figure>\n\n\n\n<p>El proyecto se distingui\u00f3 por su enfoque preventivo, intersectorial y comunitario, as\u00ed como por su capacidad para operar de manera continua y generar transformaciones sostenidas en la salud mental. Su trayectoria en varios periodos acad\u00e9micos demuestra que se trata de un modelo replicable, adaptable y de alto impacto para la ciudad.<\/p>\n\n\n\n<p>Este reconocimiento posiciona a la <strong>Unidad de Servicios Psicol\u00f3gicos<\/strong> como un referente en la construcci\u00f3n de entornos seguros, protectores y orientados al Buen Trato, reafirmando el compromiso de la Universidad Cat\u00f3lica de Colombia con el bienestar social y el fortalecimiento de la salud mental en Bogot\u00e1.<\/p>\n","protected":false},"excerpt":{"rendered":"<p>El proyecto \u201cAportes a la sostenibilidad en salud mental: Una experiencia intersectorial con perspectiva socioemocional\u201d, desarrollado por la Unidad de Servicios Psicol\u00f3gicos (USP) de la Universidad Cat\u00f3lica de Colombia, fue destacado por la Alcald\u00eda de Bogot\u00e1, a trav\u00e9s de la Secretar\u00eda de Integraci\u00f3n Social (SDIS) como una de las tres mejores iniciativas intersectoriales de la [&hellip;]<\/p>\n","protected":false},"author":65,"featured_media":128231,"comment_status":"open","ping_status":"open","sticky":false,"template":"","format":"standard","meta":{"_acf_changed":false,"advgb_blocks_editor_width":"","advgb_blocks_columns_visual_guide":"","footnotes":""},"categories":[93,1973],"tags":[1961,2619,1954],"class_list":["post-128227","post","type-post","status-publish","format-standard","has-post-thumbnail","hentry","category-noticias-principales","category-usp","tag-poav","tag-psicologia-2","tag-usp"],"acf":[],"yoast_head":"<!-- This site is optimized with the Yoast SEO plugin v26.7 - https:\/\/yoast.com\/wordpress\/plugins\/seo\/ -->\n<title>Proyecto de la USP es reconocido entre las tres mejores iniciativas intersectoriales de Bogot\u00e1 - Universidad Cat\u00f3lica De Colombia<\/title>\n<meta name=\"robots\" content=\"index, follow, max-snippet:-1, max-image-preview:large, max-video-preview:-1\" \/>\n<link rel=\"canonical\" href=\"https:\/\/www.ucatolica.edu.co\/portal\/proyecto-de-la-usp-es-reconocido-entre-las-tres-mejores-iniciativas-intersectoriales-de-bogota\/\" \/>\n<meta property=\"og:locale\" content=\"es_ES\" \/>\n<meta property=\"og:type\" content=\"article\" \/>\n<meta property=\"og:title\" content=\"Proyecto de la USP es reconocido entre las tres mejores iniciativas intersectoriales de Bogot\u00e1 - Universidad Cat\u00f3lica De Colombia\" \/>\n<meta property=\"og:description\" content=\"El proyecto \u201cAportes a la sostenibilidad en salud mental: Una experiencia intersectorial con perspectiva socioemocional\u201d, desarrollado por la Unidad de Servicios Psicol\u00f3gicos (USP) de la Universidad Cat\u00f3lica de Colombia, fue destacado por la Alcald\u00eda de Bogot\u00e1, a trav\u00e9s de la Secretar\u00eda de Integraci\u00f3n Social (SDIS) como una de las tres mejores iniciativas intersectoriales de la [&hellip;]\" \/>\n<meta property=\"og:url\" content=\"https:\/\/www.ucatolica.edu.co\/portal\/proyecto-de-la-usp-es-reconocido-entre-las-tres-mejores-iniciativas-intersectoriales-de-bogota\/\" \/>\n<meta property=\"og:site_name\" content=\"Universidad Cat\u00f3lica De Colombia\" \/>\n<meta property=\"article:publisher\" content=\"https:\/\/www.facebook.com\/ucatolicacolombia\" \/>\n<meta property=\"article:published_time\" content=\"2025-12-05T16:52:51+00:00\" \/>\n<meta property=\"article:modified_time\" content=\"2025-12-05T21:57:37+00:00\" \/>\n<meta property=\"og:image\" content=\"https:\/\/www.ucatolica.edu.co\/portal\/wp-content\/uploads\/2025\/12\/USP-es-reconocido-entre-las-tres-mejores-iniciativas-intersectoriales.png\" \/>\n\t<meta property=\"og:image:width\" content=\"870\" \/>\n\t<meta property=\"og:image:height\" content=\"522\" \/>\n\t<meta property=\"og:image:type\" content=\"image\/png\" \/>\n<meta name=\"author\" content=\"Juan Jos\u00e9 Franco\" \/>\n<meta name=\"twitter:card\" content=\"summary_large_image\" \/>\n<meta name=\"twitter:creator\" content=\"@UCatolicaCol\" \/>\n<meta name=\"twitter:site\" content=\"@UCatolicaCol\" \/>\n<meta name=\"twitter:label1\" content=\"Escrito por\" \/>\n\t<meta name=\"twitter:data1\" content=\"Juan Jos\u00e9 Franco\" \/>\n\t<meta name=\"twitter:label2\" content=\"Tiempo de lectura\" \/>\n\t<meta name=\"twitter:data2\" content=\"2 minutos\" \/>\n<script type=\"application\/ld+json\" class=\"yoast-schema-graph\">{\"@context\":\"https:\/\/schema.org\",\"@graph\":[{\"@type\":\"Article\",\"@id\":\"https:\/\/www.ucatolica.edu.co\/portal\/proyecto-de-la-usp-es-reconocido-entre-las-tres-mejores-iniciativas-intersectoriales-de-bogota\/#article\",\"isPartOf\":{\"@id\":\"https:\/\/www.ucatolica.edu.co\/portal\/proyecto-de-la-usp-es-reconocido-entre-las-tres-mejores-iniciativas-intersectoriales-de-bogota\/\"},\"author\":{\"name\":\"Juan Jos\u00e9 Franco\",\"@id\":\"https:\/\/www.ucatolica.edu.co\/portal\/#\/schema\/person\/2fe10d3836c8b18a520cbf458d96a728\"},\"headline\":\"Proyecto de la USP es reconocido entre las tres mejores iniciativas intersectoriales de Bogot\u00e1\",\"datePublished\":\"2025-12-05T16:52:51+00:00\",\"dateModified\":\"2025-12-05T21:57:37+00:00\",\"mainEntityOfPage\":{\"@id\":\"https:\/\/www.ucatolica.edu.co\/portal\/proyecto-de-la-usp-es-reconocido-entre-las-tres-mejores-iniciativas-intersectoriales-de-bogota\/\"},\"wordCount\":466,\"commentCount\":0,\"publisher\":{\"@id\":\"https:\/\/www.ucatolica.edu.co\/portal\/#organization\"},\"image\":{\"@id\":\"https:\/\/www.ucatolica.edu.co\/portal\/proyecto-de-la-usp-es-reconocido-entre-las-tres-mejores-iniciativas-intersectoriales-de-bogota\/#primaryimage\"},\"thumbnailUrl\":\"https:\/\/www.ucatolica.edu.co\/portal\/wp-content\/uploads\/2025\/12\/USP-es-reconocido-entre-las-tres-mejores-iniciativas-intersectoriales.png\",\"keywords\":[\"POAV\",\"Psicologia\",\"USP\"],\"articleSection\":[\"Noticias Principales\",\"USP\"],\"inLanguage\":\"es-CO\"},{\"@type\":\"WebPage\",\"@id\":\"https:\/\/www.ucatolica.edu.co\/portal\/proyecto-de-la-usp-es-reconocido-entre-las-tres-mejores-iniciativas-intersectoriales-de-bogota\/\",\"url\":\"https:\/\/www.ucatolica.edu.co\/portal\/proyecto-de-la-usp-es-reconocido-entre-las-tres-mejores-iniciativas-intersectoriales-de-bogota\/\",\"name\":\"Proyecto de la USP es reconocido entre las tres mejores iniciativas intersectoriales de Bogot\u00e1 - Universidad Cat\u00f3lica De Colombia\",\"isPartOf\":{\"@id\":\"https:\/\/www.ucatolica.edu.co\/portal\/#website\"},\"primaryImageOfPage\":{\"@id\":\"https:\/\/www.ucatolica.edu.co\/portal\/proyecto-de-la-usp-es-reconocido-entre-las-tres-mejores-iniciativas-intersectoriales-de-bogota\/#primaryimage\"},\"image\":{\"@id\":\"https:\/\/www.ucatolica.edu.co\/portal\/proyecto-de-la-usp-es-reconocido-entre-las-tres-mejores-iniciativas-intersectoriales-de-bogota\/#primaryimage\"},\"thumbnailUrl\":\"https:\/\/www.ucatolica.edu.co\/portal\/wp-content\/uploads\/2025\/12\/USP-es-reconocido-entre-las-tres-mejores-iniciativas-intersectoriales.png\",\"datePublished\":\"2025-12-05T16:52:51+00:00\",\"dateModified\":\"2025-12-05T21:57:37+00:00\",\"breadcrumb\":{\"@id\":\"https:\/\/www.ucatolica.edu.co\/portal\/proyecto-de-la-usp-es-reconocido-entre-las-tres-mejores-iniciativas-intersectoriales-de-bogota\/#breadcrumb\"},\"inLanguage\":\"es-CO\",\"potentialAction\":[{\"@type\":\"ReadAction\",\"target\":[\"https:\/\/www.ucatolica.edu.co\/portal\/proyecto-de-la-usp-es-reconocido-entre-las-tres-mejores-iniciativas-intersectoriales-de-bogota\/\"]}]},{\"@type\":\"ImageObject\",\"inLanguage\":\"es-CO\",\"@id\":\"https:\/\/www.ucatolica.edu.co\/portal\/proyecto-de-la-usp-es-reconocido-entre-las-tres-mejores-iniciativas-intersectoriales-de-bogota\/#primaryimage\",\"url\":\"https:\/\/www.ucatolica.edu.co\/portal\/wp-content\/uploads\/2025\/12\/USP-es-reconocido-entre-las-tres-mejores-iniciativas-intersectoriales.png\",\"contentUrl\":\"https:\/\/www.ucatolica.edu.co\/portal\/wp-content\/uploads\/2025\/12\/USP-es-reconocido-entre-las-tres-mejores-iniciativas-intersectoriales.png\",\"width\":870,\"height\":522},{\"@type\":\"BreadcrumbList\",\"@id\":\"https:\/\/www.ucatolica.edu.co\/portal\/proyecto-de-la-usp-es-reconocido-entre-las-tres-mejores-iniciativas-intersectoriales-de-bogota\/#breadcrumb\",\"itemListElement\":[{\"@type\":\"ListItem\",\"position\":1,\"name\":\"Inicio\",\"item\":\"https:\/\/www.ucatolica.edu.co\/portal\/\"},{\"@type\":\"ListItem\",\"position\":2,\"name\":\"Proyecto de la USP es reconocido entre las tres mejores iniciativas intersectoriales de Bogot\u00e1\"}]},{\"@type\":\"WebSite\",\"@id\":\"https:\/\/www.ucatolica.edu.co\/portal\/#website\",\"url\":\"https:\/\/www.ucatolica.edu.co\/portal\/\",\"name\":\"Universidad Cat\u00f3lica De Colombia\",\"description\":\"Universidad Cat\u00f3lica De Colombia\",\"publisher\":{\"@id\":\"https:\/\/www.ucatolica.edu.co\/portal\/#organization\"},\"potentialAction\":[{\"@type\":\"SearchAction\",\"target\":{\"@type\":\"EntryPoint\",\"urlTemplate\":\"https:\/\/www.ucatolica.edu.co\/portal\/?s={search_term_string}\"},\"query-input\":{\"@type\":\"PropertyValueSpecification\",\"valueRequired\":true,\"valueName\":\"search_term_string\"}}],\"inLanguage\":\"es-CO\"},{\"@type\":\"Organization\",\"@id\":\"https:\/\/www.ucatolica.edu.co\/portal\/#organization\",\"name\":\"Universidad Cat\u00f3lica de Colombia\",\"url\":\"https:\/\/www.ucatolica.edu.co\/portal\/\",\"logo\":{\"@type\":\"ImageObject\",\"inLanguage\":\"es-CO\",\"@id\":\"https:\/\/www.ucatolica.edu.co\/portal\/#\/schema\/logo\/image\/\",\"url\":\"https:\/\/www.ucatolica.edu.co\/portal\/wp-content\/uploads\/2021\/06\/logo-header-ho-1.svg\",\"contentUrl\":\"https:\/\/www.ucatolica.edu.co\/portal\/wp-content\/uploads\/2021\/06\/logo-header-ho-1.svg\",\"width\":1,\"height\":1,\"caption\":\"Universidad Cat\u00f3lica de Colombia\"},\"image\":{\"@id\":\"https:\/\/www.ucatolica.edu.co\/portal\/#\/schema\/logo\/image\/\"},\"sameAs\":[\"https:\/\/www.facebook.com\/ucatolicacolombia\",\"https:\/\/x.com\/UCatolicaCol\",\"https:\/\/www.instagram.com\/universidadcatolicadecolombia\/\",\"https:\/\/www.linkedin.com\/company\/universidadcatolicadecolombia\/\",\"https:\/\/www.youtube.com\/user\/UCatolicaCo\"]},{\"@type\":\"Person\",\"@id\":\"https:\/\/www.ucatolica.edu.co\/portal\/#\/schema\/person\/2fe10d3836c8b18a520cbf458d96a728\",\"name\":\"Juan Jos\u00e9 Franco\",\"url\":\"https:\/\/www.ucatolica.edu.co\/portal\/author\/juan\/\"}]}<\/script>\n<!-- \/ Yoast SEO plugin. -->","yoast_head_json":{"title":"Proyecto de la USP es reconocido entre las tres mejores iniciativas intersectoriales de Bogot\u00e1 - Universidad Cat\u00f3lica De Colombia","robots":{"index":"index","follow":"follow","max-snippet":"max-snippet:-1","max-image-preview":"max-image-preview:large","max-video-preview":"max-video-preview:-1"},"canonical":"https:\/\/www.ucatolica.edu.co\/portal\/proyecto-de-la-usp-es-reconocido-entre-las-tres-mejores-iniciativas-intersectoriales-de-bogota\/","og_locale":"es_ES","og_type":"article","og_title":"Proyecto de la USP es reconocido entre las tres mejores iniciativas intersectoriales de Bogot\u00e1 - Universidad Cat\u00f3lica De Colombia","og_description":"El proyecto \u201cAportes a la sostenibilidad en salud mental: Una experiencia intersectorial con perspectiva socioemocional\u201d, desarrollado por la Unidad de Servicios Psicol\u00f3gicos (USP) de la Universidad Cat\u00f3lica de Colombia, fue destacado por la Alcald\u00eda de Bogot\u00e1, a trav\u00e9s de la Secretar\u00eda de Integraci\u00f3n Social (SDIS) como una de las tres mejores iniciativas intersectoriales de la [&hellip;]","og_url":"https:\/\/www.ucatolica.edu.co\/portal\/proyecto-de-la-usp-es-reconocido-entre-las-tres-mejores-iniciativas-intersectoriales-de-bogota\/","og_site_name":"Universidad Cat\u00f3lica De Colombia","article_publisher":"https:\/\/www.facebook.com\/ucatolicacolombia","article_published_time":"2025-12-05T16:52:51+00:00","article_modified_time":"2025-12-05T21:57:37+00:00","og_image":[{"width":870,"height":522,"url":"https:\/\/www.ucatolica.edu.co\/portal\/wp-content\/uploads\/2025\/12\/USP-es-reconocido-entre-las-tres-mejores-iniciativas-intersectoriales.png","type":"image\/png"}],"author":"Juan Jos\u00e9 Franco","twitter_card":"summary_large_image","twitter_creator":"@UCatolicaCol","twitter_site":"@UCatolicaCol","twitter_misc":{"Escrito por":"Juan Jos\u00e9 Franco","Tiempo de lectura":"2 minutos"},"schema":{"@context":"https:\/\/schema.org","@graph":[{"@type":"Article","@id":"https:\/\/www.ucatolica.edu.co\/portal\/proyecto-de-la-usp-es-reconocido-entre-las-tres-mejores-iniciativas-intersectoriales-de-bogota\/#article","isPartOf":{"@id":"https:\/\/www.ucatolica.edu.co\/portal\/proyecto-de-la-usp-es-reconocido-entre-las-tres-mejores-iniciativas-intersectoriales-de-bogota\/"},"author":{"name":"Juan Jos\u00e9 Franco","@id":"https:\/\/www.ucatolica.edu.co\/portal\/#\/schema\/person\/2fe10d3836c8b18a520cbf458d96a728"},"headline":"Proyecto de la USP es reconocido entre las tres mejores iniciativas intersectoriales de Bogot\u00e1","datePublished":"2025-12-05T16:52:51+00:00","dateModified":"2025-12-05T21:57:37+00:00","mainEntityOfPage":{"@id":"https:\/\/www.ucatolica.edu.co\/portal\/proyecto-de-la-usp-es-reconocido-entre-las-tres-mejores-iniciativas-intersectoriales-de-bogota\/"},"wordCount":466,"commentCount":0,"publisher":{"@id":"https:\/\/www.ucatolica.edu.co\/portal\/#organization"},"image":{"@id":"https:\/\/www.ucatolica.edu.co\/portal\/proyecto-de-la-usp-es-reconocido-entre-las-tres-mejores-iniciativas-intersectoriales-de-bogota\/#primaryimage"},"thumbnailUrl":"https:\/\/www.ucatolica.edu.co\/portal\/wp-content\/uploads\/2025\/12\/USP-es-reconocido-entre-las-tres-mejores-iniciativas-intersectoriales.png","keywords":["POAV","Psicologia","USP"],"articleSection":["Noticias Principales","USP"],"inLanguage":"es-CO"},{"@type":"WebPage","@id":"https:\/\/www.ucatolica.edu.co\/portal\/proyecto-de-la-usp-es-reconocido-entre-las-tres-mejores-iniciativas-intersectoriales-de-bogota\/","url":"https:\/\/www.ucatolica.edu.co\/portal\/proyecto-de-la-usp-es-reconocido-entre-las-tres-mejores-iniciativas-intersectoriales-de-bogota\/","name":"Proyecto de la USP es reconocido entre las tres mejores iniciativas intersectoriales de Bogot\u00e1 - Universidad Cat\u00f3lica De Colombia","isPartOf":{"@id":"https:\/\/www.ucatolica.edu.co\/portal\/#website"},"primaryImageOfPage":{"@id":"https:\/\/www.ucatolica.edu.co\/portal\/proyecto-de-la-usp-es-reconocido-entre-las-tres-mejores-iniciativas-intersectoriales-de-bogota\/#primaryimage"},"image":{"@id":"https:\/\/www.ucatolica.edu.co\/portal\/proyecto-de-la-usp-es-reconocido-entre-las-tres-mejores-iniciativas-intersectoriales-de-bogota\/#primaryimage"},"thumbnailUrl":"https:\/\/www.ucatolica.edu.co\/portal\/wp-content\/uploads\/2025\/12\/USP-es-reconocido-entre-las-tres-mejores-iniciativas-intersectoriales.png","datePublished":"2025-12-05T16:52:51+00:00","dateModified":"2025-12-05T21:57:37+00:00","breadcrumb":{"@id":"https:\/\/www.ucatolica.edu.co\/portal\/proyecto-de-la-usp-es-reconocido-entre-las-tres-mejores-iniciativas-intersectoriales-de-bogota\/#breadcrumb"},"inLanguage":"es-CO","potentialAction":[{"@type":"ReadAction","target":["https:\/\/www.ucatolica.edu.co\/portal\/proyecto-de-la-usp-es-reconocido-entre-las-tres-mejores-iniciativas-intersectoriales-de-bogota\/"]}]},{"@type":"ImageObject","inLanguage":"es-CO","@id":"https:\/\/www.ucatolica.edu.co\/portal\/proyecto-de-la-usp-es-reconocido-entre-las-tres-mejores-iniciativas-intersectoriales-de-bogota\/#primaryimage","url":"https:\/\/www.ucatolica.edu.co\/portal\/wp-content\/uploads\/2025\/12\/USP-es-reconocido-entre-las-tres-mejores-iniciativas-intersectoriales.png","contentUrl":"https:\/\/www.ucatolica.edu.co\/portal\/wp-content\/uploads\/2025\/12\/USP-es-reconocido-entre-las-tres-mejores-iniciativas-intersectoriales.png","width":870,"height":522},{"@type":"BreadcrumbList","@id":"https:\/\/www.ucatolica.edu.co\/portal\/proyecto-de-la-usp-es-reconocido-entre-las-tres-mejores-iniciativas-intersectoriales-de-bogota\/#breadcrumb","itemListElement":[{"@type":"ListItem","position":1,"name":"Inicio","item":"https:\/\/www.ucatolica.edu.co\/portal\/"},{"@type":"ListItem","position":2,"name":"Proyecto de la USP es reconocido entre las tres mejores iniciativas intersectoriales de Bogot\u00e1"}]},{"@type":"WebSite","@id":"https:\/\/www.ucatolica.edu.co\/portal\/#website","url":"https:\/\/www.ucatolica.edu.co\/portal\/","name":"Universidad Cat\u00f3lica De Colombia","description":"Universidad Cat\u00f3lica De Colombia","publisher":{"@id":"https:\/\/www.ucatolica.edu.co\/portal\/#organization"},"potentialAction":[{"@type":"SearchAction","target":{"@type":"EntryPoint","urlTemplate":"https:\/\/www.ucatolica.edu.co\/portal\/?s={search_term_string}"},"query-input":{"@type":"PropertyValueSpecification","valueRequired":true,"valueName":"search_term_string"}}],"inLanguage":"es-CO"},{"@type":"Organization","@id":"https:\/\/www.ucatolica.edu.co\/portal\/#organization","name":"Universidad Cat\u00f3lica de Colombia","url":"https:\/\/www.ucatolica.edu.co\/portal\/","logo":{"@type":"ImageObject","inLanguage":"es-CO","@id":"https:\/\/www.ucatolica.edu.co\/portal\/#\/schema\/logo\/image\/","url":"https:\/\/www.ucatolica.edu.co\/portal\/wp-content\/uploads\/2021\/06\/logo-header-ho-1.svg","contentUrl":"https:\/\/www.ucatolica.edu.co\/portal\/wp-content\/uploads\/2021\/06\/logo-header-ho-1.svg","width":1,"height":1,"caption":"Universidad Cat\u00f3lica de Colombia"},"image":{"@id":"https:\/\/www.ucatolica.edu.co\/portal\/#\/schema\/logo\/image\/"},"sameAs":["https:\/\/www.facebook.com\/ucatolicacolombia","https:\/\/x.com\/UCatolicaCol","https:\/\/www.instagram.com\/universidadcatolicadecolombia\/","https:\/\/www.linkedin.com\/company\/universidadcatolicadecolombia\/","https:\/\/www.youtube.com\/user\/UCatolicaCo"]},{"@type":"Person","@id":"https:\/\/www.ucatolica.edu.co\/portal\/#\/schema\/person\/2fe10d3836c8b18a520cbf458d96a728","name":"Juan Jos\u00e9 Franco","url":"https:\/\/www.ucatolica.edu.co\/portal\/author\/juan\/"}]}},"author_meta":{"display_name":"Juan Jos\u00e9 Franco","author_link":"https:\/\/www.ucatolica.edu.co\/portal\/author\/juan\/"},"featured_img":"https:\/\/www.ucatolica.edu.co\/portal\/wp-content\/uploads\/2025\/12\/USP-es-reconocido-entre-las-tres-mejores-iniciativas-intersectoriales.png","coauthors":[],"tax_additional":{"categories":{"linked":["<a href=\"https:\/\/www.ucatolica.edu.co\/portal\/category\/noticias-principales\/\" class=\"advgb-post-tax-term\">Noticias Principales<\/a>","<a href=\"https:\/\/www.ucatolica.edu.co\/portal\/category\/usp\/\" class=\"advgb-post-tax-term\">USP<\/a>"],"unlinked":["<span class=\"advgb-post-tax-term\">Noticias Principales<\/span>","<span class=\"advgb-post-tax-term\">USP<\/span>"]},"tags":{"linked":["<a href=\"https:\/\/www.ucatolica.edu.co\/portal\/category\/usp\/\" class=\"advgb-post-tax-term\">POAV<\/a>","<a href=\"https:\/\/www.ucatolica.edu.co\/portal\/category\/usp\/\" class=\"advgb-post-tax-term\">Psicologia<\/a>","<a href=\"https:\/\/www.ucatolica.edu.co\/portal\/category\/usp\/\" class=\"advgb-post-tax-term\">USP<\/a>"],"unlinked":["<span class=\"advgb-post-tax-term\">POAV<\/span>","<span class=\"advgb-post-tax-term\">Psicologia<\/span>","<span class=\"advgb-post-tax-term\">USP<\/span>"]}},"comment_count":"0","relative_dates":{"created":"Posted 5 meses ago","modified":"Updated 5 meses ago"},"absolute_dates":{"created":"Posted on 5 diciembre, 2025","modified":"Updated on 5 diciembre, 2025"},"absolute_dates_time":{"created":"Posted on 5 diciembre, 2025 11:52 am","modified":"Updated on 5 diciembre, 2025 4:57 pm"},"featured_img_caption":"","series_order":"","_links":{"self":[{"href":"https:\/\/www.ucatolica.edu.co\/portal\/wp-json\/wp\/v2\/posts\/128227","targetHints":{"allow":["GET"]}}],"collection":[{"href":"https:\/\/www.ucatolica.edu.co\/portal\/wp-json\/wp\/v2\/posts"}],"about":[{"href":"https:\/\/www.ucatolica.edu.co\/portal\/wp-json\/wp\/v2\/types\/post"}],"author":[{"embeddable":true,"href":"https:\/\/www.ucatolica.edu.co\/portal\/wp-json\/wp\/v2\/users\/65"}],"replies":[{"embeddable":true,"href":"https:\/\/www.ucatolica.edu.co\/portal\/wp-json\/wp\/v2\/comments?post=128227"}],"version-history":[{"count":4,"href":"https:\/\/www.ucatolica.edu.co\/portal\/wp-json\/wp\/v2\/posts\/128227\/revisions"}],"predecessor-version":[{"id":128239,"href":"https:\/\/www.ucatolica.edu.co\/portal\/wp-json\/wp\/v2\/posts\/128227\/revisions\/128239"}],"wp:featuredmedia":[{"embeddable":true,"href":"https:\/\/www.ucatolica.edu.co\/portal\/wp-json\/wp\/v2\/media\/128231"}],"wp:attachment":[{"href":"https:\/\/www.ucatolica.edu.co\/portal\/wp-json\/wp\/v2\/media?parent=128227"}],"wp:term":[{"taxonomy":"category","embeddable":true,"href":"https:\/\/www.ucatolica.edu.co\/portal\/wp-json\/wp\/v2\/categories?post=128227"},{"taxonomy":"post_tag","embeddable":true,"href":"https:\/\/www.ucatolica.edu.co\/portal\/wp-json\/wp\/v2\/tags?post=128227"}],"curies":[{"name":"wp","href":"https:\/\/api.w.org\/{rel}","templated":true}]}}