{"id":128236,"date":"2025-12-05T15:02:04","date_gmt":"2025-12-05T20:02:04","guid":{"rendered":"https:\/\/www.ucatolica.edu.co\/portal\/?p=128236"},"modified":"2025-12-05T16:35:50","modified_gmt":"2025-12-05T21:35:50","slug":"universidad-catolica-de-colombia-mantiene-su-presencia-en-el-the-latin-america-university-rankings-2026","status":"publish","type":"post","link":"https:\/\/www.ucatolica.edu.co\/portal\/universidad-catolica-de-colombia-mantiene-su-presencia-en-el-the-latin-america-university-rankings-2026\/","title":{"rendered":"Universidad Cat\u00f3lica de Colombia mantiene su presencia en el THE Latin America University Rankings 2026"},"content":{"rendered":"\n<p>La Universidad Cat\u00f3lica de Colombia fortalece su presencia en el <em>Times Higher Education<\/em> (THE) Latin America University Rankings 2026, al mantenerse por <strong>cuarto a\u00f1o consecutivo<\/strong> en esta importante clasificaci\u00f3n.<\/p>\n\n\n\n<p>El doctor <strong>Gabriel Jos\u00e9 Angulo Linero<\/strong>, decano acad\u00e9mico de la Universidad, expres\u00f3 la satisfacci\u00f3n institucional frente a este resultado: <em>\u201cEstamos muy contentos y muy satisfechos con ocasi\u00f3n de la publicaci\u00f3n de los resultados del ranking Times Higher Education Latinoam\u00e9rica. Este es uno de los rankings m\u00e1s rigurosos del mundo, que examina cinco pilares de evaluaci\u00f3n\u201d<\/em>.<\/p>\n\n\n\n<p>En esta edici\u00f3n, la Instituci\u00f3n ocup\u00f3 el <strong>rango 151+<\/strong> dentro de un total de <strong>223 universidades<\/strong> clasificadas, pertenecientes a <strong>16 pa\u00edses de Am\u00e9rica Latina y el Caribe<\/strong>. Este desempe\u00f1o sit\u00faa a la Universidad dentro de un grupo selecto de instituciones reconocidas por su calidad acad\u00e9mica y su aporte al desarrollo cient\u00edfico y formativo de la regi\u00f3n. En el caso de Colombia, fueron clasificadas <strong>38 universidades<\/strong>.<\/p>\n\n\n\n<p>El ranking THE para Am\u00e9rica Latina eval\u00faa cinco pilares fundamentales. En palabras del decano Angulo Linero:<br><em>\u201cEl primer pilar es la ense\u00f1anza, donde estudian de manera detallada el ambiente de aprendizaje. El segundo pilar es el ambiente de investigaci\u00f3n, donde examinan el volumen, los ingresos y la reputaci\u00f3n investigativa. El tercer pilar es la calidad de la investigaci\u00f3n, en el que valoran nuestras fortalezas, la excelencia y la influencia de la investigaci\u00f3n. El cuarto pilar es el perfil internacional, tanto del personal administrativo como de los estudiantes e investigadores. Y el quinto y \u00faltimo pilar es el de la industria, donde examinan de manera concreta las patentes.\u201d<\/em><\/p>\n\n\n\n<p>En la edici\u00f3n 2026, la Universidad sobresale especialmente en los pilares de <strong>Ense\u00f1anza<\/strong> y <strong>Proyecci\u00f3n internacional<\/strong>, relacionados con factores como la reputaci\u00f3n acad\u00e9mica, la proporci\u00f3n de docentes con t\u00edtulo de doctorado, la relaci\u00f3n estudiante\u2013profesor, la atracci\u00f3n de talento acad\u00e9mico extranjero y la participaci\u00f3n en colaboraciones internacionales. Estos resultados reflejan, como destaca el decano: <em>\u201cDespu\u00e9s de una evaluaci\u00f3n rigurosa, nos complace estar clasificados en el rango de las mejores universidades de Latinoam\u00e9rica. Esto reafirma el compromiso institucional de la Universidad Cat\u00f3lica de Colombia con la calidad acad\u00e9mica y la formaci\u00f3n de nuestros estudiantes.\u201d<\/em><\/p>\n\n\n\n<p>Asimismo, el doctor Angulo Linero subray\u00f3 la importancia de este logro para las funciones sustantivas de la Instituci\u00f3n: <em>\u201cLa docencia, porque somos una instituci\u00f3n enfocada en la formaci\u00f3n; la investigaci\u00f3n; y la extensi\u00f3n. Los resultados nos dan una visibilidad importante en el panorama regional y mundial, y nos invitan a seguir trabajando para consolidar la cultura de la calidad en nuestra instituci\u00f3n\u201d.<\/em><\/p>\n\n\n\n<p>Este desempe\u00f1o es resultado del trabajo articulado de toda la comunidad universitaria y se suma a otras iniciativas en investigaci\u00f3n, cooperaci\u00f3n acad\u00e9mica y relacionamiento con el sector productivo, que fortalecen el impacto regional y la proyecci\u00f3n global de la Universidad Cat\u00f3lica de Colombia. La Instituci\u00f3n continuar\u00e1 consolidando sus estrategias de calidad e internacionalizaci\u00f3n para ofrecer una experiencia educativa pertinente, competitiva y alineada con los retos actuales de Am\u00e9rica Latina y del mundo.<\/p>\n","protected":false},"excerpt":{"rendered":"<p>La Universidad Cat\u00f3lica de Colombia fortalece su presencia en el Times Higher Education (THE) Latin America University Rankings 2026, al mantenerse por cuarto a\u00f1o consecutivo en esta importante clasificaci\u00f3n. El doctor Gabriel Jos\u00e9 Angulo Linero, decano acad\u00e9mico de la Universidad, expres\u00f3 la satisfacci\u00f3n institucional frente a este resultado: \u201cEstamos muy contentos y muy satisfechos con [&hellip;]<\/p>\n","protected":false},"author":65,"featured_media":128237,"comment_status":"open","ping_status":"open","sticky":false,"template":"","format":"standard","meta":{"_acf_changed":false,"advgb_blocks_editor_width":"","advgb_blocks_columns_visual_guide":"","footnotes":""},"categories":[1816,531],"tags":[1409,479,1240,2287],"class_list":["post-128236","post","type-post","status-publish","format-standard","has-post-thumbnail","hentry","category-noticias-destacadas","category-orii","tag-internacinalizacion","tag-orii","tag-ranking","tag-the"],"acf":[],"yoast_head":"<!-- This site is optimized with the Yoast SEO plugin v26.7 - https:\/\/yoast.com\/wordpress\/plugins\/seo\/ -->\n<title>Universidad Cat\u00f3lica de Colombia mantiene su presencia en el THE Latin America University Rankings 2026 - Universidad Cat\u00f3lica De Colombia<\/title>\n<meta name=\"robots\" content=\"index, follow, max-snippet:-1, max-image-preview:large, max-video-preview:-1\" \/>\n<link rel=\"canonical\" href=\"https:\/\/www.ucatolica.edu.co\/portal\/universidad-catolica-de-colombia-mantiene-su-presencia-en-el-the-latin-america-university-rankings-2026\/\" \/>\n<meta property=\"og:locale\" content=\"es_ES\" \/>\n<meta property=\"og:type\" content=\"article\" \/>\n<meta property=\"og:title\" content=\"Universidad Cat\u00f3lica de Colombia mantiene su presencia en el THE Latin America University Rankings 2026 - Universidad Cat\u00f3lica De Colombia\" \/>\n<meta property=\"og:description\" content=\"La Universidad Cat\u00f3lica de Colombia fortalece su presencia en el Times Higher Education (THE) Latin America University Rankings 2026, al mantenerse por cuarto a\u00f1o consecutivo en esta importante clasificaci\u00f3n. El doctor Gabriel Jos\u00e9 Angulo Linero, decano acad\u00e9mico de la Universidad, expres\u00f3 la satisfacci\u00f3n institucional frente a este resultado: \u201cEstamos muy contentos y muy satisfechos con [&hellip;]\" \/>\n<meta property=\"og:url\" content=\"https:\/\/www.ucatolica.edu.co\/portal\/universidad-catolica-de-colombia-mantiene-su-presencia-en-el-the-latin-america-university-rankings-2026\/\" \/>\n<meta property=\"og:site_name\" content=\"Universidad Cat\u00f3lica De Colombia\" \/>\n<meta property=\"article:publisher\" content=\"https:\/\/www.facebook.com\/ucatolicacolombia\" \/>\n<meta property=\"article:published_time\" content=\"2025-12-05T20:02:04+00:00\" \/>\n<meta property=\"article:modified_time\" content=\"2025-12-05T21:35:50+00:00\" \/>\n<meta property=\"og:image\" content=\"https:\/\/www.ucatolica.edu.co\/portal\/wp-content\/uploads\/2025\/12\/RankingLatinAmerica.jpg\" \/>\n\t<meta property=\"og:image:width\" content=\"870\" \/>\n\t<meta property=\"og:image:height\" content=\"522\" \/>\n\t<meta property=\"og:image:type\" content=\"image\/jpeg\" \/>\n<meta name=\"author\" content=\"Juan Jos\u00e9 Franco\" \/>\n<meta name=\"twitter:card\" content=\"summary_large_image\" \/>\n<meta name=\"twitter:creator\" content=\"@UCatolicaCol\" \/>\n<meta name=\"twitter:site\" content=\"@UCatolicaCol\" \/>\n<meta name=\"twitter:label1\" content=\"Escrito por\" \/>\n\t<meta name=\"twitter:data1\" content=\"Juan Jos\u00e9 Franco\" \/>\n\t<meta name=\"twitter:label2\" content=\"Tiempo de lectura\" \/>\n\t<meta name=\"twitter:data2\" content=\"3 minutos\" \/>\n<script type=\"application\/ld+json\" class=\"yoast-schema-graph\">{\"@context\":\"https:\/\/schema.org\",\"@graph\":[{\"@type\":\"Article\",\"@id\":\"https:\/\/www.ucatolica.edu.co\/portal\/universidad-catolica-de-colombia-mantiene-su-presencia-en-el-the-latin-america-university-rankings-2026\/#article\",\"isPartOf\":{\"@id\":\"https:\/\/www.ucatolica.edu.co\/portal\/universidad-catolica-de-colombia-mantiene-su-presencia-en-el-the-latin-america-university-rankings-2026\/\"},\"author\":{\"name\":\"Juan Jos\u00e9 Franco\",\"@id\":\"https:\/\/www.ucatolica.edu.co\/portal\/#\/schema\/person\/2fe10d3836c8b18a520cbf458d96a728\"},\"headline\":\"Universidad Cat\u00f3lica de Colombia mantiene su presencia en el THE Latin America University Rankings 2026\",\"datePublished\":\"2025-12-05T20:02:04+00:00\",\"dateModified\":\"2025-12-05T21:35:50+00:00\",\"mainEntityOfPage\":{\"@id\":\"https:\/\/www.ucatolica.edu.co\/portal\/universidad-catolica-de-colombia-mantiene-su-presencia-en-el-the-latin-america-university-rankings-2026\/\"},\"wordCount\":550,\"commentCount\":0,\"publisher\":{\"@id\":\"https:\/\/www.ucatolica.edu.co\/portal\/#organization\"},\"image\":{\"@id\":\"https:\/\/www.ucatolica.edu.co\/portal\/universidad-catolica-de-colombia-mantiene-su-presencia-en-el-the-latin-america-university-rankings-2026\/#primaryimage\"},\"thumbnailUrl\":\"https:\/\/www.ucatolica.edu.co\/portal\/wp-content\/uploads\/2025\/12\/RankingLatinAmerica.jpg\",\"keywords\":[\"Internacinalizaci\u00f3n\",\"ORII\",\"Ranking\",\"THE\"],\"articleSection\":[\"Noticias Destacadas\",\"ORII\"],\"inLanguage\":\"es-CO\"},{\"@type\":\"WebPage\",\"@id\":\"https:\/\/www.ucatolica.edu.co\/portal\/universidad-catolica-de-colombia-mantiene-su-presencia-en-el-the-latin-america-university-rankings-2026\/\",\"url\":\"https:\/\/www.ucatolica.edu.co\/portal\/universidad-catolica-de-colombia-mantiene-su-presencia-en-el-the-latin-america-university-rankings-2026\/\",\"name\":\"Universidad Cat\u00f3lica de Colombia mantiene su presencia en el THE Latin America University Rankings 2026 - Universidad Cat\u00f3lica De Colombia\",\"isPartOf\":{\"@id\":\"https:\/\/www.ucatolica.edu.co\/portal\/#website\"},\"primaryImageOfPage\":{\"@id\":\"https:\/\/www.ucatolica.edu.co\/portal\/universidad-catolica-de-colombia-mantiene-su-presencia-en-el-the-latin-america-university-rankings-2026\/#primaryimage\"},\"image\":{\"@id\":\"https:\/\/www.ucatolica.edu.co\/portal\/universidad-catolica-de-colombia-mantiene-su-presencia-en-el-the-latin-america-university-rankings-2026\/#primaryimage\"},\"thumbnailUrl\":\"https:\/\/www.ucatolica.edu.co\/portal\/wp-content\/uploads\/2025\/12\/RankingLatinAmerica.jpg\",\"datePublished\":\"2025-12-05T20:02:04+00:00\",\"dateModified\":\"2025-12-05T21:35:50+00:00\",\"breadcrumb\":{\"@id\":\"https:\/\/www.ucatolica.edu.co\/portal\/universidad-catolica-de-colombia-mantiene-su-presencia-en-el-the-latin-america-university-rankings-2026\/#breadcrumb\"},\"inLanguage\":\"es-CO\",\"potentialAction\":[{\"@type\":\"ReadAction\",\"target\":[\"https:\/\/www.ucatolica.edu.co\/portal\/universidad-catolica-de-colombia-mantiene-su-presencia-en-el-the-latin-america-university-rankings-2026\/\"]}]},{\"@type\":\"ImageObject\",\"inLanguage\":\"es-CO\",\"@id\":\"https:\/\/www.ucatolica.edu.co\/portal\/universidad-catolica-de-colombia-mantiene-su-presencia-en-el-the-latin-america-university-rankings-2026\/#primaryimage\",\"url\":\"https:\/\/www.ucatolica.edu.co\/portal\/wp-content\/uploads\/2025\/12\/RankingLatinAmerica.jpg\",\"contentUrl\":\"https:\/\/www.ucatolica.edu.co\/portal\/wp-content\/uploads\/2025\/12\/RankingLatinAmerica.jpg\",\"width\":870,\"height\":522},{\"@type\":\"BreadcrumbList\",\"@id\":\"https:\/\/www.ucatolica.edu.co\/portal\/universidad-catolica-de-colombia-mantiene-su-presencia-en-el-the-latin-america-university-rankings-2026\/#breadcrumb\",\"itemListElement\":[{\"@type\":\"ListItem\",\"position\":1,\"name\":\"Inicio\",\"item\":\"https:\/\/www.ucatolica.edu.co\/portal\/\"},{\"@type\":\"ListItem\",\"position\":2,\"name\":\"Universidad Cat\u00f3lica de Colombia mantiene su presencia en el THE Latin America University Rankings 2026\"}]},{\"@type\":\"WebSite\",\"@id\":\"https:\/\/www.ucatolica.edu.co\/portal\/#website\",\"url\":\"https:\/\/www.ucatolica.edu.co\/portal\/\",\"name\":\"Universidad Cat\u00f3lica De Colombia\",\"description\":\"Universidad Cat\u00f3lica De Colombia\",\"publisher\":{\"@id\":\"https:\/\/www.ucatolica.edu.co\/portal\/#organization\"},\"potentialAction\":[{\"@type\":\"SearchAction\",\"target\":{\"@type\":\"EntryPoint\",\"urlTemplate\":\"https:\/\/www.ucatolica.edu.co\/portal\/?s={search_term_string}\"},\"query-input\":{\"@type\":\"PropertyValueSpecification\",\"valueRequired\":true,\"valueName\":\"search_term_string\"}}],\"inLanguage\":\"es-CO\"},{\"@type\":\"Organization\",\"@id\":\"https:\/\/www.ucatolica.edu.co\/portal\/#organization\",\"name\":\"Universidad Cat\u00f3lica de Colombia\",\"url\":\"https:\/\/www.ucatolica.edu.co\/portal\/\",\"logo\":{\"@type\":\"ImageObject\",\"inLanguage\":\"es-CO\",\"@id\":\"https:\/\/www.ucatolica.edu.co\/portal\/#\/schema\/logo\/image\/\",\"url\":\"https:\/\/www.ucatolica.edu.co\/portal\/wp-content\/uploads\/2021\/06\/logo-header-ho-1.svg\",\"contentUrl\":\"https:\/\/www.ucatolica.edu.co\/portal\/wp-content\/uploads\/2021\/06\/logo-header-ho-1.svg\",\"width\":1,\"height\":1,\"caption\":\"Universidad Cat\u00f3lica de Colombia\"},\"image\":{\"@id\":\"https:\/\/www.ucatolica.edu.co\/portal\/#\/schema\/logo\/image\/\"},\"sameAs\":[\"https:\/\/www.facebook.com\/ucatolicacolombia\",\"https:\/\/x.com\/UCatolicaCol\",\"https:\/\/www.instagram.com\/universidadcatolicadecolombia\/\",\"https:\/\/www.linkedin.com\/company\/universidadcatolicadecolombia\/\",\"https:\/\/www.youtube.com\/user\/UCatolicaCo\"]},{\"@type\":\"Person\",\"@id\":\"https:\/\/www.ucatolica.edu.co\/portal\/#\/schema\/person\/2fe10d3836c8b18a520cbf458d96a728\",\"name\":\"Juan Jos\u00e9 Franco\",\"url\":\"https:\/\/www.ucatolica.edu.co\/portal\/author\/juan\/\"}]}<\/script>\n<!-- \/ Yoast SEO plugin. -->","yoast_head_json":{"title":"Universidad Cat\u00f3lica de Colombia mantiene su presencia en el THE Latin America University Rankings 2026 - Universidad Cat\u00f3lica De Colombia","robots":{"index":"index","follow":"follow","max-snippet":"max-snippet:-1","max-image-preview":"max-image-preview:large","max-video-preview":"max-video-preview:-1"},"canonical":"https:\/\/www.ucatolica.edu.co\/portal\/universidad-catolica-de-colombia-mantiene-su-presencia-en-el-the-latin-america-university-rankings-2026\/","og_locale":"es_ES","og_type":"article","og_title":"Universidad Cat\u00f3lica de Colombia mantiene su presencia en el THE Latin America University Rankings 2026 - Universidad Cat\u00f3lica De Colombia","og_description":"La Universidad Cat\u00f3lica de Colombia fortalece su presencia en el Times Higher Education (THE) Latin America University Rankings 2026, al mantenerse por cuarto a\u00f1o consecutivo en esta importante clasificaci\u00f3n. El doctor Gabriel Jos\u00e9 Angulo Linero, decano acad\u00e9mico de la Universidad, expres\u00f3 la satisfacci\u00f3n institucional frente a este resultado: \u201cEstamos muy contentos y muy satisfechos con [&hellip;]","og_url":"https:\/\/www.ucatolica.edu.co\/portal\/universidad-catolica-de-colombia-mantiene-su-presencia-en-el-the-latin-america-university-rankings-2026\/","og_site_name":"Universidad Cat\u00f3lica De Colombia","article_publisher":"https:\/\/www.facebook.com\/ucatolicacolombia","article_published_time":"2025-12-05T20:02:04+00:00","article_modified_time":"2025-12-05T21:35:50+00:00","og_image":[{"width":870,"height":522,"url":"https:\/\/www.ucatolica.edu.co\/portal\/wp-content\/uploads\/2025\/12\/RankingLatinAmerica.jpg","type":"image\/jpeg"}],"author":"Juan Jos\u00e9 Franco","twitter_card":"summary_large_image","twitter_creator":"@UCatolicaCol","twitter_site":"@UCatolicaCol","twitter_misc":{"Escrito por":"Juan Jos\u00e9 Franco","Tiempo de lectura":"3 minutos"},"schema":{"@context":"https:\/\/schema.org","@graph":[{"@type":"Article","@id":"https:\/\/www.ucatolica.edu.co\/portal\/universidad-catolica-de-colombia-mantiene-su-presencia-en-el-the-latin-america-university-rankings-2026\/#article","isPartOf":{"@id":"https:\/\/www.ucatolica.edu.co\/portal\/universidad-catolica-de-colombia-mantiene-su-presencia-en-el-the-latin-america-university-rankings-2026\/"},"author":{"name":"Juan Jos\u00e9 Franco","@id":"https:\/\/www.ucatolica.edu.co\/portal\/#\/schema\/person\/2fe10d3836c8b18a520cbf458d96a728"},"headline":"Universidad Cat\u00f3lica de Colombia mantiene su presencia en el THE Latin America University Rankings 2026","datePublished":"2025-12-05T20:02:04+00:00","dateModified":"2025-12-05T21:35:50+00:00","mainEntityOfPage":{"@id":"https:\/\/www.ucatolica.edu.co\/portal\/universidad-catolica-de-colombia-mantiene-su-presencia-en-el-the-latin-america-university-rankings-2026\/"},"wordCount":550,"commentCount":0,"publisher":{"@id":"https:\/\/www.ucatolica.edu.co\/portal\/#organization"},"image":{"@id":"https:\/\/www.ucatolica.edu.co\/portal\/universidad-catolica-de-colombia-mantiene-su-presencia-en-el-the-latin-america-university-rankings-2026\/#primaryimage"},"thumbnailUrl":"https:\/\/www.ucatolica.edu.co\/portal\/wp-content\/uploads\/2025\/12\/RankingLatinAmerica.jpg","keywords":["Internacinalizaci\u00f3n","ORII","Ranking","THE"],"articleSection":["Noticias Destacadas","ORII"],"inLanguage":"es-CO"},{"@type":"WebPage","@id":"https:\/\/www.ucatolica.edu.co\/portal\/universidad-catolica-de-colombia-mantiene-su-presencia-en-el-the-latin-america-university-rankings-2026\/","url":"https:\/\/www.ucatolica.edu.co\/portal\/universidad-catolica-de-colombia-mantiene-su-presencia-en-el-the-latin-america-university-rankings-2026\/","name":"Universidad Cat\u00f3lica de Colombia mantiene su presencia en el THE Latin America University Rankings 2026 - Universidad Cat\u00f3lica De Colombia","isPartOf":{"@id":"https:\/\/www.ucatolica.edu.co\/portal\/#website"},"primaryImageOfPage":{"@id":"https:\/\/www.ucatolica.edu.co\/portal\/universidad-catolica-de-colombia-mantiene-su-presencia-en-el-the-latin-america-university-rankings-2026\/#primaryimage"},"image":{"@id":"https:\/\/www.ucatolica.edu.co\/portal\/universidad-catolica-de-colombia-mantiene-su-presencia-en-el-the-latin-america-university-rankings-2026\/#primaryimage"},"thumbnailUrl":"https:\/\/www.ucatolica.edu.co\/portal\/wp-content\/uploads\/2025\/12\/RankingLatinAmerica.jpg","datePublished":"2025-12-05T20:02:04+00:00","dateModified":"2025-12-05T21:35:50+00:00","breadcrumb":{"@id":"https:\/\/www.ucatolica.edu.co\/portal\/universidad-catolica-de-colombia-mantiene-su-presencia-en-el-the-latin-america-university-rankings-2026\/#breadcrumb"},"inLanguage":"es-CO","potentialAction":[{"@type":"ReadAction","target":["https:\/\/www.ucatolica.edu.co\/portal\/universidad-catolica-de-colombia-mantiene-su-presencia-en-el-the-latin-america-university-rankings-2026\/"]}]},{"@type":"ImageObject","inLanguage":"es-CO","@id":"https:\/\/www.ucatolica.edu.co\/portal\/universidad-catolica-de-colombia-mantiene-su-presencia-en-el-the-latin-america-university-rankings-2026\/#primaryimage","url":"https:\/\/www.ucatolica.edu.co\/portal\/wp-content\/uploads\/2025\/12\/RankingLatinAmerica.jpg","contentUrl":"https:\/\/www.ucatolica.edu.co\/portal\/wp-content\/uploads\/2025\/12\/RankingLatinAmerica.jpg","width":870,"height":522},{"@type":"BreadcrumbList","@id":"https:\/\/www.ucatolica.edu.co\/portal\/universidad-catolica-de-colombia-mantiene-su-presencia-en-el-the-latin-america-university-rankings-2026\/#breadcrumb","itemListElement":[{"@type":"ListItem","position":1,"name":"Inicio","item":"https:\/\/www.ucatolica.edu.co\/portal\/"},{"@type":"ListItem","position":2,"name":"Universidad Cat\u00f3lica de Colombia mantiene su presencia en el THE Latin America University Rankings 2026"}]},{"@type":"WebSite","@id":"https:\/\/www.ucatolica.edu.co\/portal\/#website","url":"https:\/\/www.ucatolica.edu.co\/portal\/","name":"Universidad Cat\u00f3lica De Colombia","description":"Universidad Cat\u00f3lica De Colombia","publisher":{"@id":"https:\/\/www.ucatolica.edu.co\/portal\/#organization"},"potentialAction":[{"@type":"SearchAction","target":{"@type":"EntryPoint","urlTemplate":"https:\/\/www.ucatolica.edu.co\/portal\/?s={search_term_string}"},"query-input":{"@type":"PropertyValueSpecification","valueRequired":true,"valueName":"search_term_string"}}],"inLanguage":"es-CO"},{"@type":"Organization","@id":"https:\/\/www.ucatolica.edu.co\/portal\/#organization","name":"Universidad Cat\u00f3lica de Colombia","url":"https:\/\/www.ucatolica.edu.co\/portal\/","logo":{"@type":"ImageObject","inLanguage":"es-CO","@id":"https:\/\/www.ucatolica.edu.co\/portal\/#\/schema\/logo\/image\/","url":"https:\/\/www.ucatolica.edu.co\/portal\/wp-content\/uploads\/2021\/06\/logo-header-ho-1.svg","contentUrl":"https:\/\/www.ucatolica.edu.co\/portal\/wp-content\/uploads\/2021\/06\/logo-header-ho-1.svg","width":1,"height":1,"caption":"Universidad Cat\u00f3lica de Colombia"},"image":{"@id":"https:\/\/www.ucatolica.edu.co\/portal\/#\/schema\/logo\/image\/"},"sameAs":["https:\/\/www.facebook.com\/ucatolicacolombia","https:\/\/x.com\/UCatolicaCol","https:\/\/www.instagram.com\/universidadcatolicadecolombia\/","https:\/\/www.linkedin.com\/company\/universidadcatolicadecolombia\/","https:\/\/www.youtube.com\/user\/UCatolicaCo"]},{"@type":"Person","@id":"https:\/\/www.ucatolica.edu.co\/portal\/#\/schema\/person\/2fe10d3836c8b18a520cbf458d96a728","name":"Juan Jos\u00e9 Franco","url":"https:\/\/www.ucatolica.edu.co\/portal\/author\/juan\/"}]}},"author_meta":{"display_name":"Juan Jos\u00e9 Franco","author_link":"https:\/\/www.ucatolica.edu.co\/portal\/author\/juan\/"},"featured_img":"https:\/\/www.ucatolica.edu.co\/portal\/wp-content\/uploads\/2025\/12\/RankingLatinAmerica.jpg","coauthors":[],"tax_additional":{"categories":{"linked":["<a href=\"https:\/\/www.ucatolica.edu.co\/portal\/category\/noticias-destacadas\/\" class=\"advgb-post-tax-term\">Noticias Destacadas<\/a>","<a href=\"https:\/\/www.ucatolica.edu.co\/portal\/category\/orii\/\" class=\"advgb-post-tax-term\">ORII<\/a>"],"unlinked":["<span class=\"advgb-post-tax-term\">Noticias Destacadas<\/span>","<span class=\"advgb-post-tax-term\">ORII<\/span>"]},"tags":{"linked":["<a href=\"https:\/\/www.ucatolica.edu.co\/portal\/category\/orii\/\" class=\"advgb-post-tax-term\">Internacinalizaci\u00f3n<\/a>","<a href=\"https:\/\/www.ucatolica.edu.co\/portal\/category\/orii\/\" class=\"advgb-post-tax-term\">ORII<\/a>","<a href=\"https:\/\/www.ucatolica.edu.co\/portal\/category\/orii\/\" class=\"advgb-post-tax-term\">Ranking<\/a>","<a href=\"https:\/\/www.ucatolica.edu.co\/portal\/category\/orii\/\" class=\"advgb-post-tax-term\">THE<\/a>"],"unlinked":["<span class=\"advgb-post-tax-term\">Internacinalizaci\u00f3n<\/span>","<span class=\"advgb-post-tax-term\">ORII<\/span>","<span class=\"advgb-post-tax-term\">Ranking<\/span>","<span class=\"advgb-post-tax-term\">THE<\/span>"]}},"comment_count":"0","relative_dates":{"created":"Posted 5 meses ago","modified":"Updated 5 meses ago"},"absolute_dates":{"created":"Posted on 5 diciembre, 2025","modified":"Updated on 5 diciembre, 2025"},"absolute_dates_time":{"created":"Posted on 5 diciembre, 2025 3:02 pm","modified":"Updated on 5 diciembre, 2025 4:35 pm"},"featured_img_caption":"","series_order":"","_links":{"self":[{"href":"https:\/\/www.ucatolica.edu.co\/portal\/wp-json\/wp\/v2\/posts\/128236","targetHints":{"allow":["GET"]}}],"collection":[{"href":"https:\/\/www.ucatolica.edu.co\/portal\/wp-json\/wp\/v2\/posts"}],"about":[{"href":"https:\/\/www.ucatolica.edu.co\/portal\/wp-json\/wp\/v2\/types\/post"}],"author":[{"embeddable":true,"href":"https:\/\/www.ucatolica.edu.co\/portal\/wp-json\/wp\/v2\/users\/65"}],"replies":[{"embeddable":true,"href":"https:\/\/www.ucatolica.edu.co\/portal\/wp-json\/wp\/v2\/comments?post=128236"}],"version-history":[{"count":1,"href":"https:\/\/www.ucatolica.edu.co\/portal\/wp-json\/wp\/v2\/posts\/128236\/revisions"}],"predecessor-version":[{"id":128238,"href":"https:\/\/www.ucatolica.edu.co\/portal\/wp-json\/wp\/v2\/posts\/128236\/revisions\/128238"}],"wp:featuredmedia":[{"embeddable":true,"href":"https:\/\/www.ucatolica.edu.co\/portal\/wp-json\/wp\/v2\/media\/128237"}],"wp:attachment":[{"href":"https:\/\/www.ucatolica.edu.co\/portal\/wp-json\/wp\/v2\/media?parent=128236"}],"wp:term":[{"taxonomy":"category","embeddable":true,"href":"https:\/\/www.ucatolica.edu.co\/portal\/wp-json\/wp\/v2\/categories?post=128236"},{"taxonomy":"post_tag","embeddable":true,"href":"https:\/\/www.ucatolica.edu.co\/portal\/wp-json\/wp\/v2\/tags?post=128236"}],"curies":[{"name":"wp","href":"https:\/\/api.w.org\/{rel}","templated":true}]}}