{"id":128321,"date":"2025-12-12T12:48:28","date_gmt":"2025-12-12T17:48:28","guid":{"rendered":"https:\/\/www.ucatolica.edu.co\/portal\/?p=128321"},"modified":"2025-12-12T12:48:28","modified_gmt":"2025-12-12T17:48:28","slug":"resultados-del-proyecto-100k-fortalecen-la-alfabetizacion-mediatica-en-la-universidad-catolica-de-colombia","status":"publish","type":"post","link":"https:\/\/www.ucatolica.edu.co\/portal\/resultados-del-proyecto-100k-fortalecen-la-alfabetizacion-mediatica-en-la-universidad-catolica-de-colombia\/","title":{"rendered":"Resultados del Proyecto 100K fortalecen la alfabetizaci\u00f3n medi\u00e1tica en la Universidad Cat\u00f3lica de Colombia"},"content":{"rendered":"\n<p>La Universidad Cat\u00f3lica de Colombia, a trav\u00e9s de la Oficina de Relaciones Internacionales e Interinstitucionales, realiz\u00f3 el pasado 21 de noviembre el evento de cierre y socializaci\u00f3n del <strong>Proyecto 100K: \u201cImproving Media Literacy with Scientific Data to Counter Misinformation\u201d<\/strong>, desarrollado en alianza con la University of Texas at Arlington (UTA) y financiado por el Departamento de Estado de los Estados Unidos mediante el 100,000 Strong in the Americas Innovation Fund.<\/p>\n\n\n\n<p>Este encuentro se llev\u00f3 a cabo en el sal\u00f3n 813 de la sede 4, de 9:00 a.m. a 11:00 a.m., y permiti\u00f3 compartir los principales resultados del proyecto, analizados desde tres perspectivas fundamentales: acad\u00e9mica e investigativa, intercultural y ling\u00fc\u00edstica.<\/p>\n\n\n\n<p>La iniciativa hace parte de la convocatoria <strong>100K Strong CLIMA<\/strong>, respaldada por el Departamento de Estado de los Estados Unidos, la Fundaci\u00f3n Santo Domingo (FSD) y el Departamento de Agricultura de los Estados Unidos (USDA), con el acompa\u00f1amiento de la Embajada de Estados Unidos en Colombia.<\/p>\n\n\n\n<p>Durante la jornada, autoridades acad\u00e9micas y aliados internacionales resaltaron c\u00f3mo este proyecto fortaleci\u00f3 el pensamiento cr\u00edtico y las competencias de alfabetizaci\u00f3n medi\u00e1tica de los estudiantes, mediante el an\u00e1lisis riguroso de datos cient\u00edficos y herramientas para la identificaci\u00f3n de desinformaci\u00f3n.<\/p>\n\n\n\n<figure class=\"wp-block-gallery has-nested-images columns-default is-cropped wp-block-gallery-1 is-layout-flex wp-block-gallery-is-layout-flex\">\n<figure class=\"wp-block-image size-large\"><img fetchpriority=\"high\" decoding=\"async\" width=\"870\" height=\"522\" data-id=\"128378\" src=\"https:\/\/www.ucatolica.edu.co\/portal\/wp-content\/uploads\/2025\/12\/Resultados-del-Proyecto-100K.png\" alt=\"\" class=\"wp-image-128378\" srcset=\"https:\/\/www.ucatolica.edu.co\/portal\/wp-content\/uploads\/2025\/12\/Resultados-del-Proyecto-100K.png 870w, https:\/\/www.ucatolica.edu.co\/portal\/wp-content\/uploads\/2025\/12\/Resultados-del-Proyecto-100K-768x461.png 768w\" sizes=\"(max-width: 870px) 100vw, 870px\" \/><\/figure>\n\n\n\n<figure class=\"wp-block-image size-large\"><img decoding=\"async\" width=\"870\" height=\"522\" data-id=\"128376\" src=\"https:\/\/www.ucatolica.edu.co\/portal\/wp-content\/uploads\/2025\/12\/Resultados-del-Proyecto-100K-1.png\" alt=\"\" class=\"wp-image-128376\" srcset=\"https:\/\/www.ucatolica.edu.co\/portal\/wp-content\/uploads\/2025\/12\/Resultados-del-Proyecto-100K-1.png 870w, https:\/\/www.ucatolica.edu.co\/portal\/wp-content\/uploads\/2025\/12\/Resultados-del-Proyecto-100K-1-768x461.png 768w\" sizes=\"(max-width: 870px) 100vw, 870px\" \/><\/figure>\n<\/figure>\n\n\n\n<p><strong>Momentos destacados del evento<\/strong><\/p>\n\n\n\n<ul class=\"wp-block-list\">\n<li>Apertura institucional a cargo del rector Dr. Francisco G\u00f3mez Ortiz, junto a delegados de la Embajada de Estados Unidos y Partners of the Americas.<\/li>\n\n\n\n<li>Presentaci\u00f3n de resultados por parte de Jairo Becerra (Universidad Cat\u00f3lica de Colombia) y Juli\u00e1n Rodr\u00edguez (UTA).<\/li>\n\n\n\n<li>Intervenci\u00f3n especial de Sussy Ruiz, Vicepresidenta del Weather Affiliate Programming de The Weather Channel, quien comparti\u00f3 reflexiones sobre comunicaci\u00f3n cient\u00edfica y verificaci\u00f3n de informaci\u00f3n.<\/li>\n\n\n\n<li>Proyecci\u00f3n del videopodcast testimonial, con experiencias de estudiantes y docentes participantes.<\/li>\n\n\n\n<li>Entrega de constancias a cargo de la Rector\u00eda.<\/li>\n\n\n\n<li>Compromiso institucional<\/li>\n<\/ul>\n\n\n\n<p>Este espacio reafirma el compromiso de la Universidad Cat\u00f3lica de Colombia con la alfabetizaci\u00f3n medi\u00e1tica, la cooperaci\u00f3n internacional y la formaci\u00f3n de ciudadanos capaces de analizar informaci\u00f3n con criterio, comprender el valor de los datos cient\u00edficos y enfrentar los retos de la era digital.<\/p>\n\n\n\n<p><\/p>\n","protected":false},"excerpt":{"rendered":"<p>La Universidad Cat\u00f3lica de Colombia, a trav\u00e9s de la Oficina de Relaciones Internacionales e Interinstitucionales, realiz\u00f3 el pasado 21 de noviembre el evento de cierre y socializaci\u00f3n del Proyecto 100K: \u201cImproving Media Literacy with Scientific Data to Counter Misinformation\u201d, desarrollado en alianza con la University of Texas at Arlington (UTA) y financiado por el Departamento [&hellip;]<\/p>\n","protected":false},"author":65,"featured_media":128377,"comment_status":"open","ping_status":"open","sticky":false,"template":"","format":"standard","meta":{"_acf_changed":false,"advgb_blocks_editor_width":"","advgb_blocks_columns_visual_guide":"","footnotes":""},"categories":[93,531],"tags":[1409,736,479],"class_list":["post-128321","post","type-post","status-publish","format-standard","has-post-thumbnail","hentry","category-noticias-principales","category-orii","tag-internacinalizacion","tag-oficina-de-relaciones-internacionales-e-interinstitucionales","tag-orii"],"acf":[],"yoast_head":"<!-- This site is optimized with the Yoast SEO plugin v26.7 - https:\/\/yoast.com\/wordpress\/plugins\/seo\/ -->\n<title>Resultados del Proyecto 100K fortalecen la alfabetizaci\u00f3n medi\u00e1tica en la Universidad Cat\u00f3lica de Colombia - Universidad Cat\u00f3lica De Colombia<\/title>\n<meta name=\"robots\" content=\"index, follow, max-snippet:-1, max-image-preview:large, max-video-preview:-1\" \/>\n<link rel=\"canonical\" href=\"https:\/\/www.ucatolica.edu.co\/portal\/resultados-del-proyecto-100k-fortalecen-la-alfabetizacion-mediatica-en-la-universidad-catolica-de-colombia\/\" \/>\n<meta property=\"og:locale\" content=\"es_ES\" \/>\n<meta property=\"og:type\" content=\"article\" \/>\n<meta property=\"og:title\" content=\"Resultados del Proyecto 100K fortalecen la alfabetizaci\u00f3n medi\u00e1tica en la Universidad Cat\u00f3lica de Colombia - Universidad Cat\u00f3lica De Colombia\" \/>\n<meta property=\"og:description\" content=\"La Universidad Cat\u00f3lica de Colombia, a trav\u00e9s de la Oficina de Relaciones Internacionales e Interinstitucionales, realiz\u00f3 el pasado 21 de noviembre el evento de cierre y socializaci\u00f3n del Proyecto 100K: \u201cImproving Media Literacy with Scientific Data to Counter Misinformation\u201d, desarrollado en alianza con la University of Texas at Arlington (UTA) y financiado por el Departamento [&hellip;]\" \/>\n<meta property=\"og:url\" content=\"https:\/\/www.ucatolica.edu.co\/portal\/resultados-del-proyecto-100k-fortalecen-la-alfabetizacion-mediatica-en-la-universidad-catolica-de-colombia\/\" \/>\n<meta property=\"og:site_name\" content=\"Universidad Cat\u00f3lica De Colombia\" \/>\n<meta property=\"article:publisher\" content=\"https:\/\/www.facebook.com\/ucatolicacolombia\" \/>\n<meta property=\"article:published_time\" content=\"2025-12-12T17:48:28+00:00\" \/>\n<meta property=\"og:image\" content=\"https:\/\/www.ucatolica.edu.co\/portal\/wp-content\/uploads\/2025\/12\/Resultados-del-Proyecto-100K-2.png\" \/>\n\t<meta property=\"og:image:width\" content=\"870\" \/>\n\t<meta property=\"og:image:height\" content=\"522\" \/>\n\t<meta property=\"og:image:type\" content=\"image\/png\" \/>\n<meta name=\"author\" content=\"Juan Jos\u00e9 Franco\" \/>\n<meta name=\"twitter:card\" content=\"summary_large_image\" \/>\n<meta name=\"twitter:creator\" content=\"@UCatolicaCol\" \/>\n<meta name=\"twitter:site\" content=\"@UCatolicaCol\" \/>\n<meta name=\"twitter:label1\" content=\"Escrito por\" \/>\n\t<meta name=\"twitter:data1\" content=\"Juan Jos\u00e9 Franco\" \/>\n\t<meta name=\"twitter:label2\" content=\"Tiempo de lectura\" \/>\n\t<meta name=\"twitter:data2\" content=\"2 minutos\" \/>\n<script type=\"application\/ld+json\" class=\"yoast-schema-graph\">{\"@context\":\"https:\/\/schema.org\",\"@graph\":[{\"@type\":\"Article\",\"@id\":\"https:\/\/www.ucatolica.edu.co\/portal\/resultados-del-proyecto-100k-fortalecen-la-alfabetizacion-mediatica-en-la-universidad-catolica-de-colombia\/#article\",\"isPartOf\":{\"@id\":\"https:\/\/www.ucatolica.edu.co\/portal\/resultados-del-proyecto-100k-fortalecen-la-alfabetizacion-mediatica-en-la-universidad-catolica-de-colombia\/\"},\"author\":{\"name\":\"Juan Jos\u00e9 Franco\",\"@id\":\"https:\/\/www.ucatolica.edu.co\/portal\/#\/schema\/person\/2fe10d3836c8b18a520cbf458d96a728\"},\"headline\":\"Resultados del Proyecto 100K fortalecen la alfabetizaci\u00f3n medi\u00e1tica en la Universidad Cat\u00f3lica de Colombia\",\"datePublished\":\"2025-12-12T17:48:28+00:00\",\"mainEntityOfPage\":{\"@id\":\"https:\/\/www.ucatolica.edu.co\/portal\/resultados-del-proyecto-100k-fortalecen-la-alfabetizacion-mediatica-en-la-universidad-catolica-de-colombia\/\"},\"wordCount\":376,\"commentCount\":0,\"publisher\":{\"@id\":\"https:\/\/www.ucatolica.edu.co\/portal\/#organization\"},\"image\":{\"@id\":\"https:\/\/www.ucatolica.edu.co\/portal\/resultados-del-proyecto-100k-fortalecen-la-alfabetizacion-mediatica-en-la-universidad-catolica-de-colombia\/#primaryimage\"},\"thumbnailUrl\":\"https:\/\/www.ucatolica.edu.co\/portal\/wp-content\/uploads\/2025\/12\/Resultados-del-Proyecto-100K-2.png\",\"keywords\":[\"Internacinalizaci\u00f3n\",\"Oficina de Relaciones Internacionales e Interinstitucionales\",\"ORII\"],\"articleSection\":[\"Noticias Principales\",\"ORII\"],\"inLanguage\":\"es-CO\"},{\"@type\":\"WebPage\",\"@id\":\"https:\/\/www.ucatolica.edu.co\/portal\/resultados-del-proyecto-100k-fortalecen-la-alfabetizacion-mediatica-en-la-universidad-catolica-de-colombia\/\",\"url\":\"https:\/\/www.ucatolica.edu.co\/portal\/resultados-del-proyecto-100k-fortalecen-la-alfabetizacion-mediatica-en-la-universidad-catolica-de-colombia\/\",\"name\":\"Resultados del Proyecto 100K fortalecen la alfabetizaci\u00f3n medi\u00e1tica en la Universidad Cat\u00f3lica de Colombia - Universidad Cat\u00f3lica De Colombia\",\"isPartOf\":{\"@id\":\"https:\/\/www.ucatolica.edu.co\/portal\/#website\"},\"primaryImageOfPage\":{\"@id\":\"https:\/\/www.ucatolica.edu.co\/portal\/resultados-del-proyecto-100k-fortalecen-la-alfabetizacion-mediatica-en-la-universidad-catolica-de-colombia\/#primaryimage\"},\"image\":{\"@id\":\"https:\/\/www.ucatolica.edu.co\/portal\/resultados-del-proyecto-100k-fortalecen-la-alfabetizacion-mediatica-en-la-universidad-catolica-de-colombia\/#primaryimage\"},\"thumbnailUrl\":\"https:\/\/www.ucatolica.edu.co\/portal\/wp-content\/uploads\/2025\/12\/Resultados-del-Proyecto-100K-2.png\",\"datePublished\":\"2025-12-12T17:48:28+00:00\",\"breadcrumb\":{\"@id\":\"https:\/\/www.ucatolica.edu.co\/portal\/resultados-del-proyecto-100k-fortalecen-la-alfabetizacion-mediatica-en-la-universidad-catolica-de-colombia\/#breadcrumb\"},\"inLanguage\":\"es-CO\",\"potentialAction\":[{\"@type\":\"ReadAction\",\"target\":[\"https:\/\/www.ucatolica.edu.co\/portal\/resultados-del-proyecto-100k-fortalecen-la-alfabetizacion-mediatica-en-la-universidad-catolica-de-colombia\/\"]}]},{\"@type\":\"ImageObject\",\"inLanguage\":\"es-CO\",\"@id\":\"https:\/\/www.ucatolica.edu.co\/portal\/resultados-del-proyecto-100k-fortalecen-la-alfabetizacion-mediatica-en-la-universidad-catolica-de-colombia\/#primaryimage\",\"url\":\"https:\/\/www.ucatolica.edu.co\/portal\/wp-content\/uploads\/2025\/12\/Resultados-del-Proyecto-100K-2.png\",\"contentUrl\":\"https:\/\/www.ucatolica.edu.co\/portal\/wp-content\/uploads\/2025\/12\/Resultados-del-Proyecto-100K-2.png\",\"width\":870,\"height\":522},{\"@type\":\"BreadcrumbList\",\"@id\":\"https:\/\/www.ucatolica.edu.co\/portal\/resultados-del-proyecto-100k-fortalecen-la-alfabetizacion-mediatica-en-la-universidad-catolica-de-colombia\/#breadcrumb\",\"itemListElement\":[{\"@type\":\"ListItem\",\"position\":1,\"name\":\"Inicio\",\"item\":\"https:\/\/www.ucatolica.edu.co\/portal\/\"},{\"@type\":\"ListItem\",\"position\":2,\"name\":\"Resultados del Proyecto 100K fortalecen la alfabetizaci\u00f3n medi\u00e1tica en la Universidad Cat\u00f3lica de Colombia\"}]},{\"@type\":\"WebSite\",\"@id\":\"https:\/\/www.ucatolica.edu.co\/portal\/#website\",\"url\":\"https:\/\/www.ucatolica.edu.co\/portal\/\",\"name\":\"Universidad Cat\u00f3lica De Colombia\",\"description\":\"Universidad Cat\u00f3lica De Colombia\",\"publisher\":{\"@id\":\"https:\/\/www.ucatolica.edu.co\/portal\/#organization\"},\"potentialAction\":[{\"@type\":\"SearchAction\",\"target\":{\"@type\":\"EntryPoint\",\"urlTemplate\":\"https:\/\/www.ucatolica.edu.co\/portal\/?s={search_term_string}\"},\"query-input\":{\"@type\":\"PropertyValueSpecification\",\"valueRequired\":true,\"valueName\":\"search_term_string\"}}],\"inLanguage\":\"es-CO\"},{\"@type\":\"Organization\",\"@id\":\"https:\/\/www.ucatolica.edu.co\/portal\/#organization\",\"name\":\"Universidad Cat\u00f3lica de Colombia\",\"url\":\"https:\/\/www.ucatolica.edu.co\/portal\/\",\"logo\":{\"@type\":\"ImageObject\",\"inLanguage\":\"es-CO\",\"@id\":\"https:\/\/www.ucatolica.edu.co\/portal\/#\/schema\/logo\/image\/\",\"url\":\"https:\/\/www.ucatolica.edu.co\/portal\/wp-content\/uploads\/2021\/06\/logo-header-ho-1.svg\",\"contentUrl\":\"https:\/\/www.ucatolica.edu.co\/portal\/wp-content\/uploads\/2021\/06\/logo-header-ho-1.svg\",\"width\":1,\"height\":1,\"caption\":\"Universidad Cat\u00f3lica de Colombia\"},\"image\":{\"@id\":\"https:\/\/www.ucatolica.edu.co\/portal\/#\/schema\/logo\/image\/\"},\"sameAs\":[\"https:\/\/www.facebook.com\/ucatolicacolombia\",\"https:\/\/x.com\/UCatolicaCol\",\"https:\/\/www.instagram.com\/universidadcatolicadecolombia\/\",\"https:\/\/www.linkedin.com\/company\/universidadcatolicadecolombia\/\",\"https:\/\/www.youtube.com\/user\/UCatolicaCo\"]},{\"@type\":\"Person\",\"@id\":\"https:\/\/www.ucatolica.edu.co\/portal\/#\/schema\/person\/2fe10d3836c8b18a520cbf458d96a728\",\"name\":\"Juan Jos\u00e9 Franco\",\"url\":\"https:\/\/www.ucatolica.edu.co\/portal\/author\/juan\/\"}]}<\/script>\n<!-- \/ Yoast SEO plugin. -->","yoast_head_json":{"title":"Resultados del Proyecto 100K fortalecen la alfabetizaci\u00f3n medi\u00e1tica en la Universidad Cat\u00f3lica de Colombia - Universidad Cat\u00f3lica De Colombia","robots":{"index":"index","follow":"follow","max-snippet":"max-snippet:-1","max-image-preview":"max-image-preview:large","max-video-preview":"max-video-preview:-1"},"canonical":"https:\/\/www.ucatolica.edu.co\/portal\/resultados-del-proyecto-100k-fortalecen-la-alfabetizacion-mediatica-en-la-universidad-catolica-de-colombia\/","og_locale":"es_ES","og_type":"article","og_title":"Resultados del Proyecto 100K fortalecen la alfabetizaci\u00f3n medi\u00e1tica en la Universidad Cat\u00f3lica de Colombia - Universidad Cat\u00f3lica De Colombia","og_description":"La Universidad Cat\u00f3lica de Colombia, a trav\u00e9s de la Oficina de Relaciones Internacionales e Interinstitucionales, realiz\u00f3 el pasado 21 de noviembre el evento de cierre y socializaci\u00f3n del Proyecto 100K: \u201cImproving Media Literacy with Scientific Data to Counter Misinformation\u201d, desarrollado en alianza con la University of Texas at Arlington (UTA) y financiado por el Departamento [&hellip;]","og_url":"https:\/\/www.ucatolica.edu.co\/portal\/resultados-del-proyecto-100k-fortalecen-la-alfabetizacion-mediatica-en-la-universidad-catolica-de-colombia\/","og_site_name":"Universidad Cat\u00f3lica De Colombia","article_publisher":"https:\/\/www.facebook.com\/ucatolicacolombia","article_published_time":"2025-12-12T17:48:28+00:00","og_image":[{"width":870,"height":522,"url":"https:\/\/www.ucatolica.edu.co\/portal\/wp-content\/uploads\/2025\/12\/Resultados-del-Proyecto-100K-2.png","type":"image\/png"}],"author":"Juan Jos\u00e9 Franco","twitter_card":"summary_large_image","twitter_creator":"@UCatolicaCol","twitter_site":"@UCatolicaCol","twitter_misc":{"Escrito por":"Juan Jos\u00e9 Franco","Tiempo de lectura":"2 minutos"},"schema":{"@context":"https:\/\/schema.org","@graph":[{"@type":"Article","@id":"https:\/\/www.ucatolica.edu.co\/portal\/resultados-del-proyecto-100k-fortalecen-la-alfabetizacion-mediatica-en-la-universidad-catolica-de-colombia\/#article","isPartOf":{"@id":"https:\/\/www.ucatolica.edu.co\/portal\/resultados-del-proyecto-100k-fortalecen-la-alfabetizacion-mediatica-en-la-universidad-catolica-de-colombia\/"},"author":{"name":"Juan Jos\u00e9 Franco","@id":"https:\/\/www.ucatolica.edu.co\/portal\/#\/schema\/person\/2fe10d3836c8b18a520cbf458d96a728"},"headline":"Resultados del Proyecto 100K fortalecen la alfabetizaci\u00f3n medi\u00e1tica en la Universidad Cat\u00f3lica de Colombia","datePublished":"2025-12-12T17:48:28+00:00","mainEntityOfPage":{"@id":"https:\/\/www.ucatolica.edu.co\/portal\/resultados-del-proyecto-100k-fortalecen-la-alfabetizacion-mediatica-en-la-universidad-catolica-de-colombia\/"},"wordCount":376,"commentCount":0,"publisher":{"@id":"https:\/\/www.ucatolica.edu.co\/portal\/#organization"},"image":{"@id":"https:\/\/www.ucatolica.edu.co\/portal\/resultados-del-proyecto-100k-fortalecen-la-alfabetizacion-mediatica-en-la-universidad-catolica-de-colombia\/#primaryimage"},"thumbnailUrl":"https:\/\/www.ucatolica.edu.co\/portal\/wp-content\/uploads\/2025\/12\/Resultados-del-Proyecto-100K-2.png","keywords":["Internacinalizaci\u00f3n","Oficina de Relaciones Internacionales e Interinstitucionales","ORII"],"articleSection":["Noticias Principales","ORII"],"inLanguage":"es-CO"},{"@type":"WebPage","@id":"https:\/\/www.ucatolica.edu.co\/portal\/resultados-del-proyecto-100k-fortalecen-la-alfabetizacion-mediatica-en-la-universidad-catolica-de-colombia\/","url":"https:\/\/www.ucatolica.edu.co\/portal\/resultados-del-proyecto-100k-fortalecen-la-alfabetizacion-mediatica-en-la-universidad-catolica-de-colombia\/","name":"Resultados del Proyecto 100K fortalecen la alfabetizaci\u00f3n medi\u00e1tica en la Universidad Cat\u00f3lica de Colombia - Universidad Cat\u00f3lica De Colombia","isPartOf":{"@id":"https:\/\/www.ucatolica.edu.co\/portal\/#website"},"primaryImageOfPage":{"@id":"https:\/\/www.ucatolica.edu.co\/portal\/resultados-del-proyecto-100k-fortalecen-la-alfabetizacion-mediatica-en-la-universidad-catolica-de-colombia\/#primaryimage"},"image":{"@id":"https:\/\/www.ucatolica.edu.co\/portal\/resultados-del-proyecto-100k-fortalecen-la-alfabetizacion-mediatica-en-la-universidad-catolica-de-colombia\/#primaryimage"},"thumbnailUrl":"https:\/\/www.ucatolica.edu.co\/portal\/wp-content\/uploads\/2025\/12\/Resultados-del-Proyecto-100K-2.png","datePublished":"2025-12-12T17:48:28+00:00","breadcrumb":{"@id":"https:\/\/www.ucatolica.edu.co\/portal\/resultados-del-proyecto-100k-fortalecen-la-alfabetizacion-mediatica-en-la-universidad-catolica-de-colombia\/#breadcrumb"},"inLanguage":"es-CO","potentialAction":[{"@type":"ReadAction","target":["https:\/\/www.ucatolica.edu.co\/portal\/resultados-del-proyecto-100k-fortalecen-la-alfabetizacion-mediatica-en-la-universidad-catolica-de-colombia\/"]}]},{"@type":"ImageObject","inLanguage":"es-CO","@id":"https:\/\/www.ucatolica.edu.co\/portal\/resultados-del-proyecto-100k-fortalecen-la-alfabetizacion-mediatica-en-la-universidad-catolica-de-colombia\/#primaryimage","url":"https:\/\/www.ucatolica.edu.co\/portal\/wp-content\/uploads\/2025\/12\/Resultados-del-Proyecto-100K-2.png","contentUrl":"https:\/\/www.ucatolica.edu.co\/portal\/wp-content\/uploads\/2025\/12\/Resultados-del-Proyecto-100K-2.png","width":870,"height":522},{"@type":"BreadcrumbList","@id":"https:\/\/www.ucatolica.edu.co\/portal\/resultados-del-proyecto-100k-fortalecen-la-alfabetizacion-mediatica-en-la-universidad-catolica-de-colombia\/#breadcrumb","itemListElement":[{"@type":"ListItem","position":1,"name":"Inicio","item":"https:\/\/www.ucatolica.edu.co\/portal\/"},{"@type":"ListItem","position":2,"name":"Resultados del Proyecto 100K fortalecen la alfabetizaci\u00f3n medi\u00e1tica en la Universidad Cat\u00f3lica de Colombia"}]},{"@type":"WebSite","@id":"https:\/\/www.ucatolica.edu.co\/portal\/#website","url":"https:\/\/www.ucatolica.edu.co\/portal\/","name":"Universidad Cat\u00f3lica De Colombia","description":"Universidad Cat\u00f3lica De Colombia","publisher":{"@id":"https:\/\/www.ucatolica.edu.co\/portal\/#organization"},"potentialAction":[{"@type":"SearchAction","target":{"@type":"EntryPoint","urlTemplate":"https:\/\/www.ucatolica.edu.co\/portal\/?s={search_term_string}"},"query-input":{"@type":"PropertyValueSpecification","valueRequired":true,"valueName":"search_term_string"}}],"inLanguage":"es-CO"},{"@type":"Organization","@id":"https:\/\/www.ucatolica.edu.co\/portal\/#organization","name":"Universidad Cat\u00f3lica de Colombia","url":"https:\/\/www.ucatolica.edu.co\/portal\/","logo":{"@type":"ImageObject","inLanguage":"es-CO","@id":"https:\/\/www.ucatolica.edu.co\/portal\/#\/schema\/logo\/image\/","url":"https:\/\/www.ucatolica.edu.co\/portal\/wp-content\/uploads\/2021\/06\/logo-header-ho-1.svg","contentUrl":"https:\/\/www.ucatolica.edu.co\/portal\/wp-content\/uploads\/2021\/06\/logo-header-ho-1.svg","width":1,"height":1,"caption":"Universidad Cat\u00f3lica de Colombia"},"image":{"@id":"https:\/\/www.ucatolica.edu.co\/portal\/#\/schema\/logo\/image\/"},"sameAs":["https:\/\/www.facebook.com\/ucatolicacolombia","https:\/\/x.com\/UCatolicaCol","https:\/\/www.instagram.com\/universidadcatolicadecolombia\/","https:\/\/www.linkedin.com\/company\/universidadcatolicadecolombia\/","https:\/\/www.youtube.com\/user\/UCatolicaCo"]},{"@type":"Person","@id":"https:\/\/www.ucatolica.edu.co\/portal\/#\/schema\/person\/2fe10d3836c8b18a520cbf458d96a728","name":"Juan Jos\u00e9 Franco","url":"https:\/\/www.ucatolica.edu.co\/portal\/author\/juan\/"}]}},"author_meta":{"display_name":"Juan Jos\u00e9 Franco","author_link":"https:\/\/www.ucatolica.edu.co\/portal\/author\/juan\/"},"featured_img":"https:\/\/www.ucatolica.edu.co\/portal\/wp-content\/uploads\/2025\/12\/Resultados-del-Proyecto-100K-2.png","coauthors":[],"tax_additional":{"categories":{"linked":["<a href=\"https:\/\/www.ucatolica.edu.co\/portal\/category\/noticias-principales\/\" class=\"advgb-post-tax-term\">Noticias Principales<\/a>","<a href=\"https:\/\/www.ucatolica.edu.co\/portal\/category\/orii\/\" class=\"advgb-post-tax-term\">ORII<\/a>"],"unlinked":["<span class=\"advgb-post-tax-term\">Noticias Principales<\/span>","<span class=\"advgb-post-tax-term\">ORII<\/span>"]},"tags":{"linked":["<a href=\"https:\/\/www.ucatolica.edu.co\/portal\/category\/orii\/\" class=\"advgb-post-tax-term\">Internacinalizaci\u00f3n<\/a>","<a href=\"https:\/\/www.ucatolica.edu.co\/portal\/category\/orii\/\" class=\"advgb-post-tax-term\">Oficina de Relaciones Internacionales e Interinstitucionales<\/a>","<a href=\"https:\/\/www.ucatolica.edu.co\/portal\/category\/orii\/\" class=\"advgb-post-tax-term\">ORII<\/a>"],"unlinked":["<span class=\"advgb-post-tax-term\">Internacinalizaci\u00f3n<\/span>","<span class=\"advgb-post-tax-term\">Oficina de Relaciones Internacionales e Interinstitucionales<\/span>","<span class=\"advgb-post-tax-term\">ORII<\/span>"]}},"comment_count":"0","relative_dates":{"created":"Posted 5 meses ago","modified":"Updated 5 meses ago"},"absolute_dates":{"created":"Posted on 12 diciembre, 2025","modified":"Updated on 12 diciembre, 2025"},"absolute_dates_time":{"created":"Posted on 12 diciembre, 2025 12:48 pm","modified":"Updated on 12 diciembre, 2025 12:48 pm"},"featured_img_caption":"","series_order":"","_links":{"self":[{"href":"https:\/\/www.ucatolica.edu.co\/portal\/wp-json\/wp\/v2\/posts\/128321","targetHints":{"allow":["GET"]}}],"collection":[{"href":"https:\/\/www.ucatolica.edu.co\/portal\/wp-json\/wp\/v2\/posts"}],"about":[{"href":"https:\/\/www.ucatolica.edu.co\/portal\/wp-json\/wp\/v2\/types\/post"}],"author":[{"embeddable":true,"href":"https:\/\/www.ucatolica.edu.co\/portal\/wp-json\/wp\/v2\/users\/65"}],"replies":[{"embeddable":true,"href":"https:\/\/www.ucatolica.edu.co\/portal\/wp-json\/wp\/v2\/comments?post=128321"}],"version-history":[{"count":3,"href":"https:\/\/www.ucatolica.edu.co\/portal\/wp-json\/wp\/v2\/posts\/128321\/revisions"}],"predecessor-version":[{"id":128380,"href":"https:\/\/www.ucatolica.edu.co\/portal\/wp-json\/wp\/v2\/posts\/128321\/revisions\/128380"}],"wp:featuredmedia":[{"embeddable":true,"href":"https:\/\/www.ucatolica.edu.co\/portal\/wp-json\/wp\/v2\/media\/128377"}],"wp:attachment":[{"href":"https:\/\/www.ucatolica.edu.co\/portal\/wp-json\/wp\/v2\/media?parent=128321"}],"wp:term":[{"taxonomy":"category","embeddable":true,"href":"https:\/\/www.ucatolica.edu.co\/portal\/wp-json\/wp\/v2\/categories?post=128321"},{"taxonomy":"post_tag","embeddable":true,"href":"https:\/\/www.ucatolica.edu.co\/portal\/wp-json\/wp\/v2\/tags?post=128321"}],"curies":[{"name":"wp","href":"https:\/\/api.w.org\/{rel}","templated":true}]}}