{"id":128406,"date":"2025-12-12T18:10:40","date_gmt":"2025-12-12T23:10:40","guid":{"rendered":"https:\/\/www.ucatolica.edu.co\/portal\/?p=128406"},"modified":"2025-12-12T18:10:41","modified_gmt":"2025-12-12T23:10:41","slug":"avanza-el-proyecto-aprendizagem-da-lingua-portuguesa-uma-porta-para-a-lusofonia-en-la-universidad-catolica-de-colombia","status":"publish","type":"post","link":"https:\/\/www.ucatolica.edu.co\/portal\/avanza-el-proyecto-aprendizagem-da-lingua-portuguesa-uma-porta-para-a-lusofonia-en-la-universidad-catolica-de-colombia\/","title":{"rendered":"Avanza el proyecto \u201cAprendizagem da L\u00edngua Portuguesa: uma porta para a Lusofonia\u201d en la Universidad Cat\u00f3lica de Colombia"},"content":{"rendered":"\n<p>En el marco de nuestra participaci\u00f3n en el proyecto <strong>\u201cAprendizagem da L\u00edngua Portuguesa: uma porta para a Lusofonia\u201d<\/strong>, la Universidad Cat\u00f3lica de Colombia a trav\u00e9s de la <strong>Oficina de Relaciones Internacionales e Interinstitucionales<\/strong>, ha continuado consolidando sus esfuerzos por la internacionalizaci\u00f3n, el fomento por la diversidad ling\u00fc\u00edstica y la formaci\u00f3n de ciudadanos globales a trav\u00e9s del aprendizaje del portugu\u00e9s como lengua extranjera.<\/p>\n\n\n\n<p>Este proyecto se desarroll\u00f3 en alianza con la <strong>Universidade Federal de Ouro Preto (Brasil)<\/strong> y la <strong>Universidade Cat\u00f3lica Portuguesa (Portugal)<\/strong> y fue posible gracias al apoyo del <strong>ICETEX<\/strong>, en virtud del programa \u201cEnse\u00f1anza y Protecci\u00f3n de Lenguas 2025\u201d, una estrategia que busca la revitalizaci\u00f3n, preservaci\u00f3n y fortalecimiento las lenguas nativas y minoritarias a trav\u00e9s de programas educativos que impulsen la formaci\u00f3n de estudiantes, docentes y administrativos.<\/p>\n\n\n\n<p>Durante este proyecto los participantes tuvieron la oportunidad de fortalecer sus competencias ling\u00fc\u00edsticas en portugu\u00e9s, al tiempo que profundizaron en aspectos hist\u00f3ricos, culturales y sociales del mundo lus\u00f3fono, particularmente de Portugal y Brasil.<\/p>\n\n\n\n<h3 class=\"wp-block-heading\">El proyecto se realiz\u00f3 en dos etapas formativas en modalidad presencial:<\/h3>\n\n\n\n<ul class=\"wp-block-list\">\n<li><strong>Curso A1<\/strong> \u2013 Realizado por el profesor T\u00falio de la Universidade Federal de Ouro Preto, en donde los participantes tuvieron la oportunidad de adquirir las bases del portugu\u00e9s durante una inmersi\u00f3n acad\u00e9mica, cultural e intensiva de tres semanas.<\/li>\n\n\n\n<li><strong>Curso A2<\/strong> \u2013 En alianza con el profesor Jo\u00e3o la Universidade Cat\u00f3lica Portuguesa, el grupo de participantes avanz\u00f3 en el aprendizaje del idioma portugu\u00e9s, adquiriendo conocimientos propios de la ling\u00fc\u00edstica y sint\u00e1ctica, ampliando la comprensi\u00f3n de la lusofon\u00eda desde una perspectiva europea contempor\u00e1nea.<\/li>\n<\/ul>\n\n\n\n<p>Estas experiencias han promovido el intercambio intercultural, la inclusi\u00f3n de diversos saberes y la construcci\u00f3n de v\u00ednculos con instituciones que comparten una visi\u00f3n global y humanista de la educaci\u00f3n.<\/p>\n\n\n\n<h3 class=\"wp-block-heading\">Conoce la experiencia desde la voz del profesor T\u00falio<\/h3>\n\n\n\n<iframe width=\"560\" height=\"315\" src=\"https:\/\/www.youtube.com\/embed\/Im6m5JjDocs?si=vZrNvd1UcTdBx3It\" frameborder=\"0\" allow=\"accelerometer; autoplay; clipboard-write; encrypted-media; gyroscope; picture-in-picture; web-share\" allowfullscreen><\/iframe>\n\n\n\n<p>Para estos cursos, se cont\u00f3 con la participaci\u00f3n de un p\u00fablico diverso, conformado por estudiantes, docentes y administrativos de nuestra comunidad, quienes, de manera activa, pudieron vincularse a las jornadas acad\u00e9micas y culturales desarrolladas en virtud de esta iniciativa. De igual manera, a nivel institucional tuvimos impactos muy positivos en los siguientes \u00e1mbitos:<\/p>\n\n\n\n<ul class=\"wp-block-list\">\n<li>La internacionalizaci\u00f3n del curr\u00edculo.<\/li>\n\n\n\n<li>La movilidad acad\u00e9mica y cultural.<\/li>\n\n\n\n<li>La formaci\u00f3n de una comunidad universitaria abierta a nuevas lenguas y perspectivas.<\/li>\n\n\n\n<li>La articulaci\u00f3n con instituciones internacionales para la creaci\u00f3n de proyectos conjuntos.<\/li>\n<\/ul>\n\n\n\n<figure class=\"wp-block-gallery has-nested-images columns-default is-cropped wp-block-gallery-1 is-layout-flex wp-block-gallery-is-layout-flex\">\n<figure class=\"wp-block-image size-large\"><img fetchpriority=\"high\" decoding=\"async\" width=\"870\" height=\"522\" data-id=\"128411\" src=\"https:\/\/www.ucatolica.edu.co\/portal\/wp-content\/uploads\/2025\/12\/Lenguas-lusofonas.png\" alt=\"\" class=\"wp-image-128411\" srcset=\"https:\/\/www.ucatolica.edu.co\/portal\/wp-content\/uploads\/2025\/12\/Lenguas-lusofonas.png 870w, https:\/\/www.ucatolica.edu.co\/portal\/wp-content\/uploads\/2025\/12\/Lenguas-lusofonas-768x461.png 768w\" sizes=\"(max-width: 870px) 100vw, 870px\" \/><\/figure>\n\n\n\n<figure class=\"wp-block-image size-large\"><img decoding=\"async\" width=\"870\" height=\"522\" data-id=\"128409\" src=\"https:\/\/www.ucatolica.edu.co\/portal\/wp-content\/uploads\/2025\/12\/Lenguas-lusofonas-1.png\" alt=\"\" class=\"wp-image-128409\" srcset=\"https:\/\/www.ucatolica.edu.co\/portal\/wp-content\/uploads\/2025\/12\/Lenguas-lusofonas-1.png 870w, https:\/\/www.ucatolica.edu.co\/portal\/wp-content\/uploads\/2025\/12\/Lenguas-lusofonas-1-768x461.png 768w\" sizes=\"(max-width: 870px) 100vw, 870px\" \/><\/figure>\n<\/figure>\n\n\n\n<p>La ejecuci\u00f3n de este proyecto reafirma el compromiso de la Universidad Cat\u00f3lica de Colombia con la diversidad ling\u00fc\u00edstica, la inclusi\u00f3n, el intercambio acad\u00e9mico internacional y la creaci\u00f3n de oportunidades que enriquecen la formaci\u00f3n integral de nuestra comunidad, un camino que seguimos construyendo.<\/p>\n\n\n\n<p>Gracias al apoyo del <strong>ICETEX<\/strong>, seguimos impulsando Historias Hechas a Pulso que transforman vidas y abren puertas para que m\u00e1s personas se conecten con el mundo lus\u00f3fono y sus m\u00faltiples expresiones culturales.<\/p>\n\n\n\n<figure class=\"wp-block-image size-full is-resized\"><img decoding=\"async\" width=\"651\" height=\"152\" src=\"https:\/\/www.ucatolica.edu.co\/portal\/wp-content\/uploads\/2025\/07\/Logo-ICETEX-TRANSPARENTE.png\" alt=\"\" class=\"wp-image-122651\" style=\"width:549px;height:auto\" \/><\/figure>\n","protected":false},"excerpt":{"rendered":"<p>En el marco de nuestra participaci\u00f3n en el proyecto \u201cAprendizagem da L\u00edngua Portuguesa: uma porta para a Lusofonia\u201d, la Universidad Cat\u00f3lica de Colombia a trav\u00e9s de la Oficina de Relaciones Internacionales e Interinstitucionales, ha continuado consolidando sus esfuerzos por la internacionalizaci\u00f3n, el fomento por la diversidad ling\u00fc\u00edstica y la formaci\u00f3n de ciudadanos globales a trav\u00e9s [&hellip;]<\/p>\n","protected":false},"author":65,"featured_media":128410,"comment_status":"open","ping_status":"open","sticky":false,"template":"","format":"standard","meta":{"_acf_changed":false,"advgb_blocks_editor_width":"","advgb_blocks_columns_visual_guide":"","footnotes":""},"categories":[93,531],"tags":[1064,152,479,3106],"class_list":["post-128406","post","type-post","status-publish","format-standard","has-post-thumbnail","hentry","category-noticias-principales","category-orii","tag-idiomas","tag-internacionalizacion","tag-orii","tag-portugues"],"acf":[],"yoast_head":"<!-- This site is optimized with the Yoast SEO plugin v26.7 - https:\/\/yoast.com\/wordpress\/plugins\/seo\/ -->\n<title>Avanza el proyecto \u201cAprendizagem da L\u00edngua Portuguesa: uma porta para a Lusofonia\u201d en la Universidad Cat\u00f3lica de Colombia - Universidad Cat\u00f3lica De Colombia<\/title>\n<meta name=\"robots\" content=\"index, follow, max-snippet:-1, max-image-preview:large, max-video-preview:-1\" \/>\n<link rel=\"canonical\" href=\"https:\/\/www.ucatolica.edu.co\/portal\/avanza-el-proyecto-aprendizagem-da-lingua-portuguesa-uma-porta-para-a-lusofonia-en-la-universidad-catolica-de-colombia\/\" \/>\n<meta property=\"og:locale\" content=\"es_ES\" \/>\n<meta property=\"og:type\" content=\"article\" \/>\n<meta property=\"og:title\" content=\"Avanza el proyecto \u201cAprendizagem da L\u00edngua Portuguesa: uma porta para a Lusofonia\u201d en la Universidad Cat\u00f3lica de Colombia - Universidad Cat\u00f3lica De Colombia\" \/>\n<meta property=\"og:description\" content=\"En el marco de nuestra participaci\u00f3n en el proyecto \u201cAprendizagem da L\u00edngua Portuguesa: uma porta para a Lusofonia\u201d, la Universidad Cat\u00f3lica de Colombia a trav\u00e9s de la Oficina de Relaciones Internacionales e Interinstitucionales, ha continuado consolidando sus esfuerzos por la internacionalizaci\u00f3n, el fomento por la diversidad ling\u00fc\u00edstica y la formaci\u00f3n de ciudadanos globales a trav\u00e9s [&hellip;]\" \/>\n<meta property=\"og:url\" content=\"https:\/\/www.ucatolica.edu.co\/portal\/avanza-el-proyecto-aprendizagem-da-lingua-portuguesa-uma-porta-para-a-lusofonia-en-la-universidad-catolica-de-colombia\/\" \/>\n<meta property=\"og:site_name\" content=\"Universidad Cat\u00f3lica De Colombia\" \/>\n<meta property=\"article:publisher\" content=\"https:\/\/www.facebook.com\/ucatolicacolombia\" \/>\n<meta property=\"article:published_time\" content=\"2025-12-12T23:10:40+00:00\" \/>\n<meta property=\"article:modified_time\" content=\"2025-12-12T23:10:41+00:00\" \/>\n<meta property=\"og:image\" content=\"https:\/\/www.ucatolica.edu.co\/portal\/wp-content\/uploads\/2025\/12\/Lenguas-lusofonas-2.png\" \/>\n\t<meta property=\"og:image:width\" content=\"870\" \/>\n\t<meta property=\"og:image:height\" content=\"522\" \/>\n\t<meta property=\"og:image:type\" content=\"image\/png\" \/>\n<meta name=\"author\" content=\"Juan Jos\u00e9 Franco\" \/>\n<meta name=\"twitter:card\" content=\"summary_large_image\" \/>\n<meta name=\"twitter:creator\" content=\"@UCatolicaCol\" \/>\n<meta name=\"twitter:site\" content=\"@UCatolicaCol\" \/>\n<meta name=\"twitter:label1\" content=\"Escrito por\" \/>\n\t<meta name=\"twitter:data1\" content=\"Juan Jos\u00e9 Franco\" \/>\n\t<meta name=\"twitter:label2\" content=\"Tiempo de lectura\" \/>\n\t<meta name=\"twitter:data2\" content=\"3 minutos\" \/>\n<script type=\"application\/ld+json\" class=\"yoast-schema-graph\">{\"@context\":\"https:\/\/schema.org\",\"@graph\":[{\"@type\":\"Article\",\"@id\":\"https:\/\/www.ucatolica.edu.co\/portal\/avanza-el-proyecto-aprendizagem-da-lingua-portuguesa-uma-porta-para-a-lusofonia-en-la-universidad-catolica-de-colombia\/#article\",\"isPartOf\":{\"@id\":\"https:\/\/www.ucatolica.edu.co\/portal\/avanza-el-proyecto-aprendizagem-da-lingua-portuguesa-uma-porta-para-a-lusofonia-en-la-universidad-catolica-de-colombia\/\"},\"author\":{\"name\":\"Juan Jos\u00e9 Franco\",\"@id\":\"https:\/\/www.ucatolica.edu.co\/portal\/#\/schema\/person\/2fe10d3836c8b18a520cbf458d96a728\"},\"headline\":\"Avanza el proyecto \u201cAprendizagem da L\u00edngua Portuguesa: uma porta para a Lusofonia\u201d en la Universidad Cat\u00f3lica de Colombia\",\"datePublished\":\"2025-12-12T23:10:40+00:00\",\"dateModified\":\"2025-12-12T23:10:41+00:00\",\"mainEntityOfPage\":{\"@id\":\"https:\/\/www.ucatolica.edu.co\/portal\/avanza-el-proyecto-aprendizagem-da-lingua-portuguesa-uma-porta-para-a-lusofonia-en-la-universidad-catolica-de-colombia\/\"},\"wordCount\":524,\"commentCount\":0,\"publisher\":{\"@id\":\"https:\/\/www.ucatolica.edu.co\/portal\/#organization\"},\"image\":{\"@id\":\"https:\/\/www.ucatolica.edu.co\/portal\/avanza-el-proyecto-aprendizagem-da-lingua-portuguesa-uma-porta-para-a-lusofonia-en-la-universidad-catolica-de-colombia\/#primaryimage\"},\"thumbnailUrl\":\"https:\/\/www.ucatolica.edu.co\/portal\/wp-content\/uploads\/2025\/12\/Lenguas-lusofonas-2.png\",\"keywords\":[\"Idiomas\",\"Internacionalizaci\u00f3n\",\"ORII\",\"Portugu\u00e9s\"],\"articleSection\":[\"Noticias Principales\",\"ORII\"],\"inLanguage\":\"es-CO\"},{\"@type\":\"WebPage\",\"@id\":\"https:\/\/www.ucatolica.edu.co\/portal\/avanza-el-proyecto-aprendizagem-da-lingua-portuguesa-uma-porta-para-a-lusofonia-en-la-universidad-catolica-de-colombia\/\",\"url\":\"https:\/\/www.ucatolica.edu.co\/portal\/avanza-el-proyecto-aprendizagem-da-lingua-portuguesa-uma-porta-para-a-lusofonia-en-la-universidad-catolica-de-colombia\/\",\"name\":\"Avanza el proyecto \u201cAprendizagem da L\u00edngua Portuguesa: uma porta para a Lusofonia\u201d en la Universidad Cat\u00f3lica de Colombia - Universidad Cat\u00f3lica De Colombia\",\"isPartOf\":{\"@id\":\"https:\/\/www.ucatolica.edu.co\/portal\/#website\"},\"primaryImageOfPage\":{\"@id\":\"https:\/\/www.ucatolica.edu.co\/portal\/avanza-el-proyecto-aprendizagem-da-lingua-portuguesa-uma-porta-para-a-lusofonia-en-la-universidad-catolica-de-colombia\/#primaryimage\"},\"image\":{\"@id\":\"https:\/\/www.ucatolica.edu.co\/portal\/avanza-el-proyecto-aprendizagem-da-lingua-portuguesa-uma-porta-para-a-lusofonia-en-la-universidad-catolica-de-colombia\/#primaryimage\"},\"thumbnailUrl\":\"https:\/\/www.ucatolica.edu.co\/portal\/wp-content\/uploads\/2025\/12\/Lenguas-lusofonas-2.png\",\"datePublished\":\"2025-12-12T23:10:40+00:00\",\"dateModified\":\"2025-12-12T23:10:41+00:00\",\"breadcrumb\":{\"@id\":\"https:\/\/www.ucatolica.edu.co\/portal\/avanza-el-proyecto-aprendizagem-da-lingua-portuguesa-uma-porta-para-a-lusofonia-en-la-universidad-catolica-de-colombia\/#breadcrumb\"},\"inLanguage\":\"es-CO\",\"potentialAction\":[{\"@type\":\"ReadAction\",\"target\":[\"https:\/\/www.ucatolica.edu.co\/portal\/avanza-el-proyecto-aprendizagem-da-lingua-portuguesa-uma-porta-para-a-lusofonia-en-la-universidad-catolica-de-colombia\/\"]}]},{\"@type\":\"ImageObject\",\"inLanguage\":\"es-CO\",\"@id\":\"https:\/\/www.ucatolica.edu.co\/portal\/avanza-el-proyecto-aprendizagem-da-lingua-portuguesa-uma-porta-para-a-lusofonia-en-la-universidad-catolica-de-colombia\/#primaryimage\",\"url\":\"https:\/\/www.ucatolica.edu.co\/portal\/wp-content\/uploads\/2025\/12\/Lenguas-lusofonas-2.png\",\"contentUrl\":\"https:\/\/www.ucatolica.edu.co\/portal\/wp-content\/uploads\/2025\/12\/Lenguas-lusofonas-2.png\",\"width\":870,\"height\":522},{\"@type\":\"BreadcrumbList\",\"@id\":\"https:\/\/www.ucatolica.edu.co\/portal\/avanza-el-proyecto-aprendizagem-da-lingua-portuguesa-uma-porta-para-a-lusofonia-en-la-universidad-catolica-de-colombia\/#breadcrumb\",\"itemListElement\":[{\"@type\":\"ListItem\",\"position\":1,\"name\":\"Inicio\",\"item\":\"https:\/\/www.ucatolica.edu.co\/portal\/\"},{\"@type\":\"ListItem\",\"position\":2,\"name\":\"Avanza el proyecto \u201cAprendizagem da L\u00edngua Portuguesa: uma porta para a Lusofonia\u201d en la Universidad Cat\u00f3lica de Colombia\"}]},{\"@type\":\"WebSite\",\"@id\":\"https:\/\/www.ucatolica.edu.co\/portal\/#website\",\"url\":\"https:\/\/www.ucatolica.edu.co\/portal\/\",\"name\":\"Universidad Cat\u00f3lica De Colombia\",\"description\":\"Universidad Cat\u00f3lica De Colombia\",\"publisher\":{\"@id\":\"https:\/\/www.ucatolica.edu.co\/portal\/#organization\"},\"potentialAction\":[{\"@type\":\"SearchAction\",\"target\":{\"@type\":\"EntryPoint\",\"urlTemplate\":\"https:\/\/www.ucatolica.edu.co\/portal\/?s={search_term_string}\"},\"query-input\":{\"@type\":\"PropertyValueSpecification\",\"valueRequired\":true,\"valueName\":\"search_term_string\"}}],\"inLanguage\":\"es-CO\"},{\"@type\":\"Organization\",\"@id\":\"https:\/\/www.ucatolica.edu.co\/portal\/#organization\",\"name\":\"Universidad Cat\u00f3lica de Colombia\",\"url\":\"https:\/\/www.ucatolica.edu.co\/portal\/\",\"logo\":{\"@type\":\"ImageObject\",\"inLanguage\":\"es-CO\",\"@id\":\"https:\/\/www.ucatolica.edu.co\/portal\/#\/schema\/logo\/image\/\",\"url\":\"https:\/\/www.ucatolica.edu.co\/portal\/wp-content\/uploads\/2021\/06\/logo-header-ho-1.svg\",\"contentUrl\":\"https:\/\/www.ucatolica.edu.co\/portal\/wp-content\/uploads\/2021\/06\/logo-header-ho-1.svg\",\"width\":1,\"height\":1,\"caption\":\"Universidad Cat\u00f3lica de Colombia\"},\"image\":{\"@id\":\"https:\/\/www.ucatolica.edu.co\/portal\/#\/schema\/logo\/image\/\"},\"sameAs\":[\"https:\/\/www.facebook.com\/ucatolicacolombia\",\"https:\/\/x.com\/UCatolicaCol\",\"https:\/\/www.instagram.com\/universidadcatolicadecolombia\/\",\"https:\/\/www.linkedin.com\/company\/universidadcatolicadecolombia\/\",\"https:\/\/www.youtube.com\/user\/UCatolicaCo\"]},{\"@type\":\"Person\",\"@id\":\"https:\/\/www.ucatolica.edu.co\/portal\/#\/schema\/person\/2fe10d3836c8b18a520cbf458d96a728\",\"name\":\"Juan Jos\u00e9 Franco\",\"url\":\"https:\/\/www.ucatolica.edu.co\/portal\/author\/juan\/\"}]}<\/script>\n<!-- \/ Yoast SEO plugin. -->","yoast_head_json":{"title":"Avanza el proyecto \u201cAprendizagem da L\u00edngua Portuguesa: uma porta para a Lusofonia\u201d en la Universidad Cat\u00f3lica de Colombia - Universidad Cat\u00f3lica De Colombia","robots":{"index":"index","follow":"follow","max-snippet":"max-snippet:-1","max-image-preview":"max-image-preview:large","max-video-preview":"max-video-preview:-1"},"canonical":"https:\/\/www.ucatolica.edu.co\/portal\/avanza-el-proyecto-aprendizagem-da-lingua-portuguesa-uma-porta-para-a-lusofonia-en-la-universidad-catolica-de-colombia\/","og_locale":"es_ES","og_type":"article","og_title":"Avanza el proyecto \u201cAprendizagem da L\u00edngua Portuguesa: uma porta para a Lusofonia\u201d en la Universidad Cat\u00f3lica de Colombia - Universidad Cat\u00f3lica De Colombia","og_description":"En el marco de nuestra participaci\u00f3n en el proyecto \u201cAprendizagem da L\u00edngua Portuguesa: uma porta para a Lusofonia\u201d, la Universidad Cat\u00f3lica de Colombia a trav\u00e9s de la Oficina de Relaciones Internacionales e Interinstitucionales, ha continuado consolidando sus esfuerzos por la internacionalizaci\u00f3n, el fomento por la diversidad ling\u00fc\u00edstica y la formaci\u00f3n de ciudadanos globales a trav\u00e9s [&hellip;]","og_url":"https:\/\/www.ucatolica.edu.co\/portal\/avanza-el-proyecto-aprendizagem-da-lingua-portuguesa-uma-porta-para-a-lusofonia-en-la-universidad-catolica-de-colombia\/","og_site_name":"Universidad Cat\u00f3lica De Colombia","article_publisher":"https:\/\/www.facebook.com\/ucatolicacolombia","article_published_time":"2025-12-12T23:10:40+00:00","article_modified_time":"2025-12-12T23:10:41+00:00","og_image":[{"width":870,"height":522,"url":"https:\/\/www.ucatolica.edu.co\/portal\/wp-content\/uploads\/2025\/12\/Lenguas-lusofonas-2.png","type":"image\/png"}],"author":"Juan Jos\u00e9 Franco","twitter_card":"summary_large_image","twitter_creator":"@UCatolicaCol","twitter_site":"@UCatolicaCol","twitter_misc":{"Escrito por":"Juan Jos\u00e9 Franco","Tiempo de lectura":"3 minutos"},"schema":{"@context":"https:\/\/schema.org","@graph":[{"@type":"Article","@id":"https:\/\/www.ucatolica.edu.co\/portal\/avanza-el-proyecto-aprendizagem-da-lingua-portuguesa-uma-porta-para-a-lusofonia-en-la-universidad-catolica-de-colombia\/#article","isPartOf":{"@id":"https:\/\/www.ucatolica.edu.co\/portal\/avanza-el-proyecto-aprendizagem-da-lingua-portuguesa-uma-porta-para-a-lusofonia-en-la-universidad-catolica-de-colombia\/"},"author":{"name":"Juan Jos\u00e9 Franco","@id":"https:\/\/www.ucatolica.edu.co\/portal\/#\/schema\/person\/2fe10d3836c8b18a520cbf458d96a728"},"headline":"Avanza el proyecto \u201cAprendizagem da L\u00edngua Portuguesa: uma porta para a Lusofonia\u201d en la Universidad Cat\u00f3lica de Colombia","datePublished":"2025-12-12T23:10:40+00:00","dateModified":"2025-12-12T23:10:41+00:00","mainEntityOfPage":{"@id":"https:\/\/www.ucatolica.edu.co\/portal\/avanza-el-proyecto-aprendizagem-da-lingua-portuguesa-uma-porta-para-a-lusofonia-en-la-universidad-catolica-de-colombia\/"},"wordCount":524,"commentCount":0,"publisher":{"@id":"https:\/\/www.ucatolica.edu.co\/portal\/#organization"},"image":{"@id":"https:\/\/www.ucatolica.edu.co\/portal\/avanza-el-proyecto-aprendizagem-da-lingua-portuguesa-uma-porta-para-a-lusofonia-en-la-universidad-catolica-de-colombia\/#primaryimage"},"thumbnailUrl":"https:\/\/www.ucatolica.edu.co\/portal\/wp-content\/uploads\/2025\/12\/Lenguas-lusofonas-2.png","keywords":["Idiomas","Internacionalizaci\u00f3n","ORII","Portugu\u00e9s"],"articleSection":["Noticias Principales","ORII"],"inLanguage":"es-CO"},{"@type":"WebPage","@id":"https:\/\/www.ucatolica.edu.co\/portal\/avanza-el-proyecto-aprendizagem-da-lingua-portuguesa-uma-porta-para-a-lusofonia-en-la-universidad-catolica-de-colombia\/","url":"https:\/\/www.ucatolica.edu.co\/portal\/avanza-el-proyecto-aprendizagem-da-lingua-portuguesa-uma-porta-para-a-lusofonia-en-la-universidad-catolica-de-colombia\/","name":"Avanza el proyecto \u201cAprendizagem da L\u00edngua Portuguesa: uma porta para a Lusofonia\u201d en la Universidad Cat\u00f3lica de Colombia - Universidad Cat\u00f3lica De Colombia","isPartOf":{"@id":"https:\/\/www.ucatolica.edu.co\/portal\/#website"},"primaryImageOfPage":{"@id":"https:\/\/www.ucatolica.edu.co\/portal\/avanza-el-proyecto-aprendizagem-da-lingua-portuguesa-uma-porta-para-a-lusofonia-en-la-universidad-catolica-de-colombia\/#primaryimage"},"image":{"@id":"https:\/\/www.ucatolica.edu.co\/portal\/avanza-el-proyecto-aprendizagem-da-lingua-portuguesa-uma-porta-para-a-lusofonia-en-la-universidad-catolica-de-colombia\/#primaryimage"},"thumbnailUrl":"https:\/\/www.ucatolica.edu.co\/portal\/wp-content\/uploads\/2025\/12\/Lenguas-lusofonas-2.png","datePublished":"2025-12-12T23:10:40+00:00","dateModified":"2025-12-12T23:10:41+00:00","breadcrumb":{"@id":"https:\/\/www.ucatolica.edu.co\/portal\/avanza-el-proyecto-aprendizagem-da-lingua-portuguesa-uma-porta-para-a-lusofonia-en-la-universidad-catolica-de-colombia\/#breadcrumb"},"inLanguage":"es-CO","potentialAction":[{"@type":"ReadAction","target":["https:\/\/www.ucatolica.edu.co\/portal\/avanza-el-proyecto-aprendizagem-da-lingua-portuguesa-uma-porta-para-a-lusofonia-en-la-universidad-catolica-de-colombia\/"]}]},{"@type":"ImageObject","inLanguage":"es-CO","@id":"https:\/\/www.ucatolica.edu.co\/portal\/avanza-el-proyecto-aprendizagem-da-lingua-portuguesa-uma-porta-para-a-lusofonia-en-la-universidad-catolica-de-colombia\/#primaryimage","url":"https:\/\/www.ucatolica.edu.co\/portal\/wp-content\/uploads\/2025\/12\/Lenguas-lusofonas-2.png","contentUrl":"https:\/\/www.ucatolica.edu.co\/portal\/wp-content\/uploads\/2025\/12\/Lenguas-lusofonas-2.png","width":870,"height":522},{"@type":"BreadcrumbList","@id":"https:\/\/www.ucatolica.edu.co\/portal\/avanza-el-proyecto-aprendizagem-da-lingua-portuguesa-uma-porta-para-a-lusofonia-en-la-universidad-catolica-de-colombia\/#breadcrumb","itemListElement":[{"@type":"ListItem","position":1,"name":"Inicio","item":"https:\/\/www.ucatolica.edu.co\/portal\/"},{"@type":"ListItem","position":2,"name":"Avanza el proyecto \u201cAprendizagem da L\u00edngua Portuguesa: uma porta para a Lusofonia\u201d en la Universidad Cat\u00f3lica de Colombia"}]},{"@type":"WebSite","@id":"https:\/\/www.ucatolica.edu.co\/portal\/#website","url":"https:\/\/www.ucatolica.edu.co\/portal\/","name":"Universidad Cat\u00f3lica De Colombia","description":"Universidad Cat\u00f3lica De Colombia","publisher":{"@id":"https:\/\/www.ucatolica.edu.co\/portal\/#organization"},"potentialAction":[{"@type":"SearchAction","target":{"@type":"EntryPoint","urlTemplate":"https:\/\/www.ucatolica.edu.co\/portal\/?s={search_term_string}"},"query-input":{"@type":"PropertyValueSpecification","valueRequired":true,"valueName":"search_term_string"}}],"inLanguage":"es-CO"},{"@type":"Organization","@id":"https:\/\/www.ucatolica.edu.co\/portal\/#organization","name":"Universidad Cat\u00f3lica de Colombia","url":"https:\/\/www.ucatolica.edu.co\/portal\/","logo":{"@type":"ImageObject","inLanguage":"es-CO","@id":"https:\/\/www.ucatolica.edu.co\/portal\/#\/schema\/logo\/image\/","url":"https:\/\/www.ucatolica.edu.co\/portal\/wp-content\/uploads\/2021\/06\/logo-header-ho-1.svg","contentUrl":"https:\/\/www.ucatolica.edu.co\/portal\/wp-content\/uploads\/2021\/06\/logo-header-ho-1.svg","width":1,"height":1,"caption":"Universidad Cat\u00f3lica de Colombia"},"image":{"@id":"https:\/\/www.ucatolica.edu.co\/portal\/#\/schema\/logo\/image\/"},"sameAs":["https:\/\/www.facebook.com\/ucatolicacolombia","https:\/\/x.com\/UCatolicaCol","https:\/\/www.instagram.com\/universidadcatolicadecolombia\/","https:\/\/www.linkedin.com\/company\/universidadcatolicadecolombia\/","https:\/\/www.youtube.com\/user\/UCatolicaCo"]},{"@type":"Person","@id":"https:\/\/www.ucatolica.edu.co\/portal\/#\/schema\/person\/2fe10d3836c8b18a520cbf458d96a728","name":"Juan Jos\u00e9 Franco","url":"https:\/\/www.ucatolica.edu.co\/portal\/author\/juan\/"}]}},"author_meta":{"display_name":"Juan Jos\u00e9 Franco","author_link":"https:\/\/www.ucatolica.edu.co\/portal\/author\/juan\/"},"featured_img":"https:\/\/www.ucatolica.edu.co\/portal\/wp-content\/uploads\/2025\/12\/Lenguas-lusofonas-2.png","coauthors":[],"tax_additional":{"categories":{"linked":["<a href=\"https:\/\/www.ucatolica.edu.co\/portal\/category\/noticias-principales\/\" class=\"advgb-post-tax-term\">Noticias Principales<\/a>","<a href=\"https:\/\/www.ucatolica.edu.co\/portal\/category\/orii\/\" class=\"advgb-post-tax-term\">ORII<\/a>"],"unlinked":["<span class=\"advgb-post-tax-term\">Noticias Principales<\/span>","<span class=\"advgb-post-tax-term\">ORII<\/span>"]},"tags":{"linked":["<a href=\"https:\/\/www.ucatolica.edu.co\/portal\/category\/orii\/\" class=\"advgb-post-tax-term\">Idiomas<\/a>","<a href=\"https:\/\/www.ucatolica.edu.co\/portal\/category\/orii\/\" class=\"advgb-post-tax-term\">Internacionalizaci\u00f3n<\/a>","<a href=\"https:\/\/www.ucatolica.edu.co\/portal\/category\/orii\/\" class=\"advgb-post-tax-term\">ORII<\/a>","<a href=\"https:\/\/www.ucatolica.edu.co\/portal\/category\/orii\/\" class=\"advgb-post-tax-term\">Portugu\u00e9s<\/a>"],"unlinked":["<span class=\"advgb-post-tax-term\">Idiomas<\/span>","<span class=\"advgb-post-tax-term\">Internacionalizaci\u00f3n<\/span>","<span class=\"advgb-post-tax-term\">ORII<\/span>","<span class=\"advgb-post-tax-term\">Portugu\u00e9s<\/span>"]}},"comment_count":"0","relative_dates":{"created":"Posted 5 meses ago","modified":"Updated 5 meses ago"},"absolute_dates":{"created":"Posted on 12 diciembre, 2025","modified":"Updated on 12 diciembre, 2025"},"absolute_dates_time":{"created":"Posted on 12 diciembre, 2025 6:10 pm","modified":"Updated on 12 diciembre, 2025 6:10 pm"},"featured_img_caption":"","series_order":"","_links":{"self":[{"href":"https:\/\/www.ucatolica.edu.co\/portal\/wp-json\/wp\/v2\/posts\/128406","targetHints":{"allow":["GET"]}}],"collection":[{"href":"https:\/\/www.ucatolica.edu.co\/portal\/wp-json\/wp\/v2\/posts"}],"about":[{"href":"https:\/\/www.ucatolica.edu.co\/portal\/wp-json\/wp\/v2\/types\/post"}],"author":[{"embeddable":true,"href":"https:\/\/www.ucatolica.edu.co\/portal\/wp-json\/wp\/v2\/users\/65"}],"replies":[{"embeddable":true,"href":"https:\/\/www.ucatolica.edu.co\/portal\/wp-json\/wp\/v2\/comments?post=128406"}],"version-history":[{"count":3,"href":"https:\/\/www.ucatolica.edu.co\/portal\/wp-json\/wp\/v2\/posts\/128406\/revisions"}],"predecessor-version":[{"id":128412,"href":"https:\/\/www.ucatolica.edu.co\/portal\/wp-json\/wp\/v2\/posts\/128406\/revisions\/128412"}],"wp:featuredmedia":[{"embeddable":true,"href":"https:\/\/www.ucatolica.edu.co\/portal\/wp-json\/wp\/v2\/media\/128410"}],"wp:attachment":[{"href":"https:\/\/www.ucatolica.edu.co\/portal\/wp-json\/wp\/v2\/media?parent=128406"}],"wp:term":[{"taxonomy":"category","embeddable":true,"href":"https:\/\/www.ucatolica.edu.co\/portal\/wp-json\/wp\/v2\/categories?post=128406"},{"taxonomy":"post_tag","embeddable":true,"href":"https:\/\/www.ucatolica.edu.co\/portal\/wp-json\/wp\/v2\/tags?post=128406"}],"curies":[{"name":"wp","href":"https:\/\/api.w.org\/{rel}","templated":true}]}}