{"id":128807,"date":"2026-01-22T16:20:34","date_gmt":"2026-01-22T21:20:34","guid":{"rendered":"https:\/\/www.ucatolica.edu.co\/portal\/?p=128807"},"modified":"2026-01-22T16:20:34","modified_gmt":"2026-01-22T21:20:34","slug":"impulsa-tu-historia-profesional-haz-match-con-tu-carrera","status":"publish","type":"post","link":"https:\/\/www.ucatolica.edu.co\/portal\/impulsa-tu-historia-profesional-haz-match-con-tu-carrera\/","title":{"rendered":"Impulsa tu historia profesional en el D\u00eda de Puertas Abiertas: \u00a1Haz match con tu carrera!"},"content":{"rendered":"\n<p>Tomar decisiones sobre tu futuro profesional es uno de los momentos m\u00e1s importantes de tu vida, y encontrar una carrera que conecte tus pasiones y habilidades con tu visi\u00f3n de \u00e9xito y bienestar puede ser un verdadero desaf\u00edo.<\/p>\n\n\n\n<p>En la <strong>Universidad Cat\u00f3lica de Colombia<\/strong> sabemos lo crucial que es este paso para consolidar tu proyecto de vida. Por eso, te invitamos al <strong>D\u00eda de Puertas Abiertas \u00a1Haz match con tu carrera!<\/strong>, un espacio pensado para que explores tus intereses, descubras nuevas habilidades y vivas por un d\u00eda la experiencia de la profesi\u00f3n que elegir\u00e1s para tu futuro.<\/p>\n\n\n\n<p><strong>\u00bfD\u00f3nde y cu\u00e1ndo se llevar\u00e1 acabo?<\/strong><br>\ud83d\udcc5 <strong>Fecha:<\/strong> 24 de enero<br>\u23f1\ufe0f<strong> Hora:<\/strong> De 9:00 a.m. a 1:00 p.m.<br>\ud83d\udccc<strong> Lugar: <\/strong>Universidad Cat\u00f3lica de Colombia, Carrera 13 #47-30, Sede 4 \u2013 Sal\u00f3n 813.<\/p>\n\n\n\n<p><\/p>\n\n\n\n<p>\ud83d\udca1<strong>\u00bfQu\u00e9 incluye la experiencia?<\/strong><br>Durante esta jornada podr\u00e1s:<br>\u2022 Recorrer el campus universitario y conocer laboratorios y espacios acad\u00e9micos.<br>\u2022 Conocer m\u00e1s acerca de los programas: Psicolog\u00eda, Ingenier\u00eda, Derecho y Arquitectura.<br>\u2022 Explorar oportunidades de intercambios acad\u00e9micos internacionales, grupos culturales y deportivos.<br>\u2022 Informarte sobre apoyos financieros, becas y alivios econ\u00f3micos.<br>\u2022 Participar en talleres inmersivos organizados por cada facultad.<\/p>\n\n\n\n<p><br><strong>Talleres disponibles:<\/strong><br>\ud83e\udde0<strong> Psicolog\u00eda:<\/strong> Aborda casos reales desde el rol del psic\u00f3logo.<br>\u2696\ufe0f <strong>Derecho:<\/strong> Simula tu primer caso jur\u00eddico.<br>\ud83d\udcbc <strong>Administraci\u00f3n de Empresas: <\/strong>Desarrollo de negocios digitales y emprendimiento.<br>\ud83d\udcca<strong> Econom\u00eda: <\/strong>\u00bfC\u00f3mo funciona el sistema financiero?<br>\ud83c\udf0a <strong>Ingenier\u00eda Civil:<\/strong> Tu primer d\u00eda en el manejo de recursos h\u00eddricos.<br>\ud83c\udfd7\ufe0f <strong>Arquitectura:<\/strong> El poder del dise\u00f1o en arquitectura.<br>\ud83c\udfed <strong>Ingenier\u00eda Industrial:<\/strong> La industria 4.0: retos y oportunidades.<br>\ud83c\udfae<strong> Ingenier\u00eda de Sistemas y Computaci\u00f3n: <\/strong>Dise\u00f1o 3D, animaci\u00f3n y desarrollo de videojuegos.<br>\ud83e\udd16<strong> Ingenier\u00eda de Sistemas y Computaci\u00f3n: <\/strong>Rob\u00f3tica e Internet de las Cosas.<\/p>\n\n\n\n<p><strong>\ud83d\udcdd Inscripciones y contacto<\/strong><br>Si est\u00e1s interesado en asistir, <strong><a href=\"https:\/\/forms.office.com\/r\/y0jvZuJwRM?origin=lprLink\" data-type=\"link\" data-id=\"https:\/\/forms.office.com\/r\/y0jvZuJwRM?origin=lprLink\">inscr\u00edbete aqu\u00ed<\/a><\/strong>. Este es el momento de dar el primer paso hacia un futuro lleno de oportunidades.<\/p>\n\n\n\n<p>\u00bfTienes dudas? Escr\u00edbenos por <strong>WhatsApp<\/strong> y comun\u00edcate con nuestros l\u00edderes de experiencia:<br>\ud83d\udc49 <a href=\"https:\/\/wa.me\/573160244066\">https:\/\/wa.me\/573160244066<\/a><\/p>\n","protected":false},"excerpt":{"rendered":"<p>Tomar decisiones sobre tu futuro profesional es uno de los momentos m\u00e1s importantes de tu vida, y encontrar una carrera que conecte tus pasiones y habilidades con tu visi\u00f3n de \u00e9xito y bienestar puede ser un verdadero desaf\u00edo. En la Universidad Cat\u00f3lica de Colombia sabemos lo crucial que es este paso para consolidar tu proyecto [&hellip;]<\/p>\n","protected":false},"author":61,"featured_media":128808,"comment_status":"open","ping_status":"open","sticky":false,"template":"","format":"standard","meta":{"_acf_changed":false,"advgb_blocks_editor_width":"","advgb_blocks_columns_visual_guide":"","footnotes":""},"categories":[93],"tags":[3219,2691,1038],"class_list":["post-128807","post","type-post","status-publish","format-standard","has-post-thumbnail","hentry","category-noticias-principales","tag-haz-match-con-tu-carrera","tag-matriculas-abiertas-2","tag-pregrado"],"acf":[],"yoast_head":"<!-- This site is optimized with the Yoast SEO plugin v26.7 - https:\/\/yoast.com\/wordpress\/plugins\/seo\/ -->\n<title>Impulsa tu historia profesional en el D\u00eda de Puertas Abiertas: \u00a1Haz match con tu carrera! - Universidad Cat\u00f3lica De Colombia<\/title>\n<meta name=\"robots\" content=\"index, follow, max-snippet:-1, max-image-preview:large, max-video-preview:-1\" \/>\n<link rel=\"canonical\" href=\"https:\/\/www.ucatolica.edu.co\/portal\/impulsa-tu-historia-profesional-haz-match-con-tu-carrera\/\" \/>\n<meta property=\"og:locale\" content=\"es_ES\" \/>\n<meta property=\"og:type\" content=\"article\" \/>\n<meta property=\"og:title\" content=\"Impulsa tu historia profesional en el D\u00eda de Puertas Abiertas: \u00a1Haz match con tu carrera! - Universidad Cat\u00f3lica De Colombia\" \/>\n<meta property=\"og:description\" content=\"Tomar decisiones sobre tu futuro profesional es uno de los momentos m\u00e1s importantes de tu vida, y encontrar una carrera que conecte tus pasiones y habilidades con tu visi\u00f3n de \u00e9xito y bienestar puede ser un verdadero desaf\u00edo. En la Universidad Cat\u00f3lica de Colombia sabemos lo crucial que es este paso para consolidar tu proyecto [&hellip;]\" \/>\n<meta property=\"og:url\" content=\"https:\/\/www.ucatolica.edu.co\/portal\/impulsa-tu-historia-profesional-haz-match-con-tu-carrera\/\" \/>\n<meta property=\"og:site_name\" content=\"Universidad Cat\u00f3lica De Colombia\" \/>\n<meta property=\"article:publisher\" content=\"https:\/\/www.facebook.com\/ucatolicacolombia\" \/>\n<meta property=\"article:published_time\" content=\"2026-01-22T21:20:34+00:00\" \/>\n<meta property=\"og:image\" content=\"https:\/\/www.ucatolica.edu.co\/portal\/wp-content\/uploads\/2026\/01\/Dsos-estudiantes-felices.jpg\" \/>\n\t<meta property=\"og:image:width\" content=\"870\" \/>\n\t<meta property=\"og:image:height\" content=\"522\" \/>\n\t<meta property=\"og:image:type\" content=\"image\/jpeg\" \/>\n<meta name=\"author\" content=\"Leidy Dayanna Jaramillo Tavera\" \/>\n<meta name=\"twitter:card\" content=\"summary_large_image\" \/>\n<meta name=\"twitter:creator\" content=\"@UCatolicaCol\" \/>\n<meta name=\"twitter:site\" content=\"@UCatolicaCol\" \/>\n<meta name=\"twitter:label1\" content=\"Escrito por\" \/>\n\t<meta name=\"twitter:data1\" content=\"Leidy Dayanna Jaramillo Tavera\" \/>\n\t<meta name=\"twitter:label2\" content=\"Tiempo de lectura\" \/>\n\t<meta name=\"twitter:data2\" content=\"2 minutos\" \/>\n<script type=\"application\/ld+json\" class=\"yoast-schema-graph\">{\"@context\":\"https:\/\/schema.org\",\"@graph\":[{\"@type\":\"Article\",\"@id\":\"https:\/\/www.ucatolica.edu.co\/portal\/impulsa-tu-historia-profesional-haz-match-con-tu-carrera\/#article\",\"isPartOf\":{\"@id\":\"https:\/\/www.ucatolica.edu.co\/portal\/impulsa-tu-historia-profesional-haz-match-con-tu-carrera\/\"},\"author\":{\"name\":\"Leidy Dayanna Jaramillo Tavera\",\"@id\":\"https:\/\/www.ucatolica.edu.co\/portal\/#\/schema\/person\/c03ebc5b4f80ce7b8947aa9ddece408a\"},\"headline\":\"Impulsa tu historia profesional en el D\u00eda de Puertas Abiertas: \u00a1Haz match con tu carrera!\",\"datePublished\":\"2026-01-22T21:20:34+00:00\",\"mainEntityOfPage\":{\"@id\":\"https:\/\/www.ucatolica.edu.co\/portal\/impulsa-tu-historia-profesional-haz-match-con-tu-carrera\/\"},\"wordCount\":355,\"commentCount\":0,\"publisher\":{\"@id\":\"https:\/\/www.ucatolica.edu.co\/portal\/#organization\"},\"image\":{\"@id\":\"https:\/\/www.ucatolica.edu.co\/portal\/impulsa-tu-historia-profesional-haz-match-con-tu-carrera\/#primaryimage\"},\"thumbnailUrl\":\"https:\/\/www.ucatolica.edu.co\/portal\/wp-content\/uploads\/2026\/01\/Dsos-estudiantes-felices.jpg\",\"keywords\":[\"Haz match con tu carrera\",\"matr\u00edculas abiertas\",\"Pregrado\"],\"articleSection\":[\"Noticias Principales\"],\"inLanguage\":\"es-CO\"},{\"@type\":\"WebPage\",\"@id\":\"https:\/\/www.ucatolica.edu.co\/portal\/impulsa-tu-historia-profesional-haz-match-con-tu-carrera\/\",\"url\":\"https:\/\/www.ucatolica.edu.co\/portal\/impulsa-tu-historia-profesional-haz-match-con-tu-carrera\/\",\"name\":\"Impulsa tu historia profesional en el D\u00eda de Puertas Abiertas: \u00a1Haz match con tu carrera! - Universidad Cat\u00f3lica De Colombia\",\"isPartOf\":{\"@id\":\"https:\/\/www.ucatolica.edu.co\/portal\/#website\"},\"primaryImageOfPage\":{\"@id\":\"https:\/\/www.ucatolica.edu.co\/portal\/impulsa-tu-historia-profesional-haz-match-con-tu-carrera\/#primaryimage\"},\"image\":{\"@id\":\"https:\/\/www.ucatolica.edu.co\/portal\/impulsa-tu-historia-profesional-haz-match-con-tu-carrera\/#primaryimage\"},\"thumbnailUrl\":\"https:\/\/www.ucatolica.edu.co\/portal\/wp-content\/uploads\/2026\/01\/Dsos-estudiantes-felices.jpg\",\"datePublished\":\"2026-01-22T21:20:34+00:00\",\"breadcrumb\":{\"@id\":\"https:\/\/www.ucatolica.edu.co\/portal\/impulsa-tu-historia-profesional-haz-match-con-tu-carrera\/#breadcrumb\"},\"inLanguage\":\"es-CO\",\"potentialAction\":[{\"@type\":\"ReadAction\",\"target\":[\"https:\/\/www.ucatolica.edu.co\/portal\/impulsa-tu-historia-profesional-haz-match-con-tu-carrera\/\"]}]},{\"@type\":\"ImageObject\",\"inLanguage\":\"es-CO\",\"@id\":\"https:\/\/www.ucatolica.edu.co\/portal\/impulsa-tu-historia-profesional-haz-match-con-tu-carrera\/#primaryimage\",\"url\":\"https:\/\/www.ucatolica.edu.co\/portal\/wp-content\/uploads\/2026\/01\/Dsos-estudiantes-felices.jpg\",\"contentUrl\":\"https:\/\/www.ucatolica.edu.co\/portal\/wp-content\/uploads\/2026\/01\/Dsos-estudiantes-felices.jpg\",\"width\":870,\"height\":522},{\"@type\":\"BreadcrumbList\",\"@id\":\"https:\/\/www.ucatolica.edu.co\/portal\/impulsa-tu-historia-profesional-haz-match-con-tu-carrera\/#breadcrumb\",\"itemListElement\":[{\"@type\":\"ListItem\",\"position\":1,\"name\":\"Inicio\",\"item\":\"https:\/\/www.ucatolica.edu.co\/portal\/\"},{\"@type\":\"ListItem\",\"position\":2,\"name\":\"Impulsa tu historia profesional en el D\u00eda de Puertas Abiertas: \u00a1Haz match con tu carrera!\"}]},{\"@type\":\"WebSite\",\"@id\":\"https:\/\/www.ucatolica.edu.co\/portal\/#website\",\"url\":\"https:\/\/www.ucatolica.edu.co\/portal\/\",\"name\":\"Universidad Cat\u00f3lica De Colombia\",\"description\":\"Universidad Cat\u00f3lica De Colombia\",\"publisher\":{\"@id\":\"https:\/\/www.ucatolica.edu.co\/portal\/#organization\"},\"potentialAction\":[{\"@type\":\"SearchAction\",\"target\":{\"@type\":\"EntryPoint\",\"urlTemplate\":\"https:\/\/www.ucatolica.edu.co\/portal\/?s={search_term_string}\"},\"query-input\":{\"@type\":\"PropertyValueSpecification\",\"valueRequired\":true,\"valueName\":\"search_term_string\"}}],\"inLanguage\":\"es-CO\"},{\"@type\":\"Organization\",\"@id\":\"https:\/\/www.ucatolica.edu.co\/portal\/#organization\",\"name\":\"Universidad Cat\u00f3lica de Colombia\",\"url\":\"https:\/\/www.ucatolica.edu.co\/portal\/\",\"logo\":{\"@type\":\"ImageObject\",\"inLanguage\":\"es-CO\",\"@id\":\"https:\/\/www.ucatolica.edu.co\/portal\/#\/schema\/logo\/image\/\",\"url\":\"https:\/\/www.ucatolica.edu.co\/portal\/wp-content\/uploads\/2021\/06\/logo-header-ho-1.svg\",\"contentUrl\":\"https:\/\/www.ucatolica.edu.co\/portal\/wp-content\/uploads\/2021\/06\/logo-header-ho-1.svg\",\"width\":1,\"height\":1,\"caption\":\"Universidad Cat\u00f3lica de Colombia\"},\"image\":{\"@id\":\"https:\/\/www.ucatolica.edu.co\/portal\/#\/schema\/logo\/image\/\"},\"sameAs\":[\"https:\/\/www.facebook.com\/ucatolicacolombia\",\"https:\/\/x.com\/UCatolicaCol\",\"https:\/\/www.instagram.com\/universidadcatolicadecolombia\/\",\"https:\/\/www.linkedin.com\/company\/universidadcatolicadecolombia\/\",\"https:\/\/www.youtube.com\/user\/UCatolicaCo\"]},{\"@type\":\"Person\",\"@id\":\"https:\/\/www.ucatolica.edu.co\/portal\/#\/schema\/person\/c03ebc5b4f80ce7b8947aa9ddece408a\",\"name\":\"Leidy Dayanna Jaramillo Tavera\",\"url\":\"https:\/\/www.ucatolica.edu.co\/portal\/author\/dayana\/\"}]}<\/script>\n<!-- \/ Yoast SEO plugin. -->","yoast_head_json":{"title":"Impulsa tu historia profesional en el D\u00eda de Puertas Abiertas: \u00a1Haz match con tu carrera! - Universidad Cat\u00f3lica De Colombia","robots":{"index":"index","follow":"follow","max-snippet":"max-snippet:-1","max-image-preview":"max-image-preview:large","max-video-preview":"max-video-preview:-1"},"canonical":"https:\/\/www.ucatolica.edu.co\/portal\/impulsa-tu-historia-profesional-haz-match-con-tu-carrera\/","og_locale":"es_ES","og_type":"article","og_title":"Impulsa tu historia profesional en el D\u00eda de Puertas Abiertas: \u00a1Haz match con tu carrera! - Universidad Cat\u00f3lica De Colombia","og_description":"Tomar decisiones sobre tu futuro profesional es uno de los momentos m\u00e1s importantes de tu vida, y encontrar una carrera que conecte tus pasiones y habilidades con tu visi\u00f3n de \u00e9xito y bienestar puede ser un verdadero desaf\u00edo. En la Universidad Cat\u00f3lica de Colombia sabemos lo crucial que es este paso para consolidar tu proyecto [&hellip;]","og_url":"https:\/\/www.ucatolica.edu.co\/portal\/impulsa-tu-historia-profesional-haz-match-con-tu-carrera\/","og_site_name":"Universidad Cat\u00f3lica De Colombia","article_publisher":"https:\/\/www.facebook.com\/ucatolicacolombia","article_published_time":"2026-01-22T21:20:34+00:00","og_image":[{"width":870,"height":522,"url":"https:\/\/www.ucatolica.edu.co\/portal\/wp-content\/uploads\/2026\/01\/Dsos-estudiantes-felices.jpg","type":"image\/jpeg"}],"author":"Leidy Dayanna Jaramillo Tavera","twitter_card":"summary_large_image","twitter_creator":"@UCatolicaCol","twitter_site":"@UCatolicaCol","twitter_misc":{"Escrito por":"Leidy Dayanna Jaramillo Tavera","Tiempo de lectura":"2 minutos"},"schema":{"@context":"https:\/\/schema.org","@graph":[{"@type":"Article","@id":"https:\/\/www.ucatolica.edu.co\/portal\/impulsa-tu-historia-profesional-haz-match-con-tu-carrera\/#article","isPartOf":{"@id":"https:\/\/www.ucatolica.edu.co\/portal\/impulsa-tu-historia-profesional-haz-match-con-tu-carrera\/"},"author":{"name":"Leidy Dayanna Jaramillo Tavera","@id":"https:\/\/www.ucatolica.edu.co\/portal\/#\/schema\/person\/c03ebc5b4f80ce7b8947aa9ddece408a"},"headline":"Impulsa tu historia profesional en el D\u00eda de Puertas Abiertas: \u00a1Haz match con tu carrera!","datePublished":"2026-01-22T21:20:34+00:00","mainEntityOfPage":{"@id":"https:\/\/www.ucatolica.edu.co\/portal\/impulsa-tu-historia-profesional-haz-match-con-tu-carrera\/"},"wordCount":355,"commentCount":0,"publisher":{"@id":"https:\/\/www.ucatolica.edu.co\/portal\/#organization"},"image":{"@id":"https:\/\/www.ucatolica.edu.co\/portal\/impulsa-tu-historia-profesional-haz-match-con-tu-carrera\/#primaryimage"},"thumbnailUrl":"https:\/\/www.ucatolica.edu.co\/portal\/wp-content\/uploads\/2026\/01\/Dsos-estudiantes-felices.jpg","keywords":["Haz match con tu carrera","matr\u00edculas abiertas","Pregrado"],"articleSection":["Noticias Principales"],"inLanguage":"es-CO"},{"@type":"WebPage","@id":"https:\/\/www.ucatolica.edu.co\/portal\/impulsa-tu-historia-profesional-haz-match-con-tu-carrera\/","url":"https:\/\/www.ucatolica.edu.co\/portal\/impulsa-tu-historia-profesional-haz-match-con-tu-carrera\/","name":"Impulsa tu historia profesional en el D\u00eda de Puertas Abiertas: \u00a1Haz match con tu carrera! - Universidad Cat\u00f3lica De Colombia","isPartOf":{"@id":"https:\/\/www.ucatolica.edu.co\/portal\/#website"},"primaryImageOfPage":{"@id":"https:\/\/www.ucatolica.edu.co\/portal\/impulsa-tu-historia-profesional-haz-match-con-tu-carrera\/#primaryimage"},"image":{"@id":"https:\/\/www.ucatolica.edu.co\/portal\/impulsa-tu-historia-profesional-haz-match-con-tu-carrera\/#primaryimage"},"thumbnailUrl":"https:\/\/www.ucatolica.edu.co\/portal\/wp-content\/uploads\/2026\/01\/Dsos-estudiantes-felices.jpg","datePublished":"2026-01-22T21:20:34+00:00","breadcrumb":{"@id":"https:\/\/www.ucatolica.edu.co\/portal\/impulsa-tu-historia-profesional-haz-match-con-tu-carrera\/#breadcrumb"},"inLanguage":"es-CO","potentialAction":[{"@type":"ReadAction","target":["https:\/\/www.ucatolica.edu.co\/portal\/impulsa-tu-historia-profesional-haz-match-con-tu-carrera\/"]}]},{"@type":"ImageObject","inLanguage":"es-CO","@id":"https:\/\/www.ucatolica.edu.co\/portal\/impulsa-tu-historia-profesional-haz-match-con-tu-carrera\/#primaryimage","url":"https:\/\/www.ucatolica.edu.co\/portal\/wp-content\/uploads\/2026\/01\/Dsos-estudiantes-felices.jpg","contentUrl":"https:\/\/www.ucatolica.edu.co\/portal\/wp-content\/uploads\/2026\/01\/Dsos-estudiantes-felices.jpg","width":870,"height":522},{"@type":"BreadcrumbList","@id":"https:\/\/www.ucatolica.edu.co\/portal\/impulsa-tu-historia-profesional-haz-match-con-tu-carrera\/#breadcrumb","itemListElement":[{"@type":"ListItem","position":1,"name":"Inicio","item":"https:\/\/www.ucatolica.edu.co\/portal\/"},{"@type":"ListItem","position":2,"name":"Impulsa tu historia profesional en el D\u00eda de Puertas Abiertas: \u00a1Haz match con tu carrera!"}]},{"@type":"WebSite","@id":"https:\/\/www.ucatolica.edu.co\/portal\/#website","url":"https:\/\/www.ucatolica.edu.co\/portal\/","name":"Universidad Cat\u00f3lica De Colombia","description":"Universidad Cat\u00f3lica De Colombia","publisher":{"@id":"https:\/\/www.ucatolica.edu.co\/portal\/#organization"},"potentialAction":[{"@type":"SearchAction","target":{"@type":"EntryPoint","urlTemplate":"https:\/\/www.ucatolica.edu.co\/portal\/?s={search_term_string}"},"query-input":{"@type":"PropertyValueSpecification","valueRequired":true,"valueName":"search_term_string"}}],"inLanguage":"es-CO"},{"@type":"Organization","@id":"https:\/\/www.ucatolica.edu.co\/portal\/#organization","name":"Universidad Cat\u00f3lica de Colombia","url":"https:\/\/www.ucatolica.edu.co\/portal\/","logo":{"@type":"ImageObject","inLanguage":"es-CO","@id":"https:\/\/www.ucatolica.edu.co\/portal\/#\/schema\/logo\/image\/","url":"https:\/\/www.ucatolica.edu.co\/portal\/wp-content\/uploads\/2021\/06\/logo-header-ho-1.svg","contentUrl":"https:\/\/www.ucatolica.edu.co\/portal\/wp-content\/uploads\/2021\/06\/logo-header-ho-1.svg","width":1,"height":1,"caption":"Universidad Cat\u00f3lica de Colombia"},"image":{"@id":"https:\/\/www.ucatolica.edu.co\/portal\/#\/schema\/logo\/image\/"},"sameAs":["https:\/\/www.facebook.com\/ucatolicacolombia","https:\/\/x.com\/UCatolicaCol","https:\/\/www.instagram.com\/universidadcatolicadecolombia\/","https:\/\/www.linkedin.com\/company\/universidadcatolicadecolombia\/","https:\/\/www.youtube.com\/user\/UCatolicaCo"]},{"@type":"Person","@id":"https:\/\/www.ucatolica.edu.co\/portal\/#\/schema\/person\/c03ebc5b4f80ce7b8947aa9ddece408a","name":"Leidy Dayanna Jaramillo Tavera","url":"https:\/\/www.ucatolica.edu.co\/portal\/author\/dayana\/"}]}},"author_meta":{"display_name":"Leidy Dayanna Jaramillo Tavera","author_link":"https:\/\/www.ucatolica.edu.co\/portal\/author\/dayana\/"},"featured_img":"https:\/\/www.ucatolica.edu.co\/portal\/wp-content\/uploads\/2026\/01\/Dsos-estudiantes-felices.jpg","coauthors":[],"tax_additional":{"categories":{"linked":["<a href=\"https:\/\/www.ucatolica.edu.co\/portal\/category\/noticias-principales\/\" class=\"advgb-post-tax-term\">Noticias Principales<\/a>"],"unlinked":["<span class=\"advgb-post-tax-term\">Noticias Principales<\/span>"]},"tags":{"linked":["<a href=\"https:\/\/www.ucatolica.edu.co\/portal\/category\/noticias-principales\/\" class=\"advgb-post-tax-term\">Haz match con tu carrera<\/a>","<a href=\"https:\/\/www.ucatolica.edu.co\/portal\/category\/noticias-principales\/\" class=\"advgb-post-tax-term\">matr\u00edculas abiertas<\/a>","<a href=\"https:\/\/www.ucatolica.edu.co\/portal\/category\/noticias-principales\/\" class=\"advgb-post-tax-term\">Pregrado<\/a>"],"unlinked":["<span class=\"advgb-post-tax-term\">Haz match con tu carrera<\/span>","<span class=\"advgb-post-tax-term\">matr\u00edculas abiertas<\/span>","<span class=\"advgb-post-tax-term\">Pregrado<\/span>"]}},"comment_count":"0","relative_dates":{"created":"Posted 3 meses ago","modified":"Updated 3 meses ago"},"absolute_dates":{"created":"Posted on 22 enero, 2026","modified":"Updated on 22 enero, 2026"},"absolute_dates_time":{"created":"Posted on 22 enero, 2026 4:20 pm","modified":"Updated on 22 enero, 2026 4:20 pm"},"featured_img_caption":"","series_order":"","_links":{"self":[{"href":"https:\/\/www.ucatolica.edu.co\/portal\/wp-json\/wp\/v2\/posts\/128807","targetHints":{"allow":["GET"]}}],"collection":[{"href":"https:\/\/www.ucatolica.edu.co\/portal\/wp-json\/wp\/v2\/posts"}],"about":[{"href":"https:\/\/www.ucatolica.edu.co\/portal\/wp-json\/wp\/v2\/types\/post"}],"author":[{"embeddable":true,"href":"https:\/\/www.ucatolica.edu.co\/portal\/wp-json\/wp\/v2\/users\/61"}],"replies":[{"embeddable":true,"href":"https:\/\/www.ucatolica.edu.co\/portal\/wp-json\/wp\/v2\/comments?post=128807"}],"version-history":[{"count":4,"href":"https:\/\/www.ucatolica.edu.co\/portal\/wp-json\/wp\/v2\/posts\/128807\/revisions"}],"predecessor-version":[{"id":128812,"href":"https:\/\/www.ucatolica.edu.co\/portal\/wp-json\/wp\/v2\/posts\/128807\/revisions\/128812"}],"wp:featuredmedia":[{"embeddable":true,"href":"https:\/\/www.ucatolica.edu.co\/portal\/wp-json\/wp\/v2\/media\/128808"}],"wp:attachment":[{"href":"https:\/\/www.ucatolica.edu.co\/portal\/wp-json\/wp\/v2\/media?parent=128807"}],"wp:term":[{"taxonomy":"category","embeddable":true,"href":"https:\/\/www.ucatolica.edu.co\/portal\/wp-json\/wp\/v2\/categories?post=128807"},{"taxonomy":"post_tag","embeddable":true,"href":"https:\/\/www.ucatolica.edu.co\/portal\/wp-json\/wp\/v2\/tags?post=128807"}],"curies":[{"name":"wp","href":"https:\/\/api.w.org\/{rel}","templated":true}]}}