{"id":128814,"date":"2026-01-08T14:43:58","date_gmt":"2026-01-08T19:43:58","guid":{"rendered":"https:\/\/www.ucatolica.edu.co\/portal\/?p=128814"},"modified":"2026-01-08T14:50:43","modified_gmt":"2026-01-08T19:50:43","slug":"sobrecostos-y-retrasos-en-obras-publicas-un-desafio-que-exige-una-gerencia-de-obras-especializada-en-colombia","status":"publish","type":"post","link":"https:\/\/www.ucatolica.edu.co\/portal\/sobrecostos-y-retrasos-en-obras-publicas-un-desafio-que-exige-una-gerencia-de-obras-especializada-en-colombia\/","title":{"rendered":"Sobrecostos y retrasos en obras p\u00fablicas: un desaf\u00edo que exige una gerencia de obras especializada en Colombia"},"content":{"rendered":"\n<p>Los sobrecostos, retrasos y obras inconclusas contin\u00faan siendo uno de los principales desaf\u00edos para el desarrollo de la infraestructura en Colombia, no solo por sus implicaciones t\u00e9cnicas, sino por las debilidades en la planificaci\u00f3n, ejecuci\u00f3n y gesti\u00f3n de las obras. Estas situaciones afectan proyectos viales, parques urbanos y edificaciones p\u00fablicas, generando impactos fiscales y sociales que se traducen en p\u00e9rdida de valor p\u00fablico, deterioro del espacio urbano y desconfianza ciudadana frente a la administraci\u00f3n de los recursos.<\/p>\n\n\n\n<h4 class=\"wp-block-heading\">La gerencia de obras como eje de soluci\u00f3n<\/h4>\n\n\n\n<p>Este panorama no es exclusivo del contexto colombiano, tal como lo explica Oscar Pinto Celis, docente de la Especializaci\u00f3n en Gerencia de Obras: &#8220;Esta es una problem\u00e1tica mundial. Hemos visto como colapsan puentes en China, Estados Unidos e Italia\u2026 y eso no significa que sea una ingenier\u00eda deficiente&#8221;. En palabras del profesor, estos casos evidencian que la gesti\u00f3n de proyectos sigue siendo <em>\u201c<\/em>una ciencia todav\u00eda por desarrollar<em>\u201d<\/em>, lo que refuerza la necesidad de fortalecer las capacidades gerenciales en el sector de la construcci\u00f3n.<\/p>\n\n\n\n<p>De igual manera, Pinto Celis hace hincapi\u00e9 que el reto del sector no es solo contar con m\u00e1s tecnolog\u00eda o m\u00e1s personal, sino con una direcci\u00f3n estrat\u00e9gica: <em>\u201c<\/em>Podemos tener los computadores m\u00e1s veloces, la inteligencia artificial m\u00e1s desarrollada y los mejores softwares, pero si no hay un buen gerente, otro equipo con menos herramientas lo puede lograr<em>\u201d<\/em>, afirma.<\/p>\n\n\n\n<p>En este contexto, la <a href=\"https:\/\/www.ucatolica.edu.co\/portal\/Especializacion\/especializacion-en-gerencia-de-obras\/\">Especializaci\u00f3n en Gerencia de Obras de la Universidad Cat\u00f3lica de Colombia<\/a> responde a las necesidades actuales, formando profesionales capaces de liderar y gestionar proyectos de construcci\u00f3n con una visi\u00f3n integral, que articula lo t\u00e9cnico, lo financiero, lo contractual y lo humano.<\/p>\n\n\n\n<h4 class=\"wp-block-heading\">Los problemas del costo, tiempo y alcance<\/h4>\n\n\n\n<p>En Bogot\u00e1, una obra que refleja esta problem\u00e1tica es el Parque Metropolitano El Porvenir\u2013Gibraltar, ubicado en la localidad de Kennedy. Seg\u00fan <em>Caracol Radio<\/em>, el proyecto presenta retrasos significativos y dificultades para avanzar conforme a lo previsto, con un progreso menor al esperado y la apertura de una investigaci\u00f3n disciplinaria por parte de la Personer\u00eda de Bogot\u00e1 ante la demora en las aprobaciones de las modificaciones necesarias para garantizar la continuidad de las obras y por inconsistencias en los estudios t\u00e9cnicos iniciales.<\/p>\n\n\n\n<p>Amplia la informaci\u00f3n aqu\u00ed: <a href=\"https:\/\/caracol.com.co\/2025\/12\/16\/abren-segunda-investigacion-por-demoras-y-falta-de-recursos-en-obras-del-parque-gibraltar-en-bogota\/\">https:\/\/caracol.com.co\/2025\/12\/16\/abren-segunda-investigacion-por-demoras-y-falta-de-recursos-en-obras-del-parque-gibraltar-en-bogota\/<\/a><\/p>\n\n\n\n<p>Frente a este escenario, el profesor Pinto Celis advierte que con frecuencia los actores del sector est\u00e1n <em>\u201c<\/em>inmersos en la obra, en las actividades del d\u00eda a d\u00eda, sin saber realmente para d\u00f3nde van o a qu\u00e9 le est\u00e1n apuntando<em>\u201d<\/em>, una condici\u00f3n que termina afectando el alcance, los costos y los tiempos de los proyectos.<\/p>\n\n\n\n<p>De acuerdo con el docente, estas problem\u00e1ticas demuestran que las fallas no responden \u00fanicamente a aspectos t\u00e9cnicos, sino a la ausencia de una gerencia integral.<\/p>\n\n\n\n<h4 class=\"wp-block-heading\">Formaci\u00f3n y sostenibilidad en la infraestructura p\u00fablica<\/h4>\n\n\n\n<p>Desde esta perspectiva, la formaci\u00f3n en Gerencia de Obras adquiere relevancia al alinearse con los Objetivos de Desarrollo Sostenible (ODS). Tal como se\u00f1ala el profesor, <em>\u201c<\/em>la Universidad tiene ese norte tambi\u00e9n: c\u00f3mo ayudamos desde nuestra experiencia y conocimiento a generar un entorno mucho mejor para el planeta<em>\u201d<\/em>, especialmente en temas relacionados con infraestructura, vivienda, saneamiento b\u00e1sico y desarrollo urbano.<\/p>\n\n\n\n<p>En este sentido, la planeaci\u00f3n, el control de costos y el liderazgo t\u00e9cnico se consolidan como competencias indispensables para reducir los riesgos, mejorar la eficiencia en el uso de los recursos p\u00fablicos y garantizar que las obras p\u00fablicas cumplan su prop\u00f3sito social.<\/p>\n\n\n\n<p>Si deseas fortalecer tu perfil profesional, ampliar tus oportunidades laborales y adquirir herramientas pr\u00e1cticas para liderar proyectos de construcci\u00f3n de manera integral, la Especializaci\u00f3n en Gerencia de Obras de la Universidad Cat\u00f3lica de Colombia es el siguiente paso en tu formaci\u00f3n.<\/p>\n\n\n\n<p>\ud83d\udce9 Escr\u00edbenos y recibe asesor\u00eda personalizada sobre el programa, horarios y proceso de inscripci\u00f3n\ud83d\udc49<a href=\"https:\/\/wa.me\/573160244066\" target=\"_blank\" rel=\"noreferrer noopener\">https:\/\/wa.me\/573160244066<\/a><\/p>\n\n\n\n<p>Da el siguiente paso en tu desarrollo profesional y aporta a una gesti\u00f3n de obras m\u00e1s eficiente, responsable y sostenible para el pa\u00eds.<\/p>\n\n\n\n<p><\/p>\n","protected":false},"excerpt":{"rendered":"<p>Los sobrecostos, retrasos y obras inconclusas contin\u00faan siendo uno de los principales desaf\u00edos para el desarrollo de la infraestructura en Colombia, no solo por sus implicaciones t\u00e9cnicas, sino por las debilidades en la planificaci\u00f3n, ejecuci\u00f3n y gesti\u00f3n de las obras. Estas situaciones afectan proyectos viales, parques urbanos y edificaciones p\u00fablicas, generando impactos fiscales y sociales [&hellip;]<\/p>\n","protected":false},"author":61,"featured_media":128815,"comment_status":"open","ping_status":"open","sticky":false,"template":"","format":"standard","meta":{"_acf_changed":false,"advgb_blocks_editor_width":"","advgb_blocks_columns_visual_guide":"","footnotes":""},"categories":[93],"tags":[],"class_list":["post-128814","post","type-post","status-publish","format-standard","has-post-thumbnail","hentry","category-noticias-principales"],"acf":[],"yoast_head":"<!-- This site is optimized with the Yoast SEO plugin v26.7 - https:\/\/yoast.com\/wordpress\/plugins\/seo\/ -->\n<title>Sobrecostos y retrasos en obras p\u00fablicas: un desaf\u00edo que exige una gerencia de obras especializada en Colombia - Universidad Cat\u00f3lica De Colombia<\/title>\n<meta name=\"robots\" content=\"index, follow, max-snippet:-1, max-image-preview:large, max-video-preview:-1\" \/>\n<link rel=\"canonical\" href=\"https:\/\/www.ucatolica.edu.co\/portal\/sobrecostos-y-retrasos-en-obras-publicas-un-desafio-que-exige-una-gerencia-de-obras-especializada-en-colombia\/\" \/>\n<meta property=\"og:locale\" content=\"es_ES\" \/>\n<meta property=\"og:type\" content=\"article\" \/>\n<meta property=\"og:title\" content=\"Sobrecostos y retrasos en obras p\u00fablicas: un desaf\u00edo que exige una gerencia de obras especializada en Colombia - Universidad Cat\u00f3lica De Colombia\" \/>\n<meta property=\"og:description\" content=\"Los sobrecostos, retrasos y obras inconclusas contin\u00faan siendo uno de los principales desaf\u00edos para el desarrollo de la infraestructura en Colombia, no solo por sus implicaciones t\u00e9cnicas, sino por las debilidades en la planificaci\u00f3n, ejecuci\u00f3n y gesti\u00f3n de las obras. Estas situaciones afectan proyectos viales, parques urbanos y edificaciones p\u00fablicas, generando impactos fiscales y sociales [&hellip;]\" \/>\n<meta property=\"og:url\" content=\"https:\/\/www.ucatolica.edu.co\/portal\/sobrecostos-y-retrasos-en-obras-publicas-un-desafio-que-exige-una-gerencia-de-obras-especializada-en-colombia\/\" \/>\n<meta property=\"og:site_name\" content=\"Universidad Cat\u00f3lica De Colombia\" \/>\n<meta property=\"article:publisher\" content=\"https:\/\/www.facebook.com\/ucatolicacolombia\" \/>\n<meta property=\"article:published_time\" content=\"2026-01-08T19:43:58+00:00\" \/>\n<meta property=\"article:modified_time\" content=\"2026-01-08T19:50:43+00:00\" \/>\n<meta property=\"og:image\" content=\"https:\/\/www.ucatolica.edu.co\/portal\/wp-content\/uploads\/2026\/01\/Gerente-de-Obras-navegando-en-el-computador.jpg\" \/>\n\t<meta property=\"og:image:width\" content=\"870\" \/>\n\t<meta property=\"og:image:height\" content=\"522\" \/>\n\t<meta property=\"og:image:type\" content=\"image\/jpeg\" \/>\n<meta name=\"author\" content=\"Leidy Dayanna Jaramillo Tavera\" \/>\n<meta name=\"twitter:card\" content=\"summary_large_image\" \/>\n<meta name=\"twitter:creator\" content=\"@UCatolicaCol\" \/>\n<meta name=\"twitter:site\" content=\"@UCatolicaCol\" \/>\n<meta name=\"twitter:label1\" content=\"Escrito por\" \/>\n\t<meta name=\"twitter:data1\" content=\"Leidy Dayanna Jaramillo Tavera\" \/>\n\t<meta name=\"twitter:label2\" content=\"Tiempo de lectura\" \/>\n\t<meta name=\"twitter:data2\" content=\"4 minutos\" \/>\n<script type=\"application\/ld+json\" class=\"yoast-schema-graph\">{\"@context\":\"https:\/\/schema.org\",\"@graph\":[{\"@type\":\"Article\",\"@id\":\"https:\/\/www.ucatolica.edu.co\/portal\/sobrecostos-y-retrasos-en-obras-publicas-un-desafio-que-exige-una-gerencia-de-obras-especializada-en-colombia\/#article\",\"isPartOf\":{\"@id\":\"https:\/\/www.ucatolica.edu.co\/portal\/sobrecostos-y-retrasos-en-obras-publicas-un-desafio-que-exige-una-gerencia-de-obras-especializada-en-colombia\/\"},\"author\":{\"name\":\"Leidy Dayanna Jaramillo Tavera\",\"@id\":\"https:\/\/www.ucatolica.edu.co\/portal\/#\/schema\/person\/c03ebc5b4f80ce7b8947aa9ddece408a\"},\"headline\":\"Sobrecostos y retrasos en obras p\u00fablicas: un desaf\u00edo que exige una gerencia de obras especializada en Colombia\",\"datePublished\":\"2026-01-08T19:43:58+00:00\",\"dateModified\":\"2026-01-08T19:50:43+00:00\",\"mainEntityOfPage\":{\"@id\":\"https:\/\/www.ucatolica.edu.co\/portal\/sobrecostos-y-retrasos-en-obras-publicas-un-desafio-que-exige-una-gerencia-de-obras-especializada-en-colombia\/\"},\"wordCount\":722,\"commentCount\":0,\"publisher\":{\"@id\":\"https:\/\/www.ucatolica.edu.co\/portal\/#organization\"},\"image\":{\"@id\":\"https:\/\/www.ucatolica.edu.co\/portal\/sobrecostos-y-retrasos-en-obras-publicas-un-desafio-que-exige-una-gerencia-de-obras-especializada-en-colombia\/#primaryimage\"},\"thumbnailUrl\":\"https:\/\/www.ucatolica.edu.co\/portal\/wp-content\/uploads\/2026\/01\/Gerente-de-Obras-navegando-en-el-computador.jpg\",\"articleSection\":[\"Noticias Principales\"],\"inLanguage\":\"es-CO\"},{\"@type\":\"WebPage\",\"@id\":\"https:\/\/www.ucatolica.edu.co\/portal\/sobrecostos-y-retrasos-en-obras-publicas-un-desafio-que-exige-una-gerencia-de-obras-especializada-en-colombia\/\",\"url\":\"https:\/\/www.ucatolica.edu.co\/portal\/sobrecostos-y-retrasos-en-obras-publicas-un-desafio-que-exige-una-gerencia-de-obras-especializada-en-colombia\/\",\"name\":\"Sobrecostos y retrasos en obras p\u00fablicas: un desaf\u00edo que exige una gerencia de obras especializada en Colombia - Universidad Cat\u00f3lica De Colombia\",\"isPartOf\":{\"@id\":\"https:\/\/www.ucatolica.edu.co\/portal\/#website\"},\"primaryImageOfPage\":{\"@id\":\"https:\/\/www.ucatolica.edu.co\/portal\/sobrecostos-y-retrasos-en-obras-publicas-un-desafio-que-exige-una-gerencia-de-obras-especializada-en-colombia\/#primaryimage\"},\"image\":{\"@id\":\"https:\/\/www.ucatolica.edu.co\/portal\/sobrecostos-y-retrasos-en-obras-publicas-un-desafio-que-exige-una-gerencia-de-obras-especializada-en-colombia\/#primaryimage\"},\"thumbnailUrl\":\"https:\/\/www.ucatolica.edu.co\/portal\/wp-content\/uploads\/2026\/01\/Gerente-de-Obras-navegando-en-el-computador.jpg\",\"datePublished\":\"2026-01-08T19:43:58+00:00\",\"dateModified\":\"2026-01-08T19:50:43+00:00\",\"breadcrumb\":{\"@id\":\"https:\/\/www.ucatolica.edu.co\/portal\/sobrecostos-y-retrasos-en-obras-publicas-un-desafio-que-exige-una-gerencia-de-obras-especializada-en-colombia\/#breadcrumb\"},\"inLanguage\":\"es-CO\",\"potentialAction\":[{\"@type\":\"ReadAction\",\"target\":[\"https:\/\/www.ucatolica.edu.co\/portal\/sobrecostos-y-retrasos-en-obras-publicas-un-desafio-que-exige-una-gerencia-de-obras-especializada-en-colombia\/\"]}]},{\"@type\":\"ImageObject\",\"inLanguage\":\"es-CO\",\"@id\":\"https:\/\/www.ucatolica.edu.co\/portal\/sobrecostos-y-retrasos-en-obras-publicas-un-desafio-que-exige-una-gerencia-de-obras-especializada-en-colombia\/#primaryimage\",\"url\":\"https:\/\/www.ucatolica.edu.co\/portal\/wp-content\/uploads\/2026\/01\/Gerente-de-Obras-navegando-en-el-computador.jpg\",\"contentUrl\":\"https:\/\/www.ucatolica.edu.co\/portal\/wp-content\/uploads\/2026\/01\/Gerente-de-Obras-navegando-en-el-computador.jpg\",\"width\":870,\"height\":522,\"caption\":\"Gerente de Obras navegando en el computador\"},{\"@type\":\"BreadcrumbList\",\"@id\":\"https:\/\/www.ucatolica.edu.co\/portal\/sobrecostos-y-retrasos-en-obras-publicas-un-desafio-que-exige-una-gerencia-de-obras-especializada-en-colombia\/#breadcrumb\",\"itemListElement\":[{\"@type\":\"ListItem\",\"position\":1,\"name\":\"Inicio\",\"item\":\"https:\/\/www.ucatolica.edu.co\/portal\/\"},{\"@type\":\"ListItem\",\"position\":2,\"name\":\"Sobrecostos y retrasos en obras p\u00fablicas: un desaf\u00edo que exige una gerencia de obras especializada en Colombia\"}]},{\"@type\":\"WebSite\",\"@id\":\"https:\/\/www.ucatolica.edu.co\/portal\/#website\",\"url\":\"https:\/\/www.ucatolica.edu.co\/portal\/\",\"name\":\"Universidad Cat\u00f3lica De Colombia\",\"description\":\"Universidad Cat\u00f3lica De Colombia\",\"publisher\":{\"@id\":\"https:\/\/www.ucatolica.edu.co\/portal\/#organization\"},\"potentialAction\":[{\"@type\":\"SearchAction\",\"target\":{\"@type\":\"EntryPoint\",\"urlTemplate\":\"https:\/\/www.ucatolica.edu.co\/portal\/?s={search_term_string}\"},\"query-input\":{\"@type\":\"PropertyValueSpecification\",\"valueRequired\":true,\"valueName\":\"search_term_string\"}}],\"inLanguage\":\"es-CO\"},{\"@type\":\"Organization\",\"@id\":\"https:\/\/www.ucatolica.edu.co\/portal\/#organization\",\"name\":\"Universidad Cat\u00f3lica de Colombia\",\"url\":\"https:\/\/www.ucatolica.edu.co\/portal\/\",\"logo\":{\"@type\":\"ImageObject\",\"inLanguage\":\"es-CO\",\"@id\":\"https:\/\/www.ucatolica.edu.co\/portal\/#\/schema\/logo\/image\/\",\"url\":\"https:\/\/www.ucatolica.edu.co\/portal\/wp-content\/uploads\/2021\/06\/logo-header-ho-1.svg\",\"contentUrl\":\"https:\/\/www.ucatolica.edu.co\/portal\/wp-content\/uploads\/2021\/06\/logo-header-ho-1.svg\",\"width\":1,\"height\":1,\"caption\":\"Universidad Cat\u00f3lica de Colombia\"},\"image\":{\"@id\":\"https:\/\/www.ucatolica.edu.co\/portal\/#\/schema\/logo\/image\/\"},\"sameAs\":[\"https:\/\/www.facebook.com\/ucatolicacolombia\",\"https:\/\/x.com\/UCatolicaCol\",\"https:\/\/www.instagram.com\/universidadcatolicadecolombia\/\",\"https:\/\/www.linkedin.com\/company\/universidadcatolicadecolombia\/\",\"https:\/\/www.youtube.com\/user\/UCatolicaCo\"]},{\"@type\":\"Person\",\"@id\":\"https:\/\/www.ucatolica.edu.co\/portal\/#\/schema\/person\/c03ebc5b4f80ce7b8947aa9ddece408a\",\"name\":\"Leidy Dayanna Jaramillo Tavera\",\"url\":\"https:\/\/www.ucatolica.edu.co\/portal\/author\/dayana\/\"}]}<\/script>\n<!-- \/ Yoast SEO plugin. -->","yoast_head_json":{"title":"Sobrecostos y retrasos en obras p\u00fablicas: un desaf\u00edo que exige una gerencia de obras especializada en Colombia - Universidad Cat\u00f3lica De Colombia","robots":{"index":"index","follow":"follow","max-snippet":"max-snippet:-1","max-image-preview":"max-image-preview:large","max-video-preview":"max-video-preview:-1"},"canonical":"https:\/\/www.ucatolica.edu.co\/portal\/sobrecostos-y-retrasos-en-obras-publicas-un-desafio-que-exige-una-gerencia-de-obras-especializada-en-colombia\/","og_locale":"es_ES","og_type":"article","og_title":"Sobrecostos y retrasos en obras p\u00fablicas: un desaf\u00edo que exige una gerencia de obras especializada en Colombia - Universidad Cat\u00f3lica De Colombia","og_description":"Los sobrecostos, retrasos y obras inconclusas contin\u00faan siendo uno de los principales desaf\u00edos para el desarrollo de la infraestructura en Colombia, no solo por sus implicaciones t\u00e9cnicas, sino por las debilidades en la planificaci\u00f3n, ejecuci\u00f3n y gesti\u00f3n de las obras. Estas situaciones afectan proyectos viales, parques urbanos y edificaciones p\u00fablicas, generando impactos fiscales y sociales [&hellip;]","og_url":"https:\/\/www.ucatolica.edu.co\/portal\/sobrecostos-y-retrasos-en-obras-publicas-un-desafio-que-exige-una-gerencia-de-obras-especializada-en-colombia\/","og_site_name":"Universidad Cat\u00f3lica De Colombia","article_publisher":"https:\/\/www.facebook.com\/ucatolicacolombia","article_published_time":"2026-01-08T19:43:58+00:00","article_modified_time":"2026-01-08T19:50:43+00:00","og_image":[{"width":870,"height":522,"url":"https:\/\/www.ucatolica.edu.co\/portal\/wp-content\/uploads\/2026\/01\/Gerente-de-Obras-navegando-en-el-computador.jpg","type":"image\/jpeg"}],"author":"Leidy Dayanna Jaramillo Tavera","twitter_card":"summary_large_image","twitter_creator":"@UCatolicaCol","twitter_site":"@UCatolicaCol","twitter_misc":{"Escrito por":"Leidy Dayanna Jaramillo Tavera","Tiempo de lectura":"4 minutos"},"schema":{"@context":"https:\/\/schema.org","@graph":[{"@type":"Article","@id":"https:\/\/www.ucatolica.edu.co\/portal\/sobrecostos-y-retrasos-en-obras-publicas-un-desafio-que-exige-una-gerencia-de-obras-especializada-en-colombia\/#article","isPartOf":{"@id":"https:\/\/www.ucatolica.edu.co\/portal\/sobrecostos-y-retrasos-en-obras-publicas-un-desafio-que-exige-una-gerencia-de-obras-especializada-en-colombia\/"},"author":{"name":"Leidy Dayanna Jaramillo Tavera","@id":"https:\/\/www.ucatolica.edu.co\/portal\/#\/schema\/person\/c03ebc5b4f80ce7b8947aa9ddece408a"},"headline":"Sobrecostos y retrasos en obras p\u00fablicas: un desaf\u00edo que exige una gerencia de obras especializada en Colombia","datePublished":"2026-01-08T19:43:58+00:00","dateModified":"2026-01-08T19:50:43+00:00","mainEntityOfPage":{"@id":"https:\/\/www.ucatolica.edu.co\/portal\/sobrecostos-y-retrasos-en-obras-publicas-un-desafio-que-exige-una-gerencia-de-obras-especializada-en-colombia\/"},"wordCount":722,"commentCount":0,"publisher":{"@id":"https:\/\/www.ucatolica.edu.co\/portal\/#organization"},"image":{"@id":"https:\/\/www.ucatolica.edu.co\/portal\/sobrecostos-y-retrasos-en-obras-publicas-un-desafio-que-exige-una-gerencia-de-obras-especializada-en-colombia\/#primaryimage"},"thumbnailUrl":"https:\/\/www.ucatolica.edu.co\/portal\/wp-content\/uploads\/2026\/01\/Gerente-de-Obras-navegando-en-el-computador.jpg","articleSection":["Noticias Principales"],"inLanguage":"es-CO"},{"@type":"WebPage","@id":"https:\/\/www.ucatolica.edu.co\/portal\/sobrecostos-y-retrasos-en-obras-publicas-un-desafio-que-exige-una-gerencia-de-obras-especializada-en-colombia\/","url":"https:\/\/www.ucatolica.edu.co\/portal\/sobrecostos-y-retrasos-en-obras-publicas-un-desafio-que-exige-una-gerencia-de-obras-especializada-en-colombia\/","name":"Sobrecostos y retrasos en obras p\u00fablicas: un desaf\u00edo que exige una gerencia de obras especializada en Colombia - Universidad Cat\u00f3lica De Colombia","isPartOf":{"@id":"https:\/\/www.ucatolica.edu.co\/portal\/#website"},"primaryImageOfPage":{"@id":"https:\/\/www.ucatolica.edu.co\/portal\/sobrecostos-y-retrasos-en-obras-publicas-un-desafio-que-exige-una-gerencia-de-obras-especializada-en-colombia\/#primaryimage"},"image":{"@id":"https:\/\/www.ucatolica.edu.co\/portal\/sobrecostos-y-retrasos-en-obras-publicas-un-desafio-que-exige-una-gerencia-de-obras-especializada-en-colombia\/#primaryimage"},"thumbnailUrl":"https:\/\/www.ucatolica.edu.co\/portal\/wp-content\/uploads\/2026\/01\/Gerente-de-Obras-navegando-en-el-computador.jpg","datePublished":"2026-01-08T19:43:58+00:00","dateModified":"2026-01-08T19:50:43+00:00","breadcrumb":{"@id":"https:\/\/www.ucatolica.edu.co\/portal\/sobrecostos-y-retrasos-en-obras-publicas-un-desafio-que-exige-una-gerencia-de-obras-especializada-en-colombia\/#breadcrumb"},"inLanguage":"es-CO","potentialAction":[{"@type":"ReadAction","target":["https:\/\/www.ucatolica.edu.co\/portal\/sobrecostos-y-retrasos-en-obras-publicas-un-desafio-que-exige-una-gerencia-de-obras-especializada-en-colombia\/"]}]},{"@type":"ImageObject","inLanguage":"es-CO","@id":"https:\/\/www.ucatolica.edu.co\/portal\/sobrecostos-y-retrasos-en-obras-publicas-un-desafio-que-exige-una-gerencia-de-obras-especializada-en-colombia\/#primaryimage","url":"https:\/\/www.ucatolica.edu.co\/portal\/wp-content\/uploads\/2026\/01\/Gerente-de-Obras-navegando-en-el-computador.jpg","contentUrl":"https:\/\/www.ucatolica.edu.co\/portal\/wp-content\/uploads\/2026\/01\/Gerente-de-Obras-navegando-en-el-computador.jpg","width":870,"height":522,"caption":"Gerente de Obras navegando en el computador"},{"@type":"BreadcrumbList","@id":"https:\/\/www.ucatolica.edu.co\/portal\/sobrecostos-y-retrasos-en-obras-publicas-un-desafio-que-exige-una-gerencia-de-obras-especializada-en-colombia\/#breadcrumb","itemListElement":[{"@type":"ListItem","position":1,"name":"Inicio","item":"https:\/\/www.ucatolica.edu.co\/portal\/"},{"@type":"ListItem","position":2,"name":"Sobrecostos y retrasos en obras p\u00fablicas: un desaf\u00edo que exige una gerencia de obras especializada en Colombia"}]},{"@type":"WebSite","@id":"https:\/\/www.ucatolica.edu.co\/portal\/#website","url":"https:\/\/www.ucatolica.edu.co\/portal\/","name":"Universidad Cat\u00f3lica De Colombia","description":"Universidad Cat\u00f3lica De Colombia","publisher":{"@id":"https:\/\/www.ucatolica.edu.co\/portal\/#organization"},"potentialAction":[{"@type":"SearchAction","target":{"@type":"EntryPoint","urlTemplate":"https:\/\/www.ucatolica.edu.co\/portal\/?s={search_term_string}"},"query-input":{"@type":"PropertyValueSpecification","valueRequired":true,"valueName":"search_term_string"}}],"inLanguage":"es-CO"},{"@type":"Organization","@id":"https:\/\/www.ucatolica.edu.co\/portal\/#organization","name":"Universidad Cat\u00f3lica de Colombia","url":"https:\/\/www.ucatolica.edu.co\/portal\/","logo":{"@type":"ImageObject","inLanguage":"es-CO","@id":"https:\/\/www.ucatolica.edu.co\/portal\/#\/schema\/logo\/image\/","url":"https:\/\/www.ucatolica.edu.co\/portal\/wp-content\/uploads\/2021\/06\/logo-header-ho-1.svg","contentUrl":"https:\/\/www.ucatolica.edu.co\/portal\/wp-content\/uploads\/2021\/06\/logo-header-ho-1.svg","width":1,"height":1,"caption":"Universidad Cat\u00f3lica de Colombia"},"image":{"@id":"https:\/\/www.ucatolica.edu.co\/portal\/#\/schema\/logo\/image\/"},"sameAs":["https:\/\/www.facebook.com\/ucatolicacolombia","https:\/\/x.com\/UCatolicaCol","https:\/\/www.instagram.com\/universidadcatolicadecolombia\/","https:\/\/www.linkedin.com\/company\/universidadcatolicadecolombia\/","https:\/\/www.youtube.com\/user\/UCatolicaCo"]},{"@type":"Person","@id":"https:\/\/www.ucatolica.edu.co\/portal\/#\/schema\/person\/c03ebc5b4f80ce7b8947aa9ddece408a","name":"Leidy Dayanna Jaramillo Tavera","url":"https:\/\/www.ucatolica.edu.co\/portal\/author\/dayana\/"}]}},"author_meta":{"display_name":"Leidy Dayanna Jaramillo Tavera","author_link":"https:\/\/www.ucatolica.edu.co\/portal\/author\/dayana\/"},"featured_img":"https:\/\/www.ucatolica.edu.co\/portal\/wp-content\/uploads\/2026\/01\/Gerente-de-Obras-navegando-en-el-computador.jpg","coauthors":[],"tax_additional":{"categories":{"linked":["<a href=\"https:\/\/www.ucatolica.edu.co\/portal\/category\/noticias-principales\/\" class=\"advgb-post-tax-term\">Noticias Principales<\/a>"],"unlinked":["<span class=\"advgb-post-tax-term\">Noticias Principales<\/span>"]}},"comment_count":"0","relative_dates":{"created":"Posted 4 meses ago","modified":"Updated 4 meses ago"},"absolute_dates":{"created":"Posted on 8 enero, 2026","modified":"Updated on 8 enero, 2026"},"absolute_dates_time":{"created":"Posted on 8 enero, 2026 2:43 pm","modified":"Updated on 8 enero, 2026 2:50 pm"},"featured_img_caption":"","series_order":"","_links":{"self":[{"href":"https:\/\/www.ucatolica.edu.co\/portal\/wp-json\/wp\/v2\/posts\/128814","targetHints":{"allow":["GET"]}}],"collection":[{"href":"https:\/\/www.ucatolica.edu.co\/portal\/wp-json\/wp\/v2\/posts"}],"about":[{"href":"https:\/\/www.ucatolica.edu.co\/portal\/wp-json\/wp\/v2\/types\/post"}],"author":[{"embeddable":true,"href":"https:\/\/www.ucatolica.edu.co\/portal\/wp-json\/wp\/v2\/users\/61"}],"replies":[{"embeddable":true,"href":"https:\/\/www.ucatolica.edu.co\/portal\/wp-json\/wp\/v2\/comments?post=128814"}],"version-history":[{"count":5,"href":"https:\/\/www.ucatolica.edu.co\/portal\/wp-json\/wp\/v2\/posts\/128814\/revisions"}],"predecessor-version":[{"id":128822,"href":"https:\/\/www.ucatolica.edu.co\/portal\/wp-json\/wp\/v2\/posts\/128814\/revisions\/128822"}],"wp:featuredmedia":[{"embeddable":true,"href":"https:\/\/www.ucatolica.edu.co\/portal\/wp-json\/wp\/v2\/media\/128815"}],"wp:attachment":[{"href":"https:\/\/www.ucatolica.edu.co\/portal\/wp-json\/wp\/v2\/media?parent=128814"}],"wp:term":[{"taxonomy":"category","embeddable":true,"href":"https:\/\/www.ucatolica.edu.co\/portal\/wp-json\/wp\/v2\/categories?post=128814"},{"taxonomy":"post_tag","embeddable":true,"href":"https:\/\/www.ucatolica.edu.co\/portal\/wp-json\/wp\/v2\/tags?post=128814"}],"curies":[{"name":"wp","href":"https:\/\/api.w.org\/{rel}","templated":true}]}}