{"id":128941,"date":"2026-01-15T17:37:47","date_gmt":"2026-01-15T22:37:47","guid":{"rendered":"https:\/\/www.ucatolica.edu.co\/portal\/?p=128941"},"modified":"2026-01-15T17:37:48","modified_gmt":"2026-01-15T22:37:48","slug":"la-educacion-no-tiene-fronteras-movilidad-docente-fortalece-el-bilinguismo-en-la-universidad-catolica-de-colombia","status":"publish","type":"post","link":"https:\/\/www.ucatolica.edu.co\/portal\/la-educacion-no-tiene-fronteras-movilidad-docente-fortalece-el-bilinguismo-en-la-universidad-catolica-de-colombia\/","title":{"rendered":"La educaci\u00f3n no tiene fronteras: movilidad docente fortalece el biling\u00fcismo en la Universidad Cat\u00f3lica de Colombia"},"content":{"rendered":"\n<p>Del 20 de octubre al 10 de noviembre de 2025, la Universidad Cat\u00f3lica de Colombia recibi\u00f3 al profesor Joel Hern\u00e1ndez, docente de la <strong>Universidad Polit\u00e9cnica Bicentenario (UPB) de Guanajuato, M\u00e9xico<\/strong>, quien realiz\u00f3 una movilidad docente presencial en el Instituto de Lenguas, aportando al fortalecimiento del biling\u00fcismo y al intercambio acad\u00e9mico y cultural.<\/p>\n\n\n\n<p>Durante su estancia, el profesor Hern\u00e1ndez se integr\u00f3 al curso <strong>Independent English<\/strong>, un espacio acad\u00e9mico que re\u00fane a estudiantes de diferentes programas de la Universidad. Su objetivo principal fue potenciar la competencia ling\u00fc\u00edstica en ingl\u00e9s mediante estrategias pedag\u00f3gicas innovadoras, impulsadas a trav\u00e9s de actividades l\u00fadicas, juegos did\u00e1cticos y din\u00e1micas participativas que permitieron a los estudiantes adquirir nuevas t\u00e9cnicas para dialogar con mayor fluidez en esta importante lengua.<\/p>\n\n\n\n<p>Adem\u00e1s del trabajo realizado en aula, el profesor Joel particip\u00f3 activamente en diversas actividades acad\u00e9micas y culturales del Instituto de Lenguas. Entre ellas se destacan los espacios de <strong>co-teaching con docentes de la Universidad, un taller cultural sobre el D\u00eda de Muertos<\/strong>, que permiti\u00f3 un acercamiento a las tradiciones mexicanas, y un taller de <strong>Public Speaking<\/strong>, orientado al fortalecimiento de habilidades comunicativas de los estudiantes en contextos acad\u00e9micos y profesionales.<\/p>\n\n\n\n<p>Estos encuentros promovieron el aprendizaje colaborativo, el di\u00e1logo intercultural y el intercambio de buenas pr\u00e1cticas pedag\u00f3gicas, generando un impacto positivo tanto en estudiantes como en docentes. Cabe resaltar que este tipo de movilidades se hacen posibles gracias a la gesti\u00f3n articulada de la <strong>Oficina de Relaciones Internacionales e Interinstitucionales y el Instituto de Lenguas<\/strong> de la Universidad Cat\u00f3lica de Colombia.<\/p>\n\n\n\n<figure class=\"wp-block-gallery has-nested-images columns-default is-cropped wp-block-gallery-1 is-layout-flex wp-block-gallery-is-layout-flex\">\n<figure class=\"wp-block-image size-large\"><img fetchpriority=\"high\" decoding=\"async\" width=\"870\" height=\"522\" data-id=\"128944\" src=\"https:\/\/www.ucatolica.edu.co\/portal\/wp-content\/uploads\/2026\/01\/Movilidad-docente-fortalece-el-bilinguismo-en-los-estudiantes-de-la-UCatolicaCo.png\" alt=\"\" class=\"wp-image-128944\" srcset=\"https:\/\/www.ucatolica.edu.co\/portal\/wp-content\/uploads\/2026\/01\/Movilidad-docente-fortalece-el-bilinguismo-en-los-estudiantes-de-la-UCatolicaCo.png 870w, https:\/\/www.ucatolica.edu.co\/portal\/wp-content\/uploads\/2026\/01\/Movilidad-docente-fortalece-el-bilinguismo-en-los-estudiantes-de-la-UCatolicaCo-768x461.png 768w\" sizes=\"(max-width: 870px) 100vw, 870px\" \/><\/figure>\n\n\n\n<figure class=\"wp-block-image size-large\"><img decoding=\"async\" width=\"870\" height=\"522\" data-id=\"128943\" src=\"https:\/\/www.ucatolica.edu.co\/portal\/wp-content\/uploads\/2026\/01\/Movilidad-docente-fortalece-el-bilinguismo-en-la-Universidad-Catolica-de-Colombia.png\" alt=\"\" class=\"wp-image-128943\" srcset=\"https:\/\/www.ucatolica.edu.co\/portal\/wp-content\/uploads\/2026\/01\/Movilidad-docente-fortalece-el-bilinguismo-en-la-Universidad-Catolica-de-Colombia.png 870w, https:\/\/www.ucatolica.edu.co\/portal\/wp-content\/uploads\/2026\/01\/Movilidad-docente-fortalece-el-bilinguismo-en-la-Universidad-Catolica-de-Colombia-768x461.png 768w\" sizes=\"(max-width: 870px) 100vw, 870px\" \/><\/figure>\n<\/figure>\n\n\n\n<p>Desde la Universidad Polit\u00e9cnica Bicentenario, tambi\u00e9n se destac\u00f3 esta experiencia como una oportunidad significativa de crecimiento profesional y cultural. En palabras compartidas por la instituci\u00f3n mexicana, el profesor <strong>Joel Hern\u00e1ndez <\/strong>vivi\u00f3 una experiencia de movilidad internacional enriquecedora, llevando consigo lo mejor de las tradiciones y costumbres de su pa\u00eds, al tiempo que comparti\u00f3 sus conocimientos del idioma ingl\u00e9s con la comunidad universitaria colombiana.<\/p>\n\n\n\n<p>Con iniciativas como esta, la Universidad Cat\u00f3lica de Colombia contin\u00faa fortaleciendo su compromiso con la internacionalizaci\u00f3n, el biling\u00fcismo y la formaci\u00f3n integral, promoviendo espacios de encuentro que ampl\u00edan la mirada acad\u00e9mica y cultural de su comunidad.<\/p>\n","protected":false},"excerpt":{"rendered":"<p>Del 20 de octubre al 10 de noviembre de 2025, la Universidad Cat\u00f3lica de Colombia recibi\u00f3 al profesor Joel Hern\u00e1ndez, docente de la Universidad Polit\u00e9cnica Bicentenario (UPB) de Guanajuato, M\u00e9xico, quien realiz\u00f3 una movilidad docente presencial en el Instituto de Lenguas, aportando al fortalecimiento del biling\u00fcismo y al intercambio acad\u00e9mico y cultural. Durante su estancia, [&hellip;]<\/p>\n","protected":false},"author":65,"featured_media":128942,"comment_status":"open","ping_status":"open","sticky":false,"template":"","format":"standard","meta":{"_acf_changed":false,"advgb_blocks_editor_width":"","advgb_blocks_columns_visual_guide":"","footnotes":""},"categories":[595,93,531],"tags":[591,152,468,479],"class_list":["post-128941","post","type-post","status-publish","format-standard","has-post-thumbnail","hentry","category-instituto-de-lenguas","category-noticias-principales","category-orii","tag-instituto-de-lenguas","tag-internacionalizacion","tag-movilidad-academica","tag-orii"],"acf":[],"yoast_head":"<!-- This site is optimized with the Yoast SEO plugin v26.7 - https:\/\/yoast.com\/wordpress\/plugins\/seo\/ -->\n<title>La educaci\u00f3n no tiene fronteras: movilidad docente fortalece el biling\u00fcismo en la Universidad Cat\u00f3lica de Colombia - Universidad Cat\u00f3lica De Colombia<\/title>\n<meta name=\"robots\" content=\"index, follow, max-snippet:-1, max-image-preview:large, max-video-preview:-1\" \/>\n<link rel=\"canonical\" href=\"https:\/\/www.ucatolica.edu.co\/portal\/la-educacion-no-tiene-fronteras-movilidad-docente-fortalece-el-bilinguismo-en-la-universidad-catolica-de-colombia\/\" \/>\n<meta property=\"og:locale\" content=\"es_ES\" \/>\n<meta property=\"og:type\" content=\"article\" \/>\n<meta property=\"og:title\" content=\"La educaci\u00f3n no tiene fronteras: movilidad docente fortalece el biling\u00fcismo en la Universidad Cat\u00f3lica de Colombia - Universidad Cat\u00f3lica De Colombia\" \/>\n<meta property=\"og:description\" content=\"Del 20 de octubre al 10 de noviembre de 2025, la Universidad Cat\u00f3lica de Colombia recibi\u00f3 al profesor Joel Hern\u00e1ndez, docente de la Universidad Polit\u00e9cnica Bicentenario (UPB) de Guanajuato, M\u00e9xico, quien realiz\u00f3 una movilidad docente presencial en el Instituto de Lenguas, aportando al fortalecimiento del biling\u00fcismo y al intercambio acad\u00e9mico y cultural. Durante su estancia, [&hellip;]\" \/>\n<meta property=\"og:url\" content=\"https:\/\/www.ucatolica.edu.co\/portal\/la-educacion-no-tiene-fronteras-movilidad-docente-fortalece-el-bilinguismo-en-la-universidad-catolica-de-colombia\/\" \/>\n<meta property=\"og:site_name\" content=\"Universidad Cat\u00f3lica De Colombia\" \/>\n<meta property=\"article:publisher\" content=\"https:\/\/www.facebook.com\/ucatolicacolombia\" \/>\n<meta property=\"article:published_time\" content=\"2026-01-15T22:37:47+00:00\" \/>\n<meta property=\"article:modified_time\" content=\"2026-01-15T22:37:48+00:00\" \/>\n<meta property=\"og:image\" content=\"https:\/\/www.ucatolica.edu.co\/portal\/wp-content\/uploads\/2026\/01\/movilidad-docente-fortalece-el-bilinguismo-en-la-UCatolicaCo.png\" \/>\n\t<meta property=\"og:image:width\" content=\"870\" \/>\n\t<meta property=\"og:image:height\" content=\"522\" \/>\n\t<meta property=\"og:image:type\" content=\"image\/png\" \/>\n<meta name=\"author\" content=\"Juan Jos\u00e9 Franco\" \/>\n<meta name=\"twitter:card\" content=\"summary_large_image\" \/>\n<meta name=\"twitter:creator\" content=\"@UCatolicaCol\" \/>\n<meta name=\"twitter:site\" content=\"@UCatolicaCol\" \/>\n<meta name=\"twitter:label1\" content=\"Escrito por\" \/>\n\t<meta name=\"twitter:data1\" content=\"Juan Jos\u00e9 Franco\" \/>\n\t<meta name=\"twitter:label2\" content=\"Tiempo de lectura\" \/>\n\t<meta name=\"twitter:data2\" content=\"2 minutos\" \/>\n<script type=\"application\/ld+json\" class=\"yoast-schema-graph\">{\"@context\":\"https:\/\/schema.org\",\"@graph\":[{\"@type\":\"Article\",\"@id\":\"https:\/\/www.ucatolica.edu.co\/portal\/la-educacion-no-tiene-fronteras-movilidad-docente-fortalece-el-bilinguismo-en-la-universidad-catolica-de-colombia\/#article\",\"isPartOf\":{\"@id\":\"https:\/\/www.ucatolica.edu.co\/portal\/la-educacion-no-tiene-fronteras-movilidad-docente-fortalece-el-bilinguismo-en-la-universidad-catolica-de-colombia\/\"},\"author\":{\"name\":\"Juan Jos\u00e9 Franco\",\"@id\":\"https:\/\/www.ucatolica.edu.co\/portal\/#\/schema\/person\/2fe10d3836c8b18a520cbf458d96a728\"},\"headline\":\"La educaci\u00f3n no tiene fronteras: movilidad docente fortalece el biling\u00fcismo en la Universidad Cat\u00f3lica de Colombia\",\"datePublished\":\"2026-01-15T22:37:47+00:00\",\"dateModified\":\"2026-01-15T22:37:48+00:00\",\"mainEntityOfPage\":{\"@id\":\"https:\/\/www.ucatolica.edu.co\/portal\/la-educacion-no-tiene-fronteras-movilidad-docente-fortalece-el-bilinguismo-en-la-universidad-catolica-de-colombia\/\"},\"wordCount\":403,\"commentCount\":0,\"publisher\":{\"@id\":\"https:\/\/www.ucatolica.edu.co\/portal\/#organization\"},\"image\":{\"@id\":\"https:\/\/www.ucatolica.edu.co\/portal\/la-educacion-no-tiene-fronteras-movilidad-docente-fortalece-el-bilinguismo-en-la-universidad-catolica-de-colombia\/#primaryimage\"},\"thumbnailUrl\":\"https:\/\/www.ucatolica.edu.co\/portal\/wp-content\/uploads\/2026\/01\/movilidad-docente-fortalece-el-bilinguismo-en-la-UCatolicaCo.png\",\"keywords\":[\"Instituto de Lenguas\",\"Internacionalizaci\u00f3n\",\"movilidad acad\u00e9mica\",\"ORII\"],\"articleSection\":[\"Instituto de Lenguas\",\"Noticias Principales\",\"ORII\"],\"inLanguage\":\"es-CO\"},{\"@type\":\"WebPage\",\"@id\":\"https:\/\/www.ucatolica.edu.co\/portal\/la-educacion-no-tiene-fronteras-movilidad-docente-fortalece-el-bilinguismo-en-la-universidad-catolica-de-colombia\/\",\"url\":\"https:\/\/www.ucatolica.edu.co\/portal\/la-educacion-no-tiene-fronteras-movilidad-docente-fortalece-el-bilinguismo-en-la-universidad-catolica-de-colombia\/\",\"name\":\"La educaci\u00f3n no tiene fronteras: movilidad docente fortalece el biling\u00fcismo en la Universidad Cat\u00f3lica de Colombia - Universidad Cat\u00f3lica De Colombia\",\"isPartOf\":{\"@id\":\"https:\/\/www.ucatolica.edu.co\/portal\/#website\"},\"primaryImageOfPage\":{\"@id\":\"https:\/\/www.ucatolica.edu.co\/portal\/la-educacion-no-tiene-fronteras-movilidad-docente-fortalece-el-bilinguismo-en-la-universidad-catolica-de-colombia\/#primaryimage\"},\"image\":{\"@id\":\"https:\/\/www.ucatolica.edu.co\/portal\/la-educacion-no-tiene-fronteras-movilidad-docente-fortalece-el-bilinguismo-en-la-universidad-catolica-de-colombia\/#primaryimage\"},\"thumbnailUrl\":\"https:\/\/www.ucatolica.edu.co\/portal\/wp-content\/uploads\/2026\/01\/movilidad-docente-fortalece-el-bilinguismo-en-la-UCatolicaCo.png\",\"datePublished\":\"2026-01-15T22:37:47+00:00\",\"dateModified\":\"2026-01-15T22:37:48+00:00\",\"breadcrumb\":{\"@id\":\"https:\/\/www.ucatolica.edu.co\/portal\/la-educacion-no-tiene-fronteras-movilidad-docente-fortalece-el-bilinguismo-en-la-universidad-catolica-de-colombia\/#breadcrumb\"},\"inLanguage\":\"es-CO\",\"potentialAction\":[{\"@type\":\"ReadAction\",\"target\":[\"https:\/\/www.ucatolica.edu.co\/portal\/la-educacion-no-tiene-fronteras-movilidad-docente-fortalece-el-bilinguismo-en-la-universidad-catolica-de-colombia\/\"]}]},{\"@type\":\"ImageObject\",\"inLanguage\":\"es-CO\",\"@id\":\"https:\/\/www.ucatolica.edu.co\/portal\/la-educacion-no-tiene-fronteras-movilidad-docente-fortalece-el-bilinguismo-en-la-universidad-catolica-de-colombia\/#primaryimage\",\"url\":\"https:\/\/www.ucatolica.edu.co\/portal\/wp-content\/uploads\/2026\/01\/movilidad-docente-fortalece-el-bilinguismo-en-la-UCatolicaCo.png\",\"contentUrl\":\"https:\/\/www.ucatolica.edu.co\/portal\/wp-content\/uploads\/2026\/01\/movilidad-docente-fortalece-el-bilinguismo-en-la-UCatolicaCo.png\",\"width\":870,\"height\":522},{\"@type\":\"BreadcrumbList\",\"@id\":\"https:\/\/www.ucatolica.edu.co\/portal\/la-educacion-no-tiene-fronteras-movilidad-docente-fortalece-el-bilinguismo-en-la-universidad-catolica-de-colombia\/#breadcrumb\",\"itemListElement\":[{\"@type\":\"ListItem\",\"position\":1,\"name\":\"Inicio\",\"item\":\"https:\/\/www.ucatolica.edu.co\/portal\/\"},{\"@type\":\"ListItem\",\"position\":2,\"name\":\"La educaci\u00f3n no tiene fronteras: movilidad docente fortalece el biling\u00fcismo en la Universidad Cat\u00f3lica de Colombia\"}]},{\"@type\":\"WebSite\",\"@id\":\"https:\/\/www.ucatolica.edu.co\/portal\/#website\",\"url\":\"https:\/\/www.ucatolica.edu.co\/portal\/\",\"name\":\"Universidad Cat\u00f3lica De Colombia\",\"description\":\"Universidad Cat\u00f3lica De Colombia\",\"publisher\":{\"@id\":\"https:\/\/www.ucatolica.edu.co\/portal\/#organization\"},\"potentialAction\":[{\"@type\":\"SearchAction\",\"target\":{\"@type\":\"EntryPoint\",\"urlTemplate\":\"https:\/\/www.ucatolica.edu.co\/portal\/?s={search_term_string}\"},\"query-input\":{\"@type\":\"PropertyValueSpecification\",\"valueRequired\":true,\"valueName\":\"search_term_string\"}}],\"inLanguage\":\"es-CO\"},{\"@type\":\"Organization\",\"@id\":\"https:\/\/www.ucatolica.edu.co\/portal\/#organization\",\"name\":\"Universidad Cat\u00f3lica de Colombia\",\"url\":\"https:\/\/www.ucatolica.edu.co\/portal\/\",\"logo\":{\"@type\":\"ImageObject\",\"inLanguage\":\"es-CO\",\"@id\":\"https:\/\/www.ucatolica.edu.co\/portal\/#\/schema\/logo\/image\/\",\"url\":\"https:\/\/www.ucatolica.edu.co\/portal\/wp-content\/uploads\/2021\/06\/logo-header-ho-1.svg\",\"contentUrl\":\"https:\/\/www.ucatolica.edu.co\/portal\/wp-content\/uploads\/2021\/06\/logo-header-ho-1.svg\",\"width\":1,\"height\":1,\"caption\":\"Universidad Cat\u00f3lica de Colombia\"},\"image\":{\"@id\":\"https:\/\/www.ucatolica.edu.co\/portal\/#\/schema\/logo\/image\/\"},\"sameAs\":[\"https:\/\/www.facebook.com\/ucatolicacolombia\",\"https:\/\/x.com\/UCatolicaCol\",\"https:\/\/www.instagram.com\/universidadcatolicadecolombia\/\",\"https:\/\/www.linkedin.com\/company\/universidadcatolicadecolombia\/\",\"https:\/\/www.youtube.com\/user\/UCatolicaCo\"]},{\"@type\":\"Person\",\"@id\":\"https:\/\/www.ucatolica.edu.co\/portal\/#\/schema\/person\/2fe10d3836c8b18a520cbf458d96a728\",\"name\":\"Juan Jos\u00e9 Franco\",\"url\":\"https:\/\/www.ucatolica.edu.co\/portal\/author\/juan\/\"}]}<\/script>\n<!-- \/ Yoast SEO plugin. -->","yoast_head_json":{"title":"La educaci\u00f3n no tiene fronteras: movilidad docente fortalece el biling\u00fcismo en la Universidad Cat\u00f3lica de Colombia - Universidad Cat\u00f3lica De Colombia","robots":{"index":"index","follow":"follow","max-snippet":"max-snippet:-1","max-image-preview":"max-image-preview:large","max-video-preview":"max-video-preview:-1"},"canonical":"https:\/\/www.ucatolica.edu.co\/portal\/la-educacion-no-tiene-fronteras-movilidad-docente-fortalece-el-bilinguismo-en-la-universidad-catolica-de-colombia\/","og_locale":"es_ES","og_type":"article","og_title":"La educaci\u00f3n no tiene fronteras: movilidad docente fortalece el biling\u00fcismo en la Universidad Cat\u00f3lica de Colombia - Universidad Cat\u00f3lica De Colombia","og_description":"Del 20 de octubre al 10 de noviembre de 2025, la Universidad Cat\u00f3lica de Colombia recibi\u00f3 al profesor Joel Hern\u00e1ndez, docente de la Universidad Polit\u00e9cnica Bicentenario (UPB) de Guanajuato, M\u00e9xico, quien realiz\u00f3 una movilidad docente presencial en el Instituto de Lenguas, aportando al fortalecimiento del biling\u00fcismo y al intercambio acad\u00e9mico y cultural. Durante su estancia, [&hellip;]","og_url":"https:\/\/www.ucatolica.edu.co\/portal\/la-educacion-no-tiene-fronteras-movilidad-docente-fortalece-el-bilinguismo-en-la-universidad-catolica-de-colombia\/","og_site_name":"Universidad Cat\u00f3lica De Colombia","article_publisher":"https:\/\/www.facebook.com\/ucatolicacolombia","article_published_time":"2026-01-15T22:37:47+00:00","article_modified_time":"2026-01-15T22:37:48+00:00","og_image":[{"width":870,"height":522,"url":"https:\/\/www.ucatolica.edu.co\/portal\/wp-content\/uploads\/2026\/01\/movilidad-docente-fortalece-el-bilinguismo-en-la-UCatolicaCo.png","type":"image\/png"}],"author":"Juan Jos\u00e9 Franco","twitter_card":"summary_large_image","twitter_creator":"@UCatolicaCol","twitter_site":"@UCatolicaCol","twitter_misc":{"Escrito por":"Juan Jos\u00e9 Franco","Tiempo de lectura":"2 minutos"},"schema":{"@context":"https:\/\/schema.org","@graph":[{"@type":"Article","@id":"https:\/\/www.ucatolica.edu.co\/portal\/la-educacion-no-tiene-fronteras-movilidad-docente-fortalece-el-bilinguismo-en-la-universidad-catolica-de-colombia\/#article","isPartOf":{"@id":"https:\/\/www.ucatolica.edu.co\/portal\/la-educacion-no-tiene-fronteras-movilidad-docente-fortalece-el-bilinguismo-en-la-universidad-catolica-de-colombia\/"},"author":{"name":"Juan Jos\u00e9 Franco","@id":"https:\/\/www.ucatolica.edu.co\/portal\/#\/schema\/person\/2fe10d3836c8b18a520cbf458d96a728"},"headline":"La educaci\u00f3n no tiene fronteras: movilidad docente fortalece el biling\u00fcismo en la Universidad Cat\u00f3lica de Colombia","datePublished":"2026-01-15T22:37:47+00:00","dateModified":"2026-01-15T22:37:48+00:00","mainEntityOfPage":{"@id":"https:\/\/www.ucatolica.edu.co\/portal\/la-educacion-no-tiene-fronteras-movilidad-docente-fortalece-el-bilinguismo-en-la-universidad-catolica-de-colombia\/"},"wordCount":403,"commentCount":0,"publisher":{"@id":"https:\/\/www.ucatolica.edu.co\/portal\/#organization"},"image":{"@id":"https:\/\/www.ucatolica.edu.co\/portal\/la-educacion-no-tiene-fronteras-movilidad-docente-fortalece-el-bilinguismo-en-la-universidad-catolica-de-colombia\/#primaryimage"},"thumbnailUrl":"https:\/\/www.ucatolica.edu.co\/portal\/wp-content\/uploads\/2026\/01\/movilidad-docente-fortalece-el-bilinguismo-en-la-UCatolicaCo.png","keywords":["Instituto de Lenguas","Internacionalizaci\u00f3n","movilidad acad\u00e9mica","ORII"],"articleSection":["Instituto de Lenguas","Noticias Principales","ORII"],"inLanguage":"es-CO"},{"@type":"WebPage","@id":"https:\/\/www.ucatolica.edu.co\/portal\/la-educacion-no-tiene-fronteras-movilidad-docente-fortalece-el-bilinguismo-en-la-universidad-catolica-de-colombia\/","url":"https:\/\/www.ucatolica.edu.co\/portal\/la-educacion-no-tiene-fronteras-movilidad-docente-fortalece-el-bilinguismo-en-la-universidad-catolica-de-colombia\/","name":"La educaci\u00f3n no tiene fronteras: movilidad docente fortalece el biling\u00fcismo en la Universidad Cat\u00f3lica de Colombia - Universidad Cat\u00f3lica De Colombia","isPartOf":{"@id":"https:\/\/www.ucatolica.edu.co\/portal\/#website"},"primaryImageOfPage":{"@id":"https:\/\/www.ucatolica.edu.co\/portal\/la-educacion-no-tiene-fronteras-movilidad-docente-fortalece-el-bilinguismo-en-la-universidad-catolica-de-colombia\/#primaryimage"},"image":{"@id":"https:\/\/www.ucatolica.edu.co\/portal\/la-educacion-no-tiene-fronteras-movilidad-docente-fortalece-el-bilinguismo-en-la-universidad-catolica-de-colombia\/#primaryimage"},"thumbnailUrl":"https:\/\/www.ucatolica.edu.co\/portal\/wp-content\/uploads\/2026\/01\/movilidad-docente-fortalece-el-bilinguismo-en-la-UCatolicaCo.png","datePublished":"2026-01-15T22:37:47+00:00","dateModified":"2026-01-15T22:37:48+00:00","breadcrumb":{"@id":"https:\/\/www.ucatolica.edu.co\/portal\/la-educacion-no-tiene-fronteras-movilidad-docente-fortalece-el-bilinguismo-en-la-universidad-catolica-de-colombia\/#breadcrumb"},"inLanguage":"es-CO","potentialAction":[{"@type":"ReadAction","target":["https:\/\/www.ucatolica.edu.co\/portal\/la-educacion-no-tiene-fronteras-movilidad-docente-fortalece-el-bilinguismo-en-la-universidad-catolica-de-colombia\/"]}]},{"@type":"ImageObject","inLanguage":"es-CO","@id":"https:\/\/www.ucatolica.edu.co\/portal\/la-educacion-no-tiene-fronteras-movilidad-docente-fortalece-el-bilinguismo-en-la-universidad-catolica-de-colombia\/#primaryimage","url":"https:\/\/www.ucatolica.edu.co\/portal\/wp-content\/uploads\/2026\/01\/movilidad-docente-fortalece-el-bilinguismo-en-la-UCatolicaCo.png","contentUrl":"https:\/\/www.ucatolica.edu.co\/portal\/wp-content\/uploads\/2026\/01\/movilidad-docente-fortalece-el-bilinguismo-en-la-UCatolicaCo.png","width":870,"height":522},{"@type":"BreadcrumbList","@id":"https:\/\/www.ucatolica.edu.co\/portal\/la-educacion-no-tiene-fronteras-movilidad-docente-fortalece-el-bilinguismo-en-la-universidad-catolica-de-colombia\/#breadcrumb","itemListElement":[{"@type":"ListItem","position":1,"name":"Inicio","item":"https:\/\/www.ucatolica.edu.co\/portal\/"},{"@type":"ListItem","position":2,"name":"La educaci\u00f3n no tiene fronteras: movilidad docente fortalece el biling\u00fcismo en la Universidad Cat\u00f3lica de Colombia"}]},{"@type":"WebSite","@id":"https:\/\/www.ucatolica.edu.co\/portal\/#website","url":"https:\/\/www.ucatolica.edu.co\/portal\/","name":"Universidad Cat\u00f3lica De Colombia","description":"Universidad Cat\u00f3lica De Colombia","publisher":{"@id":"https:\/\/www.ucatolica.edu.co\/portal\/#organization"},"potentialAction":[{"@type":"SearchAction","target":{"@type":"EntryPoint","urlTemplate":"https:\/\/www.ucatolica.edu.co\/portal\/?s={search_term_string}"},"query-input":{"@type":"PropertyValueSpecification","valueRequired":true,"valueName":"search_term_string"}}],"inLanguage":"es-CO"},{"@type":"Organization","@id":"https:\/\/www.ucatolica.edu.co\/portal\/#organization","name":"Universidad Cat\u00f3lica de Colombia","url":"https:\/\/www.ucatolica.edu.co\/portal\/","logo":{"@type":"ImageObject","inLanguage":"es-CO","@id":"https:\/\/www.ucatolica.edu.co\/portal\/#\/schema\/logo\/image\/","url":"https:\/\/www.ucatolica.edu.co\/portal\/wp-content\/uploads\/2021\/06\/logo-header-ho-1.svg","contentUrl":"https:\/\/www.ucatolica.edu.co\/portal\/wp-content\/uploads\/2021\/06\/logo-header-ho-1.svg","width":1,"height":1,"caption":"Universidad Cat\u00f3lica de Colombia"},"image":{"@id":"https:\/\/www.ucatolica.edu.co\/portal\/#\/schema\/logo\/image\/"},"sameAs":["https:\/\/www.facebook.com\/ucatolicacolombia","https:\/\/x.com\/UCatolicaCol","https:\/\/www.instagram.com\/universidadcatolicadecolombia\/","https:\/\/www.linkedin.com\/company\/universidadcatolicadecolombia\/","https:\/\/www.youtube.com\/user\/UCatolicaCo"]},{"@type":"Person","@id":"https:\/\/www.ucatolica.edu.co\/portal\/#\/schema\/person\/2fe10d3836c8b18a520cbf458d96a728","name":"Juan Jos\u00e9 Franco","url":"https:\/\/www.ucatolica.edu.co\/portal\/author\/juan\/"}]}},"author_meta":{"display_name":"Juan Jos\u00e9 Franco","author_link":"https:\/\/www.ucatolica.edu.co\/portal\/author\/juan\/"},"featured_img":"https:\/\/www.ucatolica.edu.co\/portal\/wp-content\/uploads\/2026\/01\/movilidad-docente-fortalece-el-bilinguismo-en-la-UCatolicaCo.png","coauthors":[],"tax_additional":{"categories":{"linked":["<a href=\"https:\/\/www.ucatolica.edu.co\/portal\/category\/instituto-de-lenguas\/\" class=\"advgb-post-tax-term\">Instituto de Lenguas<\/a>","<a href=\"https:\/\/www.ucatolica.edu.co\/portal\/category\/noticias-principales\/\" class=\"advgb-post-tax-term\">Noticias Principales<\/a>","<a href=\"https:\/\/www.ucatolica.edu.co\/portal\/category\/orii\/\" class=\"advgb-post-tax-term\">ORII<\/a>"],"unlinked":["<span class=\"advgb-post-tax-term\">Instituto de Lenguas<\/span>","<span class=\"advgb-post-tax-term\">Noticias Principales<\/span>","<span class=\"advgb-post-tax-term\">ORII<\/span>"]},"tags":{"linked":["<a href=\"https:\/\/www.ucatolica.edu.co\/portal\/category\/orii\/\" class=\"advgb-post-tax-term\">Instituto de Lenguas<\/a>","<a href=\"https:\/\/www.ucatolica.edu.co\/portal\/category\/orii\/\" class=\"advgb-post-tax-term\">Internacionalizaci\u00f3n<\/a>","<a href=\"https:\/\/www.ucatolica.edu.co\/portal\/category\/orii\/\" class=\"advgb-post-tax-term\">movilidad acad\u00e9mica<\/a>","<a href=\"https:\/\/www.ucatolica.edu.co\/portal\/category\/orii\/\" class=\"advgb-post-tax-term\">ORII<\/a>"],"unlinked":["<span class=\"advgb-post-tax-term\">Instituto de Lenguas<\/span>","<span class=\"advgb-post-tax-term\">Internacionalizaci\u00f3n<\/span>","<span class=\"advgb-post-tax-term\">movilidad acad\u00e9mica<\/span>","<span class=\"advgb-post-tax-term\">ORII<\/span>"]}},"comment_count":"0","relative_dates":{"created":"Posted 3 meses ago","modified":"Updated 3 meses ago"},"absolute_dates":{"created":"Posted on 15 enero, 2026","modified":"Updated on 15 enero, 2026"},"absolute_dates_time":{"created":"Posted on 15 enero, 2026 5:37 pm","modified":"Updated on 15 enero, 2026 5:37 pm"},"featured_img_caption":"","series_order":"","_links":{"self":[{"href":"https:\/\/www.ucatolica.edu.co\/portal\/wp-json\/wp\/v2\/posts\/128941","targetHints":{"allow":["GET"]}}],"collection":[{"href":"https:\/\/www.ucatolica.edu.co\/portal\/wp-json\/wp\/v2\/posts"}],"about":[{"href":"https:\/\/www.ucatolica.edu.co\/portal\/wp-json\/wp\/v2\/types\/post"}],"author":[{"embeddable":true,"href":"https:\/\/www.ucatolica.edu.co\/portal\/wp-json\/wp\/v2\/users\/65"}],"replies":[{"embeddable":true,"href":"https:\/\/www.ucatolica.edu.co\/portal\/wp-json\/wp\/v2\/comments?post=128941"}],"version-history":[{"count":1,"href":"https:\/\/www.ucatolica.edu.co\/portal\/wp-json\/wp\/v2\/posts\/128941\/revisions"}],"predecessor-version":[{"id":128945,"href":"https:\/\/www.ucatolica.edu.co\/portal\/wp-json\/wp\/v2\/posts\/128941\/revisions\/128945"}],"wp:featuredmedia":[{"embeddable":true,"href":"https:\/\/www.ucatolica.edu.co\/portal\/wp-json\/wp\/v2\/media\/128942"}],"wp:attachment":[{"href":"https:\/\/www.ucatolica.edu.co\/portal\/wp-json\/wp\/v2\/media?parent=128941"}],"wp:term":[{"taxonomy":"category","embeddable":true,"href":"https:\/\/www.ucatolica.edu.co\/portal\/wp-json\/wp\/v2\/categories?post=128941"},{"taxonomy":"post_tag","embeddable":true,"href":"https:\/\/www.ucatolica.edu.co\/portal\/wp-json\/wp\/v2\/tags?post=128941"}],"curies":[{"name":"wp","href":"https:\/\/api.w.org\/{rel}","templated":true}]}}